{"id":9955,"date":"2023-07-13T22:37:32","date_gmt":"2023-07-13T20:37:32","guid":{"rendered":"http:\/\/www.frederic-poitou.com\/blog\/?p=9955"},"modified":"2026-04-14T00:03:59","modified_gmt":"2026-04-13T22:03:59","slug":"ambitions-europeennes-en-matiere-de-biodiversite","status":"publish","type":"post","link":"https:\/\/www.frederic-poitou.com\/blog\/ambitions-europeennes-en-matiere-de-biodiversite\/","title":{"rendered":"AMBITIONS EUROP\u00c9ENNES EN MATI\u00c8RE DE BIODIVERSIT\u00c9"},"content":{"rendered":"<p>Article \u00e0 lire \u00e9galement sur mon site : <a href=\"https:\/\/euro-pa.fr\/ambitions-europeennes-en-matiere-de-biodiversite\/\" target=\"_blank\" rel=\"noopener\">EURO-PA<\/a><\/p>\n<p><b>L\u2019\u00e9tat des lieux<\/b><\/p>\n<p>Parmi les 4 \u00e9l\u00e9ments de la crise \u00e9cologique (changement climatique, chute de la biodiversit\u00e9, \u00e9puisement des ressources naturelles et crise sanitaire), l\u2019\u00e9puisement de la biodiversit\u00e9 est peut \u00eatre celui dont les cons\u00e9quences sont les plus irr\u00e9versibles car l\u2019homme ne peut plus r\u00e9introduire des esp\u00e8ces disparues. Or le rapport plan\u00e8te vivante 2020 du WWF insiste sur quelques indicateurs incontestables :<span class=\"Apple-converted-space\">\u00a0<\/span><\/p>\n<ul>\n<li>Les activit\u00e9s humaines ont contribu\u00e9 en moins d\u2019un demi-si\u00e8cle, au d\u00e9clin de 68% des populations.<\/li>\n<li>La production agricole qui repr\u00e9sente 80% de la d\u00e9forestation mondiale, est aussi responsable de l\u2019utilisation imma\u00eetris\u00e9e de 70% des r\u00e9serves d\u2019eau douce dont les milieux (zones humides, lac, riv\u00e8res et esp\u00e8ces qui en d\u00e9pendent) sont en d\u00e9clin de plus de 80% (atteignant m\u00eame 94% dans les r\u00e9gions tropicales des am\u00e9riques).<\/li>\n<li>moins d\u2019un quart des terres de la plan\u00e8te n\u2019est pas affect\u00e9 par les activit\u00e9s humaines<\/li>\n<\/ul>\n<p>Cet effondrement de la biodiversit\u00e9 est notamment li\u00e9 \u00e0 une restriction des espaces vitaux de ces esp\u00e8ces et le fonctionnement des \u00e9cosyst\u00e8mes par la d\u00e9gradation de la qualit\u00e9 des terres, la d\u00e9forestation, l&rsquo;expansion urbaine ou encore de l&rsquo;intensification de l&rsquo;agriculture et de la p\u00eache. Or, l\u2019extrapolation \u00e0 l\u2019environnement de ce que pr\u00e9conisait hippocrate conduit \u00e0 penser qu\u2019il <i>\u00ab\u00a0n\u2019y a pas d\u2019hommes en bonne sant\u00e9 sur une plan\u00e8te malade.\u00a0\u00bb<\/i><\/p>\n<p><b>La volont\u00e9 de la pr\u00e9sidente de la Commission Europ\u00e9enne<\/b><\/p>\n<p>D\u00e8s son \u00e9lection \u00e0 la pr\u00e9sidence de la Commission europ\u00e9enne en 2019, Ursula von der Leyen a fait de l&rsquo;\u00e9cologie le chantier majeur de son mandat en d\u00e9cidant de faire de l&rsquo;Union europ\u00e9enne la premi\u00e8re puissance verte mondiale, et l\u2019\u00e9pid\u00e9mie de Covid n\u2019a pas remis\u00e9 cette prorit\u00e9 au second plan.<span class=\"Apple-converted-space\">\u00a0<\/span><\/p>\n<p>Pour ce faire, \u00e0 la demande de sa pr\u00e9sidente, la Commisssion a d\u00e9fini le contenu du Pacte vert (\u00ab\u00a0Green Deal\u00a0\u00bb), orient\u00e9 autour d&rsquo;une ambition pour l&rsquo;UE : devenir climatiquement neutre \u00e0 l&rsquo;horizon 2050, en pr\u00e9voyant la mobilisation par l\u2019Union Europ\u00e9enne de 1000 milliards d\u2019euro en 10 ans, un budget consid\u00e9rable soumis \u00e0 suivi l\u00e9gislatif avec un objectif interm\u00e9diaire ambitieux : prot\u00e9ger 30\u00a0% des superficies marine et terrestre de l&rsquo;UE, notamment gr\u00e2ce au r\u00e9seau Natura 2000, \u00e0 l\u2019horizon 2030.<\/p>\n<p><b>Deux strat\u00e9gies convergentes et 4 piliers forts et structurants<\/b><\/p>\n<p>Le plan pr\u00e9sent\u00e9 par la Commission est construit sur deux strat\u00e9gies convergentes visant \u00e0 \u00ab\u00a0<i>renforcer la r\u00e9silience de l&rsquo;Europe en enrayant l&rsquo;appauvrissement de la biodiversit\u00e9 et en mettant en place un syst\u00e8me alimentaire sain et durable<\/i>\u00a0\u00bb.<\/p>\n<p>En r\u00e9sum\u00e9, c\u2019est favoriser une alimentation de qualit\u00e9 pour induire de facto le maintien, voire la restauration de la biodiversit\u00e9, et les proposition concr\u00e8tes sont bas\u00e9es sur 4 piliers forts et structurants :<\/p>\n<ul>\n<li>prot\u00e9ger et renouveler les \u00e9cosyst\u00e8mes (sur au moins 30% des surfaces terrestres et marines du territoire, dont 10% de mani\u00e8re strite et une tol\u00e9rance \u00ab\u00a0z\u00e9ro\u00a0\u00bb en mati\u00e8re de pratiques ill\u00e9gales d\u2019exploitation des ressources halieutiques<\/li>\n<li>Protection de la biodiversit\u00e9 \u00e0 travers une transition des pratiques agricles. Et la Commission d\u00e9clare pour ce faire, qu\u2019elle va <i>\u00ab\u00a0travailler avec les agriculteurs afin de soutenir et d\u2019encourager la transition vers des pratiques compl\u00e8tement durables\u00a0\u00bb <\/i>et pr\u00e9voit \u00ab\u00a0[qu&rsquo;] au moins 25% des territoires agricoles soient cultiv\u00e9es dans le cadre de l&rsquo;agriculture biologique d&rsquo;ici 2030\u00a0\u00bb, avec une r\u00e9duction de 50% de l\u2019utilisation des pesticides. La Commission pr\u00e9vois 20 milliards d\u2019Euros annuellement consacr\u00e9s \u00e0 ce volet via plusieurs programmes comme Life, Horizon Europe et Natura 2000.<\/li>\n<li>\u00e9cologisation des zones urbaines, afin d\u2019inciter les villes \u00e0 \u00ab\u00a0\u00e9cologiser l&rsquo;espace urbain\u00a0\u00bb en cr\u00e9ant des espaces verts publics (parcs, jardins\u2026), en \u0153uvrant pour la v\u00e9g\u00e9talisation de b\u00e2timents et la plantation d&rsquo;arbres dans les rues.<\/li>\n<li>investissements verts : Le dernier pilier de cette strat\u00e9gie se concentre sur le financmeent de la transition \u00e9nerg\u00e9tique qui pr\u00e9voit l\u2019investissement de 25% du budget pluriannuel (soit 40 milliards d\u2019euros)<\/li>\n<\/ul>\n<p><b>Une v\u00e9ritable ambition internationale, et un changement de paradigme.<\/b><\/p>\n<p>Avec ce programme, la Commission adopte une ambition internationale pour \u00ab\u00a0<i>\u00ab\u00a0jouer un r\u00f4le moteur dans la lutte contre la crise mondiale de la biodiversit\u00e9\u00a0\u00bb. <\/i>et entend m\u00eame confier \u00e0 sa diplomatie, par l\u2019interm\u00e9diaire du service europ\u00e9en pour l\u2019action ext\u00e9rieure (haut commissaire Josep Borrell)- un r\u00f4le de leader dans le respect des engagmenets pris au niveau mondial, les acords de Paris en particulier, allant m\u00eame jusqu\u2019\u00e0 affirmer que la \u00ab<i>la politique commerciale peut soutenir la transition \u00e9cologique\u00a0\u00bb<\/i>, une r\u00e9volution syntaxique dans le vocabulaire rarement \u00e9cologiste de la Commission !<\/p>\n<p>&nbsp;<\/p>\n<p>&nbsp;<\/p>\n<p style=\"text-align: center;\"><i>L&rsquo;intelligence collective d&rsquo;une \u00e9quipe vaut toujours plus que la somme des comp\u00e9tences qui la constituent,\u00a0<\/i>\u00a9 Euro-PA, 2015<\/p>\n<p>&nbsp;<\/p>\n","protected":false},"excerpt":{"rendered":"<p>Article \u00e0 lire \u00e9galement sur mon site : EURO-PA L\u2019\u00e9tat des lieux Parmi les 4 \u00e9l\u00e9ments de la crise \u00e9cologique (changement climatique, chute de la biodiversit\u00e9, \u00e9puisement des ressources naturelles et crise sanitaire), l\u2019\u00e9puisement de la biodiversit\u00e9 est peut \u00eatre &hellip; <a href=\"https:\/\/www.frederic-poitou.com\/blog\/ambitions-europeennes-en-matiere-de-biodiversite\/\">Lire la suite\u00ad\u00ad<\/a><\/p>\n","protected":false},"author":4,"featured_media":10016,"comment_status":"closed","ping_status":"open","sticky":false,"template":"","format":"standard","meta":{"kt_blocks_editor_width":"","_exactmetrics_skip_tracking":false,"_exactmetrics_sitenote_active":false,"_exactmetrics_sitenote_note":"","_exactmetrics_sitenote_category":0,"footnotes":""},"categories":[48,53,55],"tags":[],"class_list":["post-9955","post","type-post","status-publish","format-standard","has-post-thumbnail","hentry","category-accueil","category-ecologie","category-europe"],"yoast_head":"<!-- This site is optimized with the Yoast SEO plugin v27.1.1 - https:\/\/yoast.com\/product\/yoast-seo-wordpress\/ -->\n<title>AMBITIONS EUROP\u00c9ENNES EN MATI\u00c8RE DE BIODIVERSIT\u00c9 -<\/title>\n<meta name=\"robots\" content=\"index, follow, max-snippet:-1, max-image-preview:large, max-video-preview:-1\" \/>\n<link rel=\"canonical\" href=\"http:\/\/www.frederic-poitou.com\/blog\/ambitions-europeennes-en-matiere-de-biodiversite\/\" \/>\n<meta property=\"og:locale\" content=\"fr_FR\" \/>\n<meta property=\"og:type\" content=\"article\" \/>\n<meta property=\"og:title\" content=\"AMBITIONS EUROP\u00c9ENNES EN MATI\u00c8RE DE BIODIVERSIT\u00c9 -\" \/>\n<meta property=\"og:description\" content=\"Article \u00e0 lire \u00e9galement sur mon site : EURO-PA L\u2019\u00e9tat des lieux Parmi les 4 \u00e9l\u00e9ments de la crise \u00e9cologique (changement climatique, chute de la biodiversit\u00e9, \u00e9puisement des ressources naturelles et crise sanitaire), l\u2019\u00e9puisement de la biodiversit\u00e9 est peut \u00eatre &hellip; Lire la suite\u00ad\u00ad\" \/>\n<meta property=\"og:url\" content=\"http:\/\/www.frederic-poitou.com\/blog\/ambitions-europeennes-en-matiere-de-biodiversite\/\" \/>\n<meta property=\"article:publisher\" content=\"https:\/\/www.facebook.com\/frederic.poitou\/\" \/>\n<meta property=\"article:published_time\" content=\"2023-07-13T20:37:32+00:00\" \/>\n<meta property=\"article:modified_time\" content=\"2026-04-13T22:03:59+00:00\" \/>\n<meta property=\"og:image\" content=\"http:\/\/www.frederic-poitou.com\/blog\/wp-content\/2021\/02\/grasshopper-4493129_1280.jpg\" \/>\n\t<meta property=\"og:image:width\" content=\"1280\" \/>\n\t<meta property=\"og:image:height\" content=\"720\" \/>\n\t<meta property=\"og:image:type\" content=\"image\/jpeg\" \/>\n<meta name=\"author\" content=\"Fr\u00e9d\u00e9ric Poitou\" \/>\n<meta name=\"twitter:card\" content=\"summary_large_image\" \/>\n<meta name=\"twitter:creator\" content=\"@fredericpoitou\" \/>\n<meta name=\"twitter:site\" content=\"@fredericpoitou\" \/>\n<meta name=\"twitter:label1\" content=\"\u00c9crit par\" \/>\n\t<meta name=\"twitter:data1\" content=\"Fr\u00e9d\u00e9ric Poitou\" \/>\n\t<meta name=\"twitter:label2\" content=\"Dur\u00e9e de lecture estim\u00e9e\" \/>\n\t<meta name=\"twitter:data2\" content=\"4 minutes\" \/>\n<script type=\"application\/ld+json\" class=\"yoast-schema-graph\">{\"@context\":\"https:\/\/schema.org\",\"@graph\":[{\"@type\":\"Article\",\"@id\":\"http:\/\/www.frederic-poitou.com\/blog\/ambitions-europeennes-en-matiere-de-biodiversite\/#article\",\"isPartOf\":{\"@id\":\"http:\/\/www.frederic-poitou.com\/blog\/ambitions-europeennes-en-matiere-de-biodiversite\/\"},\"author\":{\"name\":\"Fr\u00e9d\u00e9ric Poitou\",\"@id\":\"http:\/\/www.frederic-poitou.com\/blog\/#\/schema\/person\/e2c2d05e978747818533fdce859a7799\"},\"headline\":\"AMBITIONS EUROP\u00c9ENNES EN MATI\u00c8RE DE BIODIVERSIT\u00c9\",\"datePublished\":\"2023-07-13T20:37:32+00:00\",\"dateModified\":\"2026-04-13T22:03:59+00:00\",\"mainEntityOfPage\":{\"@id\":\"http:\/\/www.frederic-poitou.com\/blog\/ambitions-europeennes-en-matiere-de-biodiversite\/\"},\"wordCount\":830,\"image\":{\"@id\":\"http:\/\/www.frederic-poitou.com\/blog\/ambitions-europeennes-en-matiere-de-biodiversite\/#primaryimage\"},\"thumbnailUrl\":\"https:\/\/www.frederic-poitou.com\/blog\/wp-content\/2021\/02\/grasshopper-4493129_1280.jpg\",\"articleSection\":[\"Accueil\",\"Ecologie\",\"Europe\"],\"inLanguage\":\"fr-FR\"},{\"@type\":\"WebPage\",\"@id\":\"http:\/\/www.frederic-poitou.com\/blog\/ambitions-europeennes-en-matiere-de-biodiversite\/\",\"url\":\"http:\/\/www.frederic-poitou.com\/blog\/ambitions-europeennes-en-matiere-de-biodiversite\/\",\"name\":\"AMBITIONS EUROP\u00c9ENNES EN MATI\u00c8RE DE BIODIVERSIT\u00c9 -\",\"isPartOf\":{\"@id\":\"http:\/\/www.frederic-poitou.com\/blog\/#website\"},\"primaryImageOfPage\":{\"@id\":\"http:\/\/www.frederic-poitou.com\/blog\/ambitions-europeennes-en-matiere-de-biodiversite\/#primaryimage\"},\"image\":{\"@id\":\"http:\/\/www.frederic-poitou.com\/blog\/ambitions-europeennes-en-matiere-de-biodiversite\/#primaryimage\"},\"thumbnailUrl\":\"https:\/\/www.frederic-poitou.com\/blog\/wp-content\/2021\/02\/grasshopper-4493129_1280.jpg\",\"datePublished\":\"2023-07-13T20:37:32+00:00\",\"dateModified\":\"2026-04-13T22:03:59+00:00\",\"author\":{\"@id\":\"http:\/\/www.frederic-poitou.com\/blog\/#\/schema\/person\/e2c2d05e978747818533fdce859a7799\"},\"breadcrumb\":{\"@id\":\"http:\/\/www.frederic-poitou.com\/blog\/ambitions-europeennes-en-matiere-de-biodiversite\/#breadcrumb\"},\"inLanguage\":\"fr-FR\",\"potentialAction\":[{\"@type\":\"ReadAction\",\"target\":[\"http:\/\/www.frederic-poitou.com\/blog\/ambitions-europeennes-en-matiere-de-biodiversite\/\"]}]},{\"@type\":\"ImageObject\",\"inLanguage\":\"fr-FR\",\"@id\":\"http:\/\/www.frederic-poitou.com\/blog\/ambitions-europeennes-en-matiere-de-biodiversite\/#primaryimage\",\"url\":\"https:\/\/www.frederic-poitou.com\/blog\/wp-content\/2021\/02\/grasshopper-4493129_1280.jpg\",\"contentUrl\":\"https:\/\/www.frederic-poitou.com\/blog\/wp-content\/2021\/02\/grasshopper-4493129_1280.jpg\",\"width\":1280,\"height\":720},{\"@type\":\"BreadcrumbList\",\"@id\":\"http:\/\/www.frederic-poitou.com\/blog\/ambitions-europeennes-en-matiere-de-biodiversite\/#breadcrumb\",\"itemListElement\":[{\"@type\":\"ListItem\",\"position\":1,\"name\":\"Accueil\",\"item\":\"http:\/\/www.frederic-poitou.com\/blog\/\"},{\"@type\":\"ListItem\",\"position\":2,\"name\":\"AMBITIONS EUROP\u00c9ENNES EN MATI\u00c8RE DE BIODIVERSIT\u00c9\"}]},{\"@type\":\"WebSite\",\"@id\":\"http:\/\/www.frederic-poitou.com\/blog\/#website\",\"url\":\"http:\/\/www.frederic-poitou.com\/blog\/\",\"name\":\"\",\"description\":\"\",\"potentialAction\":[{\"@type\":\"SearchAction\",\"target\":{\"@type\":\"EntryPoint\",\"urlTemplate\":\"http:\/\/www.frederic-poitou.com\/blog\/?s={search_term_string}\"},\"query-input\":{\"@type\":\"PropertyValueSpecification\",\"valueRequired\":true,\"valueName\":\"search_term_string\"}}],\"inLanguage\":\"fr-FR\"},{\"@type\":\"Person\",\"@id\":\"http:\/\/www.frederic-poitou.com\/blog\/#\/schema\/person\/e2c2d05e978747818533fdce859a7799\",\"name\":\"Fr\u00e9d\u00e9ric Poitou\",\"image\":{\"@type\":\"ImageObject\",\"inLanguage\":\"fr-FR\",\"@id\":\"http:\/\/www.frederic-poitou.com\/blog\/#\/schema\/person\/image\/\",\"url\":\"https:\/\/secure.gravatar.com\/avatar\/1933bcca279a2feafd35d9e0a080c521e11beb51115fe4cfe02e2586ac13424a?s=96&d=mm&r=g\",\"contentUrl\":\"https:\/\/secure.gravatar.com\/avatar\/1933bcca279a2feafd35d9e0a080c521e11beb51115fe4cfe02e2586ac13424a?s=96&d=mm&r=g\",\"caption\":\"Fr\u00e9d\u00e9ric Poitou\"},\"description\":\"Fr\u00e9d\u00e9ric Poitou est n\u00e9 \u00e0 Rouen, et y a fait des \u00e9tudes au Conservatoire en musique-\u00e9tudes en section piano. Il s'est ensuite orient\u00e9 vers des \u00e9tudes scientifiques o\u00f9 il a obtenu un dipl\u00f4me d'ing\u00e9nieur, puis un doctorat en Chimie. Il est Expert Judiciaire en France, en Belgique et \u00e0 Luxembourg, et agr\u00e9e par les Institutions Europ\u00e9ennes.\",\"sameAs\":[\"http:\/\/www.frederic-poitou.com\",\"https:\/\/www.linkedin.com\/in\/frederic-poitou-b045a025\/\"]}]}<\/script>\n<!-- \/ Yoast SEO plugin. -->","yoast_head_json":{"title":"AMBITIONS EUROP\u00c9ENNES EN MATI\u00c8RE DE BIODIVERSIT\u00c9 -","robots":{"index":"index","follow":"follow","max-snippet":"max-snippet:-1","max-image-preview":"max-image-preview:large","max-video-preview":"max-video-preview:-1"},"canonical":"http:\/\/www.frederic-poitou.com\/blog\/ambitions-europeennes-en-matiere-de-biodiversite\/","og_locale":"fr_FR","og_type":"article","og_title":"AMBITIONS EUROP\u00c9ENNES EN MATI\u00c8RE DE BIODIVERSIT\u00c9 -","og_description":"Article \u00e0 lire \u00e9galement sur mon site : EURO-PA L\u2019\u00e9tat des lieux Parmi les 4 \u00e9l\u00e9ments de la crise \u00e9cologique (changement climatique, chute de la biodiversit\u00e9, \u00e9puisement des ressources naturelles et crise sanitaire), l\u2019\u00e9puisement de la biodiversit\u00e9 est peut \u00eatre &hellip; Lire la suite\u00ad\u00ad","og_url":"http:\/\/www.frederic-poitou.com\/blog\/ambitions-europeennes-en-matiere-de-biodiversite\/","article_publisher":"https:\/\/www.facebook.com\/frederic.poitou\/","article_published_time":"2023-07-13T20:37:32+00:00","article_modified_time":"2026-04-13T22:03:59+00:00","og_image":[{"width":1280,"height":720,"url":"http:\/\/www.frederic-poitou.com\/blog\/wp-content\/2021\/02\/grasshopper-4493129_1280.jpg","type":"image\/jpeg"}],"author":"Fr\u00e9d\u00e9ric Poitou","twitter_card":"summary_large_image","twitter_creator":"@fredericpoitou","twitter_site":"@fredericpoitou","twitter_misc":{"\u00c9crit par":"Fr\u00e9d\u00e9ric Poitou","Dur\u00e9e de lecture estim\u00e9e":"4 minutes"},"schema":{"@context":"https:\/\/schema.org","@graph":[{"@type":"Article","@id":"http:\/\/www.frederic-poitou.com\/blog\/ambitions-europeennes-en-matiere-de-biodiversite\/#article","isPartOf":{"@id":"http:\/\/www.frederic-poitou.com\/blog\/ambitions-europeennes-en-matiere-de-biodiversite\/"},"author":{"name":"Fr\u00e9d\u00e9ric Poitou","@id":"http:\/\/www.frederic-poitou.com\/blog\/#\/schema\/person\/e2c2d05e978747818533fdce859a7799"},"headline":"AMBITIONS EUROP\u00c9ENNES EN MATI\u00c8RE DE BIODIVERSIT\u00c9","datePublished":"2023-07-13T20:37:32+00:00","dateModified":"2026-04-13T22:03:59+00:00","mainEntityOfPage":{"@id":"http:\/\/www.frederic-poitou.com\/blog\/ambitions-europeennes-en-matiere-de-biodiversite\/"},"wordCount":830,"image":{"@id":"http:\/\/www.frederic-poitou.com\/blog\/ambitions-europeennes-en-matiere-de-biodiversite\/#primaryimage"},"thumbnailUrl":"https:\/\/www.frederic-poitou.com\/blog\/wp-content\/2021\/02\/grasshopper-4493129_1280.jpg","articleSection":["Accueil","Ecologie","Europe"],"inLanguage":"fr-FR"},{"@type":"WebPage","@id":"http:\/\/www.frederic-poitou.com\/blog\/ambitions-europeennes-en-matiere-de-biodiversite\/","url":"http:\/\/www.frederic-poitou.com\/blog\/ambitions-europeennes-en-matiere-de-biodiversite\/","name":"AMBITIONS EUROP\u00c9ENNES EN MATI\u00c8RE DE BIODIVERSIT\u00c9 -","isPartOf":{"@id":"http:\/\/www.frederic-poitou.com\/blog\/#website"},"primaryImageOfPage":{"@id":"http:\/\/www.frederic-poitou.com\/blog\/ambitions-europeennes-en-matiere-de-biodiversite\/#primaryimage"},"image":{"@id":"http:\/\/www.frederic-poitou.com\/blog\/ambitions-europeennes-en-matiere-de-biodiversite\/#primaryimage"},"thumbnailUrl":"https:\/\/www.frederic-poitou.com\/blog\/wp-content\/2021\/02\/grasshopper-4493129_1280.jpg","datePublished":"2023-07-13T20:37:32+00:00","dateModified":"2026-04-13T22:03:59+00:00","author":{"@id":"http:\/\/www.frederic-poitou.com\/blog\/#\/schema\/person\/e2c2d05e978747818533fdce859a7799"},"breadcrumb":{"@id":"http:\/\/www.frederic-poitou.com\/blog\/ambitions-europeennes-en-matiere-de-biodiversite\/#breadcrumb"},"inLanguage":"fr-FR","potentialAction":[{"@type":"ReadAction","target":["http:\/\/www.frederic-poitou.com\/blog\/ambitions-europeennes-en-matiere-de-biodiversite\/"]}]},{"@type":"ImageObject","inLanguage":"fr-FR","@id":"http:\/\/www.frederic-poitou.com\/blog\/ambitions-europeennes-en-matiere-de-biodiversite\/#primaryimage","url":"https:\/\/www.frederic-poitou.com\/blog\/wp-content\/2021\/02\/grasshopper-4493129_1280.jpg","contentUrl":"https:\/\/www.frederic-poitou.com\/blog\/wp-content\/2021\/02\/grasshopper-4493129_1280.jpg","width":1280,"height":720},{"@type":"BreadcrumbList","@id":"http:\/\/www.frederic-poitou.com\/blog\/ambitions-europeennes-en-matiere-de-biodiversite\/#breadcrumb","itemListElement":[{"@type":"ListItem","position":1,"name":"Accueil","item":"http:\/\/www.frederic-poitou.com\/blog\/"},{"@type":"ListItem","position":2,"name":"AMBITIONS EUROP\u00c9ENNES EN MATI\u00c8RE DE BIODIVERSIT\u00c9"}]},{"@type":"WebSite","@id":"http:\/\/www.frederic-poitou.com\/blog\/#website","url":"http:\/\/www.frederic-poitou.com\/blog\/","name":"","description":"","potentialAction":[{"@type":"SearchAction","target":{"@type":"EntryPoint","urlTemplate":"http:\/\/www.frederic-poitou.com\/blog\/?s={search_term_string}"},"query-input":{"@type":"PropertyValueSpecification","valueRequired":true,"valueName":"search_term_string"}}],"inLanguage":"fr-FR"},{"@type":"Person","@id":"http:\/\/www.frederic-poitou.com\/blog\/#\/schema\/person\/e2c2d05e978747818533fdce859a7799","name":"Fr\u00e9d\u00e9ric Poitou","image":{"@type":"ImageObject","inLanguage":"fr-FR","@id":"http:\/\/www.frederic-poitou.com\/blog\/#\/schema\/person\/image\/","url":"https:\/\/secure.gravatar.com\/avatar\/1933bcca279a2feafd35d9e0a080c521e11beb51115fe4cfe02e2586ac13424a?s=96&d=mm&r=g","contentUrl":"https:\/\/secure.gravatar.com\/avatar\/1933bcca279a2feafd35d9e0a080c521e11beb51115fe4cfe02e2586ac13424a?s=96&d=mm&r=g","caption":"Fr\u00e9d\u00e9ric Poitou"},"description":"Fr\u00e9d\u00e9ric Poitou est n\u00e9 \u00e0 Rouen, et y a fait des \u00e9tudes au Conservatoire en musique-\u00e9tudes en section piano. Il s'est ensuite orient\u00e9 vers des \u00e9tudes scientifiques o\u00f9 il a obtenu un dipl\u00f4me d'ing\u00e9nieur, puis un doctorat en Chimie. Il est Expert Judiciaire en France, en Belgique et \u00e0 Luxembourg, et agr\u00e9e par les Institutions Europ\u00e9ennes.","sameAs":["http:\/\/www.frederic-poitou.com","https:\/\/www.linkedin.com\/in\/frederic-poitou-b045a025\/"]}]}},"_links":{"self":[{"href":"https:\/\/www.frederic-poitou.com\/blog\/wp-json\/wp\/v2\/posts\/9955","targetHints":{"allow":["GET"]}}],"collection":[{"href":"https:\/\/www.frederic-poitou.com\/blog\/wp-json\/wp\/v2\/posts"}],"about":[{"href":"https:\/\/www.frederic-poitou.com\/blog\/wp-json\/wp\/v2\/types\/post"}],"author":[{"embeddable":true,"href":"https:\/\/www.frederic-poitou.com\/blog\/wp-json\/wp\/v2\/users\/4"}],"replies":[{"embeddable":true,"href":"https:\/\/www.frederic-poitou.com\/blog\/wp-json\/wp\/v2\/comments?post=9955"}],"version-history":[{"count":3,"href":"https:\/\/www.frederic-poitou.com\/blog\/wp-json\/wp\/v2\/posts\/9955\/revisions"}],"predecessor-version":[{"id":9960,"href":"https:\/\/www.frederic-poitou.com\/blog\/wp-json\/wp\/v2\/posts\/9955\/revisions\/9960"}],"wp:featuredmedia":[{"embeddable":true,"href":"https:\/\/www.frederic-poitou.com\/blog\/wp-json\/wp\/v2\/media\/10016"}],"wp:attachment":[{"href":"https:\/\/www.frederic-poitou.com\/blog\/wp-json\/wp\/v2\/media?parent=9955"}],"wp:term":[{"taxonomy":"category","embeddable":true,"href":"https:\/\/www.frederic-poitou.com\/blog\/wp-json\/wp\/v2\/categories?post=9955"},{"taxonomy":"post_tag","embeddable":true,"href":"https:\/\/www.frederic-poitou.com\/blog\/wp-json\/wp\/v2\/tags?post=9955"}],"curies":[{"name":"wp","href":"https:\/\/api.w.org\/{rel}","templated":true}]}}