{"id":9912,"date":"2023-07-13T16:12:32","date_gmt":"2023-07-13T14:12:32","guid":{"rendered":"http:\/\/www.frederic-poitou.com\/blog\/?p=9912"},"modified":"2026-04-09T21:50:59","modified_gmt":"2026-04-09T19:50:59","slug":"2022-le-risque-populiste","status":"publish","type":"post","link":"https:\/\/www.frederic-poitou.com\/blog\/2022-le-risque-populiste\/","title":{"rendered":"APR\u00c8S TRUMP 2020 : FRANCE 2022, LE RISQUE POPULISTE ?"},"content":{"rendered":"<div class=\"kvgmc6g5 cxmmr5t8 oygrvhab hcukyx3x c1et5uql ii04i59q\">\n<div dir=\"auto\">On peut toujours lire les chiffres dans le sens qui arrangent la logique qu&rsquo;on veut leur faire exprimer, toutefois ce qu&rsquo;on peut lire \u00e7a et l\u00e0 sur les r\u00e9seaux sociaux concernant le bilan de Trump, et la litanie des arguments peaufin\u00e9s par ses \u00e9quipes, tweet\u00e9es, retweet\u00e9es \u00e0 sati\u00e9t\u00e9 qui vantent ses r\u00e9sultats \u00e9conomiques, la croissance de l&rsquo;\u00e9conomie am\u00e9ricaine, et le rayonnement de la politique internationale due aux \u00ab\u00a0succ\u00e8s\u00a0\u00bb en Cor\u00e9e du Nord et en Israel en particulier, laissent r\u00eaveur.<\/div>\n<div dir=\"auto\"><\/div>\n<\/div>\n<div class=\"o9v6fnle cxmmr5t8 oygrvhab hcukyx3x c1et5uql ii04i59q\">\n<div dir=\"auto\">En premier lieu, le bilan social est tr\u00e8s mauvais, et c&rsquo;est probablement ce point augment\u00e9 de la catastrophique gestion du Covid-19 qui est \u00e0 l&rsquo;origine de sa d\u00e9faite. A quoi on ajoutera pourquoi pas, ses mensonges \u00e0 r\u00e9p\u00e9tition, ses comportements d&rsquo;histrion psychotique.<\/div>\n<\/div>\n<div class=\"o9v6fnle cxmmr5t8 oygrvhab hcukyx3x c1et5uql ii04i59q\">\n<div dir=\"auto\"><\/div>\n<div dir=\"auto\">Les r\u00e9sultats \u00e9conomiques des Etats Unis semblent en effet positifs, mais \u00e0 bien y regarder ils ne sont pas de la responsabilit\u00e9 seule de Donald Trump, mais en grande partie celle des mesures prises par son pr\u00e9d\u00e9cesseur, assortis de l&rsquo;inertie n\u00e9cessaire \u00e0 l&rsquo;apparition des effets. Or la partie imputable \u00e0 Trump (une certaine augmentation des revenus, et une tr\u00e8s relative diminution du taux de ch\u00f4mage, ou plut\u00f4t pour \u00eatre juste du taux d&rsquo;activit\u00e9) et qui trouve son origine dans la politique autocentr\u00e9e et nationaliste de son administration est un effet \u00e0 court terme, qui risque bien de s&rsquo;\u00e9crouler d\u00e8s lors que l&rsquo;effet de la diminution des \u00e9changes multilat\u00e9raux vont se faire sentir. Et l\u00e0, Jo Biden a du pain sur la planche, car les r\u00e9sultats apparents, dop\u00e9s un temps par une politique budg\u00e9taire de d\u00e9ficits publics consid\u00e9rables ne peut que s&rsquo;inverser.<\/div>\n<\/div>\n<div class=\"o9v6fnle cxmmr5t8 oygrvhab hcukyx3x c1et5uql ii04i59q\">\n<div dir=\"auto\">Car en plus la plong\u00e9e abyssale des d\u00e9ficits publics &#8211; ant\u00e9rieurs \u00e0 la crise du Covid &#8211; aura d&rsquo;ici peu de temps les effets boomerang habituels, que seuls une r\u00e9-ouverture des \u00e9changes pourra relancer.<\/div>\n<\/div>\n<div class=\"o9v6fnle cxmmr5t8 oygrvhab hcukyx3x c1et5uql ii04i59q\">\n<div dir=\"auto\">la dette publique a explos\u00e9, mais cette progression spectaculaire n&rsquo;est pas comme en France li\u00e9e \u00e0 la crise du Covid, mais elle est bien ant\u00e9rieure. Et l\u00e0 encore, il faudra bien la financer.<\/div>\n<\/div>\n<div class=\"o9v6fnle cxmmr5t8 oygrvhab hcukyx3x c1et5uql ii04i59q\">\n<div dir=\"auto\">le PIB n&rsquo;a cess\u00e9 de baisser, hors crise du Covid \u00e9videmment, depuis 2018, en d\u00e9pit des promesses de croissances annonc\u00e9es pour sa campagne qui \u00e9tait de 6% ! <span class=\"pq6dq46d tbxw36s4 knj5qynh kvgmc6g5 ditlmg2l oygrvhab nvdbi5me sf5mxxl7 gl3lb2sf hhz5lgdu\"><img loading=\"lazy\" decoding=\"async\" src=\"https:\/\/static.xx.fbcdn.net\/images\/emoji.php\/v9\/tf6\/2\/16\/1f609.png\" alt=\"&#x1f609;\" width=\"16\" height=\"16\" \/><\/span><\/div>\n<\/div>\n<div class=\"o9v6fnle cxmmr5t8 oygrvhab hcukyx3x c1et5uql ii04i59q\">\n<div dir=\"auto\"><\/div>\n<div dir=\"auto\">Les in\u00e9galit\u00e9s sont toujours plus importantes n&rsquo;en d\u00e9plaisent aux affirmations de son administration, et les guerres commerciales n&rsquo;ont pas eu les effets escompt\u00e9s par Trump.<\/div>\n<\/div>\n<div class=\"o9v6fnle cxmmr5t8 oygrvhab hcukyx3x c1et5uql ii04i59q\">\n<div dir=\"auto\">Enfin, et c&rsquo;est peut \u00eatre le plus important \u00e0 mes yeux, la politique de sant\u00e9 men\u00e9e par Trump qui a m\u00e9thodiquement d\u00e9tricot\u00e9 tous les acquis des ann\u00e9es Obama, la remise en question de l&rsquo;avortement, et la sortie des Etats Unis des accords de Paris sont tout aussi catastrophiques que l&rsquo;image internationale largement d\u00e9grad\u00e9e.<\/div>\n<\/div>\n<div class=\"o9v6fnle cxmmr5t8 oygrvhab hcukyx3x c1et5uql ii04i59q\">\n<div dir=\"auto\">Enfin, parmi les commentaires les plus avis\u00e9s entendus depuis deux jours, il y en a un qui laisse r\u00eaveur, tout autant qu&rsquo;il est parfaitement cr\u00e9dible :<\/div>\n<div dir=\"auto\"><\/div>\n<div dir=\"auto\">Donald Trump ne peut pas se signer lui-m\u00eame de gr\u00e2ce pr\u00e9sidentielle &#8211; ce que font traditionnellement tous les pr\u00e9sidents am\u00e9ricains avant de quitter le bureau ovale &#8211; qui lui \u00e9viteraient de se retrouver devant ses juges pour r\u00e9pondre des multiples dossiers actuellement \u00e0 l&rsquo;instruction mais stopp\u00e9s pour raison d&rsquo;immunit\u00e9 pr\u00e9sidentielle :<\/div>\n<div dir=\"auto\">&#8211; corruption<\/div>\n<div dir=\"auto\">&#8211; fraudes fiscales \u00e0 titre personnel et professionnel<\/div>\n<div dir=\"auto\">&#8211; abus ou atteintes sexuelles<\/div>\n<\/div>\n<div class=\"o9v6fnle cxmmr5t8 oygrvhab hcukyx3x c1et5uql ii04i59q\">\n<div dir=\"auto\">Et le fait qu&rsquo;il ne soit plus prot\u00e9g\u00e9 par son immunit\u00e9 pourrait donner des id\u00e9es \u00e0 ses cr\u00e9anciers.<\/div>\n<\/div>\n<div class=\"o9v6fnle cxmmr5t8 oygrvhab hcukyx3x c1et5uql ii04i59q\">\n<div dir=\"auto\">Alors, il existe une solution simple : D\u00e9mission avant le terme de son mandat, \u00e0 la condition que Mike Pence accepte de lui signer ses gr\u00e2ces. Ce qui aurait deux cons\u00e9quences amusantes :<\/div>\n<div dir=\"auto\">&#8211; Trump ne pourrait plus \u00eatre poursuivi<\/div>\n<div dir=\"auto\">&#8211; Biden ne serait plus le 46e pr\u00e9sident des Etats Unis annonc\u00e9s par tous les m\u00e9diats, mais le 47e, ce qui symboliquement pour Donald Trump lui permettrait de revendiquer d&rsquo;\u00eatre le \u00ab\u00a0vrai l\u00e9gitime\u00a0\u00bb n\u00b046. Un argument auquel un homme dont l&rsquo;\u00e9go est d\u00e9mesur\u00e9 pourrait \u00eatre sensible.<\/div>\n<\/div>\n<p>&nbsp;<\/p>\n<hr \/>\n<div class=\"kvgmc6g5 cxmmr5t8 oygrvhab hcukyx3x c1et5uql ii04i59q\">\n<div dir=\"auto\">Les \u00e9lections am\u00e9ricaines nous invitent \u00e0 r\u00e9fl\u00e9chir \u00e0 un certain nombre de points auxquels nous, fran\u00e7ais, allons \u00eatre confront\u00e9s pour les \u00e9ch\u00e9ances prochaines.<\/div>\n<div dir=\"auto\"><\/div>\n<\/div>\n<div class=\"o9v6fnle cxmmr5t8 oygrvhab hcukyx3x c1et5uql ii04i59q\">\n<div dir=\"auto\">On ne combat pas l&rsquo;incomp\u00e9tence des discours populistes, identitaires, r\u00e9gressifs et r\u00e9actionnaires en moquant la surr\u00e9aliste image qu&rsquo;offrent certains candidats.<\/div>\n<\/div>\n<div class=\"o9v6fnle cxmmr5t8 oygrvhab hcukyx3x c1et5uql ii04i59q\">\n<div dir=\"auto\"><\/div>\n<div dir=\"auto\">On doit d\u00e9montrer ad libitum que ces discours qui cr\u00e9ent la peur en utilisant toujours les m\u00eames ressorts auxquels ils opposent toujours les m\u00eames solutions dans le th\u00e8me \u00ab\u00a0moi je vous d\u00e9fendrai, haro sur cette classe dirigeante qui vous m\u00e9prise, notre pays d&rsquo;abord &#8230;\u00a0\u00bb, n&rsquo;ont juste aucun sens.<\/div>\n<\/div>\n<div class=\"o9v6fnle cxmmr5t8 oygrvhab hcukyx3x c1et5uql ii04i59q\">\n<div dir=\"auto\"><\/div>\n<div dir=\"auto\">Que ce soit dans le cours de l&rsquo;histoire d&rsquo;un pays ou de la plan\u00e8te dans son int\u00e9gralit\u00e9, le populisme est juste totalement d\u00e9pass\u00e9 depuis l&rsquo;in\u00e9luctable \u00e9volution multilat\u00e9rale n\u00e9e du d\u00e9veloppement des outils de communication dont la cons\u00e9quence est que les flux d&rsquo;argent, d&rsquo;id\u00e9e ou de personnes sont d\u00e9sormais irr\u00e9versiblement mondiaux.<\/div>\n<\/div>\n<div class=\"o9v6fnle cxmmr5t8 oygrvhab hcukyx3x c1et5uql ii04i59q\">\n<div dir=\"auto\">C&rsquo;est un fait, on ne reviendra pas sur une \u00e9volution tr\u00e8s lente depuis le d\u00e9but de l&rsquo;humanit\u00e9 qui s&rsquo;est acc\u00e9l\u00e9r\u00e9e exponentiellement du simple fait de la technologie. Les fronti\u00e8res n&rsquo;\u00e9taient que des limites g\u00e9ographiques, elles ne sont pas des barri\u00e8res \u00e0 l&rsquo;\u00e9mancipation.<\/div>\n<\/div>\n<div class=\"o9v6fnle cxmmr5t8 oygrvhab hcukyx3x c1et5uql ii04i59q\">\n<div dir=\"auto\"><\/div>\n<div dir=\"auto\">Ouvrez, ouvrez, et vous ne fermerez plus. On ne contraint que ceux que l&rsquo;on a priv\u00e9 de leur libert\u00e9 de penser par eux-m\u00eames. Les autres sont libres, in\u00e9luctablement, comme sont libres les flux d&rsquo;id\u00e9e et d&rsquo;informations.<\/div>\n<\/div>\n<div class=\"o9v6fnle cxmmr5t8 oygrvhab hcukyx3x c1et5uql ii04i59q\">\n<div dir=\"auto\"><\/div>\n<div dir=\"auto\">Mais il ne suffit manifestement pas de le dire pour en convaincre les citoyens, qui ont malgr\u00e9 tout vot\u00e9 massivement pour le plus grand escroc que ce jeune si\u00e8cle ait port\u00e9 au pouvoir dans un grand pays d\u00e9mocratique, au point qu&rsquo;il aurait presque pu \u00eatre r\u00e9-\u00e9lu.<\/div>\n<\/div>\n<div class=\"o9v6fnle cxmmr5t8 oygrvhab hcukyx3x c1et5uql ii04i59q\">\n<div dir=\"auto\"><\/div>\n<div dir=\"auto\">Le trumpisme qui est plus une attitude qu&rsquo;une vraie vision, ne disparaitra pas avec Trump.<\/div>\n<\/div>\n<div class=\"o9v6fnle cxmmr5t8 oygrvhab hcukyx3x c1et5uql ii04i59q\">\n<div dir=\"auto\">Les classes populaires d\u00e9favoris\u00e9es qui croient encore que Trump les a d\u00e9fendus contre le syst\u00e8me, le grand complot, la finance, et pourquoi pas les illuminatis, les franc-ma\u00e7ons et les extra-terrestres, continueront de pl\u00e9bisciter ce genre de bateleur.<\/div>\n<\/div>\n<div class=\"o9v6fnle cxmmr5t8 oygrvhab hcukyx3x c1et5uql ii04i59q\">\n<div dir=\"auto\">Nous le savons, nous avons les m\u00eames en France, avec Marine Le Pen qui se plait \u00e0 un mensonge de plus en d\u00e9clarant concernant les Etats-Unis sous Trump \u00ab Le ch\u00f4mage a baiss\u00e9 comme il n\u2019a pas baiss\u00e9 depuis cinquante ans [jusqu\u2019\u00e0 f\u00e9vrier dernier et l\u2019\u00e9pid\u00e9mie de Covid-19]. La pauvret\u00e9 a baiss\u00e9 comme jamais depuis soixante ans. \u00bb<\/div>\n<\/div>\n<div class=\"o9v6fnle cxmmr5t8 oygrvhab hcukyx3x c1et5uql ii04i59q\">\n<div dir=\"auto\">C&rsquo;est faux, n&rsquo;importe quel observateur sait que c&rsquo;est faux, mais il l&rsquo;a dit, et elle le reprend.<\/div>\n<\/div>\n<div class=\"o9v6fnle cxmmr5t8 oygrvhab hcukyx3x c1et5uql ii04i59q\">\n<div dir=\"auto\">C&rsquo;est une indication sur ce qui nous attend.<\/div>\n<\/div>\n<div class=\"o9v6fnle cxmmr5t8 oygrvhab hcukyx3x c1et5uql ii04i59q\">\n<div dir=\"auto\">Plus c&rsquo;est gros, plus \u00e7a passe. Trump est pathologiquement menteur, tout individu sens\u00e9 le sait au point que les TV am\u00e9ricaines en arrivent \u00e0 couper ses propos, que ses plus proches s\u00e9nateurs le l\u00e2chent, mais ses supporters le croient, comme hypnotis\u00e9s par ce qu&rsquo;il dit qui r\u00e9pond \u00e0 ce qu&rsquo;ils attendent.<\/div>\n<\/div>\n<div class=\"o9v6fnle cxmmr5t8 oygrvhab hcukyx3x c1et5uql ii04i59q\">\n<div dir=\"auto\">Il ne suffira pas de r\u00e9p\u00e9ter \u00e0 sati\u00e9t\u00e9 que Marine le Pen est ridicule et non cr\u00e9dible dans ses propos d\u00e9lirants, qu&rsquo;elle ment sans cesse comme son p\u00e8re mentait, que son parti est proche de la faillite, que nombre de ses \u00e9lus sont mis en examen.<\/div>\n<\/div>\n<div class=\"o9v6fnle cxmmr5t8 oygrvhab hcukyx3x c1et5uql ii04i59q\">\n<div dir=\"auto\"><\/div>\n<div dir=\"auto\">Celle qui aime \u00e0 se d\u00e9clarer proche de Steve Bannon, ancien maitre \u00e0 penser de Donald Trump nous pr\u00e9pare une campagne du type de celle des R\u00e9publicains am\u00e9ricains avec leurs milices d&rsquo;extr\u00eame droite. Cette n\u00e9buleuse exprime quelque chose qu&rsquo;on ne peut pas n\u00e9gliger, \u00e0 la diff\u00e9rence que les nazillons am\u00e9ricains sont gros, barbus, ostentatoirement arm\u00e9s, pleins de bi\u00e8re et de banni\u00e8res \u00e9toil\u00e9es, alors que les n\u00f4tres ont les cheveux aussi courts que leurs id\u00e9es.<\/div>\n<\/div>\n<div class=\"o9v6fnle cxmmr5t8 oygrvhab hcukyx3x c1et5uql ii04i59q\">\n<div dir=\"auto\"><\/div>\n<div dir=\"auto\">Faire de la politique n&rsquo;est pas dire aux \u00e9lecteurs ce qu&rsquo;ils ont envie d&rsquo;entendre, mais dire la v\u00e9rit\u00e9 de ce dont ils ont besoin.<\/div>\n<\/div>\n<div class=\"o9v6fnle cxmmr5t8 oygrvhab hcukyx3x c1et5uql ii04i59q\">\n<div dir=\"auto\"><\/div>\n<div dir=\"auto\">Etre \u00e9lu quant on est populiste c&rsquo;est souvent le juste inverse !<\/div>\n<div dir=\"auto\"><\/div>\n<\/div>\n<div class=\"o9v6fnle cxmmr5t8 oygrvhab hcukyx3x c1et5uql ii04i59q\">\n<div dir=\"auto\">Nous serions bien avis\u00e9s de nous y pr\u00e9parer, car si l&rsquo;on en croit l&rsquo;excellente \u00e9tude publi\u00e9e par fondapol, m\u00eame si @MarinelePen n&rsquo;est intellectuellement pas cr\u00e9dible, pour diverses raisons (d\u00e9ception, d\u00e9fiance, ras le bol &#8230;), les \u00e9lecteurs pourraient bien lui accorder leurs votes. Et une fois install\u00e9e, on aurait autant de mal \u00e0 s&rsquo;en d\u00e9barrasser qu&rsquo;en a eu Jo Biden pour \u00e9vacuer Donald Trump.<\/div>\n<\/div>\n<div dir=\"auto\"><\/div>\n<div dir=\"auto\">Il n&rsquo;y a qu&rsquo;\u00e0 lire les incessantes logorrh\u00e9es de populismes primaires dont inondent les r\u00e9seaux sociaux <a href=\"@estrosi.christian\" target=\"_blank\" rel=\"noopener noreferrer\">Christian Estrosi<\/a>\u00a0et <a href=\"@JulienAubert.fr\">Julien Aubert <\/a>pour s&rsquo;en convaincre.<\/div>\n<div dir=\"auto\"><\/div>\n<div dir=\"auto\"><\/div>\n<div dir=\"auto\"><\/div>\n<p style=\"text-align: center;\"><a href=\"https:\/\/www.frederic-poitou.com\/blog\/wp-content\/2020\/11\/481638775-2022-le-risque-populiste-Vagues-2-et-3-Avec-questionnaire.pdf\" class=\"pdfemb-viewer\" style=\"\" data-width=\"max\" data-height=\"max\" data-toolbar=\"bottom\" data-toolbar-fixed=\"off\">481638775-2022-le-risque-populiste-Vagues-2-et-3-Avec-questionnaire<\/a>\n","protected":false},"excerpt":{"rendered":"<p>On peut toujours lire les chiffres dans le sens qui arrangent la logique qu&rsquo;on veut leur faire exprimer, toutefois ce qu&rsquo;on peut lire \u00e7a et l\u00e0 sur les r\u00e9seaux sociaux concernant le bilan de Trump, et la litanie des arguments &hellip; <a href=\"https:\/\/www.frederic-poitou.com\/blog\/2022-le-risque-populiste\/\">Lire la suite\u00ad\u00ad<\/a><\/p>\n","protected":false},"author":4,"featured_media":9920,"comment_status":"closed","ping_status":"open","sticky":false,"template":"","format":"standard","meta":{"kt_blocks_editor_width":"","_exactmetrics_skip_tracking":false,"_exactmetrics_sitenote_active":false,"_exactmetrics_sitenote_note":"","_exactmetrics_sitenote_category":0,"footnotes":""},"categories":[48,51],"tags":[],"class_list":["post-9912","post","type-post","status-publish","format-standard","has-post-thumbnail","hentry","category-accueil","category-politique"],"yoast_head":"<!-- This site is optimized with the Yoast SEO plugin v27.1.1 - https:\/\/yoast.com\/product\/yoast-seo-wordpress\/ -->\n<title>APR\u00c8S TRUMP 2020 : FRANCE 2022, LE RISQUE POPULISTE ? -<\/title>\n<meta name=\"robots\" content=\"index, follow, max-snippet:-1, max-image-preview:large, max-video-preview:-1\" \/>\n<link rel=\"canonical\" href=\"http:\/\/www.frederic-poitou.com\/blog\/2022-le-risque-populiste\/\" \/>\n<meta property=\"og:locale\" content=\"fr_FR\" \/>\n<meta property=\"og:type\" content=\"article\" \/>\n<meta property=\"og:title\" content=\"APR\u00c8S TRUMP 2020 : FRANCE 2022, LE RISQUE POPULISTE ? -\" \/>\n<meta property=\"og:description\" content=\"On peut toujours lire les chiffres dans le sens qui arrangent la logique qu&rsquo;on veut leur faire exprimer, toutefois ce qu&rsquo;on peut lire \u00e7a et l\u00e0 sur les r\u00e9seaux sociaux concernant le bilan de Trump, et la litanie des arguments &hellip; Lire la suite\u00ad\u00ad\" \/>\n<meta property=\"og:url\" content=\"http:\/\/www.frederic-poitou.com\/blog\/2022-le-risque-populiste\/\" \/>\n<meta property=\"article:publisher\" content=\"https:\/\/www.facebook.com\/frederic.poitou\/\" \/>\n<meta property=\"article:published_time\" content=\"2023-07-13T14:12:32+00:00\" \/>\n<meta property=\"article:modified_time\" content=\"2026-04-09T19:50:59+00:00\" \/>\n<meta property=\"og:image\" content=\"http:\/\/www.frederic-poitou.com\/blog\/wp-content\/2020\/11\/risque.jpeg\" \/>\n\t<meta property=\"og:image:width\" content=\"1794\" \/>\n\t<meta property=\"og:image:height\" content=\"1838\" \/>\n\t<meta property=\"og:image:type\" content=\"image\/jpeg\" \/>\n<meta name=\"author\" content=\"Fr\u00e9d\u00e9ric Poitou\" \/>\n<meta name=\"twitter:card\" content=\"summary_large_image\" \/>\n<meta name=\"twitter:creator\" content=\"@fredericpoitou\" \/>\n<meta name=\"twitter:site\" content=\"@fredericpoitou\" \/>\n<meta name=\"twitter:label1\" content=\"\u00c9crit par\" \/>\n\t<meta name=\"twitter:data1\" content=\"Fr\u00e9d\u00e9ric Poitou\" \/>\n\t<meta name=\"twitter:label2\" content=\"Dur\u00e9e de lecture estim\u00e9e\" \/>\n\t<meta name=\"twitter:data2\" content=\"7 minutes\" \/>\n<script type=\"application\/ld+json\" class=\"yoast-schema-graph\">{\"@context\":\"https:\/\/schema.org\",\"@graph\":[{\"@type\":\"Article\",\"@id\":\"http:\/\/www.frederic-poitou.com\/blog\/2022-le-risque-populiste\/#article\",\"isPartOf\":{\"@id\":\"http:\/\/www.frederic-poitou.com\/blog\/2022-le-risque-populiste\/\"},\"author\":{\"name\":\"Fr\u00e9d\u00e9ric Poitou\",\"@id\":\"http:\/\/www.frederic-poitou.com\/blog\/#\/schema\/person\/e2c2d05e978747818533fdce859a7799\"},\"headline\":\"APR\u00c8S TRUMP 2020 : FRANCE 2022, LE RISQUE POPULISTE ?\",\"datePublished\":\"2023-07-13T14:12:32+00:00\",\"dateModified\":\"2026-04-09T19:50:59+00:00\",\"mainEntityOfPage\":{\"@id\":\"http:\/\/www.frederic-poitou.com\/blog\/2022-le-risque-populiste\/\"},\"wordCount\":1539,\"image\":{\"@id\":\"http:\/\/www.frederic-poitou.com\/blog\/2022-le-risque-populiste\/#primaryimage\"},\"thumbnailUrl\":\"https:\/\/www.frederic-poitou.com\/blog\/wp-content\/2020\/11\/risque.jpeg\",\"articleSection\":[\"Accueil\",\"Politique\"],\"inLanguage\":\"fr-FR\"},{\"@type\":\"WebPage\",\"@id\":\"http:\/\/www.frederic-poitou.com\/blog\/2022-le-risque-populiste\/\",\"url\":\"http:\/\/www.frederic-poitou.com\/blog\/2022-le-risque-populiste\/\",\"name\":\"APR\u00c8S TRUMP 2020 : FRANCE 2022, LE RISQUE POPULISTE ? -\",\"isPartOf\":{\"@id\":\"http:\/\/www.frederic-poitou.com\/blog\/#website\"},\"primaryImageOfPage\":{\"@id\":\"http:\/\/www.frederic-poitou.com\/blog\/2022-le-risque-populiste\/#primaryimage\"},\"image\":{\"@id\":\"http:\/\/www.frederic-poitou.com\/blog\/2022-le-risque-populiste\/#primaryimage\"},\"thumbnailUrl\":\"https:\/\/www.frederic-poitou.com\/blog\/wp-content\/2020\/11\/risque.jpeg\",\"datePublished\":\"2023-07-13T14:12:32+00:00\",\"dateModified\":\"2026-04-09T19:50:59+00:00\",\"author\":{\"@id\":\"http:\/\/www.frederic-poitou.com\/blog\/#\/schema\/person\/e2c2d05e978747818533fdce859a7799\"},\"breadcrumb\":{\"@id\":\"http:\/\/www.frederic-poitou.com\/blog\/2022-le-risque-populiste\/#breadcrumb\"},\"inLanguage\":\"fr-FR\",\"potentialAction\":[{\"@type\":\"ReadAction\",\"target\":[\"http:\/\/www.frederic-poitou.com\/blog\/2022-le-risque-populiste\/\"]}]},{\"@type\":\"ImageObject\",\"inLanguage\":\"fr-FR\",\"@id\":\"http:\/\/www.frederic-poitou.com\/blog\/2022-le-risque-populiste\/#primaryimage\",\"url\":\"https:\/\/www.frederic-poitou.com\/blog\/wp-content\/2020\/11\/risque.jpeg\",\"contentUrl\":\"https:\/\/www.frederic-poitou.com\/blog\/wp-content\/2020\/11\/risque.jpeg\",\"width\":1794,\"height\":1838},{\"@type\":\"BreadcrumbList\",\"@id\":\"http:\/\/www.frederic-poitou.com\/blog\/2022-le-risque-populiste\/#breadcrumb\",\"itemListElement\":[{\"@type\":\"ListItem\",\"position\":1,\"name\":\"Accueil\",\"item\":\"http:\/\/www.frederic-poitou.com\/blog\/\"},{\"@type\":\"ListItem\",\"position\":2,\"name\":\"APR\u00c8S TRUMP 2020 : FRANCE 2022, LE RISQUE POPULISTE ?\"}]},{\"@type\":\"WebSite\",\"@id\":\"http:\/\/www.frederic-poitou.com\/blog\/#website\",\"url\":\"http:\/\/www.frederic-poitou.com\/blog\/\",\"name\":\"\",\"description\":\"\",\"potentialAction\":[{\"@type\":\"SearchAction\",\"target\":{\"@type\":\"EntryPoint\",\"urlTemplate\":\"http:\/\/www.frederic-poitou.com\/blog\/?s={search_term_string}\"},\"query-input\":{\"@type\":\"PropertyValueSpecification\",\"valueRequired\":true,\"valueName\":\"search_term_string\"}}],\"inLanguage\":\"fr-FR\"},{\"@type\":\"Person\",\"@id\":\"http:\/\/www.frederic-poitou.com\/blog\/#\/schema\/person\/e2c2d05e978747818533fdce859a7799\",\"name\":\"Fr\u00e9d\u00e9ric Poitou\",\"image\":{\"@type\":\"ImageObject\",\"inLanguage\":\"fr-FR\",\"@id\":\"http:\/\/www.frederic-poitou.com\/blog\/#\/schema\/person\/image\/\",\"url\":\"https:\/\/secure.gravatar.com\/avatar\/1933bcca279a2feafd35d9e0a080c521e11beb51115fe4cfe02e2586ac13424a?s=96&d=mm&r=g\",\"contentUrl\":\"https:\/\/secure.gravatar.com\/avatar\/1933bcca279a2feafd35d9e0a080c521e11beb51115fe4cfe02e2586ac13424a?s=96&d=mm&r=g\",\"caption\":\"Fr\u00e9d\u00e9ric Poitou\"},\"description\":\"Fr\u00e9d\u00e9ric Poitou est n\u00e9 \u00e0 Rouen, et y a fait des \u00e9tudes au Conservatoire en musique-\u00e9tudes en section piano. Il s'est ensuite orient\u00e9 vers des \u00e9tudes scientifiques o\u00f9 il a obtenu un dipl\u00f4me d'ing\u00e9nieur, puis un doctorat en Chimie. Il est Expert Judiciaire en France, en Belgique et \u00e0 Luxembourg, et agr\u00e9e par les Institutions Europ\u00e9ennes.\",\"sameAs\":[\"http:\/\/www.frederic-poitou.com\",\"https:\/\/www.linkedin.com\/in\/frederic-poitou-b045a025\/\"]}]}<\/script>\n<!-- \/ Yoast SEO plugin. -->","yoast_head_json":{"title":"APR\u00c8S TRUMP 2020 : FRANCE 2022, LE RISQUE POPULISTE ? -","robots":{"index":"index","follow":"follow","max-snippet":"max-snippet:-1","max-image-preview":"max-image-preview:large","max-video-preview":"max-video-preview:-1"},"canonical":"http:\/\/www.frederic-poitou.com\/blog\/2022-le-risque-populiste\/","og_locale":"fr_FR","og_type":"article","og_title":"APR\u00c8S TRUMP 2020 : FRANCE 2022, LE RISQUE POPULISTE ? -","og_description":"On peut toujours lire les chiffres dans le sens qui arrangent la logique qu&rsquo;on veut leur faire exprimer, toutefois ce qu&rsquo;on peut lire \u00e7a et l\u00e0 sur les r\u00e9seaux sociaux concernant le bilan de Trump, et la litanie des arguments &hellip; Lire la suite\u00ad\u00ad","og_url":"http:\/\/www.frederic-poitou.com\/blog\/2022-le-risque-populiste\/","article_publisher":"https:\/\/www.facebook.com\/frederic.poitou\/","article_published_time":"2023-07-13T14:12:32+00:00","article_modified_time":"2026-04-09T19:50:59+00:00","og_image":[{"width":1794,"height":1838,"url":"http:\/\/www.frederic-poitou.com\/blog\/wp-content\/2020\/11\/risque.jpeg","type":"image\/jpeg"}],"author":"Fr\u00e9d\u00e9ric Poitou","twitter_card":"summary_large_image","twitter_creator":"@fredericpoitou","twitter_site":"@fredericpoitou","twitter_misc":{"\u00c9crit par":"Fr\u00e9d\u00e9ric Poitou","Dur\u00e9e de lecture estim\u00e9e":"7 minutes"},"schema":{"@context":"https:\/\/schema.org","@graph":[{"@type":"Article","@id":"http:\/\/www.frederic-poitou.com\/blog\/2022-le-risque-populiste\/#article","isPartOf":{"@id":"http:\/\/www.frederic-poitou.com\/blog\/2022-le-risque-populiste\/"},"author":{"name":"Fr\u00e9d\u00e9ric Poitou","@id":"http:\/\/www.frederic-poitou.com\/blog\/#\/schema\/person\/e2c2d05e978747818533fdce859a7799"},"headline":"APR\u00c8S TRUMP 2020 : FRANCE 2022, LE RISQUE POPULISTE ?","datePublished":"2023-07-13T14:12:32+00:00","dateModified":"2026-04-09T19:50:59+00:00","mainEntityOfPage":{"@id":"http:\/\/www.frederic-poitou.com\/blog\/2022-le-risque-populiste\/"},"wordCount":1539,"image":{"@id":"http:\/\/www.frederic-poitou.com\/blog\/2022-le-risque-populiste\/#primaryimage"},"thumbnailUrl":"https:\/\/www.frederic-poitou.com\/blog\/wp-content\/2020\/11\/risque.jpeg","articleSection":["Accueil","Politique"],"inLanguage":"fr-FR"},{"@type":"WebPage","@id":"http:\/\/www.frederic-poitou.com\/blog\/2022-le-risque-populiste\/","url":"http:\/\/www.frederic-poitou.com\/blog\/2022-le-risque-populiste\/","name":"APR\u00c8S TRUMP 2020 : FRANCE 2022, LE RISQUE POPULISTE ? -","isPartOf":{"@id":"http:\/\/www.frederic-poitou.com\/blog\/#website"},"primaryImageOfPage":{"@id":"http:\/\/www.frederic-poitou.com\/blog\/2022-le-risque-populiste\/#primaryimage"},"image":{"@id":"http:\/\/www.frederic-poitou.com\/blog\/2022-le-risque-populiste\/#primaryimage"},"thumbnailUrl":"https:\/\/www.frederic-poitou.com\/blog\/wp-content\/2020\/11\/risque.jpeg","datePublished":"2023-07-13T14:12:32+00:00","dateModified":"2026-04-09T19:50:59+00:00","author":{"@id":"http:\/\/www.frederic-poitou.com\/blog\/#\/schema\/person\/e2c2d05e978747818533fdce859a7799"},"breadcrumb":{"@id":"http:\/\/www.frederic-poitou.com\/blog\/2022-le-risque-populiste\/#breadcrumb"},"inLanguage":"fr-FR","potentialAction":[{"@type":"ReadAction","target":["http:\/\/www.frederic-poitou.com\/blog\/2022-le-risque-populiste\/"]}]},{"@type":"ImageObject","inLanguage":"fr-FR","@id":"http:\/\/www.frederic-poitou.com\/blog\/2022-le-risque-populiste\/#primaryimage","url":"https:\/\/www.frederic-poitou.com\/blog\/wp-content\/2020\/11\/risque.jpeg","contentUrl":"https:\/\/www.frederic-poitou.com\/blog\/wp-content\/2020\/11\/risque.jpeg","width":1794,"height":1838},{"@type":"BreadcrumbList","@id":"http:\/\/www.frederic-poitou.com\/blog\/2022-le-risque-populiste\/#breadcrumb","itemListElement":[{"@type":"ListItem","position":1,"name":"Accueil","item":"http:\/\/www.frederic-poitou.com\/blog\/"},{"@type":"ListItem","position":2,"name":"APR\u00c8S TRUMP 2020 : FRANCE 2022, LE RISQUE POPULISTE ?"}]},{"@type":"WebSite","@id":"http:\/\/www.frederic-poitou.com\/blog\/#website","url":"http:\/\/www.frederic-poitou.com\/blog\/","name":"","description":"","potentialAction":[{"@type":"SearchAction","target":{"@type":"EntryPoint","urlTemplate":"http:\/\/www.frederic-poitou.com\/blog\/?s={search_term_string}"},"query-input":{"@type":"PropertyValueSpecification","valueRequired":true,"valueName":"search_term_string"}}],"inLanguage":"fr-FR"},{"@type":"Person","@id":"http:\/\/www.frederic-poitou.com\/blog\/#\/schema\/person\/e2c2d05e978747818533fdce859a7799","name":"Fr\u00e9d\u00e9ric Poitou","image":{"@type":"ImageObject","inLanguage":"fr-FR","@id":"http:\/\/www.frederic-poitou.com\/blog\/#\/schema\/person\/image\/","url":"https:\/\/secure.gravatar.com\/avatar\/1933bcca279a2feafd35d9e0a080c521e11beb51115fe4cfe02e2586ac13424a?s=96&d=mm&r=g","contentUrl":"https:\/\/secure.gravatar.com\/avatar\/1933bcca279a2feafd35d9e0a080c521e11beb51115fe4cfe02e2586ac13424a?s=96&d=mm&r=g","caption":"Fr\u00e9d\u00e9ric Poitou"},"description":"Fr\u00e9d\u00e9ric Poitou est n\u00e9 \u00e0 Rouen, et y a fait des \u00e9tudes au Conservatoire en musique-\u00e9tudes en section piano. Il s'est ensuite orient\u00e9 vers des \u00e9tudes scientifiques o\u00f9 il a obtenu un dipl\u00f4me d'ing\u00e9nieur, puis un doctorat en Chimie. Il est Expert Judiciaire en France, en Belgique et \u00e0 Luxembourg, et agr\u00e9e par les Institutions Europ\u00e9ennes.","sameAs":["http:\/\/www.frederic-poitou.com","https:\/\/www.linkedin.com\/in\/frederic-poitou-b045a025\/"]}]}},"_links":{"self":[{"href":"https:\/\/www.frederic-poitou.com\/blog\/wp-json\/wp\/v2\/posts\/9912","targetHints":{"allow":["GET"]}}],"collection":[{"href":"https:\/\/www.frederic-poitou.com\/blog\/wp-json\/wp\/v2\/posts"}],"about":[{"href":"https:\/\/www.frederic-poitou.com\/blog\/wp-json\/wp\/v2\/types\/post"}],"author":[{"embeddable":true,"href":"https:\/\/www.frederic-poitou.com\/blog\/wp-json\/wp\/v2\/users\/4"}],"replies":[{"embeddable":true,"href":"https:\/\/www.frederic-poitou.com\/blog\/wp-json\/wp\/v2\/comments?post=9912"}],"version-history":[{"count":6,"href":"https:\/\/www.frederic-poitou.com\/blog\/wp-json\/wp\/v2\/posts\/9912\/revisions"}],"predecessor-version":[{"id":9923,"href":"https:\/\/www.frederic-poitou.com\/blog\/wp-json\/wp\/v2\/posts\/9912\/revisions\/9923"}],"wp:featuredmedia":[{"embeddable":true,"href":"https:\/\/www.frederic-poitou.com\/blog\/wp-json\/wp\/v2\/media\/9920"}],"wp:attachment":[{"href":"https:\/\/www.frederic-poitou.com\/blog\/wp-json\/wp\/v2\/media?parent=9912"}],"wp:term":[{"taxonomy":"category","embeddable":true,"href":"https:\/\/www.frederic-poitou.com\/blog\/wp-json\/wp\/v2\/categories?post=9912"},{"taxonomy":"post_tag","embeddable":true,"href":"https:\/\/www.frederic-poitou.com\/blog\/wp-json\/wp\/v2\/tags?post=9912"}],"curies":[{"name":"wp","href":"https:\/\/api.w.org\/{rel}","templated":true}]}}