{"id":9891,"date":"2023-07-15T04:16:32","date_gmt":"2023-07-15T02:16:32","guid":{"rendered":"http:\/\/www.frederic-poitou.com\/blog\/?p=9891"},"modified":"2026-04-25T09:07:16","modified_gmt":"2026-04-25T07:07:16","slug":"a-la-reconquete-des-terres-agricoles","status":"publish","type":"post","link":"https:\/\/www.frederic-poitou.com\/blog\/a-la-reconquete-des-terres-agricoles\/","title":{"rendered":"A LA RECONQUETE DES TERRES AGRICOLES"},"content":{"rendered":"<p>A l\u2019heure d\u2019enjeux\u00a0 sociaux et environnementaux forts dans le monde agricole,\u00a0 agriculteurs partant \u00e0 la retraite sans repreneurs, toxicit\u00e9 av\u00e9r\u00e9e des pesticides, crise de l\u2019\u00e9levage intensif, s\u00e9curit\u00e9 alimentaire \u2026<\/p>\n<p>L\u2019objet de ce webinaire est consacr\u00e9 \u00e0 la d\u00e9monstration de la viabilit\u00e9 et la rentabilit\u00e9 des fermes agro-\u00e9cologiques \u00e0 la fois respectueuses de l\u2019environnement, cr\u00e9atrices d\u2019emplois et r\u00e9pondant aux enjeux d\u2019autonomie alimentaire des territoires , \u00e0 partir de l\u2019exemple de La Ferme de l\u2019Envol ,\u00a0 projet innovant, de la graine \u00e0 l\u2019assiette, dans sa forme juridique sp\u00e9cifique (SCIC, SCOP) , dans la r\u00e9partition des risques financiers entre consommateurs, distributeurs et agriculteurs .<\/p>\n<p>Et, de plus, ce projet innove \u00e9galement par la construction de b\u00e2timents \u00e9co-responsables, la pr\u00e9servation de la biodiversit\u00e9 et l\u2019utilisation d\u2019\u00e9nergies renouvelables.<\/p>\n<p>Pour r\u00e9pondre \u00e0 ces questions essentielles, le r\u00e9seau <a href=\"http:\/\/www.treees.eu\" target=\"_blank\" rel=\"noopener noreferrer\">TREEES<\/a> vous propose de participer le\u00a0<strong>mercredi 28 octobre 2020 de 12h \u00e0 13h<\/strong>\u00a0au webinaire anim\u00e9 par\u00a0<strong>Corinne LEPAGE<\/strong>, avocate associ\u00e9e du Cabinet Huglo Lepage Avocats, ancienne ministre de l\u2019environnement et d\u00e9put\u00e9e europ\u00e9enne, docteur en droit. Engag\u00e9e dans la protection de l\u2019environnement, elle a notamment dirig\u00e9 la plupart des grands proc\u00e8s en droit de l\u2019environnement et est auteur de rapports notamment sur l\u2019\u00e9conomie du Nouveau monde.<\/p>\n<p>&nbsp;<\/p>\n<p>Nous aurons le plaisir d\u2019accueillir :<\/p>\n<p>\u2013\u00a0<strong>Sonia CORTESE<\/strong>, Architecte DPLG, fondatrice de ADSC (Architecture et D\u00e9veloppement Sonia Cortese)<\/p>\n<p>\u2013\u00a0<strong>Marie LE MELEDO<\/strong>, Directrice g\u00e9n\u00e9rale de la Soci\u00e9t\u00e9 des Fermes Agro\u00e9cologiques (Ferme d\u2019avenir)<\/p>\n<p>\u2013\u00a0<strong>Robin MESNAGE<\/strong>, Docteur et chercheur associ\u00e9 au King\u2019s College de Londres.<\/p>\n<p>&nbsp;<\/p>\n<p>Nous vous esp\u00e9rons nombreux \u00e0 nous rejoindre pour ce second webinaire de la rentr\u00e9e 2020-2021.<\/p>\n<p>&nbsp;<\/p>\n<p>Pour s\u2019y inscrire cliquer<a href=\"https:\/\/register.gotowebinar.com\/register\/4435120254498919949\" target=\"_blank\" rel=\"noopener noreferrer\"><strong> ICI<\/strong><\/a> :<\/p>\n","protected":false},"excerpt":{"rendered":"<p>A l\u2019heure d\u2019enjeux\u00a0 sociaux et environnementaux forts dans le monde agricole,\u00a0 agriculteurs partant \u00e0 la retraite sans repreneurs, toxicit\u00e9 av\u00e9r\u00e9e des pesticides, crise de l\u2019\u00e9levage intensif, s\u00e9curit\u00e9 alimentaire \u2026 L\u2019objet de ce webinaire est consacr\u00e9 \u00e0 la d\u00e9monstration de la &hellip; <a href=\"https:\/\/www.frederic-poitou.com\/blog\/a-la-reconquete-des-terres-agricoles\/\">Lire la suite\u00ad\u00ad<\/a><\/p>\n","protected":false},"author":4,"featured_media":9893,"comment_status":"closed","ping_status":"open","sticky":false,"template":"","format":"standard","meta":{"kt_blocks_editor_width":"","_exactmetrics_skip_tracking":false,"_exactmetrics_sitenote_active":false,"_exactmetrics_sitenote_note":"","_exactmetrics_sitenote_category":0,"footnotes":""},"categories":[48,53,55,51,54],"tags":[],"class_list":["post-9891","post","type-post","status-publish","format-standard","has-post-thumbnail","hentry","category-accueil","category-ecologie","category-europe","category-politique","category-societe"],"yoast_head":"<!-- This site is optimized with the Yoast SEO plugin v27.1.1 - https:\/\/yoast.com\/product\/yoast-seo-wordpress\/ -->\n<title>A LA RECONQUETE DES TERRES AGRICOLES -<\/title>\n<meta name=\"robots\" content=\"index, follow, max-snippet:-1, max-image-preview:large, max-video-preview:-1\" \/>\n<link rel=\"canonical\" href=\"https:\/\/www.frederic-poitou.com\/blog\/a-la-reconquete-des-terres-agricoles\/\" \/>\n<meta property=\"og:locale\" content=\"fr_FR\" \/>\n<meta property=\"og:type\" content=\"article\" \/>\n<meta property=\"og:title\" content=\"A LA RECONQUETE DES TERRES AGRICOLES -\" \/>\n<meta property=\"og:description\" content=\"A l\u2019heure d\u2019enjeux\u00a0 sociaux et environnementaux forts dans le monde agricole,\u00a0 agriculteurs partant \u00e0 la retraite sans repreneurs, toxicit\u00e9 av\u00e9r\u00e9e des pesticides, crise de l\u2019\u00e9levage intensif, s\u00e9curit\u00e9 alimentaire \u2026 L\u2019objet de ce webinaire est consacr\u00e9 \u00e0 la d\u00e9monstration de la &hellip; Lire la suite\u00ad\u00ad\" \/>\n<meta property=\"og:url\" content=\"https:\/\/www.frederic-poitou.com\/blog\/a-la-reconquete-des-terres-agricoles\/\" \/>\n<meta property=\"article:publisher\" content=\"https:\/\/www.facebook.com\/frederic.poitou\/\" \/>\n<meta property=\"article:published_time\" content=\"2023-07-15T02:16:32+00:00\" \/>\n<meta property=\"article:modified_time\" content=\"2026-04-25T07:07:16+00:00\" \/>\n<meta property=\"og:image\" content=\"https:\/\/www.frederic-poitou.com\/blog\/wp-content\/2020\/10\/b1b56f8365d3debf53e63a540a47571d.jpg\" \/>\n\t<meta property=\"og:image:width\" content=\"621\" \/>\n\t<meta property=\"og:image:height\" content=\"375\" \/>\n\t<meta property=\"og:image:type\" content=\"image\/jpeg\" \/>\n<meta name=\"author\" content=\"Fr\u00e9d\u00e9ric Poitou\" \/>\n<meta name=\"twitter:card\" content=\"summary_large_image\" \/>\n<meta name=\"twitter:creator\" content=\"@fredericpoitou\" \/>\n<meta name=\"twitter:site\" content=\"@fredericpoitou\" \/>\n<meta name=\"twitter:label1\" content=\"\u00c9crit par\" \/>\n\t<meta name=\"twitter:data1\" content=\"Fr\u00e9d\u00e9ric Poitou\" \/>\n\t<meta name=\"twitter:label2\" content=\"Dur\u00e9e de lecture estim\u00e9e\" \/>\n\t<meta name=\"twitter:data2\" content=\"1 minute\" \/>\n<script type=\"application\/ld+json\" class=\"yoast-schema-graph\">{\"@context\":\"https:\/\/schema.org\",\"@graph\":[{\"@type\":\"Article\",\"@id\":\"https:\/\/www.frederic-poitou.com\/blog\/a-la-reconquete-des-terres-agricoles\/#article\",\"isPartOf\":{\"@id\":\"https:\/\/www.frederic-poitou.com\/blog\/a-la-reconquete-des-terres-agricoles\/\"},\"author\":{\"name\":\"Fr\u00e9d\u00e9ric Poitou\",\"@id\":\"http:\/\/www.frederic-poitou.com\/blog\/#\/schema\/person\/e2c2d05e978747818533fdce859a7799\"},\"headline\":\"A LA RECONQUETE DES TERRES AGRICOLES\",\"datePublished\":\"2023-07-15T02:16:32+00:00\",\"dateModified\":\"2026-04-25T07:07:16+00:00\",\"mainEntityOfPage\":{\"@id\":\"https:\/\/www.frederic-poitou.com\/blog\/a-la-reconquete-des-terres-agricoles\/\"},\"wordCount\":299,\"image\":{\"@id\":\"https:\/\/www.frederic-poitou.com\/blog\/a-la-reconquete-des-terres-agricoles\/#primaryimage\"},\"thumbnailUrl\":\"https:\/\/www.frederic-poitou.com\/blog\/wp-content\/2020\/10\/b1b56f8365d3debf53e63a540a47571d.jpg\",\"articleSection\":[\"Accueil\",\"Ecologie\",\"Europe\",\"Politique\",\"Soci\u00e9t\u00e9\"],\"inLanguage\":\"fr-FR\"},{\"@type\":\"WebPage\",\"@id\":\"https:\/\/www.frederic-poitou.com\/blog\/a-la-reconquete-des-terres-agricoles\/\",\"url\":\"https:\/\/www.frederic-poitou.com\/blog\/a-la-reconquete-des-terres-agricoles\/\",\"name\":\"A LA RECONQUETE DES TERRES AGRICOLES -\",\"isPartOf\":{\"@id\":\"http:\/\/www.frederic-poitou.com\/blog\/#website\"},\"primaryImageOfPage\":{\"@id\":\"https:\/\/www.frederic-poitou.com\/blog\/a-la-reconquete-des-terres-agricoles\/#primaryimage\"},\"image\":{\"@id\":\"https:\/\/www.frederic-poitou.com\/blog\/a-la-reconquete-des-terres-agricoles\/#primaryimage\"},\"thumbnailUrl\":\"https:\/\/www.frederic-poitou.com\/blog\/wp-content\/2020\/10\/b1b56f8365d3debf53e63a540a47571d.jpg\",\"datePublished\":\"2023-07-15T02:16:32+00:00\",\"dateModified\":\"2026-04-25T07:07:16+00:00\",\"author\":{\"@id\":\"http:\/\/www.frederic-poitou.com\/blog\/#\/schema\/person\/e2c2d05e978747818533fdce859a7799\"},\"breadcrumb\":{\"@id\":\"https:\/\/www.frederic-poitou.com\/blog\/a-la-reconquete-des-terres-agricoles\/#breadcrumb\"},\"inLanguage\":\"fr-FR\",\"potentialAction\":[{\"@type\":\"ReadAction\",\"target\":[\"https:\/\/www.frederic-poitou.com\/blog\/a-la-reconquete-des-terres-agricoles\/\"]}]},{\"@type\":\"ImageObject\",\"inLanguage\":\"fr-FR\",\"@id\":\"https:\/\/www.frederic-poitou.com\/blog\/a-la-reconquete-des-terres-agricoles\/#primaryimage\",\"url\":\"https:\/\/www.frederic-poitou.com\/blog\/wp-content\/2020\/10\/b1b56f8365d3debf53e63a540a47571d.jpg\",\"contentUrl\":\"https:\/\/www.frederic-poitou.com\/blog\/wp-content\/2020\/10\/b1b56f8365d3debf53e63a540a47571d.jpg\",\"width\":621,\"height\":375},{\"@type\":\"BreadcrumbList\",\"@id\":\"https:\/\/www.frederic-poitou.com\/blog\/a-la-reconquete-des-terres-agricoles\/#breadcrumb\",\"itemListElement\":[{\"@type\":\"ListItem\",\"position\":1,\"name\":\"Accueil\",\"item\":\"http:\/\/www.frederic-poitou.com\/blog\/\"},{\"@type\":\"ListItem\",\"position\":2,\"name\":\"A LA RECONQUETE DES TERRES AGRICOLES\"}]},{\"@type\":\"WebSite\",\"@id\":\"http:\/\/www.frederic-poitou.com\/blog\/#website\",\"url\":\"http:\/\/www.frederic-poitou.com\/blog\/\",\"name\":\"\",\"description\":\"\",\"potentialAction\":[{\"@type\":\"SearchAction\",\"target\":{\"@type\":\"EntryPoint\",\"urlTemplate\":\"http:\/\/www.frederic-poitou.com\/blog\/?s={search_term_string}\"},\"query-input\":{\"@type\":\"PropertyValueSpecification\",\"valueRequired\":true,\"valueName\":\"search_term_string\"}}],\"inLanguage\":\"fr-FR\"},{\"@type\":\"Person\",\"@id\":\"http:\/\/www.frederic-poitou.com\/blog\/#\/schema\/person\/e2c2d05e978747818533fdce859a7799\",\"name\":\"Fr\u00e9d\u00e9ric Poitou\",\"image\":{\"@type\":\"ImageObject\",\"inLanguage\":\"fr-FR\",\"@id\":\"http:\/\/www.frederic-poitou.com\/blog\/#\/schema\/person\/image\/\",\"url\":\"https:\/\/secure.gravatar.com\/avatar\/1933bcca279a2feafd35d9e0a080c521e11beb51115fe4cfe02e2586ac13424a?s=96&d=mm&r=g\",\"contentUrl\":\"https:\/\/secure.gravatar.com\/avatar\/1933bcca279a2feafd35d9e0a080c521e11beb51115fe4cfe02e2586ac13424a?s=96&d=mm&r=g\",\"caption\":\"Fr\u00e9d\u00e9ric Poitou\"},\"description\":\"Fr\u00e9d\u00e9ric Poitou est n\u00e9 \u00e0 Rouen, et y a fait des \u00e9tudes au Conservatoire en musique-\u00e9tudes en section piano. Il s'est ensuite orient\u00e9 vers des \u00e9tudes scientifiques o\u00f9 il a obtenu un dipl\u00f4me d'ing\u00e9nieur, puis un doctorat en Chimie. Il est Expert Judiciaire en France, en Belgique et \u00e0 Luxembourg, et agr\u00e9e par les Institutions Europ\u00e9ennes.\",\"sameAs\":[\"http:\/\/www.frederic-poitou.com\",\"https:\/\/www.linkedin.com\/in\/frederic-poitou-b045a025\/\"]}]}<\/script>\n<!-- \/ Yoast SEO plugin. -->","yoast_head_json":{"title":"A LA RECONQUETE DES TERRES AGRICOLES -","robots":{"index":"index","follow":"follow","max-snippet":"max-snippet:-1","max-image-preview":"max-image-preview:large","max-video-preview":"max-video-preview:-1"},"canonical":"https:\/\/www.frederic-poitou.com\/blog\/a-la-reconquete-des-terres-agricoles\/","og_locale":"fr_FR","og_type":"article","og_title":"A LA RECONQUETE DES TERRES AGRICOLES -","og_description":"A l\u2019heure d\u2019enjeux\u00a0 sociaux et environnementaux forts dans le monde agricole,\u00a0 agriculteurs partant \u00e0 la retraite sans repreneurs, toxicit\u00e9 av\u00e9r\u00e9e des pesticides, crise de l\u2019\u00e9levage intensif, s\u00e9curit\u00e9 alimentaire \u2026 L\u2019objet de ce webinaire est consacr\u00e9 \u00e0 la d\u00e9monstration de la &hellip; Lire la suite\u00ad\u00ad","og_url":"https:\/\/www.frederic-poitou.com\/blog\/a-la-reconquete-des-terres-agricoles\/","article_publisher":"https:\/\/www.facebook.com\/frederic.poitou\/","article_published_time":"2023-07-15T02:16:32+00:00","article_modified_time":"2026-04-25T07:07:16+00:00","og_image":[{"width":621,"height":375,"url":"https:\/\/www.frederic-poitou.com\/blog\/wp-content\/2020\/10\/b1b56f8365d3debf53e63a540a47571d.jpg","type":"image\/jpeg"}],"author":"Fr\u00e9d\u00e9ric Poitou","twitter_card":"summary_large_image","twitter_creator":"@fredericpoitou","twitter_site":"@fredericpoitou","twitter_misc":{"\u00c9crit par":"Fr\u00e9d\u00e9ric Poitou","Dur\u00e9e de lecture estim\u00e9e":"1 minute"},"schema":{"@context":"https:\/\/schema.org","@graph":[{"@type":"Article","@id":"https:\/\/www.frederic-poitou.com\/blog\/a-la-reconquete-des-terres-agricoles\/#article","isPartOf":{"@id":"https:\/\/www.frederic-poitou.com\/blog\/a-la-reconquete-des-terres-agricoles\/"},"author":{"name":"Fr\u00e9d\u00e9ric Poitou","@id":"http:\/\/www.frederic-poitou.com\/blog\/#\/schema\/person\/e2c2d05e978747818533fdce859a7799"},"headline":"A LA RECONQUETE DES TERRES AGRICOLES","datePublished":"2023-07-15T02:16:32+00:00","dateModified":"2026-04-25T07:07:16+00:00","mainEntityOfPage":{"@id":"https:\/\/www.frederic-poitou.com\/blog\/a-la-reconquete-des-terres-agricoles\/"},"wordCount":299,"image":{"@id":"https:\/\/www.frederic-poitou.com\/blog\/a-la-reconquete-des-terres-agricoles\/#primaryimage"},"thumbnailUrl":"https:\/\/www.frederic-poitou.com\/blog\/wp-content\/2020\/10\/b1b56f8365d3debf53e63a540a47571d.jpg","articleSection":["Accueil","Ecologie","Europe","Politique","Soci\u00e9t\u00e9"],"inLanguage":"fr-FR"},{"@type":"WebPage","@id":"https:\/\/www.frederic-poitou.com\/blog\/a-la-reconquete-des-terres-agricoles\/","url":"https:\/\/www.frederic-poitou.com\/blog\/a-la-reconquete-des-terres-agricoles\/","name":"A LA RECONQUETE DES TERRES AGRICOLES -","isPartOf":{"@id":"http:\/\/www.frederic-poitou.com\/blog\/#website"},"primaryImageOfPage":{"@id":"https:\/\/www.frederic-poitou.com\/blog\/a-la-reconquete-des-terres-agricoles\/#primaryimage"},"image":{"@id":"https:\/\/www.frederic-poitou.com\/blog\/a-la-reconquete-des-terres-agricoles\/#primaryimage"},"thumbnailUrl":"https:\/\/www.frederic-poitou.com\/blog\/wp-content\/2020\/10\/b1b56f8365d3debf53e63a540a47571d.jpg","datePublished":"2023-07-15T02:16:32+00:00","dateModified":"2026-04-25T07:07:16+00:00","author":{"@id":"http:\/\/www.frederic-poitou.com\/blog\/#\/schema\/person\/e2c2d05e978747818533fdce859a7799"},"breadcrumb":{"@id":"https:\/\/www.frederic-poitou.com\/blog\/a-la-reconquete-des-terres-agricoles\/#breadcrumb"},"inLanguage":"fr-FR","potentialAction":[{"@type":"ReadAction","target":["https:\/\/www.frederic-poitou.com\/blog\/a-la-reconquete-des-terres-agricoles\/"]}]},{"@type":"ImageObject","inLanguage":"fr-FR","@id":"https:\/\/www.frederic-poitou.com\/blog\/a-la-reconquete-des-terres-agricoles\/#primaryimage","url":"https:\/\/www.frederic-poitou.com\/blog\/wp-content\/2020\/10\/b1b56f8365d3debf53e63a540a47571d.jpg","contentUrl":"https:\/\/www.frederic-poitou.com\/blog\/wp-content\/2020\/10\/b1b56f8365d3debf53e63a540a47571d.jpg","width":621,"height":375},{"@type":"BreadcrumbList","@id":"https:\/\/www.frederic-poitou.com\/blog\/a-la-reconquete-des-terres-agricoles\/#breadcrumb","itemListElement":[{"@type":"ListItem","position":1,"name":"Accueil","item":"http:\/\/www.frederic-poitou.com\/blog\/"},{"@type":"ListItem","position":2,"name":"A LA RECONQUETE DES TERRES AGRICOLES"}]},{"@type":"WebSite","@id":"http:\/\/www.frederic-poitou.com\/blog\/#website","url":"http:\/\/www.frederic-poitou.com\/blog\/","name":"","description":"","potentialAction":[{"@type":"SearchAction","target":{"@type":"EntryPoint","urlTemplate":"http:\/\/www.frederic-poitou.com\/blog\/?s={search_term_string}"},"query-input":{"@type":"PropertyValueSpecification","valueRequired":true,"valueName":"search_term_string"}}],"inLanguage":"fr-FR"},{"@type":"Person","@id":"http:\/\/www.frederic-poitou.com\/blog\/#\/schema\/person\/e2c2d05e978747818533fdce859a7799","name":"Fr\u00e9d\u00e9ric Poitou","image":{"@type":"ImageObject","inLanguage":"fr-FR","@id":"http:\/\/www.frederic-poitou.com\/blog\/#\/schema\/person\/image\/","url":"https:\/\/secure.gravatar.com\/avatar\/1933bcca279a2feafd35d9e0a080c521e11beb51115fe4cfe02e2586ac13424a?s=96&d=mm&r=g","contentUrl":"https:\/\/secure.gravatar.com\/avatar\/1933bcca279a2feafd35d9e0a080c521e11beb51115fe4cfe02e2586ac13424a?s=96&d=mm&r=g","caption":"Fr\u00e9d\u00e9ric Poitou"},"description":"Fr\u00e9d\u00e9ric Poitou est n\u00e9 \u00e0 Rouen, et y a fait des \u00e9tudes au Conservatoire en musique-\u00e9tudes en section piano. Il s'est ensuite orient\u00e9 vers des \u00e9tudes scientifiques o\u00f9 il a obtenu un dipl\u00f4me d'ing\u00e9nieur, puis un doctorat en Chimie. Il est Expert Judiciaire en France, en Belgique et \u00e0 Luxembourg, et agr\u00e9e par les Institutions Europ\u00e9ennes.","sameAs":["http:\/\/www.frederic-poitou.com","https:\/\/www.linkedin.com\/in\/frederic-poitou-b045a025\/"]}]}},"_links":{"self":[{"href":"https:\/\/www.frederic-poitou.com\/blog\/wp-json\/wp\/v2\/posts\/9891","targetHints":{"allow":["GET"]}}],"collection":[{"href":"https:\/\/www.frederic-poitou.com\/blog\/wp-json\/wp\/v2\/posts"}],"about":[{"href":"https:\/\/www.frederic-poitou.com\/blog\/wp-json\/wp\/v2\/types\/post"}],"author":[{"embeddable":true,"href":"https:\/\/www.frederic-poitou.com\/blog\/wp-json\/wp\/v2\/users\/4"}],"replies":[{"embeddable":true,"href":"https:\/\/www.frederic-poitou.com\/blog\/wp-json\/wp\/v2\/comments?post=9891"}],"version-history":[{"count":2,"href":"https:\/\/www.frederic-poitou.com\/blog\/wp-json\/wp\/v2\/posts\/9891\/revisions"}],"predecessor-version":[{"id":9895,"href":"https:\/\/www.frederic-poitou.com\/blog\/wp-json\/wp\/v2\/posts\/9891\/revisions\/9895"}],"wp:featuredmedia":[{"embeddable":true,"href":"https:\/\/www.frederic-poitou.com\/blog\/wp-json\/wp\/v2\/media\/9893"}],"wp:attachment":[{"href":"https:\/\/www.frederic-poitou.com\/blog\/wp-json\/wp\/v2\/media?parent=9891"}],"wp:term":[{"taxonomy":"category","embeddable":true,"href":"https:\/\/www.frederic-poitou.com\/blog\/wp-json\/wp\/v2\/categories?post=9891"},{"taxonomy":"post_tag","embeddable":true,"href":"https:\/\/www.frederic-poitou.com\/blog\/wp-json\/wp\/v2\/tags?post=9891"}],"curies":[{"name":"wp","href":"https:\/\/api.w.org\/{rel}","templated":true}]}}