{"id":9740,"date":"2023-07-14T21:34:32","date_gmt":"2023-07-14T19:34:32","guid":{"rendered":"http:\/\/www.frederic-poitou.com\/blog\/?p=9740"},"modified":"2026-04-23T03:26:32","modified_gmt":"2026-04-23T01:26:32","slug":"a-la-recherche-du-temps-a-venir","status":"publish","type":"post","link":"https:\/\/www.frederic-poitou.com\/blog\/a-la-recherche-du-temps-a-venir\/","title":{"rendered":"\u00c0 LA RECHERCHE DU TEMPS \u00c0 VENIR"},"content":{"rendered":"<p class=\"p2\"><span class=\"s1\">Du confinement \u00e9mergera un nouveau mod\u00e8le soci\u00e9tal.<\/span><\/p>\n<p class=\"p3\"><span class=\"s1\"><i>\u00ab\u00a0On a d\u00e9j\u00e0 connu beaucoup d&rsquo;\u00e9pid\u00e9mies qui ont contraint \u00e0 des r\u00e9volutions culturelles, \u00e0 de l&rsquo;adaptation\u00bb <\/i>Boris Cyrulnik<\/span><\/p>\n<p class=\"p1\"><span class=\"s1\"><i>\u00ab\u00a0On a d\u00e9j\u00e0 connu beaucoup d&rsquo;\u00e9pid\u00e9mies qui ont contraint \u00e0 des r\u00e9volutions culturelles, \u00e0 de l&rsquo;adaptation\u00bb <\/i>Boris Cyrulnik<\/span><\/p>\n<p class=\"p2\"><span class=\"s1\">L\u2019Histoire de l\u2019Humanit\u00e9 n\u2019est faite que de sauts comportementaux quantiques dont les peurs sont toujours \u00e0 l\u2019origine : Peur de la maladie (grandes \u00e9pid\u00e9mie comme celle de la peste, de la grippe espagnole), peur du dysfonctionnement d\u2019un syst\u00e8me \u00e9conomique et financier (crises de 1929, de 2008), peur du d\u00e9r\u00e8glement climatique de cons\u00e9quences d\u00e9sormais visibles, peur du fanatisme religieux que nos soci\u00e9t\u00e9s affrontent depuis les ann\u00e9es 2010.<\/span><\/p>\n<p class=\"p2\"><span class=\"s1\">Ca n\u2019est malheureusement pas la raison mais la peur qui d\u00e9clenche l\u2019adaptation. Car la peur impose ce que la raison propose. <\/span><\/p>\n<p class=\"p2\"><span class=\"s1\">Nous vivons trois moments synchrones plan\u00e9taires, tous aussi psycho-traumatisants que potentiellement vecteurs d\u2019une main tendue nous incitant \u00e0 inventer un nouveau mod\u00e8le soci\u00e9tal.<\/span><\/p>\n<ul class=\"ul1\">\n<li class=\"li4\"><span class=\"s1\">Les cons\u00e9quences politiques d\u2019une forme nouvelle de terrorisme, apparu dans les ann\u00e9es 2010 en Syrie autour d\u2019un dogme n\u00e9 du d\u00e9voiement d\u2019une religion.<\/span><\/li>\n<li class=\"li4\"><span class=\"s1\">Un d\u00e9r\u00e8glement climatique d\u00e9sormais visible, qu\u2019il ne nous est plus possible de nier car il se per\u00e7oit au quotidien et nous impose individuellement une modification profonde de comportement pour rompre avec une soci\u00e9t\u00e9 dans laquelle notre seul objectif \u00e9tait de cr\u00e9er les conditions de notre propre confort, au m\u00e9pris surr\u00e9aliste de l\u2019espace qui nous nourrit : La plan\u00e8te<\/span><\/li>\n<li class=\"li2\"><span class=\"s1\">Et depuis quelques semaines, une \u00e9pid\u00e9mie mondiale de prolif\u00e9ration anarchique et non contr\u00f4l\u00e9e dont les cons\u00e9quences sont multiples et n\u00e9cessiteny un effort \u00e0 la fois global d\u2019organisation de nos nations, et personnel de modifications de notre mode de vie quotidien.<\/span><\/li>\n<\/ul>\n<p class=\"p2\"><span class=\"s1\">Nous allons devoir modifier tr\u00e8s rapidement nos habitudes domestiques et professionnelles pour passer tr\u00e8s vite vers une attitude moins consommatrice en \u00e9nergie, en d\u00e9placement, en achats, moins gourmande tout court. <\/span><\/p>\n<p class=\"p2\"><span class=\"s1\">Et nous allons nous rendre compte que nous pouvons produire pratiquement la m\u00eame chose avec moins d&rsquo;\u00e9nergie, ou \u00e0 l&rsquo;inverse beaucoup plus avec la m\u00eame \u00e9nergie. Nous allons juste devoir adapter nos objectifs et optimiser les ressources \u00e9nerg\u00e9tiques, humaines, technologiques, financi\u00e8res ou \u00e9conomiques que nous mobilisons pour les atteindre.<\/span><\/p>\n<p class=\"p2\"><span class=\"s1\">C\u2019est le terme \u00e0 la mode : \u00ab<i>Changer de paradigme<\/i>\u00bb, qui signifie en sociologie la mani\u00e8re dont un groupe r\u00e9agit \u00e0 la perception de sa propre condition pour l\u2019adapter au contexte.<\/span><\/p>\n<p class=\"p2\"><span class=\"s1\">L\u2019adaptation mesure la capacit\u00e9 d\u2019un \u00eatre vivant, ou d\u2019une communaut\u00e9 d\u2019\u00eatres vivants \u00e0 ajuster son fonctionnement propre \u00e0 un changement impr\u00e9vu et inconnu. Ca tombe bien ! C&rsquo;est juste ce dont notre plan\u00e8te avait besoin pour passer d\u2019un mod\u00e8le actuel hyper-consum\u00e9riste, apparu dans les ann\u00e9es 60 et par d\u00e9finition d\u00e9pass\u00e9 puisqu\u2019il consistait \u00e0 mettre en \u0153uvre plus de ressources que la plan\u00e8te ne peut en produire, vers un mod\u00e8le \u00e9conome en ressources consomm\u00e9es, qu\u2019elles soient humaines, technologiques ou \u00e9conomiques.<\/span><\/p>\n<p class=\"p2\"><span class=\"s1\">Face \u00e0 la mise \u00e0 mal de notre mod\u00e8le soci\u00e9tal et de ses libert\u00e9s individuelles par ces crises successives, les barri\u00e8res de protections ne pourront \u00eatre que communes, prenant soin de pr\u00e9server un service public qui s\u2019av\u00e8re d\u00e9sormais vital au bon fonctionnement de la soci\u00e9t\u00e9 \u00e0 commencer par ses syst\u00e8mes de protection sociale et de sant\u00e9, ce dont on se rend compte \u00e0 mesure que les mesures de confinement restreignent notre libert\u00e9 de mouvement et nos conditions de vie.<\/span><\/p>\n<p class=\"p2\"><span class=\"s1\">Ces ruptures vont nous contraindre \u00e0 regarder l\u2019autre comme source de solution et ralentir un temps que nous ma\u00eetrisons d\u00e9sormais moins bien. <\/span><\/p>\n<p class=\"p2\"><span class=\"s1\">Notre recherche du temps \u00e0 venir sera une \u00e9loge de la lenteur et de l\u2019altruisme, ou ne sera pas !<\/span><\/p>\n<p class=\"p2\"><span class=\"s1\">Cette r\u00e9flexion est l\u2019introduction d\u2019un travail de trois chapitres que j\u2019ai r\u00e9dig\u00e9s concernant l\u2019adaptation aux circonstances actuelles d\u2019un laboratoire de chimie et d\u2019expertise.<\/span><\/p>\n<p class=\"p2\"><span class=\"s1\">Un effort de colibri auquel je ne pouvais pas me soustraire.<\/span><\/p>\n","protected":false},"excerpt":{"rendered":"<p>Du confinement \u00e9mergera un nouveau mod\u00e8le soci\u00e9tal. \u00ab\u00a0On a d\u00e9j\u00e0 connu beaucoup d&rsquo;\u00e9pid\u00e9mies qui ont contraint \u00e0 des r\u00e9volutions culturelles, \u00e0 de l&rsquo;adaptation\u00bb Boris Cyrulnik \u00ab\u00a0On a d\u00e9j\u00e0 connu beaucoup d&rsquo;\u00e9pid\u00e9mies qui ont contraint \u00e0 des r\u00e9volutions culturelles, \u00e0 de &hellip; <a href=\"https:\/\/www.frederic-poitou.com\/blog\/a-la-recherche-du-temps-a-venir\/\">Lire la suite\u00ad\u00ad<\/a><\/p>\n","protected":false},"author":4,"featured_media":9741,"comment_status":"closed","ping_status":"open","sticky":false,"template":"","format":"standard","meta":{"kt_blocks_editor_width":"","_exactmetrics_skip_tracking":false,"_exactmetrics_sitenote_active":false,"_exactmetrics_sitenote_note":"","_exactmetrics_sitenote_category":0,"footnotes":""},"categories":[48,1,55,51,54],"tags":[],"class_list":["post-9740","post","type-post","status-publish","format-standard","has-post-thumbnail","hentry","category-accueil","category-politique-economie","category-europe","category-politique","category-societe"],"yoast_head":"<!-- This site is optimized with the Yoast SEO plugin v27.1.1 - https:\/\/yoast.com\/product\/yoast-seo-wordpress\/ -->\n<title>\u00c0 LA RECHERCHE DU TEMPS \u00c0 VENIR -<\/title>\n<meta name=\"robots\" content=\"index, follow, max-snippet:-1, max-image-preview:large, max-video-preview:-1\" \/>\n<link rel=\"canonical\" href=\"https:\/\/www.frederic-poitou.com\/blog\/a-la-recherche-du-temps-a-venir\/\" \/>\n<meta property=\"og:locale\" content=\"fr_FR\" \/>\n<meta property=\"og:type\" content=\"article\" \/>\n<meta property=\"og:title\" content=\"\u00c0 LA RECHERCHE DU TEMPS \u00c0 VENIR -\" \/>\n<meta property=\"og:description\" content=\"Du confinement \u00e9mergera un nouveau mod\u00e8le soci\u00e9tal. \u00ab\u00a0On a d\u00e9j\u00e0 connu beaucoup d&rsquo;\u00e9pid\u00e9mies qui ont contraint \u00e0 des r\u00e9volutions culturelles, \u00e0 de l&rsquo;adaptation\u00bb Boris Cyrulnik \u00ab\u00a0On a d\u00e9j\u00e0 connu beaucoup d&rsquo;\u00e9pid\u00e9mies qui ont contraint \u00e0 des r\u00e9volutions culturelles, \u00e0 de &hellip; Lire la suite\u00ad\u00ad\" \/>\n<meta property=\"og:url\" content=\"https:\/\/www.frederic-poitou.com\/blog\/a-la-recherche-du-temps-a-venir\/\" \/>\n<meta property=\"article:publisher\" content=\"https:\/\/www.facebook.com\/frederic.poitou\/\" \/>\n<meta property=\"article:published_time\" content=\"2023-07-14T19:34:32+00:00\" \/>\n<meta property=\"article:modified_time\" content=\"2026-04-23T01:26:32+00:00\" \/>\n<meta property=\"og:image\" content=\"https:\/\/www.frederic-poitou.com\/blog\/wp-content\/2020\/03\/lent2.jpeg\" \/>\n\t<meta property=\"og:image:width\" content=\"1058\" \/>\n\t<meta property=\"og:image:height\" content=\"1059\" \/>\n\t<meta property=\"og:image:type\" content=\"image\/jpeg\" \/>\n<meta name=\"author\" content=\"Fr\u00e9d\u00e9ric Poitou\" \/>\n<meta name=\"twitter:card\" content=\"summary_large_image\" \/>\n<meta name=\"twitter:creator\" content=\"@fredericpoitou\" \/>\n<meta name=\"twitter:site\" content=\"@fredericpoitou\" \/>\n<meta name=\"twitter:label1\" content=\"\u00c9crit par\" \/>\n\t<meta name=\"twitter:data1\" content=\"Fr\u00e9d\u00e9ric Poitou\" \/>\n\t<meta name=\"twitter:label2\" content=\"Dur\u00e9e de lecture estim\u00e9e\" \/>\n\t<meta name=\"twitter:data2\" content=\"3 minutes\" \/>\n<script type=\"application\/ld+json\" class=\"yoast-schema-graph\">{\"@context\":\"https:\/\/schema.org\",\"@graph\":[{\"@type\":\"Article\",\"@id\":\"https:\/\/www.frederic-poitou.com\/blog\/a-la-recherche-du-temps-a-venir\/#article\",\"isPartOf\":{\"@id\":\"https:\/\/www.frederic-poitou.com\/blog\/a-la-recherche-du-temps-a-venir\/\"},\"author\":{\"name\":\"Fr\u00e9d\u00e9ric Poitou\",\"@id\":\"http:\/\/www.frederic-poitou.com\/blog\/#\/schema\/person\/e2c2d05e978747818533fdce859a7799\"},\"headline\":\"\u00c0 LA RECHERCHE DU TEMPS \u00c0 VENIR\",\"datePublished\":\"2023-07-14T19:34:32+00:00\",\"dateModified\":\"2026-04-23T01:26:32+00:00\",\"mainEntityOfPage\":{\"@id\":\"https:\/\/www.frederic-poitou.com\/blog\/a-la-recherche-du-temps-a-venir\/\"},\"wordCount\":705,\"image\":{\"@id\":\"https:\/\/www.frederic-poitou.com\/blog\/a-la-recherche-du-temps-a-venir\/#primaryimage\"},\"thumbnailUrl\":\"https:\/\/www.frederic-poitou.com\/blog\/wp-content\/2020\/03\/lent2.jpeg\",\"articleSection\":[\"Accueil\",\"Divers\",\"Europe\",\"Politique\",\"Soci\u00e9t\u00e9\"],\"inLanguage\":\"fr-FR\"},{\"@type\":\"WebPage\",\"@id\":\"https:\/\/www.frederic-poitou.com\/blog\/a-la-recherche-du-temps-a-venir\/\",\"url\":\"https:\/\/www.frederic-poitou.com\/blog\/a-la-recherche-du-temps-a-venir\/\",\"name\":\"\u00c0 LA RECHERCHE DU TEMPS \u00c0 VENIR -\",\"isPartOf\":{\"@id\":\"http:\/\/www.frederic-poitou.com\/blog\/#website\"},\"primaryImageOfPage\":{\"@id\":\"https:\/\/www.frederic-poitou.com\/blog\/a-la-recherche-du-temps-a-venir\/#primaryimage\"},\"image\":{\"@id\":\"https:\/\/www.frederic-poitou.com\/blog\/a-la-recherche-du-temps-a-venir\/#primaryimage\"},\"thumbnailUrl\":\"https:\/\/www.frederic-poitou.com\/blog\/wp-content\/2020\/03\/lent2.jpeg\",\"datePublished\":\"2023-07-14T19:34:32+00:00\",\"dateModified\":\"2026-04-23T01:26:32+00:00\",\"author\":{\"@id\":\"http:\/\/www.frederic-poitou.com\/blog\/#\/schema\/person\/e2c2d05e978747818533fdce859a7799\"},\"breadcrumb\":{\"@id\":\"https:\/\/www.frederic-poitou.com\/blog\/a-la-recherche-du-temps-a-venir\/#breadcrumb\"},\"inLanguage\":\"fr-FR\",\"potentialAction\":[{\"@type\":\"ReadAction\",\"target\":[\"https:\/\/www.frederic-poitou.com\/blog\/a-la-recherche-du-temps-a-venir\/\"]}]},{\"@type\":\"ImageObject\",\"inLanguage\":\"fr-FR\",\"@id\":\"https:\/\/www.frederic-poitou.com\/blog\/a-la-recherche-du-temps-a-venir\/#primaryimage\",\"url\":\"https:\/\/www.frederic-poitou.com\/blog\/wp-content\/2020\/03\/lent2.jpeg\",\"contentUrl\":\"https:\/\/www.frederic-poitou.com\/blog\/wp-content\/2020\/03\/lent2.jpeg\",\"width\":1058,\"height\":1059},{\"@type\":\"BreadcrumbList\",\"@id\":\"https:\/\/www.frederic-poitou.com\/blog\/a-la-recherche-du-temps-a-venir\/#breadcrumb\",\"itemListElement\":[{\"@type\":\"ListItem\",\"position\":1,\"name\":\"Accueil\",\"item\":\"http:\/\/www.frederic-poitou.com\/blog\/\"},{\"@type\":\"ListItem\",\"position\":2,\"name\":\"\u00c0 LA RECHERCHE DU TEMPS \u00c0 VENIR\"}]},{\"@type\":\"WebSite\",\"@id\":\"http:\/\/www.frederic-poitou.com\/blog\/#website\",\"url\":\"http:\/\/www.frederic-poitou.com\/blog\/\",\"name\":\"\",\"description\":\"\",\"potentialAction\":[{\"@type\":\"SearchAction\",\"target\":{\"@type\":\"EntryPoint\",\"urlTemplate\":\"http:\/\/www.frederic-poitou.com\/blog\/?s={search_term_string}\"},\"query-input\":{\"@type\":\"PropertyValueSpecification\",\"valueRequired\":true,\"valueName\":\"search_term_string\"}}],\"inLanguage\":\"fr-FR\"},{\"@type\":\"Person\",\"@id\":\"http:\/\/www.frederic-poitou.com\/blog\/#\/schema\/person\/e2c2d05e978747818533fdce859a7799\",\"name\":\"Fr\u00e9d\u00e9ric Poitou\",\"image\":{\"@type\":\"ImageObject\",\"inLanguage\":\"fr-FR\",\"@id\":\"http:\/\/www.frederic-poitou.com\/blog\/#\/schema\/person\/image\/\",\"url\":\"https:\/\/secure.gravatar.com\/avatar\/1933bcca279a2feafd35d9e0a080c521e11beb51115fe4cfe02e2586ac13424a?s=96&d=mm&r=g\",\"contentUrl\":\"https:\/\/secure.gravatar.com\/avatar\/1933bcca279a2feafd35d9e0a080c521e11beb51115fe4cfe02e2586ac13424a?s=96&d=mm&r=g\",\"caption\":\"Fr\u00e9d\u00e9ric Poitou\"},\"description\":\"Fr\u00e9d\u00e9ric Poitou est n\u00e9 \u00e0 Rouen, et y a fait des \u00e9tudes au Conservatoire en musique-\u00e9tudes en section piano. Il s'est ensuite orient\u00e9 vers des \u00e9tudes scientifiques o\u00f9 il a obtenu un dipl\u00f4me d'ing\u00e9nieur, puis un doctorat en Chimie. Il est Expert Judiciaire en France, en Belgique et \u00e0 Luxembourg, et agr\u00e9e par les Institutions Europ\u00e9ennes.\",\"sameAs\":[\"http:\/\/www.frederic-poitou.com\",\"https:\/\/www.linkedin.com\/in\/frederic-poitou-b045a025\/\"]}]}<\/script>\n<!-- \/ Yoast SEO plugin. -->","yoast_head_json":{"title":"\u00c0 LA RECHERCHE DU TEMPS \u00c0 VENIR -","robots":{"index":"index","follow":"follow","max-snippet":"max-snippet:-1","max-image-preview":"max-image-preview:large","max-video-preview":"max-video-preview:-1"},"canonical":"https:\/\/www.frederic-poitou.com\/blog\/a-la-recherche-du-temps-a-venir\/","og_locale":"fr_FR","og_type":"article","og_title":"\u00c0 LA RECHERCHE DU TEMPS \u00c0 VENIR -","og_description":"Du confinement \u00e9mergera un nouveau mod\u00e8le soci\u00e9tal. \u00ab\u00a0On a d\u00e9j\u00e0 connu beaucoup d&rsquo;\u00e9pid\u00e9mies qui ont contraint \u00e0 des r\u00e9volutions culturelles, \u00e0 de l&rsquo;adaptation\u00bb Boris Cyrulnik \u00ab\u00a0On a d\u00e9j\u00e0 connu beaucoup d&rsquo;\u00e9pid\u00e9mies qui ont contraint \u00e0 des r\u00e9volutions culturelles, \u00e0 de &hellip; Lire la suite\u00ad\u00ad","og_url":"https:\/\/www.frederic-poitou.com\/blog\/a-la-recherche-du-temps-a-venir\/","article_publisher":"https:\/\/www.facebook.com\/frederic.poitou\/","article_published_time":"2023-07-14T19:34:32+00:00","article_modified_time":"2026-04-23T01:26:32+00:00","og_image":[{"width":1058,"height":1059,"url":"https:\/\/www.frederic-poitou.com\/blog\/wp-content\/2020\/03\/lent2.jpeg","type":"image\/jpeg"}],"author":"Fr\u00e9d\u00e9ric Poitou","twitter_card":"summary_large_image","twitter_creator":"@fredericpoitou","twitter_site":"@fredericpoitou","twitter_misc":{"\u00c9crit par":"Fr\u00e9d\u00e9ric Poitou","Dur\u00e9e de lecture estim\u00e9e":"3 minutes"},"schema":{"@context":"https:\/\/schema.org","@graph":[{"@type":"Article","@id":"https:\/\/www.frederic-poitou.com\/blog\/a-la-recherche-du-temps-a-venir\/#article","isPartOf":{"@id":"https:\/\/www.frederic-poitou.com\/blog\/a-la-recherche-du-temps-a-venir\/"},"author":{"name":"Fr\u00e9d\u00e9ric Poitou","@id":"http:\/\/www.frederic-poitou.com\/blog\/#\/schema\/person\/e2c2d05e978747818533fdce859a7799"},"headline":"\u00c0 LA RECHERCHE DU TEMPS \u00c0 VENIR","datePublished":"2023-07-14T19:34:32+00:00","dateModified":"2026-04-23T01:26:32+00:00","mainEntityOfPage":{"@id":"https:\/\/www.frederic-poitou.com\/blog\/a-la-recherche-du-temps-a-venir\/"},"wordCount":705,"image":{"@id":"https:\/\/www.frederic-poitou.com\/blog\/a-la-recherche-du-temps-a-venir\/#primaryimage"},"thumbnailUrl":"https:\/\/www.frederic-poitou.com\/blog\/wp-content\/2020\/03\/lent2.jpeg","articleSection":["Accueil","Divers","Europe","Politique","Soci\u00e9t\u00e9"],"inLanguage":"fr-FR"},{"@type":"WebPage","@id":"https:\/\/www.frederic-poitou.com\/blog\/a-la-recherche-du-temps-a-venir\/","url":"https:\/\/www.frederic-poitou.com\/blog\/a-la-recherche-du-temps-a-venir\/","name":"\u00c0 LA RECHERCHE DU TEMPS \u00c0 VENIR -","isPartOf":{"@id":"http:\/\/www.frederic-poitou.com\/blog\/#website"},"primaryImageOfPage":{"@id":"https:\/\/www.frederic-poitou.com\/blog\/a-la-recherche-du-temps-a-venir\/#primaryimage"},"image":{"@id":"https:\/\/www.frederic-poitou.com\/blog\/a-la-recherche-du-temps-a-venir\/#primaryimage"},"thumbnailUrl":"https:\/\/www.frederic-poitou.com\/blog\/wp-content\/2020\/03\/lent2.jpeg","datePublished":"2023-07-14T19:34:32+00:00","dateModified":"2026-04-23T01:26:32+00:00","author":{"@id":"http:\/\/www.frederic-poitou.com\/blog\/#\/schema\/person\/e2c2d05e978747818533fdce859a7799"},"breadcrumb":{"@id":"https:\/\/www.frederic-poitou.com\/blog\/a-la-recherche-du-temps-a-venir\/#breadcrumb"},"inLanguage":"fr-FR","potentialAction":[{"@type":"ReadAction","target":["https:\/\/www.frederic-poitou.com\/blog\/a-la-recherche-du-temps-a-venir\/"]}]},{"@type":"ImageObject","inLanguage":"fr-FR","@id":"https:\/\/www.frederic-poitou.com\/blog\/a-la-recherche-du-temps-a-venir\/#primaryimage","url":"https:\/\/www.frederic-poitou.com\/blog\/wp-content\/2020\/03\/lent2.jpeg","contentUrl":"https:\/\/www.frederic-poitou.com\/blog\/wp-content\/2020\/03\/lent2.jpeg","width":1058,"height":1059},{"@type":"BreadcrumbList","@id":"https:\/\/www.frederic-poitou.com\/blog\/a-la-recherche-du-temps-a-venir\/#breadcrumb","itemListElement":[{"@type":"ListItem","position":1,"name":"Accueil","item":"http:\/\/www.frederic-poitou.com\/blog\/"},{"@type":"ListItem","position":2,"name":"\u00c0 LA RECHERCHE DU TEMPS \u00c0 VENIR"}]},{"@type":"WebSite","@id":"http:\/\/www.frederic-poitou.com\/blog\/#website","url":"http:\/\/www.frederic-poitou.com\/blog\/","name":"","description":"","potentialAction":[{"@type":"SearchAction","target":{"@type":"EntryPoint","urlTemplate":"http:\/\/www.frederic-poitou.com\/blog\/?s={search_term_string}"},"query-input":{"@type":"PropertyValueSpecification","valueRequired":true,"valueName":"search_term_string"}}],"inLanguage":"fr-FR"},{"@type":"Person","@id":"http:\/\/www.frederic-poitou.com\/blog\/#\/schema\/person\/e2c2d05e978747818533fdce859a7799","name":"Fr\u00e9d\u00e9ric Poitou","image":{"@type":"ImageObject","inLanguage":"fr-FR","@id":"http:\/\/www.frederic-poitou.com\/blog\/#\/schema\/person\/image\/","url":"https:\/\/secure.gravatar.com\/avatar\/1933bcca279a2feafd35d9e0a080c521e11beb51115fe4cfe02e2586ac13424a?s=96&d=mm&r=g","contentUrl":"https:\/\/secure.gravatar.com\/avatar\/1933bcca279a2feafd35d9e0a080c521e11beb51115fe4cfe02e2586ac13424a?s=96&d=mm&r=g","caption":"Fr\u00e9d\u00e9ric Poitou"},"description":"Fr\u00e9d\u00e9ric Poitou est n\u00e9 \u00e0 Rouen, et y a fait des \u00e9tudes au Conservatoire en musique-\u00e9tudes en section piano. Il s'est ensuite orient\u00e9 vers des \u00e9tudes scientifiques o\u00f9 il a obtenu un dipl\u00f4me d'ing\u00e9nieur, puis un doctorat en Chimie. Il est Expert Judiciaire en France, en Belgique et \u00e0 Luxembourg, et agr\u00e9e par les Institutions Europ\u00e9ennes.","sameAs":["http:\/\/www.frederic-poitou.com","https:\/\/www.linkedin.com\/in\/frederic-poitou-b045a025\/"]}]}},"_links":{"self":[{"href":"https:\/\/www.frederic-poitou.com\/blog\/wp-json\/wp\/v2\/posts\/9740","targetHints":{"allow":["GET"]}}],"collection":[{"href":"https:\/\/www.frederic-poitou.com\/blog\/wp-json\/wp\/v2\/posts"}],"about":[{"href":"https:\/\/www.frederic-poitou.com\/blog\/wp-json\/wp\/v2\/types\/post"}],"author":[{"embeddable":true,"href":"https:\/\/www.frederic-poitou.com\/blog\/wp-json\/wp\/v2\/users\/4"}],"replies":[{"embeddable":true,"href":"https:\/\/www.frederic-poitou.com\/blog\/wp-json\/wp\/v2\/comments?post=9740"}],"version-history":[{"count":8,"href":"https:\/\/www.frederic-poitou.com\/blog\/wp-json\/wp\/v2\/posts\/9740\/revisions"}],"predecessor-version":[{"id":9752,"href":"https:\/\/www.frederic-poitou.com\/blog\/wp-json\/wp\/v2\/posts\/9740\/revisions\/9752"}],"wp:featuredmedia":[{"embeddable":true,"href":"https:\/\/www.frederic-poitou.com\/blog\/wp-json\/wp\/v2\/media\/9741"}],"wp:attachment":[{"href":"https:\/\/www.frederic-poitou.com\/blog\/wp-json\/wp\/v2\/media?parent=9740"}],"wp:term":[{"taxonomy":"category","embeddable":true,"href":"https:\/\/www.frederic-poitou.com\/blog\/wp-json\/wp\/v2\/categories?post=9740"},{"taxonomy":"post_tag","embeddable":true,"href":"https:\/\/www.frederic-poitou.com\/blog\/wp-json\/wp\/v2\/tags?post=9740"}],"curies":[{"name":"wp","href":"https:\/\/api.w.org\/{rel}","templated":true}]}}