{"id":9659,"date":"2023-07-14T15:31:32","date_gmt":"2023-07-14T13:31:32","guid":{"rendered":"http:\/\/www.frederic-poitou.com\/blog\/?p=9659"},"modified":"2026-04-21T05:08:22","modified_gmt":"2026-04-21T03:08:22","slug":"nous-etion-s-quelques-bons-copains-a-bicyclette","status":"publish","type":"post","link":"https:\/\/www.frederic-poitou.com\/blog\/nous-etion-s-quelques-bons-copains-a-bicyclette\/","title":{"rendered":"NOUS ETIONS QUELQUES BONS COPAINS, A BICYCLETTE !"},"content":{"rendered":"<div class=\"\" data-block=\"true\" data-editor=\"f0ihe\" data-offset-key=\"ae3cj-0-0\">\n<div class=\"_1mf _1mj\" data-offset-key=\"ae3cj-0-0\"><span data-offset-key=\"ae3cj-0-0\">Hier, l&rsquo;<\/span><a href=\"http:\/\/adava.fr\/wp\/\" target=\"_blank\" rel=\"noopener noreferrer\"><span class=\"_247o\" style=\"color: #333399;\" spellcheck=\"false\" data-offset-key=\"ae3cj-1-0\">Adava Pays d&rsquo;Aix<\/span><\/a><span data-offset-key=\"ae3cj-2-0\"> organisait avec la Provence une chouette exp\u00e9rience en deux temps, pour tenter de sensibiliser ceux qui ne le seraient pas encore \u00e0 l&rsquo;imp\u00e9rieuse n\u00e9cessit\u00e9 d&rsquo;investir sur les modes de transports doux alternatifs.<\/span><\/div>\n<\/div>\n<div class=\"\" data-block=\"true\" data-editor=\"f0ihe\" data-offset-key=\"87h4j-0-0\">\n<div class=\"_1mf _1mj\" data-offset-key=\"87h4j-0-0\"><span data-offset-key=\"87h4j-0-0\">\u00a0<\/span><\/div>\n<\/div>\n<div class=\"\" data-block=\"true\" data-editor=\"f0ihe\" data-offset-key=\"d8mkr-0-0\">\n<div class=\"_1mf _1mj\" data-offset-key=\"d8mkr-0-0\"><span data-offset-key=\"d8mkr-0-0\">Premier temps : Une ballade en v\u00e9lo \u00e0 Aix, qui a permis de retrouver :<\/span><\/div>\n<\/div>\n<div class=\"\" data-block=\"true\" data-editor=\"f0ihe\" data-offset-key=\"429p1-0-0\">\n<div class=\"_1mf _1mj\" data-offset-key=\"429p1-0-0\"><span data-offset-key=\"429p1-0-0\">&#8211; des \u00e9lus, certes en costume cravate et mocassins noirs, sur des v\u00e9lo de pr\u00eat, mais il y a un d\u00e9but \u00e0 tout pour comprendre les vrais probl\u00e8mes des vrais gens !<\/span><\/div>\n<\/div>\n<div class=\"\" data-block=\"true\" data-editor=\"f0ihe\" data-offset-key=\"4n16v-0-0\">\n<div class=\"_1mf _1mj\" data-offset-key=\"4n16v-0-0\"><span data-offset-key=\"4n16v-0-0\">&#8211; Les colistiers de certaines listes, plus pr\u00e9occup\u00e9s \u00e0 badigeonner leurs v\u00e9los de stickers et drapeaux au logo de leurs listes qu&rsquo;\u00e0 tenter de comprendre les probl\u00e9matiques de discontinuit\u00e9 des \u00e9quipements ..<\/span><\/div>\n<\/div>\n<div class=\"\" data-block=\"true\" data-editor=\"f0ihe\" data-offset-key=\"5qdgv-0-0\">\n<div class=\"_1mf _1mj\" data-offset-key=\"5qdgv-0-0\"><span data-offset-key=\"5qdgv-0-0\">\u00a0<\/span><\/div>\n<\/div>\n<div class=\"\" data-block=\"true\" data-editor=\"f0ihe\" data-offset-key=\"fjre-0-0\">\n<div class=\"_1mf _1mj\" data-offset-key=\"fjre-0-0\"><span data-offset-key=\"fjre-0-0\">Bref, c&rsquo;est souvent comme \u00e7a <\/span><\/div>\n<\/div>\n<div class=\"\" data-block=\"true\" data-editor=\"f0ihe\" data-offset-key=\"bscph-0-0\">\n<div class=\"_1mf _1mj\" data-offset-key=\"bscph-0-0\"><span data-offset-key=\"bscph-0-0\">\u00a0<\/span><\/div>\n<\/div>\n<div class=\"\" data-block=\"true\" data-editor=\"f0ihe\" data-offset-key=\"2hcor-0-0\">\n<div class=\"_1mf _1mj\" data-offset-key=\"2hcor-0-0\"><span data-offset-key=\"2hcor-0-0\">Second temps : Un d\u00e9bat, bien organis\u00e9, bien r\u00e9gul\u00e9 par @julien.danielides \u00e0 l&rsquo;occasion duquel chaque liste (candidat ou repr\u00e9sentant) pouvait s&rsquo;exprimer pendant 6 minutes pour d\u00e9fendre son programme.<\/span><\/div>\n<\/div>\n<div class=\"\" data-block=\"true\" data-editor=\"f0ihe\" data-offset-key=\"1jgbr-0-0\">\n<div class=\"_1mf _1mj\" data-offset-key=\"1jgbr-0-0\"><span data-offset-key=\"1jgbr-0-0\">\u00a0<\/span><\/div>\n<\/div>\n<div class=\"\" data-block=\"true\" data-editor=\"f0ihe\" data-offset-key=\"6npnu-0-0\">\n<div class=\"_1mf _1mj\" data-offset-key=\"6npnu-0-0\"><span data-offset-key=\"6npnu-0-0\">Beaucoup ont parl\u00e9 de leur exp\u00e9rience du v\u00e9lo, \u00ab\u00a0moi je fais du v\u00e9lo tous les jours sur un v\u00e9lo rouge, je connais bien &#8230; \u00ab\u00a0, \u00ab\u00a0moi je connais le pont de l&rsquo;Arc, pas facile d&rsquo;y passer &#8230;\u00a0\u00bb, \u00ab\u00a0moi j&rsquo;ai fait une grosse \u00e9tude sur le sujet &#8230;\u00a0\u00bb; \u00ab\u00a0moi je porte un gilet jaune, sur les ronds-points \u00ab\u00a0, \u00ab\u00a0moi j&rsquo;ai remarqu\u00e9 que rue de machin-bidule, on ne pouvait pas passer en v\u00e9lo\u00a0\u00bb, &#8230;<\/span><\/div>\n<\/div>\n<div class=\"\" data-block=\"true\" data-editor=\"f0ihe\" data-offset-key=\"8a3mt-0-0\">\n<div class=\"_1mf _1mj\" data-offset-key=\"8a3mt-0-0\"><span data-offset-key=\"8a3mt-0-0\">\u00a0<\/span><\/div>\n<\/div>\n<div class=\"\" data-block=\"true\" data-editor=\"f0ihe\" data-offset-key=\"60hf-0-0\">\n<div class=\"_1mf _1mj\" data-offset-key=\"60hf-0-0\"><span data-offset-key=\"60hf-0-0\">Puis un membre de l&rsquo;association a fait remarquer que personne ne s&rsquo;engageait sur les financements, ce qui \u00e9tait vrai jusqu&rsquo;\u00e0 ce que <\/span><span class=\"_247o\" spellcheck=\"false\" data-offset-key=\"60hf-1-0\"><span data-offset-key=\"60hf-1-0\">Jean Boulhol-Milon<\/span><\/span><span data-offset-key=\"60hf-2-0\"> ne pr\u00e9sente un projet concret, en d\u00e9roulant rapidement notre programme (le reliant \u00e0 son corollaire, le Parc Naturel Urbain cher \u00e0 <\/span><span class=\"_247o\" spellcheck=\"false\" data-offset-key=\"60hf-3-0\"><span data-offset-key=\"60hf-3-0\">Muriel Hernandez<\/span><\/span><span data-offset-key=\"60hf-4-0\">), et n&rsquo;aborde le probl\u00e8me du financement, citant l&rsquo;exemple de quelques villes europ\u00e9ennes autrement plus ambitieuses qu&rsquo;Aix en Provence sur le sujet, \u00e0 commencer par <\/span><span class=\"_247o\" spellcheck=\"false\" data-offset-key=\"60hf-5-0\"><span data-offset-key=\"60hf-5-0\">Maastricht, Holland<\/span><\/span><span data-offset-key=\"60hf-6-0\">.<\/span><\/div>\n<\/div>\n<div class=\"\" data-block=\"true\" data-editor=\"f0ihe\" data-offset-key=\"5b4nl-0-0\">\n<div class=\"_1mf _1mj\" data-offset-key=\"5b4nl-0-0\"><span data-offset-key=\"5b4nl-0-0\">\u00a0<\/span><\/div>\n<\/div>\n<div class=\"\" data-block=\"true\" data-editor=\"f0ihe\" data-offset-key=\"afos3-0-0\">\n<div class=\"_1mf _1mj\" data-offset-key=\"afos3-0-0\"><span data-offset-key=\"afos3-0-0\">L&rsquo;occasion \u00e9tait trop tentante d&rsquo;interpeller le repr\u00e9sentant de la ville d&rsquo;Aix en Provence, en lui demandant comment il se faisait que la ville d&rsquo;Aix en Provence n&rsquo;ait pas daign\u00e9 r\u00e9pondre \u00e0 l&rsquo;appel \u00e0 proposition lanc\u00e9 par la r\u00e9gion PACA sur une ligne FEDER FSE 2014-2020 (o\u00f9 l&rsquo;actuelle mairie a donc de suppos\u00e9s amis politiques &#8230;), un appel dot\u00e9 de 6M\u20ac portant jusqu&rsquo;\u00e0 80% de l&rsquo;\u00e9ligibilit\u00e9 du projet, et dont la th\u00e9matique est : \u00ab Soutenir les am\u00e9nagements cyclables int\u00e9gr\u00e9s pour d\u00e9velopper les d\u00e9placements multimodaux \u00bb<\/span><\/div>\n<\/div>\n<div class=\"\" data-block=\"true\" data-editor=\"f0ihe\" data-offset-key=\"fee56-0-0\">\n<div class=\"_1mf _1mj\" data-offset-key=\"fee56-0-0\"><span data-offset-key=\"fee56-0-0\">\u00a0<\/span><\/div>\n<\/div>\n<div class=\"\" data-block=\"true\" data-editor=\"f0ihe\" data-offset-key=\"5d23g-0-0\">\n<div class=\"_1mf _1mj\" data-offset-key=\"5d23g-0-0\"><span data-offset-key=\"5d23g-0-0\">Et je n&rsquo;ai eu aucune r\u00e9ponse. Le repr\u00e9sentant de la ville s&rsquo;est enferm\u00e9 dans un triste silence, alors qu&rsquo;il a encore le temps n\u00e9cessaire pour bosser son dossier, la date limite pour d\u00e9poser la proposition est le 12 Mars, juste avant le premier tour !<\/span><\/div>\n<\/div>\n<div data-offset-key=\"5d23g-0-0\"><\/div>\n<div class=\"\" data-block=\"true\" data-editor=\"f0ihe\" data-offset-key=\"akbbs-0-0\">\n<div class=\"_1mf _1mj\" data-offset-key=\"akbbs-0-0\"><span data-offset-key=\"akbbs-0-0\">Quant \u00e0 l\u2019axe 1 du plan Climat qui met le \u00ab Cap sur l\u2019\u00e9comobilit\u00e9 \u00bb et favorise la mobilit\u00e9 individuelle \u00e9coresponsable et encourage les nouvelles formes de mobilit\u00e9, pour ton info, il devrait non seulement \u00eatre reconduit mais augment\u00e9 dans le cadre du nouveau pacte vert pour l&rsquo;Europe sur lequel moi, je n&rsquo;h\u00e9siterai pas \u00e0 m&rsquo;appuyer. Le costume cravate et les mocassins noirs cir\u00e9s font moins pour l&rsquo;int\u00e9r\u00eat g\u00e9n\u00e9ral que la motivation et l&rsquo;engagement pour aller chercher l&rsquo;argent l\u00e0 o\u00f9 il se trouve.<\/span><\/div>\n<\/div>\n<div class=\"\" data-block=\"true\" data-editor=\"f0ihe\" data-offset-key=\"9oc68-0-0\">\n<div class=\"_1mf _1mj\" data-offset-key=\"9oc68-0-0\"><\/div>\n<\/div>\n<div class=\"\" data-block=\"true\" data-editor=\"f0ihe\" data-offset-key=\"c8lvm-0-0\"><\/div>\n<div data-offset-key=\"c8lvm-0-0\"><\/div>\n<div data-offset-key=\"c8lvm-0-0\">https:\/\/europa.eu\/!nP74Qm<\/div>\n<div data-offset-key=\"c8lvm-0-0\"><\/div>\n<div class=\"\" data-block=\"true\" data-editor=\"f0ihe\" data-offset-key=\"aqu8r-0-0\">\n<div class=\"_1mf _1mj\" data-offset-key=\"aqu8r-0-0\"><span data-offset-key=\"aqu8r-0-0\">\u00a0<\/span><\/div>\n<\/div>\n<div class=\"\" data-block=\"true\" data-editor=\"f0ihe\" data-offset-key=\"7bv4l-0-0\">\n<div class=\"_1mf _1mj\" data-offset-key=\"7bv4l-0-0\"><span data-offset-key=\"7bv4l-0-0\">Le v\u00e9lo est une des r\u00e9ponses aux contraintes de ce que nous imposent les cons\u00e9quences du d\u00e9r\u00e8glement climatique. Comme dans d&rsquo;autres domaines, nul n&rsquo;est proph\u00e8te en son pays et les bonnes solutions se trouvent souvent ailleurs que chez nous. Encore faut-il aller les chercher, et donc se d\u00e9placer de sa zone de confort habituel situ\u00e9e a l&rsquo;int\u00e9rieur de la couronne de boulevards qui ceinturent Aix-en-Provence. Ainsi l&rsquo;exemple choisi par <\/span><span class=\"_247o\" spellcheck=\"false\" data-offset-key=\"7bv4l-1-0\"><span data-offset-key=\"7bv4l-1-0\">Jean Boulhol-Milon<\/span><\/span><span data-offset-key=\"7bv4l-2-0\"> \u00e9tait-il particuli\u00e8rement pertinent, car les Pays-Bas sont un exemple en la mati\u00e8re, plus pertinent encore que les pays nordiques pour la raison suivante.<\/span><\/div>\n<\/div>\n<div class=\"\" data-block=\"true\" data-editor=\"f0ihe\" data-offset-key=\"5vj96-0-0\">\n<div class=\"_1mf _1mj\" data-offset-key=\"5vj96-0-0\"><span data-offset-key=\"5vj96-0-0\">Les Pays-Bas ont la densit\u00e9 de population la plus \u00e9lev\u00e9e des pays de l&rsquo;Union. Voici une trentaine d&rsquo;ann\u00e9e, le probl\u00e8me de la circulation des voitures s&rsquo;y est pos\u00e9, et a \u00e9t\u00e9 r\u00e9gl\u00e9 en contraignant les flux automobiles hors des villes (Amsterdam, Rotterdam, mais aussi La Haye, Utrecht, et Maastricht (toute proche de la Belgique qui dans sa partie francophone s&rsquo;en inspire beaucoup).<\/span><\/div>\n<\/div>\n<div class=\"\" data-block=\"true\" data-editor=\"f0ihe\" data-offset-key=\"5n1kn-0-0\">\n<div class=\"_1mf _1mj\" data-offset-key=\"5n1kn-0-0\"><span data-offset-key=\"5n1kn-0-0\">\u00a0<\/span><\/div>\n<\/div>\n<div class=\"\" data-block=\"true\" data-editor=\"f0ihe\" data-offset-key=\"7gc7-0-0\">\n<div class=\"_1mf _1mj\" data-offset-key=\"7gc7-0-0\"><span data-offset-key=\"7gc7-0-0\">D\u00e8s lors, et pour r\u00e9gler le probl\u00e8me, tous les moyens ont \u00e9t\u00e9 mis en oeuvre pour inciter les n\u00e9erlandais \u00e0 utiliser d&rsquo;autres moyens de communication que la voiture, et les infrastructures ad\u00e9quat ont \u00e9t\u00e9 d\u00e9velopp\u00e9es.<\/span><\/div>\n<\/div>\n<div class=\"\" data-block=\"true\" data-editor=\"f0ihe\" data-offset-key=\"emqp2-0-0\">\n<div class=\"_1mf _1mj\" data-offset-key=\"emqp2-0-0\"><span data-offset-key=\"emqp2-0-0\">\u00a0<\/span><\/div>\n<\/div>\n<div class=\"\" data-block=\"true\" data-editor=\"f0ihe\" data-offset-key=\"43dpq-0-0\">\n<div class=\"_1mf _1mj\" data-offset-key=\"43dpq-0-0\"><span data-offset-key=\"43dpq-0-0\">R\u00e9sultat : La part modale de la bicyclette en pourcentage du nombre de d\u00e9placements y est de 27%, loin devant le Danemark (18%), l\u2019Allemagne (10%), la France (3%). Dans certaines villes, la part modale d\u00e9passe m\u00eame les 30%, comme \u00e0 Delft, Leyde ou Groningue.<\/span><\/div>\n<\/div>\n<div class=\"\" data-block=\"true\" data-editor=\"f0ihe\" data-offset-key=\"e38jd-0-0\">\n<div class=\"_1mf _1mj\" data-offset-key=\"e38jd-0-0\"><span data-offset-key=\"e38jd-0-0\">\u00a0<\/span><\/div>\n<\/div>\n<div class=\"\" data-block=\"true\" data-editor=\"f0ihe\" data-offset-key=\"f96ak-0-0\">\n<div class=\"_1mf _1mj\" data-offset-key=\"f96ak-0-0\"><span data-offset-key=\"f96ak-0-0\">A m\u00e9diter, et moi j&rsquo;irai voir les mod\u00e8les qui fonctionnent pour les appliquer \u00e0 Aix-en-Provence quand ils n&rsquo;y sont pas encore appliqu\u00e9s, car si la bicyclette est d\u00e9velopp\u00e9e aux Pays-Bas, <a href=\"https:\/\/www.cairn.info\/revue-transports-urbains-2015-1-page-10.htm\" target=\"_blank\" rel=\"noopener noreferrer\"><span style=\"color: #333399;\"><strong>c&rsquo;est par par hasard<\/strong> <\/span><\/a>&#8230;<\/span><\/div>\n<div data-offset-key=\"f96ak-0-0\"><\/div>\n<\/div>\n<div class=\"\" data-block=\"true\" data-editor=\"f0ihe\" data-offset-key=\"enecd-0-0\"><\/div>\n<div class=\"_1mf _1mj\" data-offset-key=\"4bcm0-0-0\">Pour parler\u00a0v\u00e9lo \u00e0 l&rsquo;occasion des municipales, il existe une plateforme : https:\/\/municipales2020.parlons-velo.fr<\/div>\n","protected":false},"excerpt":{"rendered":"<p>Hier, l&rsquo;Adava Pays d&rsquo;Aix organisait avec la Provence une chouette exp\u00e9rience en deux temps, pour tenter de sensibiliser ceux qui ne le seraient pas encore \u00e0 l&rsquo;imp\u00e9rieuse n\u00e9cessit\u00e9 d&rsquo;investir sur les modes de transports doux alternatifs. \u00a0 Premier temps : &hellip; <a href=\"https:\/\/www.frederic-poitou.com\/blog\/nous-etion-s-quelques-bons-copains-a-bicyclette\/\">Lire la suite\u00ad\u00ad<\/a><\/p>\n","protected":false},"author":4,"featured_media":9660,"comment_status":"closed","ping_status":"open","sticky":false,"template":"","format":"standard","meta":{"kt_blocks_editor_width":"","_exactmetrics_skip_tracking":false,"_exactmetrics_sitenote_active":false,"_exactmetrics_sitenote_note":"","_exactmetrics_sitenote_category":0,"footnotes":""},"categories":[48,51,54],"tags":[],"class_list":["post-9659","post","type-post","status-publish","format-standard","has-post-thumbnail","hentry","category-accueil","category-politique","category-societe"],"yoast_head":"<!-- This site is optimized with the Yoast SEO plugin v27.1.1 - https:\/\/yoast.com\/product\/yoast-seo-wordpress\/ -->\n<title>NOUS ETIONS QUELQUES BONS COPAINS, A BICYCLETTE ! -<\/title>\n<meta name=\"robots\" content=\"index, follow, max-snippet:-1, max-image-preview:large, max-video-preview:-1\" \/>\n<link rel=\"canonical\" href=\"https:\/\/www.frederic-poitou.com\/blog\/nous-etion-s-quelques-bons-copains-a-bicyclette\/\" \/>\n<meta property=\"og:locale\" content=\"fr_FR\" \/>\n<meta property=\"og:type\" content=\"article\" \/>\n<meta property=\"og:title\" content=\"NOUS ETIONS QUELQUES BONS COPAINS, A BICYCLETTE ! -\" \/>\n<meta property=\"og:description\" content=\"Hier, l&rsquo;Adava Pays d&rsquo;Aix organisait avec la Provence une chouette exp\u00e9rience en deux temps, pour tenter de sensibiliser ceux qui ne le seraient pas encore \u00e0 l&rsquo;imp\u00e9rieuse n\u00e9cessit\u00e9 d&rsquo;investir sur les modes de transports doux alternatifs. \u00a0 Premier temps : &hellip; Lire la suite\u00ad\u00ad\" \/>\n<meta property=\"og:url\" content=\"https:\/\/www.frederic-poitou.com\/blog\/nous-etion-s-quelques-bons-copains-a-bicyclette\/\" \/>\n<meta property=\"article:publisher\" content=\"https:\/\/www.facebook.com\/frederic.poitou\/\" \/>\n<meta property=\"article:published_time\" content=\"2023-07-14T13:31:32+00:00\" \/>\n<meta property=\"article:modified_time\" content=\"2026-04-21T03:08:22+00:00\" \/>\n<meta property=\"og:image\" content=\"https:\/\/www.frederic-poitou.com\/blog\/wp-content\/2020\/03\/125925430_o.jpg\" \/>\n\t<meta property=\"og:image:width\" content=\"2048\" \/>\n\t<meta property=\"og:image:height\" content=\"1365\" \/>\n\t<meta property=\"og:image:type\" content=\"image\/jpeg\" \/>\n<meta name=\"author\" content=\"Fr\u00e9d\u00e9ric Poitou\" \/>\n<meta name=\"twitter:card\" content=\"summary_large_image\" \/>\n<meta name=\"twitter:creator\" content=\"@fredericpoitou\" \/>\n<meta name=\"twitter:site\" content=\"@fredericpoitou\" \/>\n<meta name=\"twitter:label1\" content=\"\u00c9crit par\" \/>\n\t<meta name=\"twitter:data1\" content=\"Fr\u00e9d\u00e9ric Poitou\" \/>\n\t<meta name=\"twitter:label2\" content=\"Dur\u00e9e de lecture estim\u00e9e\" \/>\n\t<meta name=\"twitter:data2\" content=\"4 minutes\" \/>\n<script type=\"application\/ld+json\" class=\"yoast-schema-graph\">{\"@context\":\"https:\/\/schema.org\",\"@graph\":[{\"@type\":\"Article\",\"@id\":\"https:\/\/www.frederic-poitou.com\/blog\/nous-etion-s-quelques-bons-copains-a-bicyclette\/#article\",\"isPartOf\":{\"@id\":\"https:\/\/www.frederic-poitou.com\/blog\/nous-etion-s-quelques-bons-copains-a-bicyclette\/\"},\"author\":{\"name\":\"Fr\u00e9d\u00e9ric Poitou\",\"@id\":\"https:\/\/www.frederic-poitou.com\/blog\/#\/schema\/person\/e2c2d05e978747818533fdce859a7799\"},\"headline\":\"NOUS ETIONS QUELQUES BONS COPAINS, A BICYCLETTE !\",\"datePublished\":\"2023-07-14T13:31:32+00:00\",\"dateModified\":\"2026-04-21T03:08:22+00:00\",\"mainEntityOfPage\":{\"@id\":\"https:\/\/www.frederic-poitou.com\/blog\/nous-etion-s-quelques-bons-copains-a-bicyclette\/\"},\"wordCount\":885,\"image\":{\"@id\":\"https:\/\/www.frederic-poitou.com\/blog\/nous-etion-s-quelques-bons-copains-a-bicyclette\/#primaryimage\"},\"thumbnailUrl\":\"https:\/\/www.frederic-poitou.com\/blog\/wp-content\/2020\/03\/125925430_o.jpg\",\"articleSection\":[\"Accueil\",\"Politique\",\"Soci\u00e9t\u00e9\"],\"inLanguage\":\"fr-FR\"},{\"@type\":\"WebPage\",\"@id\":\"https:\/\/www.frederic-poitou.com\/blog\/nous-etion-s-quelques-bons-copains-a-bicyclette\/\",\"url\":\"https:\/\/www.frederic-poitou.com\/blog\/nous-etion-s-quelques-bons-copains-a-bicyclette\/\",\"name\":\"NOUS ETIONS QUELQUES BONS COPAINS, A BICYCLETTE ! -\",\"isPartOf\":{\"@id\":\"https:\/\/www.frederic-poitou.com\/blog\/#website\"},\"primaryImageOfPage\":{\"@id\":\"https:\/\/www.frederic-poitou.com\/blog\/nous-etion-s-quelques-bons-copains-a-bicyclette\/#primaryimage\"},\"image\":{\"@id\":\"https:\/\/www.frederic-poitou.com\/blog\/nous-etion-s-quelques-bons-copains-a-bicyclette\/#primaryimage\"},\"thumbnailUrl\":\"https:\/\/www.frederic-poitou.com\/blog\/wp-content\/2020\/03\/125925430_o.jpg\",\"datePublished\":\"2023-07-14T13:31:32+00:00\",\"dateModified\":\"2026-04-21T03:08:22+00:00\",\"author\":{\"@id\":\"https:\/\/www.frederic-poitou.com\/blog\/#\/schema\/person\/e2c2d05e978747818533fdce859a7799\"},\"breadcrumb\":{\"@id\":\"https:\/\/www.frederic-poitou.com\/blog\/nous-etion-s-quelques-bons-copains-a-bicyclette\/#breadcrumb\"},\"inLanguage\":\"fr-FR\",\"potentialAction\":[{\"@type\":\"ReadAction\",\"target\":[\"https:\/\/www.frederic-poitou.com\/blog\/nous-etion-s-quelques-bons-copains-a-bicyclette\/\"]}]},{\"@type\":\"ImageObject\",\"inLanguage\":\"fr-FR\",\"@id\":\"https:\/\/www.frederic-poitou.com\/blog\/nous-etion-s-quelques-bons-copains-a-bicyclette\/#primaryimage\",\"url\":\"https:\/\/www.frederic-poitou.com\/blog\/wp-content\/2020\/03\/125925430_o.jpg\",\"contentUrl\":\"https:\/\/www.frederic-poitou.com\/blog\/wp-content\/2020\/03\/125925430_o.jpg\",\"width\":2048,\"height\":1365},{\"@type\":\"BreadcrumbList\",\"@id\":\"https:\/\/www.frederic-poitou.com\/blog\/nous-etion-s-quelques-bons-copains-a-bicyclette\/#breadcrumb\",\"itemListElement\":[{\"@type\":\"ListItem\",\"position\":1,\"name\":\"Accueil\",\"item\":\"https:\/\/www.frederic-poitou.com\/blog\/\"},{\"@type\":\"ListItem\",\"position\":2,\"name\":\"NOUS ETIONS QUELQUES BONS COPAINS, A BICYCLETTE !\"}]},{\"@type\":\"WebSite\",\"@id\":\"https:\/\/www.frederic-poitou.com\/blog\/#website\",\"url\":\"https:\/\/www.frederic-poitou.com\/blog\/\",\"name\":\"\",\"description\":\"\",\"potentialAction\":[{\"@type\":\"SearchAction\",\"target\":{\"@type\":\"EntryPoint\",\"urlTemplate\":\"https:\/\/www.frederic-poitou.com\/blog\/?s={search_term_string}\"},\"query-input\":{\"@type\":\"PropertyValueSpecification\",\"valueRequired\":true,\"valueName\":\"search_term_string\"}}],\"inLanguage\":\"fr-FR\"},{\"@type\":\"Person\",\"@id\":\"https:\/\/www.frederic-poitou.com\/blog\/#\/schema\/person\/e2c2d05e978747818533fdce859a7799\",\"name\":\"Fr\u00e9d\u00e9ric Poitou\",\"image\":{\"@type\":\"ImageObject\",\"inLanguage\":\"fr-FR\",\"@id\":\"https:\/\/www.frederic-poitou.com\/blog\/#\/schema\/person\/image\/\",\"url\":\"https:\/\/secure.gravatar.com\/avatar\/1933bcca279a2feafd35d9e0a080c521e11beb51115fe4cfe02e2586ac13424a?s=96&d=mm&r=g\",\"contentUrl\":\"https:\/\/secure.gravatar.com\/avatar\/1933bcca279a2feafd35d9e0a080c521e11beb51115fe4cfe02e2586ac13424a?s=96&d=mm&r=g\",\"caption\":\"Fr\u00e9d\u00e9ric Poitou\"},\"description\":\"Fr\u00e9d\u00e9ric Poitou est n\u00e9 \u00e0 Rouen, et y a fait des \u00e9tudes au Conservatoire en musique-\u00e9tudes en section piano. Il s'est ensuite orient\u00e9 vers des \u00e9tudes scientifiques o\u00f9 il a obtenu un dipl\u00f4me d'ing\u00e9nieur, puis un doctorat en Chimie. Il est Expert Judiciaire en France, en Belgique et \u00e0 Luxembourg, et agr\u00e9e par les Institutions Europ\u00e9ennes.\",\"sameAs\":[\"http:\/\/www.frederic-poitou.com\",\"https:\/\/www.linkedin.com\/in\/frederic-poitou-b045a025\/\"]}]}<\/script>\n<!-- \/ Yoast SEO plugin. -->","yoast_head_json":{"title":"NOUS ETIONS QUELQUES BONS COPAINS, A BICYCLETTE ! -","robots":{"index":"index","follow":"follow","max-snippet":"max-snippet:-1","max-image-preview":"max-image-preview:large","max-video-preview":"max-video-preview:-1"},"canonical":"https:\/\/www.frederic-poitou.com\/blog\/nous-etion-s-quelques-bons-copains-a-bicyclette\/","og_locale":"fr_FR","og_type":"article","og_title":"NOUS ETIONS QUELQUES BONS COPAINS, A BICYCLETTE ! -","og_description":"Hier, l&rsquo;Adava Pays d&rsquo;Aix organisait avec la Provence une chouette exp\u00e9rience en deux temps, pour tenter de sensibiliser ceux qui ne le seraient pas encore \u00e0 l&rsquo;imp\u00e9rieuse n\u00e9cessit\u00e9 d&rsquo;investir sur les modes de transports doux alternatifs. \u00a0 Premier temps : &hellip; Lire la suite\u00ad\u00ad","og_url":"https:\/\/www.frederic-poitou.com\/blog\/nous-etion-s-quelques-bons-copains-a-bicyclette\/","article_publisher":"https:\/\/www.facebook.com\/frederic.poitou\/","article_published_time":"2023-07-14T13:31:32+00:00","article_modified_time":"2026-04-21T03:08:22+00:00","og_image":[{"width":2048,"height":1365,"url":"https:\/\/www.frederic-poitou.com\/blog\/wp-content\/2020\/03\/125925430_o.jpg","type":"image\/jpeg"}],"author":"Fr\u00e9d\u00e9ric Poitou","twitter_card":"summary_large_image","twitter_creator":"@fredericpoitou","twitter_site":"@fredericpoitou","twitter_misc":{"\u00c9crit par":"Fr\u00e9d\u00e9ric Poitou","Dur\u00e9e de lecture estim\u00e9e":"4 minutes"},"schema":{"@context":"https:\/\/schema.org","@graph":[{"@type":"Article","@id":"https:\/\/www.frederic-poitou.com\/blog\/nous-etion-s-quelques-bons-copains-a-bicyclette\/#article","isPartOf":{"@id":"https:\/\/www.frederic-poitou.com\/blog\/nous-etion-s-quelques-bons-copains-a-bicyclette\/"},"author":{"name":"Fr\u00e9d\u00e9ric Poitou","@id":"https:\/\/www.frederic-poitou.com\/blog\/#\/schema\/person\/e2c2d05e978747818533fdce859a7799"},"headline":"NOUS ETIONS QUELQUES BONS COPAINS, A BICYCLETTE !","datePublished":"2023-07-14T13:31:32+00:00","dateModified":"2026-04-21T03:08:22+00:00","mainEntityOfPage":{"@id":"https:\/\/www.frederic-poitou.com\/blog\/nous-etion-s-quelques-bons-copains-a-bicyclette\/"},"wordCount":885,"image":{"@id":"https:\/\/www.frederic-poitou.com\/blog\/nous-etion-s-quelques-bons-copains-a-bicyclette\/#primaryimage"},"thumbnailUrl":"https:\/\/www.frederic-poitou.com\/blog\/wp-content\/2020\/03\/125925430_o.jpg","articleSection":["Accueil","Politique","Soci\u00e9t\u00e9"],"inLanguage":"fr-FR"},{"@type":"WebPage","@id":"https:\/\/www.frederic-poitou.com\/blog\/nous-etion-s-quelques-bons-copains-a-bicyclette\/","url":"https:\/\/www.frederic-poitou.com\/blog\/nous-etion-s-quelques-bons-copains-a-bicyclette\/","name":"NOUS ETIONS QUELQUES BONS COPAINS, A BICYCLETTE ! -","isPartOf":{"@id":"https:\/\/www.frederic-poitou.com\/blog\/#website"},"primaryImageOfPage":{"@id":"https:\/\/www.frederic-poitou.com\/blog\/nous-etion-s-quelques-bons-copains-a-bicyclette\/#primaryimage"},"image":{"@id":"https:\/\/www.frederic-poitou.com\/blog\/nous-etion-s-quelques-bons-copains-a-bicyclette\/#primaryimage"},"thumbnailUrl":"https:\/\/www.frederic-poitou.com\/blog\/wp-content\/2020\/03\/125925430_o.jpg","datePublished":"2023-07-14T13:31:32+00:00","dateModified":"2026-04-21T03:08:22+00:00","author":{"@id":"https:\/\/www.frederic-poitou.com\/blog\/#\/schema\/person\/e2c2d05e978747818533fdce859a7799"},"breadcrumb":{"@id":"https:\/\/www.frederic-poitou.com\/blog\/nous-etion-s-quelques-bons-copains-a-bicyclette\/#breadcrumb"},"inLanguage":"fr-FR","potentialAction":[{"@type":"ReadAction","target":["https:\/\/www.frederic-poitou.com\/blog\/nous-etion-s-quelques-bons-copains-a-bicyclette\/"]}]},{"@type":"ImageObject","inLanguage":"fr-FR","@id":"https:\/\/www.frederic-poitou.com\/blog\/nous-etion-s-quelques-bons-copains-a-bicyclette\/#primaryimage","url":"https:\/\/www.frederic-poitou.com\/blog\/wp-content\/2020\/03\/125925430_o.jpg","contentUrl":"https:\/\/www.frederic-poitou.com\/blog\/wp-content\/2020\/03\/125925430_o.jpg","width":2048,"height":1365},{"@type":"BreadcrumbList","@id":"https:\/\/www.frederic-poitou.com\/blog\/nous-etion-s-quelques-bons-copains-a-bicyclette\/#breadcrumb","itemListElement":[{"@type":"ListItem","position":1,"name":"Accueil","item":"https:\/\/www.frederic-poitou.com\/blog\/"},{"@type":"ListItem","position":2,"name":"NOUS ETIONS QUELQUES BONS COPAINS, A BICYCLETTE !"}]},{"@type":"WebSite","@id":"https:\/\/www.frederic-poitou.com\/blog\/#website","url":"https:\/\/www.frederic-poitou.com\/blog\/","name":"","description":"","potentialAction":[{"@type":"SearchAction","target":{"@type":"EntryPoint","urlTemplate":"https:\/\/www.frederic-poitou.com\/blog\/?s={search_term_string}"},"query-input":{"@type":"PropertyValueSpecification","valueRequired":true,"valueName":"search_term_string"}}],"inLanguage":"fr-FR"},{"@type":"Person","@id":"https:\/\/www.frederic-poitou.com\/blog\/#\/schema\/person\/e2c2d05e978747818533fdce859a7799","name":"Fr\u00e9d\u00e9ric Poitou","image":{"@type":"ImageObject","inLanguage":"fr-FR","@id":"https:\/\/www.frederic-poitou.com\/blog\/#\/schema\/person\/image\/","url":"https:\/\/secure.gravatar.com\/avatar\/1933bcca279a2feafd35d9e0a080c521e11beb51115fe4cfe02e2586ac13424a?s=96&d=mm&r=g","contentUrl":"https:\/\/secure.gravatar.com\/avatar\/1933bcca279a2feafd35d9e0a080c521e11beb51115fe4cfe02e2586ac13424a?s=96&d=mm&r=g","caption":"Fr\u00e9d\u00e9ric Poitou"},"description":"Fr\u00e9d\u00e9ric Poitou est n\u00e9 \u00e0 Rouen, et y a fait des \u00e9tudes au Conservatoire en musique-\u00e9tudes en section piano. Il s'est ensuite orient\u00e9 vers des \u00e9tudes scientifiques o\u00f9 il a obtenu un dipl\u00f4me d'ing\u00e9nieur, puis un doctorat en Chimie. Il est Expert Judiciaire en France, en Belgique et \u00e0 Luxembourg, et agr\u00e9e par les Institutions Europ\u00e9ennes.","sameAs":["http:\/\/www.frederic-poitou.com","https:\/\/www.linkedin.com\/in\/frederic-poitou-b045a025\/"]}]}},"_links":{"self":[{"href":"https:\/\/www.frederic-poitou.com\/blog\/wp-json\/wp\/v2\/posts\/9659","targetHints":{"allow":["GET"]}}],"collection":[{"href":"https:\/\/www.frederic-poitou.com\/blog\/wp-json\/wp\/v2\/posts"}],"about":[{"href":"https:\/\/www.frederic-poitou.com\/blog\/wp-json\/wp\/v2\/types\/post"}],"author":[{"embeddable":true,"href":"https:\/\/www.frederic-poitou.com\/blog\/wp-json\/wp\/v2\/users\/4"}],"replies":[{"embeddable":true,"href":"https:\/\/www.frederic-poitou.com\/blog\/wp-json\/wp\/v2\/comments?post=9659"}],"version-history":[{"count":2,"href":"https:\/\/www.frederic-poitou.com\/blog\/wp-json\/wp\/v2\/posts\/9659\/revisions"}],"predecessor-version":[{"id":9672,"href":"https:\/\/www.frederic-poitou.com\/blog\/wp-json\/wp\/v2\/posts\/9659\/revisions\/9672"}],"wp:featuredmedia":[{"embeddable":true,"href":"https:\/\/www.frederic-poitou.com\/blog\/wp-json\/wp\/v2\/media\/9660"}],"wp:attachment":[{"href":"https:\/\/www.frederic-poitou.com\/blog\/wp-json\/wp\/v2\/media?parent=9659"}],"wp:term":[{"taxonomy":"category","embeddable":true,"href":"https:\/\/www.frederic-poitou.com\/blog\/wp-json\/wp\/v2\/categories?post=9659"},{"taxonomy":"post_tag","embeddable":true,"href":"https:\/\/www.frederic-poitou.com\/blog\/wp-json\/wp\/v2\/tags?post=9659"}],"curies":[{"name":"wp","href":"https:\/\/api.w.org\/{rel}","templated":true}]}}