{"id":9540,"date":"2023-07-14T21:45:32","date_gmt":"2023-07-14T19:45:32","guid":{"rendered":"http:\/\/www.frederic-poitou.com\/blog\/?p=9540"},"modified":"2026-04-23T06:53:23","modified_gmt":"2026-04-23T04:53:23","slug":"voeux-2020-de-lequipe-perrin-2020-et-galette-des-rois","status":"publish","type":"post","link":"https:\/\/www.frederic-poitou.com\/blog\/voeux-2020-de-lequipe-perrin-2020-et-galette-des-rois\/","title":{"rendered":"Voeux 2020 de l&rsquo;\u00e9quipe Perrin 2020, et galette des rois"},"content":{"rendered":"<div>Chers ami (e) s,<\/div>\n<div><\/div>\n<div><\/div>\n<div>\n<p>Comme vous le savez, je serai pr\u00e9sent sur la liste conduite par Jean-Marc Perrin \u00e0 l&rsquo;occasion des \u00e9lections municipales.<\/p>\n<p>J&rsquo;aurais plaisir \u00e0 vous retrouver le\u00a0samedi 11 janvier \u00e0 notre permanence du 65, Cours Mirabeau \u00e0 partir de 17 heures pour vous souhaiter tous <strong>nos v\u0153ux<\/strong> pour cette nouvelle ann\u00e9e et partager la <span style=\"color: #99cc00;\"><a style=\"color: #99cc00;\" href=\"https:\/\/www.facebook.com\/events\/781756422328838\/\" target=\"_blank\" rel=\"noopener noreferrer\"><strong>galette des rois<\/strong><\/a><\/span> en toute convivialit\u00e9.<\/p>\n<p>Retrouvez l&rsquo;invitation l&rsquo;\u00e9v\u00e8nement Facebook <span style=\"color: #99cc00;\"><a style=\"color: #99cc00;\" href=\"https:\/\/www.facebook.com\/events\/781756422328838\/\" target=\"_blank\" rel=\"noopener noreferrer\"><strong>ICI<\/strong><\/a><\/span><\/p>\n<\/div>\n<div><\/div>\n<div><img loading=\"lazy\" decoding=\"async\" class=\"wp-image-9542 size-thumbnail alignleft\" src=\"http:\/\/www.frederic-poitou.com\/blog\/wp-content\/2020\/01\/43_FPOITOU_VG-WEB-150x150.jpg\" alt=\"\" width=\"150\" height=\"150\" srcset=\"https:\/\/www.frederic-poitou.com\/blog\/wp-content\/2020\/01\/43_FPOITOU_VG-WEB-150x150.jpg 150w, https:\/\/www.frederic-poitou.com\/blog\/wp-content\/2020\/01\/43_FPOITOU_VG-WEB-300x300.jpg 300w, https:\/\/www.frederic-poitou.com\/blog\/wp-content\/2020\/01\/43_FPOITOU_VG-WEB-1024x1024.jpg 1024w, https:\/\/www.frederic-poitou.com\/blog\/wp-content\/2020\/01\/43_FPOITOU_VG-WEB-1536x1536.jpg 1536w, https:\/\/www.frederic-poitou.com\/blog\/wp-content\/2020\/01\/43_FPOITOU_VG-WEB.jpg 2000w\" sizes=\"auto, (max-width: 150px) 100vw, 150px\" \/><\/div>\n<div><\/div>\n<div><\/div>\n<div><\/div>\n<div>\n<p>&nbsp;<\/p>\n<p><em>\u00ab\u00a0Jean-Marc est un homme int\u00e9gre, travailleur, avec une incroyable capacit\u00e9 \u00e0 f\u00e9d\u00e9rer les \u00e9nergies pour trouver des solutions pragmatiques et faire avancer les \u00e9quipes\u00a0\u00bb<\/em><\/p>\n<p><strong>Fr\u00e9d\u00e9ric<\/strong><\/p>\n<\/div>\n<p>&nbsp;<\/p>\n<p>&nbsp;<\/p>\n<p>&nbsp;<\/p>\n<p>#Perrin2020, #repondreauxaixoi, www.perrin2020.com,<\/p>\n","protected":false},"excerpt":{"rendered":"<p>Chers ami (e) s, Comme vous le savez, je serai pr\u00e9sent sur la liste conduite par Jean-Marc Perrin \u00e0 l&rsquo;occasion des \u00e9lections municipales. J&rsquo;aurais plaisir \u00e0 vous retrouver le\u00a0samedi 11 janvier \u00e0 notre permanence du 65, Cours Mirabeau \u00e0 partir &hellip; <a href=\"https:\/\/www.frederic-poitou.com\/blog\/voeux-2020-de-lequipe-perrin-2020-et-galette-des-rois\/\">Lire la suite\u00ad\u00ad<\/a><\/p>\n","protected":false},"author":4,"featured_media":9546,"comment_status":"closed","ping_status":"open","sticky":false,"template":"","format":"standard","meta":{"kt_blocks_editor_width":"","_exactmetrics_skip_tracking":false,"_exactmetrics_sitenote_active":false,"_exactmetrics_sitenote_note":"","_exactmetrics_sitenote_category":0,"footnotes":""},"categories":[48,51,54],"tags":[],"class_list":["post-9540","post","type-post","status-publish","format-standard","has-post-thumbnail","hentry","category-accueil","category-politique","category-societe"],"yoast_head":"<!-- This site is optimized with the Yoast SEO plugin v27.1.1 - https:\/\/yoast.com\/product\/yoast-seo-wordpress\/ -->\n<title>Voeux 2020 de l&#039;\u00e9quipe Perrin 2020, et galette des rois -<\/title>\n<meta name=\"robots\" content=\"index, follow, max-snippet:-1, max-image-preview:large, max-video-preview:-1\" \/>\n<link rel=\"canonical\" href=\"https:\/\/www.frederic-poitou.com\/blog\/voeux-2020-de-lequipe-perrin-2020-et-galette-des-rois\/\" \/>\n<meta property=\"og:locale\" content=\"fr_FR\" \/>\n<meta property=\"og:type\" content=\"article\" \/>\n<meta property=\"og:title\" content=\"Voeux 2020 de l&#039;\u00e9quipe Perrin 2020, et galette des rois -\" \/>\n<meta property=\"og:description\" content=\"Chers ami (e) s, Comme vous le savez, je serai pr\u00e9sent sur la liste conduite par Jean-Marc Perrin \u00e0 l&rsquo;occasion des \u00e9lections municipales. J&rsquo;aurais plaisir \u00e0 vous retrouver le\u00a0samedi 11 janvier \u00e0 notre permanence du 65, Cours Mirabeau \u00e0 partir &hellip; Lire la suite\u00ad\u00ad\" \/>\n<meta property=\"og:url\" content=\"https:\/\/www.frederic-poitou.com\/blog\/voeux-2020-de-lequipe-perrin-2020-et-galette-des-rois\/\" \/>\n<meta property=\"article:publisher\" content=\"https:\/\/www.facebook.com\/frederic.poitou\/\" \/>\n<meta property=\"article:published_time\" content=\"2023-07-14T19:45:32+00:00\" \/>\n<meta property=\"article:modified_time\" content=\"2026-04-23T04:53:23+00:00\" \/>\n<meta property=\"og:image\" content=\"https:\/\/www.frederic-poitou.com\/blog\/wp-content\/2020\/01\/81238827_10157978673761473_7101190621016096768_n.jpg\" \/>\n\t<meta property=\"og:image:width\" content=\"960\" \/>\n\t<meta property=\"og:image:height\" content=\"960\" \/>\n\t<meta property=\"og:image:type\" content=\"image\/jpeg\" \/>\n<meta name=\"author\" content=\"Fr\u00e9d\u00e9ric Poitou\" \/>\n<meta name=\"twitter:card\" content=\"summary_large_image\" \/>\n<meta name=\"twitter:creator\" content=\"@fredericpoitou\" \/>\n<meta name=\"twitter:site\" content=\"@fredericpoitou\" \/>\n<meta name=\"twitter:label1\" content=\"\u00c9crit par\" \/>\n\t<meta name=\"twitter:data1\" content=\"Fr\u00e9d\u00e9ric Poitou\" \/>\n\t<meta name=\"twitter:label2\" content=\"Dur\u00e9e de lecture estim\u00e9e\" \/>\n\t<meta name=\"twitter:data2\" content=\"1 minute\" \/>\n<script type=\"application\/ld+json\" class=\"yoast-schema-graph\">{\"@context\":\"https:\/\/schema.org\",\"@graph\":[{\"@type\":\"Article\",\"@id\":\"https:\/\/www.frederic-poitou.com\/blog\/voeux-2020-de-lequipe-perrin-2020-et-galette-des-rois\/#article\",\"isPartOf\":{\"@id\":\"https:\/\/www.frederic-poitou.com\/blog\/voeux-2020-de-lequipe-perrin-2020-et-galette-des-rois\/\"},\"author\":{\"name\":\"Fr\u00e9d\u00e9ric Poitou\",\"@id\":\"http:\/\/www.frederic-poitou.com\/blog\/#\/schema\/person\/e2c2d05e978747818533fdce859a7799\"},\"headline\":\"Voeux 2020 de l&rsquo;\u00e9quipe Perrin 2020, et galette des rois\",\"datePublished\":\"2023-07-14T19:45:32+00:00\",\"dateModified\":\"2026-04-23T04:53:23+00:00\",\"mainEntityOfPage\":{\"@id\":\"https:\/\/www.frederic-poitou.com\/blog\/voeux-2020-de-lequipe-perrin-2020-et-galette-des-rois\/\"},\"wordCount\":116,\"image\":{\"@id\":\"https:\/\/www.frederic-poitou.com\/blog\/voeux-2020-de-lequipe-perrin-2020-et-galette-des-rois\/#primaryimage\"},\"thumbnailUrl\":\"https:\/\/www.frederic-poitou.com\/blog\/wp-content\/2020\/01\/81238827_10157978673761473_7101190621016096768_n.jpg\",\"articleSection\":[\"Accueil\",\"Politique\",\"Soci\u00e9t\u00e9\"],\"inLanguage\":\"fr-FR\"},{\"@type\":\"WebPage\",\"@id\":\"https:\/\/www.frederic-poitou.com\/blog\/voeux-2020-de-lequipe-perrin-2020-et-galette-des-rois\/\",\"url\":\"https:\/\/www.frederic-poitou.com\/blog\/voeux-2020-de-lequipe-perrin-2020-et-galette-des-rois\/\",\"name\":\"Voeux 2020 de l'\u00e9quipe Perrin 2020, et galette des rois -\",\"isPartOf\":{\"@id\":\"http:\/\/www.frederic-poitou.com\/blog\/#website\"},\"primaryImageOfPage\":{\"@id\":\"https:\/\/www.frederic-poitou.com\/blog\/voeux-2020-de-lequipe-perrin-2020-et-galette-des-rois\/#primaryimage\"},\"image\":{\"@id\":\"https:\/\/www.frederic-poitou.com\/blog\/voeux-2020-de-lequipe-perrin-2020-et-galette-des-rois\/#primaryimage\"},\"thumbnailUrl\":\"https:\/\/www.frederic-poitou.com\/blog\/wp-content\/2020\/01\/81238827_10157978673761473_7101190621016096768_n.jpg\",\"datePublished\":\"2023-07-14T19:45:32+00:00\",\"dateModified\":\"2026-04-23T04:53:23+00:00\",\"author\":{\"@id\":\"http:\/\/www.frederic-poitou.com\/blog\/#\/schema\/person\/e2c2d05e978747818533fdce859a7799\"},\"breadcrumb\":{\"@id\":\"https:\/\/www.frederic-poitou.com\/blog\/voeux-2020-de-lequipe-perrin-2020-et-galette-des-rois\/#breadcrumb\"},\"inLanguage\":\"fr-FR\",\"potentialAction\":[{\"@type\":\"ReadAction\",\"target\":[\"https:\/\/www.frederic-poitou.com\/blog\/voeux-2020-de-lequipe-perrin-2020-et-galette-des-rois\/\"]}]},{\"@type\":\"ImageObject\",\"inLanguage\":\"fr-FR\",\"@id\":\"https:\/\/www.frederic-poitou.com\/blog\/voeux-2020-de-lequipe-perrin-2020-et-galette-des-rois\/#primaryimage\",\"url\":\"https:\/\/www.frederic-poitou.com\/blog\/wp-content\/2020\/01\/81238827_10157978673761473_7101190621016096768_n.jpg\",\"contentUrl\":\"https:\/\/www.frederic-poitou.com\/blog\/wp-content\/2020\/01\/81238827_10157978673761473_7101190621016096768_n.jpg\",\"width\":960,\"height\":960},{\"@type\":\"BreadcrumbList\",\"@id\":\"https:\/\/www.frederic-poitou.com\/blog\/voeux-2020-de-lequipe-perrin-2020-et-galette-des-rois\/#breadcrumb\",\"itemListElement\":[{\"@type\":\"ListItem\",\"position\":1,\"name\":\"Accueil\",\"item\":\"http:\/\/www.frederic-poitou.com\/blog\/\"},{\"@type\":\"ListItem\",\"position\":2,\"name\":\"Voeux 2020 de l&rsquo;\u00e9quipe Perrin 2020, et galette des rois\"}]},{\"@type\":\"WebSite\",\"@id\":\"http:\/\/www.frederic-poitou.com\/blog\/#website\",\"url\":\"http:\/\/www.frederic-poitou.com\/blog\/\",\"name\":\"\",\"description\":\"\",\"potentialAction\":[{\"@type\":\"SearchAction\",\"target\":{\"@type\":\"EntryPoint\",\"urlTemplate\":\"http:\/\/www.frederic-poitou.com\/blog\/?s={search_term_string}\"},\"query-input\":{\"@type\":\"PropertyValueSpecification\",\"valueRequired\":true,\"valueName\":\"search_term_string\"}}],\"inLanguage\":\"fr-FR\"},{\"@type\":\"Person\",\"@id\":\"http:\/\/www.frederic-poitou.com\/blog\/#\/schema\/person\/e2c2d05e978747818533fdce859a7799\",\"name\":\"Fr\u00e9d\u00e9ric Poitou\",\"image\":{\"@type\":\"ImageObject\",\"inLanguage\":\"fr-FR\",\"@id\":\"http:\/\/www.frederic-poitou.com\/blog\/#\/schema\/person\/image\/\",\"url\":\"https:\/\/secure.gravatar.com\/avatar\/1933bcca279a2feafd35d9e0a080c521e11beb51115fe4cfe02e2586ac13424a?s=96&d=mm&r=g\",\"contentUrl\":\"https:\/\/secure.gravatar.com\/avatar\/1933bcca279a2feafd35d9e0a080c521e11beb51115fe4cfe02e2586ac13424a?s=96&d=mm&r=g\",\"caption\":\"Fr\u00e9d\u00e9ric Poitou\"},\"description\":\"Fr\u00e9d\u00e9ric Poitou est n\u00e9 \u00e0 Rouen, et y a fait des \u00e9tudes au Conservatoire en musique-\u00e9tudes en section piano. Il s'est ensuite orient\u00e9 vers des \u00e9tudes scientifiques o\u00f9 il a obtenu un dipl\u00f4me d'ing\u00e9nieur, puis un doctorat en Chimie. Il est Expert Judiciaire en France, en Belgique et \u00e0 Luxembourg, et agr\u00e9e par les Institutions Europ\u00e9ennes.\",\"sameAs\":[\"http:\/\/www.frederic-poitou.com\",\"https:\/\/www.linkedin.com\/in\/frederic-poitou-b045a025\/\"]}]}<\/script>\n<!-- \/ Yoast SEO plugin. -->","yoast_head_json":{"title":"Voeux 2020 de l'\u00e9quipe Perrin 2020, et galette des rois -","robots":{"index":"index","follow":"follow","max-snippet":"max-snippet:-1","max-image-preview":"max-image-preview:large","max-video-preview":"max-video-preview:-1"},"canonical":"https:\/\/www.frederic-poitou.com\/blog\/voeux-2020-de-lequipe-perrin-2020-et-galette-des-rois\/","og_locale":"fr_FR","og_type":"article","og_title":"Voeux 2020 de l'\u00e9quipe Perrin 2020, et galette des rois -","og_description":"Chers ami (e) s, Comme vous le savez, je serai pr\u00e9sent sur la liste conduite par Jean-Marc Perrin \u00e0 l&rsquo;occasion des \u00e9lections municipales. J&rsquo;aurais plaisir \u00e0 vous retrouver le\u00a0samedi 11 janvier \u00e0 notre permanence du 65, Cours Mirabeau \u00e0 partir &hellip; Lire la suite\u00ad\u00ad","og_url":"https:\/\/www.frederic-poitou.com\/blog\/voeux-2020-de-lequipe-perrin-2020-et-galette-des-rois\/","article_publisher":"https:\/\/www.facebook.com\/frederic.poitou\/","article_published_time":"2023-07-14T19:45:32+00:00","article_modified_time":"2026-04-23T04:53:23+00:00","og_image":[{"width":960,"height":960,"url":"https:\/\/www.frederic-poitou.com\/blog\/wp-content\/2020\/01\/81238827_10157978673761473_7101190621016096768_n.jpg","type":"image\/jpeg"}],"author":"Fr\u00e9d\u00e9ric Poitou","twitter_card":"summary_large_image","twitter_creator":"@fredericpoitou","twitter_site":"@fredericpoitou","twitter_misc":{"\u00c9crit par":"Fr\u00e9d\u00e9ric Poitou","Dur\u00e9e de lecture estim\u00e9e":"1 minute"},"schema":{"@context":"https:\/\/schema.org","@graph":[{"@type":"Article","@id":"https:\/\/www.frederic-poitou.com\/blog\/voeux-2020-de-lequipe-perrin-2020-et-galette-des-rois\/#article","isPartOf":{"@id":"https:\/\/www.frederic-poitou.com\/blog\/voeux-2020-de-lequipe-perrin-2020-et-galette-des-rois\/"},"author":{"name":"Fr\u00e9d\u00e9ric Poitou","@id":"http:\/\/www.frederic-poitou.com\/blog\/#\/schema\/person\/e2c2d05e978747818533fdce859a7799"},"headline":"Voeux 2020 de l&rsquo;\u00e9quipe Perrin 2020, et galette des rois","datePublished":"2023-07-14T19:45:32+00:00","dateModified":"2026-04-23T04:53:23+00:00","mainEntityOfPage":{"@id":"https:\/\/www.frederic-poitou.com\/blog\/voeux-2020-de-lequipe-perrin-2020-et-galette-des-rois\/"},"wordCount":116,"image":{"@id":"https:\/\/www.frederic-poitou.com\/blog\/voeux-2020-de-lequipe-perrin-2020-et-galette-des-rois\/#primaryimage"},"thumbnailUrl":"https:\/\/www.frederic-poitou.com\/blog\/wp-content\/2020\/01\/81238827_10157978673761473_7101190621016096768_n.jpg","articleSection":["Accueil","Politique","Soci\u00e9t\u00e9"],"inLanguage":"fr-FR"},{"@type":"WebPage","@id":"https:\/\/www.frederic-poitou.com\/blog\/voeux-2020-de-lequipe-perrin-2020-et-galette-des-rois\/","url":"https:\/\/www.frederic-poitou.com\/blog\/voeux-2020-de-lequipe-perrin-2020-et-galette-des-rois\/","name":"Voeux 2020 de l'\u00e9quipe Perrin 2020, et galette des rois -","isPartOf":{"@id":"http:\/\/www.frederic-poitou.com\/blog\/#website"},"primaryImageOfPage":{"@id":"https:\/\/www.frederic-poitou.com\/blog\/voeux-2020-de-lequipe-perrin-2020-et-galette-des-rois\/#primaryimage"},"image":{"@id":"https:\/\/www.frederic-poitou.com\/blog\/voeux-2020-de-lequipe-perrin-2020-et-galette-des-rois\/#primaryimage"},"thumbnailUrl":"https:\/\/www.frederic-poitou.com\/blog\/wp-content\/2020\/01\/81238827_10157978673761473_7101190621016096768_n.jpg","datePublished":"2023-07-14T19:45:32+00:00","dateModified":"2026-04-23T04:53:23+00:00","author":{"@id":"http:\/\/www.frederic-poitou.com\/blog\/#\/schema\/person\/e2c2d05e978747818533fdce859a7799"},"breadcrumb":{"@id":"https:\/\/www.frederic-poitou.com\/blog\/voeux-2020-de-lequipe-perrin-2020-et-galette-des-rois\/#breadcrumb"},"inLanguage":"fr-FR","potentialAction":[{"@type":"ReadAction","target":["https:\/\/www.frederic-poitou.com\/blog\/voeux-2020-de-lequipe-perrin-2020-et-galette-des-rois\/"]}]},{"@type":"ImageObject","inLanguage":"fr-FR","@id":"https:\/\/www.frederic-poitou.com\/blog\/voeux-2020-de-lequipe-perrin-2020-et-galette-des-rois\/#primaryimage","url":"https:\/\/www.frederic-poitou.com\/blog\/wp-content\/2020\/01\/81238827_10157978673761473_7101190621016096768_n.jpg","contentUrl":"https:\/\/www.frederic-poitou.com\/blog\/wp-content\/2020\/01\/81238827_10157978673761473_7101190621016096768_n.jpg","width":960,"height":960},{"@type":"BreadcrumbList","@id":"https:\/\/www.frederic-poitou.com\/blog\/voeux-2020-de-lequipe-perrin-2020-et-galette-des-rois\/#breadcrumb","itemListElement":[{"@type":"ListItem","position":1,"name":"Accueil","item":"http:\/\/www.frederic-poitou.com\/blog\/"},{"@type":"ListItem","position":2,"name":"Voeux 2020 de l&rsquo;\u00e9quipe Perrin 2020, et galette des rois"}]},{"@type":"WebSite","@id":"http:\/\/www.frederic-poitou.com\/blog\/#website","url":"http:\/\/www.frederic-poitou.com\/blog\/","name":"","description":"","potentialAction":[{"@type":"SearchAction","target":{"@type":"EntryPoint","urlTemplate":"http:\/\/www.frederic-poitou.com\/blog\/?s={search_term_string}"},"query-input":{"@type":"PropertyValueSpecification","valueRequired":true,"valueName":"search_term_string"}}],"inLanguage":"fr-FR"},{"@type":"Person","@id":"http:\/\/www.frederic-poitou.com\/blog\/#\/schema\/person\/e2c2d05e978747818533fdce859a7799","name":"Fr\u00e9d\u00e9ric Poitou","image":{"@type":"ImageObject","inLanguage":"fr-FR","@id":"http:\/\/www.frederic-poitou.com\/blog\/#\/schema\/person\/image\/","url":"https:\/\/secure.gravatar.com\/avatar\/1933bcca279a2feafd35d9e0a080c521e11beb51115fe4cfe02e2586ac13424a?s=96&d=mm&r=g","contentUrl":"https:\/\/secure.gravatar.com\/avatar\/1933bcca279a2feafd35d9e0a080c521e11beb51115fe4cfe02e2586ac13424a?s=96&d=mm&r=g","caption":"Fr\u00e9d\u00e9ric Poitou"},"description":"Fr\u00e9d\u00e9ric Poitou est n\u00e9 \u00e0 Rouen, et y a fait des \u00e9tudes au Conservatoire en musique-\u00e9tudes en section piano. Il s'est ensuite orient\u00e9 vers des \u00e9tudes scientifiques o\u00f9 il a obtenu un dipl\u00f4me d'ing\u00e9nieur, puis un doctorat en Chimie. Il est Expert Judiciaire en France, en Belgique et \u00e0 Luxembourg, et agr\u00e9e par les Institutions Europ\u00e9ennes.","sameAs":["http:\/\/www.frederic-poitou.com","https:\/\/www.linkedin.com\/in\/frederic-poitou-b045a025\/"]}]}},"_links":{"self":[{"href":"https:\/\/www.frederic-poitou.com\/blog\/wp-json\/wp\/v2\/posts\/9540","targetHints":{"allow":["GET"]}}],"collection":[{"href":"https:\/\/www.frederic-poitou.com\/blog\/wp-json\/wp\/v2\/posts"}],"about":[{"href":"https:\/\/www.frederic-poitou.com\/blog\/wp-json\/wp\/v2\/types\/post"}],"author":[{"embeddable":true,"href":"https:\/\/www.frederic-poitou.com\/blog\/wp-json\/wp\/v2\/users\/4"}],"replies":[{"embeddable":true,"href":"https:\/\/www.frederic-poitou.com\/blog\/wp-json\/wp\/v2\/comments?post=9540"}],"version-history":[{"count":5,"href":"https:\/\/www.frederic-poitou.com\/blog\/wp-json\/wp\/v2\/posts\/9540\/revisions"}],"predecessor-version":[{"id":9549,"href":"https:\/\/www.frederic-poitou.com\/blog\/wp-json\/wp\/v2\/posts\/9540\/revisions\/9549"}],"wp:featuredmedia":[{"embeddable":true,"href":"https:\/\/www.frederic-poitou.com\/blog\/wp-json\/wp\/v2\/media\/9546"}],"wp:attachment":[{"href":"https:\/\/www.frederic-poitou.com\/blog\/wp-json\/wp\/v2\/media?parent=9540"}],"wp:term":[{"taxonomy":"category","embeddable":true,"href":"https:\/\/www.frederic-poitou.com\/blog\/wp-json\/wp\/v2\/categories?post=9540"},{"taxonomy":"post_tag","embeddable":true,"href":"https:\/\/www.frederic-poitou.com\/blog\/wp-json\/wp\/v2\/tags?post=9540"}],"curies":[{"name":"wp","href":"https:\/\/api.w.org\/{rel}","templated":true}]}}