{"id":9469,"date":"2023-07-13T19:19:32","date_gmt":"2023-07-13T17:19:32","guid":{"rendered":"http:\/\/www.frederic-poitou.com\/blog\/?p=9469"},"modified":"2026-04-10T19:44:50","modified_gmt":"2026-04-10T17:44:50","slug":"greve-a-radio-france","status":"publish","type":"post","link":"https:\/\/www.frederic-poitou.com\/blog\/greve-a-radio-france\/","title":{"rendered":"GR\u00c8VE A RADIO-FRANCE"},"content":{"rendered":"<p>Voil\u00e0 plusieurs semaines maintenant qu&rsquo;une partie des journalistes de Radio France (inter, culture, bleue, musique, FIP et autres) sont en gr\u00e8ve.<br \/>\nEvidemment, pour ceux qui comme moi sont fid\u00e8les de cette radio, non pas par doctrine, mais juste parce que c&rsquo;est de tr\u00e8s loin la meilleure radio de France.<br \/>\nC&rsquo;est un \u00e9l\u00e9ment dont on prend conscience pendant les gr\u00e8ves qui am\u00e8nent les radiophiles dont je suis, \u00e0 \u00e9couter la concurrence (RTL, Europe 1) \u00e0 constater l&rsquo;\u00e9norme \u00e9cart de qualit\u00e9 entre une ligne \u00e9ditoriale soign\u00e9e, dense, de la mati\u00e8re, de l&rsquo;\u00e9l\u00e9vation tout en maintenant une certaine dose de l\u00e9g\u00e8ret\u00e9, mais beaucoup d&rsquo;humour, avec une ligne populiste, sans analyse, port\u00e9e vers le pathos, et des \u00e9missions dites humoristiques d&rsquo;un niveau d&rsquo;\u00e9cole maternelle (les grosses t\u00eates avec l&rsquo;omnipr\u00e9sent Laurent Ruquier en particulier, dont le niveau est particuli\u00e8rement affligeant).<br \/>\nAlors cette ni\u00e8me gr\u00e8ve \u00e0 Radio France est-elle justifi\u00e9e ?<\/p>\n<p>Les gr\u00e9vistes revendiquent le maintien des 300 postes dont la suppression est pr\u00e9vue, sur les 4400 CDI existants.<\/p>\n<p>Pour m\u00e9moire, en 2015, une autre gr\u00e8ve avait d\u00e9j\u00e0 remis en cause le plan pr\u00e9vu par l\u2019ex pr\u00e9sident, Mathieur Gallet, si bien que malgr\u00e9 quelques efforts, la masse salariale a continu\u00e9 \u00e0 cro\u00eetre.<\/p>\n<p>Alors que les audiences sont largement en augmentation, la <strong><span style=\"color: #993366;\"><a style=\"color: #993366;\" href=\"https:\/\/www.ccomptes.fr\/system\/files\/2019-02\/05-Radio-France-Tome-2.pdf\" target=\"_blank\" rel=\"noopener noreferrer\">Cour des Comptes rel\u00e8ve malgr\u00e9 tout<\/a><\/span> <\/strong>dans son dernier rapport, de nombreux doublons, en particulier la tr\u00e8s couteuse \u00ab France Info \u00bb.<\/p>\n<p>Le m\u00eame rapport pointe quelques errements dans les restructuration, en particulier de France Musique dont la mise en ligne n\u2019est pas n\u00e9cessairement un succ\u00e8s, et le Mouv\u2019 qui ne trouve pas vraiment sa place.<br \/>\nPar ailleurs, il n\u2019y a qu\u2019\u00e0 \u00e9couter les diff\u00e9rentes radios du groupe, pour constater de nombreux doublons Radio \/ TV (France Info FM avec France Info TV, RFO avec France O, France Bleue avec France 3 \u2026)<\/p>\n<p>Enfin, le rapport note de nombreuses zones d\u2019ombre (achats, frais de r\u00e9ception, de d\u00e9placement, et conclue par le maillon faible (et tr\u00e8s couteux) de la maison ronde, la hausse des charges de personnel et un cadre social \u00e0 r\u00e9former, en particulier en ren\u00e9gociant le temps de travail (le code du travail permet aux journalistes de ne travailler que 192 jours par an en totalisant l\u00e9galement plus de 13 semaines d\u2019absence parfaitement l\u00e9gale, par an.\u2028\u2028Et l\u2019on en revient donc au gr\u00e8ves plus g\u00e9n\u00e9rales celles ci, pour la r\u00e9forme des retraites, o\u00f9 l\u2019on constate qu\u2019il est toujours difficile de faire passer chez certaines cat\u00e9gories socio-professionnelles des r\u00e9formes structurelles qui modifient les petits avantages indus, ou abusifs.\u2028\u2028Alors, comme pour les r\u00e9gimes sp\u00e9ciaux des retraites qu\u2019il faut supprimer, le mod\u00e8le de radio France (h\u00e9rit\u00e9 de l\u2019ORTF) est \u00e9videmment \u00e0 revoir, et plut\u00f4t que tuer dans l\u2019oeuf la maison commune du service public en la bloquant pendant plusieurs semaines, les syndicats seraient bien inspir\u00e9s de r\u00e9fl\u00e9chir \u00e0 l\u2019int\u00e9r\u00eat commun, plut\u00f4t qu\u2019\u00e0 celui d\u2019une cat\u00e9gorie d\u00e9j\u00e0 fiscalement tr\u00e8s avantag\u00e9e de la population.<\/p>\n<p>L\u00e0 encore, l\u2019int\u00e9r\u00eat commun passe avant celui de certaines cat\u00e9gories.<\/p>\n","protected":false},"excerpt":{"rendered":"<p>Voil\u00e0 plusieurs semaines maintenant qu&rsquo;une partie des journalistes de Radio France (inter, culture, bleue, musique, FIP et autres) sont en gr\u00e8ve. Evidemment, pour ceux qui comme moi sont fid\u00e8les de cette radio, non pas par doctrine, mais juste parce que &hellip; <a href=\"https:\/\/www.frederic-poitou.com\/blog\/greve-a-radio-france\/\">Lire la suite\u00ad\u00ad<\/a><\/p>\n","protected":false},"author":4,"featured_media":9470,"comment_status":"closed","ping_status":"open","sticky":false,"template":"","format":"standard","meta":{"kt_blocks_editor_width":"","_exactmetrics_skip_tracking":false,"_exactmetrics_sitenote_active":false,"_exactmetrics_sitenote_note":"","_exactmetrics_sitenote_category":0,"footnotes":""},"categories":[48,44,1],"tags":[],"class_list":["post-9469","post","type-post","status-publish","format-standard","has-post-thumbnail","hentry","category-accueil","category-culture","category-politique-economie"],"yoast_head":"<!-- This site is optimized with the Yoast SEO plugin v27.1.1 - https:\/\/yoast.com\/product\/yoast-seo-wordpress\/ -->\n<title>GR\u00c8VE A RADIO-FRANCE -<\/title>\n<meta name=\"robots\" content=\"index, follow, max-snippet:-1, max-image-preview:large, max-video-preview:-1\" \/>\n<link rel=\"canonical\" href=\"https:\/\/www.frederic-poitou.com\/blog\/greve-a-radio-france\/\" \/>\n<meta property=\"og:locale\" content=\"fr_FR\" \/>\n<meta property=\"og:type\" content=\"article\" \/>\n<meta property=\"og:title\" content=\"GR\u00c8VE A RADIO-FRANCE -\" \/>\n<meta property=\"og:description\" content=\"Voil\u00e0 plusieurs semaines maintenant qu&rsquo;une partie des journalistes de Radio France (inter, culture, bleue, musique, FIP et autres) sont en gr\u00e8ve. Evidemment, pour ceux qui comme moi sont fid\u00e8les de cette radio, non pas par doctrine, mais juste parce que &hellip; Lire la suite\u00ad\u00ad\" \/>\n<meta property=\"og:url\" content=\"https:\/\/www.frederic-poitou.com\/blog\/greve-a-radio-france\/\" \/>\n<meta property=\"article:publisher\" content=\"https:\/\/www.facebook.com\/frederic.poitou\/\" \/>\n<meta property=\"article:published_time\" content=\"2023-07-13T17:19:32+00:00\" \/>\n<meta property=\"article:modified_time\" content=\"2026-04-10T17:44:50+00:00\" \/>\n<meta property=\"og:image\" content=\"https:\/\/www.frederic-poitou.com\/blog\/wp-content\/2019\/12\/WJUE7C4VVEIIJNQVAQUWAHHCQY.jpg\" \/>\n\t<meta property=\"og:image:width\" content=\"932\" \/>\n\t<meta property=\"og:image:height\" content=\"582\" \/>\n\t<meta property=\"og:image:type\" content=\"image\/jpeg\" \/>\n<meta name=\"author\" content=\"Fr\u00e9d\u00e9ric Poitou\" \/>\n<meta name=\"twitter:card\" content=\"summary_large_image\" \/>\n<meta name=\"twitter:creator\" content=\"@fredericpoitou\" \/>\n<meta name=\"twitter:site\" content=\"@fredericpoitou\" \/>\n<meta name=\"twitter:label1\" content=\"\u00c9crit par\" \/>\n\t<meta name=\"twitter:data1\" content=\"Fr\u00e9d\u00e9ric Poitou\" \/>\n\t<meta name=\"twitter:label2\" content=\"Dur\u00e9e de lecture estim\u00e9e\" \/>\n\t<meta name=\"twitter:data2\" content=\"3 minutes\" \/>\n<script type=\"application\/ld+json\" class=\"yoast-schema-graph\">{\"@context\":\"https:\/\/schema.org\",\"@graph\":[{\"@type\":\"Article\",\"@id\":\"https:\/\/www.frederic-poitou.com\/blog\/greve-a-radio-france\/#article\",\"isPartOf\":{\"@id\":\"https:\/\/www.frederic-poitou.com\/blog\/greve-a-radio-france\/\"},\"author\":{\"name\":\"Fr\u00e9d\u00e9ric Poitou\",\"@id\":\"http:\/\/www.frederic-poitou.com\/blog\/#\/schema\/person\/e2c2d05e978747818533fdce859a7799\"},\"headline\":\"GR\u00c8VE A RADIO-FRANCE\",\"datePublished\":\"2023-07-13T17:19:32+00:00\",\"dateModified\":\"2026-04-10T17:44:50+00:00\",\"mainEntityOfPage\":{\"@id\":\"https:\/\/www.frederic-poitou.com\/blog\/greve-a-radio-france\/\"},\"wordCount\":557,\"image\":{\"@id\":\"https:\/\/www.frederic-poitou.com\/blog\/greve-a-radio-france\/#primaryimage\"},\"thumbnailUrl\":\"https:\/\/www.frederic-poitou.com\/blog\/wp-content\/2019\/12\/WJUE7C4VVEIIJNQVAQUWAHHCQY.jpg\",\"articleSection\":[\"Accueil\",\"Culture\",\"Divers\"],\"inLanguage\":\"fr-FR\"},{\"@type\":\"WebPage\",\"@id\":\"https:\/\/www.frederic-poitou.com\/blog\/greve-a-radio-france\/\",\"url\":\"https:\/\/www.frederic-poitou.com\/blog\/greve-a-radio-france\/\",\"name\":\"GR\u00c8VE A RADIO-FRANCE -\",\"isPartOf\":{\"@id\":\"http:\/\/www.frederic-poitou.com\/blog\/#website\"},\"primaryImageOfPage\":{\"@id\":\"https:\/\/www.frederic-poitou.com\/blog\/greve-a-radio-france\/#primaryimage\"},\"image\":{\"@id\":\"https:\/\/www.frederic-poitou.com\/blog\/greve-a-radio-france\/#primaryimage\"},\"thumbnailUrl\":\"https:\/\/www.frederic-poitou.com\/blog\/wp-content\/2019\/12\/WJUE7C4VVEIIJNQVAQUWAHHCQY.jpg\",\"datePublished\":\"2023-07-13T17:19:32+00:00\",\"dateModified\":\"2026-04-10T17:44:50+00:00\",\"author\":{\"@id\":\"http:\/\/www.frederic-poitou.com\/blog\/#\/schema\/person\/e2c2d05e978747818533fdce859a7799\"},\"breadcrumb\":{\"@id\":\"https:\/\/www.frederic-poitou.com\/blog\/greve-a-radio-france\/#breadcrumb\"},\"inLanguage\":\"fr-FR\",\"potentialAction\":[{\"@type\":\"ReadAction\",\"target\":[\"https:\/\/www.frederic-poitou.com\/blog\/greve-a-radio-france\/\"]}]},{\"@type\":\"ImageObject\",\"inLanguage\":\"fr-FR\",\"@id\":\"https:\/\/www.frederic-poitou.com\/blog\/greve-a-radio-france\/#primaryimage\",\"url\":\"https:\/\/www.frederic-poitou.com\/blog\/wp-content\/2019\/12\/WJUE7C4VVEIIJNQVAQUWAHHCQY.jpg\",\"contentUrl\":\"https:\/\/www.frederic-poitou.com\/blog\/wp-content\/2019\/12\/WJUE7C4VVEIIJNQVAQUWAHHCQY.jpg\",\"width\":932,\"height\":582},{\"@type\":\"BreadcrumbList\",\"@id\":\"https:\/\/www.frederic-poitou.com\/blog\/greve-a-radio-france\/#breadcrumb\",\"itemListElement\":[{\"@type\":\"ListItem\",\"position\":1,\"name\":\"Accueil\",\"item\":\"http:\/\/www.frederic-poitou.com\/blog\/\"},{\"@type\":\"ListItem\",\"position\":2,\"name\":\"GR\u00c8VE A RADIO-FRANCE\"}]},{\"@type\":\"WebSite\",\"@id\":\"http:\/\/www.frederic-poitou.com\/blog\/#website\",\"url\":\"http:\/\/www.frederic-poitou.com\/blog\/\",\"name\":\"\",\"description\":\"\",\"potentialAction\":[{\"@type\":\"SearchAction\",\"target\":{\"@type\":\"EntryPoint\",\"urlTemplate\":\"http:\/\/www.frederic-poitou.com\/blog\/?s={search_term_string}\"},\"query-input\":{\"@type\":\"PropertyValueSpecification\",\"valueRequired\":true,\"valueName\":\"search_term_string\"}}],\"inLanguage\":\"fr-FR\"},{\"@type\":\"Person\",\"@id\":\"http:\/\/www.frederic-poitou.com\/blog\/#\/schema\/person\/e2c2d05e978747818533fdce859a7799\",\"name\":\"Fr\u00e9d\u00e9ric Poitou\",\"image\":{\"@type\":\"ImageObject\",\"inLanguage\":\"fr-FR\",\"@id\":\"http:\/\/www.frederic-poitou.com\/blog\/#\/schema\/person\/image\/\",\"url\":\"https:\/\/secure.gravatar.com\/avatar\/1933bcca279a2feafd35d9e0a080c521e11beb51115fe4cfe02e2586ac13424a?s=96&d=mm&r=g\",\"contentUrl\":\"https:\/\/secure.gravatar.com\/avatar\/1933bcca279a2feafd35d9e0a080c521e11beb51115fe4cfe02e2586ac13424a?s=96&d=mm&r=g\",\"caption\":\"Fr\u00e9d\u00e9ric Poitou\"},\"description\":\"Fr\u00e9d\u00e9ric Poitou est n\u00e9 \u00e0 Rouen, et y a fait des \u00e9tudes au Conservatoire en musique-\u00e9tudes en section piano. Il s'est ensuite orient\u00e9 vers des \u00e9tudes scientifiques o\u00f9 il a obtenu un dipl\u00f4me d'ing\u00e9nieur, puis un doctorat en Chimie. Il est Expert Judiciaire en France, en Belgique et \u00e0 Luxembourg, et agr\u00e9e par les Institutions Europ\u00e9ennes.\",\"sameAs\":[\"http:\/\/www.frederic-poitou.com\",\"https:\/\/www.linkedin.com\/in\/frederic-poitou-b045a025\/\"]}]}<\/script>\n<!-- \/ Yoast SEO plugin. -->","yoast_head_json":{"title":"GR\u00c8VE A RADIO-FRANCE -","robots":{"index":"index","follow":"follow","max-snippet":"max-snippet:-1","max-image-preview":"max-image-preview:large","max-video-preview":"max-video-preview:-1"},"canonical":"https:\/\/www.frederic-poitou.com\/blog\/greve-a-radio-france\/","og_locale":"fr_FR","og_type":"article","og_title":"GR\u00c8VE A RADIO-FRANCE -","og_description":"Voil\u00e0 plusieurs semaines maintenant qu&rsquo;une partie des journalistes de Radio France (inter, culture, bleue, musique, FIP et autres) sont en gr\u00e8ve. Evidemment, pour ceux qui comme moi sont fid\u00e8les de cette radio, non pas par doctrine, mais juste parce que &hellip; Lire la suite\u00ad\u00ad","og_url":"https:\/\/www.frederic-poitou.com\/blog\/greve-a-radio-france\/","article_publisher":"https:\/\/www.facebook.com\/frederic.poitou\/","article_published_time":"2023-07-13T17:19:32+00:00","article_modified_time":"2026-04-10T17:44:50+00:00","og_image":[{"width":932,"height":582,"url":"https:\/\/www.frederic-poitou.com\/blog\/wp-content\/2019\/12\/WJUE7C4VVEIIJNQVAQUWAHHCQY.jpg","type":"image\/jpeg"}],"author":"Fr\u00e9d\u00e9ric Poitou","twitter_card":"summary_large_image","twitter_creator":"@fredericpoitou","twitter_site":"@fredericpoitou","twitter_misc":{"\u00c9crit par":"Fr\u00e9d\u00e9ric Poitou","Dur\u00e9e de lecture estim\u00e9e":"3 minutes"},"schema":{"@context":"https:\/\/schema.org","@graph":[{"@type":"Article","@id":"https:\/\/www.frederic-poitou.com\/blog\/greve-a-radio-france\/#article","isPartOf":{"@id":"https:\/\/www.frederic-poitou.com\/blog\/greve-a-radio-france\/"},"author":{"name":"Fr\u00e9d\u00e9ric Poitou","@id":"http:\/\/www.frederic-poitou.com\/blog\/#\/schema\/person\/e2c2d05e978747818533fdce859a7799"},"headline":"GR\u00c8VE A RADIO-FRANCE","datePublished":"2023-07-13T17:19:32+00:00","dateModified":"2026-04-10T17:44:50+00:00","mainEntityOfPage":{"@id":"https:\/\/www.frederic-poitou.com\/blog\/greve-a-radio-france\/"},"wordCount":557,"image":{"@id":"https:\/\/www.frederic-poitou.com\/blog\/greve-a-radio-france\/#primaryimage"},"thumbnailUrl":"https:\/\/www.frederic-poitou.com\/blog\/wp-content\/2019\/12\/WJUE7C4VVEIIJNQVAQUWAHHCQY.jpg","articleSection":["Accueil","Culture","Divers"],"inLanguage":"fr-FR"},{"@type":"WebPage","@id":"https:\/\/www.frederic-poitou.com\/blog\/greve-a-radio-france\/","url":"https:\/\/www.frederic-poitou.com\/blog\/greve-a-radio-france\/","name":"GR\u00c8VE A RADIO-FRANCE -","isPartOf":{"@id":"http:\/\/www.frederic-poitou.com\/blog\/#website"},"primaryImageOfPage":{"@id":"https:\/\/www.frederic-poitou.com\/blog\/greve-a-radio-france\/#primaryimage"},"image":{"@id":"https:\/\/www.frederic-poitou.com\/blog\/greve-a-radio-france\/#primaryimage"},"thumbnailUrl":"https:\/\/www.frederic-poitou.com\/blog\/wp-content\/2019\/12\/WJUE7C4VVEIIJNQVAQUWAHHCQY.jpg","datePublished":"2023-07-13T17:19:32+00:00","dateModified":"2026-04-10T17:44:50+00:00","author":{"@id":"http:\/\/www.frederic-poitou.com\/blog\/#\/schema\/person\/e2c2d05e978747818533fdce859a7799"},"breadcrumb":{"@id":"https:\/\/www.frederic-poitou.com\/blog\/greve-a-radio-france\/#breadcrumb"},"inLanguage":"fr-FR","potentialAction":[{"@type":"ReadAction","target":["https:\/\/www.frederic-poitou.com\/blog\/greve-a-radio-france\/"]}]},{"@type":"ImageObject","inLanguage":"fr-FR","@id":"https:\/\/www.frederic-poitou.com\/blog\/greve-a-radio-france\/#primaryimage","url":"https:\/\/www.frederic-poitou.com\/blog\/wp-content\/2019\/12\/WJUE7C4VVEIIJNQVAQUWAHHCQY.jpg","contentUrl":"https:\/\/www.frederic-poitou.com\/blog\/wp-content\/2019\/12\/WJUE7C4VVEIIJNQVAQUWAHHCQY.jpg","width":932,"height":582},{"@type":"BreadcrumbList","@id":"https:\/\/www.frederic-poitou.com\/blog\/greve-a-radio-france\/#breadcrumb","itemListElement":[{"@type":"ListItem","position":1,"name":"Accueil","item":"http:\/\/www.frederic-poitou.com\/blog\/"},{"@type":"ListItem","position":2,"name":"GR\u00c8VE A RADIO-FRANCE"}]},{"@type":"WebSite","@id":"http:\/\/www.frederic-poitou.com\/blog\/#website","url":"http:\/\/www.frederic-poitou.com\/blog\/","name":"","description":"","potentialAction":[{"@type":"SearchAction","target":{"@type":"EntryPoint","urlTemplate":"http:\/\/www.frederic-poitou.com\/blog\/?s={search_term_string}"},"query-input":{"@type":"PropertyValueSpecification","valueRequired":true,"valueName":"search_term_string"}}],"inLanguage":"fr-FR"},{"@type":"Person","@id":"http:\/\/www.frederic-poitou.com\/blog\/#\/schema\/person\/e2c2d05e978747818533fdce859a7799","name":"Fr\u00e9d\u00e9ric Poitou","image":{"@type":"ImageObject","inLanguage":"fr-FR","@id":"http:\/\/www.frederic-poitou.com\/blog\/#\/schema\/person\/image\/","url":"https:\/\/secure.gravatar.com\/avatar\/1933bcca279a2feafd35d9e0a080c521e11beb51115fe4cfe02e2586ac13424a?s=96&d=mm&r=g","contentUrl":"https:\/\/secure.gravatar.com\/avatar\/1933bcca279a2feafd35d9e0a080c521e11beb51115fe4cfe02e2586ac13424a?s=96&d=mm&r=g","caption":"Fr\u00e9d\u00e9ric Poitou"},"description":"Fr\u00e9d\u00e9ric Poitou est n\u00e9 \u00e0 Rouen, et y a fait des \u00e9tudes au Conservatoire en musique-\u00e9tudes en section piano. Il s'est ensuite orient\u00e9 vers des \u00e9tudes scientifiques o\u00f9 il a obtenu un dipl\u00f4me d'ing\u00e9nieur, puis un doctorat en Chimie. Il est Expert Judiciaire en France, en Belgique et \u00e0 Luxembourg, et agr\u00e9e par les Institutions Europ\u00e9ennes.","sameAs":["http:\/\/www.frederic-poitou.com","https:\/\/www.linkedin.com\/in\/frederic-poitou-b045a025\/"]}]}},"_links":{"self":[{"href":"https:\/\/www.frederic-poitou.com\/blog\/wp-json\/wp\/v2\/posts\/9469","targetHints":{"allow":["GET"]}}],"collection":[{"href":"https:\/\/www.frederic-poitou.com\/blog\/wp-json\/wp\/v2\/posts"}],"about":[{"href":"https:\/\/www.frederic-poitou.com\/blog\/wp-json\/wp\/v2\/types\/post"}],"author":[{"embeddable":true,"href":"https:\/\/www.frederic-poitou.com\/blog\/wp-json\/wp\/v2\/users\/4"}],"replies":[{"embeddable":true,"href":"https:\/\/www.frederic-poitou.com\/blog\/wp-json\/wp\/v2\/comments?post=9469"}],"version-history":[{"count":1,"href":"https:\/\/www.frederic-poitou.com\/blog\/wp-json\/wp\/v2\/posts\/9469\/revisions"}],"predecessor-version":[{"id":9472,"href":"https:\/\/www.frederic-poitou.com\/blog\/wp-json\/wp\/v2\/posts\/9469\/revisions\/9472"}],"wp:featuredmedia":[{"embeddable":true,"href":"https:\/\/www.frederic-poitou.com\/blog\/wp-json\/wp\/v2\/media\/9470"}],"wp:attachment":[{"href":"https:\/\/www.frederic-poitou.com\/blog\/wp-json\/wp\/v2\/media?parent=9469"}],"wp:term":[{"taxonomy":"category","embeddable":true,"href":"https:\/\/www.frederic-poitou.com\/blog\/wp-json\/wp\/v2\/categories?post=9469"},{"taxonomy":"post_tag","embeddable":true,"href":"https:\/\/www.frederic-poitou.com\/blog\/wp-json\/wp\/v2\/tags?post=9469"}],"curies":[{"name":"wp","href":"https:\/\/api.w.org\/{rel}","templated":true}]}}