{"id":9401,"date":"2023-07-15T01:49:32","date_gmt":"2023-07-14T23:49:32","guid":{"rendered":"http:\/\/www.frederic-poitou.com\/blog\/?p=9401"},"modified":"2026-04-24T12:14:27","modified_gmt":"2026-04-24T10:14:27","slug":"hymne-aux-enfants-quon-dit-perdus","status":"publish","type":"post","link":"https:\/\/www.frederic-poitou.com\/blog\/hymne-aux-enfants-quon-dit-perdus\/","title":{"rendered":"HYMNE AUX ENFANTS QU&rsquo;ON DIT PERDUS"},"content":{"rendered":"<p>Ceux qui ont \u00e9t\u00e9 confront\u00e9s au rejet, \u00e0 la s\u00e9gr\u00e9gation parce que sales gosses, handicap\u00e9s, noirs, beurs, juifs, homos, malades, enfants de divorc\u00e9s, orphelins, autistes &#8230;<\/p>\n<p>Qu&rsquo;ils soient immigr\u00e9s, ou issus des sales banlieues de Rouen pourries de pollution depuis des d\u00e9cennies, ou d&rsquo;Afrique, arriv\u00e9s ici par r\u00eave, envie, attir\u00e9s par les <a href=\"https:\/\/pxhere.com\/fr\/photo\/662951\" target=\"_blank\" rel=\"noopener noreferrer\">lumi\u00e8res que proposent l&rsquo;Europe \u00e0 port\u00e9e de zodiac de leurs mis\u00e8res<\/a>,<\/p>\n<p>ceux l\u00e0 comprendront.<\/p>\n<p>L&rsquo;arme des \u00ab\u00a0perdus\u00a0\u00bb est le travail, les valeurs de la R\u00e9publique le permettent, l&rsquo;ascenseur social fait le reste.<\/p>\n<p>C&rsquo;est beau, porteur d&rsquo;espoir, de vitalit\u00e9 et d&rsquo;\u00e9nergie cr\u00e9ative, et c&rsquo;est \u00e7a qui fait qu&rsquo;on est fier d&rsquo;\u00eatre fran\u00e7ais contre les valeurs d&rsquo;exclusion que portent certains.<\/p>\n<p><em>\u00ab\u00a0Non au mis\u00e9rabilisme et \u00e0 l&rsquo;auto-apitoiement. il faut donc d\u00e9noncer les injustices, mais aussi aider les jeunes des quartiers populaires \u00e0 acc\u00e9der aux \u00e9tudes sup\u00e9rieures, pour leur donner une vraie chance de changer de classe sociale\u00a0\u00bb Kery James<\/em><\/p>\n<p>Si Kery James a \u00e9t\u00e9 adoub\u00e9 par Charles Aznavour, autre immigr\u00e9 qui a tant du travailler pour en arriver \u00ab\u00a0en haut de l&rsquo;affiche\u00a0\u00bb, ca n&rsquo;est probablement pas un hasard.\u00a0Indignez vous et r\u00e9voltez vous. Non dans la violence, mais dans la r\u00e9ussite, le travail, le d\u00e9passement.<\/p>\n<p><a href=\"http:\/\/www.frederic-poitou.com\/blog\/de-la-culture-pour-les-cites-vous-revez\/\" target=\"_blank\" rel=\"noopener noreferrer\">Ca me rappelle un article que j&rsquo;ai \u00e9crit il y a tout juste 10 ans et qui \u00e9tait consacr\u00e9 \u00e0 Jean-Claude Casadessus.<\/a><\/p>\n<p>#nopainnogain<\/p>\n<h2><\/h2>\n<div class=\"entry-content-asset videofit\"><iframe loading=\"lazy\" title=\"Kery james -Banlieusards\" width=\"500\" height=\"375\" src=\"https:\/\/www.youtube.com\/embed\/7pQQK4XuwCA?feature=oembed\" frameborder=\"0\" allow=\"accelerometer; autoplay; clipboard-write; encrypted-media; gyroscope; picture-in-picture; web-share\" referrerpolicy=\"strict-origin-when-cross-origin\" allowfullscreen><\/iframe><\/div>\n","protected":false},"excerpt":{"rendered":"<p>Ceux qui ont \u00e9t\u00e9 confront\u00e9s au rejet, \u00e0 la s\u00e9gr\u00e9gation parce que sales gosses, handicap\u00e9s, noirs, beurs, juifs, homos, malades, enfants de divorc\u00e9s, orphelins, autistes &#8230; Qu&rsquo;ils soient immigr\u00e9s, ou issus des sales banlieues de Rouen pourries de pollution depuis &hellip; <a href=\"https:\/\/www.frederic-poitou.com\/blog\/hymne-aux-enfants-quon-dit-perdus\/\">Lire la suite\u00ad\u00ad<\/a><\/p>\n","protected":false},"author":4,"featured_media":9403,"comment_status":"closed","ping_status":"open","sticky":false,"template":"","format":"standard","meta":{"kt_blocks_editor_width":"","_exactmetrics_skip_tracking":false,"_exactmetrics_sitenote_active":false,"_exactmetrics_sitenote_note":"","_exactmetrics_sitenote_category":0,"footnotes":""},"categories":[48,54],"tags":[],"class_list":["post-9401","post","type-post","status-publish","format-standard","has-post-thumbnail","hentry","category-accueil","category-societe"],"yoast_head":"<!-- This site is optimized with the Yoast SEO plugin v27.1.1 - https:\/\/yoast.com\/product\/yoast-seo-wordpress\/ -->\n<title>HYMNE AUX ENFANTS QU&#039;ON DIT PERDUS -<\/title>\n<meta name=\"robots\" content=\"index, follow, max-snippet:-1, max-image-preview:large, max-video-preview:-1\" \/>\n<link rel=\"canonical\" href=\"https:\/\/www.frederic-poitou.com\/blog\/hymne-aux-enfants-quon-dit-perdus\/\" \/>\n<meta property=\"og:locale\" content=\"fr_FR\" \/>\n<meta property=\"og:type\" content=\"article\" \/>\n<meta property=\"og:title\" content=\"HYMNE AUX ENFANTS QU&#039;ON DIT PERDUS -\" \/>\n<meta property=\"og:description\" content=\"Ceux qui ont \u00e9t\u00e9 confront\u00e9s au rejet, \u00e0 la s\u00e9gr\u00e9gation parce que sales gosses, handicap\u00e9s, noirs, beurs, juifs, homos, malades, enfants de divorc\u00e9s, orphelins, autistes &#8230; Qu&rsquo;ils soient immigr\u00e9s, ou issus des sales banlieues de Rouen pourries de pollution depuis &hellip; Lire la suite\u00ad\u00ad\" \/>\n<meta property=\"og:url\" content=\"https:\/\/www.frederic-poitou.com\/blog\/hymne-aux-enfants-quon-dit-perdus\/\" \/>\n<meta property=\"article:publisher\" content=\"https:\/\/www.facebook.com\/frederic.poitou\/\" \/>\n<meta property=\"article:published_time\" content=\"2023-07-14T23:49:32+00:00\" \/>\n<meta property=\"article:modified_time\" content=\"2026-04-24T10:14:27+00:00\" \/>\n<meta property=\"og:image\" content=\"https:\/\/www.frederic-poitou.com\/blog\/wp-content\/2019\/10\/kery-james_2719_kjames-ts-echec_20180712T070539_03.jpg\" \/>\n\t<meta property=\"og:image:width\" content=\"427\" \/>\n\t<meta property=\"og:image:height\" content=\"427\" \/>\n\t<meta property=\"og:image:type\" content=\"image\/jpeg\" \/>\n<meta name=\"author\" content=\"Fr\u00e9d\u00e9ric Poitou\" \/>\n<meta name=\"twitter:card\" content=\"summary_large_image\" \/>\n<meta name=\"twitter:creator\" content=\"@fredericpoitou\" \/>\n<meta name=\"twitter:site\" content=\"@fredericpoitou\" \/>\n<meta name=\"twitter:label1\" content=\"\u00c9crit par\" \/>\n\t<meta name=\"twitter:data1\" content=\"Fr\u00e9d\u00e9ric Poitou\" \/>\n\t<meta name=\"twitter:label2\" content=\"Dur\u00e9e de lecture estim\u00e9e\" \/>\n\t<meta name=\"twitter:data2\" content=\"1 minute\" \/>\n<script type=\"application\/ld+json\" class=\"yoast-schema-graph\">{\"@context\":\"https:\/\/schema.org\",\"@graph\":[{\"@type\":\"Article\",\"@id\":\"https:\/\/www.frederic-poitou.com\/blog\/hymne-aux-enfants-quon-dit-perdus\/#article\",\"isPartOf\":{\"@id\":\"https:\/\/www.frederic-poitou.com\/blog\/hymne-aux-enfants-quon-dit-perdus\/\"},\"author\":{\"name\":\"Fr\u00e9d\u00e9ric Poitou\",\"@id\":\"http:\/\/www.frederic-poitou.com\/blog\/#\/schema\/person\/e2c2d05e978747818533fdce859a7799\"},\"headline\":\"HYMNE AUX ENFANTS QU&rsquo;ON DIT PERDUS\",\"datePublished\":\"2023-07-14T23:49:32+00:00\",\"dateModified\":\"2026-04-24T10:14:27+00:00\",\"mainEntityOfPage\":{\"@id\":\"https:\/\/www.frederic-poitou.com\/blog\/hymne-aux-enfants-quon-dit-perdus\/\"},\"wordCount\":264,\"image\":{\"@id\":\"https:\/\/www.frederic-poitou.com\/blog\/hymne-aux-enfants-quon-dit-perdus\/#primaryimage\"},\"thumbnailUrl\":\"https:\/\/www.frederic-poitou.com\/blog\/wp-content\/2019\/10\/kery-james_2719_kjames-ts-echec_20180712T070539_03.jpg\",\"articleSection\":[\"Accueil\",\"Soci\u00e9t\u00e9\"],\"inLanguage\":\"fr-FR\"},{\"@type\":\"WebPage\",\"@id\":\"https:\/\/www.frederic-poitou.com\/blog\/hymne-aux-enfants-quon-dit-perdus\/\",\"url\":\"https:\/\/www.frederic-poitou.com\/blog\/hymne-aux-enfants-quon-dit-perdus\/\",\"name\":\"HYMNE AUX ENFANTS QU'ON DIT PERDUS -\",\"isPartOf\":{\"@id\":\"http:\/\/www.frederic-poitou.com\/blog\/#website\"},\"primaryImageOfPage\":{\"@id\":\"https:\/\/www.frederic-poitou.com\/blog\/hymne-aux-enfants-quon-dit-perdus\/#primaryimage\"},\"image\":{\"@id\":\"https:\/\/www.frederic-poitou.com\/blog\/hymne-aux-enfants-quon-dit-perdus\/#primaryimage\"},\"thumbnailUrl\":\"https:\/\/www.frederic-poitou.com\/blog\/wp-content\/2019\/10\/kery-james_2719_kjames-ts-echec_20180712T070539_03.jpg\",\"datePublished\":\"2023-07-14T23:49:32+00:00\",\"dateModified\":\"2026-04-24T10:14:27+00:00\",\"author\":{\"@id\":\"http:\/\/www.frederic-poitou.com\/blog\/#\/schema\/person\/e2c2d05e978747818533fdce859a7799\"},\"breadcrumb\":{\"@id\":\"https:\/\/www.frederic-poitou.com\/blog\/hymne-aux-enfants-quon-dit-perdus\/#breadcrumb\"},\"inLanguage\":\"fr-FR\",\"potentialAction\":[{\"@type\":\"ReadAction\",\"target\":[\"https:\/\/www.frederic-poitou.com\/blog\/hymne-aux-enfants-quon-dit-perdus\/\"]}]},{\"@type\":\"ImageObject\",\"inLanguage\":\"fr-FR\",\"@id\":\"https:\/\/www.frederic-poitou.com\/blog\/hymne-aux-enfants-quon-dit-perdus\/#primaryimage\",\"url\":\"https:\/\/www.frederic-poitou.com\/blog\/wp-content\/2019\/10\/kery-james_2719_kjames-ts-echec_20180712T070539_03.jpg\",\"contentUrl\":\"https:\/\/www.frederic-poitou.com\/blog\/wp-content\/2019\/10\/kery-james_2719_kjames-ts-echec_20180712T070539_03.jpg\",\"width\":427,\"height\":427},{\"@type\":\"BreadcrumbList\",\"@id\":\"https:\/\/www.frederic-poitou.com\/blog\/hymne-aux-enfants-quon-dit-perdus\/#breadcrumb\",\"itemListElement\":[{\"@type\":\"ListItem\",\"position\":1,\"name\":\"Accueil\",\"item\":\"http:\/\/www.frederic-poitou.com\/blog\/\"},{\"@type\":\"ListItem\",\"position\":2,\"name\":\"HYMNE AUX ENFANTS QU&rsquo;ON DIT PERDUS\"}]},{\"@type\":\"WebSite\",\"@id\":\"http:\/\/www.frederic-poitou.com\/blog\/#website\",\"url\":\"http:\/\/www.frederic-poitou.com\/blog\/\",\"name\":\"\",\"description\":\"\",\"potentialAction\":[{\"@type\":\"SearchAction\",\"target\":{\"@type\":\"EntryPoint\",\"urlTemplate\":\"http:\/\/www.frederic-poitou.com\/blog\/?s={search_term_string}\"},\"query-input\":{\"@type\":\"PropertyValueSpecification\",\"valueRequired\":true,\"valueName\":\"search_term_string\"}}],\"inLanguage\":\"fr-FR\"},{\"@type\":\"Person\",\"@id\":\"http:\/\/www.frederic-poitou.com\/blog\/#\/schema\/person\/e2c2d05e978747818533fdce859a7799\",\"name\":\"Fr\u00e9d\u00e9ric Poitou\",\"image\":{\"@type\":\"ImageObject\",\"inLanguage\":\"fr-FR\",\"@id\":\"http:\/\/www.frederic-poitou.com\/blog\/#\/schema\/person\/image\/\",\"url\":\"https:\/\/secure.gravatar.com\/avatar\/1933bcca279a2feafd35d9e0a080c521e11beb51115fe4cfe02e2586ac13424a?s=96&d=mm&r=g\",\"contentUrl\":\"https:\/\/secure.gravatar.com\/avatar\/1933bcca279a2feafd35d9e0a080c521e11beb51115fe4cfe02e2586ac13424a?s=96&d=mm&r=g\",\"caption\":\"Fr\u00e9d\u00e9ric Poitou\"},\"description\":\"Fr\u00e9d\u00e9ric Poitou est n\u00e9 \u00e0 Rouen, et y a fait des \u00e9tudes au Conservatoire en musique-\u00e9tudes en section piano. Il s'est ensuite orient\u00e9 vers des \u00e9tudes scientifiques o\u00f9 il a obtenu un dipl\u00f4me d'ing\u00e9nieur, puis un doctorat en Chimie. Il est Expert Judiciaire en France, en Belgique et \u00e0 Luxembourg, et agr\u00e9e par les Institutions Europ\u00e9ennes.\",\"sameAs\":[\"http:\/\/www.frederic-poitou.com\",\"https:\/\/www.linkedin.com\/in\/frederic-poitou-b045a025\/\"]}]}<\/script>\n<!-- \/ Yoast SEO plugin. -->","yoast_head_json":{"title":"HYMNE AUX ENFANTS QU'ON DIT PERDUS -","robots":{"index":"index","follow":"follow","max-snippet":"max-snippet:-1","max-image-preview":"max-image-preview:large","max-video-preview":"max-video-preview:-1"},"canonical":"https:\/\/www.frederic-poitou.com\/blog\/hymne-aux-enfants-quon-dit-perdus\/","og_locale":"fr_FR","og_type":"article","og_title":"HYMNE AUX ENFANTS QU'ON DIT PERDUS -","og_description":"Ceux qui ont \u00e9t\u00e9 confront\u00e9s au rejet, \u00e0 la s\u00e9gr\u00e9gation parce que sales gosses, handicap\u00e9s, noirs, beurs, juifs, homos, malades, enfants de divorc\u00e9s, orphelins, autistes &#8230; Qu&rsquo;ils soient immigr\u00e9s, ou issus des sales banlieues de Rouen pourries de pollution depuis &hellip; Lire la suite\u00ad\u00ad","og_url":"https:\/\/www.frederic-poitou.com\/blog\/hymne-aux-enfants-quon-dit-perdus\/","article_publisher":"https:\/\/www.facebook.com\/frederic.poitou\/","article_published_time":"2023-07-14T23:49:32+00:00","article_modified_time":"2026-04-24T10:14:27+00:00","og_image":[{"width":427,"height":427,"url":"https:\/\/www.frederic-poitou.com\/blog\/wp-content\/2019\/10\/kery-james_2719_kjames-ts-echec_20180712T070539_03.jpg","type":"image\/jpeg"}],"author":"Fr\u00e9d\u00e9ric Poitou","twitter_card":"summary_large_image","twitter_creator":"@fredericpoitou","twitter_site":"@fredericpoitou","twitter_misc":{"\u00c9crit par":"Fr\u00e9d\u00e9ric Poitou","Dur\u00e9e de lecture estim\u00e9e":"1 minute"},"schema":{"@context":"https:\/\/schema.org","@graph":[{"@type":"Article","@id":"https:\/\/www.frederic-poitou.com\/blog\/hymne-aux-enfants-quon-dit-perdus\/#article","isPartOf":{"@id":"https:\/\/www.frederic-poitou.com\/blog\/hymne-aux-enfants-quon-dit-perdus\/"},"author":{"name":"Fr\u00e9d\u00e9ric Poitou","@id":"http:\/\/www.frederic-poitou.com\/blog\/#\/schema\/person\/e2c2d05e978747818533fdce859a7799"},"headline":"HYMNE AUX ENFANTS QU&rsquo;ON DIT PERDUS","datePublished":"2023-07-14T23:49:32+00:00","dateModified":"2026-04-24T10:14:27+00:00","mainEntityOfPage":{"@id":"https:\/\/www.frederic-poitou.com\/blog\/hymne-aux-enfants-quon-dit-perdus\/"},"wordCount":264,"image":{"@id":"https:\/\/www.frederic-poitou.com\/blog\/hymne-aux-enfants-quon-dit-perdus\/#primaryimage"},"thumbnailUrl":"https:\/\/www.frederic-poitou.com\/blog\/wp-content\/2019\/10\/kery-james_2719_kjames-ts-echec_20180712T070539_03.jpg","articleSection":["Accueil","Soci\u00e9t\u00e9"],"inLanguage":"fr-FR"},{"@type":"WebPage","@id":"https:\/\/www.frederic-poitou.com\/blog\/hymne-aux-enfants-quon-dit-perdus\/","url":"https:\/\/www.frederic-poitou.com\/blog\/hymne-aux-enfants-quon-dit-perdus\/","name":"HYMNE AUX ENFANTS QU'ON DIT PERDUS -","isPartOf":{"@id":"http:\/\/www.frederic-poitou.com\/blog\/#website"},"primaryImageOfPage":{"@id":"https:\/\/www.frederic-poitou.com\/blog\/hymne-aux-enfants-quon-dit-perdus\/#primaryimage"},"image":{"@id":"https:\/\/www.frederic-poitou.com\/blog\/hymne-aux-enfants-quon-dit-perdus\/#primaryimage"},"thumbnailUrl":"https:\/\/www.frederic-poitou.com\/blog\/wp-content\/2019\/10\/kery-james_2719_kjames-ts-echec_20180712T070539_03.jpg","datePublished":"2023-07-14T23:49:32+00:00","dateModified":"2026-04-24T10:14:27+00:00","author":{"@id":"http:\/\/www.frederic-poitou.com\/blog\/#\/schema\/person\/e2c2d05e978747818533fdce859a7799"},"breadcrumb":{"@id":"https:\/\/www.frederic-poitou.com\/blog\/hymne-aux-enfants-quon-dit-perdus\/#breadcrumb"},"inLanguage":"fr-FR","potentialAction":[{"@type":"ReadAction","target":["https:\/\/www.frederic-poitou.com\/blog\/hymne-aux-enfants-quon-dit-perdus\/"]}]},{"@type":"ImageObject","inLanguage":"fr-FR","@id":"https:\/\/www.frederic-poitou.com\/blog\/hymne-aux-enfants-quon-dit-perdus\/#primaryimage","url":"https:\/\/www.frederic-poitou.com\/blog\/wp-content\/2019\/10\/kery-james_2719_kjames-ts-echec_20180712T070539_03.jpg","contentUrl":"https:\/\/www.frederic-poitou.com\/blog\/wp-content\/2019\/10\/kery-james_2719_kjames-ts-echec_20180712T070539_03.jpg","width":427,"height":427},{"@type":"BreadcrumbList","@id":"https:\/\/www.frederic-poitou.com\/blog\/hymne-aux-enfants-quon-dit-perdus\/#breadcrumb","itemListElement":[{"@type":"ListItem","position":1,"name":"Accueil","item":"http:\/\/www.frederic-poitou.com\/blog\/"},{"@type":"ListItem","position":2,"name":"HYMNE AUX ENFANTS QU&rsquo;ON DIT PERDUS"}]},{"@type":"WebSite","@id":"http:\/\/www.frederic-poitou.com\/blog\/#website","url":"http:\/\/www.frederic-poitou.com\/blog\/","name":"","description":"","potentialAction":[{"@type":"SearchAction","target":{"@type":"EntryPoint","urlTemplate":"http:\/\/www.frederic-poitou.com\/blog\/?s={search_term_string}"},"query-input":{"@type":"PropertyValueSpecification","valueRequired":true,"valueName":"search_term_string"}}],"inLanguage":"fr-FR"},{"@type":"Person","@id":"http:\/\/www.frederic-poitou.com\/blog\/#\/schema\/person\/e2c2d05e978747818533fdce859a7799","name":"Fr\u00e9d\u00e9ric Poitou","image":{"@type":"ImageObject","inLanguage":"fr-FR","@id":"http:\/\/www.frederic-poitou.com\/blog\/#\/schema\/person\/image\/","url":"https:\/\/secure.gravatar.com\/avatar\/1933bcca279a2feafd35d9e0a080c521e11beb51115fe4cfe02e2586ac13424a?s=96&d=mm&r=g","contentUrl":"https:\/\/secure.gravatar.com\/avatar\/1933bcca279a2feafd35d9e0a080c521e11beb51115fe4cfe02e2586ac13424a?s=96&d=mm&r=g","caption":"Fr\u00e9d\u00e9ric Poitou"},"description":"Fr\u00e9d\u00e9ric Poitou est n\u00e9 \u00e0 Rouen, et y a fait des \u00e9tudes au Conservatoire en musique-\u00e9tudes en section piano. Il s'est ensuite orient\u00e9 vers des \u00e9tudes scientifiques o\u00f9 il a obtenu un dipl\u00f4me d'ing\u00e9nieur, puis un doctorat en Chimie. Il est Expert Judiciaire en France, en Belgique et \u00e0 Luxembourg, et agr\u00e9e par les Institutions Europ\u00e9ennes.","sameAs":["http:\/\/www.frederic-poitou.com","https:\/\/www.linkedin.com\/in\/frederic-poitou-b045a025\/"]}]}},"_links":{"self":[{"href":"https:\/\/www.frederic-poitou.com\/blog\/wp-json\/wp\/v2\/posts\/9401","targetHints":{"allow":["GET"]}}],"collection":[{"href":"https:\/\/www.frederic-poitou.com\/blog\/wp-json\/wp\/v2\/posts"}],"about":[{"href":"https:\/\/www.frederic-poitou.com\/blog\/wp-json\/wp\/v2\/types\/post"}],"author":[{"embeddable":true,"href":"https:\/\/www.frederic-poitou.com\/blog\/wp-json\/wp\/v2\/users\/4"}],"replies":[{"embeddable":true,"href":"https:\/\/www.frederic-poitou.com\/blog\/wp-json\/wp\/v2\/comments?post=9401"}],"version-history":[{"count":14,"href":"https:\/\/www.frederic-poitou.com\/blog\/wp-json\/wp\/v2\/posts\/9401\/revisions"}],"predecessor-version":[{"id":9421,"href":"https:\/\/www.frederic-poitou.com\/blog\/wp-json\/wp\/v2\/posts\/9401\/revisions\/9421"}],"wp:featuredmedia":[{"embeddable":true,"href":"https:\/\/www.frederic-poitou.com\/blog\/wp-json\/wp\/v2\/media\/9403"}],"wp:attachment":[{"href":"https:\/\/www.frederic-poitou.com\/blog\/wp-json\/wp\/v2\/media?parent=9401"}],"wp:term":[{"taxonomy":"category","embeddable":true,"href":"https:\/\/www.frederic-poitou.com\/blog\/wp-json\/wp\/v2\/categories?post=9401"},{"taxonomy":"post_tag","embeddable":true,"href":"https:\/\/www.frederic-poitou.com\/blog\/wp-json\/wp\/v2\/tags?post=9401"}],"curies":[{"name":"wp","href":"https:\/\/api.w.org\/{rel}","templated":true}]}}