{"id":9377,"date":"2023-07-15T01:05:32","date_gmt":"2023-07-14T23:05:32","guid":{"rendered":"http:\/\/www.frederic-poitou.com\/blog\/?p=9377"},"modified":"2026-04-24T06:00:38","modified_gmt":"2026-04-24T04:00:38","slug":"le-dossier-judiciaire-de-lactalis-sepaissit","status":"publish","type":"post","link":"https:\/\/www.frederic-poitou.com\/blog\/le-dossier-judiciaire-de-lactalis-sepaissit\/","title":{"rendered":"LE DOSSIER JUDICIAIRE DE LACTALIS S&rsquo;EPAISSIT"},"content":{"rendered":"<p><strong>Une nouvelle enqu\u00eate judiciaire sur les pratiques de Lactalis (\u00e0\u00a0lire sur Le<a href=\"https:\/\/www.lemonde.fr\/economie\/article\/2019\/10\/24\/le-groupe-lactalis-vise-par-une-information-judiciaire-pour-falsification-de-denrees-alimentaires_6016700_3234.html\" target=\"_blank\" rel=\"noopener noreferrer\"> Monde<\/a>)<\/strong><\/p>\n<p>&nbsp;<\/p>\n<p class=\"article__paragraph \">Apr\u00e8s la<a href=\"https:\/\/www.lemonde.fr\/economie\/article\/2019\/04\/01\/lactalis-sonne-la-riposte-dans-la-guerre-du-camembert_5444206_3234.html\"> pol\u00e9mique sur le camembert pasteuris\u00e9<\/a>, <a href=\"https:\/\/entreprise\/lait-contamine-un-an-apres-lactalis-apprend-a-communiquer_626307\">apr\u00e8s le lait pour nourrissons<\/a> les accusations de <a href=\"https:\/\/www.lemonde.fr\/entreprises\/article\/2018\/10\/24\/lactalis-accuse-d-avoir-ecoule-8-000-tonnes-de-poudres-de-lait-malgre-une-contamination-a-la-salmonellose-de-son-usine_5373856_1656994.html\">contamination \u00e0 la salmonellose <\/a>et de <a href=\"https:\/\/www.lemonde.fr\/planete\/article\/2019\/04\/08\/a-grenoble-une-filiale-de-lactalis-condamnee-pour-avoir-rejete-ses-dechets-dans-l-isere_5447507_3244.html\">rejet de d\u00e9chets dans l\u2019Is\u00e8re<\/a>, Lactalis est de nouveau attaqu\u00e9 devant la justice. Une information judiciaire visant le groupe laitier a \u00e9t\u00e9 ouverte, rapporte, mercredi 23\u00a0octobre, le parquet de Rennes. la justice s&rsquo;int\u00e9resse aux activit\u00e9s li\u00e9es \u00e0 l&rsquo;alimentation pour jeunes animaux du g\u00e9ant fran\u00e7ais de l&rsquo;agroalimentaire. Selon nos informations, le parquet de Rennes a ouvert d\u00e9but 2019 une information judiciaire \u00e0 la suite de la plainte d&rsquo;une entreprise cliente de Lactalis pour \u00ab\u00a0escroquerie, falsification de denr\u00e9es alimentaires et tromperie sur la nature de la marchandise\u00a0\u00bb. Des responsables du groupe agroalimentaire ont \u00e9t\u00e9 r\u00e9cemment entendus par les policiers charg\u00e9s de l&rsquo;enqu\u00eate.<\/p>\n<p class=\"article__paragraph \">Une plainte avec constitution de partie civile a \u00e9t\u00e9 d\u00e9pos\u00e9e contre Lactalis Ingr\u00e9dients fin mai\u00a02018 par Serval, soci\u00e9t\u00e9 sp\u00e9cialis\u00e9e dans l\u2019aliment d\u2019allaitement pour veaux, agneaux et chevreaux, pour <em>\u00ab\u00a0escroquerie, falsification de denr\u00e9es alimentaires et tromperie sur la nature, l\u2019esp\u00e8ce, l\u2019origine, les qualit\u00e9s substantielles, la composition ou la teneur en principes utiles de toutes marchandises\u00a0\u00bb<\/em>, a pr\u00e9cis\u00e9 le procureur de la R\u00e9publique de Rennes, Philippe Astruc, confirmant une information de <em><a href=\"https:\/\/www.challenges.fr\/entreprise\/une-nouvelle-enquete-sur-les-pratiques-de-lactalis_681020\">Challenges<\/a><\/em>.<\/p>\n<p class=\"article__paragraph \">Cette plainte a donn\u00e9 lieu \u00e0 l\u2019ouverture d\u2019une information judiciaire pour les m\u00eames chefs, a\u00a0pr\u00e9cis\u00e9 le parquet. <em>\u00ab\u00a0Aux dires de Serval, la marchandise qui lui est livr\u00e9e depuis plusieurs ann\u00e9es est un lactos\u00e9rum de m\u00e9lange et non de vache. En outre, ce produit serait \u201ccompos\u00e9 de lactos\u00e9rum et de perm\u00e9at, sous-produit laitier d\u2019un taux de prot\u00e9ine nul et contenant une faible proportion de mati\u00e8re azot\u00e9e non prot\u00e9ique, la principale \u00e9tant l\u2019ur\u00e9e\u201d\u00a0\u00bb<\/em>, explique M.\u00a0Astruc.<\/p>\n<p>C\u2019est l\u2019entreprise Serval qui est \u00e0 l\u2019origine de la plainte, d\u00e9pos\u00e9e en mai 2018. Cette grosse PME, pr\u00e9sente aux Etats-Unis et au Canada, fabrique depuis 1959 des produits d\u2019allaitement pour veaux, agneaux et chevreaux. A cette fin, elle ach\u00e8te au\u00a0<a href=\"https:\/\/classements\/fortune\/emmanuel-besnier-et-sa-famille_60\">g\u00e9ant Lactalis, propri\u00e9t\u00e9 de la famille Besnier<\/a>,\u00a0depuis plusieurs ann\u00e9es du lactos\u00e9rum, ingr\u00e9dient essentiel pour assurer \u00e0 ses produits le taux de prot\u00e9ine n\u00e9cessaire \u00e0 la bonne croissance des jeunes animaux. Or, en 2016, les \u00e9leveurs clients de Serval observent des probl\u00e8mes sur la croissance de leurs b\u00eates. L\u2019entreprise r\u00e9alise des tests et en conclut que le lactos\u00e9rum qu\u2019elle ach\u00e8te \u00e0 Lactalis n\u2019est pas issu \u00e0 100% de lait de vache mais est un m\u00e9lange ne contenant pas suffisamment de prot\u00e9ines.<\/p>\n<p>Selon la partie civile, <em>\u00ab\u00a0cette manipulation permet de comprendre pourquoi le taux de prot\u00e9ine d\u2019un lactos\u00e9rum de m\u00e9lange qui aurait d\u00fb \u00eatre de 13\u00a0% \u00e0 14\u00a0% \u00e9tait abaiss\u00e9 \u00e0 11\u00a0% par l\u2019effet de l\u2019introduction du perm\u00e9at et, surtout, d\u2019un co\u00fbt de revient d\u00e9risoire permettant \u00e0 Lactalis de s\u2019assurer une marge tr\u00e8s importante\u00a0\u00bb<\/em>, a poursuivi le procureur.<\/p>\n<p>D\u2019apr\u00e8s la plainte d\u00e9pos\u00e9e par l\u2019entreprise Serval, la marchandise vendue par Lactalis ne r\u00e9pondait donc pas aux crit\u00e8res requis pour les produits d\u2019allaitement des jeunes animaux. Elle serait \u00ab\u00a0compos\u00e9e de lactos\u00e9rum et de perm\u00e9at, sous-produit laitier d\u2019un taux de prot\u00e9ine nul et contenant une faible proportion de mati\u00e8re azot\u00e9e non prot\u00e9ique, la principale \u00e9tant l\u2019ur\u00e9e\u00a0\u00bb\u00a0(sic). \u00ab\u00a0Cette manipulation permet de comprendre pourquoi le taux de prot\u00e9ine d\u2019un lactos\u00e9rum de m\u00e9lange qui aurait d\u00fb \u00eatre de 13 \u00e0 14% \u00e9tait abaiss\u00e9 \u00e0 11% par l\u2019effet de l\u2019introduction du perm\u00e9at, d\u00e9taille la plainte, et surtout d\u2019un co\u00fbt de revient d\u00e9risoire permettant \u00e0 Lactalis de s\u2019assurer d\u2019une marge tr\u00e8s importante.\u00a0\u00bb\u00a0Contact\u00e9, l\u2019avocat de Serval, Alexandre Varaut, enfonce le clou: \u00ab\u00a0C\u2019est une affaire qui rappelle f\u00e2cheusement celle du \u00ab\u00a0mouillage du lait\u00a0\u00bb\u00a0pour laquelle Lactalis avait\u00a0\u00e9t\u00e9 p\u00e9nalement condamn\u00e9 il y a quelques ann\u00e9es.\u00a0\u00bb<\/p>\n<p>De son c\u00f4t\u00e9, la soci\u00e9t\u00e9 Lactalis souligne que l\u2019entreprise Serval avait r\u00e9clam\u00e9 d\u00e8s mars 2017 la d\u00e9signation d\u2019un expert judiciaire pour mesurer la qualit\u00e9 du lactos\u00e9rum vendu par Lactalis. A l&rsquo;\u00e9poque, \u00ab\u00a0Serval n\u2019a pas r\u00e9pondu aux demandes de communication de pi\u00e8ces faites par l\u2019expert judiciaire, d\u00e9clare\u00a0la multinationale \u00e0\u00a0<em>Challenges<\/em>, et a fait le choix de mettre un terme \u00e0 l\u2019expertise judiciaire qu\u2019elle avait elle-m\u00eame initi\u00e9e pr\u00e9f\u00e9rant initier une proc\u00e9dure p\u00e9nale.\u00a0\u00bb\u00a0Selon Lactalis, une premi\u00e8re plainte de Serval avait d\u2019ailleurs \u00e9t\u00e9 class\u00e9e sans suite. <em>\u00ab\u00a0En mars\u00a02017, la soci\u00e9t\u00e9 Serval a sollicit\u00e9, sur un plan civil, la d\u00e9signation d\u2019un expert judiciaire portant sur la qualit\u00e9 du lactos\u00e9rum vendu en\u00a02016. Serval n\u2019a pas r\u00e9pondu aux demandes de communication de pi\u00e8ces faites par l\u2019expert judiciaire et a fait le choix de mettre un terme \u00e0 l\u2019expertise judiciaire qu\u2019elle avait elle-m\u00eame initi\u00e9e, pr\u00e9f\u00e9rant initier une proc\u00e9dure p\u00e9nale\u00a0\u00bb<\/em>, a pr\u00e9cis\u00e9 Lactalis.<\/p>\n<p>Le groupe souligne, par ailleurs, que le procureur de la R\u00e9publique n\u2019avait <em>\u00ab\u00a0pas donn\u00e9 suite \u00e0\u00a0la plainte de Serval\u00a0\u00bb<\/em> dans un premier temps, obligeant Serval \u00e0 saisir un juge d\u2019instruction. <em>\u00ab\u00a0Serval instrumentalise la justice p\u00e9nale pour tenter de r\u00e9gler [ce litige] \u00e0 son profit\u00a0\u00bb<\/em>, plaide encore Lactalis<\/p>\n<p>&nbsp;<\/p>\n<p>Contrairement \u00e0 ce qu&rsquo;affirme Lactalis, je crois que ce litige n&rsquo;est pas purement commercial, mais met en \u00e9vidence une v\u00e9ritable fili\u00e8re frauduleuse dont le groupe est coutumier. Il pose en tout cas la question de la validit\u00e9 de la m\u00e9thode Kjeldhal.<\/p>\n<p>La m\u00e9thode de Kjeldahl a montr\u00e9 ses limites en 2008 dans le cadre de l\u2019affaire de la m\u00e9lamine. Dans ce dossier, des laits infantiles de fabrication chinoise ont contenu pendant plusieurs mois de la m\u00e9lanine (un composant toxique) afin de les faire appara\u00eetre comme plus riches en prot\u00e9ines que ce qu\u2019ils n\u2019\u00e9taient r\u00e9ellement (la m\u00e9lanine est une mol\u00e9cule \u00e0 15 atomes, dont 6 atomes d\u2019azote) qui \u00ab\u00a0leurrait \u00ab\u00a0le dosage\u00a0\u00bb.<\/p>\n<p>Ce scandale a eu des cons\u00e9quences imm\u00e9diates, principalement par la d\u00e9cision des institutions europ\u00e9ennes de mettre en place une m\u00e9thode compl\u00e9mentaire de celle de Kjeldhal et qui permette d\u2019identifier la m\u00e9lanine.<\/p>\n<p>&nbsp;<\/p>\n<h4><a name=\"_Toc378057703\"><\/a>M\u00e9thode Kjeldhal<\/h4>\n<p>La m\u00e9thode Kjeldahl est une m\u00e9thode de d\u00e9termination du taux d\u2019azote total dans un \u00e9chantillon. Elle est applicable pour le dosage de l\u2019azote total pr\u00e9sent dans les diff\u00e9rents compos\u00e9s azot\u00e9s. La norme AFNOR ISO (internationale)<a name=\"_ednref\"><\/a>qui d\u00e9finit le mode op\u00e9ratoire pr\u00e9cise que <em>\u00ab\u00a0La m\u00e9thode ne fait pas la distinction entre l&rsquo;azote prot\u00e9ique et l&rsquo;azote non prot\u00e9ique.\u00bb<\/em><\/p>\n<h4><a name=\"_Toc378057704\"><\/a>Principe<\/h4>\n<p>Dans un produit biologique (lait, s\u00e9rum&#8230;) l\u2019azote peut se trouver sous forme min\u00e9rale \u00a0(ammoniac, nitrates, ammonitrates) et organique (prot\u00e9ines, ur\u00e9e, phospho-amino-lipides&#8230;). Pour le doser <u>dans sa totalit\u00e9<\/u>, il faut d\u00e9truire les compos\u00e9s organiques de mani\u00e8re \u00e0 obtenir tout l&rsquo;azote sous une m\u00eame forme min\u00e9rale. On peut ensuite le quantifier.<\/p>\n<h4><a name=\"_Toc378057705\"><\/a>M\u00e9thode<\/h4>\n<p>On effectue dans un premier temps une min\u00e9ralisation totale (et donc non s\u00e9lective). L&rsquo;azote est ensuite dos\u00e9 par dosage acide-base.<\/p>\n<h4><a name=\"_Toc378057706\"><\/a>Limites de la m\u00e9thode<\/h4>\n<p>Conventionnellement, on admet que toutes les prot\u00e9ines renferment 16% d&rsquo;azote et on utilise le coefficient 6.25 pour passer de l&rsquo;azote total aux prot\u00e9ines, et de 6,38 conventionnellement pour les produits laitiers. Cette m\u00e9thode a deux limites\u00a0:<\/p>\n<p>&#8211; La teneur en azote des prot\u00e9ines varie de 14 \u00e0 19%, ce qui est d\u00e9j\u00e0 une incertitude importante\u00a0;<br \/>\n&#8211; L&rsquo;azote peut avoir plusieurs origines (min\u00e9rale, organique \u2026) par exemple origine ammoniacale<\/p>\n<p>Malgr\u00e9 cela, en d\u00e9pit de ses r\u00e9serves et des possibilit\u00e9s d\u2019approximation et d\u2019adjonction qu\u2019elle permet, cette convention est pratique est tr\u00e8s utilis\u00e9e car elle est ais\u00e9e de mise en \u0153uvre.<\/p>\n<p>&nbsp;<\/p>\n[i] Norme AFNOR EN ISO 20483 de Janvier 2014\u00a0: D\u00e9termination de la teneur en azote et calcul de la teneur en prot\u00e9ines brutes\u00a0: M\u00e9thode de Kjeldahl<\/p>\n<p>Quant \u00e0 la qualification de p\u00e9nale, ou purement commerciale, nul doute que les magistrats sauront lire attentivement les rapports des experts d\u00e9sign\u00e9s, et des experts de partie dans ce dossier.<\/p>\n<p>&nbsp;<\/p>\n<p>&nbsp;<\/p>\n","protected":false},"excerpt":{"rendered":"<p>Une nouvelle enqu\u00eate judiciaire sur les pratiques de Lactalis (\u00e0\u00a0lire sur Le Monde) &nbsp; Apr\u00e8s la pol\u00e9mique sur le camembert pasteuris\u00e9, apr\u00e8s le lait pour nourrissons les accusations de contamination \u00e0 la salmonellose et de rejet de d\u00e9chets dans l\u2019Is\u00e8re, &hellip; <a href=\"https:\/\/www.frederic-poitou.com\/blog\/le-dossier-judiciaire-de-lactalis-sepaissit\/\">Lire la suite\u00ad\u00ad<\/a><\/p>\n","protected":false},"author":4,"featured_media":9379,"comment_status":"closed","ping_status":"open","sticky":false,"template":"","format":"standard","meta":{"kt_blocks_editor_width":"","_exactmetrics_skip_tracking":false,"_exactmetrics_sitenote_active":false,"_exactmetrics_sitenote_note":"","_exactmetrics_sitenote_category":0,"footnotes":""},"categories":[48,1],"tags":[],"class_list":["post-9377","post","type-post","status-publish","format-standard","has-post-thumbnail","hentry","category-accueil","category-politique-economie"],"yoast_head":"<!-- This site is optimized with the Yoast SEO plugin v27.1.1 - https:\/\/yoast.com\/product\/yoast-seo-wordpress\/ -->\n<title>LE DOSSIER JUDICIAIRE DE LACTALIS S&#039;EPAISSIT -<\/title>\n<meta name=\"robots\" content=\"index, follow, max-snippet:-1, max-image-preview:large, max-video-preview:-1\" \/>\n<link rel=\"canonical\" href=\"http:\/\/www.frederic-poitou.com\/blog\/le-dossier-judiciaire-de-lactalis-sepaissit\/\" \/>\n<meta property=\"og:locale\" content=\"fr_FR\" \/>\n<meta property=\"og:type\" content=\"article\" \/>\n<meta property=\"og:title\" content=\"LE DOSSIER JUDICIAIRE DE LACTALIS S&#039;EPAISSIT -\" \/>\n<meta property=\"og:description\" content=\"Une nouvelle enqu\u00eate judiciaire sur les pratiques de Lactalis (\u00e0\u00a0lire sur Le Monde) &nbsp; Apr\u00e8s la pol\u00e9mique sur le camembert pasteuris\u00e9, apr\u00e8s le lait pour nourrissons les accusations de contamination \u00e0 la salmonellose et de rejet de d\u00e9chets dans l\u2019Is\u00e8re, &hellip; Lire la suite\u00ad\u00ad\" \/>\n<meta property=\"og:url\" content=\"http:\/\/www.frederic-poitou.com\/blog\/le-dossier-judiciaire-de-lactalis-sepaissit\/\" \/>\n<meta property=\"article:publisher\" content=\"https:\/\/www.facebook.com\/frederic.poitou\/\" \/>\n<meta property=\"article:published_time\" content=\"2023-07-14T23:05:32+00:00\" \/>\n<meta property=\"article:modified_time\" content=\"2026-04-24T04:00:38+00:00\" \/>\n<meta property=\"og:image\" content=\"http:\/\/www.frederic-poitou.com\/blog\/wp-content\/2019\/10\/d2f84959831c4a875ccf19b82c3e1af4-1.jpg\" \/>\n\t<meta property=\"og:image:width\" content=\"790\" \/>\n\t<meta property=\"og:image:height\" content=\"445\" \/>\n\t<meta property=\"og:image:type\" content=\"image\/jpeg\" \/>\n<meta name=\"author\" content=\"Fr\u00e9d\u00e9ric Poitou\" \/>\n<meta name=\"twitter:card\" content=\"summary_large_image\" \/>\n<meta name=\"twitter:creator\" content=\"@fredericpoitou\" \/>\n<meta name=\"twitter:site\" content=\"@fredericpoitou\" \/>\n<meta name=\"twitter:label1\" content=\"\u00c9crit par\" \/>\n\t<meta name=\"twitter:data1\" content=\"Fr\u00e9d\u00e9ric Poitou\" \/>\n\t<meta name=\"twitter:label2\" content=\"Dur\u00e9e de lecture estim\u00e9e\" \/>\n\t<meta name=\"twitter:data2\" content=\"7 minutes\" \/>\n<script type=\"application\/ld+json\" class=\"yoast-schema-graph\">{\"@context\":\"https:\/\/schema.org\",\"@graph\":[{\"@type\":\"Article\",\"@id\":\"http:\/\/www.frederic-poitou.com\/blog\/le-dossier-judiciaire-de-lactalis-sepaissit\/#article\",\"isPartOf\":{\"@id\":\"http:\/\/www.frederic-poitou.com\/blog\/le-dossier-judiciaire-de-lactalis-sepaissit\/\"},\"author\":{\"name\":\"Fr\u00e9d\u00e9ric Poitou\",\"@id\":\"https:\/\/www.frederic-poitou.com\/blog\/#\/schema\/person\/e2c2d05e978747818533fdce859a7799\"},\"headline\":\"LE DOSSIER JUDICIAIRE DE LACTALIS S&rsquo;EPAISSIT\",\"datePublished\":\"2023-07-14T23:05:32+00:00\",\"dateModified\":\"2026-04-24T04:00:38+00:00\",\"mainEntityOfPage\":{\"@id\":\"http:\/\/www.frederic-poitou.com\/blog\/le-dossier-judiciaire-de-lactalis-sepaissit\/\"},\"wordCount\":1439,\"image\":{\"@id\":\"http:\/\/www.frederic-poitou.com\/blog\/le-dossier-judiciaire-de-lactalis-sepaissit\/#primaryimage\"},\"thumbnailUrl\":\"https:\/\/www.frederic-poitou.com\/blog\/wp-content\/2019\/10\/d2f84959831c4a875ccf19b82c3e1af4-1.jpg\",\"articleSection\":[\"Accueil\",\"Divers\"],\"inLanguage\":\"fr-FR\"},{\"@type\":\"WebPage\",\"@id\":\"http:\/\/www.frederic-poitou.com\/blog\/le-dossier-judiciaire-de-lactalis-sepaissit\/\",\"url\":\"http:\/\/www.frederic-poitou.com\/blog\/le-dossier-judiciaire-de-lactalis-sepaissit\/\",\"name\":\"LE DOSSIER JUDICIAIRE DE LACTALIS S'EPAISSIT -\",\"isPartOf\":{\"@id\":\"https:\/\/www.frederic-poitou.com\/blog\/#website\"},\"primaryImageOfPage\":{\"@id\":\"http:\/\/www.frederic-poitou.com\/blog\/le-dossier-judiciaire-de-lactalis-sepaissit\/#primaryimage\"},\"image\":{\"@id\":\"http:\/\/www.frederic-poitou.com\/blog\/le-dossier-judiciaire-de-lactalis-sepaissit\/#primaryimage\"},\"thumbnailUrl\":\"https:\/\/www.frederic-poitou.com\/blog\/wp-content\/2019\/10\/d2f84959831c4a875ccf19b82c3e1af4-1.jpg\",\"datePublished\":\"2023-07-14T23:05:32+00:00\",\"dateModified\":\"2026-04-24T04:00:38+00:00\",\"author\":{\"@id\":\"https:\/\/www.frederic-poitou.com\/blog\/#\/schema\/person\/e2c2d05e978747818533fdce859a7799\"},\"breadcrumb\":{\"@id\":\"http:\/\/www.frederic-poitou.com\/blog\/le-dossier-judiciaire-de-lactalis-sepaissit\/#breadcrumb\"},\"inLanguage\":\"fr-FR\",\"potentialAction\":[{\"@type\":\"ReadAction\",\"target\":[\"http:\/\/www.frederic-poitou.com\/blog\/le-dossier-judiciaire-de-lactalis-sepaissit\/\"]}]},{\"@type\":\"ImageObject\",\"inLanguage\":\"fr-FR\",\"@id\":\"http:\/\/www.frederic-poitou.com\/blog\/le-dossier-judiciaire-de-lactalis-sepaissit\/#primaryimage\",\"url\":\"https:\/\/www.frederic-poitou.com\/blog\/wp-content\/2019\/10\/d2f84959831c4a875ccf19b82c3e1af4-1.jpg\",\"contentUrl\":\"https:\/\/www.frederic-poitou.com\/blog\/wp-content\/2019\/10\/d2f84959831c4a875ccf19b82c3e1af4-1.jpg\",\"width\":790,\"height\":445},{\"@type\":\"BreadcrumbList\",\"@id\":\"http:\/\/www.frederic-poitou.com\/blog\/le-dossier-judiciaire-de-lactalis-sepaissit\/#breadcrumb\",\"itemListElement\":[{\"@type\":\"ListItem\",\"position\":1,\"name\":\"Accueil\",\"item\":\"https:\/\/www.frederic-poitou.com\/blog\/\"},{\"@type\":\"ListItem\",\"position\":2,\"name\":\"LE DOSSIER JUDICIAIRE DE LACTALIS S&rsquo;EPAISSIT\"}]},{\"@type\":\"WebSite\",\"@id\":\"https:\/\/www.frederic-poitou.com\/blog\/#website\",\"url\":\"https:\/\/www.frederic-poitou.com\/blog\/\",\"name\":\"\",\"description\":\"\",\"potentialAction\":[{\"@type\":\"SearchAction\",\"target\":{\"@type\":\"EntryPoint\",\"urlTemplate\":\"https:\/\/www.frederic-poitou.com\/blog\/?s={search_term_string}\"},\"query-input\":{\"@type\":\"PropertyValueSpecification\",\"valueRequired\":true,\"valueName\":\"search_term_string\"}}],\"inLanguage\":\"fr-FR\"},{\"@type\":\"Person\",\"@id\":\"https:\/\/www.frederic-poitou.com\/blog\/#\/schema\/person\/e2c2d05e978747818533fdce859a7799\",\"name\":\"Fr\u00e9d\u00e9ric Poitou\",\"image\":{\"@type\":\"ImageObject\",\"inLanguage\":\"fr-FR\",\"@id\":\"https:\/\/www.frederic-poitou.com\/blog\/#\/schema\/person\/image\/\",\"url\":\"https:\/\/secure.gravatar.com\/avatar\/1933bcca279a2feafd35d9e0a080c521e11beb51115fe4cfe02e2586ac13424a?s=96&d=mm&r=g\",\"contentUrl\":\"https:\/\/secure.gravatar.com\/avatar\/1933bcca279a2feafd35d9e0a080c521e11beb51115fe4cfe02e2586ac13424a?s=96&d=mm&r=g\",\"caption\":\"Fr\u00e9d\u00e9ric Poitou\"},\"description\":\"Fr\u00e9d\u00e9ric Poitou est n\u00e9 \u00e0 Rouen, et y a fait des \u00e9tudes au Conservatoire en musique-\u00e9tudes en section piano. Il s'est ensuite orient\u00e9 vers des \u00e9tudes scientifiques o\u00f9 il a obtenu un dipl\u00f4me d'ing\u00e9nieur, puis un doctorat en Chimie. Il est Expert Judiciaire en France, en Belgique et \u00e0 Luxembourg, et agr\u00e9e par les Institutions Europ\u00e9ennes.\",\"sameAs\":[\"http:\/\/www.frederic-poitou.com\",\"https:\/\/www.linkedin.com\/in\/frederic-poitou-b045a025\/\"]}]}<\/script>\n<!-- \/ Yoast SEO plugin. -->","yoast_head_json":{"title":"LE DOSSIER JUDICIAIRE DE LACTALIS S'EPAISSIT -","robots":{"index":"index","follow":"follow","max-snippet":"max-snippet:-1","max-image-preview":"max-image-preview:large","max-video-preview":"max-video-preview:-1"},"canonical":"http:\/\/www.frederic-poitou.com\/blog\/le-dossier-judiciaire-de-lactalis-sepaissit\/","og_locale":"fr_FR","og_type":"article","og_title":"LE DOSSIER JUDICIAIRE DE LACTALIS S'EPAISSIT -","og_description":"Une nouvelle enqu\u00eate judiciaire sur les pratiques de Lactalis (\u00e0\u00a0lire sur Le Monde) &nbsp; Apr\u00e8s la pol\u00e9mique sur le camembert pasteuris\u00e9, apr\u00e8s le lait pour nourrissons les accusations de contamination \u00e0 la salmonellose et de rejet de d\u00e9chets dans l\u2019Is\u00e8re, &hellip; Lire la suite\u00ad\u00ad","og_url":"http:\/\/www.frederic-poitou.com\/blog\/le-dossier-judiciaire-de-lactalis-sepaissit\/","article_publisher":"https:\/\/www.facebook.com\/frederic.poitou\/","article_published_time":"2023-07-14T23:05:32+00:00","article_modified_time":"2026-04-24T04:00:38+00:00","og_image":[{"width":790,"height":445,"url":"http:\/\/www.frederic-poitou.com\/blog\/wp-content\/2019\/10\/d2f84959831c4a875ccf19b82c3e1af4-1.jpg","type":"image\/jpeg"}],"author":"Fr\u00e9d\u00e9ric Poitou","twitter_card":"summary_large_image","twitter_creator":"@fredericpoitou","twitter_site":"@fredericpoitou","twitter_misc":{"\u00c9crit par":"Fr\u00e9d\u00e9ric Poitou","Dur\u00e9e de lecture estim\u00e9e":"7 minutes"},"schema":{"@context":"https:\/\/schema.org","@graph":[{"@type":"Article","@id":"http:\/\/www.frederic-poitou.com\/blog\/le-dossier-judiciaire-de-lactalis-sepaissit\/#article","isPartOf":{"@id":"http:\/\/www.frederic-poitou.com\/blog\/le-dossier-judiciaire-de-lactalis-sepaissit\/"},"author":{"name":"Fr\u00e9d\u00e9ric Poitou","@id":"https:\/\/www.frederic-poitou.com\/blog\/#\/schema\/person\/e2c2d05e978747818533fdce859a7799"},"headline":"LE DOSSIER JUDICIAIRE DE LACTALIS S&rsquo;EPAISSIT","datePublished":"2023-07-14T23:05:32+00:00","dateModified":"2026-04-24T04:00:38+00:00","mainEntityOfPage":{"@id":"http:\/\/www.frederic-poitou.com\/blog\/le-dossier-judiciaire-de-lactalis-sepaissit\/"},"wordCount":1439,"image":{"@id":"http:\/\/www.frederic-poitou.com\/blog\/le-dossier-judiciaire-de-lactalis-sepaissit\/#primaryimage"},"thumbnailUrl":"https:\/\/www.frederic-poitou.com\/blog\/wp-content\/2019\/10\/d2f84959831c4a875ccf19b82c3e1af4-1.jpg","articleSection":["Accueil","Divers"],"inLanguage":"fr-FR"},{"@type":"WebPage","@id":"http:\/\/www.frederic-poitou.com\/blog\/le-dossier-judiciaire-de-lactalis-sepaissit\/","url":"http:\/\/www.frederic-poitou.com\/blog\/le-dossier-judiciaire-de-lactalis-sepaissit\/","name":"LE DOSSIER JUDICIAIRE DE LACTALIS S'EPAISSIT -","isPartOf":{"@id":"https:\/\/www.frederic-poitou.com\/blog\/#website"},"primaryImageOfPage":{"@id":"http:\/\/www.frederic-poitou.com\/blog\/le-dossier-judiciaire-de-lactalis-sepaissit\/#primaryimage"},"image":{"@id":"http:\/\/www.frederic-poitou.com\/blog\/le-dossier-judiciaire-de-lactalis-sepaissit\/#primaryimage"},"thumbnailUrl":"https:\/\/www.frederic-poitou.com\/blog\/wp-content\/2019\/10\/d2f84959831c4a875ccf19b82c3e1af4-1.jpg","datePublished":"2023-07-14T23:05:32+00:00","dateModified":"2026-04-24T04:00:38+00:00","author":{"@id":"https:\/\/www.frederic-poitou.com\/blog\/#\/schema\/person\/e2c2d05e978747818533fdce859a7799"},"breadcrumb":{"@id":"http:\/\/www.frederic-poitou.com\/blog\/le-dossier-judiciaire-de-lactalis-sepaissit\/#breadcrumb"},"inLanguage":"fr-FR","potentialAction":[{"@type":"ReadAction","target":["http:\/\/www.frederic-poitou.com\/blog\/le-dossier-judiciaire-de-lactalis-sepaissit\/"]}]},{"@type":"ImageObject","inLanguage":"fr-FR","@id":"http:\/\/www.frederic-poitou.com\/blog\/le-dossier-judiciaire-de-lactalis-sepaissit\/#primaryimage","url":"https:\/\/www.frederic-poitou.com\/blog\/wp-content\/2019\/10\/d2f84959831c4a875ccf19b82c3e1af4-1.jpg","contentUrl":"https:\/\/www.frederic-poitou.com\/blog\/wp-content\/2019\/10\/d2f84959831c4a875ccf19b82c3e1af4-1.jpg","width":790,"height":445},{"@type":"BreadcrumbList","@id":"http:\/\/www.frederic-poitou.com\/blog\/le-dossier-judiciaire-de-lactalis-sepaissit\/#breadcrumb","itemListElement":[{"@type":"ListItem","position":1,"name":"Accueil","item":"https:\/\/www.frederic-poitou.com\/blog\/"},{"@type":"ListItem","position":2,"name":"LE DOSSIER JUDICIAIRE DE LACTALIS S&rsquo;EPAISSIT"}]},{"@type":"WebSite","@id":"https:\/\/www.frederic-poitou.com\/blog\/#website","url":"https:\/\/www.frederic-poitou.com\/blog\/","name":"","description":"","potentialAction":[{"@type":"SearchAction","target":{"@type":"EntryPoint","urlTemplate":"https:\/\/www.frederic-poitou.com\/blog\/?s={search_term_string}"},"query-input":{"@type":"PropertyValueSpecification","valueRequired":true,"valueName":"search_term_string"}}],"inLanguage":"fr-FR"},{"@type":"Person","@id":"https:\/\/www.frederic-poitou.com\/blog\/#\/schema\/person\/e2c2d05e978747818533fdce859a7799","name":"Fr\u00e9d\u00e9ric Poitou","image":{"@type":"ImageObject","inLanguage":"fr-FR","@id":"https:\/\/www.frederic-poitou.com\/blog\/#\/schema\/person\/image\/","url":"https:\/\/secure.gravatar.com\/avatar\/1933bcca279a2feafd35d9e0a080c521e11beb51115fe4cfe02e2586ac13424a?s=96&d=mm&r=g","contentUrl":"https:\/\/secure.gravatar.com\/avatar\/1933bcca279a2feafd35d9e0a080c521e11beb51115fe4cfe02e2586ac13424a?s=96&d=mm&r=g","caption":"Fr\u00e9d\u00e9ric Poitou"},"description":"Fr\u00e9d\u00e9ric Poitou est n\u00e9 \u00e0 Rouen, et y a fait des \u00e9tudes au Conservatoire en musique-\u00e9tudes en section piano. Il s'est ensuite orient\u00e9 vers des \u00e9tudes scientifiques o\u00f9 il a obtenu un dipl\u00f4me d'ing\u00e9nieur, puis un doctorat en Chimie. Il est Expert Judiciaire en France, en Belgique et \u00e0 Luxembourg, et agr\u00e9e par les Institutions Europ\u00e9ennes.","sameAs":["http:\/\/www.frederic-poitou.com","https:\/\/www.linkedin.com\/in\/frederic-poitou-b045a025\/"]}]}},"_links":{"self":[{"href":"https:\/\/www.frederic-poitou.com\/blog\/wp-json\/wp\/v2\/posts\/9377","targetHints":{"allow":["GET"]}}],"collection":[{"href":"https:\/\/www.frederic-poitou.com\/blog\/wp-json\/wp\/v2\/posts"}],"about":[{"href":"https:\/\/www.frederic-poitou.com\/blog\/wp-json\/wp\/v2\/types\/post"}],"author":[{"embeddable":true,"href":"https:\/\/www.frederic-poitou.com\/blog\/wp-json\/wp\/v2\/users\/4"}],"replies":[{"embeddable":true,"href":"https:\/\/www.frederic-poitou.com\/blog\/wp-json\/wp\/v2\/comments?post=9377"}],"version-history":[{"count":5,"href":"https:\/\/www.frederic-poitou.com\/blog\/wp-json\/wp\/v2\/posts\/9377\/revisions"}],"predecessor-version":[{"id":9422,"href":"https:\/\/www.frederic-poitou.com\/blog\/wp-json\/wp\/v2\/posts\/9377\/revisions\/9422"}],"wp:featuredmedia":[{"embeddable":true,"href":"https:\/\/www.frederic-poitou.com\/blog\/wp-json\/wp\/v2\/media\/9379"}],"wp:attachment":[{"href":"https:\/\/www.frederic-poitou.com\/blog\/wp-json\/wp\/v2\/media?parent=9377"}],"wp:term":[{"taxonomy":"category","embeddable":true,"href":"https:\/\/www.frederic-poitou.com\/blog\/wp-json\/wp\/v2\/categories?post=9377"},{"taxonomy":"post_tag","embeddable":true,"href":"https:\/\/www.frederic-poitou.com\/blog\/wp-json\/wp\/v2\/tags?post=9377"}],"curies":[{"name":"wp","href":"https:\/\/api.w.org\/{rel}","templated":true}]}}