{"id":9359,"date":"2023-07-14T17:09:32","date_gmt":"2023-07-14T15:09:32","guid":{"rendered":"http:\/\/www.frederic-poitou.com\/blog\/?p=9359"},"modified":"2026-04-21T17:30:31","modified_gmt":"2026-04-21T15:30:31","slug":"jacques-pas-poitou-chirac","status":"publish","type":"post","link":"https:\/\/www.frederic-poitou.com\/blog\/jacques-pas-poitou-chirac\/","title":{"rendered":"Jacques : Pas Poitou, Chirac."},"content":{"rendered":"<p>C&rsquo;est fou le nombre de politiques qui, \u00e0 l&rsquo;approche des municipales, se r\u00e9clament de l&rsquo;h\u00e9ritage de Jacques Chirac !<\/p>\n<p>Ma premi\u00e8re carte politique fut dans son parti en 1980, fascin\u00e9 que j&rsquo;\u00e9tais par sa gouaille, sa volont\u00e9, son dynamisme. Rapidement je revenais vers des horizons plus centristes, que son parti n&rsquo;incarnait pas, alors que lui, curieusement, avait tout d&rsquo;un radical-socialiste, un \u00ab\u00a0rad-soc\u00a0\u00bb de l&rsquo;\u00e9poque.<\/p>\n<p>En r\u00e9alit\u00e9, c&rsquo;est un putch sur le Parti Radical de Jean-Jacques <span class=\"text_exposed_show\">Servan-Schreiber qu&rsquo;il aurait du tenter \u00e0 l&rsquo;\u00e9poque. Le Parti Radical de l&rsquo;\u00e9poque n&rsquo;aurait pas explos\u00e9 en deux, renvoyant les radicaux de gauche vers le Parti socialiste. Ce faisant, en s&rsquo;alliant avec Lecanuet et son \u00ab\u00a0MR&rsquo; (pas le belge, le fran\u00e7ais !), il cr\u00e9ait un espace de centre droit alors b\u00e9ant, que personne n&rsquo;aurait pu lui contester.<\/span><\/p>\n<div class=\"text_exposed_show\">\n<p>Mais cette strat\u00e9gie nous aurait peut \u00eatre priv\u00e9 d&rsquo;un tr\u00e8s grand Pr\u00e9sident, Valery Giscard-d&rsquo;Estaing, car elle aurait peut \u00eatre tu\u00e9 dans l&rsquo;oeuf feu l&rsquo;UDF.<\/p>\n<p>Le Chirac \u00e9tait affable, bonhomme, tueur politique, autant tra\u00eetre qu&rsquo;il fut trahi, et son oeuvre politique n&rsquo;est finalement pas \u00e9norme. IL \u00e9tait probablement meilleur en campagne, qu&rsquo;\u00e0 diriger le pays.<\/p>\n<p>Mais on lui doit malgr\u00e9 tout quelques perles sorties d&rsquo;un coeur tr\u00e8s humain, profond\u00e9ment respectueux des petites gens, et un regard port\u00e9 vers le handicap, les minorit\u00e9s, une aversion pour l&rsquo;antis\u00e9mitisme et le racisme, ainsi qu&rsquo;une capacit\u00e9 \u00e0 s&rsquo;entourer de porteurs d&rsquo;id\u00e9es politiques diff\u00e9rentes des siennes qui rappelle finalement assez le G\u00e9n\u00e9ral de Gaulle.<\/p>\n<p>Quand on a \u00e9t\u00e9 confront\u00e9 au handicap, la trisomie de la fille du G\u00e9n\u00e9ral de Gaulle, l&rsquo;anorexie de la fille de Jacques Chirac, on est sensible aux difficult\u00e9s de l&rsquo;autre et on se met \u00e0 son \u00e9coute, au del\u00e0 &#8211; bien au del\u00e0 &#8211; des dogmes partisans. Et c&rsquo;est l\u00e0 toute la grandeur de ceux des hommes politiques qui ont os\u00e9 franchir le rubicon de ce qui est plus important que leur parti : Les cons\u00e9quences sur la politique qu&rsquo;ils ont mis en oeuvre de la douleur qui leur a \u00e9t\u00e9 impos\u00e9e par ceux des leurs qui souffraient.<\/p>\n<p>Me concernant, c&rsquo;est peut \u00eatre l&rsquo;h\u00e9ritage transmis par Jacques. Pas Poitou, disparu en 1971, Chirac disparu hier.<\/p>\n<\/div>\n","protected":false},"excerpt":{"rendered":"<p>C&rsquo;est fou le nombre de politiques qui, \u00e0 l&rsquo;approche des municipales, se r\u00e9clament de l&rsquo;h\u00e9ritage de Jacques Chirac ! Ma premi\u00e8re carte politique fut dans son parti en 1980, fascin\u00e9 que j&rsquo;\u00e9tais par sa gouaille, sa volont\u00e9, son dynamisme. Rapidement &hellip; <a href=\"https:\/\/www.frederic-poitou.com\/blog\/jacques-pas-poitou-chirac\/\">Lire la suite\u00ad\u00ad<\/a><\/p>\n","protected":false},"author":4,"featured_media":9360,"comment_status":"closed","ping_status":"open","sticky":false,"template":"","format":"standard","meta":{"kt_blocks_editor_width":"","_exactmetrics_skip_tracking":false,"_exactmetrics_sitenote_active":false,"_exactmetrics_sitenote_note":"","_exactmetrics_sitenote_category":0,"footnotes":""},"categories":[48,51,54],"tags":[],"class_list":["post-9359","post","type-post","status-publish","format-standard","has-post-thumbnail","hentry","category-accueil","category-politique","category-societe"],"yoast_head":"<!-- This site is optimized with the Yoast SEO plugin v27.1.1 - https:\/\/yoast.com\/product\/yoast-seo-wordpress\/ -->\n<title>Jacques : Pas Poitou, Chirac. -<\/title>\n<meta name=\"robots\" content=\"index, follow, max-snippet:-1, max-image-preview:large, max-video-preview:-1\" \/>\n<link rel=\"canonical\" href=\"http:\/\/www.frederic-poitou.com\/blog\/jacques-pas-poitou-chirac\/\" \/>\n<meta property=\"og:locale\" content=\"fr_FR\" \/>\n<meta property=\"og:type\" content=\"article\" \/>\n<meta property=\"og:title\" content=\"Jacques : Pas Poitou, Chirac. -\" \/>\n<meta property=\"og:description\" content=\"C&rsquo;est fou le nombre de politiques qui, \u00e0 l&rsquo;approche des municipales, se r\u00e9clament de l&rsquo;h\u00e9ritage de Jacques Chirac ! Ma premi\u00e8re carte politique fut dans son parti en 1980, fascin\u00e9 que j&rsquo;\u00e9tais par sa gouaille, sa volont\u00e9, son dynamisme. Rapidement &hellip; Lire la suite\u00ad\u00ad\" \/>\n<meta property=\"og:url\" content=\"http:\/\/www.frederic-poitou.com\/blog\/jacques-pas-poitou-chirac\/\" \/>\n<meta property=\"article:publisher\" content=\"https:\/\/www.facebook.com\/frederic.poitou\/\" \/>\n<meta property=\"article:published_time\" content=\"2023-07-14T15:09:32+00:00\" \/>\n<meta property=\"article:modified_time\" content=\"2026-04-21T15:30:31+00:00\" \/>\n<meta property=\"og:image\" content=\"http:\/\/www.frederic-poitou.com\/blog\/wp-content\/2019\/09\/70400030_2199585043672584_2310450315121393664_n.jpg\" \/>\n\t<meta property=\"og:image:width\" content=\"394\" \/>\n\t<meta property=\"og:image:height\" content=\"550\" \/>\n\t<meta property=\"og:image:type\" content=\"image\/jpeg\" \/>\n<meta name=\"author\" content=\"Fr\u00e9d\u00e9ric Poitou\" \/>\n<meta name=\"twitter:card\" content=\"summary_large_image\" \/>\n<meta name=\"twitter:creator\" content=\"@fredericpoitou\" \/>\n<meta name=\"twitter:site\" content=\"@fredericpoitou\" \/>\n<meta name=\"twitter:label1\" content=\"\u00c9crit par\" \/>\n\t<meta name=\"twitter:data1\" content=\"Fr\u00e9d\u00e9ric Poitou\" \/>\n\t<meta name=\"twitter:label2\" content=\"Dur\u00e9e de lecture estim\u00e9e\" \/>\n\t<meta name=\"twitter:data2\" content=\"2 minutes\" \/>\n<script type=\"application\/ld+json\" class=\"yoast-schema-graph\">{\"@context\":\"https:\/\/schema.org\",\"@graph\":[{\"@type\":\"Article\",\"@id\":\"http:\/\/www.frederic-poitou.com\/blog\/jacques-pas-poitou-chirac\/#article\",\"isPartOf\":{\"@id\":\"http:\/\/www.frederic-poitou.com\/blog\/jacques-pas-poitou-chirac\/\"},\"author\":{\"name\":\"Fr\u00e9d\u00e9ric Poitou\",\"@id\":\"http:\/\/www.frederic-poitou.com\/blog\/#\/schema\/person\/e2c2d05e978747818533fdce859a7799\"},\"headline\":\"Jacques : Pas Poitou, Chirac.\",\"datePublished\":\"2023-07-14T15:09:32+00:00\",\"dateModified\":\"2026-04-21T15:30:31+00:00\",\"mainEntityOfPage\":{\"@id\":\"http:\/\/www.frederic-poitou.com\/blog\/jacques-pas-poitou-chirac\/\"},\"wordCount\":405,\"image\":{\"@id\":\"http:\/\/www.frederic-poitou.com\/blog\/jacques-pas-poitou-chirac\/#primaryimage\"},\"thumbnailUrl\":\"https:\/\/www.frederic-poitou.com\/blog\/wp-content\/2019\/09\/70400030_2199585043672584_2310450315121393664_n.jpg\",\"articleSection\":[\"Accueil\",\"Politique\",\"Soci\u00e9t\u00e9\"],\"inLanguage\":\"fr-FR\"},{\"@type\":\"WebPage\",\"@id\":\"http:\/\/www.frederic-poitou.com\/blog\/jacques-pas-poitou-chirac\/\",\"url\":\"http:\/\/www.frederic-poitou.com\/blog\/jacques-pas-poitou-chirac\/\",\"name\":\"Jacques : Pas Poitou, Chirac. -\",\"isPartOf\":{\"@id\":\"http:\/\/www.frederic-poitou.com\/blog\/#website\"},\"primaryImageOfPage\":{\"@id\":\"http:\/\/www.frederic-poitou.com\/blog\/jacques-pas-poitou-chirac\/#primaryimage\"},\"image\":{\"@id\":\"http:\/\/www.frederic-poitou.com\/blog\/jacques-pas-poitou-chirac\/#primaryimage\"},\"thumbnailUrl\":\"https:\/\/www.frederic-poitou.com\/blog\/wp-content\/2019\/09\/70400030_2199585043672584_2310450315121393664_n.jpg\",\"datePublished\":\"2023-07-14T15:09:32+00:00\",\"dateModified\":\"2026-04-21T15:30:31+00:00\",\"author\":{\"@id\":\"http:\/\/www.frederic-poitou.com\/blog\/#\/schema\/person\/e2c2d05e978747818533fdce859a7799\"},\"breadcrumb\":{\"@id\":\"http:\/\/www.frederic-poitou.com\/blog\/jacques-pas-poitou-chirac\/#breadcrumb\"},\"inLanguage\":\"fr-FR\",\"potentialAction\":[{\"@type\":\"ReadAction\",\"target\":[\"http:\/\/www.frederic-poitou.com\/blog\/jacques-pas-poitou-chirac\/\"]}]},{\"@type\":\"ImageObject\",\"inLanguage\":\"fr-FR\",\"@id\":\"http:\/\/www.frederic-poitou.com\/blog\/jacques-pas-poitou-chirac\/#primaryimage\",\"url\":\"https:\/\/www.frederic-poitou.com\/blog\/wp-content\/2019\/09\/70400030_2199585043672584_2310450315121393664_n.jpg\",\"contentUrl\":\"https:\/\/www.frederic-poitou.com\/blog\/wp-content\/2019\/09\/70400030_2199585043672584_2310450315121393664_n.jpg\",\"width\":394,\"height\":550},{\"@type\":\"BreadcrumbList\",\"@id\":\"http:\/\/www.frederic-poitou.com\/blog\/jacques-pas-poitou-chirac\/#breadcrumb\",\"itemListElement\":[{\"@type\":\"ListItem\",\"position\":1,\"name\":\"Accueil\",\"item\":\"http:\/\/www.frederic-poitou.com\/blog\/\"},{\"@type\":\"ListItem\",\"position\":2,\"name\":\"Jacques : Pas Poitou, Chirac.\"}]},{\"@type\":\"WebSite\",\"@id\":\"http:\/\/www.frederic-poitou.com\/blog\/#website\",\"url\":\"http:\/\/www.frederic-poitou.com\/blog\/\",\"name\":\"\",\"description\":\"\",\"potentialAction\":[{\"@type\":\"SearchAction\",\"target\":{\"@type\":\"EntryPoint\",\"urlTemplate\":\"http:\/\/www.frederic-poitou.com\/blog\/?s={search_term_string}\"},\"query-input\":{\"@type\":\"PropertyValueSpecification\",\"valueRequired\":true,\"valueName\":\"search_term_string\"}}],\"inLanguage\":\"fr-FR\"},{\"@type\":\"Person\",\"@id\":\"http:\/\/www.frederic-poitou.com\/blog\/#\/schema\/person\/e2c2d05e978747818533fdce859a7799\",\"name\":\"Fr\u00e9d\u00e9ric Poitou\",\"image\":{\"@type\":\"ImageObject\",\"inLanguage\":\"fr-FR\",\"@id\":\"http:\/\/www.frederic-poitou.com\/blog\/#\/schema\/person\/image\/\",\"url\":\"https:\/\/secure.gravatar.com\/avatar\/1933bcca279a2feafd35d9e0a080c521e11beb51115fe4cfe02e2586ac13424a?s=96&d=mm&r=g\",\"contentUrl\":\"https:\/\/secure.gravatar.com\/avatar\/1933bcca279a2feafd35d9e0a080c521e11beb51115fe4cfe02e2586ac13424a?s=96&d=mm&r=g\",\"caption\":\"Fr\u00e9d\u00e9ric Poitou\"},\"description\":\"Fr\u00e9d\u00e9ric Poitou est n\u00e9 \u00e0 Rouen, et y a fait des \u00e9tudes au Conservatoire en musique-\u00e9tudes en section piano. Il s'est ensuite orient\u00e9 vers des \u00e9tudes scientifiques o\u00f9 il a obtenu un dipl\u00f4me d'ing\u00e9nieur, puis un doctorat en Chimie. Il est Expert Judiciaire en France, en Belgique et \u00e0 Luxembourg, et agr\u00e9e par les Institutions Europ\u00e9ennes.\",\"sameAs\":[\"http:\/\/www.frederic-poitou.com\",\"https:\/\/www.linkedin.com\/in\/frederic-poitou-b045a025\/\"]}]}<\/script>\n<!-- \/ Yoast SEO plugin. -->","yoast_head_json":{"title":"Jacques : Pas Poitou, Chirac. -","robots":{"index":"index","follow":"follow","max-snippet":"max-snippet:-1","max-image-preview":"max-image-preview:large","max-video-preview":"max-video-preview:-1"},"canonical":"http:\/\/www.frederic-poitou.com\/blog\/jacques-pas-poitou-chirac\/","og_locale":"fr_FR","og_type":"article","og_title":"Jacques : Pas Poitou, Chirac. -","og_description":"C&rsquo;est fou le nombre de politiques qui, \u00e0 l&rsquo;approche des municipales, se r\u00e9clament de l&rsquo;h\u00e9ritage de Jacques Chirac ! Ma premi\u00e8re carte politique fut dans son parti en 1980, fascin\u00e9 que j&rsquo;\u00e9tais par sa gouaille, sa volont\u00e9, son dynamisme. Rapidement &hellip; Lire la suite\u00ad\u00ad","og_url":"http:\/\/www.frederic-poitou.com\/blog\/jacques-pas-poitou-chirac\/","article_publisher":"https:\/\/www.facebook.com\/frederic.poitou\/","article_published_time":"2023-07-14T15:09:32+00:00","article_modified_time":"2026-04-21T15:30:31+00:00","og_image":[{"width":394,"height":550,"url":"http:\/\/www.frederic-poitou.com\/blog\/wp-content\/2019\/09\/70400030_2199585043672584_2310450315121393664_n.jpg","type":"image\/jpeg"}],"author":"Fr\u00e9d\u00e9ric Poitou","twitter_card":"summary_large_image","twitter_creator":"@fredericpoitou","twitter_site":"@fredericpoitou","twitter_misc":{"\u00c9crit par":"Fr\u00e9d\u00e9ric Poitou","Dur\u00e9e de lecture estim\u00e9e":"2 minutes"},"schema":{"@context":"https:\/\/schema.org","@graph":[{"@type":"Article","@id":"http:\/\/www.frederic-poitou.com\/blog\/jacques-pas-poitou-chirac\/#article","isPartOf":{"@id":"http:\/\/www.frederic-poitou.com\/blog\/jacques-pas-poitou-chirac\/"},"author":{"name":"Fr\u00e9d\u00e9ric Poitou","@id":"http:\/\/www.frederic-poitou.com\/blog\/#\/schema\/person\/e2c2d05e978747818533fdce859a7799"},"headline":"Jacques : Pas Poitou, Chirac.","datePublished":"2023-07-14T15:09:32+00:00","dateModified":"2026-04-21T15:30:31+00:00","mainEntityOfPage":{"@id":"http:\/\/www.frederic-poitou.com\/blog\/jacques-pas-poitou-chirac\/"},"wordCount":405,"image":{"@id":"http:\/\/www.frederic-poitou.com\/blog\/jacques-pas-poitou-chirac\/#primaryimage"},"thumbnailUrl":"https:\/\/www.frederic-poitou.com\/blog\/wp-content\/2019\/09\/70400030_2199585043672584_2310450315121393664_n.jpg","articleSection":["Accueil","Politique","Soci\u00e9t\u00e9"],"inLanguage":"fr-FR"},{"@type":"WebPage","@id":"http:\/\/www.frederic-poitou.com\/blog\/jacques-pas-poitou-chirac\/","url":"http:\/\/www.frederic-poitou.com\/blog\/jacques-pas-poitou-chirac\/","name":"Jacques : Pas Poitou, Chirac. -","isPartOf":{"@id":"http:\/\/www.frederic-poitou.com\/blog\/#website"},"primaryImageOfPage":{"@id":"http:\/\/www.frederic-poitou.com\/blog\/jacques-pas-poitou-chirac\/#primaryimage"},"image":{"@id":"http:\/\/www.frederic-poitou.com\/blog\/jacques-pas-poitou-chirac\/#primaryimage"},"thumbnailUrl":"https:\/\/www.frederic-poitou.com\/blog\/wp-content\/2019\/09\/70400030_2199585043672584_2310450315121393664_n.jpg","datePublished":"2023-07-14T15:09:32+00:00","dateModified":"2026-04-21T15:30:31+00:00","author":{"@id":"http:\/\/www.frederic-poitou.com\/blog\/#\/schema\/person\/e2c2d05e978747818533fdce859a7799"},"breadcrumb":{"@id":"http:\/\/www.frederic-poitou.com\/blog\/jacques-pas-poitou-chirac\/#breadcrumb"},"inLanguage":"fr-FR","potentialAction":[{"@type":"ReadAction","target":["http:\/\/www.frederic-poitou.com\/blog\/jacques-pas-poitou-chirac\/"]}]},{"@type":"ImageObject","inLanguage":"fr-FR","@id":"http:\/\/www.frederic-poitou.com\/blog\/jacques-pas-poitou-chirac\/#primaryimage","url":"https:\/\/www.frederic-poitou.com\/blog\/wp-content\/2019\/09\/70400030_2199585043672584_2310450315121393664_n.jpg","contentUrl":"https:\/\/www.frederic-poitou.com\/blog\/wp-content\/2019\/09\/70400030_2199585043672584_2310450315121393664_n.jpg","width":394,"height":550},{"@type":"BreadcrumbList","@id":"http:\/\/www.frederic-poitou.com\/blog\/jacques-pas-poitou-chirac\/#breadcrumb","itemListElement":[{"@type":"ListItem","position":1,"name":"Accueil","item":"http:\/\/www.frederic-poitou.com\/blog\/"},{"@type":"ListItem","position":2,"name":"Jacques : Pas Poitou, Chirac."}]},{"@type":"WebSite","@id":"http:\/\/www.frederic-poitou.com\/blog\/#website","url":"http:\/\/www.frederic-poitou.com\/blog\/","name":"","description":"","potentialAction":[{"@type":"SearchAction","target":{"@type":"EntryPoint","urlTemplate":"http:\/\/www.frederic-poitou.com\/blog\/?s={search_term_string}"},"query-input":{"@type":"PropertyValueSpecification","valueRequired":true,"valueName":"search_term_string"}}],"inLanguage":"fr-FR"},{"@type":"Person","@id":"http:\/\/www.frederic-poitou.com\/blog\/#\/schema\/person\/e2c2d05e978747818533fdce859a7799","name":"Fr\u00e9d\u00e9ric Poitou","image":{"@type":"ImageObject","inLanguage":"fr-FR","@id":"http:\/\/www.frederic-poitou.com\/blog\/#\/schema\/person\/image\/","url":"https:\/\/secure.gravatar.com\/avatar\/1933bcca279a2feafd35d9e0a080c521e11beb51115fe4cfe02e2586ac13424a?s=96&d=mm&r=g","contentUrl":"https:\/\/secure.gravatar.com\/avatar\/1933bcca279a2feafd35d9e0a080c521e11beb51115fe4cfe02e2586ac13424a?s=96&d=mm&r=g","caption":"Fr\u00e9d\u00e9ric Poitou"},"description":"Fr\u00e9d\u00e9ric Poitou est n\u00e9 \u00e0 Rouen, et y a fait des \u00e9tudes au Conservatoire en musique-\u00e9tudes en section piano. Il s'est ensuite orient\u00e9 vers des \u00e9tudes scientifiques o\u00f9 il a obtenu un dipl\u00f4me d'ing\u00e9nieur, puis un doctorat en Chimie. Il est Expert Judiciaire en France, en Belgique et \u00e0 Luxembourg, et agr\u00e9e par les Institutions Europ\u00e9ennes.","sameAs":["http:\/\/www.frederic-poitou.com","https:\/\/www.linkedin.com\/in\/frederic-poitou-b045a025\/"]}]}},"_links":{"self":[{"href":"https:\/\/www.frederic-poitou.com\/blog\/wp-json\/wp\/v2\/posts\/9359","targetHints":{"allow":["GET"]}}],"collection":[{"href":"https:\/\/www.frederic-poitou.com\/blog\/wp-json\/wp\/v2\/posts"}],"about":[{"href":"https:\/\/www.frederic-poitou.com\/blog\/wp-json\/wp\/v2\/types\/post"}],"author":[{"embeddable":true,"href":"https:\/\/www.frederic-poitou.com\/blog\/wp-json\/wp\/v2\/users\/4"}],"replies":[{"embeddable":true,"href":"https:\/\/www.frederic-poitou.com\/blog\/wp-json\/wp\/v2\/comments?post=9359"}],"version-history":[{"count":2,"href":"https:\/\/www.frederic-poitou.com\/blog\/wp-json\/wp\/v2\/posts\/9359\/revisions"}],"predecessor-version":[{"id":9363,"href":"https:\/\/www.frederic-poitou.com\/blog\/wp-json\/wp\/v2\/posts\/9359\/revisions\/9363"}],"wp:featuredmedia":[{"embeddable":true,"href":"https:\/\/www.frederic-poitou.com\/blog\/wp-json\/wp\/v2\/media\/9360"}],"wp:attachment":[{"href":"https:\/\/www.frederic-poitou.com\/blog\/wp-json\/wp\/v2\/media?parent=9359"}],"wp:term":[{"taxonomy":"category","embeddable":true,"href":"https:\/\/www.frederic-poitou.com\/blog\/wp-json\/wp\/v2\/categories?post=9359"},{"taxonomy":"post_tag","embeddable":true,"href":"https:\/\/www.frederic-poitou.com\/blog\/wp-json\/wp\/v2\/tags?post=9359"}],"curies":[{"name":"wp","href":"https:\/\/api.w.org\/{rel}","templated":true}]}}