{"id":9335,"date":"2023-07-15T04:26:32","date_gmt":"2023-07-15T02:26:32","guid":{"rendered":"http:\/\/www.frederic-poitou.com\/blog\/?p=9335"},"modified":"2026-04-25T11:52:33","modified_gmt":"2026-04-25T09:52:33","slug":"rouge-bleu-rose-turquoise","status":"publish","type":"post","link":"https:\/\/www.frederic-poitou.com\/blog\/rouge-bleu-rose-turquoise\/","title":{"rendered":"ROUGE, BLEU, ROSE, TURQUOISE"},"content":{"rendered":"<div class=\"\" data-block=\"true\" data-editor=\"3jacd\" data-offset-key=\"evuao-0-0\">\n<div class=\"_1mf _1mj\" data-offset-key=\"evuao-0-0\"><span data-offset-key=\"evuao-0-0\">Le Parlement c&rsquo;est facile, et plut\u00f4t bien organis\u00e9.<\/span><\/div>\n<\/div>\n<div class=\"\" data-block=\"true\" data-editor=\"3jacd\" data-offset-key=\"2dqna-0-0\">\n<div class=\"_1mf _1mj\" data-offset-key=\"2dqna-0-0\"><span data-offset-key=\"2dqna-0-0\">\u00a0<\/span><\/div>\n<\/div>\n<div class=\"\" data-block=\"true\" data-editor=\"3jacd\" data-offset-key=\"61gpq-0-0\">\n<div class=\"_1mf _1mj\" data-offset-key=\"61gpq-0-0\"><span data-offset-key=\"61gpq-0-0\">Rouge, bleu, rose\u2026 ce ne sont pas les couleurs de l\u2019arc-en-ciel mais celles qui repr\u00e9sentent les activit\u00e9s du Parlement europ\u00e9en.<\/span><\/div>\n<\/div>\n<div class=\"\" data-block=\"true\" data-editor=\"3jacd\" data-offset-key=\"2riv3-0-0\">\n<div class=\"_1mf _1mj\" data-offset-key=\"2riv3-0-0\"><span data-offset-key=\"2riv3-0-0\">\u00a0<\/span><\/div>\n<\/div>\n<div class=\"\" data-block=\"true\" data-editor=\"3jacd\" data-offset-key=\"cca6a-0-0\">\n<div class=\"_1mf _1mj\" data-offset-key=\"cca6a-0-0\"><span data-offset-key=\"cca6a-0-0\">Bleu : les groupes politiques (tr\u00e8s instructif. Permet de comprendre les strat\u00e9gies de groupes)<\/span><\/div>\n<\/div>\n<div class=\"\" data-block=\"true\" data-editor=\"3jacd\" data-offset-key=\"fn304-0-0\">\n<div class=\"_1mf _1mj\" data-offset-key=\"fn304-0-0\"><span data-offset-key=\"fn304-0-0\">Lors des semaines bleues, les d\u00e9put\u00e9s europ\u00e9ens se r\u00e9unissent par groupes politiques. Des d\u00e9put\u00e9s venant de diff\u00e9rents pays et partis politiques mais qui partagent les m\u00eames positions politiques et affiliations composent ces groupes. 25 d\u00e9put\u00e9s d\u2019au moins sept \u00c9tats membres diff\u00e9rents sont n\u00e9cessaires pour constituer un groupe politique. Pas toujours ouvert au public, sauf si on a des copains dans le groupe !<\/span><\/div>\n<\/div>\n<div class=\"\" data-block=\"true\" data-editor=\"3jacd\" data-offset-key=\"1h6ad-0-0\">\n<div class=\"_1mf _1mj\" data-offset-key=\"1h6ad-0-0\"><span data-offset-key=\"1h6ad-0-0\">\u00a0<\/span><\/div>\n<\/div>\n<div class=\"\" data-block=\"true\" data-editor=\"3jacd\" data-offset-key=\"gsug-0-0\">\n<div class=\"_1mf _1mj\" data-offset-key=\"gsug-0-0\"><span data-offset-key=\"gsug-0-0\">Rose : les r\u00e9unions des commissions (tr\u00e8s technique, parfois l\u00e9nifiant mais qui permet de voir l&rsquo;implication de nos d\u00e9put\u00e9s)<\/span><\/div>\n<\/div>\n<div class=\"\" data-block=\"true\" data-editor=\"3jacd\" data-offset-key=\"dmsj1-0-0\">\n<div class=\"_1mf _1mj\" data-offset-key=\"dmsj1-0-0\"><span data-offset-key=\"dmsj1-0-0\">Chaque d\u00e9put\u00e9 europ\u00e9en travaille au sein d\u2019une ou plusieurs commissions parlementaires, d\u00e9di\u00e9es \u00e0 un domaine particulier de la politique europ\u00e9enne. Les d\u00e9put\u00e9s venant des diff\u00e9rents groupes politiques discutent en d\u00e9tail des projets de loi, proposent des amendements, examinent les propositions de la Commission et du Conseil et \u00e9tablissent des rapports \u00e0 pr\u00e9senter en session pl\u00e9ni\u00e8re. Ouvert au public.<\/span><\/div>\n<\/div>\n<div class=\"\" data-block=\"true\" data-editor=\"3jacd\" data-offset-key=\"8i4hb-0-0\">\n<div class=\"_1mf _1mj\" data-offset-key=\"8i4hb-0-0\"><span data-offset-key=\"8i4hb-0-0\">\u00a0<\/span><\/div>\n<\/div>\n<div class=\"\" data-block=\"true\" data-editor=\"3jacd\" data-offset-key=\"efume-0-0\">\n<div class=\"_1mf _1mj\" data-offset-key=\"efume-0-0\"><span data-offset-key=\"efume-0-0\">Rouge : les sessions pl\u00e9ni\u00e8res<\/span><\/div>\n<\/div>\n<div class=\"\" data-block=\"true\" data-editor=\"3jacd\" data-offset-key=\"f4rr0-0-0\">\n<div class=\"_1mf _1mj\" data-offset-key=\"f4rr0-0-0\"><span data-offset-key=\"f4rr0-0-0\">La session pl\u00e9ni\u00e8re est le point culminant de l&rsquo;agenda et se d\u00e9roule \u00e0 Strasbourg ou \u00e0 Bruxelles. C&rsquo;est \u00e0 ce moment que le travail effectu\u00e9 durant les semaines bleues et roses se concr\u00e9tise. Les sessions pl\u00e9ni\u00e8res sont marqu\u00e9es en rouge dans le calendrier. Rassembl\u00e9s dans l&rsquo;h\u00e9micycle, les d\u00e9put\u00e9s d\u00e9battent sur des questions importantes, prennent des grandes d\u00e9cisions en votant, adoptent, modifient ou rejettent la l\u00e9gislation. Ouvert au public, dans un endroit diff\u00e9rent si vous avez un badge ou si vous n&rsquo;en avez pas. C&rsquo;est parfois tr\u00e8s th\u00e9\u00e2tral.<\/span><\/div>\n<\/div>\n<div class=\"\" data-block=\"true\" data-editor=\"3jacd\" data-offset-key=\"3qa0h-0-0\">\n<div class=\"_1mf _1mj\" data-offset-key=\"3qa0h-0-0\"><span data-offset-key=\"3qa0h-0-0\">\u00a0<\/span><\/div>\n<\/div>\n<div class=\"\" data-block=\"true\" data-editor=\"3jacd\" data-offset-key=\"3v2pk-0-0\">\n<div class=\"_1mf _1mj\" data-offset-key=\"3v2pk-0-0\"><span data-offset-key=\"3v2pk-0-0\">Turquoise : le travail \u00e0 l\u2019ext\u00e9rieur du PE.<\/p>\n<p><img loading=\"lazy\" decoding=\"async\" class=\"alignleft size-full wp-image-9339\" src=\"http:\/\/www.frederic-poitou.com\/blog\/wp-content\/2019\/09\/calendar-2020.jpeg\" alt=\"\" width=\"1192\" height=\"1684\" srcset=\"https:\/\/www.frederic-poitou.com\/blog\/wp-content\/2019\/09\/calendar-2020.jpeg 1192w, https:\/\/www.frederic-poitou.com\/blog\/wp-content\/2019\/09\/calendar-2020-212x300.jpeg 212w, https:\/\/www.frederic-poitou.com\/blog\/wp-content\/2019\/09\/calendar-2020-725x1024.jpeg 725w\" sizes=\"auto, (max-width: 1192px) 100vw, 1192px\" \/> <img loading=\"lazy\" decoding=\"async\" class=\"alignleft size-full wp-image-9340\" src=\"http:\/\/www.frederic-poitou.com\/blog\/wp-content\/2019\/09\/calendar-for-2019.jpeg\" alt=\"\" width=\"1192\" height=\"1684\" srcset=\"https:\/\/www.frederic-poitou.com\/blog\/wp-content\/2019\/09\/calendar-for-2019.jpeg 1192w, https:\/\/www.frederic-poitou.com\/blog\/wp-content\/2019\/09\/calendar-for-2019-212x300.jpeg 212w, https:\/\/www.frederic-poitou.com\/blog\/wp-content\/2019\/09\/calendar-for-2019-725x1024.jpeg 725w\" sizes=\"auto, (max-width: 1192px) 100vw, 1192px\" \/><br \/>\n<\/span><\/div>\n<\/div>\n","protected":false},"excerpt":{"rendered":"<p>Le Parlement c&rsquo;est facile, et plut\u00f4t bien organis\u00e9. \u00a0 Rouge, bleu, rose\u2026 ce ne sont pas les couleurs de l\u2019arc-en-ciel mais celles qui repr\u00e9sentent les activit\u00e9s du Parlement europ\u00e9en. \u00a0 Bleu : les groupes politiques (tr\u00e8s instructif. Permet de comprendre &hellip; <a href=\"https:\/\/www.frederic-poitou.com\/blog\/rouge-bleu-rose-turquoise\/\">Lire la suite\u00ad\u00ad<\/a><\/p>\n","protected":false},"author":4,"featured_media":9336,"comment_status":"closed","ping_status":"open","sticky":false,"template":"","format":"standard","meta":{"kt_blocks_editor_width":"","_exactmetrics_skip_tracking":false,"_exactmetrics_sitenote_active":false,"_exactmetrics_sitenote_note":"","_exactmetrics_sitenote_category":0,"footnotes":""},"categories":[48,55,51],"tags":[],"class_list":["post-9335","post","type-post","status-publish","format-standard","has-post-thumbnail","hentry","category-accueil","category-europe","category-politique"],"yoast_head":"<!-- This site is optimized with the Yoast SEO plugin v27.1.1 - https:\/\/yoast.com\/product\/yoast-seo-wordpress\/ -->\n<title>ROUGE, BLEU, ROSE, TURQUOISE -<\/title>\n<meta name=\"robots\" content=\"index, follow, max-snippet:-1, max-image-preview:large, max-video-preview:-1\" \/>\n<link rel=\"canonical\" href=\"https:\/\/www.frederic-poitou.com\/blog\/rouge-bleu-rose-turquoise\/\" \/>\n<meta property=\"og:locale\" content=\"fr_FR\" \/>\n<meta property=\"og:type\" content=\"article\" \/>\n<meta property=\"og:title\" content=\"ROUGE, BLEU, ROSE, TURQUOISE -\" \/>\n<meta property=\"og:description\" content=\"Le Parlement c&rsquo;est facile, et plut\u00f4t bien organis\u00e9. \u00a0 Rouge, bleu, rose\u2026 ce ne sont pas les couleurs de l\u2019arc-en-ciel mais celles qui repr\u00e9sentent les activit\u00e9s du Parlement europ\u00e9en. \u00a0 Bleu : les groupes politiques (tr\u00e8s instructif. Permet de comprendre &hellip; Lire la suite\u00ad\u00ad\" \/>\n<meta property=\"og:url\" content=\"https:\/\/www.frederic-poitou.com\/blog\/rouge-bleu-rose-turquoise\/\" \/>\n<meta property=\"article:publisher\" content=\"https:\/\/www.facebook.com\/frederic.poitou\/\" \/>\n<meta property=\"article:published_time\" content=\"2023-07-15T02:26:32+00:00\" \/>\n<meta property=\"article:modified_time\" content=\"2026-04-25T09:52:33+00:00\" \/>\n<meta property=\"og:image\" content=\"https:\/\/www.frederic-poitou.com\/blog\/wp-content\/2019\/09\/EP-logo-RGB_EN.png\" \/>\n\t<meta property=\"og:image:width\" content=\"897\" \/>\n\t<meta property=\"og:image:height\" content=\"712\" \/>\n\t<meta property=\"og:image:type\" content=\"image\/png\" \/>\n<meta name=\"author\" content=\"Fr\u00e9d\u00e9ric Poitou\" \/>\n<meta name=\"twitter:card\" content=\"summary_large_image\" \/>\n<meta name=\"twitter:creator\" content=\"@fredericpoitou\" \/>\n<meta name=\"twitter:site\" content=\"@fredericpoitou\" \/>\n<meta name=\"twitter:label1\" content=\"\u00c9crit par\" \/>\n\t<meta name=\"twitter:data1\" content=\"Fr\u00e9d\u00e9ric Poitou\" \/>\n\t<meta name=\"twitter:label2\" content=\"Dur\u00e9e de lecture estim\u00e9e\" \/>\n\t<meta name=\"twitter:data2\" content=\"2 minutes\" \/>\n<script type=\"application\/ld+json\" class=\"yoast-schema-graph\">{\"@context\":\"https:\/\/schema.org\",\"@graph\":[{\"@type\":\"Article\",\"@id\":\"https:\/\/www.frederic-poitou.com\/blog\/rouge-bleu-rose-turquoise\/#article\",\"isPartOf\":{\"@id\":\"https:\/\/www.frederic-poitou.com\/blog\/rouge-bleu-rose-turquoise\/\"},\"author\":{\"name\":\"Fr\u00e9d\u00e9ric Poitou\",\"@id\":\"http:\/\/www.frederic-poitou.com\/blog\/#\/schema\/person\/e2c2d05e978747818533fdce859a7799\"},\"headline\":\"ROUGE, BLEU, ROSE, TURQUOISE\",\"datePublished\":\"2023-07-15T02:26:32+00:00\",\"dateModified\":\"2026-04-25T09:52:33+00:00\",\"mainEntityOfPage\":{\"@id\":\"https:\/\/www.frederic-poitou.com\/blog\/rouge-bleu-rose-turquoise\/\"},\"wordCount\":340,\"image\":{\"@id\":\"https:\/\/www.frederic-poitou.com\/blog\/rouge-bleu-rose-turquoise\/#primaryimage\"},\"thumbnailUrl\":\"https:\/\/www.frederic-poitou.com\/blog\/wp-content\/2019\/09\/EP-logo-RGB_EN.png\",\"articleSection\":[\"Accueil\",\"Europe\",\"Politique\"],\"inLanguage\":\"fr-FR\"},{\"@type\":\"WebPage\",\"@id\":\"https:\/\/www.frederic-poitou.com\/blog\/rouge-bleu-rose-turquoise\/\",\"url\":\"https:\/\/www.frederic-poitou.com\/blog\/rouge-bleu-rose-turquoise\/\",\"name\":\"ROUGE, BLEU, ROSE, TURQUOISE -\",\"isPartOf\":{\"@id\":\"http:\/\/www.frederic-poitou.com\/blog\/#website\"},\"primaryImageOfPage\":{\"@id\":\"https:\/\/www.frederic-poitou.com\/blog\/rouge-bleu-rose-turquoise\/#primaryimage\"},\"image\":{\"@id\":\"https:\/\/www.frederic-poitou.com\/blog\/rouge-bleu-rose-turquoise\/#primaryimage\"},\"thumbnailUrl\":\"https:\/\/www.frederic-poitou.com\/blog\/wp-content\/2019\/09\/EP-logo-RGB_EN.png\",\"datePublished\":\"2023-07-15T02:26:32+00:00\",\"dateModified\":\"2026-04-25T09:52:33+00:00\",\"author\":{\"@id\":\"http:\/\/www.frederic-poitou.com\/blog\/#\/schema\/person\/e2c2d05e978747818533fdce859a7799\"},\"breadcrumb\":{\"@id\":\"https:\/\/www.frederic-poitou.com\/blog\/rouge-bleu-rose-turquoise\/#breadcrumb\"},\"inLanguage\":\"fr-FR\",\"potentialAction\":[{\"@type\":\"ReadAction\",\"target\":[\"https:\/\/www.frederic-poitou.com\/blog\/rouge-bleu-rose-turquoise\/\"]}]},{\"@type\":\"ImageObject\",\"inLanguage\":\"fr-FR\",\"@id\":\"https:\/\/www.frederic-poitou.com\/blog\/rouge-bleu-rose-turquoise\/#primaryimage\",\"url\":\"https:\/\/www.frederic-poitou.com\/blog\/wp-content\/2019\/09\/EP-logo-RGB_EN.png\",\"contentUrl\":\"https:\/\/www.frederic-poitou.com\/blog\/wp-content\/2019\/09\/EP-logo-RGB_EN.png\",\"width\":897,\"height\":712},{\"@type\":\"BreadcrumbList\",\"@id\":\"https:\/\/www.frederic-poitou.com\/blog\/rouge-bleu-rose-turquoise\/#breadcrumb\",\"itemListElement\":[{\"@type\":\"ListItem\",\"position\":1,\"name\":\"Accueil\",\"item\":\"http:\/\/www.frederic-poitou.com\/blog\/\"},{\"@type\":\"ListItem\",\"position\":2,\"name\":\"ROUGE, BLEU, ROSE, TURQUOISE\"}]},{\"@type\":\"WebSite\",\"@id\":\"http:\/\/www.frederic-poitou.com\/blog\/#website\",\"url\":\"http:\/\/www.frederic-poitou.com\/blog\/\",\"name\":\"\",\"description\":\"\",\"potentialAction\":[{\"@type\":\"SearchAction\",\"target\":{\"@type\":\"EntryPoint\",\"urlTemplate\":\"http:\/\/www.frederic-poitou.com\/blog\/?s={search_term_string}\"},\"query-input\":{\"@type\":\"PropertyValueSpecification\",\"valueRequired\":true,\"valueName\":\"search_term_string\"}}],\"inLanguage\":\"fr-FR\"},{\"@type\":\"Person\",\"@id\":\"http:\/\/www.frederic-poitou.com\/blog\/#\/schema\/person\/e2c2d05e978747818533fdce859a7799\",\"name\":\"Fr\u00e9d\u00e9ric Poitou\",\"image\":{\"@type\":\"ImageObject\",\"inLanguage\":\"fr-FR\",\"@id\":\"http:\/\/www.frederic-poitou.com\/blog\/#\/schema\/person\/image\/\",\"url\":\"https:\/\/secure.gravatar.com\/avatar\/1933bcca279a2feafd35d9e0a080c521e11beb51115fe4cfe02e2586ac13424a?s=96&d=mm&r=g\",\"contentUrl\":\"https:\/\/secure.gravatar.com\/avatar\/1933bcca279a2feafd35d9e0a080c521e11beb51115fe4cfe02e2586ac13424a?s=96&d=mm&r=g\",\"caption\":\"Fr\u00e9d\u00e9ric Poitou\"},\"description\":\"Fr\u00e9d\u00e9ric Poitou est n\u00e9 \u00e0 Rouen, et y a fait des \u00e9tudes au Conservatoire en musique-\u00e9tudes en section piano. Il s'est ensuite orient\u00e9 vers des \u00e9tudes scientifiques o\u00f9 il a obtenu un dipl\u00f4me d'ing\u00e9nieur, puis un doctorat en Chimie. Il est Expert Judiciaire en France, en Belgique et \u00e0 Luxembourg, et agr\u00e9e par les Institutions Europ\u00e9ennes.\",\"sameAs\":[\"http:\/\/www.frederic-poitou.com\",\"https:\/\/www.linkedin.com\/in\/frederic-poitou-b045a025\/\"]}]}<\/script>\n<!-- \/ Yoast SEO plugin. -->","yoast_head_json":{"title":"ROUGE, BLEU, ROSE, TURQUOISE -","robots":{"index":"index","follow":"follow","max-snippet":"max-snippet:-1","max-image-preview":"max-image-preview:large","max-video-preview":"max-video-preview:-1"},"canonical":"https:\/\/www.frederic-poitou.com\/blog\/rouge-bleu-rose-turquoise\/","og_locale":"fr_FR","og_type":"article","og_title":"ROUGE, BLEU, ROSE, TURQUOISE -","og_description":"Le Parlement c&rsquo;est facile, et plut\u00f4t bien organis\u00e9. \u00a0 Rouge, bleu, rose\u2026 ce ne sont pas les couleurs de l\u2019arc-en-ciel mais celles qui repr\u00e9sentent les activit\u00e9s du Parlement europ\u00e9en. \u00a0 Bleu : les groupes politiques (tr\u00e8s instructif. Permet de comprendre &hellip; Lire la suite\u00ad\u00ad","og_url":"https:\/\/www.frederic-poitou.com\/blog\/rouge-bleu-rose-turquoise\/","article_publisher":"https:\/\/www.facebook.com\/frederic.poitou\/","article_published_time":"2023-07-15T02:26:32+00:00","article_modified_time":"2026-04-25T09:52:33+00:00","og_image":[{"width":897,"height":712,"url":"https:\/\/www.frederic-poitou.com\/blog\/wp-content\/2019\/09\/EP-logo-RGB_EN.png","type":"image\/png"}],"author":"Fr\u00e9d\u00e9ric Poitou","twitter_card":"summary_large_image","twitter_creator":"@fredericpoitou","twitter_site":"@fredericpoitou","twitter_misc":{"\u00c9crit par":"Fr\u00e9d\u00e9ric Poitou","Dur\u00e9e de lecture estim\u00e9e":"2 minutes"},"schema":{"@context":"https:\/\/schema.org","@graph":[{"@type":"Article","@id":"https:\/\/www.frederic-poitou.com\/blog\/rouge-bleu-rose-turquoise\/#article","isPartOf":{"@id":"https:\/\/www.frederic-poitou.com\/blog\/rouge-bleu-rose-turquoise\/"},"author":{"name":"Fr\u00e9d\u00e9ric Poitou","@id":"http:\/\/www.frederic-poitou.com\/blog\/#\/schema\/person\/e2c2d05e978747818533fdce859a7799"},"headline":"ROUGE, BLEU, ROSE, TURQUOISE","datePublished":"2023-07-15T02:26:32+00:00","dateModified":"2026-04-25T09:52:33+00:00","mainEntityOfPage":{"@id":"https:\/\/www.frederic-poitou.com\/blog\/rouge-bleu-rose-turquoise\/"},"wordCount":340,"image":{"@id":"https:\/\/www.frederic-poitou.com\/blog\/rouge-bleu-rose-turquoise\/#primaryimage"},"thumbnailUrl":"https:\/\/www.frederic-poitou.com\/blog\/wp-content\/2019\/09\/EP-logo-RGB_EN.png","articleSection":["Accueil","Europe","Politique"],"inLanguage":"fr-FR"},{"@type":"WebPage","@id":"https:\/\/www.frederic-poitou.com\/blog\/rouge-bleu-rose-turquoise\/","url":"https:\/\/www.frederic-poitou.com\/blog\/rouge-bleu-rose-turquoise\/","name":"ROUGE, BLEU, ROSE, TURQUOISE -","isPartOf":{"@id":"http:\/\/www.frederic-poitou.com\/blog\/#website"},"primaryImageOfPage":{"@id":"https:\/\/www.frederic-poitou.com\/blog\/rouge-bleu-rose-turquoise\/#primaryimage"},"image":{"@id":"https:\/\/www.frederic-poitou.com\/blog\/rouge-bleu-rose-turquoise\/#primaryimage"},"thumbnailUrl":"https:\/\/www.frederic-poitou.com\/blog\/wp-content\/2019\/09\/EP-logo-RGB_EN.png","datePublished":"2023-07-15T02:26:32+00:00","dateModified":"2026-04-25T09:52:33+00:00","author":{"@id":"http:\/\/www.frederic-poitou.com\/blog\/#\/schema\/person\/e2c2d05e978747818533fdce859a7799"},"breadcrumb":{"@id":"https:\/\/www.frederic-poitou.com\/blog\/rouge-bleu-rose-turquoise\/#breadcrumb"},"inLanguage":"fr-FR","potentialAction":[{"@type":"ReadAction","target":["https:\/\/www.frederic-poitou.com\/blog\/rouge-bleu-rose-turquoise\/"]}]},{"@type":"ImageObject","inLanguage":"fr-FR","@id":"https:\/\/www.frederic-poitou.com\/blog\/rouge-bleu-rose-turquoise\/#primaryimage","url":"https:\/\/www.frederic-poitou.com\/blog\/wp-content\/2019\/09\/EP-logo-RGB_EN.png","contentUrl":"https:\/\/www.frederic-poitou.com\/blog\/wp-content\/2019\/09\/EP-logo-RGB_EN.png","width":897,"height":712},{"@type":"BreadcrumbList","@id":"https:\/\/www.frederic-poitou.com\/blog\/rouge-bleu-rose-turquoise\/#breadcrumb","itemListElement":[{"@type":"ListItem","position":1,"name":"Accueil","item":"http:\/\/www.frederic-poitou.com\/blog\/"},{"@type":"ListItem","position":2,"name":"ROUGE, BLEU, ROSE, TURQUOISE"}]},{"@type":"WebSite","@id":"http:\/\/www.frederic-poitou.com\/blog\/#website","url":"http:\/\/www.frederic-poitou.com\/blog\/","name":"","description":"","potentialAction":[{"@type":"SearchAction","target":{"@type":"EntryPoint","urlTemplate":"http:\/\/www.frederic-poitou.com\/blog\/?s={search_term_string}"},"query-input":{"@type":"PropertyValueSpecification","valueRequired":true,"valueName":"search_term_string"}}],"inLanguage":"fr-FR"},{"@type":"Person","@id":"http:\/\/www.frederic-poitou.com\/blog\/#\/schema\/person\/e2c2d05e978747818533fdce859a7799","name":"Fr\u00e9d\u00e9ric Poitou","image":{"@type":"ImageObject","inLanguage":"fr-FR","@id":"http:\/\/www.frederic-poitou.com\/blog\/#\/schema\/person\/image\/","url":"https:\/\/secure.gravatar.com\/avatar\/1933bcca279a2feafd35d9e0a080c521e11beb51115fe4cfe02e2586ac13424a?s=96&d=mm&r=g","contentUrl":"https:\/\/secure.gravatar.com\/avatar\/1933bcca279a2feafd35d9e0a080c521e11beb51115fe4cfe02e2586ac13424a?s=96&d=mm&r=g","caption":"Fr\u00e9d\u00e9ric Poitou"},"description":"Fr\u00e9d\u00e9ric Poitou est n\u00e9 \u00e0 Rouen, et y a fait des \u00e9tudes au Conservatoire en musique-\u00e9tudes en section piano. Il s'est ensuite orient\u00e9 vers des \u00e9tudes scientifiques o\u00f9 il a obtenu un dipl\u00f4me d'ing\u00e9nieur, puis un doctorat en Chimie. Il est Expert Judiciaire en France, en Belgique et \u00e0 Luxembourg, et agr\u00e9e par les Institutions Europ\u00e9ennes.","sameAs":["http:\/\/www.frederic-poitou.com","https:\/\/www.linkedin.com\/in\/frederic-poitou-b045a025\/"]}]}},"_links":{"self":[{"href":"https:\/\/www.frederic-poitou.com\/blog\/wp-json\/wp\/v2\/posts\/9335","targetHints":{"allow":["GET"]}}],"collection":[{"href":"https:\/\/www.frederic-poitou.com\/blog\/wp-json\/wp\/v2\/posts"}],"about":[{"href":"https:\/\/www.frederic-poitou.com\/blog\/wp-json\/wp\/v2\/types\/post"}],"author":[{"embeddable":true,"href":"https:\/\/www.frederic-poitou.com\/blog\/wp-json\/wp\/v2\/users\/4"}],"replies":[{"embeddable":true,"href":"https:\/\/www.frederic-poitou.com\/blog\/wp-json\/wp\/v2\/comments?post=9335"}],"version-history":[{"count":2,"href":"https:\/\/www.frederic-poitou.com\/blog\/wp-json\/wp\/v2\/posts\/9335\/revisions"}],"predecessor-version":[{"id":9341,"href":"https:\/\/www.frederic-poitou.com\/blog\/wp-json\/wp\/v2\/posts\/9335\/revisions\/9341"}],"wp:featuredmedia":[{"embeddable":true,"href":"https:\/\/www.frederic-poitou.com\/blog\/wp-json\/wp\/v2\/media\/9336"}],"wp:attachment":[{"href":"https:\/\/www.frederic-poitou.com\/blog\/wp-json\/wp\/v2\/media?parent=9335"}],"wp:term":[{"taxonomy":"category","embeddable":true,"href":"https:\/\/www.frederic-poitou.com\/blog\/wp-json\/wp\/v2\/categories?post=9335"},{"taxonomy":"post_tag","embeddable":true,"href":"https:\/\/www.frederic-poitou.com\/blog\/wp-json\/wp\/v2\/tags?post=9335"}],"curies":[{"name":"wp","href":"https:\/\/api.w.org\/{rel}","templated":true}]}}