{"id":7920,"date":"2023-07-15T01:24:32","date_gmt":"2023-07-14T23:24:32","guid":{"rendered":"http:\/\/www.frederic-poitou.com\/blog\/?p=7920"},"modified":"2026-04-24T09:00:53","modified_gmt":"2026-04-24T07:00:53","slug":"memo-autisme-asperger-sur-aix-marseille","status":"publish","type":"post","link":"https:\/\/www.frederic-poitou.com\/blog\/memo-autisme-asperger-sur-aix-marseille\/","title":{"rendered":"M\u00c9MO AUTISME ASPERGER SUR AIX-MARSEILLE"},"content":{"rendered":"<p>Ce m\u00e9mo \u00e9volutif mais non exhaustif rassemble les informations que mon mari (Fr\u00e9d\u00e9ric Poitou) et moi-m\u00eame, Natacha,\u00a0 avons pein\u00e9 \u00e0 collecter des ann\u00e9es durant dans notre qu\u00eate de compr\u00e9hension et de solutions pour soutenir mon fils dans sa diff\u00e9rence.<\/p>\n<p>Lorsqu&rsquo;on est parent d&rsquo;un enfant autiste, on est confront\u00e9 \u00e0 de nombreuses difficult\u00e9s, attentes, espoirs, recherche de professionnels comp\u00e9tents qui puissent nous accompagner, nous expliquer ce monde si abscons, cette sph\u00e8re relationnelle si obscure. L&rsquo;importance des interactions sociales entre les enfants autistes et leurs parents, mais aussi entre les parents et la soci\u00e9t\u00e9 qui les entoure a \u00e9t\u00e9 bien \u00e9tudi\u00e9e (<a href=\"https:\/\/psycnet.apa.org\/record\/2008-16008-013\" target=\"_blank\" rel=\"noopener\">Siller et Sigman en 2008<\/a>, <a href=\"https:\/\/pubmed.ncbi.nlm.nih.gov\/24889883\/\" target=\"_blank\" rel=\"noopener\">Pickles and all en 2014<\/a>, et met en \u00e9vidence que des parents bien inform\u00e9s, soutenus, conscients, sont le meilleur atout que l&rsquo;on peut proposer \u00e0 l&rsquo;int\u00e9gration des enfants. Mais les parents sont eux m\u00eames souvent envahis d&rsquo;un stress li\u00e9 \u00e0 l&rsquo;incompr\u00e9hension cr\u00e9e par un mode d&rsquo;interaction parental pour le moins \u00ab\u00a0diff\u00e9rent\u00a0\u00bb, ce qui a \u00e9t\u00e9 bien d\u00e9crit par <a href=\"https:\/\/pubmed.ncbi.nlm.nih.gov\/22790429\/\" target=\"_blank\" rel=\"noopener\">Hayes et Watson en 2013<\/a>.<\/p>\n<p>C&rsquo;est ce qui m&rsquo;est arriv\u00e9 en tant que m\u00e8re d&rsquo;un enfant autiste de type Asperger, diagnostiqu\u00e9 en 2016 en Belgique, et pour l&rsquo;accompagnement duquel je me suis retrouv\u00e9e bien d\u00e9munie arrivant en France, un pays o\u00f9 le mod\u00e8le du syst\u00e8me de sant\u00e9, mais aussi \u00a0&#8211; et surtout &#8211; la compr\u00e9hension de l&rsquo;autisme a d\u00e9pass\u00e9 peut \u00eatre plus vite que d&rsquo;autres pays son pass\u00e9 de culpabilisation du parent, de la m\u00e8re en particulier.<\/p>\n<p>Enfin, et avant de commencer, quelques remerciements aux trois endroits o\u00f9 mon fils a \u00e9t\u00e9 accept\u00e9 pour des activit\u00e9s de vacances en d\u00e9pit de ses \u00ab\u00a0diff\u00e9rences\u00a0\u00bb, et qui l&rsquo;ont consid\u00e9rablement aid\u00e9 \u00e0 s&rsquo;autonomiser.<\/p>\n<ul>\n<li><a href=\"https:\/\/www.esf-sauze.com\" target=\"_blank\" rel=\"noopener\">l&rsquo;\u00e9cole de ski du Sauze<\/a>, et la disponibilit\u00e9 des moniteurs, qui ont su accepter le comportement \u00ab\u00a0inhabituel\u00a0\u00bb d&rsquo;un gamin de taille adulte qui, \u00e0 12 ans, se retrouvait en cours avec des minots de 6 ans !<\/li>\n<li><a href=\"https:\/\/www.aixgolf.com\" target=\"_blank\" rel=\"noopener\">l&rsquo;acad\u00e9mie de golf \u00ab\u00a0Aix Golf\u00a0\u00bb<\/a>, et la patience des deux pros, Nicolas et Alexis qui tous deux ont su d\u00e9passer la premi\u00e8re approche un peu compliqu\u00e9e avec un ado autiste, pour l&rsquo;amener \u00e0 obtenir sa carte verte. Le golf est un sport dont la pratique est particuli\u00e8rement adapt\u00e9e aux profils autistiques car il pr\u00e9sente certaines caract\u00e9ristiques adapt\u00e9es \u00e0 leurs sp\u00e9cificit\u00e9s :\n<ul>\n<li>n\u00e9cessit\u00e9 de mise en \u0153uvre de routines pr\u00e9cises, syst\u00e9matiques et r\u00e9p\u00e9titives<span class=\"Apple-converted-space\">\u00a0<\/span><\/li>\n<li>cible et objectif uniques qui canalisent la concentration<span class=\"Apple-converted-space\">\u00a0<\/span><\/li>\n<li>n\u00e9cessit\u00e9 de reproduction parfaite et r\u00e9guli\u00e8re des gestes<\/li>\n<li>respect des r\u00e8gles (\u00e9tiquette) et de l\u2019adversaire<\/li>\n<\/ul>\n<\/li>\n<li>Les animateurs des mini club, et club ado du camping \u00ab\u00a0<a href=\"https:\/\/www.leserignanplage.com\" target=\"_blank\" rel=\"noopener\">le Serignan Plage<\/a>\u00a0\u00bb (en particulier Mimi, Antoine Deit et Fabienne Muyard-Herrera) qui ont toujours mis en oeuvre patience, bienveillance, et accompagnement pour permettre \u00e0 mon ado de s&rsquo;autonomiser dans un environnement s\u00e9curisant.<\/li>\n<\/ul>\n<p>&nbsp;<\/p>\n<p>Alors, apr\u00e8s un long parcours de recherche, d&rsquo;investigation, et apr\u00e8s avoir finalement r\u00e9uni un ensemble de comp\u00e9tences qui m&rsquo;ont aid\u00e9es \u00e0 structurer le parcours de mon fils, je me suis d\u00e9cid\u00e9e \u00e0 r\u00e9diger ce petit m\u00e9mo de ce qui existe &#8211; en tout cas de ce que j&rsquo;ai d\u00e9couvert !- en r\u00e9gion Provence Alpes C\u00f4te d&rsquo;Azur.<\/p>\n<p>&nbsp;<\/p>\n<p>Les personnes autistes ne sont pas malades, ils sont porteurs d&rsquo;un handicap. Le psychiatre ne peut donc \u00ab\u00a0pas grand chose\u00a0\u00bb pour les aider. Ce dont ils ont besoin sont des structures d\u2019accueil, de prise en charge, d\u2019accompagnement vers la sociabilisation et d\u2019enseignement adapt\u00e9s \u00e0 leurs sp\u00e9cificit\u00e9s.<\/p>\n<p>On sait qu&rsquo;ils sont \u00ab\u00a0g\u00e9niaux\u00a0\u00bb, que leurs capacit\u00e9s d&rsquo;abstraction leur permettent de concevoir des solutions totalement improbables aux probl\u00e8mes que nous rencontrons. Du fait d&rsquo;une structure psycho-cognitive diff\u00e9rente, ils th\u00e9orisent naturellement des r\u00e9ponses diff\u00e9rentes. En gros, \u00e0 algorythme diff\u00e9rent, r\u00e9ponse diff\u00e9rente.<\/p>\n<p>On sait qu&rsquo;ils ont une capacit\u00e9 de travail ph\u00e9nom\u00e9nale et une m\u00e9moire quasi infinie &#8211; tr\u00e8s largement sup\u00e9rieure aux n\u00f4tres &#8211; dans le domaine quasi obsessionnel qu&rsquo;est leur int\u00e9r\u00eat restreint. Alors, plut\u00f4t que les ignorer, voire les rejeter, pourquoi ne pas valoriser leurs capacit\u00e9s ?<\/p>\n<div class=\"text_exposed_show\">\n<p>Les solutions post-bac existent plus ou moins, car certains entrepreneurs ont bien per\u00e7u le potentiel immense de leur diff\u00e9rence cognitive, c&rsquo;est le cas d&rsquo;avencod par exemple (<a href=\"https:\/\/l.facebook.com\/l.php?u=https%3A%2F%2Fwww.avencod.fr%2F%3Ffbclid%3DIwAR3N9QCnQZvoLEZfYiGxY25YlgXHcfBzA4FHYO3vsIfdzaVlA7CWEfS3bCo&amp;h=AT1o1Nm0fyCmVUsDHmSdjv9-uODPOHr6TPtTWA_EyZOYJyE0ogzNNJavKp4wOo2-LfkYkLvAnE3bM33miwyccRvpAFeqv70JaIgdCnasR3pbMeVYsoXwcJCeBQUH3vYeAI3qslHLf8LQP_cxmtIUyHYi8gWRLWyednsLW-ptoM2MY6I0cm8gh0Z3A_c5Jok1mzctayO98Qalu43KjHMBlo3C_mDK0NhDUC_v2-Zhm6qO3PWVVDx40fimfXboKGkk1J4rqNREbsZu_W3IG5BEGReUKuUsDVHVlVg_SaDez5YeC_UpenqA1UcN6giANUB1Kd-AJMruzqsN64VRrGgL4rRx71miXt02umlN8sFPmWTbJa3Kx7lcCVluEANCn6cDsZJpcgfzSIJAq3xmWpVAM3r7f5COBJlAcTWRMdFSY7YAR13ExAXb9SRbrihHnU8Nm2VtJDOWZaLCknT4kA\" target=\"_blank\" rel=\"noopener nofollow noreferrer\" data-ft=\"{&quot;tn&quot;:&quot;-U&quot;}\" data-lynx-mode=\"origin\">https:\/\/www.avencod.fr<\/a>), ou du programme d&rsquo;insertion professionnel du Pr. Da Fonseca (\u00e9quipe du Pr. Ruffo \u00e0 Marseille), et son programme TSA DEFI PRO.\u00a0C&rsquo;est avant le bac que c&rsquo;est difficile.<\/p>\n<\/div>\n<p>Ce petit m\u00e9mo n\u2019a pas vocation \u00e0 \u00eatre exhaustif. Il est juste un r\u00e9sum\u00e9 des diff\u00e9rents intervenants que j&rsquo;ai personnellement rencontr\u00e9s dans le cadre de la probl\u00e9matique \u00e0 laquelle j&rsquo;ai \u00e9t\u00e9 confront\u00e9e pour un de mes proches. Je l&rsquo;ai traduit en n\u00e9erlandais, allemand et anglais, car initialement je le destinais aux Europ\u00e9ens du nord qui viennent s&rsquo;installer en Provence (Aix-en-Provence, Pays d&rsquo;Aix &amp; environs) et qui pensent &#8211; \u00e0 tort &#8211; que la prise en charge des autistes y est tr\u00e8s en retard. C&rsquo;est un raccourci un peu rapide, car la structure scolaire est plut\u00f4t bien organis\u00e9e (il y manque juste des AVS, Auxiliaires de Vie Scolaires, mais une forte campagne de sensibilisation pourrait augmenter le nombre de candidatures), et une passerelle entre le milieu scolaire, et le milieu professionnel. Il manque dans l&rsquo;hexagone une vraie prise de conscience du potentiel consid\u00e9rable que peuvent apporter les autistes \u00e0 nos expertises. En informatique, codage, syst\u00e8me, algorithmes &#8230; bref, en toute science qui n\u00e9cessite une forte capacit\u00e9 d&rsquo;abstraction.<\/p>\n<p>Il n&rsquo;est pas vraiment adapt\u00e9 \u00e0 toutes les formes d&rsquo;autismes, mais plut\u00f4t \u00e0 la forme dite &lsquo;Asperger\u00a0\u00bb, une forme tr\u00e8s particuli\u00e8re car elle se manifeste sans d\u00e9ficience intellectuelle (bien au contraire !), et sans d\u00e9ficience du langage.<\/p>\n<p>La prise en charge de la probl\u00e9matique autistique se fait en France via deux fili\u00e8res (publique et priv\u00e9e) qui, officiellement, ne sont pas li\u00e9es l\u2019une \u00e0 l\u2019autre ; en r\u00e9alit\u00e9, les intervenants du secteur public renvoient souvent vers les lib\u00e9raux en raison de l\u2019encombrement des services. Cette situation est un peu diff\u00e9rente dans d\u2019autres pays d\u2019Europe.<\/p>\n<p>&nbsp;<\/p>\n<h3>ASSOCIATIONS (Aix-en-Provence)<\/h3>\n<p>Je n&rsquo;ai trouv\u00e9 que trois associations qui travaillent sur l&rsquo;autisme \u00e0 Aix-en-Provence<\/p>\n<ul>\n<li><span style=\"color: #333399;\"><strong>ASPIBULLE<\/strong><\/span><\/li>\n<\/ul>\n<p>9 Rue General Maurice Daboval<br \/>\n13090 Aix-en-Provence<br \/>\n<a href=\"mailto:aspibulles13accueil@yahoo.com\">aspibulles13accueil@<em>yahoo.com<\/em><\/a><\/p>\n<ul>\n<li><span style=\"color: #333399;\"><strong>GENERATION AUTISME<\/strong><\/span><\/li>\n<\/ul>\n<p>Rue de Cuques<br \/>\n13100 Aix-en-Provence<\/p>\n<ul>\n<li><span style=\"color: #333399;\"><strong>LIBERTE EGALITE HANDICAP (LEH)<\/strong><\/span><\/li>\n<\/ul>\n<p>8, Bd. Ferdinand de Lesseps<br \/>\n13090 &#8211; Aix-en-Provence<\/p>\n<ul>\n<li><span style=\"color: #333399;\"><strong>REPERTOIRE DES ASSOCIATIONS OEUVRANT DANS LE DOMAINE DE L&rsquo;AUTISME EN REGION SUR <em>(REPERTOIRE DU CREAI)<\/em><\/strong><\/span><\/li>\n<\/ul>\n<p style=\"text-align: center;\">EN CLIQUANT <a href=\"https:\/\/cra-paca.centredoc.fr\/index.php?lvl=cmspage&amp;pageid=4&amp;id_article=70\" target=\"_blank\" rel=\"noopener\"><strong>ICI<\/strong><\/a><\/p>\n<h3><\/h3>\n<h3>COTE PUBLIC :<\/h3>\n<p>Le meilleur point d&rsquo;entr\u00e9e dans l&rsquo;univers de la prise en charge, de l&rsquo;accompagnement et du soutien aux autistes et \u00e0 leurs proches est la structure d&rsquo;assistance sociale du CRA PACA (Centre de Ressource Autisme PACA) qui est dirig\u00e9e \u00a0par la meilleure personne ressource que \u00a0j&rsquo;ai rencontr\u00e9e. Elle connait parfaitement toute la fili\u00e8re, et sait se rendre tr\u00e8s disponible.<\/p>\n<p>&nbsp;<\/p>\n<p><strong>&#8211; Laurence Fraisse (assistante sociale tient une permanence \u00e0 Aix en Provence le mercredi matin)<\/strong><\/p>\n<p>C\u2019est vraiment la bonne personne ressource.<\/p>\n<p>Permanence t\u00e9l\u00e9phonique\u00a0: Jeudi matin<\/p>\n<p><a href=\"mailto:christine.bernette@ap-hm.fr\" target=\"_blank\" rel=\"noopener noreferrer\">Laurence.fraisse@ap-hm.fr<\/a> &#8211; 04 91 74 46 81<\/p>\n<p>&nbsp;<\/p>\n<p>Le <strong>Centre Ressource Autisme PACA<\/strong> est situ\u00e9 \u00e0 Marseille, et peut orienter d&rsquo;un point de vue op\u00e9rationnel<br \/>\nSecr\u00e9tariat : T\u00e9l. : 04 91 74 54 39<\/p>\n<p>Ce centre organise aussi un groupe d&rsquo;habilet\u00e9s sociales.<\/p>\n<p>&nbsp;<\/p>\n<p>&nbsp;<\/p>\n<p><strong>Centre de documentation :<\/strong><\/p>\n<p><a href=\"mailto:centredoc.crapaca@ap-hm.fr\" target=\"_blank\" rel=\"noopener\">centredoc.crapaca@ap-hm.fr<\/a><\/p>\n<p>T\u00e9l : 04 91 74 45 46<\/p>\n<p>acc\u00e8s \u00e0 la base documentaire du <strong><a href=\"https:\/\/cra-paca.centredoc.fr\/index.php?lvl=index\" target=\"_blank\" rel=\"noopener\">CRA<\/a><\/strong> :<\/p>\n<p>&nbsp;<\/p>\n<p>Site du <strong><a href=\"https:\/\/cra-paca.centredoc.fr\" target=\"_blank\" rel=\"noopener\">CRA PACA<\/a><\/strong> :<\/p>\n<p>On peut recevoir le bulletin d&rsquo;information en s&rsquo;abonnant gratuitement avec le lien suivant : \u00a0<a href=\"http:\/\/goo.gl\/forms\/ZkZXnp8XjA\" target=\"_blank\" rel=\"noopener\">http:\/\/goo.gl\/forms\/ZkZXnp8XjA<\/a><\/p>\n<p>&nbsp;<\/p>\n<p>&nbsp;<\/p>\n<p><strong>&#8211; Service de p\u00e9dopsychiatrie des Prs Poinso et Ruffo<\/strong><\/p>\n<p>H\u00f4pital St Marguerite<br \/>\n270, Boulevard Ste Marguerite<br \/>\n13274 Marseille, Bouches-du-Rh\u00f4ne<\/p>\n<p><strong>Pr Poinso :\u00a0<\/strong><em>Psychiatre, Marseille<br \/>\n<\/em>T\u00e9l : 04 91 74 47 61<\/p>\n<p><strong>Dr David Da Fonseca :\u00a0<\/strong><em>Psychiatre, Marseille<br \/>\n<\/em><a href=\"mailto:david.dafonseca@ap-hm.fr\" target=\"_blank\" rel=\"noopener noreferrer\">david.dafonseca@ap-hm.fr<\/a>&#8211; 00 33 4 4 91 74 40 70<\/p>\n<p>&nbsp;<\/p>\n<p><strong>Dr Jean No\u00ebl Trouv\u00e9,<\/strong> <em>psychiatre, neurop\u00e9diatre<\/em><\/p>\n<p>00 33 4 91 38 00 00<\/p>\n<p>&nbsp;<\/p>\n<p><strong>Service de p\u00e9dopsychiatrie de\u00a0l&rsquo;h\u00f4pital Nord<\/strong><\/p>\n<p><strong>Dr Jean No\u00ebl Trouv\u00e9,<\/strong> <em>psychiatre, neurop\u00e9diatre<\/em><\/p>\n<p>00 33 4 91 38 00 00<\/p>\n<p>&nbsp;<\/p>\n<p><strong>Tiffany Esnos.\u00a0<\/strong>Neuropsychologue, Marseille<br \/>\nHopital St Marguerite<br \/>\n270, Boulevard Ste Marguerite<br \/>\n13274 Marseille, Bouches-du-Rh\u00f4ne<br \/>\nt\u00e9l : 00 33 4 91 74 40 70<\/p>\n<p>&nbsp;<\/p>\n<p><strong>Education Nationale<\/strong><\/p>\n<p>Pour les enfants en \u00e2ge d\u2019\u00eatre scolaris\u00e9s, il existe dans chaque acad\u00e9mie un r\u00e9f\u00e9rent \u00ab autisme \u00bb . A Aix-en-Provence, le r\u00e9f\u00e9rent est un homme charmant, humaniste et tr\u00e8s \u00e0 l\u2019\u00e9coute. M\u00eame si il n\u2019est pas votre r\u00e9f\u00e9rent, il saura trouver la personne ressource de votre secteur.<\/p>\n<p>Monsieur Guy Juv\u00e9\u00a0R\u00e9f\u00e9rent de Scolarit\u00e9 &#8211; El\u00e8ves en Situation de Handicap<br \/>\n3 Rue de Cuques<br \/>\n13100 Aix en Provence<br \/>\n<a href=\"mailto:guy.juve@ac-aix-marseille.fr\" target=\"_blank\" rel=\"noopener noreferrer\">guy.juve@ac-aix-marseille.fr<\/a>&#8211; 04 42 54 39 35<\/p>\n<p>&nbsp;<\/p>\n<p>Chaque Acad\u00e9mie poss\u00e8de un certain nombre d\u2019\u00e9tablissement adapt\u00e9 aux diff\u00e9rentes formes d\u2019autisme (, avec deux possibilit\u00e9s de scolarisation, en format ULIS c\u2019est \u00e0 dire avec une certaine forme int\u00e9gration scolaire avec la fili\u00e8re classique selon les types de handicap, ou en fili\u00e8re adapt\u00e9e.<\/p>\n<p>TFC : Troubles Fonctions Cognitives<\/p>\n<p>TED\u00a0: Troubles Envahissants du D\u00e9veloppement<\/p>\n<p>TSLA\u00a0: Troubles Sp\u00e9cifiques du Langage et des Apprentissages<\/p>\n<p>TMS\u00a0: Troubles Multiples Associ\u00e9s<\/p>\n<p>TFM\u00a0: Troubles des Fonctions Motrices,\u00a0 Auditives (TFA) ou Visuelles (TFV)<\/p>\n<p>&nbsp;<\/p>\n<p>Il existe un certain nombre d&rsquo;instituts de prise en charge des autistes en r\u00e9gion PACA. Attention, ils ne sont pas adapt\u00e9s aux autistes de type Asperger, mais \u00e0 ceux qui pr\u00e9sentent de lourdes d\u00e9ficiences comportementales, intellectuelles et de langage.<\/p>\n<p><strong>&#8211; Arles<\/strong><\/p>\n<p><a href=\"http:\/\/www.lesabeilles.eu\/presentation-ime-fontvieille.html\" target=\"_blank\" rel=\"noopener noreferrer\">I.M.E. Les Abeilles<\/a><\/p>\n<p>Mas d\u2019Yvarin, Quartier Fourchon<\/p>\n<p>13200 &#8211; Arles<\/p>\n<p>T\u00e9l : 00 33 4 90 18 82 30<\/p>\n<p>&nbsp;<\/p>\n<p><strong>&#8211; Aix en Provence<\/strong><br \/>\n<a href=\"http:\/\/www.les-parons.org\" target=\"_blank\" rel=\"noopener noreferrer\">Association des Parons<\/a><\/p>\n<p>2270 \u2013 Route d\u2019Eguilles, BP 60549<\/p>\n<p>13092, Aix en Provence cedex 2<\/p>\n<p>T\u00e9l\u00e9phone :\u00a004-42-20-09-81<\/p>\n<p>&nbsp;<\/p>\n<p><strong>&#8211; Marseille <\/strong><\/p>\n<p>L&rsquo;IME Mont Riant<br \/>\n30, Impasse des 4 portails, BP 207<br \/>\n13308 \u2013 Marseille cedex 14 \u2013 04 91 21 51 81 &#8211; <a href=\"mailto:montriant@ari.asso.fr\" target=\"_blank\" rel=\"noopener noreferrer\">montriant@ari.asso.fr<\/a><\/p>\n<p>&nbsp;<\/p>\n<p>La <a href=\"http:\/\/www.mdph13.fr\" target=\"_blank\" rel=\"noopener noreferrer\">MDPH<\/a> est la structure d\u00e9pendant du conseil d\u00e9partemental 13 qui s&rsquo;occupe de la reconnaissance du handicap et de l\u2019instruction de tous les dossiers de prise en charge (m\u00e9dical, psychologique, scolaire, \u00e9dition de la carte d\u2019handicap\u00e9 \u2026<\/p>\n<p>4 Quai d\u2019Arenc, CS 8009<br \/>\n13304 &#8211; Marseille<br \/>\nT\u00e9l : 00 33 8 00 81 48 48 44<\/p>\n<p>Deux contacts privil\u00e9gi\u00e9s\u00a0: <a href=\"mailto:Mour.abdelmounai@mdph13.fr\" target=\"_blank\" rel=\"noopener noreferrer\">Mour.abdelmounai@mdph13.fr<\/a> &#8211; <a href=\"mailto:Gerard.dessin@mdph13.fr\" target=\"_blank\" rel=\"noopener noreferrer\">Gerard.dessin@mdph13.fr<\/a><\/p>\n<p>&nbsp;<\/p>\n<p>D&rsquo;un point de vue m\u00e9dical, il existe aussi de nombreux sp\u00e9cialistes li\u00e9s aux H\u00f4pitaux et \u00e0 l&rsquo;Universit\u00e9.<\/p>\n<p><strong>Carole tardif, <\/strong><strong>professeur\u00a0<\/strong>Psychologie du d\u00e9veloppement normal et pathologique, Aix-Marseille Universit\u00e9, \u00e0 Aix en Provence.<\/p>\n<p><a href=\"mailto:carole.tardif@univ-amu.fr\" target=\"_blank\" rel=\"noopener noreferrer\">carole.tardif@univ-amu.fr\u00a0<span style=\"color: #000000;\">00 33 4 13 55 37 52 Bureau 1.11<\/span><\/a><\/p>\n<p>&nbsp;<\/p>\n<h3 class=\"spip\">C\u00d4T\u00c9 PRIV\u00c9<\/h3>\n<p>L&rsquo;<a href=\"http:\/\/www.i-cog.fr\" target=\"_blank\" rel=\"noopener noreferrer\">I-COG<\/a> \u00e0 Aix en Provence est un centre de Psychologie Neuropsychologie, Psychoth\u00e9rapie cognitive et comportementale<\/p>\n<p>Secr\u00e9tariat\u00a0: 09 52 42 46 89 \u2013 07 82 64 14 17 \u2013 <a href=\"mailto:contact@i-cog.fr\" target=\"_blank\" rel=\"noopener noreferrer\">contact@i-cog.fr<\/a><\/p>\n<p>Contact Aix\u00a0Camille Giovancarli<\/p>\n<p>230, Rue Fr\u00e9d\u00e9ric\u00a0 Joliot<\/p>\n<p>ZA les Milles<\/p>\n<p>13858 \u2013 Aix en Provence C\u00e9dex 3<\/p>\n<p>07 82 61 17 48 \u2013 <a href=\"mailto:camille.giocancarli@i-cog.fr\" target=\"_blank\" rel=\"noopener noreferrer\">camille.giocancarli@i-cog.fr<\/a><\/p>\n<p><strong>\u00a0<\/strong><\/p>\n<p>Association <a href=\"https:\/\/favieasso.wordpress.com\" target=\"_blank\" rel=\"noopener noreferrer\">FAVIE<\/a> (pr\u00e9sid\u00e9e par le <a href=\"mailto:bruno.gepner@univ-amu.fr\" target=\"_blank\" rel=\"noopener noreferrer\">Dr Gepner <\/a>et <a href=\"mailto:carole.tardif@univ-amu.fr\" target=\"_blank\" rel=\"noopener noreferrer\">Carole Tardif)<\/a><\/p>\n<p>126 Cours Gambetta,<br \/>\nR\u00e9sidence l\u2019Oliveraie N\u00b012<br \/>\n13100 Aix en Provence.<\/p>\n<p>Organise entre autre des groupes de musicoth\u00e9rapie pour les autistes adultes musiciens, en collaboration avec le Conservatoire de musique d\u2019Aix en Provence<\/p>\n<p>&nbsp;<\/p>\n<div dir=\"ltr\" data-setdir=\"false\"><strong>Julie Garcia,<\/strong> \u00c9ducatrice Sp\u00e9cialis\u00e9e lib\u00e9rale (Marseille et r\u00e9gion)<\/div>\n<div dir=\"ltr\" data-setdir=\"false\">Accompagnements <span id=\"ydpeb481bc4spans0e0\" class=\"ydpeb481bc4msac\">enfants\/adolescents\/adultes<\/span>\u00a0: Troubles du spectre Autistique et Asperger &#8211; Troubles <span id=\"ydpeb481bc4spans0e1\" class=\"ydpeb481bc4sac\">neurocognitfs<\/span><\/div>\n<div dir=\"ltr\" data-setdir=\"false\"><span id=\"ydpeb481bc4spans0e1\" class=\"ydpeb481bc4sac\">Interventions aux domiciles &amp; divers lieux de vie : \u00c9coles &#8211; Centres de loisirs : Rem\u00e9diation Cognitive &#8211; Habilet\u00e9s sociales ..<br \/>\n<\/span><\/div>\n<div dir=\"ltr\" data-setdir=\"false\"><span id=\"ydpeb481bc4spans0e1\" class=\"ydpeb481bc4sac\">Interventions scolaires et formation des AVS &#8211; Enseignant(e)s<\/span><\/div>\n<div dir=\"ltr\" data-setdir=\"false\"><span id=\"ydpeb481bc4spans0e1\" class=\"ydpeb481bc4sac\"><\/span><span id=\"ydpeb481bc4spans0e1\" class=\"ydpeb481bc4sac\">Soutient parental<\/span><\/div>\n<div dir=\"ltr\" data-setdir=\"false\">T\u00e9l : 00 33 7 76 73 69 37 &#8211; courriel <a href=\"mailto:smile.educ@yahoo.com\" target=\"_blank\" rel=\"noopener noreferrer\">smile.educ@yahoo.com<\/a>, <a href=\"https:\/\/www.facebook.com\/educ.smile\/\" target=\"_blank\" rel=\"noopener noreferrer\">facebook<\/a><\/div>\n<p><strong>\u00a0<\/strong><\/p>\n<p><strong>Autisme PACA : <a href=\"http:\/\/autismepaca.yj.fr\/\">p:\/\/autismepaca.yj.fr\/<\/a>&#8211;<\/strong><\/p>\n<p>Une association particuli\u00e8rement efficace pour l\u2019aide aux familles d\u2019autistes Asperger ou atteints de TED. Permet de gagner beaucoup de temps dans les recherches et le parcours.<\/p>\n<p>Secr\u00e9tariat\u00a0: 07.69.91.33.77- secretaire.autismepaca@gmail.com<\/p>\n<p>Pr\u00e9sident\u00a0: 06 37 80 92 10<\/p>\n<p><em>Organise entre autre des caf\u00e9s asperger<\/em><\/p>\n<p>&nbsp;<\/p>\n<p><strong>Autisme 13 : <a href=\"https:\/\/www.autisme13.fr\/\" target=\"_blank\" rel=\"noopener noreferrer\">https:\/\/www.autisme13.fr\/<\/a><\/strong><\/p>\n<p id=\"yui_3_5_0_1_1414490649330_22126\"><span id=\"yui_3_5_0_1_1414490649330_22172\"><span id=\"yui_3_5_0_1_1414490649330_22125\">Favoriser la prise en charge \u00e9ducative. Chaque personne autiste ou atteinte de Troubles Envahissants du D\u00e9veloppement (TED) a droit \u00e0 une vie digne, ind\u00e9pendante et \u00e9panouie, dans le respect de sa personne et de ses possibilit\u00e9s.<\/span><\/span><\/p>\n<p>Sensibiliser le public et l\u2019informer sur les r\u00e9centes connaissances et recherches en mati\u00e8re d\u2019autisme et apparent\u00e9s (en organisant des conf\u00e9rences, colloques, formations\u2026), \u00e9changer sur les probl\u00e8mes rencontr\u00e9s par les familles.<\/p>\n<p><em>Si\u00e8ge de l\u2019association\u00a0: \u00a0 \u00a0La Bastidonne<\/em><br \/>\n<em>3 all\u00e9e de la Grimpette<\/em><br \/>\n<em>13821 LA PENNE SUR HUVEAUNE<\/em><\/p>\n<p><a>secretariat@autisme13.fr<\/a><\/p>\n<h4><\/h4>\n<h4><strong>Psychiatre<\/strong><\/h4>\n<p><strong>Dr. Bruno Gepner, <\/strong><strong>psychiatre, <\/strong>Aix en Provence (consulte plut\u00f4t en priv\u00e9 qu&rsquo;\u00e0\u00a0l&rsquo;h\u00f4pital)<\/p>\n<p>Centre de jour enfants<br \/>\n109, Av. du petit Barth\u00e9l\u00e9my<br \/>\n13617 \u2013 Aix en Provence<br \/>\n<a href=\"mailto:bruno.gepner@univ-amu.fr\" target=\"_blank\" rel=\"noopener noreferrer\">bruno.gepner@univ-amu.fr<\/a>, 00 33 6 62 47 99 50<\/p>\n<p>&nbsp;<\/p>\n<p><strong>Anissa Ureta-Halgand\u00a0<\/strong>Psychologue sp\u00e9cialis\u00e9e autisme, Aix en Provence<\/p>\n<p>00 33 6 20 18 47 66 &#8211; <a href=\"mailto:cabinetureta@gmail.com\" target=\"_blank\" rel=\"noopener noreferrer\">cabinetureta@gmail.com<\/a><\/p>\n<p>&nbsp;<\/p>\n<p><strong>Thil Lor\u00e8ne,\u00a0<\/strong>orthophoniste, Ventabren<\/p>\n<p>t\u00e9l 00 33 6 21 42 14 34<\/p>\n<p>&nbsp;<\/p>\n<p><strong>S\u00e9bastien Marty \u00a0<\/strong>psychologue sp\u00e9cialis\u00e9 Asperger, Marseille<\/p>\n<p>tel 06.22.13.10.49<\/p>\n<p>&nbsp;<\/p>\n<p><strong>Olga Noirot\u00a0<\/strong>Psychiatre, Aix en Provence<\/p>\n<p>t\u00e9l 04.42.59.01.29<\/p>\n<p>&nbsp;<\/p>\n<p><strong>Nicole Feisthauer\u00a0<\/strong>psychiatre enfant-ado, Aix en Provence<\/p>\n<p>T\u00e9l\u00a0: 00 33 4 88 41 35 53<\/p>\n<p>&nbsp;<\/p>\n<p><strong>St\u00e9phane Quilitchini\u00a0<\/strong>Psychiatre, Marseille<\/p>\n<p>T\u00e9l 00 33 4 91 62 60 18<\/p>\n<p>&nbsp;<\/p>\n<p><strong>Jean-Louis Lebeau <\/strong>Psychiatre, Marseille<\/p>\n<p>T\u00e9l : 00\u00a0<span class=\"LrzXr zdqRlf kno-fv\"><span data-dtype=\"d3ifr\" data-local-attribute=\"d3ph\">33 4 91 77 38 47<\/span><\/span><\/p>\n<p>&nbsp;<\/p>\n<h3 class=\"spip\">C\u00d4T\u00c9 PROFESSIONNEL<\/h3>\n<p>Les start-up sont comme souvent plus pragmatiques que P\u00f4le Emploi ou que les entreprises traditionnelles. Les deux structuress que j&rsquo;ai identifi\u00e9es comme recrutant des autistes, sont la soci\u00e9t\u00e9 <span style=\"color: #008080;\"><a style=\"color: #008080;\" href=\"http:\/\/auticonsult.fr\/\" target=\"_blank\" rel=\"noopener noreferrer\">Auticonsult<\/a><\/span>\u00a0et <a href=\"https:\/\/www.avencod.fr\" target=\"_blank\" rel=\"noopener noreferrer\">Avencod<\/a>. Elles op\u00e8rent en g\u00e9n\u00e9ral dans le domaine de l&rsquo;informatique (et plus pr\u00e9cis\u00e9ment dans le codage) et ne recrutent que des personnes touch\u00e9es par le syndrome d\u2019Asperger. Un hasard \u00e9videmment !<\/p>\n<p>&nbsp;<\/p>\n<h3 class=\"spip\">PARTENAIRES INSTITUTIONNELS<\/h3>\n<ul class=\"spip\">\n<li><strong>Maison D\u00e9partementale des Personnes Handicap\u00e9es (MDPH)<\/strong><br class=\"autobr\" \/><i>Accueil, information, accompagnement, conseil aux personnes handicap\u00e9es et \u00e0 leur famille, aide n\u00e9cessaire \u00e0 la formulation du projet de vie de la personne handicap\u00e9e<\/i><br class=\"autobr\" \/>Tel\u00a0: Standard 0 800 814\u00a0844<br class=\"autobr\" \/>Mail\u00a0: <a class=\"spip_mail\" href=\"mailto:accueil.information.mdph@mdph13.fr\">accueil.information.mdph@mdph13.fr<\/a><br class=\"autobr\" \/><a class=\"spip_url spip_out auto\" href=\"http:\/\/www.mdph13.fr\/\" rel=\"nofollow external\">http:\/\/www.mdph13.fr<\/a><\/li>\n<\/ul>\n<ul class=\"spip\">\n<li><strong>Minist\u00e8re des solidarit\u00e9s et de la sant\u00e9<\/strong><br class=\"autobr\" \/><i>Pr\u00e9pare et met en \u0153uvre la politique du Gouvernement relative \u00e0 la famille, \u00e0 l\u2019enfance, aux personnes \u00e2g\u00e9es et \u00e0 la d\u00e9pendance. Comp\u00e9tence en mati\u00e8re de professions sociales<\/i><br class=\"autobr\" \/>Tel\u00a0: 01 40 56 60 00\u00a0\/ 3977\u00a0: num\u00e9ro national contre la maltraitance des personnes \u00e2g\u00e9es et des adultes handicap\u00e9s<br class=\"autobr\" \/><a class=\"spip_out\" href=\"http:\/\/solidarites-sante.gouv.fr\/affaires-sociales\/personnes-agees\/maltraitance-des-personnes-vulnerables\/article\/le-3977\" rel=\"external\">http:\/\/solidarites-sante.gouv.fr\/affaires-sociales\/personnes-agees\/maltraitance-des-personnes-vulnerables\/article\/le-3977<\/a><\/li>\n<\/ul>\n<ul class=\"spip\">\n<li><strong>Pr\u00e9fecture des Bouches-du-Rh\u00f4ne<\/strong><br class=\"autobr\" \/>Boulevard Paul Peytral<br class=\"autobr\" \/>13006 Marseille<br class=\"autobr\" \/><a class=\"spip_out\" href=\"https:\/\/www.bouches-du-rhone.gouv.fr\/\" rel=\"external\">https:\/\/www.bouches-du-rhone.gouv.fr\/<\/a><\/li>\n<\/ul>\n<ul class=\"spip\">\n<li><strong>DDTM Direction des Territoires et de la Mer<\/strong><br class=\"autobr\" \/><i>Service de l\u2019\u00c9tat dans le d\u00e9partement des Bouches-du-Rh\u00f4ne\u00a0: en charge de l\u2019accessibilit\u00e9 des \u00e9tablissements recevant du public<\/i><br class=\"autobr\" \/>Tel\u00a0: 04 91 28 40 40<br class=\"autobr\" \/>&gt; <a class=\"spip_url spip_out auto\" href=\"https:\/\/www.bouches-du-rhone.gouv.fr\/Services-de-l-Etat\/Les-directions-departementales-DD\/La-direction-departementale-des-territoires-et-de-la-mer-DDTM\" rel=\"nofollow external\">https:\/\/www.bouches-du-rhone.gouv.fr\/Services-de-l-Etat\/Les-directions-departementales-DD\/La-direction-departementale-des-territoires-et-de-la-mer-DDTM<\/a><br class=\"autobr\" \/>&gt; <a class=\"spip_out\" href=\"http:\/\/www.bouches-du-rhone.pref.gouv.fr\/content\/download\/21964\/134150\/file\/Attestation%20conformit%C3%A9%20%20%20janvier%20%202017%20publication.pdf-%3Ehttp:\/\/www.bouches-du-rhone.pref.gouv.fr\/content\/download\/21964\/134150\/file\/Attestation%20conformit%C3%A9%20%20%20janvier%20%202017%20publication.pdf\" rel=\"external\">Liste des ERP (\u00e9tablissements recevant du public) conformes<\/a><br class=\"autobr\" \/>&gt; Tableau des agendas d\u2019accessibilit\u00e9 programm\u00e9e (AD\u2019Ap)\u00a0: <a class=\"spip_out\" href=\"http:\/\/www.bouches-du-rhone.gouv.fr\/content\/download\/17621\/109524\/file\/Ad\" rel=\"external\">http:\/\/www.bouches-du-rhone.gouv.fr\/content\/download\/17621\/109524\/file\/Ad<\/a><\/li>\n<\/ul>\n<ul class=\"spip\">\n<li><strong>Sous-Pr\u00e9fecture<\/strong><br class=\"autobr\" \/>455 Avenue Pierre Brossolette &#8211; 13100 Aix-en-Provence<br class=\"autobr\" \/><i>Repr\u00e9sentation d\u00e9concentr\u00e9e de l\u2019\u00c9tat<\/i><br class=\"autobr\" \/>Tel\u00a0: 04 42 17 56 00<br class=\"autobr\" \/>[<a class=\"spip_url spip_out auto\" href=\"https:\/\/www.bouches-du-rhone.gouv.fr\/Outils\/Les-horaires-et-les-coordonnees-des-services-recevant-le-public\/La-sous-prefecture-d-Aix-en-Provence\" rel=\"nofollow external\">https:\/\/www.bouches-du-rhone.gouv.fr\/Outils\/Les-horaires-et-les-coordonnees-des-services-recevant-le-public\/La-sous-prefecture-d-Aix-en-Provence<\/a>]<\/li>\n<\/ul>\n<ul class=\"spip\">\n<li><strong>M\u00e9tropole Aix-Marseille Provence<\/strong><br class=\"autobr\" \/>Mission Transport dont le transport adapt\u00e9<br class=\"autobr\" \/>Tel\u00a0: 04 91 99 99 00<br class=\"autobr\" \/><a class=\"spip_url spip_out auto\" href=\"http:\/\/www.ampmetropole.fr\/\" rel=\"nofollow external\">http:\/\/www.ampmetropole.fr<\/a><\/li>\n<\/ul>\n<ul class=\"spip\">\n<li><strong>Conseil D\u00e9partemental 13<\/strong><br class=\"autobr\" \/><i>Action sociale en faveur des personnes \u00e2g\u00e9es, des personnes handicap\u00e9es, de l\u2019enfance et de la famille et des personnes en difficult\u00e9, voirie d\u00e9partementale, \u00e9ducation, financement du service d\u00e9partemental d\u2019incendie et de secours (SDIS), aide au d\u00e9veloppement \u00e9conomique, gestion des mus\u00e9es, de la biblioth\u00e8que et des archives d\u00e9partementales (conjointement avec l\u2019Etat), gestion des espaces naturels sensibles, am\u00e9lioration du quotidien des habitants des Bouches-du-Rh\u00f4ne dans d\u2019autres domaines tels que l\u2019\u00e9conomie, l\u2019emploi, la culture, le sport, la jeunesse par la mise en \u0153uvre de dispositifs facultatifs.<\/i><br class=\"autobr\" \/>Tel\u00a0: 04 13 31 13 13 (Standard) <br class=\"autobr\" \/><a class=\"spip_url spip_out auto\" href=\"http:\/\/www.departement13.fr\/\" rel=\"nofollow external\">http:\/\/www.departement13.fr<\/a>\n<ul class=\"spip\">\n<li>Guide au service des personnes en situation de handicap ainsi qu\u2019\u00e0 leurs familles et \u00e0 leurs proches pour les informer sur leurs droits et les orienter en fonction de leurs besoins. <br class=\"autobr\" \/>[<a class=\"spip_url spip_out auto\" href=\"https:\/\/www.departement13.fr\/fileadmin\/user_upload\/Handicaps\/Documents\/Guide_Handicontacts.pdf\" rel=\"nofollow external\">https:\/\/www.departement13.fr\/fileadmin\/user_upload\/Handicaps\/Documents\/Guide_Handicontacts.pdf<\/a>]<br class=\"autobr\" \/><strong>Service d\u00e9partemental pour les personnes handicap\u00e9es (SDPH)<\/strong><br class=\"autobr\" \/>Tel\u00a0: 04 13 31 27 70<br class=\"autobr\" \/><a class=\"spip_url spip_out auto\" href=\"https:\/\/www.departement13.fr\/nos-actions\/personnes-handicapees\/\" rel=\"nofollow external\">https:\/\/www.departement13.fr\/nos-actions\/personnes-handicapees\/<\/a><br class=\"autobr\" \/>Mail\u00a0: <a class=\"spip_mail\" href=\"mailto:sdph@departement13.fr\">sdph@departement13.fr<\/a><br class=\"autobr\" \/><strong>Maison D\u00e9partementale de la Solidarit\u00e9 d\u2019Aix-en-Provence (MDS)<\/strong><br class=\"autobr\" \/><i>Accueil, conseil, orientation notamment sur les dispositifs d\u2019acc\u00e8s aux droits<\/i><br class=\"autobr\" \/>98, avenue de l\u2019Europe<br class=\"autobr\" \/>13100 Aix-en-Provence<br class=\"autobr\" \/>Tel\u00a0: 04 13 31 84 10<br class=\"autobr\" \/>[<a class=\"spip_url spip_out auto\" href=\"https:\/\/www.departement13.fr\/nos-actions\/sante\/les-lieux\/les-maisons-departementales-de-la-solidarite\/\" rel=\"nofollow external\">https:\/\/www.departement13.fr\/nos-actions\/sante\/les-lieux\/les-maisons-departementales-de-la-solidarite\/<\/a>]<\/li>\n<\/ul>\n<\/li>\n<\/ul>\n<ul class=\"spip\">\n<li><strong>Caisse d\u2019allocations familiales (CAF)<\/strong><br class=\"autobr\" \/><i>Accompagnement des familles dans leur vie quotidienne, prise en charge des prestations l\u00e9gales et d\u00e9veloppement d\u2019une action sociale familiale<\/i><br class=\"autobr\" \/>Tel\u00a0: 0\u00a0810 25 13 10<br class=\"autobr\" \/>Tel\u00a0: 04 86 91 11 40 (pour RDV Assistante sociale)<br class=\"autobr\" \/><a class=\"spip_url spip_out auto\" href=\"http:\/\/www.caf.fr\/\" rel=\"nofollow external\">http:\/\/www.caf.fr<\/a><\/li>\n<\/ul>\n<ul class=\"spip\">\n<li><strong>CARSAT Sud-Est<\/strong><br class=\"autobr\" \/><i>Organisme de la s\u00e9curit\u00e9 sociale. Retraite, donn\u00e9es sociales, accidents du travail, maladie professionnelle, risques professionnels, action sociale, aide aux retrait\u00e9s, aide aux personnes &#8230;<\/i><br class=\"autobr\" \/>Tel\u00a0: 3960 &#8211; Assurance retraite \/ 3646 &#8211; Assurance maladie<br class=\"autobr\" \/><a class=\"spip_url spip_out auto\" href=\"http:\/\/www.ameli.fr\/assures\/votre-caisse-bouches-du-rhone\/index_bouches-du-rhone.php\" rel=\"nofollow external\">http:\/\/www.ameli.fr\/assures\/votre-caisse-bouches-du-rhone\/index_bouches-du-rhone.php<\/a><\/li>\n<\/ul>\n<ul class=\"spip\">\n<li><strong>Mairie d\u2019Aix-en-Provence &#8211; Direction Sant\u00e9 Publique et Handicap <\/strong><br class=\"autobr\" \/>Tel\u00a0: 04 88 71 74 75<br class=\"autobr\" \/><a href=\"https:\/\/www.aixenprovence.fr\/Direction-sante-publique-et-handicap\/service%20Handicap%20et%20Promotion%20de%20la%20Sant%C3%A9\">https:\/\/www.aixenprovence.fr\/Direction-sante-publique-et-handicap<\/a><br class=\"autobr\" \/>Mission d\u2019accueil information et orientation des personnes en situation de handicap et de leurs aidants<br class=\"autobr\" \/>Mail\u00a0: <a class=\"spip_mail\" href=\"mailto:handicap@mairie-aixenprovence.fr\">handicap@mairie-aixenprovence.fr<\/a><\/li>\n<\/ul>\n<ul class=\"spip\">\n<li><strong>Centre Communal d\u2019Action Sociale de la Ville d\u2019Aix-en-Provence (CCAS)<\/strong><br class=\"autobr\" \/><i>&gt; Coordination, pr\u00e9vention, d\u00e9veloppement social, analyse des besoins sociauxet mise en place d\u2019actions adapt\u00e9es aux besoins de la population de la commune en partenariat avec\u00a0: le secteur public (\u00c9tat, D\u00e9partement, Commune, \u00c9tablissements Publics (h\u00f4pitaux&#8230;) et le secteur priv\u00e9 <\/i><br class=\"autobr\" \/>Le Ligour\u00e8s, Place Rom\u00e9e de Villeneuve &#8211; 13092 Aix-en-Provence Cedex 2 <br class=\"autobr\" \/>T\u00e9l.\u00a0: 04 42 17 99 99 <br class=\"autobr\" \/>Horaires\u00a0: du lundi au vendredi de 8 h \u00e0 12 h 30 et de 13 h 30 \u00e0 16 h30 <br class=\"autobr\" \/>Contacts\u00a0: <br class=\"autobr\" \/>&gt; 04 42 17 99 99 &#8211; Standard<br class=\"autobr\" \/><a href=\"https:\/\/www.aixenprovence.fr\/CCAS\">https:\/\/www.aixenprovence.fr\/CCAS<\/a>\n<ul class=\"spip\">\n<li><a href=\"https:\/\/www.aixenprovence.fr\/Aides-aux-personnes-agees-services-des-aides-a-la-personne-a-domicile\">Service des Aides \u00e0 la Personne<\/a><\/li>\n<\/ul>\n<\/li>\n<\/ul>\n<p>&nbsp;<\/p>\n<ul class=\"spip\">\n<li><strong>Maison de la Justice et du Droit d\u2019Aix-en-Provence <\/strong><br class=\"autobr\" \/>Lieu d\u2019\u00e9coute, d\u2019information et de m\u00e9diation, la MDJ a pour vocation d\u2019apporter des conseils personnalis\u00e9s juridiques \u00e0 tous.<br class=\"autobr\" \/>Chemin Bruno Durand (proche du groupe scolaire Joseph d\u2019Arbaud Aix-en-Provence)<br class=\"autobr\" \/>Tel\u00a0: 04 42 20 90 32<br class=\"autobr\" \/><a class=\"spip_url auto\" href=\"https:\/\/www.aixenprovence.fr\/La-maison-de-la-Justice-et-du-Droit\" rel=\"nofollow\">https:\/\/www.aixenprovence.fr\/La-maison-de-la-Justice-et-du-Droit<\/a><\/li>\n<\/ul>\n<p>&nbsp;<\/p>\n<ul class=\"spip\">\n<li><strong>Caisse nationale de solidarit\u00e9 pour l\u2019autonomie<\/strong><br class=\"autobr\" \/><a href=\"https:\/\/www.aixenprovence.fr\/%20\/www.cnsa.fr\/documentation-et-donnees-espace-presse\/2017%20\/des-fiches-en-facile-a%C2%ADlire-et-a-comprendre-pour-vous-aider-a-vous-informer-sur-les-droits-et-les-aides\">CNSA Fiches faciles \u00e0 comprendre<\/a><\/li>\n<\/ul>\n<h3><\/h3>\n<h3>C\u00f4t\u00e9 m\u00e9dias<\/h3>\n<p>Un sujet sur le syndrome d&rsquo;Asperger sur LCM en 2015<\/p>\n<div class=\"entry-content-asset videofit\"><iframe loading=\"lazy\" title=\"C La Sant\u00e9 : Syndrome d&#039;Asperger, le diagnostic\" width=\"500\" height=\"281\" src=\"https:\/\/www.youtube.com\/embed\/JdZLofWxQtQ?feature=oembed\" frameborder=\"0\" allow=\"accelerometer; autoplay; clipboard-write; encrypted-media; gyroscope; picture-in-picture; web-share\" referrerpolicy=\"strict-origin-when-cross-origin\" allowfullscreen><\/iframe><\/div>\n<p>&nbsp;<\/p>\n<p>Un article paru dans la Provence \u00e0 ce sujet en 2015.<\/p>\n<h3>COTE LECTURES<\/h3>\n<p>Tony Attwood, Le syndrome d&rsquo;Asperger et l&rsquo;autisme de haut niveau. Approche comportementaliste, Dunod, seconde \u00e9dition, 2014, Paris (version fran\u00e7aise de l&rsquo;ouvrage) : <a href=\"https:\/\/tonyattwood.com.au\" target=\"_blank\" rel=\"noopener\">https:\/\/tonyattwood.com.au <\/a>(site web en anglais).<\/p>\n<p>Catherine Faherty, Asperger : qu&rsquo;est-ce que c&rsquo;est pour moi? &#8211; strat\u00e9gies d&rsquo;\u00e9ducation structur\u00e9e pour l&rsquo;\u00e9cole &amp; la maison propos\u00e9es par l&rsquo;auteur. AFD, seconde \u00e9dition, 2007.<\/p>\n<p>Josiane Caron Santha (ergoth\u00e9rapeute) et Marie-H\u00e9l\u00e8ne Prud&rsquo;homme (psychologue), Etre autiste et ado &#8211; strat\u00e9gies pour mieux composer avec les d\u00e9fis et les r\u00e9alit\u00e9s de la vie quotidienne, Midi Trente Edition, 2007.<\/p>\n<p>L&rsquo;Association \u00ab\u00a0un pas vers la vie\u00a0\u00bb, Autisme, ce sont les familles qui en parlent le mieux, Edition Librio Id\u00e9es, Paris, 2016.<\/p>\n<p>&nbsp;<\/p>\n<h3>CONCLUSION<\/h3>\n<p>Juste un grand merci \u00e0 Elsa qui, alors que je l&rsquo;aidais \u00e0 pr\u00e9parer un expos\u00e9 sur l&rsquo;autisme de son fr\u00e8re qui la tourmente a r\u00e9pondu \u00e0 ma question :<\/p>\n<p style=\"padding-left: 80px;\">&#8211; <em>Que veux-tu exprimer dans cet expos\u00e9 ?\u00a0\u00bb<\/em><\/p>\n<p style=\"padding-left: 80px;\"><em>&#8211; Je voudrai dire \u00e0 mes copains de classe que l&rsquo;autisme est un handicap, mais que si on l&rsquo;utilise bien, il peut \u00eatre une qualit\u00e9\u00a0\u00bb<\/em><\/p>\n<p>Bravo ma fille ! Sans toi je n&rsquo;aurais pas eu l&rsquo;id\u00e9e de faire part de notre humble exp\u00e9rience. \ud83d\ude09<\/p>\n","protected":false},"excerpt":{"rendered":"<p>Ce m\u00e9mo \u00e9volutif mais non exhaustif rassemble les informations que mon mari (Fr\u00e9d\u00e9ric Poitou) et moi-m\u00eame, Natacha,\u00a0 avons pein\u00e9 \u00e0 collecter des ann\u00e9es durant dans notre qu\u00eate de compr\u00e9hension et de solutions pour soutenir mon fils dans sa diff\u00e9rence. Lorsqu&rsquo;on &hellip; <a href=\"https:\/\/www.frederic-poitou.com\/blog\/memo-autisme-asperger-sur-aix-marseille\/\">Lire la suite\u00ad\u00ad<\/a><\/p>\n","protected":false},"author":4,"featured_media":9653,"comment_status":"closed","ping_status":"open","sticky":false,"template":"","format":"standard","meta":{"kt_blocks_editor_width":"","_exactmetrics_skip_tracking":false,"_exactmetrics_sitenote_active":false,"_exactmetrics_sitenote_note":"","_exactmetrics_sitenote_category":0,"footnotes":""},"categories":[48,1,54],"tags":[59],"class_list":["post-7920","post","type-post","status-publish","format-standard","has-post-thumbnail","hentry","category-accueil","category-politique-economie","category-societe","tag-cra"],"yoast_head":"<!-- This site is optimized with the Yoast SEO plugin v27.1.1 - https:\/\/yoast.com\/product\/yoast-seo-wordpress\/ -->\n<title>M\u00c9MO AUTISME ASPERGER SUR AIX-MARSEILLE -<\/title>\n<meta name=\"robots\" content=\"index, follow, max-snippet:-1, max-image-preview:large, max-video-preview:-1\" \/>\n<link rel=\"canonical\" href=\"http:\/\/www.frederic-poitou.com\/blog\/memo-autisme-asperger-sur-aix-marseille\/\" \/>\n<meta property=\"og:locale\" content=\"fr_FR\" \/>\n<meta property=\"og:type\" content=\"article\" \/>\n<meta property=\"og:title\" content=\"M\u00c9MO AUTISME ASPERGER SUR AIX-MARSEILLE -\" \/>\n<meta property=\"og:description\" content=\"Ce m\u00e9mo \u00e9volutif mais non exhaustif rassemble les informations que mon mari (Fr\u00e9d\u00e9ric Poitou) et moi-m\u00eame, Natacha,\u00a0 avons pein\u00e9 \u00e0 collecter des ann\u00e9es durant dans notre qu\u00eate de compr\u00e9hension et de solutions pour soutenir mon fils dans sa diff\u00e9rence. Lorsqu&rsquo;on &hellip; Lire la suite\u00ad\u00ad\" \/>\n<meta property=\"og:url\" content=\"http:\/\/www.frederic-poitou.com\/blog\/memo-autisme-asperger-sur-aix-marseille\/\" \/>\n<meta property=\"article:publisher\" content=\"https:\/\/www.facebook.com\/frederic.poitou\/\" \/>\n<meta property=\"article:published_time\" content=\"2023-07-14T23:24:32+00:00\" \/>\n<meta property=\"article:modified_time\" content=\"2026-04-24T07:00:53+00:00\" \/>\n<meta property=\"og:image\" content=\"http:\/\/www.frederic-poitou.com\/blog\/wp-content\/2019\/10\/panchinaBN.jpg\" \/>\n\t<meta property=\"og:image:width\" content=\"200\" \/>\n\t<meta property=\"og:image:height\" content=\"271\" \/>\n\t<meta property=\"og:image:type\" content=\"image\/jpeg\" \/>\n<meta name=\"author\" content=\"Fr\u00e9d\u00e9ric Poitou\" \/>\n<meta name=\"twitter:card\" content=\"summary_large_image\" \/>\n<meta name=\"twitter:creator\" content=\"@fredericpoitou\" \/>\n<meta name=\"twitter:site\" content=\"@fredericpoitou\" \/>\n<meta name=\"twitter:label1\" content=\"\u00c9crit par\" \/>\n\t<meta name=\"twitter:data1\" content=\"Fr\u00e9d\u00e9ric Poitou\" \/>\n\t<meta name=\"twitter:label2\" content=\"Dur\u00e9e de lecture estim\u00e9e\" \/>\n\t<meta name=\"twitter:data2\" content=\"15 minutes\" \/>\n<script type=\"application\/ld+json\" class=\"yoast-schema-graph\">{\"@context\":\"https:\/\/schema.org\",\"@graph\":[{\"@type\":\"Article\",\"@id\":\"http:\/\/www.frederic-poitou.com\/blog\/memo-autisme-asperger-sur-aix-marseille\/#article\",\"isPartOf\":{\"@id\":\"http:\/\/www.frederic-poitou.com\/blog\/memo-autisme-asperger-sur-aix-marseille\/\"},\"author\":{\"name\":\"Fr\u00e9d\u00e9ric Poitou\",\"@id\":\"http:\/\/www.frederic-poitou.com\/blog\/#\/schema\/person\/e2c2d05e978747818533fdce859a7799\"},\"headline\":\"M\u00c9MO AUTISME ASPERGER SUR AIX-MARSEILLE\",\"datePublished\":\"2023-07-14T23:24:32+00:00\",\"dateModified\":\"2026-04-24T07:00:53+00:00\",\"mainEntityOfPage\":{\"@id\":\"http:\/\/www.frederic-poitou.com\/blog\/memo-autisme-asperger-sur-aix-marseille\/\"},\"wordCount\":3237,\"image\":{\"@id\":\"http:\/\/www.frederic-poitou.com\/blog\/memo-autisme-asperger-sur-aix-marseille\/#primaryimage\"},\"thumbnailUrl\":\"https:\/\/www.frederic-poitou.com\/blog\/wp-content\/2019\/10\/panchinaBN.jpg\",\"keywords\":[\"CRA\"],\"articleSection\":[\"Accueil\",\"Divers\",\"Soci\u00e9t\u00e9\"],\"inLanguage\":\"fr-FR\"},{\"@type\":\"WebPage\",\"@id\":\"http:\/\/www.frederic-poitou.com\/blog\/memo-autisme-asperger-sur-aix-marseille\/\",\"url\":\"http:\/\/www.frederic-poitou.com\/blog\/memo-autisme-asperger-sur-aix-marseille\/\",\"name\":\"M\u00c9MO AUTISME ASPERGER SUR AIX-MARSEILLE -\",\"isPartOf\":{\"@id\":\"http:\/\/www.frederic-poitou.com\/blog\/#website\"},\"primaryImageOfPage\":{\"@id\":\"http:\/\/www.frederic-poitou.com\/blog\/memo-autisme-asperger-sur-aix-marseille\/#primaryimage\"},\"image\":{\"@id\":\"http:\/\/www.frederic-poitou.com\/blog\/memo-autisme-asperger-sur-aix-marseille\/#primaryimage\"},\"thumbnailUrl\":\"https:\/\/www.frederic-poitou.com\/blog\/wp-content\/2019\/10\/panchinaBN.jpg\",\"datePublished\":\"2023-07-14T23:24:32+00:00\",\"dateModified\":\"2026-04-24T07:00:53+00:00\",\"author\":{\"@id\":\"http:\/\/www.frederic-poitou.com\/blog\/#\/schema\/person\/e2c2d05e978747818533fdce859a7799\"},\"breadcrumb\":{\"@id\":\"http:\/\/www.frederic-poitou.com\/blog\/memo-autisme-asperger-sur-aix-marseille\/#breadcrumb\"},\"inLanguage\":\"fr-FR\",\"potentialAction\":[{\"@type\":\"ReadAction\",\"target\":[\"http:\/\/www.frederic-poitou.com\/blog\/memo-autisme-asperger-sur-aix-marseille\/\"]}]},{\"@type\":\"ImageObject\",\"inLanguage\":\"fr-FR\",\"@id\":\"http:\/\/www.frederic-poitou.com\/blog\/memo-autisme-asperger-sur-aix-marseille\/#primaryimage\",\"url\":\"https:\/\/www.frederic-poitou.com\/blog\/wp-content\/2019\/10\/panchinaBN.jpg\",\"contentUrl\":\"https:\/\/www.frederic-poitou.com\/blog\/wp-content\/2019\/10\/panchinaBN.jpg\",\"width\":200,\"height\":271},{\"@type\":\"BreadcrumbList\",\"@id\":\"http:\/\/www.frederic-poitou.com\/blog\/memo-autisme-asperger-sur-aix-marseille\/#breadcrumb\",\"itemListElement\":[{\"@type\":\"ListItem\",\"position\":1,\"name\":\"Accueil\",\"item\":\"http:\/\/www.frederic-poitou.com\/blog\/\"},{\"@type\":\"ListItem\",\"position\":2,\"name\":\"M\u00c9MO AUTISME ASPERGER SUR AIX-MARSEILLE\"}]},{\"@type\":\"WebSite\",\"@id\":\"http:\/\/www.frederic-poitou.com\/blog\/#website\",\"url\":\"http:\/\/www.frederic-poitou.com\/blog\/\",\"name\":\"\",\"description\":\"\",\"potentialAction\":[{\"@type\":\"SearchAction\",\"target\":{\"@type\":\"EntryPoint\",\"urlTemplate\":\"http:\/\/www.frederic-poitou.com\/blog\/?s={search_term_string}\"},\"query-input\":{\"@type\":\"PropertyValueSpecification\",\"valueRequired\":true,\"valueName\":\"search_term_string\"}}],\"inLanguage\":\"fr-FR\"},{\"@type\":\"Person\",\"@id\":\"http:\/\/www.frederic-poitou.com\/blog\/#\/schema\/person\/e2c2d05e978747818533fdce859a7799\",\"name\":\"Fr\u00e9d\u00e9ric Poitou\",\"image\":{\"@type\":\"ImageObject\",\"inLanguage\":\"fr-FR\",\"@id\":\"http:\/\/www.frederic-poitou.com\/blog\/#\/schema\/person\/image\/\",\"url\":\"https:\/\/secure.gravatar.com\/avatar\/1933bcca279a2feafd35d9e0a080c521e11beb51115fe4cfe02e2586ac13424a?s=96&d=mm&r=g\",\"contentUrl\":\"https:\/\/secure.gravatar.com\/avatar\/1933bcca279a2feafd35d9e0a080c521e11beb51115fe4cfe02e2586ac13424a?s=96&d=mm&r=g\",\"caption\":\"Fr\u00e9d\u00e9ric Poitou\"},\"description\":\"Fr\u00e9d\u00e9ric Poitou est n\u00e9 \u00e0 Rouen, et y a fait des \u00e9tudes au Conservatoire en musique-\u00e9tudes en section piano. Il s'est ensuite orient\u00e9 vers des \u00e9tudes scientifiques o\u00f9 il a obtenu un dipl\u00f4me d'ing\u00e9nieur, puis un doctorat en Chimie. Il est Expert Judiciaire en France, en Belgique et \u00e0 Luxembourg, et agr\u00e9e par les Institutions Europ\u00e9ennes.\",\"sameAs\":[\"http:\/\/www.frederic-poitou.com\",\"https:\/\/www.linkedin.com\/in\/frederic-poitou-b045a025\/\"]}]}<\/script>\n<!-- \/ Yoast SEO plugin. -->","yoast_head_json":{"title":"M\u00c9MO AUTISME ASPERGER SUR AIX-MARSEILLE -","robots":{"index":"index","follow":"follow","max-snippet":"max-snippet:-1","max-image-preview":"max-image-preview:large","max-video-preview":"max-video-preview:-1"},"canonical":"http:\/\/www.frederic-poitou.com\/blog\/memo-autisme-asperger-sur-aix-marseille\/","og_locale":"fr_FR","og_type":"article","og_title":"M\u00c9MO AUTISME ASPERGER SUR AIX-MARSEILLE -","og_description":"Ce m\u00e9mo \u00e9volutif mais non exhaustif rassemble les informations que mon mari (Fr\u00e9d\u00e9ric Poitou) et moi-m\u00eame, Natacha,\u00a0 avons pein\u00e9 \u00e0 collecter des ann\u00e9es durant dans notre qu\u00eate de compr\u00e9hension et de solutions pour soutenir mon fils dans sa diff\u00e9rence. Lorsqu&rsquo;on &hellip; Lire la suite\u00ad\u00ad","og_url":"http:\/\/www.frederic-poitou.com\/blog\/memo-autisme-asperger-sur-aix-marseille\/","article_publisher":"https:\/\/www.facebook.com\/frederic.poitou\/","article_published_time":"2023-07-14T23:24:32+00:00","article_modified_time":"2026-04-24T07:00:53+00:00","og_image":[{"width":200,"height":271,"url":"http:\/\/www.frederic-poitou.com\/blog\/wp-content\/2019\/10\/panchinaBN.jpg","type":"image\/jpeg"}],"author":"Fr\u00e9d\u00e9ric Poitou","twitter_card":"summary_large_image","twitter_creator":"@fredericpoitou","twitter_site":"@fredericpoitou","twitter_misc":{"\u00c9crit par":"Fr\u00e9d\u00e9ric Poitou","Dur\u00e9e de lecture estim\u00e9e":"15 minutes"},"schema":{"@context":"https:\/\/schema.org","@graph":[{"@type":"Article","@id":"http:\/\/www.frederic-poitou.com\/blog\/memo-autisme-asperger-sur-aix-marseille\/#article","isPartOf":{"@id":"http:\/\/www.frederic-poitou.com\/blog\/memo-autisme-asperger-sur-aix-marseille\/"},"author":{"name":"Fr\u00e9d\u00e9ric Poitou","@id":"http:\/\/www.frederic-poitou.com\/blog\/#\/schema\/person\/e2c2d05e978747818533fdce859a7799"},"headline":"M\u00c9MO AUTISME ASPERGER SUR AIX-MARSEILLE","datePublished":"2023-07-14T23:24:32+00:00","dateModified":"2026-04-24T07:00:53+00:00","mainEntityOfPage":{"@id":"http:\/\/www.frederic-poitou.com\/blog\/memo-autisme-asperger-sur-aix-marseille\/"},"wordCount":3237,"image":{"@id":"http:\/\/www.frederic-poitou.com\/blog\/memo-autisme-asperger-sur-aix-marseille\/#primaryimage"},"thumbnailUrl":"https:\/\/www.frederic-poitou.com\/blog\/wp-content\/2019\/10\/panchinaBN.jpg","keywords":["CRA"],"articleSection":["Accueil","Divers","Soci\u00e9t\u00e9"],"inLanguage":"fr-FR"},{"@type":"WebPage","@id":"http:\/\/www.frederic-poitou.com\/blog\/memo-autisme-asperger-sur-aix-marseille\/","url":"http:\/\/www.frederic-poitou.com\/blog\/memo-autisme-asperger-sur-aix-marseille\/","name":"M\u00c9MO AUTISME ASPERGER SUR AIX-MARSEILLE -","isPartOf":{"@id":"http:\/\/www.frederic-poitou.com\/blog\/#website"},"primaryImageOfPage":{"@id":"http:\/\/www.frederic-poitou.com\/blog\/memo-autisme-asperger-sur-aix-marseille\/#primaryimage"},"image":{"@id":"http:\/\/www.frederic-poitou.com\/blog\/memo-autisme-asperger-sur-aix-marseille\/#primaryimage"},"thumbnailUrl":"https:\/\/www.frederic-poitou.com\/blog\/wp-content\/2019\/10\/panchinaBN.jpg","datePublished":"2023-07-14T23:24:32+00:00","dateModified":"2026-04-24T07:00:53+00:00","author":{"@id":"http:\/\/www.frederic-poitou.com\/blog\/#\/schema\/person\/e2c2d05e978747818533fdce859a7799"},"breadcrumb":{"@id":"http:\/\/www.frederic-poitou.com\/blog\/memo-autisme-asperger-sur-aix-marseille\/#breadcrumb"},"inLanguage":"fr-FR","potentialAction":[{"@type":"ReadAction","target":["http:\/\/www.frederic-poitou.com\/blog\/memo-autisme-asperger-sur-aix-marseille\/"]}]},{"@type":"ImageObject","inLanguage":"fr-FR","@id":"http:\/\/www.frederic-poitou.com\/blog\/memo-autisme-asperger-sur-aix-marseille\/#primaryimage","url":"https:\/\/www.frederic-poitou.com\/blog\/wp-content\/2019\/10\/panchinaBN.jpg","contentUrl":"https:\/\/www.frederic-poitou.com\/blog\/wp-content\/2019\/10\/panchinaBN.jpg","width":200,"height":271},{"@type":"BreadcrumbList","@id":"http:\/\/www.frederic-poitou.com\/blog\/memo-autisme-asperger-sur-aix-marseille\/#breadcrumb","itemListElement":[{"@type":"ListItem","position":1,"name":"Accueil","item":"http:\/\/www.frederic-poitou.com\/blog\/"},{"@type":"ListItem","position":2,"name":"M\u00c9MO AUTISME ASPERGER SUR AIX-MARSEILLE"}]},{"@type":"WebSite","@id":"http:\/\/www.frederic-poitou.com\/blog\/#website","url":"http:\/\/www.frederic-poitou.com\/blog\/","name":"","description":"","potentialAction":[{"@type":"SearchAction","target":{"@type":"EntryPoint","urlTemplate":"http:\/\/www.frederic-poitou.com\/blog\/?s={search_term_string}"},"query-input":{"@type":"PropertyValueSpecification","valueRequired":true,"valueName":"search_term_string"}}],"inLanguage":"fr-FR"},{"@type":"Person","@id":"http:\/\/www.frederic-poitou.com\/blog\/#\/schema\/person\/e2c2d05e978747818533fdce859a7799","name":"Fr\u00e9d\u00e9ric Poitou","image":{"@type":"ImageObject","inLanguage":"fr-FR","@id":"http:\/\/www.frederic-poitou.com\/blog\/#\/schema\/person\/image\/","url":"https:\/\/secure.gravatar.com\/avatar\/1933bcca279a2feafd35d9e0a080c521e11beb51115fe4cfe02e2586ac13424a?s=96&d=mm&r=g","contentUrl":"https:\/\/secure.gravatar.com\/avatar\/1933bcca279a2feafd35d9e0a080c521e11beb51115fe4cfe02e2586ac13424a?s=96&d=mm&r=g","caption":"Fr\u00e9d\u00e9ric Poitou"},"description":"Fr\u00e9d\u00e9ric Poitou est n\u00e9 \u00e0 Rouen, et y a fait des \u00e9tudes au Conservatoire en musique-\u00e9tudes en section piano. Il s'est ensuite orient\u00e9 vers des \u00e9tudes scientifiques o\u00f9 il a obtenu un dipl\u00f4me d'ing\u00e9nieur, puis un doctorat en Chimie. Il est Expert Judiciaire en France, en Belgique et \u00e0 Luxembourg, et agr\u00e9e par les Institutions Europ\u00e9ennes.","sameAs":["http:\/\/www.frederic-poitou.com","https:\/\/www.linkedin.com\/in\/frederic-poitou-b045a025\/"]}]}},"_links":{"self":[{"href":"https:\/\/www.frederic-poitou.com\/blog\/wp-json\/wp\/v2\/posts\/7920","targetHints":{"allow":["GET"]}}],"collection":[{"href":"https:\/\/www.frederic-poitou.com\/blog\/wp-json\/wp\/v2\/posts"}],"about":[{"href":"https:\/\/www.frederic-poitou.com\/blog\/wp-json\/wp\/v2\/types\/post"}],"author":[{"embeddable":true,"href":"https:\/\/www.frederic-poitou.com\/blog\/wp-json\/wp\/v2\/users\/4"}],"replies":[{"embeddable":true,"href":"https:\/\/www.frederic-poitou.com\/blog\/wp-json\/wp\/v2\/comments?post=7920"}],"version-history":[{"count":15,"href":"https:\/\/www.frederic-poitou.com\/blog\/wp-json\/wp\/v2\/posts\/7920\/revisions"}],"predecessor-version":[{"id":9388,"href":"https:\/\/www.frederic-poitou.com\/blog\/wp-json\/wp\/v2\/posts\/7920\/revisions\/9388"}],"wp:featuredmedia":[{"embeddable":true,"href":"https:\/\/www.frederic-poitou.com\/blog\/wp-json\/wp\/v2\/media\/9653"}],"wp:attachment":[{"href":"https:\/\/www.frederic-poitou.com\/blog\/wp-json\/wp\/v2\/media?parent=7920"}],"wp:term":[{"taxonomy":"category","embeddable":true,"href":"https:\/\/www.frederic-poitou.com\/blog\/wp-json\/wp\/v2\/categories?post=7920"},{"taxonomy":"post_tag","embeddable":true,"href":"https:\/\/www.frederic-poitou.com\/blog\/wp-json\/wp\/v2\/tags?post=7920"}],"curies":[{"name":"wp","href":"https:\/\/api.w.org\/{rel}","templated":true}]}}