{"id":7811,"date":"2023-07-14T20:27:32","date_gmt":"2023-07-14T18:27:32","guid":{"rendered":"http:\/\/www.frederic-poitou.com\/blog\/?p=7811"},"modified":"2026-04-22T20:22:43","modified_gmt":"2026-04-22T18:22:43","slug":"lelegance-cest-lart-de-ne-pas-se-faire-remarquer","status":"publish","type":"post","link":"https:\/\/www.frederic-poitou.com\/blog\/lelegance-cest-lart-de-ne-pas-se-faire-remarquer\/","title":{"rendered":"L&rsquo;ELEGANCE, OU L&rsquo;ART DE NE PAS SE FAIRE REMARQUER."},"content":{"rendered":"<p>Enfin une phrase sur la mode qui distingue l&rsquo;\u00e9l\u00e9gance du fashion, en gros ce qui dure de ce qui change, la classe du clinquant, l&rsquo;intemporel du passager.<\/p>\n<p>\u00ab\u00a0<em>Aujourd\u2019hui tout est fauss\u00e9: la perp\u00e9tuelle course \u00e0 la tendance et la d\u00e9ferlante des collections me d\u00e9priment. J\u2019aime la mode qui dure, celle qui s\u2019inscrit dans le temps. Les v\u00eatements qui, finalement, ne sont pas \u00e0 la mode\u2026<\/em> \u00a0\u00bb\u00a0Elle est sign\u00e9e de Virginie Viard, successeur de Karl Lagerfeld,<\/p>\n<p>&nbsp;<\/p>\n<p>Elle compl\u00e8te finalement assez bien celle de mon grand-p\u00e8re que les adolescentes qui portent de mani\u00e8re ostentatoires leurs abominables lunettes Guess devraient m\u00e9diter : <em>\u00ab\u00a0l&rsquo;\u00e9l\u00e9gance, c&rsquo;est l&rsquo;art de ne pas se faire remarquer\u00a0\u00bb<\/em><\/p>\n<p>Ou bien celles de G\u00e9raldine Chanel<em>\u00a0\u00ab\u00a0Si une femme est mal habill\u00e9e, on remarque sa robe, mais si elle est impeccablement v\u00eatue, c\u2019est elle que l\u2019on remarque.\u00a0\u00bb<\/em>, et <em>\u201cLa simplicit\u00e9 est la cl\u00e9 de toute v\u00e9ritable \u00e9l\u00e9gance\u00a0\u00bb<\/em><\/p>\n<p>Celle de Karl Lagerfeld <em>\u201cL\u2019\u00e9l\u00e9gance n\u2019est ni une question de porte-manteaux, ni une question de porte-monnaie.\u00a0\u00bb<\/em>, qui reprenait un peu celle de Sacha Guitry <em>\u00ab\u00a0Le luxe est une affaire d&rsquo;argent. L&rsquo;\u00e9l\u00e9gance est une question d&rsquo;\u00e9ducation.\u201d<\/em><\/p>\n<p>Jean Cocteau avait propos\u00e9 la sienne : \u00ab\u00a0La vulgarit\u00e9 d\u00e9teste l&rsquo;\u00e9l\u00e9gance, comme l&rsquo;\u00e9l\u00e9gance d\u00e9teste la vulgarit\u00e9\u00a0\u00bb, et Saint-Ex la plus pertinente de toutes : \u00ab\u00a0<em>La perfection est atteinte non pas lorsqu&rsquo;il n&rsquo;y a plus rien \u00e0 ajouter, mais plus rien \u00e0 retirer<\/em>\u00ab\u00a0. Elle n&rsquo;\u00e9tait pas n\u00e9cessairement destin\u00e9e \u00e0 l&rsquo;\u00e9l\u00e9gance, mais elle s&rsquo;y adapte bien.<\/p>\n<p>A ce jour, on a pas encore fait plus \u00e9l\u00e9gant que le sautoir sur une petite robe noire, photographi\u00e9 par <a href=\"http:\/\/www.frederic-poitou.com\/blog\/harcourt-la-classe\/\" target=\"_blank\" rel=\"noopener noreferrer\">Harcourt<\/a> \u00e9videmment, n&rsquo;en d\u00e9plaise aux amateurs de strass, de lunettes excessivement larges et sans teint, ou de montres diam\u00e8tre 44mm !<\/p>\n","protected":false},"excerpt":{"rendered":"<p>Enfin une phrase sur la mode qui distingue l&rsquo;\u00e9l\u00e9gance du fashion, en gros ce qui dure de ce qui change, la classe du clinquant, l&rsquo;intemporel du passager. \u00ab\u00a0Aujourd\u2019hui tout est fauss\u00e9: la perp\u00e9tuelle course \u00e0 la tendance et la d\u00e9ferlante &hellip; <a href=\"https:\/\/www.frederic-poitou.com\/blog\/lelegance-cest-lart-de-ne-pas-se-faire-remarquer\/\">Lire la suite\u00ad\u00ad<\/a><\/p>\n","protected":false},"author":4,"featured_media":7816,"comment_status":"closed","ping_status":"open","sticky":false,"template":"","format":"standard","meta":{"kt_blocks_editor_width":"","_exactmetrics_skip_tracking":false,"_exactmetrics_sitenote_active":false,"_exactmetrics_sitenote_note":"","_exactmetrics_sitenote_category":0,"footnotes":""},"categories":[48,44],"tags":[],"class_list":["post-7811","post","type-post","status-publish","format-standard","has-post-thumbnail","hentry","category-accueil","category-culture"],"yoast_head":"<!-- This site is optimized with the Yoast SEO plugin v27.1.1 - https:\/\/yoast.com\/product\/yoast-seo-wordpress\/ -->\n<title>L&#039;ELEGANCE, OU L&#039;ART DE NE PAS SE FAIRE REMARQUER. -<\/title>\n<meta name=\"robots\" content=\"index, follow, max-snippet:-1, max-image-preview:large, max-video-preview:-1\" \/>\n<link rel=\"canonical\" href=\"https:\/\/www.frederic-poitou.com\/blog\/lelegance-cest-lart-de-ne-pas-se-faire-remarquer\/\" \/>\n<meta property=\"og:locale\" content=\"fr_FR\" \/>\n<meta property=\"og:type\" content=\"article\" \/>\n<meta property=\"og:title\" content=\"L&#039;ELEGANCE, OU L&#039;ART DE NE PAS SE FAIRE REMARQUER. -\" \/>\n<meta property=\"og:description\" content=\"Enfin une phrase sur la mode qui distingue l&rsquo;\u00e9l\u00e9gance du fashion, en gros ce qui dure de ce qui change, la classe du clinquant, l&rsquo;intemporel du passager. \u00ab\u00a0Aujourd\u2019hui tout est fauss\u00e9: la perp\u00e9tuelle course \u00e0 la tendance et la d\u00e9ferlante &hellip; Lire la suite\u00ad\u00ad\" \/>\n<meta property=\"og:url\" content=\"https:\/\/www.frederic-poitou.com\/blog\/lelegance-cest-lart-de-ne-pas-se-faire-remarquer\/\" \/>\n<meta property=\"article:publisher\" content=\"https:\/\/www.facebook.com\/frederic.poitou\/\" \/>\n<meta property=\"article:published_time\" content=\"2023-07-14T18:27:32+00:00\" \/>\n<meta property=\"article:modified_time\" content=\"2026-04-22T18:22:43+00:00\" \/>\n<meta property=\"og:image\" content=\"https:\/\/www.frederic-poitou.com\/blog\/wp-content\/2019\/02\/Coco-Chanel-Wearing-pearls-1.jpg\" \/>\n\t<meta property=\"og:image:width\" content=\"1292\" \/>\n\t<meta property=\"og:image:height\" content=\"1716\" \/>\n\t<meta property=\"og:image:type\" content=\"image\/jpeg\" \/>\n<meta name=\"author\" content=\"Fr\u00e9d\u00e9ric Poitou\" \/>\n<meta name=\"twitter:card\" content=\"summary_large_image\" \/>\n<meta name=\"twitter:creator\" content=\"@fredericpoitou\" \/>\n<meta name=\"twitter:site\" content=\"@fredericpoitou\" \/>\n<meta name=\"twitter:label1\" content=\"\u00c9crit par\" \/>\n\t<meta name=\"twitter:data1\" content=\"Fr\u00e9d\u00e9ric Poitou\" \/>\n\t<meta name=\"twitter:label2\" content=\"Dur\u00e9e de lecture estim\u00e9e\" \/>\n\t<meta name=\"twitter:data2\" content=\"2 minutes\" \/>\n<script type=\"application\/ld+json\" class=\"yoast-schema-graph\">{\"@context\":\"https:\/\/schema.org\",\"@graph\":[{\"@type\":\"Article\",\"@id\":\"https:\/\/www.frederic-poitou.com\/blog\/lelegance-cest-lart-de-ne-pas-se-faire-remarquer\/#article\",\"isPartOf\":{\"@id\":\"https:\/\/www.frederic-poitou.com\/blog\/lelegance-cest-lart-de-ne-pas-se-faire-remarquer\/\"},\"author\":{\"name\":\"Fr\u00e9d\u00e9ric Poitou\",\"@id\":\"http:\/\/www.frederic-poitou.com\/blog\/#\/schema\/person\/e2c2d05e978747818533fdce859a7799\"},\"headline\":\"L&rsquo;ELEGANCE, OU L&rsquo;ART DE NE PAS SE FAIRE REMARQUER.\",\"datePublished\":\"2023-07-14T18:27:32+00:00\",\"dateModified\":\"2026-04-22T18:22:43+00:00\",\"mainEntityOfPage\":{\"@id\":\"https:\/\/www.frederic-poitou.com\/blog\/lelegance-cest-lart-de-ne-pas-se-faire-remarquer\/\"},\"wordCount\":329,\"image\":{\"@id\":\"https:\/\/www.frederic-poitou.com\/blog\/lelegance-cest-lart-de-ne-pas-se-faire-remarquer\/#primaryimage\"},\"thumbnailUrl\":\"https:\/\/www.frederic-poitou.com\/blog\/wp-content\/2019\/02\/Coco-Chanel-Wearing-pearls-1.jpg\",\"articleSection\":[\"Accueil\",\"Culture\"],\"inLanguage\":\"fr-FR\"},{\"@type\":\"WebPage\",\"@id\":\"https:\/\/www.frederic-poitou.com\/blog\/lelegance-cest-lart-de-ne-pas-se-faire-remarquer\/\",\"url\":\"https:\/\/www.frederic-poitou.com\/blog\/lelegance-cest-lart-de-ne-pas-se-faire-remarquer\/\",\"name\":\"L'ELEGANCE, OU L'ART DE NE PAS SE FAIRE REMARQUER. -\",\"isPartOf\":{\"@id\":\"http:\/\/www.frederic-poitou.com\/blog\/#website\"},\"primaryImageOfPage\":{\"@id\":\"https:\/\/www.frederic-poitou.com\/blog\/lelegance-cest-lart-de-ne-pas-se-faire-remarquer\/#primaryimage\"},\"image\":{\"@id\":\"https:\/\/www.frederic-poitou.com\/blog\/lelegance-cest-lart-de-ne-pas-se-faire-remarquer\/#primaryimage\"},\"thumbnailUrl\":\"https:\/\/www.frederic-poitou.com\/blog\/wp-content\/2019\/02\/Coco-Chanel-Wearing-pearls-1.jpg\",\"datePublished\":\"2023-07-14T18:27:32+00:00\",\"dateModified\":\"2026-04-22T18:22:43+00:00\",\"author\":{\"@id\":\"http:\/\/www.frederic-poitou.com\/blog\/#\/schema\/person\/e2c2d05e978747818533fdce859a7799\"},\"breadcrumb\":{\"@id\":\"https:\/\/www.frederic-poitou.com\/blog\/lelegance-cest-lart-de-ne-pas-se-faire-remarquer\/#breadcrumb\"},\"inLanguage\":\"fr-FR\",\"potentialAction\":[{\"@type\":\"ReadAction\",\"target\":[\"https:\/\/www.frederic-poitou.com\/blog\/lelegance-cest-lart-de-ne-pas-se-faire-remarquer\/\"]}]},{\"@type\":\"ImageObject\",\"inLanguage\":\"fr-FR\",\"@id\":\"https:\/\/www.frederic-poitou.com\/blog\/lelegance-cest-lart-de-ne-pas-se-faire-remarquer\/#primaryimage\",\"url\":\"https:\/\/www.frederic-poitou.com\/blog\/wp-content\/2019\/02\/Coco-Chanel-Wearing-pearls-1.jpg\",\"contentUrl\":\"https:\/\/www.frederic-poitou.com\/blog\/wp-content\/2019\/02\/Coco-Chanel-Wearing-pearls-1.jpg\",\"width\":1292,\"height\":1716},{\"@type\":\"BreadcrumbList\",\"@id\":\"https:\/\/www.frederic-poitou.com\/blog\/lelegance-cest-lart-de-ne-pas-se-faire-remarquer\/#breadcrumb\",\"itemListElement\":[{\"@type\":\"ListItem\",\"position\":1,\"name\":\"Accueil\",\"item\":\"http:\/\/www.frederic-poitou.com\/blog\/\"},{\"@type\":\"ListItem\",\"position\":2,\"name\":\"L&rsquo;ELEGANCE, OU L&rsquo;ART DE NE PAS SE FAIRE REMARQUER.\"}]},{\"@type\":\"WebSite\",\"@id\":\"http:\/\/www.frederic-poitou.com\/blog\/#website\",\"url\":\"http:\/\/www.frederic-poitou.com\/blog\/\",\"name\":\"\",\"description\":\"\",\"potentialAction\":[{\"@type\":\"SearchAction\",\"target\":{\"@type\":\"EntryPoint\",\"urlTemplate\":\"http:\/\/www.frederic-poitou.com\/blog\/?s={search_term_string}\"},\"query-input\":{\"@type\":\"PropertyValueSpecification\",\"valueRequired\":true,\"valueName\":\"search_term_string\"}}],\"inLanguage\":\"fr-FR\"},{\"@type\":\"Person\",\"@id\":\"http:\/\/www.frederic-poitou.com\/blog\/#\/schema\/person\/e2c2d05e978747818533fdce859a7799\",\"name\":\"Fr\u00e9d\u00e9ric Poitou\",\"image\":{\"@type\":\"ImageObject\",\"inLanguage\":\"fr-FR\",\"@id\":\"http:\/\/www.frederic-poitou.com\/blog\/#\/schema\/person\/image\/\",\"url\":\"https:\/\/secure.gravatar.com\/avatar\/1933bcca279a2feafd35d9e0a080c521e11beb51115fe4cfe02e2586ac13424a?s=96&d=mm&r=g\",\"contentUrl\":\"https:\/\/secure.gravatar.com\/avatar\/1933bcca279a2feafd35d9e0a080c521e11beb51115fe4cfe02e2586ac13424a?s=96&d=mm&r=g\",\"caption\":\"Fr\u00e9d\u00e9ric Poitou\"},\"description\":\"Fr\u00e9d\u00e9ric Poitou est n\u00e9 \u00e0 Rouen, et y a fait des \u00e9tudes au Conservatoire en musique-\u00e9tudes en section piano. Il s'est ensuite orient\u00e9 vers des \u00e9tudes scientifiques o\u00f9 il a obtenu un dipl\u00f4me d'ing\u00e9nieur, puis un doctorat en Chimie. Il est Expert Judiciaire en France, en Belgique et \u00e0 Luxembourg, et agr\u00e9e par les Institutions Europ\u00e9ennes.\",\"sameAs\":[\"http:\/\/www.frederic-poitou.com\",\"https:\/\/www.linkedin.com\/in\/frederic-poitou-b045a025\/\"]}]}<\/script>\n<!-- \/ Yoast SEO plugin. -->","yoast_head_json":{"title":"L'ELEGANCE, OU L'ART DE NE PAS SE FAIRE REMARQUER. -","robots":{"index":"index","follow":"follow","max-snippet":"max-snippet:-1","max-image-preview":"max-image-preview:large","max-video-preview":"max-video-preview:-1"},"canonical":"https:\/\/www.frederic-poitou.com\/blog\/lelegance-cest-lart-de-ne-pas-se-faire-remarquer\/","og_locale":"fr_FR","og_type":"article","og_title":"L'ELEGANCE, OU L'ART DE NE PAS SE FAIRE REMARQUER. -","og_description":"Enfin une phrase sur la mode qui distingue l&rsquo;\u00e9l\u00e9gance du fashion, en gros ce qui dure de ce qui change, la classe du clinquant, l&rsquo;intemporel du passager. \u00ab\u00a0Aujourd\u2019hui tout est fauss\u00e9: la perp\u00e9tuelle course \u00e0 la tendance et la d\u00e9ferlante &hellip; Lire la suite\u00ad\u00ad","og_url":"https:\/\/www.frederic-poitou.com\/blog\/lelegance-cest-lart-de-ne-pas-se-faire-remarquer\/","article_publisher":"https:\/\/www.facebook.com\/frederic.poitou\/","article_published_time":"2023-07-14T18:27:32+00:00","article_modified_time":"2026-04-22T18:22:43+00:00","og_image":[{"width":1292,"height":1716,"url":"https:\/\/www.frederic-poitou.com\/blog\/wp-content\/2019\/02\/Coco-Chanel-Wearing-pearls-1.jpg","type":"image\/jpeg"}],"author":"Fr\u00e9d\u00e9ric Poitou","twitter_card":"summary_large_image","twitter_creator":"@fredericpoitou","twitter_site":"@fredericpoitou","twitter_misc":{"\u00c9crit par":"Fr\u00e9d\u00e9ric Poitou","Dur\u00e9e de lecture estim\u00e9e":"2 minutes"},"schema":{"@context":"https:\/\/schema.org","@graph":[{"@type":"Article","@id":"https:\/\/www.frederic-poitou.com\/blog\/lelegance-cest-lart-de-ne-pas-se-faire-remarquer\/#article","isPartOf":{"@id":"https:\/\/www.frederic-poitou.com\/blog\/lelegance-cest-lart-de-ne-pas-se-faire-remarquer\/"},"author":{"name":"Fr\u00e9d\u00e9ric Poitou","@id":"http:\/\/www.frederic-poitou.com\/blog\/#\/schema\/person\/e2c2d05e978747818533fdce859a7799"},"headline":"L&rsquo;ELEGANCE, OU L&rsquo;ART DE NE PAS SE FAIRE REMARQUER.","datePublished":"2023-07-14T18:27:32+00:00","dateModified":"2026-04-22T18:22:43+00:00","mainEntityOfPage":{"@id":"https:\/\/www.frederic-poitou.com\/blog\/lelegance-cest-lart-de-ne-pas-se-faire-remarquer\/"},"wordCount":329,"image":{"@id":"https:\/\/www.frederic-poitou.com\/blog\/lelegance-cest-lart-de-ne-pas-se-faire-remarquer\/#primaryimage"},"thumbnailUrl":"https:\/\/www.frederic-poitou.com\/blog\/wp-content\/2019\/02\/Coco-Chanel-Wearing-pearls-1.jpg","articleSection":["Accueil","Culture"],"inLanguage":"fr-FR"},{"@type":"WebPage","@id":"https:\/\/www.frederic-poitou.com\/blog\/lelegance-cest-lart-de-ne-pas-se-faire-remarquer\/","url":"https:\/\/www.frederic-poitou.com\/blog\/lelegance-cest-lart-de-ne-pas-se-faire-remarquer\/","name":"L'ELEGANCE, OU L'ART DE NE PAS SE FAIRE REMARQUER. -","isPartOf":{"@id":"http:\/\/www.frederic-poitou.com\/blog\/#website"},"primaryImageOfPage":{"@id":"https:\/\/www.frederic-poitou.com\/blog\/lelegance-cest-lart-de-ne-pas-se-faire-remarquer\/#primaryimage"},"image":{"@id":"https:\/\/www.frederic-poitou.com\/blog\/lelegance-cest-lart-de-ne-pas-se-faire-remarquer\/#primaryimage"},"thumbnailUrl":"https:\/\/www.frederic-poitou.com\/blog\/wp-content\/2019\/02\/Coco-Chanel-Wearing-pearls-1.jpg","datePublished":"2023-07-14T18:27:32+00:00","dateModified":"2026-04-22T18:22:43+00:00","author":{"@id":"http:\/\/www.frederic-poitou.com\/blog\/#\/schema\/person\/e2c2d05e978747818533fdce859a7799"},"breadcrumb":{"@id":"https:\/\/www.frederic-poitou.com\/blog\/lelegance-cest-lart-de-ne-pas-se-faire-remarquer\/#breadcrumb"},"inLanguage":"fr-FR","potentialAction":[{"@type":"ReadAction","target":["https:\/\/www.frederic-poitou.com\/blog\/lelegance-cest-lart-de-ne-pas-se-faire-remarquer\/"]}]},{"@type":"ImageObject","inLanguage":"fr-FR","@id":"https:\/\/www.frederic-poitou.com\/blog\/lelegance-cest-lart-de-ne-pas-se-faire-remarquer\/#primaryimage","url":"https:\/\/www.frederic-poitou.com\/blog\/wp-content\/2019\/02\/Coco-Chanel-Wearing-pearls-1.jpg","contentUrl":"https:\/\/www.frederic-poitou.com\/blog\/wp-content\/2019\/02\/Coco-Chanel-Wearing-pearls-1.jpg","width":1292,"height":1716},{"@type":"BreadcrumbList","@id":"https:\/\/www.frederic-poitou.com\/blog\/lelegance-cest-lart-de-ne-pas-se-faire-remarquer\/#breadcrumb","itemListElement":[{"@type":"ListItem","position":1,"name":"Accueil","item":"http:\/\/www.frederic-poitou.com\/blog\/"},{"@type":"ListItem","position":2,"name":"L&rsquo;ELEGANCE, OU L&rsquo;ART DE NE PAS SE FAIRE REMARQUER."}]},{"@type":"WebSite","@id":"http:\/\/www.frederic-poitou.com\/blog\/#website","url":"http:\/\/www.frederic-poitou.com\/blog\/","name":"","description":"","potentialAction":[{"@type":"SearchAction","target":{"@type":"EntryPoint","urlTemplate":"http:\/\/www.frederic-poitou.com\/blog\/?s={search_term_string}"},"query-input":{"@type":"PropertyValueSpecification","valueRequired":true,"valueName":"search_term_string"}}],"inLanguage":"fr-FR"},{"@type":"Person","@id":"http:\/\/www.frederic-poitou.com\/blog\/#\/schema\/person\/e2c2d05e978747818533fdce859a7799","name":"Fr\u00e9d\u00e9ric Poitou","image":{"@type":"ImageObject","inLanguage":"fr-FR","@id":"http:\/\/www.frederic-poitou.com\/blog\/#\/schema\/person\/image\/","url":"https:\/\/secure.gravatar.com\/avatar\/1933bcca279a2feafd35d9e0a080c521e11beb51115fe4cfe02e2586ac13424a?s=96&d=mm&r=g","contentUrl":"https:\/\/secure.gravatar.com\/avatar\/1933bcca279a2feafd35d9e0a080c521e11beb51115fe4cfe02e2586ac13424a?s=96&d=mm&r=g","caption":"Fr\u00e9d\u00e9ric Poitou"},"description":"Fr\u00e9d\u00e9ric Poitou est n\u00e9 \u00e0 Rouen, et y a fait des \u00e9tudes au Conservatoire en musique-\u00e9tudes en section piano. Il s'est ensuite orient\u00e9 vers des \u00e9tudes scientifiques o\u00f9 il a obtenu un dipl\u00f4me d'ing\u00e9nieur, puis un doctorat en Chimie. Il est Expert Judiciaire en France, en Belgique et \u00e0 Luxembourg, et agr\u00e9e par les Institutions Europ\u00e9ennes.","sameAs":["http:\/\/www.frederic-poitou.com","https:\/\/www.linkedin.com\/in\/frederic-poitou-b045a025\/"]}]}},"_links":{"self":[{"href":"https:\/\/www.frederic-poitou.com\/blog\/wp-json\/wp\/v2\/posts\/7811","targetHints":{"allow":["GET"]}}],"collection":[{"href":"https:\/\/www.frederic-poitou.com\/blog\/wp-json\/wp\/v2\/posts"}],"about":[{"href":"https:\/\/www.frederic-poitou.com\/blog\/wp-json\/wp\/v2\/types\/post"}],"author":[{"embeddable":true,"href":"https:\/\/www.frederic-poitou.com\/blog\/wp-json\/wp\/v2\/users\/4"}],"replies":[{"embeddable":true,"href":"https:\/\/www.frederic-poitou.com\/blog\/wp-json\/wp\/v2\/comments?post=7811"}],"version-history":[{"count":4,"href":"https:\/\/www.frederic-poitou.com\/blog\/wp-json\/wp\/v2\/posts\/7811\/revisions"}],"predecessor-version":[{"id":8725,"href":"https:\/\/www.frederic-poitou.com\/blog\/wp-json\/wp\/v2\/posts\/7811\/revisions\/8725"}],"wp:featuredmedia":[{"embeddable":true,"href":"https:\/\/www.frederic-poitou.com\/blog\/wp-json\/wp\/v2\/media\/7816"}],"wp:attachment":[{"href":"https:\/\/www.frederic-poitou.com\/blog\/wp-json\/wp\/v2\/media?parent=7811"}],"wp:term":[{"taxonomy":"category","embeddable":true,"href":"https:\/\/www.frederic-poitou.com\/blog\/wp-json\/wp\/v2\/categories?post=7811"},{"taxonomy":"post_tag","embeddable":true,"href":"https:\/\/www.frederic-poitou.com\/blog\/wp-json\/wp\/v2\/tags?post=7811"}],"curies":[{"name":"wp","href":"https:\/\/api.w.org\/{rel}","templated":true}]}}