{"id":7797,"date":"2023-07-13T15:20:32","date_gmt":"2023-07-13T13:20:32","guid":{"rendered":"http:\/\/www.frederic-poitou.com\/blog\/?p=7797"},"modified":"2026-04-09T17:14:26","modified_gmt":"2026-04-09T15:14:26","slug":"pour-la-saint-valentin","status":"publish","type":"post","link":"https:\/\/www.frederic-poitou.com\/blog\/pour-la-saint-valentin\/","title":{"rendered":"POUR LA SAINT-VALENTIN ?"},"content":{"rendered":"<p>Pour la Saint-Valentin c&rsquo;est pas compliqu\u00e9, tu\u00a0lui offres sur deux jours le tour des passages couverts de Paris, ambiance XIXe<\/p>\n<p>Les passages couverts parisiens ont vu le jour \u00e0 la belle \u00e9poque (ann\u00e9es 1900) pour permettre aux belles parisiennes de faire leurs achats \u00e0 l&rsquo;abri dans un site qui puisse prot\u00e9ger leurs beaux effets.<\/p>\n<p>Cette conception de passages \u00e9clair\u00e9s en lumi\u00e8re z\u00e9nitthal et chauff\u00e9s s&rsquo;exporta dans l&rsquo;Europe, on en trouve \u00e0 Bruxelles (Saint Hubert, le passage de la Reine, galerie des Princes, et plus amusant la galerie Ravenstein), \u00e0 Amsterdam (Oudemanhuispoort), en Espagne et ailleurs.<\/p>\n<p>Des joyaux du patrimoine de la capitale qui gardent jalousement leurs secrets \u00e0 l&rsquo;\u00e9cart des sentiers touristiques traditionnels et des grands monuments de Paris. Ambiance Balzac ou Zola garantie &#8230;<\/p>\n<div class=\"entry-content-asset videofit\"><iframe loading=\"lazy\" title=\"Les Passages De Paris\" width=\"500\" height=\"281\" src=\"https:\/\/www.youtube.com\/embed\/pkwl7dG75LU?feature=oembed\" frameborder=\"0\" allow=\"accelerometer; autoplay; clipboard-write; encrypted-media; gyroscope; picture-in-picture; web-share\" referrerpolicy=\"strict-origin-when-cross-origin\" allowfullscreen><\/iframe><\/div>\n<p>&nbsp;<\/p>\n<p>Tu poursuis par un passage dans l&rsquo;un des plus chouettes bouillons de Paris pour d\u00e9jeuner ou d\u00eener. (mon pr\u00e9f\u00e9r\u00e9; le <a href=\"https:\/\/www.bouillon-chartier.com\/fr\/\" target=\"_blank\" rel=\"noopener noreferrer\"><span style=\"color: #0000ff;\">Chartier<\/span><\/a> bien sur !)<\/p>\n<ul>\n<li>Le<span style=\"color: #0000ff;\"><strong> <a style=\"color: #0000ff;\" href=\"https:\/\/www.bouillonpigalle.com\" target=\"_blank\" rel=\"noopener noreferrer\">bouillon Pigale<\/a><\/strong><\/span> : En entr\u00e9e ou les\u00a0\u0153ufs mayo, ils sont \u00e0 1,90\u20ac. En plat le bourguignon coquillettes, et le dessert avec, la poire au chocolat. Total maximum 15\u20ac \/ personne, avec un pichet de vin \u00e0 3,30\u20ac !<\/li>\n<li>Le <strong><span style=\"color: #0000ff;\"><a style=\"color: #0000ff;\" href=\"https:\/\/www.bouillon-chartier.com\/fr\/\" target=\"_blank\" rel=\"noopener noreferrer\">bouillon Chartier<\/a><\/span><\/strong>, mon pr\u00e9f\u00e9r\u00e9. L\u00e0 encore, l&rsquo;oeuf Mayo en entr\u00e9e, l&rsquo;andouillette grill\u00e9e en plat, et le pruneaux vin glace vanille en dessert. Total 17\u20ac\/personne<\/li>\n<li>Le<strong><span style=\"color: #0000ff;\"><a style=\"color: #0000ff;\" href=\"https:\/\/www.bouillon-julien.com\" target=\"_blank\" rel=\"noopener noreferrer\"> bouillon Julien<\/a><\/span><\/strong>, ex Gandon-Fournier. Un peu plus cher, et pas meilleur. En entr\u00e9e, poireau vinaigrette, en plat la t\u00eate de veau gribiche, et en dessert le riz au lait. Comptez 30\u20ac, pas justes \u00e0 mon avis.<\/li>\n<\/ul>\n<p>Plus snob, beaucoup plus cher et pas meilleur, si tu veux faire le ronflant \u00e0 St Germain des Pr\u00e9s tu peux aller chez<span style=\"color: #0000ff;\"><strong> <a style=\"color: #0000ff;\" href=\"https:\/\/www.brasserielipp.fr\/menus-carte\/\" target=\"_blank\" rel=\"noopener noreferrer\">Lipp<\/a><\/strong><\/span> &#8230; Mais demande bien une place au paradis car chez Lipp, si t&rsquo;es dans l&rsquo;arri\u00e8re salle (donc pas visible du boulevard) c&rsquo;est petit. Petit mon ami.<\/p>\n<p>Et le premier soir, un concert de jazz manouche au <span style=\"color: #0000ff;\"><strong><a style=\"color: #0000ff;\" href=\"https:\/\/www.parisjazzclub.net\/fr\/674\/club\/le-pretexte\" target=\"_blank\" rel=\"noopener noreferrer\">Pr\u00e9texte<\/a><\/strong><\/span> (75013) \u00e0 c\u00f4t\u00e9 de l&rsquo;\u00e9cole de journalisme, ca fait toujours son effet. M\u00e9tro Tolbiac.<\/p>\n<p>L&rsquo;hotel tu dis ? Facile. Les <span style=\"color: #0000ff;\"><strong><a style=\"color: #0000ff;\" href=\"https:\/\/www.lespiaules.com\/fr\/\" target=\"_blank\" rel=\"noopener noreferrer\">piaules<\/a><\/strong><\/span>. Et pour le petit d\u00e9j&rsquo; du matin, une seule adresse, le Flore bd Saint Germain des Pr\u00e9. Demande ma table, si si. C&rsquo;est celle d&rsquo;Apollinaire, de Boris Vian, Simone et Jean-Paul.<\/p>\n<p>Et l\u00e0 mon gar\u00e7on, si t&#8217;embarques pas, faut se poser les bonnes questions.<\/p>\n<p>&nbsp;<\/p>\n<p>Ne me remerciez pas, c&rsquo;est bien normal !<\/p>\n","protected":false},"excerpt":{"rendered":"<p>Pour la Saint-Valentin c&rsquo;est pas compliqu\u00e9, tu\u00a0lui offres sur deux jours le tour des passages couverts de Paris, ambiance XIXe Les passages couverts parisiens ont vu le jour \u00e0 la belle \u00e9poque (ann\u00e9es 1900) pour permettre aux belles parisiennes de &hellip; <a href=\"https:\/\/www.frederic-poitou.com\/blog\/pour-la-saint-valentin\/\">Lire la suite\u00ad\u00ad<\/a><\/p>\n","protected":false},"author":4,"featured_media":7800,"comment_status":"closed","ping_status":"open","sticky":false,"template":"","format":"standard","meta":{"kt_blocks_editor_width":"","_exactmetrics_skip_tracking":false,"_exactmetrics_sitenote_active":false,"_exactmetrics_sitenote_note":"","_exactmetrics_sitenote_category":0,"footnotes":""},"categories":[48,44],"tags":[],"class_list":["post-7797","post","type-post","status-publish","format-standard","has-post-thumbnail","hentry","category-accueil","category-culture"],"yoast_head":"<!-- This site is optimized with the Yoast SEO plugin v27.1.1 - https:\/\/yoast.com\/product\/yoast-seo-wordpress\/ -->\n<title>POUR LA SAINT-VALENTIN ? -<\/title>\n<meta name=\"robots\" content=\"index, follow, max-snippet:-1, max-image-preview:large, max-video-preview:-1\" \/>\n<link rel=\"canonical\" href=\"http:\/\/www.frederic-poitou.com\/blog\/pour-la-saint-valentin\/\" \/>\n<meta property=\"og:locale\" content=\"fr_FR\" \/>\n<meta property=\"og:type\" content=\"article\" \/>\n<meta property=\"og:title\" content=\"POUR LA SAINT-VALENTIN ? -\" \/>\n<meta property=\"og:description\" content=\"Pour la Saint-Valentin c&rsquo;est pas compliqu\u00e9, tu\u00a0lui offres sur deux jours le tour des passages couverts de Paris, ambiance XIXe Les passages couverts parisiens ont vu le jour \u00e0 la belle \u00e9poque (ann\u00e9es 1900) pour permettre aux belles parisiennes de &hellip; Lire la suite\u00ad\u00ad\" \/>\n<meta property=\"og:url\" content=\"http:\/\/www.frederic-poitou.com\/blog\/pour-la-saint-valentin\/\" \/>\n<meta property=\"article:publisher\" content=\"https:\/\/www.facebook.com\/frederic.poitou\/\" \/>\n<meta property=\"article:published_time\" content=\"2023-07-13T13:20:32+00:00\" \/>\n<meta property=\"article:modified_time\" content=\"2026-04-09T15:14:26+00:00\" \/>\n<meta property=\"og:image\" content=\"http:\/\/www.frederic-poitou.com\/blog\/wp-content\/2019\/02\/1-6.jpg\" \/>\n\t<meta property=\"og:image:width\" content=\"1280\" \/>\n\t<meta property=\"og:image:height\" content=\"960\" \/>\n\t<meta property=\"og:image:type\" content=\"image\/jpeg\" \/>\n<meta name=\"author\" content=\"Fr\u00e9d\u00e9ric Poitou\" \/>\n<meta name=\"twitter:card\" content=\"summary_large_image\" \/>\n<meta name=\"twitter:creator\" content=\"@fredericpoitou\" \/>\n<meta name=\"twitter:site\" content=\"@fredericpoitou\" \/>\n<meta name=\"twitter:label1\" content=\"\u00c9crit par\" \/>\n\t<meta name=\"twitter:data1\" content=\"Fr\u00e9d\u00e9ric Poitou\" \/>\n\t<meta name=\"twitter:label2\" content=\"Dur\u00e9e de lecture estim\u00e9e\" \/>\n\t<meta name=\"twitter:data2\" content=\"2 minutes\" \/>\n<script type=\"application\/ld+json\" class=\"yoast-schema-graph\">{\"@context\":\"https:\/\/schema.org\",\"@graph\":[{\"@type\":\"Article\",\"@id\":\"http:\/\/www.frederic-poitou.com\/blog\/pour-la-saint-valentin\/#article\",\"isPartOf\":{\"@id\":\"http:\/\/www.frederic-poitou.com\/blog\/pour-la-saint-valentin\/\"},\"author\":{\"name\":\"Fr\u00e9d\u00e9ric Poitou\",\"@id\":\"http:\/\/www.frederic-poitou.com\/blog\/#\/schema\/person\/e2c2d05e978747818533fdce859a7799\"},\"headline\":\"POUR LA SAINT-VALENTIN ?\",\"datePublished\":\"2023-07-13T13:20:32+00:00\",\"dateModified\":\"2026-04-09T15:14:26+00:00\",\"mainEntityOfPage\":{\"@id\":\"http:\/\/www.frederic-poitou.com\/blog\/pour-la-saint-valentin\/\"},\"wordCount\":414,\"image\":{\"@id\":\"http:\/\/www.frederic-poitou.com\/blog\/pour-la-saint-valentin\/#primaryimage\"},\"thumbnailUrl\":\"https:\/\/www.frederic-poitou.com\/blog\/wp-content\/2019\/02\/1-6.jpg\",\"articleSection\":[\"Accueil\",\"Culture\"],\"inLanguage\":\"fr-FR\"},{\"@type\":\"WebPage\",\"@id\":\"http:\/\/www.frederic-poitou.com\/blog\/pour-la-saint-valentin\/\",\"url\":\"http:\/\/www.frederic-poitou.com\/blog\/pour-la-saint-valentin\/\",\"name\":\"POUR LA SAINT-VALENTIN ? -\",\"isPartOf\":{\"@id\":\"http:\/\/www.frederic-poitou.com\/blog\/#website\"},\"primaryImageOfPage\":{\"@id\":\"http:\/\/www.frederic-poitou.com\/blog\/pour-la-saint-valentin\/#primaryimage\"},\"image\":{\"@id\":\"http:\/\/www.frederic-poitou.com\/blog\/pour-la-saint-valentin\/#primaryimage\"},\"thumbnailUrl\":\"https:\/\/www.frederic-poitou.com\/blog\/wp-content\/2019\/02\/1-6.jpg\",\"datePublished\":\"2023-07-13T13:20:32+00:00\",\"dateModified\":\"2026-04-09T15:14:26+00:00\",\"author\":{\"@id\":\"http:\/\/www.frederic-poitou.com\/blog\/#\/schema\/person\/e2c2d05e978747818533fdce859a7799\"},\"breadcrumb\":{\"@id\":\"http:\/\/www.frederic-poitou.com\/blog\/pour-la-saint-valentin\/#breadcrumb\"},\"inLanguage\":\"fr-FR\",\"potentialAction\":[{\"@type\":\"ReadAction\",\"target\":[\"http:\/\/www.frederic-poitou.com\/blog\/pour-la-saint-valentin\/\"]}]},{\"@type\":\"ImageObject\",\"inLanguage\":\"fr-FR\",\"@id\":\"http:\/\/www.frederic-poitou.com\/blog\/pour-la-saint-valentin\/#primaryimage\",\"url\":\"https:\/\/www.frederic-poitou.com\/blog\/wp-content\/2019\/02\/1-6.jpg\",\"contentUrl\":\"https:\/\/www.frederic-poitou.com\/blog\/wp-content\/2019\/02\/1-6.jpg\",\"width\":1280,\"height\":960},{\"@type\":\"BreadcrumbList\",\"@id\":\"http:\/\/www.frederic-poitou.com\/blog\/pour-la-saint-valentin\/#breadcrumb\",\"itemListElement\":[{\"@type\":\"ListItem\",\"position\":1,\"name\":\"Accueil\",\"item\":\"http:\/\/www.frederic-poitou.com\/blog\/\"},{\"@type\":\"ListItem\",\"position\":2,\"name\":\"POUR LA SAINT-VALENTIN ?\"}]},{\"@type\":\"WebSite\",\"@id\":\"http:\/\/www.frederic-poitou.com\/blog\/#website\",\"url\":\"http:\/\/www.frederic-poitou.com\/blog\/\",\"name\":\"\",\"description\":\"\",\"potentialAction\":[{\"@type\":\"SearchAction\",\"target\":{\"@type\":\"EntryPoint\",\"urlTemplate\":\"http:\/\/www.frederic-poitou.com\/blog\/?s={search_term_string}\"},\"query-input\":{\"@type\":\"PropertyValueSpecification\",\"valueRequired\":true,\"valueName\":\"search_term_string\"}}],\"inLanguage\":\"fr-FR\"},{\"@type\":\"Person\",\"@id\":\"http:\/\/www.frederic-poitou.com\/blog\/#\/schema\/person\/e2c2d05e978747818533fdce859a7799\",\"name\":\"Fr\u00e9d\u00e9ric Poitou\",\"image\":{\"@type\":\"ImageObject\",\"inLanguage\":\"fr-FR\",\"@id\":\"http:\/\/www.frederic-poitou.com\/blog\/#\/schema\/person\/image\/\",\"url\":\"https:\/\/secure.gravatar.com\/avatar\/1933bcca279a2feafd35d9e0a080c521e11beb51115fe4cfe02e2586ac13424a?s=96&d=mm&r=g\",\"contentUrl\":\"https:\/\/secure.gravatar.com\/avatar\/1933bcca279a2feafd35d9e0a080c521e11beb51115fe4cfe02e2586ac13424a?s=96&d=mm&r=g\",\"caption\":\"Fr\u00e9d\u00e9ric Poitou\"},\"description\":\"Fr\u00e9d\u00e9ric Poitou est n\u00e9 \u00e0 Rouen, et y a fait des \u00e9tudes au Conservatoire en musique-\u00e9tudes en section piano. Il s'est ensuite orient\u00e9 vers des \u00e9tudes scientifiques o\u00f9 il a obtenu un dipl\u00f4me d'ing\u00e9nieur, puis un doctorat en Chimie. Il est Expert Judiciaire en France, en Belgique et \u00e0 Luxembourg, et agr\u00e9e par les Institutions Europ\u00e9ennes.\",\"sameAs\":[\"http:\/\/www.frederic-poitou.com\",\"https:\/\/www.linkedin.com\/in\/frederic-poitou-b045a025\/\"]}]}<\/script>\n<!-- \/ Yoast SEO plugin. -->","yoast_head_json":{"title":"POUR LA SAINT-VALENTIN ? -","robots":{"index":"index","follow":"follow","max-snippet":"max-snippet:-1","max-image-preview":"max-image-preview:large","max-video-preview":"max-video-preview:-1"},"canonical":"http:\/\/www.frederic-poitou.com\/blog\/pour-la-saint-valentin\/","og_locale":"fr_FR","og_type":"article","og_title":"POUR LA SAINT-VALENTIN ? -","og_description":"Pour la Saint-Valentin c&rsquo;est pas compliqu\u00e9, tu\u00a0lui offres sur deux jours le tour des passages couverts de Paris, ambiance XIXe Les passages couverts parisiens ont vu le jour \u00e0 la belle \u00e9poque (ann\u00e9es 1900) pour permettre aux belles parisiennes de &hellip; Lire la suite\u00ad\u00ad","og_url":"http:\/\/www.frederic-poitou.com\/blog\/pour-la-saint-valentin\/","article_publisher":"https:\/\/www.facebook.com\/frederic.poitou\/","article_published_time":"2023-07-13T13:20:32+00:00","article_modified_time":"2026-04-09T15:14:26+00:00","og_image":[{"width":1280,"height":960,"url":"http:\/\/www.frederic-poitou.com\/blog\/wp-content\/2019\/02\/1-6.jpg","type":"image\/jpeg"}],"author":"Fr\u00e9d\u00e9ric Poitou","twitter_card":"summary_large_image","twitter_creator":"@fredericpoitou","twitter_site":"@fredericpoitou","twitter_misc":{"\u00c9crit par":"Fr\u00e9d\u00e9ric Poitou","Dur\u00e9e de lecture estim\u00e9e":"2 minutes"},"schema":{"@context":"https:\/\/schema.org","@graph":[{"@type":"Article","@id":"http:\/\/www.frederic-poitou.com\/blog\/pour-la-saint-valentin\/#article","isPartOf":{"@id":"http:\/\/www.frederic-poitou.com\/blog\/pour-la-saint-valentin\/"},"author":{"name":"Fr\u00e9d\u00e9ric Poitou","@id":"http:\/\/www.frederic-poitou.com\/blog\/#\/schema\/person\/e2c2d05e978747818533fdce859a7799"},"headline":"POUR LA SAINT-VALENTIN ?","datePublished":"2023-07-13T13:20:32+00:00","dateModified":"2026-04-09T15:14:26+00:00","mainEntityOfPage":{"@id":"http:\/\/www.frederic-poitou.com\/blog\/pour-la-saint-valentin\/"},"wordCount":414,"image":{"@id":"http:\/\/www.frederic-poitou.com\/blog\/pour-la-saint-valentin\/#primaryimage"},"thumbnailUrl":"https:\/\/www.frederic-poitou.com\/blog\/wp-content\/2019\/02\/1-6.jpg","articleSection":["Accueil","Culture"],"inLanguage":"fr-FR"},{"@type":"WebPage","@id":"http:\/\/www.frederic-poitou.com\/blog\/pour-la-saint-valentin\/","url":"http:\/\/www.frederic-poitou.com\/blog\/pour-la-saint-valentin\/","name":"POUR LA SAINT-VALENTIN ? -","isPartOf":{"@id":"http:\/\/www.frederic-poitou.com\/blog\/#website"},"primaryImageOfPage":{"@id":"http:\/\/www.frederic-poitou.com\/blog\/pour-la-saint-valentin\/#primaryimage"},"image":{"@id":"http:\/\/www.frederic-poitou.com\/blog\/pour-la-saint-valentin\/#primaryimage"},"thumbnailUrl":"https:\/\/www.frederic-poitou.com\/blog\/wp-content\/2019\/02\/1-6.jpg","datePublished":"2023-07-13T13:20:32+00:00","dateModified":"2026-04-09T15:14:26+00:00","author":{"@id":"http:\/\/www.frederic-poitou.com\/blog\/#\/schema\/person\/e2c2d05e978747818533fdce859a7799"},"breadcrumb":{"@id":"http:\/\/www.frederic-poitou.com\/blog\/pour-la-saint-valentin\/#breadcrumb"},"inLanguage":"fr-FR","potentialAction":[{"@type":"ReadAction","target":["http:\/\/www.frederic-poitou.com\/blog\/pour-la-saint-valentin\/"]}]},{"@type":"ImageObject","inLanguage":"fr-FR","@id":"http:\/\/www.frederic-poitou.com\/blog\/pour-la-saint-valentin\/#primaryimage","url":"https:\/\/www.frederic-poitou.com\/blog\/wp-content\/2019\/02\/1-6.jpg","contentUrl":"https:\/\/www.frederic-poitou.com\/blog\/wp-content\/2019\/02\/1-6.jpg","width":1280,"height":960},{"@type":"BreadcrumbList","@id":"http:\/\/www.frederic-poitou.com\/blog\/pour-la-saint-valentin\/#breadcrumb","itemListElement":[{"@type":"ListItem","position":1,"name":"Accueil","item":"http:\/\/www.frederic-poitou.com\/blog\/"},{"@type":"ListItem","position":2,"name":"POUR LA SAINT-VALENTIN ?"}]},{"@type":"WebSite","@id":"http:\/\/www.frederic-poitou.com\/blog\/#website","url":"http:\/\/www.frederic-poitou.com\/blog\/","name":"","description":"","potentialAction":[{"@type":"SearchAction","target":{"@type":"EntryPoint","urlTemplate":"http:\/\/www.frederic-poitou.com\/blog\/?s={search_term_string}"},"query-input":{"@type":"PropertyValueSpecification","valueRequired":true,"valueName":"search_term_string"}}],"inLanguage":"fr-FR"},{"@type":"Person","@id":"http:\/\/www.frederic-poitou.com\/blog\/#\/schema\/person\/e2c2d05e978747818533fdce859a7799","name":"Fr\u00e9d\u00e9ric Poitou","image":{"@type":"ImageObject","inLanguage":"fr-FR","@id":"http:\/\/www.frederic-poitou.com\/blog\/#\/schema\/person\/image\/","url":"https:\/\/secure.gravatar.com\/avatar\/1933bcca279a2feafd35d9e0a080c521e11beb51115fe4cfe02e2586ac13424a?s=96&d=mm&r=g","contentUrl":"https:\/\/secure.gravatar.com\/avatar\/1933bcca279a2feafd35d9e0a080c521e11beb51115fe4cfe02e2586ac13424a?s=96&d=mm&r=g","caption":"Fr\u00e9d\u00e9ric Poitou"},"description":"Fr\u00e9d\u00e9ric Poitou est n\u00e9 \u00e0 Rouen, et y a fait des \u00e9tudes au Conservatoire en musique-\u00e9tudes en section piano. Il s'est ensuite orient\u00e9 vers des \u00e9tudes scientifiques o\u00f9 il a obtenu un dipl\u00f4me d'ing\u00e9nieur, puis un doctorat en Chimie. Il est Expert Judiciaire en France, en Belgique et \u00e0 Luxembourg, et agr\u00e9e par les Institutions Europ\u00e9ennes.","sameAs":["http:\/\/www.frederic-poitou.com","https:\/\/www.linkedin.com\/in\/frederic-poitou-b045a025\/"]}]}},"_links":{"self":[{"href":"https:\/\/www.frederic-poitou.com\/blog\/wp-json\/wp\/v2\/posts\/7797","targetHints":{"allow":["GET"]}}],"collection":[{"href":"https:\/\/www.frederic-poitou.com\/blog\/wp-json\/wp\/v2\/posts"}],"about":[{"href":"https:\/\/www.frederic-poitou.com\/blog\/wp-json\/wp\/v2\/types\/post"}],"author":[{"embeddable":true,"href":"https:\/\/www.frederic-poitou.com\/blog\/wp-json\/wp\/v2\/users\/4"}],"replies":[{"embeddable":true,"href":"https:\/\/www.frederic-poitou.com\/blog\/wp-json\/wp\/v2\/comments?post=7797"}],"version-history":[{"count":1,"href":"https:\/\/www.frederic-poitou.com\/blog\/wp-json\/wp\/v2\/posts\/7797\/revisions"}],"predecessor-version":[{"id":8726,"href":"https:\/\/www.frederic-poitou.com\/blog\/wp-json\/wp\/v2\/posts\/7797\/revisions\/8726"}],"wp:featuredmedia":[{"embeddable":true,"href":"https:\/\/www.frederic-poitou.com\/blog\/wp-json\/wp\/v2\/media\/7800"}],"wp:attachment":[{"href":"https:\/\/www.frederic-poitou.com\/blog\/wp-json\/wp\/v2\/media?parent=7797"}],"wp:term":[{"taxonomy":"category","embeddable":true,"href":"https:\/\/www.frederic-poitou.com\/blog\/wp-json\/wp\/v2\/categories?post=7797"},{"taxonomy":"post_tag","embeddable":true,"href":"https:\/\/www.frederic-poitou.com\/blog\/wp-json\/wp\/v2\/tags?post=7797"}],"curies":[{"name":"wp","href":"https:\/\/api.w.org\/{rel}","templated":true}]}}