{"id":7789,"date":"2023-07-14T07:32:32","date_gmt":"2023-07-14T05:32:32","guid":{"rendered":"http:\/\/www.frederic-poitou.com\/blog\/?p=7789"},"modified":"2026-04-16T21:01:16","modified_gmt":"2026-04-16T19:01:16","slug":"la-flambee-montalbanaise","status":"publish","type":"post","link":"https:\/\/www.frederic-poitou.com\/blog\/la-flambee-montalbanaise\/","title":{"rendered":"LA FLAMB\u00c9E MONTALBANAISE"},"content":{"rendered":"<p>Chauffe Marcel aurait dit Brel !<\/p>\n<p>Trois version de ce th\u00e8me compos\u00e9 par Gus Viseur en souvenir de son d\u00e9part de Montauban pendant la guerre &#8230;<\/p>\n<p>Une version toute en sensualit\u00e9, lente.<\/p>\n<div class=\"entry-content-asset videofit\"><iframe loading=\"lazy\" title=\"TOUPIE JAZZ MUSETTE (3\/10) - La Flambe\u0301e Montalbanaise (Gus Viseur)\" width=\"500\" height=\"281\" src=\"https:\/\/www.youtube.com\/embed\/stLZYDywKFU?feature=oembed\" frameborder=\"0\" allow=\"accelerometer; autoplay; clipboard-write; encrypted-media; gyroscope; picture-in-picture; web-share\" referrerpolicy=\"strict-origin-when-cross-origin\" allowfullscreen><\/iframe><\/div>\n<p>Une version plus harmonis\u00e9e, au tempo original<\/p>\n<div class=\"entry-content-asset videofit\"><iframe loading=\"lazy\" title=\"Guitare - Accord\u00e9on - Flamb\u00e9e Montalbanaise, Indiff\u00e9rence \/  Pierre Laval - Thierry Moncheny\" width=\"500\" height=\"375\" src=\"https:\/\/www.youtube.com\/embed\/l0MVhn0vl2E?feature=oembed\" frameborder=\"0\" allow=\"accelerometer; autoplay; clipboard-write; encrypted-media; gyroscope; picture-in-picture; web-share\" referrerpolicy=\"strict-origin-when-cross-origin\" allowfullscreen><\/iframe><\/div>\n<p>Une version plus proche de celle des ann\u00e9es 50, version type manouche, ambiance guitares Selmer et roulotte !<\/p>\n<div class=\"entry-content-asset videofit\"><iframe loading=\"lazy\" title=\"Flamb\u00e9e Montalbanaise - Jazz manouche avec accord\u00e9on pour mariages - Cl\u00e9ment Reboul\" width=\"500\" height=\"281\" src=\"https:\/\/www.youtube.com\/embed\/DMGG-vAPrUI?feature=oembed\" frameborder=\"0\" allow=\"accelerometer; autoplay; clipboard-write; encrypted-media; gyroscope; picture-in-picture; web-share\" referrerpolicy=\"strict-origin-when-cross-origin\" allowfullscreen><\/iframe><\/div>\n<p>Une version tr\u00e8s nostalgique, chant\u00e9e par ce grand talent ignor\u00e9, Andr\u00e9 Minvielle grav\u00e9e sur le CD Paris Musette.<\/p>\n<div class=\"entry-content-asset videofit\"><iframe loading=\"lazy\" title=\"Andr\u00e9 Minvielle et Lionel Suarez : Flambe\u0301e montalbanaise\" width=\"500\" height=\"281\" src=\"https:\/\/www.youtube.com\/embed\/cxB42m294Qc?feature=oembed\" frameborder=\"0\" allow=\"accelerometer; autoplay; clipboard-write; encrypted-media; gyroscope; picture-in-picture; web-share\" referrerpolicy=\"strict-origin-when-cross-origin\" allowfullscreen><\/iframe><\/div>\n","protected":false},"excerpt":{"rendered":"<p>Chauffe Marcel aurait dit Brel ! Trois version de ce th\u00e8me compos\u00e9 par Gus Viseur en souvenir de son d\u00e9part de Montauban pendant la guerre &#8230; Une version toute en sensualit\u00e9, lente. Une version plus harmonis\u00e9e, au tempo original Une &hellip; <a href=\"https:\/\/www.frederic-poitou.com\/blog\/la-flambee-montalbanaise\/\">Lire la suite\u00ad\u00ad<\/a><\/p>\n","protected":false},"author":4,"featured_media":7793,"comment_status":"closed","ping_status":"open","sticky":false,"template":"","format":"standard","meta":{"kt_blocks_editor_width":"","_exactmetrics_skip_tracking":false,"_exactmetrics_sitenote_active":false,"_exactmetrics_sitenote_note":"","_exactmetrics_sitenote_category":0,"footnotes":""},"categories":[44],"tags":[],"class_list":["post-7789","post","type-post","status-publish","format-standard","has-post-thumbnail","hentry","category-culture"],"yoast_head":"<!-- This site is optimized with the Yoast SEO plugin v27.1.1 - https:\/\/yoast.com\/product\/yoast-seo-wordpress\/ -->\n<title>LA FLAMB\u00c9E MONTALBANAISE -<\/title>\n<meta name=\"robots\" content=\"index, follow, max-snippet:-1, max-image-preview:large, max-video-preview:-1\" \/>\n<link rel=\"canonical\" href=\"http:\/\/www.frederic-poitou.com\/blog\/la-flambee-montalbanaise\/\" \/>\n<meta property=\"og:locale\" content=\"fr_FR\" \/>\n<meta property=\"og:type\" content=\"article\" \/>\n<meta property=\"og:title\" content=\"LA FLAMB\u00c9E MONTALBANAISE -\" \/>\n<meta property=\"og:description\" content=\"Chauffe Marcel aurait dit Brel ! Trois version de ce th\u00e8me compos\u00e9 par Gus Viseur en souvenir de son d\u00e9part de Montauban pendant la guerre &#8230; Une version toute en sensualit\u00e9, lente. Une version plus harmonis\u00e9e, au tempo original Une &hellip; Lire la suite\u00ad\u00ad\" \/>\n<meta property=\"og:url\" content=\"http:\/\/www.frederic-poitou.com\/blog\/la-flambee-montalbanaise\/\" \/>\n<meta property=\"article:publisher\" content=\"https:\/\/www.facebook.com\/frederic.poitou\/\" \/>\n<meta property=\"article:published_time\" content=\"2023-07-14T05:32:32+00:00\" \/>\n<meta property=\"article:modified_time\" content=\"2026-04-16T19:01:16+00:00\" \/>\n<meta property=\"og:image\" content=\"http:\/\/www.frederic-poitou.com\/blog\/wp-content\/2019\/02\/flambee-montalbanaise.jpg.gif\" \/>\n\t<meta property=\"og:image:width\" content=\"639\" \/>\n\t<meta property=\"og:image:height\" content=\"541\" \/>\n\t<meta property=\"og:image:type\" content=\"image\/gif\" \/>\n<meta name=\"author\" content=\"Fr\u00e9d\u00e9ric Poitou\" \/>\n<meta name=\"twitter:card\" content=\"summary_large_image\" \/>\n<meta name=\"twitter:creator\" content=\"@fredericpoitou\" \/>\n<meta name=\"twitter:site\" content=\"@fredericpoitou\" \/>\n<meta name=\"twitter:label1\" content=\"\u00c9crit par\" \/>\n\t<meta name=\"twitter:data1\" content=\"Fr\u00e9d\u00e9ric Poitou\" \/>\n<script type=\"application\/ld+json\" class=\"yoast-schema-graph\">{\"@context\":\"https:\/\/schema.org\",\"@graph\":[{\"@type\":\"Article\",\"@id\":\"http:\/\/www.frederic-poitou.com\/blog\/la-flambee-montalbanaise\/#article\",\"isPartOf\":{\"@id\":\"http:\/\/www.frederic-poitou.com\/blog\/la-flambee-montalbanaise\/\"},\"author\":{\"name\":\"Fr\u00e9d\u00e9ric Poitou\",\"@id\":\"https:\/\/www.frederic-poitou.com\/blog\/#\/schema\/person\/e2c2d05e978747818533fdce859a7799\"},\"headline\":\"LA FLAMB\u00c9E MONTALBANAISE\",\"datePublished\":\"2023-07-14T05:32:32+00:00\",\"dateModified\":\"2026-04-16T19:01:16+00:00\",\"mainEntityOfPage\":{\"@id\":\"http:\/\/www.frederic-poitou.com\/blog\/la-flambee-montalbanaise\/\"},\"wordCount\":103,\"image\":{\"@id\":\"http:\/\/www.frederic-poitou.com\/blog\/la-flambee-montalbanaise\/#primaryimage\"},\"thumbnailUrl\":\"https:\/\/www.frederic-poitou.com\/blog\/wp-content\/2019\/02\/flambee-montalbanaise.jpg.gif\",\"articleSection\":[\"Culture\"],\"inLanguage\":\"fr-FR\"},{\"@type\":\"WebPage\",\"@id\":\"http:\/\/www.frederic-poitou.com\/blog\/la-flambee-montalbanaise\/\",\"url\":\"http:\/\/www.frederic-poitou.com\/blog\/la-flambee-montalbanaise\/\",\"name\":\"LA FLAMB\u00c9E MONTALBANAISE -\",\"isPartOf\":{\"@id\":\"https:\/\/www.frederic-poitou.com\/blog\/#website\"},\"primaryImageOfPage\":{\"@id\":\"http:\/\/www.frederic-poitou.com\/blog\/la-flambee-montalbanaise\/#primaryimage\"},\"image\":{\"@id\":\"http:\/\/www.frederic-poitou.com\/blog\/la-flambee-montalbanaise\/#primaryimage\"},\"thumbnailUrl\":\"https:\/\/www.frederic-poitou.com\/blog\/wp-content\/2019\/02\/flambee-montalbanaise.jpg.gif\",\"datePublished\":\"2023-07-14T05:32:32+00:00\",\"dateModified\":\"2026-04-16T19:01:16+00:00\",\"author\":{\"@id\":\"https:\/\/www.frederic-poitou.com\/blog\/#\/schema\/person\/e2c2d05e978747818533fdce859a7799\"},\"breadcrumb\":{\"@id\":\"http:\/\/www.frederic-poitou.com\/blog\/la-flambee-montalbanaise\/#breadcrumb\"},\"inLanguage\":\"fr-FR\",\"potentialAction\":[{\"@type\":\"ReadAction\",\"target\":[\"http:\/\/www.frederic-poitou.com\/blog\/la-flambee-montalbanaise\/\"]}]},{\"@type\":\"ImageObject\",\"inLanguage\":\"fr-FR\",\"@id\":\"http:\/\/www.frederic-poitou.com\/blog\/la-flambee-montalbanaise\/#primaryimage\",\"url\":\"https:\/\/www.frederic-poitou.com\/blog\/wp-content\/2019\/02\/flambee-montalbanaise.jpg.gif\",\"contentUrl\":\"https:\/\/www.frederic-poitou.com\/blog\/wp-content\/2019\/02\/flambee-montalbanaise.jpg.gif\",\"width\":639,\"height\":541},{\"@type\":\"BreadcrumbList\",\"@id\":\"http:\/\/www.frederic-poitou.com\/blog\/la-flambee-montalbanaise\/#breadcrumb\",\"itemListElement\":[{\"@type\":\"ListItem\",\"position\":1,\"name\":\"Accueil\",\"item\":\"https:\/\/www.frederic-poitou.com\/blog\/\"},{\"@type\":\"ListItem\",\"position\":2,\"name\":\"LA FLAMB\u00c9E MONTALBANAISE\"}]},{\"@type\":\"WebSite\",\"@id\":\"https:\/\/www.frederic-poitou.com\/blog\/#website\",\"url\":\"https:\/\/www.frederic-poitou.com\/blog\/\",\"name\":\"\",\"description\":\"\",\"potentialAction\":[{\"@type\":\"SearchAction\",\"target\":{\"@type\":\"EntryPoint\",\"urlTemplate\":\"https:\/\/www.frederic-poitou.com\/blog\/?s={search_term_string}\"},\"query-input\":{\"@type\":\"PropertyValueSpecification\",\"valueRequired\":true,\"valueName\":\"search_term_string\"}}],\"inLanguage\":\"fr-FR\"},{\"@type\":\"Person\",\"@id\":\"https:\/\/www.frederic-poitou.com\/blog\/#\/schema\/person\/e2c2d05e978747818533fdce859a7799\",\"name\":\"Fr\u00e9d\u00e9ric Poitou\",\"image\":{\"@type\":\"ImageObject\",\"inLanguage\":\"fr-FR\",\"@id\":\"https:\/\/www.frederic-poitou.com\/blog\/#\/schema\/person\/image\/\",\"url\":\"https:\/\/secure.gravatar.com\/avatar\/1933bcca279a2feafd35d9e0a080c521e11beb51115fe4cfe02e2586ac13424a?s=96&d=mm&r=g\",\"contentUrl\":\"https:\/\/secure.gravatar.com\/avatar\/1933bcca279a2feafd35d9e0a080c521e11beb51115fe4cfe02e2586ac13424a?s=96&d=mm&r=g\",\"caption\":\"Fr\u00e9d\u00e9ric Poitou\"},\"description\":\"Fr\u00e9d\u00e9ric Poitou est n\u00e9 \u00e0 Rouen, et y a fait des \u00e9tudes au Conservatoire en musique-\u00e9tudes en section piano. Il s'est ensuite orient\u00e9 vers des \u00e9tudes scientifiques o\u00f9 il a obtenu un dipl\u00f4me d'ing\u00e9nieur, puis un doctorat en Chimie. Il est Expert Judiciaire en France, en Belgique et \u00e0 Luxembourg, et agr\u00e9e par les Institutions Europ\u00e9ennes.\",\"sameAs\":[\"http:\/\/www.frederic-poitou.com\",\"https:\/\/www.linkedin.com\/in\/frederic-poitou-b045a025\/\"]}]}<\/script>\n<!-- \/ Yoast SEO plugin. -->","yoast_head_json":{"title":"LA FLAMB\u00c9E MONTALBANAISE -","robots":{"index":"index","follow":"follow","max-snippet":"max-snippet:-1","max-image-preview":"max-image-preview:large","max-video-preview":"max-video-preview:-1"},"canonical":"http:\/\/www.frederic-poitou.com\/blog\/la-flambee-montalbanaise\/","og_locale":"fr_FR","og_type":"article","og_title":"LA FLAMB\u00c9E MONTALBANAISE -","og_description":"Chauffe Marcel aurait dit Brel ! Trois version de ce th\u00e8me compos\u00e9 par Gus Viseur en souvenir de son d\u00e9part de Montauban pendant la guerre &#8230; Une version toute en sensualit\u00e9, lente. Une version plus harmonis\u00e9e, au tempo original Une &hellip; Lire la suite\u00ad\u00ad","og_url":"http:\/\/www.frederic-poitou.com\/blog\/la-flambee-montalbanaise\/","article_publisher":"https:\/\/www.facebook.com\/frederic.poitou\/","article_published_time":"2023-07-14T05:32:32+00:00","article_modified_time":"2026-04-16T19:01:16+00:00","og_image":[{"width":639,"height":541,"url":"http:\/\/www.frederic-poitou.com\/blog\/wp-content\/2019\/02\/flambee-montalbanaise.jpg.gif","type":"image\/gif"}],"author":"Fr\u00e9d\u00e9ric Poitou","twitter_card":"summary_large_image","twitter_creator":"@fredericpoitou","twitter_site":"@fredericpoitou","twitter_misc":{"\u00c9crit par":"Fr\u00e9d\u00e9ric Poitou"},"schema":{"@context":"https:\/\/schema.org","@graph":[{"@type":"Article","@id":"http:\/\/www.frederic-poitou.com\/blog\/la-flambee-montalbanaise\/#article","isPartOf":{"@id":"http:\/\/www.frederic-poitou.com\/blog\/la-flambee-montalbanaise\/"},"author":{"name":"Fr\u00e9d\u00e9ric Poitou","@id":"https:\/\/www.frederic-poitou.com\/blog\/#\/schema\/person\/e2c2d05e978747818533fdce859a7799"},"headline":"LA FLAMB\u00c9E MONTALBANAISE","datePublished":"2023-07-14T05:32:32+00:00","dateModified":"2026-04-16T19:01:16+00:00","mainEntityOfPage":{"@id":"http:\/\/www.frederic-poitou.com\/blog\/la-flambee-montalbanaise\/"},"wordCount":103,"image":{"@id":"http:\/\/www.frederic-poitou.com\/blog\/la-flambee-montalbanaise\/#primaryimage"},"thumbnailUrl":"https:\/\/www.frederic-poitou.com\/blog\/wp-content\/2019\/02\/flambee-montalbanaise.jpg.gif","articleSection":["Culture"],"inLanguage":"fr-FR"},{"@type":"WebPage","@id":"http:\/\/www.frederic-poitou.com\/blog\/la-flambee-montalbanaise\/","url":"http:\/\/www.frederic-poitou.com\/blog\/la-flambee-montalbanaise\/","name":"LA FLAMB\u00c9E MONTALBANAISE -","isPartOf":{"@id":"https:\/\/www.frederic-poitou.com\/blog\/#website"},"primaryImageOfPage":{"@id":"http:\/\/www.frederic-poitou.com\/blog\/la-flambee-montalbanaise\/#primaryimage"},"image":{"@id":"http:\/\/www.frederic-poitou.com\/blog\/la-flambee-montalbanaise\/#primaryimage"},"thumbnailUrl":"https:\/\/www.frederic-poitou.com\/blog\/wp-content\/2019\/02\/flambee-montalbanaise.jpg.gif","datePublished":"2023-07-14T05:32:32+00:00","dateModified":"2026-04-16T19:01:16+00:00","author":{"@id":"https:\/\/www.frederic-poitou.com\/blog\/#\/schema\/person\/e2c2d05e978747818533fdce859a7799"},"breadcrumb":{"@id":"http:\/\/www.frederic-poitou.com\/blog\/la-flambee-montalbanaise\/#breadcrumb"},"inLanguage":"fr-FR","potentialAction":[{"@type":"ReadAction","target":["http:\/\/www.frederic-poitou.com\/blog\/la-flambee-montalbanaise\/"]}]},{"@type":"ImageObject","inLanguage":"fr-FR","@id":"http:\/\/www.frederic-poitou.com\/blog\/la-flambee-montalbanaise\/#primaryimage","url":"https:\/\/www.frederic-poitou.com\/blog\/wp-content\/2019\/02\/flambee-montalbanaise.jpg.gif","contentUrl":"https:\/\/www.frederic-poitou.com\/blog\/wp-content\/2019\/02\/flambee-montalbanaise.jpg.gif","width":639,"height":541},{"@type":"BreadcrumbList","@id":"http:\/\/www.frederic-poitou.com\/blog\/la-flambee-montalbanaise\/#breadcrumb","itemListElement":[{"@type":"ListItem","position":1,"name":"Accueil","item":"https:\/\/www.frederic-poitou.com\/blog\/"},{"@type":"ListItem","position":2,"name":"LA FLAMB\u00c9E MONTALBANAISE"}]},{"@type":"WebSite","@id":"https:\/\/www.frederic-poitou.com\/blog\/#website","url":"https:\/\/www.frederic-poitou.com\/blog\/","name":"","description":"","potentialAction":[{"@type":"SearchAction","target":{"@type":"EntryPoint","urlTemplate":"https:\/\/www.frederic-poitou.com\/blog\/?s={search_term_string}"},"query-input":{"@type":"PropertyValueSpecification","valueRequired":true,"valueName":"search_term_string"}}],"inLanguage":"fr-FR"},{"@type":"Person","@id":"https:\/\/www.frederic-poitou.com\/blog\/#\/schema\/person\/e2c2d05e978747818533fdce859a7799","name":"Fr\u00e9d\u00e9ric Poitou","image":{"@type":"ImageObject","inLanguage":"fr-FR","@id":"https:\/\/www.frederic-poitou.com\/blog\/#\/schema\/person\/image\/","url":"https:\/\/secure.gravatar.com\/avatar\/1933bcca279a2feafd35d9e0a080c521e11beb51115fe4cfe02e2586ac13424a?s=96&d=mm&r=g","contentUrl":"https:\/\/secure.gravatar.com\/avatar\/1933bcca279a2feafd35d9e0a080c521e11beb51115fe4cfe02e2586ac13424a?s=96&d=mm&r=g","caption":"Fr\u00e9d\u00e9ric Poitou"},"description":"Fr\u00e9d\u00e9ric Poitou est n\u00e9 \u00e0 Rouen, et y a fait des \u00e9tudes au Conservatoire en musique-\u00e9tudes en section piano. Il s'est ensuite orient\u00e9 vers des \u00e9tudes scientifiques o\u00f9 il a obtenu un dipl\u00f4me d'ing\u00e9nieur, puis un doctorat en Chimie. Il est Expert Judiciaire en France, en Belgique et \u00e0 Luxembourg, et agr\u00e9e par les Institutions Europ\u00e9ennes.","sameAs":["http:\/\/www.frederic-poitou.com","https:\/\/www.linkedin.com\/in\/frederic-poitou-b045a025\/"]}]}},"_links":{"self":[{"href":"https:\/\/www.frederic-poitou.com\/blog\/wp-json\/wp\/v2\/posts\/7789","targetHints":{"allow":["GET"]}}],"collection":[{"href":"https:\/\/www.frederic-poitou.com\/blog\/wp-json\/wp\/v2\/posts"}],"about":[{"href":"https:\/\/www.frederic-poitou.com\/blog\/wp-json\/wp\/v2\/types\/post"}],"author":[{"embeddable":true,"href":"https:\/\/www.frederic-poitou.com\/blog\/wp-json\/wp\/v2\/users\/4"}],"replies":[{"embeddable":true,"href":"https:\/\/www.frederic-poitou.com\/blog\/wp-json\/wp\/v2\/comments?post=7789"}],"version-history":[{"count":1,"href":"https:\/\/www.frederic-poitou.com\/blog\/wp-json\/wp\/v2\/posts\/7789\/revisions"}],"predecessor-version":[{"id":8727,"href":"https:\/\/www.frederic-poitou.com\/blog\/wp-json\/wp\/v2\/posts\/7789\/revisions\/8727"}],"wp:featuredmedia":[{"embeddable":true,"href":"https:\/\/www.frederic-poitou.com\/blog\/wp-json\/wp\/v2\/media\/7793"}],"wp:attachment":[{"href":"https:\/\/www.frederic-poitou.com\/blog\/wp-json\/wp\/v2\/media?parent=7789"}],"wp:term":[{"taxonomy":"category","embeddable":true,"href":"https:\/\/www.frederic-poitou.com\/blog\/wp-json\/wp\/v2\/categories?post=7789"},{"taxonomy":"post_tag","embeddable":true,"href":"https:\/\/www.frederic-poitou.com\/blog\/wp-json\/wp\/v2\/tags?post=7789"}],"curies":[{"name":"wp","href":"https:\/\/api.w.org\/{rel}","templated":true}]}}