{"id":7756,"date":"2023-07-14T15:16:32","date_gmt":"2023-07-14T13:16:32","guid":{"rendered":"http:\/\/www.frederic-poitou.com\/blog\/?p=7756"},"modified":"2026-04-21T04:30:11","modified_gmt":"2026-04-21T02:30:11","slug":"droits-de-lhumanite","status":"publish","type":"post","link":"https:\/\/www.frederic-poitou.com\/blog\/droits-de-lhumanite\/","title":{"rendered":"DROITS DE L&rsquo;HUMANIT\u00c9"},"content":{"rendered":"\n<p>4 Principes, 6 droits fondamentaux pour chaque humain, 6 devoirs pour les g\u00e9n\u00e9rations et les institutions.<\/p>\n\n\n\n<p><br>Le projet de\u00a0\u00ab\u00a0D\u00e9claration des droits de l&rsquo;humanit\u00e9\u00a0\u00bb\u00a0(DDH) est un projet de d\u00e9claration r\u00e9dig\u00e9 en 2015 pour \u00eatre propos\u00e9 aux \u00c9tats-membres de l&rsquo;ONU\u00a0en marge de la\u00a0COP 21\u00a0en\u00a0d\u00e9cembre\u00a02015\u00a0\u00e0\u00a0Paris. Les droits et devoirs de l&rsquo;Humanit\u00e9 \u00e0 l&rsquo;\u00e9gard d&rsquo;elle-m\u00eame et des \u00e9cosyst\u00e8mes qui permettent sa vie ou survie sont ici d\u00e9finis comme\u00a0\u00ab\u00a0le droit pour tous les habitants de la Terre \u00e0 vivre dans un monde dont le futur n&rsquo;est pas compromis par l&rsquo;irresponsabilit\u00e9 du pr\u00e9sent\u00a0\u00bb.<\/p>\n\n\n\n<p>En compl\u00e9ment des grands textes \u00e0 vocation universaliste existants, ce projet de d\u00e9claration pr\u00e9cise les\u00a0droits fondamentaux de l&rsquo;Humanit\u00e9\u00a0(en reprenant la notion de\u00a0\u00ab\u00a0famille humaine\u00a0\u00bb\u00a0introduite par\u00a0Victor Hugo<a href=\"https:\/\/fr.wikipedia.org\/wiki\/D%C3%A9claration_des_droits_de_l'humanit%C3%A9_(projet)%22%20%5Cl%20%22cite_note-1\">1<\/a>, reprise par la\u00a0D\u00e9claration universelle de 1948. et consid\u00e9r\u00e9e comme structurante d&rsquo;un point de vue soci\u00e9tal par les courants humanistes. Le projet de texte est une version en fran\u00e7ais, compos\u00e9e de 16 articles, n\u00e9cessitant encore d&rsquo;\u00eatre approuv\u00e9 par les membres fondateurs de l&rsquo;Organisation des Nations unies.<\/p>\n\n\n\n<p>Il met en avant quatre grands principes\u2002: la\u00a0solidarit\u00e9 interg\u00e9n\u00e9rationnelle, la \u00ab\u00a0dignit\u00e9 de l&rsquo;humanit\u00e9\u00a0\u00bb, la \u00ab\u00a0continuit\u00e9 de l&rsquo;existence de l&rsquo;humanit\u00e9\u00a0\u00bb, et la \u00ab\u00a0non-discrimination\u00a0\u00e0 raison de l&rsquo;appartenance \u00e0 une g\u00e9n\u00e9ration\u00a0\u00bb, et six droits et six devoirs pour l&rsquo;humanit\u00e9\u00a0(deux autres principes et droits avaient \u00e9t\u00e9 propos\u00e9s, mais finalement non retenus car risquant trop d&rsquo;\u00eatre refus\u00e9s par certains \u00c9tats. Le Rapport Lepage les pr\u00e9sente n\u00e9anmoins comme deux\u00a0\u00ab\u00a0alternatives\u00a0\u00bb :<\/p>\n\n\n\n<ul class=\"wp-block-list\"><li>un \u00ab\u00a0principe de non-r\u00e9gression\u00a0\u00bb\u00a0;<\/li><\/ul>\n\n\n\n<ul class=\"wp-block-list\"><li>un paragraphe relatif aux\u00a0armes de destruction massive,\u00a0nucl\u00e9aires,\u00a0chimiques\u00a0et\u00a0biologiques\u00a0(car leurs effets diff\u00e9r\u00e9s, sanitaires et\/ou environnementaux\u00a0; dans l&rsquo;espace et le temps sont \u00ab\u00a0sans limites\u00a0\u00bb).<\/li><\/ul>\n\n\n\n<p>Sans v\u00e9ritable port\u00e9e\u00a0juridique\u00a0directe, ce texte aura s&rsquo;il est adopt\u00e9 une valeur de\u00a0proclamation\u00a0de\u00a0droits. Il pourrait n\u00e9anmoins \u00eatre un pr\u00e9lude \u00e0 des engagements futurs plus fermes ou opposables et le rapport Lepage rappelle qu&rsquo;une d\u00e9claration a une port\u00e9e op\u00e9rationnelle modeste, mais effective d\u00e8s sa publication (alors que le processus de ratification des conventions est souvent long).<\/p>\n\n\n\n<p>M\u00eame si l&rsquo;un des articles concerne la protection de l&rsquo;atmosph\u00e8re et des \u00e9quilibres climatiques, ce texte ne s&rsquo;inscrit pas directement dans la Cop 21. La France pourrait cependant profiter du grand nombre de chefs d&rsquo;\u00c9tats qui seront pr\u00e9sents \u00e0 Paris fin 2015 pour le leur pr\u00e9senter, puis \u00e9ventuellement le faire adopter par l&rsquo;assembl\u00e9e des Nations unies en 2016.<br><\/p>\n","protected":false},"excerpt":{"rendered":"<p>4 Principes, 6 droits fondamentaux pour chaque humain, 6 devoirs pour les g\u00e9n\u00e9rations et les institutions. Le projet de\u00a0\u00ab\u00a0D\u00e9claration des droits de l&rsquo;humanit\u00e9\u00a0\u00bb\u00a0(DDH) est un projet de d\u00e9claration r\u00e9dig\u00e9 en 2015 pour \u00eatre propos\u00e9 aux \u00c9tats-membres de l&rsquo;ONU\u00a0en marge de &hellip; <a href=\"https:\/\/www.frederic-poitou.com\/blog\/droits-de-lhumanite\/\">Lire la suite\u00ad\u00ad<\/a><\/p>\n","protected":false},"author":4,"featured_media":7757,"comment_status":"closed","ping_status":"open","sticky":false,"template":"","format":"standard","meta":{"kt_blocks_editor_width":"","_exactmetrics_skip_tracking":false,"_exactmetrics_sitenote_active":false,"_exactmetrics_sitenote_note":"","_exactmetrics_sitenote_category":0,"footnotes":""},"categories":[48],"tags":[],"class_list":["post-7756","post","type-post","status-publish","format-standard","has-post-thumbnail","hentry","category-accueil"],"yoast_head":"<!-- This site is optimized with the Yoast SEO plugin v27.1.1 - https:\/\/yoast.com\/product\/yoast-seo-wordpress\/ -->\n<title>DROITS DE L&#039;HUMANIT\u00c9 -<\/title>\n<meta name=\"robots\" content=\"index, follow, max-snippet:-1, max-image-preview:large, max-video-preview:-1\" \/>\n<link rel=\"canonical\" href=\"https:\/\/www.frederic-poitou.com\/blog\/droits-de-lhumanite\/\" \/>\n<meta property=\"og:locale\" content=\"fr_FR\" \/>\n<meta property=\"og:type\" content=\"article\" \/>\n<meta property=\"og:title\" content=\"DROITS DE L&#039;HUMANIT\u00c9 -\" \/>\n<meta property=\"og:description\" content=\"4 Principes, 6 droits fondamentaux pour chaque humain, 6 devoirs pour les g\u00e9n\u00e9rations et les institutions. Le projet de\u00a0\u00ab\u00a0D\u00e9claration des droits de l&rsquo;humanit\u00e9\u00a0\u00bb\u00a0(DDH) est un projet de d\u00e9claration r\u00e9dig\u00e9 en 2015 pour \u00eatre propos\u00e9 aux \u00c9tats-membres de l&rsquo;ONU\u00a0en marge de &hellip; Lire la suite\u00ad\u00ad\" \/>\n<meta property=\"og:url\" content=\"https:\/\/www.frederic-poitou.com\/blog\/droits-de-lhumanite\/\" \/>\n<meta property=\"article:publisher\" content=\"https:\/\/www.facebook.com\/frederic.poitou\/\" \/>\n<meta property=\"article:published_time\" content=\"2023-07-14T13:16:32+00:00\" \/>\n<meta property=\"article:modified_time\" content=\"2026-04-21T02:30:11+00:00\" \/>\n<meta property=\"og:image\" content=\"https:\/\/www.frederic-poitou.com\/blog\/wp-content\/2019\/01\/logo_ddhu_site.png\" \/>\n\t<meta property=\"og:image:width\" content=\"439\" \/>\n\t<meta property=\"og:image:height\" content=\"388\" \/>\n\t<meta property=\"og:image:type\" content=\"image\/png\" \/>\n<meta name=\"author\" content=\"Fr\u00e9d\u00e9ric Poitou\" \/>\n<meta name=\"twitter:card\" content=\"summary_large_image\" \/>\n<meta name=\"twitter:creator\" content=\"@fredericpoitou\" \/>\n<meta name=\"twitter:site\" content=\"@fredericpoitou\" \/>\n<meta name=\"twitter:label1\" content=\"\u00c9crit par\" \/>\n\t<meta name=\"twitter:data1\" content=\"Fr\u00e9d\u00e9ric Poitou\" \/>\n\t<meta name=\"twitter:label2\" content=\"Dur\u00e9e de lecture estim\u00e9e\" \/>\n\t<meta name=\"twitter:data2\" content=\"2 minutes\" \/>\n<script type=\"application\/ld+json\" class=\"yoast-schema-graph\">{\"@context\":\"https:\/\/schema.org\",\"@graph\":[{\"@type\":\"Article\",\"@id\":\"https:\/\/www.frederic-poitou.com\/blog\/droits-de-lhumanite\/#article\",\"isPartOf\":{\"@id\":\"https:\/\/www.frederic-poitou.com\/blog\/droits-de-lhumanite\/\"},\"author\":{\"name\":\"Fr\u00e9d\u00e9ric Poitou\",\"@id\":\"http:\/\/www.frederic-poitou.com\/blog\/#\/schema\/person\/e2c2d05e978747818533fdce859a7799\"},\"headline\":\"DROITS DE L&rsquo;HUMANIT\u00c9\",\"datePublished\":\"2023-07-14T13:16:32+00:00\",\"dateModified\":\"2026-04-21T02:30:11+00:00\",\"mainEntityOfPage\":{\"@id\":\"https:\/\/www.frederic-poitou.com\/blog\/droits-de-lhumanite\/\"},\"wordCount\":444,\"image\":{\"@id\":\"https:\/\/www.frederic-poitou.com\/blog\/droits-de-lhumanite\/#primaryimage\"},\"thumbnailUrl\":\"https:\/\/www.frederic-poitou.com\/blog\/wp-content\/2019\/01\/logo_ddhu_site.png\",\"articleSection\":[\"Accueil\"],\"inLanguage\":\"fr-FR\"},{\"@type\":\"WebPage\",\"@id\":\"https:\/\/www.frederic-poitou.com\/blog\/droits-de-lhumanite\/\",\"url\":\"https:\/\/www.frederic-poitou.com\/blog\/droits-de-lhumanite\/\",\"name\":\"DROITS DE L'HUMANIT\u00c9 -\",\"isPartOf\":{\"@id\":\"http:\/\/www.frederic-poitou.com\/blog\/#website\"},\"primaryImageOfPage\":{\"@id\":\"https:\/\/www.frederic-poitou.com\/blog\/droits-de-lhumanite\/#primaryimage\"},\"image\":{\"@id\":\"https:\/\/www.frederic-poitou.com\/blog\/droits-de-lhumanite\/#primaryimage\"},\"thumbnailUrl\":\"https:\/\/www.frederic-poitou.com\/blog\/wp-content\/2019\/01\/logo_ddhu_site.png\",\"datePublished\":\"2023-07-14T13:16:32+00:00\",\"dateModified\":\"2026-04-21T02:30:11+00:00\",\"author\":{\"@id\":\"http:\/\/www.frederic-poitou.com\/blog\/#\/schema\/person\/e2c2d05e978747818533fdce859a7799\"},\"breadcrumb\":{\"@id\":\"https:\/\/www.frederic-poitou.com\/blog\/droits-de-lhumanite\/#breadcrumb\"},\"inLanguage\":\"fr-FR\",\"potentialAction\":[{\"@type\":\"ReadAction\",\"target\":[\"https:\/\/www.frederic-poitou.com\/blog\/droits-de-lhumanite\/\"]}]},{\"@type\":\"ImageObject\",\"inLanguage\":\"fr-FR\",\"@id\":\"https:\/\/www.frederic-poitou.com\/blog\/droits-de-lhumanite\/#primaryimage\",\"url\":\"https:\/\/www.frederic-poitou.com\/blog\/wp-content\/2019\/01\/logo_ddhu_site.png\",\"contentUrl\":\"https:\/\/www.frederic-poitou.com\/blog\/wp-content\/2019\/01\/logo_ddhu_site.png\",\"width\":439,\"height\":388},{\"@type\":\"BreadcrumbList\",\"@id\":\"https:\/\/www.frederic-poitou.com\/blog\/droits-de-lhumanite\/#breadcrumb\",\"itemListElement\":[{\"@type\":\"ListItem\",\"position\":1,\"name\":\"Accueil\",\"item\":\"http:\/\/www.frederic-poitou.com\/blog\/\"},{\"@type\":\"ListItem\",\"position\":2,\"name\":\"DROITS DE L&rsquo;HUMANIT\u00c9\"}]},{\"@type\":\"WebSite\",\"@id\":\"http:\/\/www.frederic-poitou.com\/blog\/#website\",\"url\":\"http:\/\/www.frederic-poitou.com\/blog\/\",\"name\":\"\",\"description\":\"\",\"potentialAction\":[{\"@type\":\"SearchAction\",\"target\":{\"@type\":\"EntryPoint\",\"urlTemplate\":\"http:\/\/www.frederic-poitou.com\/blog\/?s={search_term_string}\"},\"query-input\":{\"@type\":\"PropertyValueSpecification\",\"valueRequired\":true,\"valueName\":\"search_term_string\"}}],\"inLanguage\":\"fr-FR\"},{\"@type\":\"Person\",\"@id\":\"http:\/\/www.frederic-poitou.com\/blog\/#\/schema\/person\/e2c2d05e978747818533fdce859a7799\",\"name\":\"Fr\u00e9d\u00e9ric Poitou\",\"image\":{\"@type\":\"ImageObject\",\"inLanguage\":\"fr-FR\",\"@id\":\"http:\/\/www.frederic-poitou.com\/blog\/#\/schema\/person\/image\/\",\"url\":\"https:\/\/secure.gravatar.com\/avatar\/1933bcca279a2feafd35d9e0a080c521e11beb51115fe4cfe02e2586ac13424a?s=96&d=mm&r=g\",\"contentUrl\":\"https:\/\/secure.gravatar.com\/avatar\/1933bcca279a2feafd35d9e0a080c521e11beb51115fe4cfe02e2586ac13424a?s=96&d=mm&r=g\",\"caption\":\"Fr\u00e9d\u00e9ric Poitou\"},\"description\":\"Fr\u00e9d\u00e9ric Poitou est n\u00e9 \u00e0 Rouen, et y a fait des \u00e9tudes au Conservatoire en musique-\u00e9tudes en section piano. Il s'est ensuite orient\u00e9 vers des \u00e9tudes scientifiques o\u00f9 il a obtenu un dipl\u00f4me d'ing\u00e9nieur, puis un doctorat en Chimie. Il est Expert Judiciaire en France, en Belgique et \u00e0 Luxembourg, et agr\u00e9e par les Institutions Europ\u00e9ennes.\",\"sameAs\":[\"http:\/\/www.frederic-poitou.com\",\"https:\/\/www.linkedin.com\/in\/frederic-poitou-b045a025\/\"]}]}<\/script>\n<!-- \/ Yoast SEO plugin. -->","yoast_head_json":{"title":"DROITS DE L'HUMANIT\u00c9 -","robots":{"index":"index","follow":"follow","max-snippet":"max-snippet:-1","max-image-preview":"max-image-preview:large","max-video-preview":"max-video-preview:-1"},"canonical":"https:\/\/www.frederic-poitou.com\/blog\/droits-de-lhumanite\/","og_locale":"fr_FR","og_type":"article","og_title":"DROITS DE L'HUMANIT\u00c9 -","og_description":"4 Principes, 6 droits fondamentaux pour chaque humain, 6 devoirs pour les g\u00e9n\u00e9rations et les institutions. Le projet de\u00a0\u00ab\u00a0D\u00e9claration des droits de l&rsquo;humanit\u00e9\u00a0\u00bb\u00a0(DDH) est un projet de d\u00e9claration r\u00e9dig\u00e9 en 2015 pour \u00eatre propos\u00e9 aux \u00c9tats-membres de l&rsquo;ONU\u00a0en marge de &hellip; Lire la suite\u00ad\u00ad","og_url":"https:\/\/www.frederic-poitou.com\/blog\/droits-de-lhumanite\/","article_publisher":"https:\/\/www.facebook.com\/frederic.poitou\/","article_published_time":"2023-07-14T13:16:32+00:00","article_modified_time":"2026-04-21T02:30:11+00:00","og_image":[{"width":439,"height":388,"url":"https:\/\/www.frederic-poitou.com\/blog\/wp-content\/2019\/01\/logo_ddhu_site.png","type":"image\/png"}],"author":"Fr\u00e9d\u00e9ric Poitou","twitter_card":"summary_large_image","twitter_creator":"@fredericpoitou","twitter_site":"@fredericpoitou","twitter_misc":{"\u00c9crit par":"Fr\u00e9d\u00e9ric Poitou","Dur\u00e9e de lecture estim\u00e9e":"2 minutes"},"schema":{"@context":"https:\/\/schema.org","@graph":[{"@type":"Article","@id":"https:\/\/www.frederic-poitou.com\/blog\/droits-de-lhumanite\/#article","isPartOf":{"@id":"https:\/\/www.frederic-poitou.com\/blog\/droits-de-lhumanite\/"},"author":{"name":"Fr\u00e9d\u00e9ric Poitou","@id":"http:\/\/www.frederic-poitou.com\/blog\/#\/schema\/person\/e2c2d05e978747818533fdce859a7799"},"headline":"DROITS DE L&rsquo;HUMANIT\u00c9","datePublished":"2023-07-14T13:16:32+00:00","dateModified":"2026-04-21T02:30:11+00:00","mainEntityOfPage":{"@id":"https:\/\/www.frederic-poitou.com\/blog\/droits-de-lhumanite\/"},"wordCount":444,"image":{"@id":"https:\/\/www.frederic-poitou.com\/blog\/droits-de-lhumanite\/#primaryimage"},"thumbnailUrl":"https:\/\/www.frederic-poitou.com\/blog\/wp-content\/2019\/01\/logo_ddhu_site.png","articleSection":["Accueil"],"inLanguage":"fr-FR"},{"@type":"WebPage","@id":"https:\/\/www.frederic-poitou.com\/blog\/droits-de-lhumanite\/","url":"https:\/\/www.frederic-poitou.com\/blog\/droits-de-lhumanite\/","name":"DROITS DE L'HUMANIT\u00c9 -","isPartOf":{"@id":"http:\/\/www.frederic-poitou.com\/blog\/#website"},"primaryImageOfPage":{"@id":"https:\/\/www.frederic-poitou.com\/blog\/droits-de-lhumanite\/#primaryimage"},"image":{"@id":"https:\/\/www.frederic-poitou.com\/blog\/droits-de-lhumanite\/#primaryimage"},"thumbnailUrl":"https:\/\/www.frederic-poitou.com\/blog\/wp-content\/2019\/01\/logo_ddhu_site.png","datePublished":"2023-07-14T13:16:32+00:00","dateModified":"2026-04-21T02:30:11+00:00","author":{"@id":"http:\/\/www.frederic-poitou.com\/blog\/#\/schema\/person\/e2c2d05e978747818533fdce859a7799"},"breadcrumb":{"@id":"https:\/\/www.frederic-poitou.com\/blog\/droits-de-lhumanite\/#breadcrumb"},"inLanguage":"fr-FR","potentialAction":[{"@type":"ReadAction","target":["https:\/\/www.frederic-poitou.com\/blog\/droits-de-lhumanite\/"]}]},{"@type":"ImageObject","inLanguage":"fr-FR","@id":"https:\/\/www.frederic-poitou.com\/blog\/droits-de-lhumanite\/#primaryimage","url":"https:\/\/www.frederic-poitou.com\/blog\/wp-content\/2019\/01\/logo_ddhu_site.png","contentUrl":"https:\/\/www.frederic-poitou.com\/blog\/wp-content\/2019\/01\/logo_ddhu_site.png","width":439,"height":388},{"@type":"BreadcrumbList","@id":"https:\/\/www.frederic-poitou.com\/blog\/droits-de-lhumanite\/#breadcrumb","itemListElement":[{"@type":"ListItem","position":1,"name":"Accueil","item":"http:\/\/www.frederic-poitou.com\/blog\/"},{"@type":"ListItem","position":2,"name":"DROITS DE L&rsquo;HUMANIT\u00c9"}]},{"@type":"WebSite","@id":"http:\/\/www.frederic-poitou.com\/blog\/#website","url":"http:\/\/www.frederic-poitou.com\/blog\/","name":"","description":"","potentialAction":[{"@type":"SearchAction","target":{"@type":"EntryPoint","urlTemplate":"http:\/\/www.frederic-poitou.com\/blog\/?s={search_term_string}"},"query-input":{"@type":"PropertyValueSpecification","valueRequired":true,"valueName":"search_term_string"}}],"inLanguage":"fr-FR"},{"@type":"Person","@id":"http:\/\/www.frederic-poitou.com\/blog\/#\/schema\/person\/e2c2d05e978747818533fdce859a7799","name":"Fr\u00e9d\u00e9ric Poitou","image":{"@type":"ImageObject","inLanguage":"fr-FR","@id":"http:\/\/www.frederic-poitou.com\/blog\/#\/schema\/person\/image\/","url":"https:\/\/secure.gravatar.com\/avatar\/1933bcca279a2feafd35d9e0a080c521e11beb51115fe4cfe02e2586ac13424a?s=96&d=mm&r=g","contentUrl":"https:\/\/secure.gravatar.com\/avatar\/1933bcca279a2feafd35d9e0a080c521e11beb51115fe4cfe02e2586ac13424a?s=96&d=mm&r=g","caption":"Fr\u00e9d\u00e9ric Poitou"},"description":"Fr\u00e9d\u00e9ric Poitou est n\u00e9 \u00e0 Rouen, et y a fait des \u00e9tudes au Conservatoire en musique-\u00e9tudes en section piano. Il s'est ensuite orient\u00e9 vers des \u00e9tudes scientifiques o\u00f9 il a obtenu un dipl\u00f4me d'ing\u00e9nieur, puis un doctorat en Chimie. Il est Expert Judiciaire en France, en Belgique et \u00e0 Luxembourg, et agr\u00e9e par les Institutions Europ\u00e9ennes.","sameAs":["http:\/\/www.frederic-poitou.com","https:\/\/www.linkedin.com\/in\/frederic-poitou-b045a025\/"]}]}},"_links":{"self":[{"href":"https:\/\/www.frederic-poitou.com\/blog\/wp-json\/wp\/v2\/posts\/7756","targetHints":{"allow":["GET"]}}],"collection":[{"href":"https:\/\/www.frederic-poitou.com\/blog\/wp-json\/wp\/v2\/posts"}],"about":[{"href":"https:\/\/www.frederic-poitou.com\/blog\/wp-json\/wp\/v2\/types\/post"}],"author":[{"embeddable":true,"href":"https:\/\/www.frederic-poitou.com\/blog\/wp-json\/wp\/v2\/users\/4"}],"replies":[{"embeddable":true,"href":"https:\/\/www.frederic-poitou.com\/blog\/wp-json\/wp\/v2\/comments?post=7756"}],"version-history":[{"count":1,"href":"https:\/\/www.frederic-poitou.com\/blog\/wp-json\/wp\/v2\/posts\/7756\/revisions"}],"predecessor-version":[{"id":8736,"href":"https:\/\/www.frederic-poitou.com\/blog\/wp-json\/wp\/v2\/posts\/7756\/revisions\/8736"}],"wp:featuredmedia":[{"embeddable":true,"href":"https:\/\/www.frederic-poitou.com\/blog\/wp-json\/wp\/v2\/media\/7757"}],"wp:attachment":[{"href":"https:\/\/www.frederic-poitou.com\/blog\/wp-json\/wp\/v2\/media?parent=7756"}],"wp:term":[{"taxonomy":"category","embeddable":true,"href":"https:\/\/www.frederic-poitou.com\/blog\/wp-json\/wp\/v2\/categories?post=7756"},{"taxonomy":"post_tag","embeddable":true,"href":"https:\/\/www.frederic-poitou.com\/blog\/wp-json\/wp\/v2\/tags?post=7756"}],"curies":[{"name":"wp","href":"https:\/\/api.w.org\/{rel}","templated":true}]}}