{"id":7742,"date":"2023-07-13T14:21:32","date_gmt":"2023-07-13T12:21:32","guid":{"rendered":"http:\/\/www.frederic-poitou.com\/blog\/?p=7742"},"modified":"2026-04-09T10:36:45","modified_gmt":"2026-04-09T08:36:45","slug":"conference-de-presse","status":"publish","type":"post","link":"https:\/\/www.frederic-poitou.com\/blog\/conference-de-presse\/","title":{"rendered":"T&rsquo;EN VEUX DE LA CONF\u00c9RENCE DE PRESSE ?"},"content":{"rendered":"\r\n<p>Extrait du premier des deux albums \u00ab\u00a0Conf\u00e9rence de Presse\u00a0\u00bb, cette version est un collector !\u00a0<\/p>\r\n<p>Un \u00e9tudiant de la prestigieuse \u00e9cole \u00ab\u00a0Dante Agostini\u00a0\u00bb a d\u00e9cid\u00e9 d&rsquo;ajouter la ligne de percussion !<\/p>\r\n<p>&nbsp;<\/p>\r\n<p><iframe loading=\"lazy\" title=\"Les Grelots - Eddy Louiss, Michel Petrucciani, Joachim Greve\" width=\"500\" height=\"281\" src=\"https:\/\/www.youtube.com\/embed\/ftQfrEtgWlo?feature=oembed\" frameborder=\"0\" allow=\"accelerometer; autoplay; clipboard-write; encrypted-media; gyroscope; picture-in-picture; web-share\" referrerpolicy=\"strict-origin-when-cross-origin\" allowfullscreen><\/iframe><\/p>\r\n\r\n\r\n\r\n\r\n<hr \/>\r\n\r\n\r\n<p>Puis, pour les puriste, une version rapide du culte \u00ab\u00a0So What\u00a0\u00bb de Miles Davis, un standard du Jazz modal. Pour m\u00e9moire, si tu veux que ca groove, tu claques les doigts sur les second et quatri\u00e8me temps. Si tu claques sur les premiers et troisi\u00e8me, non seulement ca groove pas, mais t&rsquo;auras l&rsquo;air d&rsquo;un blaireau en club.<br \/>Ensuite, si le chorus te plait, tu applaudis, m\u00eame si la musique continue. OK ?<\/p>\r\n<p><iframe loading=\"lazy\" title=\"So What (Live)\" width=\"500\" height=\"375\" src=\"https:\/\/www.youtube.com\/embed\/9U-ixVBhWWI?feature=oembed\" frameborder=\"0\" allow=\"accelerometer; autoplay; clipboard-write; encrypted-media; gyroscope; picture-in-picture; web-share\" referrerpolicy=\"strict-origin-when-cross-origin\" allowfullscreen><\/iframe><\/p>\r\n\r\n\r\n<hr \/>\r\n\r\n\r\n<p>Enfin, pour les anciens, amateurs de Duke, une version puls\u00e9e de \u00ab\u00a0Caravan\u00a0\u00bb, un morceau cr\u00e9e et immortalis\u00e9 en 1937. T&rsquo;as qu&rsquo;\u00e0 voir mon pote ! 37 je te dis. Tu vas voir les attaques de Pettrucciani comme \u00e7a d\u00e9coince les poussi\u00e8res dans les coins du clavier. Apr\u00e8s, l&rsquo;ami Eddy Louiss, \u00e0 l&rsquo;improbable orgue Hammond fait le reste.<\/p>\r\n<p><br \/>C&rsquo;est cadeau, c&rsquo;est pour moi. Ne me remerciez pas, ca fait plaisir.<\/p>\r\n<p><iframe loading=\"lazy\" title=\"Eddy Louiss &amp; Michel Petrucciani - Caravan\" width=\"500\" height=\"375\" src=\"https:\/\/www.youtube.com\/embed\/zAii-M2kBik?feature=oembed\" frameborder=\"0\" allow=\"accelerometer; autoplay; clipboard-write; encrypted-media; gyroscope; picture-in-picture; web-share\" referrerpolicy=\"strict-origin-when-cross-origin\" allowfullscreen><\/iframe><\/p>\r\n","protected":false},"excerpt":{"rendered":"<p>Extrait du premier des deux albums \u00ab\u00a0Conf\u00e9rence de Presse\u00a0\u00bb, cette version est un collector !\u00a0 Un \u00e9tudiant de la prestigieuse \u00e9cole \u00ab\u00a0Dante Agostini\u00a0\u00bb a d\u00e9cid\u00e9 d&rsquo;ajouter la ligne de percussion ! &nbsp; Puis, pour les puriste, une version rapide du &hellip; <a href=\"https:\/\/www.frederic-poitou.com\/blog\/conference-de-presse\/\">Lire la suite\u00ad\u00ad<\/a><\/p>\n","protected":false},"author":4,"featured_media":9716,"comment_status":"closed","ping_status":"open","sticky":false,"template":"","format":"standard","meta":{"kt_blocks_editor_width":"","_exactmetrics_skip_tracking":false,"_exactmetrics_sitenote_active":false,"_exactmetrics_sitenote_note":"","_exactmetrics_sitenote_category":0,"footnotes":""},"categories":[48,44],"tags":[],"class_list":["post-7742","post","type-post","status-publish","format-standard","has-post-thumbnail","hentry","category-accueil","category-culture"],"yoast_head":"<!-- This site is optimized with the Yoast SEO plugin v27.1.1 - https:\/\/yoast.com\/product\/yoast-seo-wordpress\/ -->\n<title>T&#039;EN VEUX DE LA CONF\u00c9RENCE DE PRESSE ? -<\/title>\n<meta name=\"robots\" content=\"index, follow, max-snippet:-1, max-image-preview:large, max-video-preview:-1\" \/>\n<link rel=\"canonical\" href=\"https:\/\/www.frederic-poitou.com\/blog\/conference-de-presse\/\" \/>\n<meta property=\"og:locale\" content=\"fr_FR\" \/>\n<meta property=\"og:type\" content=\"article\" \/>\n<meta property=\"og:title\" content=\"T&#039;EN VEUX DE LA CONF\u00c9RENCE DE PRESSE ? -\" \/>\n<meta property=\"og:description\" content=\"Extrait du premier des deux albums \u00ab\u00a0Conf\u00e9rence de Presse\u00a0\u00bb, cette version est un collector !\u00a0 Un \u00e9tudiant de la prestigieuse \u00e9cole \u00ab\u00a0Dante Agostini\u00a0\u00bb a d\u00e9cid\u00e9 d&rsquo;ajouter la ligne de percussion ! &nbsp; Puis, pour les puriste, une version rapide du &hellip; Lire la suite\u00ad\u00ad\" \/>\n<meta property=\"og:url\" content=\"https:\/\/www.frederic-poitou.com\/blog\/conference-de-presse\/\" \/>\n<meta property=\"article:publisher\" content=\"https:\/\/www.facebook.com\/frederic.poitou\/\" \/>\n<meta property=\"article:published_time\" content=\"2023-07-13T12:21:32+00:00\" \/>\n<meta property=\"article:modified_time\" content=\"2026-04-09T08:36:45+00:00\" \/>\n<meta property=\"og:image\" content=\"https:\/\/www.frederic-poitou.com\/blog\/wp-content\/2020\/02\/michel-petrucciani-by-marco91282.jpg\" \/>\n\t<meta property=\"og:image:width\" content=\"500\" \/>\n\t<meta property=\"og:image:height\" content=\"393\" \/>\n\t<meta property=\"og:image:type\" content=\"image\/jpeg\" \/>\n<meta name=\"author\" content=\"Fr\u00e9d\u00e9ric Poitou\" \/>\n<meta name=\"twitter:card\" content=\"summary_large_image\" \/>\n<meta name=\"twitter:creator\" content=\"@fredericpoitou\" \/>\n<meta name=\"twitter:site\" content=\"@fredericpoitou\" \/>\n<meta name=\"twitter:label1\" content=\"\u00c9crit par\" \/>\n\t<meta name=\"twitter:data1\" content=\"Fr\u00e9d\u00e9ric Poitou\" \/>\n\t<meta name=\"twitter:label2\" content=\"Dur\u00e9e de lecture estim\u00e9e\" \/>\n\t<meta name=\"twitter:data2\" content=\"1 minute\" \/>\n<script type=\"application\/ld+json\" class=\"yoast-schema-graph\">{\"@context\":\"https:\/\/schema.org\",\"@graph\":[{\"@type\":\"Article\",\"@id\":\"https:\/\/www.frederic-poitou.com\/blog\/conference-de-presse\/#article\",\"isPartOf\":{\"@id\":\"https:\/\/www.frederic-poitou.com\/blog\/conference-de-presse\/\"},\"author\":{\"name\":\"Fr\u00e9d\u00e9ric Poitou\",\"@id\":\"http:\/\/www.frederic-poitou.com\/blog\/#\/schema\/person\/e2c2d05e978747818533fdce859a7799\"},\"headline\":\"T&rsquo;EN VEUX DE LA CONF\u00c9RENCE DE PRESSE ?\",\"datePublished\":\"2023-07-13T12:21:32+00:00\",\"dateModified\":\"2026-04-09T08:36:45+00:00\",\"mainEntityOfPage\":{\"@id\":\"https:\/\/www.frederic-poitou.com\/blog\/conference-de-presse\/\"},\"wordCount\":225,\"image\":{\"@id\":\"https:\/\/www.frederic-poitou.com\/blog\/conference-de-presse\/#primaryimage\"},\"thumbnailUrl\":\"https:\/\/www.frederic-poitou.com\/blog\/wp-content\/2020\/02\/michel-petrucciani-by-marco91282.jpg\",\"articleSection\":[\"Accueil\",\"Culture\"],\"inLanguage\":\"fr-FR\"},{\"@type\":\"WebPage\",\"@id\":\"https:\/\/www.frederic-poitou.com\/blog\/conference-de-presse\/\",\"url\":\"https:\/\/www.frederic-poitou.com\/blog\/conference-de-presse\/\",\"name\":\"T'EN VEUX DE LA CONF\u00c9RENCE DE PRESSE ? -\",\"isPartOf\":{\"@id\":\"http:\/\/www.frederic-poitou.com\/blog\/#website\"},\"primaryImageOfPage\":{\"@id\":\"https:\/\/www.frederic-poitou.com\/blog\/conference-de-presse\/#primaryimage\"},\"image\":{\"@id\":\"https:\/\/www.frederic-poitou.com\/blog\/conference-de-presse\/#primaryimage\"},\"thumbnailUrl\":\"https:\/\/www.frederic-poitou.com\/blog\/wp-content\/2020\/02\/michel-petrucciani-by-marco91282.jpg\",\"datePublished\":\"2023-07-13T12:21:32+00:00\",\"dateModified\":\"2026-04-09T08:36:45+00:00\",\"author\":{\"@id\":\"http:\/\/www.frederic-poitou.com\/blog\/#\/schema\/person\/e2c2d05e978747818533fdce859a7799\"},\"breadcrumb\":{\"@id\":\"https:\/\/www.frederic-poitou.com\/blog\/conference-de-presse\/#breadcrumb\"},\"inLanguage\":\"fr-FR\",\"potentialAction\":[{\"@type\":\"ReadAction\",\"target\":[\"https:\/\/www.frederic-poitou.com\/blog\/conference-de-presse\/\"]}]},{\"@type\":\"ImageObject\",\"inLanguage\":\"fr-FR\",\"@id\":\"https:\/\/www.frederic-poitou.com\/blog\/conference-de-presse\/#primaryimage\",\"url\":\"https:\/\/www.frederic-poitou.com\/blog\/wp-content\/2020\/02\/michel-petrucciani-by-marco91282.jpg\",\"contentUrl\":\"https:\/\/www.frederic-poitou.com\/blog\/wp-content\/2020\/02\/michel-petrucciani-by-marco91282.jpg\",\"width\":500,\"height\":393},{\"@type\":\"BreadcrumbList\",\"@id\":\"https:\/\/www.frederic-poitou.com\/blog\/conference-de-presse\/#breadcrumb\",\"itemListElement\":[{\"@type\":\"ListItem\",\"position\":1,\"name\":\"Accueil\",\"item\":\"http:\/\/www.frederic-poitou.com\/blog\/\"},{\"@type\":\"ListItem\",\"position\":2,\"name\":\"T&rsquo;EN VEUX DE LA CONF\u00c9RENCE DE PRESSE ?\"}]},{\"@type\":\"WebSite\",\"@id\":\"http:\/\/www.frederic-poitou.com\/blog\/#website\",\"url\":\"http:\/\/www.frederic-poitou.com\/blog\/\",\"name\":\"\",\"description\":\"\",\"potentialAction\":[{\"@type\":\"SearchAction\",\"target\":{\"@type\":\"EntryPoint\",\"urlTemplate\":\"http:\/\/www.frederic-poitou.com\/blog\/?s={search_term_string}\"},\"query-input\":{\"@type\":\"PropertyValueSpecification\",\"valueRequired\":true,\"valueName\":\"search_term_string\"}}],\"inLanguage\":\"fr-FR\"},{\"@type\":\"Person\",\"@id\":\"http:\/\/www.frederic-poitou.com\/blog\/#\/schema\/person\/e2c2d05e978747818533fdce859a7799\",\"name\":\"Fr\u00e9d\u00e9ric Poitou\",\"image\":{\"@type\":\"ImageObject\",\"inLanguage\":\"fr-FR\",\"@id\":\"http:\/\/www.frederic-poitou.com\/blog\/#\/schema\/person\/image\/\",\"url\":\"https:\/\/secure.gravatar.com\/avatar\/1933bcca279a2feafd35d9e0a080c521e11beb51115fe4cfe02e2586ac13424a?s=96&d=mm&r=g\",\"contentUrl\":\"https:\/\/secure.gravatar.com\/avatar\/1933bcca279a2feafd35d9e0a080c521e11beb51115fe4cfe02e2586ac13424a?s=96&d=mm&r=g\",\"caption\":\"Fr\u00e9d\u00e9ric Poitou\"},\"description\":\"Fr\u00e9d\u00e9ric Poitou est n\u00e9 \u00e0 Rouen, et y a fait des \u00e9tudes au Conservatoire en musique-\u00e9tudes en section piano. Il s'est ensuite orient\u00e9 vers des \u00e9tudes scientifiques o\u00f9 il a obtenu un dipl\u00f4me d'ing\u00e9nieur, puis un doctorat en Chimie. Il est Expert Judiciaire en France, en Belgique et \u00e0 Luxembourg, et agr\u00e9e par les Institutions Europ\u00e9ennes.\",\"sameAs\":[\"http:\/\/www.frederic-poitou.com\",\"https:\/\/www.linkedin.com\/in\/frederic-poitou-b045a025\/\"]}]}<\/script>\n<!-- \/ Yoast SEO plugin. -->","yoast_head_json":{"title":"T'EN VEUX DE LA CONF\u00c9RENCE DE PRESSE ? -","robots":{"index":"index","follow":"follow","max-snippet":"max-snippet:-1","max-image-preview":"max-image-preview:large","max-video-preview":"max-video-preview:-1"},"canonical":"https:\/\/www.frederic-poitou.com\/blog\/conference-de-presse\/","og_locale":"fr_FR","og_type":"article","og_title":"T'EN VEUX DE LA CONF\u00c9RENCE DE PRESSE ? -","og_description":"Extrait du premier des deux albums \u00ab\u00a0Conf\u00e9rence de Presse\u00a0\u00bb, cette version est un collector !\u00a0 Un \u00e9tudiant de la prestigieuse \u00e9cole \u00ab\u00a0Dante Agostini\u00a0\u00bb a d\u00e9cid\u00e9 d&rsquo;ajouter la ligne de percussion ! &nbsp; Puis, pour les puriste, une version rapide du &hellip; Lire la suite\u00ad\u00ad","og_url":"https:\/\/www.frederic-poitou.com\/blog\/conference-de-presse\/","article_publisher":"https:\/\/www.facebook.com\/frederic.poitou\/","article_published_time":"2023-07-13T12:21:32+00:00","article_modified_time":"2026-04-09T08:36:45+00:00","og_image":[{"width":500,"height":393,"url":"https:\/\/www.frederic-poitou.com\/blog\/wp-content\/2020\/02\/michel-petrucciani-by-marco91282.jpg","type":"image\/jpeg"}],"author":"Fr\u00e9d\u00e9ric Poitou","twitter_card":"summary_large_image","twitter_creator":"@fredericpoitou","twitter_site":"@fredericpoitou","twitter_misc":{"\u00c9crit par":"Fr\u00e9d\u00e9ric Poitou","Dur\u00e9e de lecture estim\u00e9e":"1 minute"},"schema":{"@context":"https:\/\/schema.org","@graph":[{"@type":"Article","@id":"https:\/\/www.frederic-poitou.com\/blog\/conference-de-presse\/#article","isPartOf":{"@id":"https:\/\/www.frederic-poitou.com\/blog\/conference-de-presse\/"},"author":{"name":"Fr\u00e9d\u00e9ric Poitou","@id":"http:\/\/www.frederic-poitou.com\/blog\/#\/schema\/person\/e2c2d05e978747818533fdce859a7799"},"headline":"T&rsquo;EN VEUX DE LA CONF\u00c9RENCE DE PRESSE ?","datePublished":"2023-07-13T12:21:32+00:00","dateModified":"2026-04-09T08:36:45+00:00","mainEntityOfPage":{"@id":"https:\/\/www.frederic-poitou.com\/blog\/conference-de-presse\/"},"wordCount":225,"image":{"@id":"https:\/\/www.frederic-poitou.com\/blog\/conference-de-presse\/#primaryimage"},"thumbnailUrl":"https:\/\/www.frederic-poitou.com\/blog\/wp-content\/2020\/02\/michel-petrucciani-by-marco91282.jpg","articleSection":["Accueil","Culture"],"inLanguage":"fr-FR"},{"@type":"WebPage","@id":"https:\/\/www.frederic-poitou.com\/blog\/conference-de-presse\/","url":"https:\/\/www.frederic-poitou.com\/blog\/conference-de-presse\/","name":"T'EN VEUX DE LA CONF\u00c9RENCE DE PRESSE ? -","isPartOf":{"@id":"http:\/\/www.frederic-poitou.com\/blog\/#website"},"primaryImageOfPage":{"@id":"https:\/\/www.frederic-poitou.com\/blog\/conference-de-presse\/#primaryimage"},"image":{"@id":"https:\/\/www.frederic-poitou.com\/blog\/conference-de-presse\/#primaryimage"},"thumbnailUrl":"https:\/\/www.frederic-poitou.com\/blog\/wp-content\/2020\/02\/michel-petrucciani-by-marco91282.jpg","datePublished":"2023-07-13T12:21:32+00:00","dateModified":"2026-04-09T08:36:45+00:00","author":{"@id":"http:\/\/www.frederic-poitou.com\/blog\/#\/schema\/person\/e2c2d05e978747818533fdce859a7799"},"breadcrumb":{"@id":"https:\/\/www.frederic-poitou.com\/blog\/conference-de-presse\/#breadcrumb"},"inLanguage":"fr-FR","potentialAction":[{"@type":"ReadAction","target":["https:\/\/www.frederic-poitou.com\/blog\/conference-de-presse\/"]}]},{"@type":"ImageObject","inLanguage":"fr-FR","@id":"https:\/\/www.frederic-poitou.com\/blog\/conference-de-presse\/#primaryimage","url":"https:\/\/www.frederic-poitou.com\/blog\/wp-content\/2020\/02\/michel-petrucciani-by-marco91282.jpg","contentUrl":"https:\/\/www.frederic-poitou.com\/blog\/wp-content\/2020\/02\/michel-petrucciani-by-marco91282.jpg","width":500,"height":393},{"@type":"BreadcrumbList","@id":"https:\/\/www.frederic-poitou.com\/blog\/conference-de-presse\/#breadcrumb","itemListElement":[{"@type":"ListItem","position":1,"name":"Accueil","item":"http:\/\/www.frederic-poitou.com\/blog\/"},{"@type":"ListItem","position":2,"name":"T&rsquo;EN VEUX DE LA CONF\u00c9RENCE DE PRESSE ?"}]},{"@type":"WebSite","@id":"http:\/\/www.frederic-poitou.com\/blog\/#website","url":"http:\/\/www.frederic-poitou.com\/blog\/","name":"","description":"","potentialAction":[{"@type":"SearchAction","target":{"@type":"EntryPoint","urlTemplate":"http:\/\/www.frederic-poitou.com\/blog\/?s={search_term_string}"},"query-input":{"@type":"PropertyValueSpecification","valueRequired":true,"valueName":"search_term_string"}}],"inLanguage":"fr-FR"},{"@type":"Person","@id":"http:\/\/www.frederic-poitou.com\/blog\/#\/schema\/person\/e2c2d05e978747818533fdce859a7799","name":"Fr\u00e9d\u00e9ric Poitou","image":{"@type":"ImageObject","inLanguage":"fr-FR","@id":"http:\/\/www.frederic-poitou.com\/blog\/#\/schema\/person\/image\/","url":"https:\/\/secure.gravatar.com\/avatar\/1933bcca279a2feafd35d9e0a080c521e11beb51115fe4cfe02e2586ac13424a?s=96&d=mm&r=g","contentUrl":"https:\/\/secure.gravatar.com\/avatar\/1933bcca279a2feafd35d9e0a080c521e11beb51115fe4cfe02e2586ac13424a?s=96&d=mm&r=g","caption":"Fr\u00e9d\u00e9ric Poitou"},"description":"Fr\u00e9d\u00e9ric Poitou est n\u00e9 \u00e0 Rouen, et y a fait des \u00e9tudes au Conservatoire en musique-\u00e9tudes en section piano. Il s'est ensuite orient\u00e9 vers des \u00e9tudes scientifiques o\u00f9 il a obtenu un dipl\u00f4me d'ing\u00e9nieur, puis un doctorat en Chimie. Il est Expert Judiciaire en France, en Belgique et \u00e0 Luxembourg, et agr\u00e9e par les Institutions Europ\u00e9ennes.","sameAs":["http:\/\/www.frederic-poitou.com","https:\/\/www.linkedin.com\/in\/frederic-poitou-b045a025\/"]}]}},"_links":{"self":[{"href":"https:\/\/www.frederic-poitou.com\/blog\/wp-json\/wp\/v2\/posts\/7742","targetHints":{"allow":["GET"]}}],"collection":[{"href":"https:\/\/www.frederic-poitou.com\/blog\/wp-json\/wp\/v2\/posts"}],"about":[{"href":"https:\/\/www.frederic-poitou.com\/blog\/wp-json\/wp\/v2\/types\/post"}],"author":[{"embeddable":true,"href":"https:\/\/www.frederic-poitou.com\/blog\/wp-json\/wp\/v2\/users\/4"}],"replies":[{"embeddable":true,"href":"https:\/\/www.frederic-poitou.com\/blog\/wp-json\/wp\/v2\/comments?post=7742"}],"version-history":[{"count":3,"href":"https:\/\/www.frederic-poitou.com\/blog\/wp-json\/wp\/v2\/posts\/7742\/revisions"}],"predecessor-version":[{"id":9718,"href":"https:\/\/www.frederic-poitou.com\/blog\/wp-json\/wp\/v2\/posts\/7742\/revisions\/9718"}],"wp:featuredmedia":[{"embeddable":true,"href":"https:\/\/www.frederic-poitou.com\/blog\/wp-json\/wp\/v2\/media\/9716"}],"wp:attachment":[{"href":"https:\/\/www.frederic-poitou.com\/blog\/wp-json\/wp\/v2\/media?parent=7742"}],"wp:term":[{"taxonomy":"category","embeddable":true,"href":"https:\/\/www.frederic-poitou.com\/blog\/wp-json\/wp\/v2\/categories?post=7742"},{"taxonomy":"post_tag","embeddable":true,"href":"https:\/\/www.frederic-poitou.com\/blog\/wp-json\/wp\/v2\/tags?post=7742"}],"curies":[{"name":"wp","href":"https:\/\/api.w.org\/{rel}","templated":true}]}}