{"id":7668,"date":"2023-07-14T15:56:32","date_gmt":"2023-07-14T13:56:32","guid":{"rendered":"http:\/\/www.frederic-poitou.com\/blog\/?p=7668"},"modified":"2026-04-21T12:55:52","modified_gmt":"2026-04-21T10:55:52","slug":"gilets-jaunes-et-blancs-bonnets","status":"publish","type":"post","link":"https:\/\/www.frederic-poitou.com\/blog\/gilets-jaunes-et-blancs-bonnets\/","title":{"rendered":"GILETS JAUNES ET BLANCS BONNETS"},"content":{"rendered":"<div class=\"titre\">\n<div class=\"chapeau\">\n<p class=\"paragraphe-chapeau \">Depuis 50 ans, les Fran\u00e7ais consomment un peu plus <span style=\"color: #0000ff;\"><a style=\"color: #0000ff;\" href=\"http:\/\/www.frederic-poitou.com\/blog\/wp-content\/INSEE.pdf\" target=\"_blank\" rel=\"noopener noreferrer\">chaque ann\u00e9e<\/a>,<\/span> si bien qu\u2019aujourd\u2019hui le volume annuel de consommation par personne est trois fois plus \u00e9lev\u00e9 qu\u2019en 1960. La France est pourtant pass\u00e9e des Trente Glorieuses, caract\u00e9ris\u00e9es par le d\u00e9veloppement d\u2019une consommation de masse, \u00e0 une p\u00e9riode beaucoup moins dynamique en termes de gains de pouvoir d\u2019achat et de consommation \u00e0 partir du milieu des ann\u00e9es 1970. Les parts r\u00e9serv\u00e9es \u00e0 l\u2019alimentation et \u00e0 l\u2019habillement se sont r\u00e9duites au profit du logement de la sant\u00e9, de la communication et des loisirs.<\/p>\n<p class=\"paragraphe-chapeau \">Les services prennent aujourd\u2019hui une part pr\u00e9pond\u00e9rante dans le budget des m\u00e9nages, bien plus importante qu\u2019en 1960 : les loyers tiennent une place croissante, et les prix des autres services ont progress\u00e9 plus rapidement que ceux des biens. Ce d\u00e9placement des d\u00e9penses en valeur au profit des services recouvre des \u00e9volutions plus complexes sur les volumes consomm\u00e9s.<\/p>\n<p class=\"paragraphe-chapeau \">En r\u00e9sum\u00e9 en tout cas, les d\u00e9placements se sont faits plut\u00f4t sur les d\u00e9penses de sant\u00e9 et de services (principalement loisirs, et t\u00e9l\u00e9communication), plut\u00f4t que les d\u00e9penses de transport. Quant aux d\u00e9penses li\u00e9es \u00e0 l&rsquo;\u00e9nergies, apr\u00e8s une croissance pendant les ann\u00e9es 80, du fait de l&rsquo;optimisation des performances des sources (moteurs, chauffage et autres), elles se retrouvent proportionnellement au m\u00eame pourcentage que dans les ann\u00e9es soixante dix.<\/p>\n<p>C&rsquo;est amusant comme les chiffres sont terriblement contraires \u00e0 la manipulation que l&rsquo;on fait des gilets jaunes, des bonnets rouges et des blancs bonnets, non ?<\/p>\n<\/div>\n<\/div>\n<div class=\"titre-sommaire publication\">\n<div class=\"details clearfix\">\n<div class=\"details-gauche contenu-mixte\">\n<p>On peut d\u00e9cider d&rsquo;avoir les abonnements pour regarder le foot (autour de 80\u20ac par mois, tous bouquets confondus), plusieurs portables, plusieurs voitures, allez \u00e0 DisneyLand, et avoir un abonnement Netflix, ou faire d&rsquo;autres choix.<\/p>\n<p>C&rsquo;est chouette finalement la d\u00e9mocratie, qui permet au <a href=\"https:\/\/www.bfmtv.com\/mediaplayer\/video\/gilets-jaunes-wallerand-de-saint-just-du-rassemblement-national-est-venu-manifester-sa-solidarite-1118046.html\" target=\"_blank\" rel=\"noopener noreferrer\"><span style=\"color: #0000ff;\">F<\/span>N<\/a> de se joindre \u00e0 la <span style=\"color: #0000ff;\"><a style=\"color: #0000ff;\" href=\"https:\/\/www.huffingtonpost.fr\/2018\/11\/17\/les-chiffres-de-mobilisation-des-gilets-jaunes-contestes-par-melenchon-qui-crie-a-la-manipulation_a_23592264\/\" target=\"_blank\" rel=\"noopener noreferrer\">France Insoumise<\/a><\/span>, \u00e0 <span style=\"color: #0000ff;\"><a style=\"color: #0000ff;\" href=\"https:\/\/www.ouest-france.fr\/societe\/gilets-jaunes\/nicolas-dupont-aignan-demande-aux-gilets-jaunes-d-entrer-en-resistance-6075513\" target=\"_blank\" rel=\"noopener noreferrer\">Debout la France<\/a><\/span>, pour d\u00e9fendre des valeurs qui les opposaient voici moins de trois ans !<\/p>\n<\/div>\n<\/div>\n<\/div>\n","protected":false},"excerpt":{"rendered":"<p>Depuis 50 ans, les Fran\u00e7ais consomment un peu plus chaque ann\u00e9e, si bien qu\u2019aujourd\u2019hui le volume annuel de consommation par personne est trois fois plus \u00e9lev\u00e9 qu\u2019en 1960. La France est pourtant pass\u00e9e des Trente Glorieuses, caract\u00e9ris\u00e9es par le d\u00e9veloppement &hellip; <a href=\"https:\/\/www.frederic-poitou.com\/blog\/gilets-jaunes-et-blancs-bonnets\/\">Lire la suite\u00ad\u00ad<\/a><\/p>\n","protected":false},"author":4,"featured_media":7672,"comment_status":"closed","ping_status":"open","sticky":false,"template":"","format":"standard","meta":{"kt_blocks_editor_width":"","_exactmetrics_skip_tracking":false,"_exactmetrics_sitenote_active":false,"_exactmetrics_sitenote_note":"","_exactmetrics_sitenote_category":0,"footnotes":""},"categories":[48,51],"tags":[],"class_list":["post-7668","post","type-post","status-publish","format-standard","has-post-thumbnail","hentry","category-accueil","category-politique"],"yoast_head":"<!-- This site is optimized with the Yoast SEO plugin v27.1.1 - https:\/\/yoast.com\/product\/yoast-seo-wordpress\/ -->\n<title>GILETS JAUNES ET BLANCS BONNETS -<\/title>\n<meta name=\"robots\" content=\"index, follow, max-snippet:-1, max-image-preview:large, max-video-preview:-1\" \/>\n<link rel=\"canonical\" href=\"http:\/\/www.frederic-poitou.com\/blog\/gilets-jaunes-et-blancs-bonnets\/\" \/>\n<meta property=\"og:locale\" content=\"fr_FR\" \/>\n<meta property=\"og:type\" content=\"article\" \/>\n<meta property=\"og:title\" content=\"GILETS JAUNES ET BLANCS BONNETS -\" \/>\n<meta property=\"og:description\" content=\"Depuis 50 ans, les Fran\u00e7ais consomment un peu plus chaque ann\u00e9e, si bien qu\u2019aujourd\u2019hui le volume annuel de consommation par personne est trois fois plus \u00e9lev\u00e9 qu\u2019en 1960. La France est pourtant pass\u00e9e des Trente Glorieuses, caract\u00e9ris\u00e9es par le d\u00e9veloppement &hellip; Lire la suite\u00ad\u00ad\" \/>\n<meta property=\"og:url\" content=\"http:\/\/www.frederic-poitou.com\/blog\/gilets-jaunes-et-blancs-bonnets\/\" \/>\n<meta property=\"article:publisher\" content=\"https:\/\/www.facebook.com\/frederic.poitou\/\" \/>\n<meta property=\"article:published_time\" content=\"2023-07-14T13:56:32+00:00\" \/>\n<meta property=\"article:modified_time\" content=\"2026-04-21T10:55:52+00:00\" \/>\n<meta property=\"og:image\" content=\"http:\/\/www.frederic-poitou.com\/blog\/wp-content\/2018\/11\/maxnewsworldfour652486.jpg\" \/>\n\t<meta property=\"og:image:width\" content=\"1200\" \/>\n\t<meta property=\"og:image:height\" content=\"789\" \/>\n\t<meta property=\"og:image:type\" content=\"image\/jpeg\" \/>\n<meta name=\"author\" content=\"Fr\u00e9d\u00e9ric Poitou\" \/>\n<meta name=\"twitter:card\" content=\"summary_large_image\" \/>\n<meta name=\"twitter:creator\" content=\"@fredericpoitou\" \/>\n<meta name=\"twitter:site\" content=\"@fredericpoitou\" \/>\n<meta name=\"twitter:label1\" content=\"\u00c9crit par\" \/>\n\t<meta name=\"twitter:data1\" content=\"Fr\u00e9d\u00e9ric Poitou\" \/>\n\t<meta name=\"twitter:label2\" content=\"Dur\u00e9e de lecture estim\u00e9e\" \/>\n\t<meta name=\"twitter:data2\" content=\"2 minutes\" \/>\n<script type=\"application\/ld+json\" class=\"yoast-schema-graph\">{\"@context\":\"https:\/\/schema.org\",\"@graph\":[{\"@type\":\"Article\",\"@id\":\"http:\/\/www.frederic-poitou.com\/blog\/gilets-jaunes-et-blancs-bonnets\/#article\",\"isPartOf\":{\"@id\":\"http:\/\/www.frederic-poitou.com\/blog\/gilets-jaunes-et-blancs-bonnets\/\"},\"author\":{\"name\":\"Fr\u00e9d\u00e9ric Poitou\",\"@id\":\"https:\/\/www.frederic-poitou.com\/blog\/#\/schema\/person\/e2c2d05e978747818533fdce859a7799\"},\"headline\":\"GILETS JAUNES ET BLANCS BONNETS\",\"datePublished\":\"2023-07-14T13:56:32+00:00\",\"dateModified\":\"2026-04-21T10:55:52+00:00\",\"mainEntityOfPage\":{\"@id\":\"http:\/\/www.frederic-poitou.com\/blog\/gilets-jaunes-et-blancs-bonnets\/\"},\"wordCount\":345,\"image\":{\"@id\":\"http:\/\/www.frederic-poitou.com\/blog\/gilets-jaunes-et-blancs-bonnets\/#primaryimage\"},\"thumbnailUrl\":\"https:\/\/www.frederic-poitou.com\/blog\/wp-content\/2018\/11\/maxnewsworldfour652486.jpg\",\"articleSection\":[\"Accueil\",\"Politique\"],\"inLanguage\":\"fr-FR\"},{\"@type\":\"WebPage\",\"@id\":\"http:\/\/www.frederic-poitou.com\/blog\/gilets-jaunes-et-blancs-bonnets\/\",\"url\":\"http:\/\/www.frederic-poitou.com\/blog\/gilets-jaunes-et-blancs-bonnets\/\",\"name\":\"GILETS JAUNES ET BLANCS BONNETS -\",\"isPartOf\":{\"@id\":\"https:\/\/www.frederic-poitou.com\/blog\/#website\"},\"primaryImageOfPage\":{\"@id\":\"http:\/\/www.frederic-poitou.com\/blog\/gilets-jaunes-et-blancs-bonnets\/#primaryimage\"},\"image\":{\"@id\":\"http:\/\/www.frederic-poitou.com\/blog\/gilets-jaunes-et-blancs-bonnets\/#primaryimage\"},\"thumbnailUrl\":\"https:\/\/www.frederic-poitou.com\/blog\/wp-content\/2018\/11\/maxnewsworldfour652486.jpg\",\"datePublished\":\"2023-07-14T13:56:32+00:00\",\"dateModified\":\"2026-04-21T10:55:52+00:00\",\"author\":{\"@id\":\"https:\/\/www.frederic-poitou.com\/blog\/#\/schema\/person\/e2c2d05e978747818533fdce859a7799\"},\"breadcrumb\":{\"@id\":\"http:\/\/www.frederic-poitou.com\/blog\/gilets-jaunes-et-blancs-bonnets\/#breadcrumb\"},\"inLanguage\":\"fr-FR\",\"potentialAction\":[{\"@type\":\"ReadAction\",\"target\":[\"http:\/\/www.frederic-poitou.com\/blog\/gilets-jaunes-et-blancs-bonnets\/\"]}]},{\"@type\":\"ImageObject\",\"inLanguage\":\"fr-FR\",\"@id\":\"http:\/\/www.frederic-poitou.com\/blog\/gilets-jaunes-et-blancs-bonnets\/#primaryimage\",\"url\":\"https:\/\/www.frederic-poitou.com\/blog\/wp-content\/2018\/11\/maxnewsworldfour652486.jpg\",\"contentUrl\":\"https:\/\/www.frederic-poitou.com\/blog\/wp-content\/2018\/11\/maxnewsworldfour652486.jpg\",\"width\":1200,\"height\":789,\"caption\":\"\u00a9PHOTOPQR\/LA DEPECHE DU MIDI ; DDM FREDERIC CHARMEUX - SUR LE PARKING DU ROND POINT A L' ENTREE DE SESQUIERES , REUNION PREPARATOIRE A LA MANIFESTATION DES GILETS JAUNES DU 17 NOVEMBRE PROCHAIN (MaxPPP TagID: maxnewsworldfour652486.jpg) [Photo via MaxPPP]\"},{\"@type\":\"BreadcrumbList\",\"@id\":\"http:\/\/www.frederic-poitou.com\/blog\/gilets-jaunes-et-blancs-bonnets\/#breadcrumb\",\"itemListElement\":[{\"@type\":\"ListItem\",\"position\":1,\"name\":\"Accueil\",\"item\":\"https:\/\/www.frederic-poitou.com\/blog\/\"},{\"@type\":\"ListItem\",\"position\":2,\"name\":\"GILETS JAUNES ET BLANCS BONNETS\"}]},{\"@type\":\"WebSite\",\"@id\":\"https:\/\/www.frederic-poitou.com\/blog\/#website\",\"url\":\"https:\/\/www.frederic-poitou.com\/blog\/\",\"name\":\"\",\"description\":\"\",\"potentialAction\":[{\"@type\":\"SearchAction\",\"target\":{\"@type\":\"EntryPoint\",\"urlTemplate\":\"https:\/\/www.frederic-poitou.com\/blog\/?s={search_term_string}\"},\"query-input\":{\"@type\":\"PropertyValueSpecification\",\"valueRequired\":true,\"valueName\":\"search_term_string\"}}],\"inLanguage\":\"fr-FR\"},{\"@type\":\"Person\",\"@id\":\"https:\/\/www.frederic-poitou.com\/blog\/#\/schema\/person\/e2c2d05e978747818533fdce859a7799\",\"name\":\"Fr\u00e9d\u00e9ric Poitou\",\"image\":{\"@type\":\"ImageObject\",\"inLanguage\":\"fr-FR\",\"@id\":\"https:\/\/www.frederic-poitou.com\/blog\/#\/schema\/person\/image\/\",\"url\":\"https:\/\/secure.gravatar.com\/avatar\/1933bcca279a2feafd35d9e0a080c521e11beb51115fe4cfe02e2586ac13424a?s=96&d=mm&r=g\",\"contentUrl\":\"https:\/\/secure.gravatar.com\/avatar\/1933bcca279a2feafd35d9e0a080c521e11beb51115fe4cfe02e2586ac13424a?s=96&d=mm&r=g\",\"caption\":\"Fr\u00e9d\u00e9ric Poitou\"},\"description\":\"Fr\u00e9d\u00e9ric Poitou est n\u00e9 \u00e0 Rouen, et y a fait des \u00e9tudes au Conservatoire en musique-\u00e9tudes en section piano. Il s'est ensuite orient\u00e9 vers des \u00e9tudes scientifiques o\u00f9 il a obtenu un dipl\u00f4me d'ing\u00e9nieur, puis un doctorat en Chimie. Il est Expert Judiciaire en France, en Belgique et \u00e0 Luxembourg, et agr\u00e9e par les Institutions Europ\u00e9ennes.\",\"sameAs\":[\"http:\/\/www.frederic-poitou.com\",\"https:\/\/www.linkedin.com\/in\/frederic-poitou-b045a025\/\"]}]}<\/script>\n<!-- \/ Yoast SEO plugin. -->","yoast_head_json":{"title":"GILETS JAUNES ET BLANCS BONNETS -","robots":{"index":"index","follow":"follow","max-snippet":"max-snippet:-1","max-image-preview":"max-image-preview:large","max-video-preview":"max-video-preview:-1"},"canonical":"http:\/\/www.frederic-poitou.com\/blog\/gilets-jaunes-et-blancs-bonnets\/","og_locale":"fr_FR","og_type":"article","og_title":"GILETS JAUNES ET BLANCS BONNETS -","og_description":"Depuis 50 ans, les Fran\u00e7ais consomment un peu plus chaque ann\u00e9e, si bien qu\u2019aujourd\u2019hui le volume annuel de consommation par personne est trois fois plus \u00e9lev\u00e9 qu\u2019en 1960. La France est pourtant pass\u00e9e des Trente Glorieuses, caract\u00e9ris\u00e9es par le d\u00e9veloppement &hellip; Lire la suite\u00ad\u00ad","og_url":"http:\/\/www.frederic-poitou.com\/blog\/gilets-jaunes-et-blancs-bonnets\/","article_publisher":"https:\/\/www.facebook.com\/frederic.poitou\/","article_published_time":"2023-07-14T13:56:32+00:00","article_modified_time":"2026-04-21T10:55:52+00:00","og_image":[{"width":1200,"height":789,"url":"http:\/\/www.frederic-poitou.com\/blog\/wp-content\/2018\/11\/maxnewsworldfour652486.jpg","type":"image\/jpeg"}],"author":"Fr\u00e9d\u00e9ric Poitou","twitter_card":"summary_large_image","twitter_creator":"@fredericpoitou","twitter_site":"@fredericpoitou","twitter_misc":{"\u00c9crit par":"Fr\u00e9d\u00e9ric Poitou","Dur\u00e9e de lecture estim\u00e9e":"2 minutes"},"schema":{"@context":"https:\/\/schema.org","@graph":[{"@type":"Article","@id":"http:\/\/www.frederic-poitou.com\/blog\/gilets-jaunes-et-blancs-bonnets\/#article","isPartOf":{"@id":"http:\/\/www.frederic-poitou.com\/blog\/gilets-jaunes-et-blancs-bonnets\/"},"author":{"name":"Fr\u00e9d\u00e9ric Poitou","@id":"https:\/\/www.frederic-poitou.com\/blog\/#\/schema\/person\/e2c2d05e978747818533fdce859a7799"},"headline":"GILETS JAUNES ET BLANCS BONNETS","datePublished":"2023-07-14T13:56:32+00:00","dateModified":"2026-04-21T10:55:52+00:00","mainEntityOfPage":{"@id":"http:\/\/www.frederic-poitou.com\/blog\/gilets-jaunes-et-blancs-bonnets\/"},"wordCount":345,"image":{"@id":"http:\/\/www.frederic-poitou.com\/blog\/gilets-jaunes-et-blancs-bonnets\/#primaryimage"},"thumbnailUrl":"https:\/\/www.frederic-poitou.com\/blog\/wp-content\/2018\/11\/maxnewsworldfour652486.jpg","articleSection":["Accueil","Politique"],"inLanguage":"fr-FR"},{"@type":"WebPage","@id":"http:\/\/www.frederic-poitou.com\/blog\/gilets-jaunes-et-blancs-bonnets\/","url":"http:\/\/www.frederic-poitou.com\/blog\/gilets-jaunes-et-blancs-bonnets\/","name":"GILETS JAUNES ET BLANCS BONNETS -","isPartOf":{"@id":"https:\/\/www.frederic-poitou.com\/blog\/#website"},"primaryImageOfPage":{"@id":"http:\/\/www.frederic-poitou.com\/blog\/gilets-jaunes-et-blancs-bonnets\/#primaryimage"},"image":{"@id":"http:\/\/www.frederic-poitou.com\/blog\/gilets-jaunes-et-blancs-bonnets\/#primaryimage"},"thumbnailUrl":"https:\/\/www.frederic-poitou.com\/blog\/wp-content\/2018\/11\/maxnewsworldfour652486.jpg","datePublished":"2023-07-14T13:56:32+00:00","dateModified":"2026-04-21T10:55:52+00:00","author":{"@id":"https:\/\/www.frederic-poitou.com\/blog\/#\/schema\/person\/e2c2d05e978747818533fdce859a7799"},"breadcrumb":{"@id":"http:\/\/www.frederic-poitou.com\/blog\/gilets-jaunes-et-blancs-bonnets\/#breadcrumb"},"inLanguage":"fr-FR","potentialAction":[{"@type":"ReadAction","target":["http:\/\/www.frederic-poitou.com\/blog\/gilets-jaunes-et-blancs-bonnets\/"]}]},{"@type":"ImageObject","inLanguage":"fr-FR","@id":"http:\/\/www.frederic-poitou.com\/blog\/gilets-jaunes-et-blancs-bonnets\/#primaryimage","url":"https:\/\/www.frederic-poitou.com\/blog\/wp-content\/2018\/11\/maxnewsworldfour652486.jpg","contentUrl":"https:\/\/www.frederic-poitou.com\/blog\/wp-content\/2018\/11\/maxnewsworldfour652486.jpg","width":1200,"height":789,"caption":"\u00a9PHOTOPQR\/LA DEPECHE DU MIDI ; DDM FREDERIC CHARMEUX - SUR LE PARKING DU ROND POINT A L' ENTREE DE SESQUIERES , REUNION PREPARATOIRE A LA MANIFESTATION DES GILETS JAUNES DU 17 NOVEMBRE PROCHAIN (MaxPPP TagID: maxnewsworldfour652486.jpg) [Photo via MaxPPP]"},{"@type":"BreadcrumbList","@id":"http:\/\/www.frederic-poitou.com\/blog\/gilets-jaunes-et-blancs-bonnets\/#breadcrumb","itemListElement":[{"@type":"ListItem","position":1,"name":"Accueil","item":"https:\/\/www.frederic-poitou.com\/blog\/"},{"@type":"ListItem","position":2,"name":"GILETS JAUNES ET BLANCS BONNETS"}]},{"@type":"WebSite","@id":"https:\/\/www.frederic-poitou.com\/blog\/#website","url":"https:\/\/www.frederic-poitou.com\/blog\/","name":"","description":"","potentialAction":[{"@type":"SearchAction","target":{"@type":"EntryPoint","urlTemplate":"https:\/\/www.frederic-poitou.com\/blog\/?s={search_term_string}"},"query-input":{"@type":"PropertyValueSpecification","valueRequired":true,"valueName":"search_term_string"}}],"inLanguage":"fr-FR"},{"@type":"Person","@id":"https:\/\/www.frederic-poitou.com\/blog\/#\/schema\/person\/e2c2d05e978747818533fdce859a7799","name":"Fr\u00e9d\u00e9ric Poitou","image":{"@type":"ImageObject","inLanguage":"fr-FR","@id":"https:\/\/www.frederic-poitou.com\/blog\/#\/schema\/person\/image\/","url":"https:\/\/secure.gravatar.com\/avatar\/1933bcca279a2feafd35d9e0a080c521e11beb51115fe4cfe02e2586ac13424a?s=96&d=mm&r=g","contentUrl":"https:\/\/secure.gravatar.com\/avatar\/1933bcca279a2feafd35d9e0a080c521e11beb51115fe4cfe02e2586ac13424a?s=96&d=mm&r=g","caption":"Fr\u00e9d\u00e9ric Poitou"},"description":"Fr\u00e9d\u00e9ric Poitou est n\u00e9 \u00e0 Rouen, et y a fait des \u00e9tudes au Conservatoire en musique-\u00e9tudes en section piano. Il s'est ensuite orient\u00e9 vers des \u00e9tudes scientifiques o\u00f9 il a obtenu un dipl\u00f4me d'ing\u00e9nieur, puis un doctorat en Chimie. Il est Expert Judiciaire en France, en Belgique et \u00e0 Luxembourg, et agr\u00e9e par les Institutions Europ\u00e9ennes.","sameAs":["http:\/\/www.frederic-poitou.com","https:\/\/www.linkedin.com\/in\/frederic-poitou-b045a025\/"]}]}},"_links":{"self":[{"href":"https:\/\/www.frederic-poitou.com\/blog\/wp-json\/wp\/v2\/posts\/7668","targetHints":{"allow":["GET"]}}],"collection":[{"href":"https:\/\/www.frederic-poitou.com\/blog\/wp-json\/wp\/v2\/posts"}],"about":[{"href":"https:\/\/www.frederic-poitou.com\/blog\/wp-json\/wp\/v2\/types\/post"}],"author":[{"embeddable":true,"href":"https:\/\/www.frederic-poitou.com\/blog\/wp-json\/wp\/v2\/users\/4"}],"replies":[{"embeddable":true,"href":"https:\/\/www.frederic-poitou.com\/blog\/wp-json\/wp\/v2\/comments?post=7668"}],"version-history":[{"count":1,"href":"https:\/\/www.frederic-poitou.com\/blog\/wp-json\/wp\/v2\/posts\/7668\/revisions"}],"predecessor-version":[{"id":8747,"href":"https:\/\/www.frederic-poitou.com\/blog\/wp-json\/wp\/v2\/posts\/7668\/revisions\/8747"}],"wp:featuredmedia":[{"embeddable":true,"href":"https:\/\/www.frederic-poitou.com\/blog\/wp-json\/wp\/v2\/media\/7672"}],"wp:attachment":[{"href":"https:\/\/www.frederic-poitou.com\/blog\/wp-json\/wp\/v2\/media?parent=7668"}],"wp:term":[{"taxonomy":"category","embeddable":true,"href":"https:\/\/www.frederic-poitou.com\/blog\/wp-json\/wp\/v2\/categories?post=7668"},{"taxonomy":"post_tag","embeddable":true,"href":"https:\/\/www.frederic-poitou.com\/blog\/wp-json\/wp\/v2\/tags?post=7668"}],"curies":[{"name":"wp","href":"https:\/\/api.w.org\/{rel}","templated":true}]}}