{"id":7510,"date":"2023-07-14T20:17:32","date_gmt":"2023-07-14T18:17:32","guid":{"rendered":"http:\/\/www.frederic-poitou.com\/blog\/?p=7510"},"modified":"2026-04-22T18:25:20","modified_gmt":"2026-04-22T16:25:20","slug":"le-hasard-fait-parfois-bien-les-choses","status":"publish","type":"post","link":"https:\/\/www.frederic-poitou.com\/blog\/le-hasard-fait-parfois-bien-les-choses\/","title":{"rendered":"LE HASARD FAIT PARFOIS BIEN LES CHOSES"},"content":{"rendered":"<p>Le hasard fait parfois bien les choses !<\/p>\n<p>Je ne publie jamais rien de personnel sur facebook qui ne me semble pas fait pour une forme d\u2019exhibitionnisme personnel, de valorisation de ma propre existence, ou de satisfecit hymne \u00e0 la gloire de tel ou tel idole, mentor, qu\u2019il soit politique, religieux, philosophique ou autre.<span class=\"Apple-converted-space\">\u00a0<\/span><\/p>\n<p>Facebook ne me sert qu\u2019\u00e0 publier des billets d\u2019humeur, des coups de gueule, des provocations destin\u00e9es \u00e0 poser les probl\u00e8mes qu\u2019induisent les certitudes communes et les v\u00e9rit\u00e9s immanentes, ou parfois des \u00e9v\u00e8nements professionnels retra\u00e7ables par ailleurs, et vous n\u2019y verrez rien de ma vie priv\u00e9e, pire de celle de mes enfants ou de ceux de mon \u00e9pouse, pas m\u00eame des photos. Gardez bien celle-ci, vous n\u2019en aurez pas d\u2019autres !<\/p>\n<p>Je n\u2019ai pas la plume aussi flamboyante, romantique et r\u00e9f\u00e9renc\u00e9e que mon \u00e9ternel et meilleur contradicteur <a href=\"https:\/\/www.facebook.com\/richard.pellegrino\" target=\"_blank\" rel=\"noopener noreferrer\"><span style=\"color: #333399;\">@richardpellegrino<\/span> <\/a>avec qui nous partagions les bancs de l&rsquo;\u00e9cole des enfants, ou celle plus litt\u00e9raire, diplomatique mais terriblement efficace d&rsquo;un autre des mes avocat d&rsquo;ami<span style=\"color: #333399;\"> <a style=\"color: #333399;\" href=\"https:\/\/www.facebook.com\/thierryy\" target=\"_blank\" rel=\"noopener noreferrer\">@thierryygouf<\/a><\/span>\u00a0avec qui nous partagions cette fois-ci les bancs de notre \u00e9cole.<\/p>\n<p>Mais la mienne est plus libre, plus irr\u00e9v\u00e9rencieuse, et je n\u2019attends rien, de personne, et surtout pas de mon parti auquel je ne dois rien, pour le moment en tout cas. Les partis sont en France des machines \u00e0 investitures dont on peut fort bien se passer si n\u00e9cessaire.<\/p>\n<p>Mais le hasard d\u2019une paparazziade fait que notre photo de mariage a \u00e9t\u00e9 publi\u00e9e, et je ne remercierai jamais assez celui qui l\u2019a fait, pour plusieurs raisons, entre autre parce qu&rsquo;il me permet cette amusante mise au point.<\/p>\n<ul>\n<li>Il nous a mari\u00e9 et a prononc\u00e9 \u00e0 cette occasion quelques mots me concernant, des mots qui font chaud au coeur de ceux qui comme moi sont engag\u00e9s car ils sont rares en politique : Int\u00e9grit\u00e9, ind\u00e9pendance, opiniatret\u00e9. Merci <span style=\"color: #333399;\"><a style=\"color: #333399;\" href=\"https:\/\/www.facebook.com\/jeanmarc.perrin.9\" target=\"_blank\" rel=\"noopener noreferrer\">Jean-Marc Perrin<\/a>.<\/span><\/li>\n<li>C\u2019est l\u2019occasion aussi de rassurer mes meilleurs \u00ab\u00a0<em>amis<\/em>\u00a0\u00bb quant \u00e0 mes convictions et mon engagement politiques. Pr\u00e9servez m\u2019en, mes \u00e9nemis je m\u2019en charge, je reste de droite mod\u00e9r\u00e9e, toujours encart\u00e9 du m\u00eame parti.<span class=\"Apple-converted-space\">\u00a0<\/span><\/li>\n<li>Je suis lib\u00e9ral, bien plus que ceux qui ont partag\u00e9 avec moi les rangs du RPR, puis de l\u2019UMP qui ne sont souvent que conservateurs, voire pire : r\u00e9actionnaires.<\/li>\n<li>Progressiste, europ\u00e9en, lib\u00e9ral car je pense que l\u2019int\u00e9r\u00eat commun ne se d\u00e9veloppe qu\u2019en tant que r\u00e9sultante des int\u00e9r\u00eats particuliers : <em>Demandons nous tous ce que nous pouvons faire pour notre contrat social, avant de nous demander ce que notre contrat social peut faire pour nous<\/em>. La mauvaise p\u00e9riode que traverse Macron &#8211; bien instrumentalis\u00e9e par ceux qui n\u2019ont pas grand chose \u00e0 proposer d\u2019autre, et relay\u00e9e par des medias qui entre la coupe du monde de foot et le tour de France n\u2019ont rien \u00e0 \u00e9crire de consistant &#8211; ne sont finalement que tr\u00e8s peu au regard des r\u00e9formes tr\u00e8s lib\u00e9rales dont la France avait besoin, et que la droite n\u2019a pas eu le courage d\u2019imposer quand elle en avait les moyens.<\/li>\n<\/ul>\n<p>On ne fait pas d\u2019omelette sans casser des oeufs et nous verrons bien ce qu\u2019il reste de l\u2019affaire Benala dans quelques semaines. Pschitt abracadabrantesque dirait l\u2019autre !<\/p>\n<p>&nbsp;<\/p>\n<p>Que mes amis politiques se rassurent, mon avenir est devant moi et ma passion premi\u00e8re je la cultive actuellement \u00e0 Bruxelles o\u00f9 il est finalement plus facile de croiser sa tasse de caf\u00e9 au Parlement Europ\u00e9en avec <span style=\"color: #333399;\"><a style=\"color: #333399;\" href=\"https:\/\/www.facebook.com\/GuyVerhofstadt\/\" target=\"_blank\" rel=\"noopener noreferrer\">Guy Verhofstadt<\/a><\/span>, un vrai, grand social-lib\u00e9ral \u00e0 l\u2019immense charisme, qu\u2019avoir un rendez vous avec un conseiller municipal marseillais qui vous renvoie avec suffisance et arrogance vers \u00ab\u00a0<em>sa collaboratrice<\/em>\u00a0\u00bb. Sa collaboratrice, on croit r\u00eaver.<\/p>\n<p>Ah si le conseiller municipal de Marseille pouvait, si <span style=\"color: #333399;\"><a style=\"color: #333399;\" href=\"https:\/\/www.facebook.com\/GuyVerhofstadt\/\" target=\"_blank\" rel=\"noopener noreferrer\">Guy Verhofstadt<\/a><\/span> savait ! Plus facile de prendre un caf\u00e9 avec le possible futur pr\u00e9sident du Parlement Europ\u00e9en qu&rsquo;avec \u00e9lu de quartier \u00e0 Marseille.<\/p>\n<p>Si les elus locaux dont j\u2019ai \u00e9t\u00e9\u00a0se rendaient compte combien leurs \u00e9charpes et indemnit\u00e9s sont de fragiles b\u00e2tons de mar\u00e9chal, ils passeraient plus de temps \u00e0 tenter d\u2019avoir des id\u00e9es, plut\u00f4t qu\u2019\u00e0 \u00ab\u00a0<em>partager<\/em>\u00a0\u00bb celles des autres, sur Facebook en particulier.<\/p>\n<p>Je briguerai d\u2019autres mandats, en France ou en Belgique, un jour, d\u00e8s que l\u2019opportunit\u00e9 se pr\u00e9sentera. Pas pour une d\u00e9coration, gratification, une \u00e9charpe de plus ou pire, une indemnit\u00e9 que je suis parfaitement capable de reverser \u00e0 une association d\u2019aide aux personnes en difficult\u00e9, comme quand je m\u2019occupais de SDF ou que je visitais les taulards \u00e0 Luynes.<\/p>\n<p>Si je suis de nouveau \u00e9lu, ca ne sera pas pour prendre, mais pour donner, comme <span style=\"color: #333399;\"><a style=\"color: #333399;\" href=\"https:\/\/www.facebook.com\/christian.migraine\" target=\"_blank\" rel=\"noopener noreferrer\">Raki<\/a><\/span>. Donner ce que je crois avoir compris de la politique, et transmettre un peu de ma passion qu\u2019est l\u2019Europe, des r\u00e9formes dont elle a probablement besoin et tenter de contribuer modestement \u00e0 la remise en route du projet France et du projet Europe.<span class=\"Apple-converted-space\">\u00a0<\/span><\/p>\n<p>On est forts qu\u2019ensemble face \u00e0 la sauvagerie. La rigueur, la duret\u00e9 et le repli identitaire, nationaliste et souverainiste n\u2019ont ni sens ni avenir d\u00e8s lors que sont lib\u00e9r\u00e9s les flux, qu\u2019ils soient d\u2019argent, d\u2019id\u00e9es ou mieux, d\u2019hommes. C\u2019est vrai depuis internet et \u00e7a ne s\u2019inversera pas. On a jamais vu une soci\u00e9t\u00e9 revenir sur des acquis lib\u00e9rant les hommes de leurs jougs de pens\u00e9e. M\u00eame l\u2019Eglise n\u2019y est pas parvenu. Elle ne maintient son pouvoir par quelques indulgences, sermonts, admonestations et encore.<\/p>\n<p>La libert\u00e9 et l\u2019\u00e9galit\u00e9 ne sont que des droits, la fraternit\u00e9 est plus que \u00e7a : C\u2019est une obligation morale qui n\u2019a pas de patrie.<\/p>\n<p>Je resterai pratiquant, croyant mais la\u00efque &#8211; <em>ces dimensions ne sont pas antinomiques<\/em> &#8211; car c\u2019est pour moi la quatri\u00e8me devise de la R\u00e9publique qui pour permettre \u00e0 toutes les confessions, les convictions de s\u2019exprimer sur son territoire, n\u2019en privil\u00e9gie aucune.<\/p>\n<p>Mais le plus dur reste \u00e0 faire, en comparaison de quoi un \u00e9ventuel prochain mandat n\u2019est que peu de chose.<span class=\"Apple-converted-space\">\u00a0Car a<\/span>pr\u00e8s avoir rempli au mieux de ce qu\u2019il m\u2019\u00e9tait possible de le faire mes fonctions parentales pour aider le gendarme <span style=\"color: #333399;\"><a style=\"color: #333399;\" href=\"https:\/\/www.facebook.com\/jeanbaptiste13\" target=\"_blank\" rel=\"noopener noreferrer\">Jean-Baptiste Poitou<\/a><\/span> \u00e0 faire de sa vie un r\u00eave, et de son r\u00eave une r\u00e9alit\u00e9 &#8211; <em>en d\u00e9pit de quelques difficult\u00e9s rencontr\u00e9es dans les ann\u00e9es 2000<\/em> -, Il me reste maintenant \u00e0 permettre aux deux merveilleux enfants \u00ab\u00a0<em>cl\u00e9 en main<\/em>\u00a0\u00bb que le bon Dieu dans sa grande mansu\u00e9tude a mis sur mon chemin accoch\u00e9s aux mains de leur m\u00e8re, \u00e0 \u00eatre des Hommes.<\/p>\n<p>C\u2019est \u00e0 dire pr\u00e9cis\u00e9ment \u00eatre responsables, afin de sentir qu\u2019en posant leurs pierres ils contribuent \u00e0 b\u00e2tir le monde. La d\u00e9couverte du handicap nous confronte \u00e0 la diff\u00e9rence, mais loin de me l\u00e9ser ce nouveau combat que je ne pr\u00e9voyais pas m\u2019a enrichit, puisque j\u2019ai du r\u00e9-apprendre \u00e0 dessiner des moutons pour un petit Prince qui ne les voit pas, en tout cas pas comme nous.<\/p>\n<p>Je souhaite \u00e0 tous ceux qui nous ont si affectueusement f\u00e9licit\u00e9s pour notre mariage, autant de difficult\u00e9s que j\u2019en ai rencontr\u00e9es pendant ma vie. Ca n\u2019est pas dans la facilit\u00e9 qu\u2019on se construit, mais dans l\u2019adversit\u00e9 qui nous pousse \u00e0 sortir de notre zone de confort pour inventer des solutions nouvelles \u00e0 des probl\u00e8mes qu\u2019on n\u2019immaginait m\u00eame pas. Une des d\u00e9finitions de l\u2019intelligence acquise, au passage.<span class=\"Apple-converted-space\">\u00a0<\/span><\/p>\n<p>Merci Jean-Marc.<\/p>\n<p><img loading=\"lazy\" decoding=\"async\" class=\"size-full wp-image-7514 aligncenter\" src=\"http:\/\/www.frederic-poitou.com\/blog\/wp-content\/2018\/07\/prince-2.jpeg\" alt=\"\" width=\"2000\" height=\"2214\" srcset=\"https:\/\/www.frederic-poitou.com\/blog\/wp-content\/2018\/07\/prince-2.jpeg 2000w, https:\/\/www.frederic-poitou.com\/blog\/wp-content\/2018\/07\/prince-2-271x300.jpeg 271w, https:\/\/www.frederic-poitou.com\/blog\/wp-content\/2018\/07\/prince-2-925x1024.jpeg 925w\" sizes=\"auto, (max-width: 2000px) 100vw, 2000px\" \/><\/p>\n","protected":false},"excerpt":{"rendered":"<p>Le hasard fait parfois bien les choses ! Je ne publie jamais rien de personnel sur facebook qui ne me semble pas fait pour une forme d\u2019exhibitionnisme personnel, de valorisation de ma propre existence, ou de satisfecit hymne \u00e0 la &hellip; <a href=\"https:\/\/www.frederic-poitou.com\/blog\/le-hasard-fait-parfois-bien-les-choses\/\">Lire la suite\u00ad\u00ad<\/a><\/p>\n","protected":false},"author":4,"featured_media":7519,"comment_status":"closed","ping_status":"open","sticky":false,"template":"","format":"standard","meta":{"kt_blocks_editor_width":"","_exactmetrics_skip_tracking":false,"_exactmetrics_sitenote_active":false,"_exactmetrics_sitenote_note":"","_exactmetrics_sitenote_category":0,"footnotes":""},"categories":[48,1,51],"tags":[],"class_list":["post-7510","post","type-post","status-publish","format-standard","has-post-thumbnail","hentry","category-accueil","category-politique-economie","category-politique"],"yoast_head":"<!-- This site is optimized with the Yoast SEO plugin v27.1.1 - https:\/\/yoast.com\/product\/yoast-seo-wordpress\/ -->\n<title>LE HASARD FAIT PARFOIS BIEN LES CHOSES -<\/title>\n<meta name=\"robots\" content=\"index, follow, max-snippet:-1, max-image-preview:large, max-video-preview:-1\" \/>\n<link rel=\"canonical\" href=\"https:\/\/www.frederic-poitou.com\/blog\/le-hasard-fait-parfois-bien-les-choses\/\" \/>\n<meta property=\"og:locale\" content=\"fr_FR\" \/>\n<meta property=\"og:type\" content=\"article\" \/>\n<meta property=\"og:title\" content=\"LE HASARD FAIT PARFOIS BIEN LES CHOSES -\" \/>\n<meta property=\"og:description\" content=\"Le hasard fait parfois bien les choses ! Je ne publie jamais rien de personnel sur facebook qui ne me semble pas fait pour une forme d\u2019exhibitionnisme personnel, de valorisation de ma propre existence, ou de satisfecit hymne \u00e0 la &hellip; Lire la suite\u00ad\u00ad\" \/>\n<meta property=\"og:url\" content=\"https:\/\/www.frederic-poitou.com\/blog\/le-hasard-fait-parfois-bien-les-choses\/\" \/>\n<meta property=\"article:publisher\" content=\"https:\/\/www.facebook.com\/frederic.poitou\/\" \/>\n<meta property=\"article:published_time\" content=\"2023-07-14T18:17:32+00:00\" \/>\n<meta property=\"article:modified_time\" content=\"2026-04-22T16:25:20+00:00\" \/>\n<meta property=\"og:image\" content=\"https:\/\/www.frederic-poitou.com\/blog\/wp-content\/2018\/07\/37409383_10212778857846911_6595076287650332672_o-1.jpg\" \/>\n\t<meta property=\"og:image:width\" content=\"2048\" \/>\n\t<meta property=\"og:image:height\" content=\"1536\" \/>\n\t<meta property=\"og:image:type\" content=\"image\/jpeg\" \/>\n<meta name=\"author\" content=\"Fr\u00e9d\u00e9ric Poitou\" \/>\n<meta name=\"twitter:card\" content=\"summary_large_image\" \/>\n<meta name=\"twitter:creator\" content=\"@fredericpoitou\" \/>\n<meta name=\"twitter:site\" content=\"@fredericpoitou\" \/>\n<meta name=\"twitter:label1\" content=\"\u00c9crit par\" \/>\n\t<meta name=\"twitter:data1\" content=\"Fr\u00e9d\u00e9ric Poitou\" \/>\n\t<meta name=\"twitter:label2\" content=\"Dur\u00e9e de lecture estim\u00e9e\" \/>\n\t<meta name=\"twitter:data2\" content=\"6 minutes\" \/>\n<script type=\"application\/ld+json\" class=\"yoast-schema-graph\">{\"@context\":\"https:\/\/schema.org\",\"@graph\":[{\"@type\":\"Article\",\"@id\":\"https:\/\/www.frederic-poitou.com\/blog\/le-hasard-fait-parfois-bien-les-choses\/#article\",\"isPartOf\":{\"@id\":\"https:\/\/www.frederic-poitou.com\/blog\/le-hasard-fait-parfois-bien-les-choses\/\"},\"author\":{\"name\":\"Fr\u00e9d\u00e9ric Poitou\",\"@id\":\"http:\/\/www.frederic-poitou.com\/blog\/#\/schema\/person\/e2c2d05e978747818533fdce859a7799\"},\"headline\":\"LE HASARD FAIT PARFOIS BIEN LES CHOSES\",\"datePublished\":\"2023-07-14T18:17:32+00:00\",\"dateModified\":\"2026-04-22T16:25:20+00:00\",\"mainEntityOfPage\":{\"@id\":\"https:\/\/www.frederic-poitou.com\/blog\/le-hasard-fait-parfois-bien-les-choses\/\"},\"wordCount\":1302,\"image\":{\"@id\":\"https:\/\/www.frederic-poitou.com\/blog\/le-hasard-fait-parfois-bien-les-choses\/#primaryimage\"},\"thumbnailUrl\":\"https:\/\/www.frederic-poitou.com\/blog\/wp-content\/2018\/07\/37409383_10212778857846911_6595076287650332672_o-1.jpg\",\"articleSection\":[\"Accueil\",\"Divers\",\"Politique\"],\"inLanguage\":\"fr-FR\"},{\"@type\":\"WebPage\",\"@id\":\"https:\/\/www.frederic-poitou.com\/blog\/le-hasard-fait-parfois-bien-les-choses\/\",\"url\":\"https:\/\/www.frederic-poitou.com\/blog\/le-hasard-fait-parfois-bien-les-choses\/\",\"name\":\"LE HASARD FAIT PARFOIS BIEN LES CHOSES -\",\"isPartOf\":{\"@id\":\"http:\/\/www.frederic-poitou.com\/blog\/#website\"},\"primaryImageOfPage\":{\"@id\":\"https:\/\/www.frederic-poitou.com\/blog\/le-hasard-fait-parfois-bien-les-choses\/#primaryimage\"},\"image\":{\"@id\":\"https:\/\/www.frederic-poitou.com\/blog\/le-hasard-fait-parfois-bien-les-choses\/#primaryimage\"},\"thumbnailUrl\":\"https:\/\/www.frederic-poitou.com\/blog\/wp-content\/2018\/07\/37409383_10212778857846911_6595076287650332672_o-1.jpg\",\"datePublished\":\"2023-07-14T18:17:32+00:00\",\"dateModified\":\"2026-04-22T16:25:20+00:00\",\"author\":{\"@id\":\"http:\/\/www.frederic-poitou.com\/blog\/#\/schema\/person\/e2c2d05e978747818533fdce859a7799\"},\"breadcrumb\":{\"@id\":\"https:\/\/www.frederic-poitou.com\/blog\/le-hasard-fait-parfois-bien-les-choses\/#breadcrumb\"},\"inLanguage\":\"fr-FR\",\"potentialAction\":[{\"@type\":\"ReadAction\",\"target\":[\"https:\/\/www.frederic-poitou.com\/blog\/le-hasard-fait-parfois-bien-les-choses\/\"]}]},{\"@type\":\"ImageObject\",\"inLanguage\":\"fr-FR\",\"@id\":\"https:\/\/www.frederic-poitou.com\/blog\/le-hasard-fait-parfois-bien-les-choses\/#primaryimage\",\"url\":\"https:\/\/www.frederic-poitou.com\/blog\/wp-content\/2018\/07\/37409383_10212778857846911_6595076287650332672_o-1.jpg\",\"contentUrl\":\"https:\/\/www.frederic-poitou.com\/blog\/wp-content\/2018\/07\/37409383_10212778857846911_6595076287650332672_o-1.jpg\",\"width\":2048,\"height\":1536},{\"@type\":\"BreadcrumbList\",\"@id\":\"https:\/\/www.frederic-poitou.com\/blog\/le-hasard-fait-parfois-bien-les-choses\/#breadcrumb\",\"itemListElement\":[{\"@type\":\"ListItem\",\"position\":1,\"name\":\"Accueil\",\"item\":\"http:\/\/www.frederic-poitou.com\/blog\/\"},{\"@type\":\"ListItem\",\"position\":2,\"name\":\"LE HASARD FAIT PARFOIS BIEN LES CHOSES\"}]},{\"@type\":\"WebSite\",\"@id\":\"http:\/\/www.frederic-poitou.com\/blog\/#website\",\"url\":\"http:\/\/www.frederic-poitou.com\/blog\/\",\"name\":\"\",\"description\":\"\",\"potentialAction\":[{\"@type\":\"SearchAction\",\"target\":{\"@type\":\"EntryPoint\",\"urlTemplate\":\"http:\/\/www.frederic-poitou.com\/blog\/?s={search_term_string}\"},\"query-input\":{\"@type\":\"PropertyValueSpecification\",\"valueRequired\":true,\"valueName\":\"search_term_string\"}}],\"inLanguage\":\"fr-FR\"},{\"@type\":\"Person\",\"@id\":\"http:\/\/www.frederic-poitou.com\/blog\/#\/schema\/person\/e2c2d05e978747818533fdce859a7799\",\"name\":\"Fr\u00e9d\u00e9ric Poitou\",\"image\":{\"@type\":\"ImageObject\",\"inLanguage\":\"fr-FR\",\"@id\":\"http:\/\/www.frederic-poitou.com\/blog\/#\/schema\/person\/image\/\",\"url\":\"https:\/\/secure.gravatar.com\/avatar\/1933bcca279a2feafd35d9e0a080c521e11beb51115fe4cfe02e2586ac13424a?s=96&d=mm&r=g\",\"contentUrl\":\"https:\/\/secure.gravatar.com\/avatar\/1933bcca279a2feafd35d9e0a080c521e11beb51115fe4cfe02e2586ac13424a?s=96&d=mm&r=g\",\"caption\":\"Fr\u00e9d\u00e9ric Poitou\"},\"description\":\"Fr\u00e9d\u00e9ric Poitou est n\u00e9 \u00e0 Rouen, et y a fait des \u00e9tudes au Conservatoire en musique-\u00e9tudes en section piano. Il s'est ensuite orient\u00e9 vers des \u00e9tudes scientifiques o\u00f9 il a obtenu un dipl\u00f4me d'ing\u00e9nieur, puis un doctorat en Chimie. Il est Expert Judiciaire en France, en Belgique et \u00e0 Luxembourg, et agr\u00e9e par les Institutions Europ\u00e9ennes.\",\"sameAs\":[\"http:\/\/www.frederic-poitou.com\",\"https:\/\/www.linkedin.com\/in\/frederic-poitou-b045a025\/\"]}]}<\/script>\n<!-- \/ Yoast SEO plugin. -->","yoast_head_json":{"title":"LE HASARD FAIT PARFOIS BIEN LES CHOSES -","robots":{"index":"index","follow":"follow","max-snippet":"max-snippet:-1","max-image-preview":"max-image-preview:large","max-video-preview":"max-video-preview:-1"},"canonical":"https:\/\/www.frederic-poitou.com\/blog\/le-hasard-fait-parfois-bien-les-choses\/","og_locale":"fr_FR","og_type":"article","og_title":"LE HASARD FAIT PARFOIS BIEN LES CHOSES -","og_description":"Le hasard fait parfois bien les choses ! Je ne publie jamais rien de personnel sur facebook qui ne me semble pas fait pour une forme d\u2019exhibitionnisme personnel, de valorisation de ma propre existence, ou de satisfecit hymne \u00e0 la &hellip; Lire la suite\u00ad\u00ad","og_url":"https:\/\/www.frederic-poitou.com\/blog\/le-hasard-fait-parfois-bien-les-choses\/","article_publisher":"https:\/\/www.facebook.com\/frederic.poitou\/","article_published_time":"2023-07-14T18:17:32+00:00","article_modified_time":"2026-04-22T16:25:20+00:00","og_image":[{"width":2048,"height":1536,"url":"https:\/\/www.frederic-poitou.com\/blog\/wp-content\/2018\/07\/37409383_10212778857846911_6595076287650332672_o-1.jpg","type":"image\/jpeg"}],"author":"Fr\u00e9d\u00e9ric Poitou","twitter_card":"summary_large_image","twitter_creator":"@fredericpoitou","twitter_site":"@fredericpoitou","twitter_misc":{"\u00c9crit par":"Fr\u00e9d\u00e9ric Poitou","Dur\u00e9e de lecture estim\u00e9e":"6 minutes"},"schema":{"@context":"https:\/\/schema.org","@graph":[{"@type":"Article","@id":"https:\/\/www.frederic-poitou.com\/blog\/le-hasard-fait-parfois-bien-les-choses\/#article","isPartOf":{"@id":"https:\/\/www.frederic-poitou.com\/blog\/le-hasard-fait-parfois-bien-les-choses\/"},"author":{"name":"Fr\u00e9d\u00e9ric Poitou","@id":"http:\/\/www.frederic-poitou.com\/blog\/#\/schema\/person\/e2c2d05e978747818533fdce859a7799"},"headline":"LE HASARD FAIT PARFOIS BIEN LES CHOSES","datePublished":"2023-07-14T18:17:32+00:00","dateModified":"2026-04-22T16:25:20+00:00","mainEntityOfPage":{"@id":"https:\/\/www.frederic-poitou.com\/blog\/le-hasard-fait-parfois-bien-les-choses\/"},"wordCount":1302,"image":{"@id":"https:\/\/www.frederic-poitou.com\/blog\/le-hasard-fait-parfois-bien-les-choses\/#primaryimage"},"thumbnailUrl":"https:\/\/www.frederic-poitou.com\/blog\/wp-content\/2018\/07\/37409383_10212778857846911_6595076287650332672_o-1.jpg","articleSection":["Accueil","Divers","Politique"],"inLanguage":"fr-FR"},{"@type":"WebPage","@id":"https:\/\/www.frederic-poitou.com\/blog\/le-hasard-fait-parfois-bien-les-choses\/","url":"https:\/\/www.frederic-poitou.com\/blog\/le-hasard-fait-parfois-bien-les-choses\/","name":"LE HASARD FAIT PARFOIS BIEN LES CHOSES -","isPartOf":{"@id":"http:\/\/www.frederic-poitou.com\/blog\/#website"},"primaryImageOfPage":{"@id":"https:\/\/www.frederic-poitou.com\/blog\/le-hasard-fait-parfois-bien-les-choses\/#primaryimage"},"image":{"@id":"https:\/\/www.frederic-poitou.com\/blog\/le-hasard-fait-parfois-bien-les-choses\/#primaryimage"},"thumbnailUrl":"https:\/\/www.frederic-poitou.com\/blog\/wp-content\/2018\/07\/37409383_10212778857846911_6595076287650332672_o-1.jpg","datePublished":"2023-07-14T18:17:32+00:00","dateModified":"2026-04-22T16:25:20+00:00","author":{"@id":"http:\/\/www.frederic-poitou.com\/blog\/#\/schema\/person\/e2c2d05e978747818533fdce859a7799"},"breadcrumb":{"@id":"https:\/\/www.frederic-poitou.com\/blog\/le-hasard-fait-parfois-bien-les-choses\/#breadcrumb"},"inLanguage":"fr-FR","potentialAction":[{"@type":"ReadAction","target":["https:\/\/www.frederic-poitou.com\/blog\/le-hasard-fait-parfois-bien-les-choses\/"]}]},{"@type":"ImageObject","inLanguage":"fr-FR","@id":"https:\/\/www.frederic-poitou.com\/blog\/le-hasard-fait-parfois-bien-les-choses\/#primaryimage","url":"https:\/\/www.frederic-poitou.com\/blog\/wp-content\/2018\/07\/37409383_10212778857846911_6595076287650332672_o-1.jpg","contentUrl":"https:\/\/www.frederic-poitou.com\/blog\/wp-content\/2018\/07\/37409383_10212778857846911_6595076287650332672_o-1.jpg","width":2048,"height":1536},{"@type":"BreadcrumbList","@id":"https:\/\/www.frederic-poitou.com\/blog\/le-hasard-fait-parfois-bien-les-choses\/#breadcrumb","itemListElement":[{"@type":"ListItem","position":1,"name":"Accueil","item":"http:\/\/www.frederic-poitou.com\/blog\/"},{"@type":"ListItem","position":2,"name":"LE HASARD FAIT PARFOIS BIEN LES CHOSES"}]},{"@type":"WebSite","@id":"http:\/\/www.frederic-poitou.com\/blog\/#website","url":"http:\/\/www.frederic-poitou.com\/blog\/","name":"","description":"","potentialAction":[{"@type":"SearchAction","target":{"@type":"EntryPoint","urlTemplate":"http:\/\/www.frederic-poitou.com\/blog\/?s={search_term_string}"},"query-input":{"@type":"PropertyValueSpecification","valueRequired":true,"valueName":"search_term_string"}}],"inLanguage":"fr-FR"},{"@type":"Person","@id":"http:\/\/www.frederic-poitou.com\/blog\/#\/schema\/person\/e2c2d05e978747818533fdce859a7799","name":"Fr\u00e9d\u00e9ric Poitou","image":{"@type":"ImageObject","inLanguage":"fr-FR","@id":"http:\/\/www.frederic-poitou.com\/blog\/#\/schema\/person\/image\/","url":"https:\/\/secure.gravatar.com\/avatar\/1933bcca279a2feafd35d9e0a080c521e11beb51115fe4cfe02e2586ac13424a?s=96&d=mm&r=g","contentUrl":"https:\/\/secure.gravatar.com\/avatar\/1933bcca279a2feafd35d9e0a080c521e11beb51115fe4cfe02e2586ac13424a?s=96&d=mm&r=g","caption":"Fr\u00e9d\u00e9ric Poitou"},"description":"Fr\u00e9d\u00e9ric Poitou est n\u00e9 \u00e0 Rouen, et y a fait des \u00e9tudes au Conservatoire en musique-\u00e9tudes en section piano. Il s'est ensuite orient\u00e9 vers des \u00e9tudes scientifiques o\u00f9 il a obtenu un dipl\u00f4me d'ing\u00e9nieur, puis un doctorat en Chimie. Il est Expert Judiciaire en France, en Belgique et \u00e0 Luxembourg, et agr\u00e9e par les Institutions Europ\u00e9ennes.","sameAs":["http:\/\/www.frederic-poitou.com","https:\/\/www.linkedin.com\/in\/frederic-poitou-b045a025\/"]}]}},"_links":{"self":[{"href":"https:\/\/www.frederic-poitou.com\/blog\/wp-json\/wp\/v2\/posts\/7510","targetHints":{"allow":["GET"]}}],"collection":[{"href":"https:\/\/www.frederic-poitou.com\/blog\/wp-json\/wp\/v2\/posts"}],"about":[{"href":"https:\/\/www.frederic-poitou.com\/blog\/wp-json\/wp\/v2\/types\/post"}],"author":[{"embeddable":true,"href":"https:\/\/www.frederic-poitou.com\/blog\/wp-json\/wp\/v2\/users\/4"}],"replies":[{"embeddable":true,"href":"https:\/\/www.frederic-poitou.com\/blog\/wp-json\/wp\/v2\/comments?post=7510"}],"version-history":[{"count":1,"href":"https:\/\/www.frederic-poitou.com\/blog\/wp-json\/wp\/v2\/posts\/7510\/revisions"}],"predecessor-version":[{"id":8767,"href":"https:\/\/www.frederic-poitou.com\/blog\/wp-json\/wp\/v2\/posts\/7510\/revisions\/8767"}],"wp:featuredmedia":[{"embeddable":true,"href":"https:\/\/www.frederic-poitou.com\/blog\/wp-json\/wp\/v2\/media\/7519"}],"wp:attachment":[{"href":"https:\/\/www.frederic-poitou.com\/blog\/wp-json\/wp\/v2\/media?parent=7510"}],"wp:term":[{"taxonomy":"category","embeddable":true,"href":"https:\/\/www.frederic-poitou.com\/blog\/wp-json\/wp\/v2\/categories?post=7510"},{"taxonomy":"post_tag","embeddable":true,"href":"https:\/\/www.frederic-poitou.com\/blog\/wp-json\/wp\/v2\/tags?post=7510"}],"curies":[{"name":"wp","href":"https:\/\/api.w.org\/{rel}","templated":true}]}}