{"id":7498,"date":"2023-07-14T16:54:32","date_gmt":"2023-07-14T14:54:32","guid":{"rendered":"http:\/\/www.frederic-poitou.com\/blog\/?p=7498"},"modified":"2026-04-21T16:56:49","modified_gmt":"2026-04-21T14:56:49","slug":"ikea-jansjo-billy-et-les-cov","status":"publish","type":"post","link":"https:\/\/www.frederic-poitou.com\/blog\/ikea-jansjo-billy-et-les-cov\/","title":{"rendered":"IKEA, JANSJ\u00d6, BILLY ET LES COV"},"content":{"rendered":"<p>Vous \u00eates taquin ?<br \/>\nApr\u00e8s la pr\u00e9sence dans les boulette de viande Ikea Allemansr\u00e4tten, voici le formald\u00e9hyde.<\/p>\n<p>Le formald\u00e9hyde est un COV (compos\u00e9 organique volatile) consid\u00e9r\u00e9 comme <a href=\"http:\/\/www.cancer-environnement.fr\/181-Formaldehyde.ce.aspx\" target=\"_blank\" rel=\"noopener noreferrer\">canc\u00e9rig\u00e8ne av\u00e9r\u00e9<\/a> chez l&rsquo;homme. On en trouve principalement dans des agents d\u00e9sinfectants, des biocides, mais aussi et surtout dans les colles qui sont utilis\u00e9es dans la fabrication de bois reconstitu\u00e9s.<\/p>\n<p>Et l&rsquo;on en arrive \u00e0 Ikea !<\/p>\n<p>Si comme moi vous \u00eates taquin, je vous propose d&rsquo;envoyer cette lettre (<span style=\"color: #3366ff;\"><a style=\"color: #3366ff;\" href=\"http:\/\/www.frederic-poitou.com\/blog\/images\/reclamation-ikea.pdf\" target=\"_blank\" rel=\"noopener noreferrer\">\u00e0 t\u00e9l\u00e9charger ici<\/a><\/span>) \u00e0 Ikea par voie postale, afin d&rsquo;avoir une r\u00e9ponse \u00e9crite (en ajoutant une enveloppe timbr\u00e9e \u00e0 votre adresse pour la r\u00e9ponse &#8230; ;)). Je serais curieux de connaitre la r\u00e9ponse que vous recevrez. Celle que j&rsquo;ai re\u00e7ue est \u00e9difiante &#8230;<\/p>\n<p>N&rsquo;oubliez pas d&rsquo;indiquer votre adresse de correspondance, la date et de signer. Ne mettez ni mail, ni num\u00e9ro de t\u00e9l\u00e9phone. Une r\u00e9ponse \u00e9crite est plus exploitable !<br \/>\n<img loading=\"lazy\" decoding=\"async\" class=\"alignleft size-full wp-image-7499\" src=\"http:\/\/www.frederic-poitou.com\/blog\/wp-content\/2018\/05\/Reclamation-Ikea.jpeg\" alt=\"\" width=\"1192\" height=\"1684\" srcset=\"https:\/\/www.frederic-poitou.com\/blog\/wp-content\/2018\/05\/Reclamation-Ikea.jpeg 1192w, https:\/\/www.frederic-poitou.com\/blog\/wp-content\/2018\/05\/Reclamation-Ikea-212x300.jpeg 212w, https:\/\/www.frederic-poitou.com\/blog\/wp-content\/2018\/05\/Reclamation-Ikea-725x1024.jpeg 725w\" sizes=\"auto, (max-width: 1192px) 100vw, 1192px\" \/><\/p>\n","protected":false},"excerpt":{"rendered":"<p>Vous \u00eates taquin ? Apr\u00e8s la pr\u00e9sence dans les boulette de viande Ikea Allemansr\u00e4tten, voici le formald\u00e9hyde. Le formald\u00e9hyde est un COV (compos\u00e9 organique volatile) consid\u00e9r\u00e9 comme canc\u00e9rig\u00e8ne av\u00e9r\u00e9 chez l&rsquo;homme. On en trouve principalement dans des agents d\u00e9sinfectants, des &hellip; <a href=\"https:\/\/www.frederic-poitou.com\/blog\/ikea-jansjo-billy-et-les-cov\/\">Lire la suite\u00ad\u00ad<\/a><\/p>\n","protected":false},"author":4,"featured_media":7500,"comment_status":"closed","ping_status":"open","sticky":false,"template":"","format":"standard","meta":{"kt_blocks_editor_width":"","_exactmetrics_skip_tracking":false,"_exactmetrics_sitenote_active":false,"_exactmetrics_sitenote_note":"","_exactmetrics_sitenote_category":0,"footnotes":""},"categories":[48,1,53,55],"tags":[],"class_list":["post-7498","post","type-post","status-publish","format-standard","has-post-thumbnail","hentry","category-accueil","category-politique-economie","category-ecologie","category-europe"],"yoast_head":"<!-- This site is optimized with the Yoast SEO plugin v27.1.1 - https:\/\/yoast.com\/product\/yoast-seo-wordpress\/ -->\n<title>IKEA, JANSJ\u00d6, BILLY ET LES COV -<\/title>\n<meta name=\"robots\" content=\"index, follow, max-snippet:-1, max-image-preview:large, max-video-preview:-1\" \/>\n<link rel=\"canonical\" href=\"http:\/\/www.frederic-poitou.com\/blog\/ikea-jansjo-billy-et-les-cov\/\" \/>\n<meta property=\"og:locale\" content=\"fr_FR\" \/>\n<meta property=\"og:type\" content=\"article\" \/>\n<meta property=\"og:title\" content=\"IKEA, JANSJ\u00d6, BILLY ET LES COV -\" \/>\n<meta property=\"og:description\" content=\"Vous \u00eates taquin ? Apr\u00e8s la pr\u00e9sence dans les boulette de viande Ikea Allemansr\u00e4tten, voici le formald\u00e9hyde. Le formald\u00e9hyde est un COV (compos\u00e9 organique volatile) consid\u00e9r\u00e9 comme canc\u00e9rig\u00e8ne av\u00e9r\u00e9 chez l&rsquo;homme. On en trouve principalement dans des agents d\u00e9sinfectants, des &hellip; Lire la suite\u00ad\u00ad\" \/>\n<meta property=\"og:url\" content=\"http:\/\/www.frederic-poitou.com\/blog\/ikea-jansjo-billy-et-les-cov\/\" \/>\n<meta property=\"article:publisher\" content=\"https:\/\/www.facebook.com\/frederic.poitou\/\" \/>\n<meta property=\"article:published_time\" content=\"2023-07-14T14:54:32+00:00\" \/>\n<meta property=\"article:modified_time\" content=\"2026-04-21T14:56:49+00:00\" \/>\n<meta property=\"og:image\" content=\"http:\/\/www.frederic-poitou.com\/blog\/wp-content\/2018\/05\/DUn1ikRW4AAUcNC.jpg\" \/>\n\t<meta property=\"og:image:width\" content=\"616\" \/>\n\t<meta property=\"og:image:height\" content=\"546\" \/>\n\t<meta property=\"og:image:type\" content=\"image\/jpeg\" \/>\n<meta name=\"author\" content=\"Fr\u00e9d\u00e9ric Poitou\" \/>\n<meta name=\"twitter:card\" content=\"summary_large_image\" \/>\n<meta name=\"twitter:creator\" content=\"@fredericpoitou\" \/>\n<meta name=\"twitter:site\" content=\"@fredericpoitou\" \/>\n<meta name=\"twitter:label1\" content=\"\u00c9crit par\" \/>\n\t<meta name=\"twitter:data1\" content=\"Fr\u00e9d\u00e9ric Poitou\" \/>\n\t<meta name=\"twitter:label2\" content=\"Dur\u00e9e de lecture estim\u00e9e\" \/>\n\t<meta name=\"twitter:data2\" content=\"1 minute\" \/>\n<script type=\"application\/ld+json\" class=\"yoast-schema-graph\">{\"@context\":\"https:\/\/schema.org\",\"@graph\":[{\"@type\":\"Article\",\"@id\":\"http:\/\/www.frederic-poitou.com\/blog\/ikea-jansjo-billy-et-les-cov\/#article\",\"isPartOf\":{\"@id\":\"http:\/\/www.frederic-poitou.com\/blog\/ikea-jansjo-billy-et-les-cov\/\"},\"author\":{\"name\":\"Fr\u00e9d\u00e9ric Poitou\",\"@id\":\"http:\/\/www.frederic-poitou.com\/blog\/#\/schema\/person\/e2c2d05e978747818533fdce859a7799\"},\"headline\":\"IKEA, JANSJ\u00d6, BILLY ET LES COV\",\"datePublished\":\"2023-07-14T14:54:32+00:00\",\"dateModified\":\"2026-04-21T14:56:49+00:00\",\"mainEntityOfPage\":{\"@id\":\"http:\/\/www.frederic-poitou.com\/blog\/ikea-jansjo-billy-et-les-cov\/\"},\"wordCount\":172,\"image\":{\"@id\":\"http:\/\/www.frederic-poitou.com\/blog\/ikea-jansjo-billy-et-les-cov\/#primaryimage\"},\"thumbnailUrl\":\"https:\/\/www.frederic-poitou.com\/blog\/wp-content\/2018\/05\/DUn1ikRW4AAUcNC.jpg\",\"articleSection\":[\"Accueil\",\"Divers\",\"Ecologie\",\"Europe\"],\"inLanguage\":\"fr-FR\"},{\"@type\":\"WebPage\",\"@id\":\"http:\/\/www.frederic-poitou.com\/blog\/ikea-jansjo-billy-et-les-cov\/\",\"url\":\"http:\/\/www.frederic-poitou.com\/blog\/ikea-jansjo-billy-et-les-cov\/\",\"name\":\"IKEA, JANSJ\u00d6, BILLY ET LES COV -\",\"isPartOf\":{\"@id\":\"http:\/\/www.frederic-poitou.com\/blog\/#website\"},\"primaryImageOfPage\":{\"@id\":\"http:\/\/www.frederic-poitou.com\/blog\/ikea-jansjo-billy-et-les-cov\/#primaryimage\"},\"image\":{\"@id\":\"http:\/\/www.frederic-poitou.com\/blog\/ikea-jansjo-billy-et-les-cov\/#primaryimage\"},\"thumbnailUrl\":\"https:\/\/www.frederic-poitou.com\/blog\/wp-content\/2018\/05\/DUn1ikRW4AAUcNC.jpg\",\"datePublished\":\"2023-07-14T14:54:32+00:00\",\"dateModified\":\"2026-04-21T14:56:49+00:00\",\"author\":{\"@id\":\"http:\/\/www.frederic-poitou.com\/blog\/#\/schema\/person\/e2c2d05e978747818533fdce859a7799\"},\"breadcrumb\":{\"@id\":\"http:\/\/www.frederic-poitou.com\/blog\/ikea-jansjo-billy-et-les-cov\/#breadcrumb\"},\"inLanguage\":\"fr-FR\",\"potentialAction\":[{\"@type\":\"ReadAction\",\"target\":[\"http:\/\/www.frederic-poitou.com\/blog\/ikea-jansjo-billy-et-les-cov\/\"]}]},{\"@type\":\"ImageObject\",\"inLanguage\":\"fr-FR\",\"@id\":\"http:\/\/www.frederic-poitou.com\/blog\/ikea-jansjo-billy-et-les-cov\/#primaryimage\",\"url\":\"https:\/\/www.frederic-poitou.com\/blog\/wp-content\/2018\/05\/DUn1ikRW4AAUcNC.jpg\",\"contentUrl\":\"https:\/\/www.frederic-poitou.com\/blog\/wp-content\/2018\/05\/DUn1ikRW4AAUcNC.jpg\",\"width\":616,\"height\":546},{\"@type\":\"BreadcrumbList\",\"@id\":\"http:\/\/www.frederic-poitou.com\/blog\/ikea-jansjo-billy-et-les-cov\/#breadcrumb\",\"itemListElement\":[{\"@type\":\"ListItem\",\"position\":1,\"name\":\"Accueil\",\"item\":\"http:\/\/www.frederic-poitou.com\/blog\/\"},{\"@type\":\"ListItem\",\"position\":2,\"name\":\"IKEA, JANSJ\u00d6, BILLY ET LES COV\"}]},{\"@type\":\"WebSite\",\"@id\":\"http:\/\/www.frederic-poitou.com\/blog\/#website\",\"url\":\"http:\/\/www.frederic-poitou.com\/blog\/\",\"name\":\"\",\"description\":\"\",\"potentialAction\":[{\"@type\":\"SearchAction\",\"target\":{\"@type\":\"EntryPoint\",\"urlTemplate\":\"http:\/\/www.frederic-poitou.com\/blog\/?s={search_term_string}\"},\"query-input\":{\"@type\":\"PropertyValueSpecification\",\"valueRequired\":true,\"valueName\":\"search_term_string\"}}],\"inLanguage\":\"fr-FR\"},{\"@type\":\"Person\",\"@id\":\"http:\/\/www.frederic-poitou.com\/blog\/#\/schema\/person\/e2c2d05e978747818533fdce859a7799\",\"name\":\"Fr\u00e9d\u00e9ric Poitou\",\"image\":{\"@type\":\"ImageObject\",\"inLanguage\":\"fr-FR\",\"@id\":\"http:\/\/www.frederic-poitou.com\/blog\/#\/schema\/person\/image\/\",\"url\":\"https:\/\/secure.gravatar.com\/avatar\/1933bcca279a2feafd35d9e0a080c521e11beb51115fe4cfe02e2586ac13424a?s=96&d=mm&r=g\",\"contentUrl\":\"https:\/\/secure.gravatar.com\/avatar\/1933bcca279a2feafd35d9e0a080c521e11beb51115fe4cfe02e2586ac13424a?s=96&d=mm&r=g\",\"caption\":\"Fr\u00e9d\u00e9ric Poitou\"},\"description\":\"Fr\u00e9d\u00e9ric Poitou est n\u00e9 \u00e0 Rouen, et y a fait des \u00e9tudes au Conservatoire en musique-\u00e9tudes en section piano. Il s'est ensuite orient\u00e9 vers des \u00e9tudes scientifiques o\u00f9 il a obtenu un dipl\u00f4me d'ing\u00e9nieur, puis un doctorat en Chimie. Il est Expert Judiciaire en France, en Belgique et \u00e0 Luxembourg, et agr\u00e9e par les Institutions Europ\u00e9ennes.\",\"sameAs\":[\"http:\/\/www.frederic-poitou.com\",\"https:\/\/www.linkedin.com\/in\/frederic-poitou-b045a025\/\"]}]}<\/script>\n<!-- \/ Yoast SEO plugin. -->","yoast_head_json":{"title":"IKEA, JANSJ\u00d6, BILLY ET LES COV -","robots":{"index":"index","follow":"follow","max-snippet":"max-snippet:-1","max-image-preview":"max-image-preview:large","max-video-preview":"max-video-preview:-1"},"canonical":"http:\/\/www.frederic-poitou.com\/blog\/ikea-jansjo-billy-et-les-cov\/","og_locale":"fr_FR","og_type":"article","og_title":"IKEA, JANSJ\u00d6, BILLY ET LES COV -","og_description":"Vous \u00eates taquin ? Apr\u00e8s la pr\u00e9sence dans les boulette de viande Ikea Allemansr\u00e4tten, voici le formald\u00e9hyde. Le formald\u00e9hyde est un COV (compos\u00e9 organique volatile) consid\u00e9r\u00e9 comme canc\u00e9rig\u00e8ne av\u00e9r\u00e9 chez l&rsquo;homme. On en trouve principalement dans des agents d\u00e9sinfectants, des &hellip; Lire la suite\u00ad\u00ad","og_url":"http:\/\/www.frederic-poitou.com\/blog\/ikea-jansjo-billy-et-les-cov\/","article_publisher":"https:\/\/www.facebook.com\/frederic.poitou\/","article_published_time":"2023-07-14T14:54:32+00:00","article_modified_time":"2026-04-21T14:56:49+00:00","og_image":[{"width":616,"height":546,"url":"http:\/\/www.frederic-poitou.com\/blog\/wp-content\/2018\/05\/DUn1ikRW4AAUcNC.jpg","type":"image\/jpeg"}],"author":"Fr\u00e9d\u00e9ric Poitou","twitter_card":"summary_large_image","twitter_creator":"@fredericpoitou","twitter_site":"@fredericpoitou","twitter_misc":{"\u00c9crit par":"Fr\u00e9d\u00e9ric Poitou","Dur\u00e9e de lecture estim\u00e9e":"1 minute"},"schema":{"@context":"https:\/\/schema.org","@graph":[{"@type":"Article","@id":"http:\/\/www.frederic-poitou.com\/blog\/ikea-jansjo-billy-et-les-cov\/#article","isPartOf":{"@id":"http:\/\/www.frederic-poitou.com\/blog\/ikea-jansjo-billy-et-les-cov\/"},"author":{"name":"Fr\u00e9d\u00e9ric Poitou","@id":"http:\/\/www.frederic-poitou.com\/blog\/#\/schema\/person\/e2c2d05e978747818533fdce859a7799"},"headline":"IKEA, JANSJ\u00d6, BILLY ET LES COV","datePublished":"2023-07-14T14:54:32+00:00","dateModified":"2026-04-21T14:56:49+00:00","mainEntityOfPage":{"@id":"http:\/\/www.frederic-poitou.com\/blog\/ikea-jansjo-billy-et-les-cov\/"},"wordCount":172,"image":{"@id":"http:\/\/www.frederic-poitou.com\/blog\/ikea-jansjo-billy-et-les-cov\/#primaryimage"},"thumbnailUrl":"https:\/\/www.frederic-poitou.com\/blog\/wp-content\/2018\/05\/DUn1ikRW4AAUcNC.jpg","articleSection":["Accueil","Divers","Ecologie","Europe"],"inLanguage":"fr-FR"},{"@type":"WebPage","@id":"http:\/\/www.frederic-poitou.com\/blog\/ikea-jansjo-billy-et-les-cov\/","url":"http:\/\/www.frederic-poitou.com\/blog\/ikea-jansjo-billy-et-les-cov\/","name":"IKEA, JANSJ\u00d6, BILLY ET LES COV -","isPartOf":{"@id":"http:\/\/www.frederic-poitou.com\/blog\/#website"},"primaryImageOfPage":{"@id":"http:\/\/www.frederic-poitou.com\/blog\/ikea-jansjo-billy-et-les-cov\/#primaryimage"},"image":{"@id":"http:\/\/www.frederic-poitou.com\/blog\/ikea-jansjo-billy-et-les-cov\/#primaryimage"},"thumbnailUrl":"https:\/\/www.frederic-poitou.com\/blog\/wp-content\/2018\/05\/DUn1ikRW4AAUcNC.jpg","datePublished":"2023-07-14T14:54:32+00:00","dateModified":"2026-04-21T14:56:49+00:00","author":{"@id":"http:\/\/www.frederic-poitou.com\/blog\/#\/schema\/person\/e2c2d05e978747818533fdce859a7799"},"breadcrumb":{"@id":"http:\/\/www.frederic-poitou.com\/blog\/ikea-jansjo-billy-et-les-cov\/#breadcrumb"},"inLanguage":"fr-FR","potentialAction":[{"@type":"ReadAction","target":["http:\/\/www.frederic-poitou.com\/blog\/ikea-jansjo-billy-et-les-cov\/"]}]},{"@type":"ImageObject","inLanguage":"fr-FR","@id":"http:\/\/www.frederic-poitou.com\/blog\/ikea-jansjo-billy-et-les-cov\/#primaryimage","url":"https:\/\/www.frederic-poitou.com\/blog\/wp-content\/2018\/05\/DUn1ikRW4AAUcNC.jpg","contentUrl":"https:\/\/www.frederic-poitou.com\/blog\/wp-content\/2018\/05\/DUn1ikRW4AAUcNC.jpg","width":616,"height":546},{"@type":"BreadcrumbList","@id":"http:\/\/www.frederic-poitou.com\/blog\/ikea-jansjo-billy-et-les-cov\/#breadcrumb","itemListElement":[{"@type":"ListItem","position":1,"name":"Accueil","item":"http:\/\/www.frederic-poitou.com\/blog\/"},{"@type":"ListItem","position":2,"name":"IKEA, JANSJ\u00d6, BILLY ET LES COV"}]},{"@type":"WebSite","@id":"http:\/\/www.frederic-poitou.com\/blog\/#website","url":"http:\/\/www.frederic-poitou.com\/blog\/","name":"","description":"","potentialAction":[{"@type":"SearchAction","target":{"@type":"EntryPoint","urlTemplate":"http:\/\/www.frederic-poitou.com\/blog\/?s={search_term_string}"},"query-input":{"@type":"PropertyValueSpecification","valueRequired":true,"valueName":"search_term_string"}}],"inLanguage":"fr-FR"},{"@type":"Person","@id":"http:\/\/www.frederic-poitou.com\/blog\/#\/schema\/person\/e2c2d05e978747818533fdce859a7799","name":"Fr\u00e9d\u00e9ric Poitou","image":{"@type":"ImageObject","inLanguage":"fr-FR","@id":"http:\/\/www.frederic-poitou.com\/blog\/#\/schema\/person\/image\/","url":"https:\/\/secure.gravatar.com\/avatar\/1933bcca279a2feafd35d9e0a080c521e11beb51115fe4cfe02e2586ac13424a?s=96&d=mm&r=g","contentUrl":"https:\/\/secure.gravatar.com\/avatar\/1933bcca279a2feafd35d9e0a080c521e11beb51115fe4cfe02e2586ac13424a?s=96&d=mm&r=g","caption":"Fr\u00e9d\u00e9ric Poitou"},"description":"Fr\u00e9d\u00e9ric Poitou est n\u00e9 \u00e0 Rouen, et y a fait des \u00e9tudes au Conservatoire en musique-\u00e9tudes en section piano. Il s'est ensuite orient\u00e9 vers des \u00e9tudes scientifiques o\u00f9 il a obtenu un dipl\u00f4me d'ing\u00e9nieur, puis un doctorat en Chimie. Il est Expert Judiciaire en France, en Belgique et \u00e0 Luxembourg, et agr\u00e9e par les Institutions Europ\u00e9ennes.","sameAs":["http:\/\/www.frederic-poitou.com","https:\/\/www.linkedin.com\/in\/frederic-poitou-b045a025\/"]}]}},"_links":{"self":[{"href":"https:\/\/www.frederic-poitou.com\/blog\/wp-json\/wp\/v2\/posts\/7498","targetHints":{"allow":["GET"]}}],"collection":[{"href":"https:\/\/www.frederic-poitou.com\/blog\/wp-json\/wp\/v2\/posts"}],"about":[{"href":"https:\/\/www.frederic-poitou.com\/blog\/wp-json\/wp\/v2\/types\/post"}],"author":[{"embeddable":true,"href":"https:\/\/www.frederic-poitou.com\/blog\/wp-json\/wp\/v2\/users\/4"}],"replies":[{"embeddable":true,"href":"https:\/\/www.frederic-poitou.com\/blog\/wp-json\/wp\/v2\/comments?post=7498"}],"version-history":[{"count":1,"href":"https:\/\/www.frederic-poitou.com\/blog\/wp-json\/wp\/v2\/posts\/7498\/revisions"}],"predecessor-version":[{"id":8768,"href":"https:\/\/www.frederic-poitou.com\/blog\/wp-json\/wp\/v2\/posts\/7498\/revisions\/8768"}],"wp:featuredmedia":[{"embeddable":true,"href":"https:\/\/www.frederic-poitou.com\/blog\/wp-json\/wp\/v2\/media\/7500"}],"wp:attachment":[{"href":"https:\/\/www.frederic-poitou.com\/blog\/wp-json\/wp\/v2\/media?parent=7498"}],"wp:term":[{"taxonomy":"category","embeddable":true,"href":"https:\/\/www.frederic-poitou.com\/blog\/wp-json\/wp\/v2\/categories?post=7498"},{"taxonomy":"post_tag","embeddable":true,"href":"https:\/\/www.frederic-poitou.com\/blog\/wp-json\/wp\/v2\/tags?post=7498"}],"curies":[{"name":"wp","href":"https:\/\/api.w.org\/{rel}","templated":true}]}}