{"id":7453,"date":"2023-07-14T04:20:32","date_gmt":"2023-07-14T02:20:32","guid":{"rendered":"http:\/\/www.frederic-poitou.com\/blog\/?p=7453"},"modified":"2026-04-15T23:49:49","modified_gmt":"2026-04-15T21:49:49","slug":"lhomme-qui-peignait-des-notes","status":"publish","type":"post","link":"https:\/\/www.frederic-poitou.com\/blog\/lhomme-qui-peignait-des-notes\/","title":{"rendered":"L&rsquo;HOMME QUI PEIGNAIT DES NOTES"},"content":{"rendered":"<p>Quel dommage que ce g\u00e9nie n&rsquo;ait pas eu la reconnaissance qu&rsquo;il m\u00e9rite, lui qui illustra \u00e0 merveille en peignant avec ses notes les impressionnistes, \u00e0 moins que ce soit les impressionnistes qui prenaient leurs pinceaux pour mettre de la couleur sur ses port\u00e9es.<\/p>\n<p>&nbsp;<\/p>\n<p>Pour certains, le plus grand compositeur du XXe. Transgressif dans les modes utilis\u00e9s, \u00e9l\u00e9gant, raffin\u00e9, innovant, impatient \u00e0 l&rsquo;\u00e9gard de la th\u00e9orie qu&rsquo;on cherche \u00e0 lui imposer au Conservatoire et dont il va rapidement s&rsquo;affranchir en fr\u00e9quentant l&rsquo;avant-garde litt\u00e9raire parisienne, et en choisissant d&rsquo;illustrer par ses notes, les touches des impressionnistes.<\/p>\n<p>&nbsp;<\/p>\n<p style=\"text-align: center;\"><div class=\"kad-youtube-shortcode videofit\"  ><iframe loading=\"lazy\" width=\"600\" height=\"400\" src=\"\/\/www.youtube.com\/embed\/KIgAjmLrfrI?autoplay=0&amp;controls=1&amp;fs=1&amp;modestbranding=0&amp;theme=dark&amp;rel=0&amp;loop=0\" frameborder=\"0\" allowfullscreen=\"true\"><\/iframe><\/div>\n<p>&nbsp;<\/p>\n","protected":false},"excerpt":{"rendered":"<p>Quel dommage que ce g\u00e9nie n&rsquo;ait pas eu la reconnaissance qu&rsquo;il m\u00e9rite, lui qui illustra \u00e0 merveille en peignant avec ses notes les impressionnistes, \u00e0 moins que ce soit les impressionnistes qui prenaient leurs pinceaux pour mettre de la couleur &hellip; <a href=\"https:\/\/www.frederic-poitou.com\/blog\/lhomme-qui-peignait-des-notes\/\">Lire la suite\u00ad\u00ad<\/a><\/p>\n","protected":false},"author":4,"featured_media":7454,"comment_status":"closed","ping_status":"open","sticky":false,"template":"","format":"standard","meta":{"kt_blocks_editor_width":"","_exactmetrics_skip_tracking":false,"_exactmetrics_sitenote_active":false,"_exactmetrics_sitenote_note":"","_exactmetrics_sitenote_category":0,"footnotes":""},"categories":[44],"tags":[],"class_list":["post-7453","post","type-post","status-publish","format-standard","has-post-thumbnail","hentry","category-culture"],"yoast_head":"<!-- This site is optimized with the Yoast SEO plugin v27.1.1 - https:\/\/yoast.com\/product\/yoast-seo-wordpress\/ -->\n<title>L&#039;HOMME QUI PEIGNAIT DES NOTES -<\/title>\n<meta name=\"robots\" content=\"index, follow, max-snippet:-1, max-image-preview:large, max-video-preview:-1\" \/>\n<link rel=\"canonical\" href=\"http:\/\/www.frederic-poitou.com\/blog\/lhomme-qui-peignait-des-notes\/\" \/>\n<meta property=\"og:locale\" content=\"fr_FR\" \/>\n<meta property=\"og:type\" content=\"article\" \/>\n<meta property=\"og:title\" content=\"L&#039;HOMME QUI PEIGNAIT DES NOTES -\" \/>\n<meta property=\"og:description\" content=\"Quel dommage que ce g\u00e9nie n&rsquo;ait pas eu la reconnaissance qu&rsquo;il m\u00e9rite, lui qui illustra \u00e0 merveille en peignant avec ses notes les impressionnistes, \u00e0 moins que ce soit les impressionnistes qui prenaient leurs pinceaux pour mettre de la couleur &hellip; Lire la suite\u00ad\u00ad\" \/>\n<meta property=\"og:url\" content=\"http:\/\/www.frederic-poitou.com\/blog\/lhomme-qui-peignait-des-notes\/\" \/>\n<meta property=\"article:publisher\" content=\"https:\/\/www.facebook.com\/frederic.poitou\/\" \/>\n<meta property=\"article:published_time\" content=\"2023-07-14T02:20:32+00:00\" \/>\n<meta property=\"article:modified_time\" content=\"2026-04-15T21:49:49+00:00\" \/>\n<meta property=\"og:image\" content=\"http:\/\/www.frederic-poitou.com\/blog\/wp-content\/2018\/05\/Debussy.jpeg\" \/>\n\t<meta property=\"og:image:width\" content=\"756\" \/>\n\t<meta property=\"og:image:height\" content=\"756\" \/>\n\t<meta property=\"og:image:type\" content=\"image\/jpeg\" \/>\n<meta name=\"author\" content=\"Fr\u00e9d\u00e9ric Poitou\" \/>\n<meta name=\"twitter:card\" content=\"summary_large_image\" \/>\n<meta name=\"twitter:creator\" content=\"@fredericpoitou\" \/>\n<meta name=\"twitter:site\" content=\"@fredericpoitou\" \/>\n<meta name=\"twitter:label1\" content=\"\u00c9crit par\" \/>\n\t<meta name=\"twitter:data1\" content=\"Fr\u00e9d\u00e9ric Poitou\" \/>\n\t<meta name=\"twitter:label2\" content=\"Dur\u00e9e de lecture estim\u00e9e\" \/>\n\t<meta name=\"twitter:data2\" content=\"1 minute\" \/>\n<script type=\"application\/ld+json\" class=\"yoast-schema-graph\">{\"@context\":\"https:\/\/schema.org\",\"@graph\":[{\"@type\":\"Article\",\"@id\":\"http:\/\/www.frederic-poitou.com\/blog\/lhomme-qui-peignait-des-notes\/#article\",\"isPartOf\":{\"@id\":\"http:\/\/www.frederic-poitou.com\/blog\/lhomme-qui-peignait-des-notes\/\"},\"author\":{\"name\":\"Fr\u00e9d\u00e9ric Poitou\",\"@id\":\"http:\/\/www.frederic-poitou.com\/blog\/#\/schema\/person\/e2c2d05e978747818533fdce859a7799\"},\"headline\":\"L&rsquo;HOMME QUI PEIGNAIT DES NOTES\",\"datePublished\":\"2023-07-14T02:20:32+00:00\",\"dateModified\":\"2026-04-15T21:49:49+00:00\",\"mainEntityOfPage\":{\"@id\":\"http:\/\/www.frederic-poitou.com\/blog\/lhomme-qui-peignait-des-notes\/\"},\"wordCount\":121,\"image\":{\"@id\":\"http:\/\/www.frederic-poitou.com\/blog\/lhomme-qui-peignait-des-notes\/#primaryimage\"},\"thumbnailUrl\":\"https:\/\/www.frederic-poitou.com\/blog\/wp-content\/2018\/05\/Debussy.jpeg\",\"articleSection\":[\"Culture\"],\"inLanguage\":\"fr-FR\"},{\"@type\":\"WebPage\",\"@id\":\"http:\/\/www.frederic-poitou.com\/blog\/lhomme-qui-peignait-des-notes\/\",\"url\":\"http:\/\/www.frederic-poitou.com\/blog\/lhomme-qui-peignait-des-notes\/\",\"name\":\"L'HOMME QUI PEIGNAIT DES NOTES -\",\"isPartOf\":{\"@id\":\"http:\/\/www.frederic-poitou.com\/blog\/#website\"},\"primaryImageOfPage\":{\"@id\":\"http:\/\/www.frederic-poitou.com\/blog\/lhomme-qui-peignait-des-notes\/#primaryimage\"},\"image\":{\"@id\":\"http:\/\/www.frederic-poitou.com\/blog\/lhomme-qui-peignait-des-notes\/#primaryimage\"},\"thumbnailUrl\":\"https:\/\/www.frederic-poitou.com\/blog\/wp-content\/2018\/05\/Debussy.jpeg\",\"datePublished\":\"2023-07-14T02:20:32+00:00\",\"dateModified\":\"2026-04-15T21:49:49+00:00\",\"author\":{\"@id\":\"http:\/\/www.frederic-poitou.com\/blog\/#\/schema\/person\/e2c2d05e978747818533fdce859a7799\"},\"breadcrumb\":{\"@id\":\"http:\/\/www.frederic-poitou.com\/blog\/lhomme-qui-peignait-des-notes\/#breadcrumb\"},\"inLanguage\":\"fr-FR\",\"potentialAction\":[{\"@type\":\"ReadAction\",\"target\":[\"http:\/\/www.frederic-poitou.com\/blog\/lhomme-qui-peignait-des-notes\/\"]}]},{\"@type\":\"ImageObject\",\"inLanguage\":\"fr-FR\",\"@id\":\"http:\/\/www.frederic-poitou.com\/blog\/lhomme-qui-peignait-des-notes\/#primaryimage\",\"url\":\"https:\/\/www.frederic-poitou.com\/blog\/wp-content\/2018\/05\/Debussy.jpeg\",\"contentUrl\":\"https:\/\/www.frederic-poitou.com\/blog\/wp-content\/2018\/05\/Debussy.jpeg\",\"width\":756,\"height\":756},{\"@type\":\"BreadcrumbList\",\"@id\":\"http:\/\/www.frederic-poitou.com\/blog\/lhomme-qui-peignait-des-notes\/#breadcrumb\",\"itemListElement\":[{\"@type\":\"ListItem\",\"position\":1,\"name\":\"Accueil\",\"item\":\"http:\/\/www.frederic-poitou.com\/blog\/\"},{\"@type\":\"ListItem\",\"position\":2,\"name\":\"L&rsquo;HOMME QUI PEIGNAIT DES NOTES\"}]},{\"@type\":\"WebSite\",\"@id\":\"http:\/\/www.frederic-poitou.com\/blog\/#website\",\"url\":\"http:\/\/www.frederic-poitou.com\/blog\/\",\"name\":\"\",\"description\":\"\",\"potentialAction\":[{\"@type\":\"SearchAction\",\"target\":{\"@type\":\"EntryPoint\",\"urlTemplate\":\"http:\/\/www.frederic-poitou.com\/blog\/?s={search_term_string}\"},\"query-input\":{\"@type\":\"PropertyValueSpecification\",\"valueRequired\":true,\"valueName\":\"search_term_string\"}}],\"inLanguage\":\"fr-FR\"},{\"@type\":\"Person\",\"@id\":\"http:\/\/www.frederic-poitou.com\/blog\/#\/schema\/person\/e2c2d05e978747818533fdce859a7799\",\"name\":\"Fr\u00e9d\u00e9ric Poitou\",\"image\":{\"@type\":\"ImageObject\",\"inLanguage\":\"fr-FR\",\"@id\":\"http:\/\/www.frederic-poitou.com\/blog\/#\/schema\/person\/image\/\",\"url\":\"https:\/\/secure.gravatar.com\/avatar\/1933bcca279a2feafd35d9e0a080c521e11beb51115fe4cfe02e2586ac13424a?s=96&d=mm&r=g\",\"contentUrl\":\"https:\/\/secure.gravatar.com\/avatar\/1933bcca279a2feafd35d9e0a080c521e11beb51115fe4cfe02e2586ac13424a?s=96&d=mm&r=g\",\"caption\":\"Fr\u00e9d\u00e9ric Poitou\"},\"description\":\"Fr\u00e9d\u00e9ric Poitou est n\u00e9 \u00e0 Rouen, et y a fait des \u00e9tudes au Conservatoire en musique-\u00e9tudes en section piano. Il s'est ensuite orient\u00e9 vers des \u00e9tudes scientifiques o\u00f9 il a obtenu un dipl\u00f4me d'ing\u00e9nieur, puis un doctorat en Chimie. Il est Expert Judiciaire en France, en Belgique et \u00e0 Luxembourg, et agr\u00e9e par les Institutions Europ\u00e9ennes.\",\"sameAs\":[\"http:\/\/www.frederic-poitou.com\",\"https:\/\/www.linkedin.com\/in\/frederic-poitou-b045a025\/\"]}]}<\/script>\n<!-- \/ Yoast SEO plugin. -->","yoast_head_json":{"title":"L'HOMME QUI PEIGNAIT DES NOTES -","robots":{"index":"index","follow":"follow","max-snippet":"max-snippet:-1","max-image-preview":"max-image-preview:large","max-video-preview":"max-video-preview:-1"},"canonical":"http:\/\/www.frederic-poitou.com\/blog\/lhomme-qui-peignait-des-notes\/","og_locale":"fr_FR","og_type":"article","og_title":"L'HOMME QUI PEIGNAIT DES NOTES -","og_description":"Quel dommage que ce g\u00e9nie n&rsquo;ait pas eu la reconnaissance qu&rsquo;il m\u00e9rite, lui qui illustra \u00e0 merveille en peignant avec ses notes les impressionnistes, \u00e0 moins que ce soit les impressionnistes qui prenaient leurs pinceaux pour mettre de la couleur &hellip; Lire la suite\u00ad\u00ad","og_url":"http:\/\/www.frederic-poitou.com\/blog\/lhomme-qui-peignait-des-notes\/","article_publisher":"https:\/\/www.facebook.com\/frederic.poitou\/","article_published_time":"2023-07-14T02:20:32+00:00","article_modified_time":"2026-04-15T21:49:49+00:00","og_image":[{"width":756,"height":756,"url":"http:\/\/www.frederic-poitou.com\/blog\/wp-content\/2018\/05\/Debussy.jpeg","type":"image\/jpeg"}],"author":"Fr\u00e9d\u00e9ric Poitou","twitter_card":"summary_large_image","twitter_creator":"@fredericpoitou","twitter_site":"@fredericpoitou","twitter_misc":{"\u00c9crit par":"Fr\u00e9d\u00e9ric Poitou","Dur\u00e9e de lecture estim\u00e9e":"1 minute"},"schema":{"@context":"https:\/\/schema.org","@graph":[{"@type":"Article","@id":"http:\/\/www.frederic-poitou.com\/blog\/lhomme-qui-peignait-des-notes\/#article","isPartOf":{"@id":"http:\/\/www.frederic-poitou.com\/blog\/lhomme-qui-peignait-des-notes\/"},"author":{"name":"Fr\u00e9d\u00e9ric Poitou","@id":"http:\/\/www.frederic-poitou.com\/blog\/#\/schema\/person\/e2c2d05e978747818533fdce859a7799"},"headline":"L&rsquo;HOMME QUI PEIGNAIT DES NOTES","datePublished":"2023-07-14T02:20:32+00:00","dateModified":"2026-04-15T21:49:49+00:00","mainEntityOfPage":{"@id":"http:\/\/www.frederic-poitou.com\/blog\/lhomme-qui-peignait-des-notes\/"},"wordCount":121,"image":{"@id":"http:\/\/www.frederic-poitou.com\/blog\/lhomme-qui-peignait-des-notes\/#primaryimage"},"thumbnailUrl":"https:\/\/www.frederic-poitou.com\/blog\/wp-content\/2018\/05\/Debussy.jpeg","articleSection":["Culture"],"inLanguage":"fr-FR"},{"@type":"WebPage","@id":"http:\/\/www.frederic-poitou.com\/blog\/lhomme-qui-peignait-des-notes\/","url":"http:\/\/www.frederic-poitou.com\/blog\/lhomme-qui-peignait-des-notes\/","name":"L'HOMME QUI PEIGNAIT DES NOTES -","isPartOf":{"@id":"http:\/\/www.frederic-poitou.com\/blog\/#website"},"primaryImageOfPage":{"@id":"http:\/\/www.frederic-poitou.com\/blog\/lhomme-qui-peignait-des-notes\/#primaryimage"},"image":{"@id":"http:\/\/www.frederic-poitou.com\/blog\/lhomme-qui-peignait-des-notes\/#primaryimage"},"thumbnailUrl":"https:\/\/www.frederic-poitou.com\/blog\/wp-content\/2018\/05\/Debussy.jpeg","datePublished":"2023-07-14T02:20:32+00:00","dateModified":"2026-04-15T21:49:49+00:00","author":{"@id":"http:\/\/www.frederic-poitou.com\/blog\/#\/schema\/person\/e2c2d05e978747818533fdce859a7799"},"breadcrumb":{"@id":"http:\/\/www.frederic-poitou.com\/blog\/lhomme-qui-peignait-des-notes\/#breadcrumb"},"inLanguage":"fr-FR","potentialAction":[{"@type":"ReadAction","target":["http:\/\/www.frederic-poitou.com\/blog\/lhomme-qui-peignait-des-notes\/"]}]},{"@type":"ImageObject","inLanguage":"fr-FR","@id":"http:\/\/www.frederic-poitou.com\/blog\/lhomme-qui-peignait-des-notes\/#primaryimage","url":"https:\/\/www.frederic-poitou.com\/blog\/wp-content\/2018\/05\/Debussy.jpeg","contentUrl":"https:\/\/www.frederic-poitou.com\/blog\/wp-content\/2018\/05\/Debussy.jpeg","width":756,"height":756},{"@type":"BreadcrumbList","@id":"http:\/\/www.frederic-poitou.com\/blog\/lhomme-qui-peignait-des-notes\/#breadcrumb","itemListElement":[{"@type":"ListItem","position":1,"name":"Accueil","item":"http:\/\/www.frederic-poitou.com\/blog\/"},{"@type":"ListItem","position":2,"name":"L&rsquo;HOMME QUI PEIGNAIT DES NOTES"}]},{"@type":"WebSite","@id":"http:\/\/www.frederic-poitou.com\/blog\/#website","url":"http:\/\/www.frederic-poitou.com\/blog\/","name":"","description":"","potentialAction":[{"@type":"SearchAction","target":{"@type":"EntryPoint","urlTemplate":"http:\/\/www.frederic-poitou.com\/blog\/?s={search_term_string}"},"query-input":{"@type":"PropertyValueSpecification","valueRequired":true,"valueName":"search_term_string"}}],"inLanguage":"fr-FR"},{"@type":"Person","@id":"http:\/\/www.frederic-poitou.com\/blog\/#\/schema\/person\/e2c2d05e978747818533fdce859a7799","name":"Fr\u00e9d\u00e9ric Poitou","image":{"@type":"ImageObject","inLanguage":"fr-FR","@id":"http:\/\/www.frederic-poitou.com\/blog\/#\/schema\/person\/image\/","url":"https:\/\/secure.gravatar.com\/avatar\/1933bcca279a2feafd35d9e0a080c521e11beb51115fe4cfe02e2586ac13424a?s=96&d=mm&r=g","contentUrl":"https:\/\/secure.gravatar.com\/avatar\/1933bcca279a2feafd35d9e0a080c521e11beb51115fe4cfe02e2586ac13424a?s=96&d=mm&r=g","caption":"Fr\u00e9d\u00e9ric Poitou"},"description":"Fr\u00e9d\u00e9ric Poitou est n\u00e9 \u00e0 Rouen, et y a fait des \u00e9tudes au Conservatoire en musique-\u00e9tudes en section piano. Il s'est ensuite orient\u00e9 vers des \u00e9tudes scientifiques o\u00f9 il a obtenu un dipl\u00f4me d'ing\u00e9nieur, puis un doctorat en Chimie. Il est Expert Judiciaire en France, en Belgique et \u00e0 Luxembourg, et agr\u00e9e par les Institutions Europ\u00e9ennes.","sameAs":["http:\/\/www.frederic-poitou.com","https:\/\/www.linkedin.com\/in\/frederic-poitou-b045a025\/"]}]}},"_links":{"self":[{"href":"https:\/\/www.frederic-poitou.com\/blog\/wp-json\/wp\/v2\/posts\/7453","targetHints":{"allow":["GET"]}}],"collection":[{"href":"https:\/\/www.frederic-poitou.com\/blog\/wp-json\/wp\/v2\/posts"}],"about":[{"href":"https:\/\/www.frederic-poitou.com\/blog\/wp-json\/wp\/v2\/types\/post"}],"author":[{"embeddable":true,"href":"https:\/\/www.frederic-poitou.com\/blog\/wp-json\/wp\/v2\/users\/4"}],"replies":[{"embeddable":true,"href":"https:\/\/www.frederic-poitou.com\/blog\/wp-json\/wp\/v2\/comments?post=7453"}],"version-history":[{"count":1,"href":"https:\/\/www.frederic-poitou.com\/blog\/wp-json\/wp\/v2\/posts\/7453\/revisions"}],"predecessor-version":[{"id":8771,"href":"https:\/\/www.frederic-poitou.com\/blog\/wp-json\/wp\/v2\/posts\/7453\/revisions\/8771"}],"wp:featuredmedia":[{"embeddable":true,"href":"https:\/\/www.frederic-poitou.com\/blog\/wp-json\/wp\/v2\/media\/7454"}],"wp:attachment":[{"href":"https:\/\/www.frederic-poitou.com\/blog\/wp-json\/wp\/v2\/media?parent=7453"}],"wp:term":[{"taxonomy":"category","embeddable":true,"href":"https:\/\/www.frederic-poitou.com\/blog\/wp-json\/wp\/v2\/categories?post=7453"},{"taxonomy":"post_tag","embeddable":true,"href":"https:\/\/www.frederic-poitou.com\/blog\/wp-json\/wp\/v2\/tags?post=7453"}],"curies":[{"name":"wp","href":"https:\/\/api.w.org\/{rel}","templated":true}]}}