{"id":7246,"date":"2023-07-14T07:05:32","date_gmt":"2023-07-14T05:05:32","guid":{"rendered":"http:\/\/www.frederic-poitou.com\/blog\/?p=7246"},"modified":"2026-04-16T16:08:08","modified_gmt":"2026-04-16T14:08:08","slug":"mon-administration-que-jaime","status":"publish","type":"post","link":"https:\/\/www.frederic-poitou.com\/blog\/mon-administration-que-jaime\/","title":{"rendered":"MON ADMINISTRATION QUE J&rsquo;AIME &#8230;"},"content":{"rendered":"<div class=\"\" data-block=\"true\" data-editor=\"31hhu\" data-offset-key=\"4b393-0-0\">\n<div class=\"_1mf _1mj\" data-offset-key=\"4b393-0-0\">\n<p><span class=\"_ttu\" data-offset-key=\"4b393-0-0\"><span class=\"_63ey\" data-text=\"true\">Mon administration que j&rsquo;aime &#8230;<\/span><\/span><\/p>\n<p>&nbsp;<\/p>\n<\/div>\n<\/div>\n<div class=\"\" data-block=\"true\" data-editor=\"31hhu\" data-offset-key=\"2b6ne-0-0\">\n<div class=\"_1mf _1mj\" data-offset-key=\"2b6ne-0-0\"><span class=\"_ttu\" data-offset-key=\"2b6ne-0-0\"><span class=\"_63ey\" data-text=\"true\">&#8211; Toutes les administrations exigent que les requ\u00eates, r\u00e9clamations et autres demandes d&rsquo;informations parviennent par courrier recommand\u00e9 avec accus\u00e9 de r\u00e9ception. Dont acte.<\/span><\/span><\/div>\n<\/div>\n<div class=\"_1mf _1mj\" data-offset-key=\"ftfic-0-0\"><span class=\"_ttu\" data-offset-key=\"ftfic-0-0\">\u00a0<\/span><\/div>\n<div class=\"_1mf _1mj\" data-offset-key=\"ftfic-0-0\">Acte I<\/div>\n<div class=\"\" data-block=\"true\" data-editor=\"31hhu\" data-offset-key=\"2l0bm-0-0\">\n<div class=\"_1mf _1mj\" data-offset-key=\"2l0bm-0-0\"><span class=\"_ttu\" data-offset-key=\"2l0bm-0-0\"><span class=\"_63ey\" data-text=\"true\">Voici le cas d&rsquo;un administr\u00e9 qui envoie par erreur sa requ\u00eate par courrier recommand\u00e9 simple, accompagn\u00e9 du ch\u00e8que repr\u00e9sentant les frais de dossiers obligatoires.<\/span><\/span><\/div>\n<\/div>\n<div class=\"_1mf _1mj\" data-offset-key=\"2s3q8-0-0\"><span class=\"_ttu\" data-offset-key=\"2s3q8-0-0\"><br \/>\nActe II<\/span><\/div>\n<div class=\"\" data-block=\"true\" data-editor=\"31hhu\" data-offset-key=\"cqvoh-0-0\">\n<div class=\"_1mf _1mj\" data-offset-key=\"cqvoh-0-0\"><span class=\"_ttu\" data-offset-key=\"cqvoh-0-0\"><span class=\"_63ey\" data-text=\"true\">L&rsquo;administration encaisse le ch\u00e8que (of course !), et lui r\u00e9pond par un courrier d&rsquo;anthologie :<\/span><\/span><\/div>\n<\/div>\n<div class=\"\" data-block=\"true\" data-editor=\"31hhu\" data-offset-key=\"fv47s-0-0\">\n<div class=\"_1mf _1mj\" data-offset-key=\"fv47s-0-0\"><em><span class=\"_ttu\" data-offset-key=\"fv47s-0-0\"><span class=\"_63ey\" data-text=\"true\">Nous accusons r\u00e9ception de votre courrier, et du r\u00e8glement qui l&rsquo;accompagne.<\/span><\/span><\/em><\/div>\n<\/div>\n<div class=\"\" data-block=\"true\" data-editor=\"31hhu\" data-offset-key=\"akv0a-0-0\">\n<div class=\"_1mf _1mj\" data-offset-key=\"akv0a-0-0\"><em><span class=\"_ttu\" data-offset-key=\"akv0a-0-0\"><span class=\"_63ey\" data-text=\"true\">Mais nous ne pouvons pas consid\u00e9rer votre requ\u00eate comme recevable, car non envoy\u00e9e par courrier recommand\u00e9 avec accus\u00e9 de r\u00e9ception.<\/span><\/span><\/em><\/div>\n<\/div>\n<div class=\"\" data-block=\"true\" data-editor=\"31hhu\" data-offset-key=\"fc7f6-0-0\">\n<div class=\"_1mf _1mj\" data-offset-key=\"fc7f6-0-0\"><span class=\"_ttu\" data-offset-key=\"fc7f6-0-0\">\u00a0<\/span><\/div>\n<\/div>\n<div class=\"\" data-block=\"true\" data-editor=\"31hhu\" data-offset-key=\"ennm4-0-0\">\n<div class=\"_1mf _1mj\" data-offset-key=\"ennm4-0-0\"><span class=\"_ttu\" data-offset-key=\"ennm4-0-0\"><span class=\"_63ey\" data-text=\"true\">Hein ?<\/span><\/span><\/div>\n<\/div>\n<div class=\"\" data-block=\"true\" data-editor=\"31hhu\" data-offset-key=\"87eq0-0-0\">\n<div class=\"_1mf _1mj\" data-offset-key=\"87eq0-0-0\"><span class=\"_ttu\" data-offset-key=\"87eq0-0-0\"><span class=\"_63ey\" data-text=\"true\">Tu m&rsquo;\u00e9cris que tu accuses bien r\u00e9ception de mon courrier, mais que tu ne peux pas en tenir compte du fait qu&rsquo;il n&rsquo;a pas \u00e9t\u00e9 envoy\u00e9 par courrier recommand\u00e9 avec accus\u00e9 de r\u00e9ception. En gros, tu m&rsquo;indiques\u00a0que tes \u00e9crits n&rsquo;ont pas valeur juridique. OK. Mais t&rsquo;encaisses quand m\u00eame le ch\u00e8que, hein crapule. <\/span><\/span><\/div>\n<\/div>\n<div class=\"\" data-block=\"true\" data-editor=\"31hhu\" data-offset-key=\"af4r1-0-0\">\n<p>Acte III<\/p>\n<\/div>\n<div class=\"\" data-block=\"true\" data-editor=\"31hhu\" data-offset-key=\"af4r1-0-0\">Cet administr\u00e9 prend sa plus belle plume et \u00e9crit donc \u00e0 la Poste (services juridiques \u00e0 Paris) le\u00a014 Juin dernier pour demander si il existe une diff\u00e9rence juridique entre courrier recommand\u00e9 avec, et sans AR.<br \/>\nImm\u00e9diatement, la Poste r\u00e9pond qu&rsquo;une r\u00e9ponse sera adress\u00e9e sous 5 jours. ChouetteActe IV<\/div>\n<div class=\"\" data-block=\"true\" data-editor=\"31hhu\" data-offset-key=\"af4r1-0-0\">\n<p>Mois de Juillet, soit un mois apr\u00e8s le pr\u00e9c\u00e9dent courrier. Aucune r\u00e9ponse de la Poste. Re-courrier, re-m\u00eame r\u00e9ponse de la Poste. Une r\u00e9ponse sera adress\u00e9e sous 5 jours.<\/p>\n<\/div>\n<div class=\"\" data-block=\"true\" data-editor=\"31hhu\" data-offset-key=\"af4r1-0-0\"><\/div>\n<div class=\"\" data-block=\"true\" data-editor=\"31hhu\" data-offset-key=\"af4r1-0-0\">Acte V<\/div>\n<div class=\"\" data-block=\"true\" data-editor=\"31hhu\" data-offset-key=\"af4r1-0-0\">Mois d&rsquo;Ao\u00fbt, soit deux mois apr\u00e8s le premier courrier, toujours aucune r\u00e9ponse de la Poste. Re-re-courrier, re-re-m\u00eame r\u00e9ponse de la Poste. Une r\u00e9ponse sera adress\u00e9e sous 5 jours.Acte V,\u00a0m&rsquo;as gounfla la Poste.<br \/>\nJe saisi le m\u00e9diateur de la R\u00e9publique, tr\u00e8s tr\u00e8s efficace service public, pour faire valoir \u00e0 l&rsquo;amiable ses droits envers l&rsquo;administration.<br \/>\nLui r\u00e9pond tr\u00e8s vite, et lui fait son travail. Il appelle la Poste et leur demande de bien vouloir me r\u00e9pondre.<br \/>\nActe VI<br \/>\nTenu par la saisine du M\u00e9diateur, la Poste r\u00e9pond enfin en m&rsquo;indiquant explicitement<em> \u00ab\u00a0il n&rsquo;y a aucune diff\u00e9rence juridique entre courrier recommand\u00e9 avec et sans accus\u00e9 de r\u00e9ception.\u00a0\u00bb<\/em><\/div>\n<p>Ah quand m\u00eame ! Je m&rsquo;en doutais, ca va sans dire, mais ca va mieux en le disant. Et au passage, le recommand\u00e9 simple ou AR ne garantit rien d&rsquo;autre que la date de d\u00e9p\u00f4t, mais en aucun cas le contenu.<\/p>\n<p>Acte VII<\/p>\n<p>Petite lettre d&rsquo;amour \u00e0 mon administration pr\u00e9f\u00e9r\u00e9e demandant de prendre en compte ma requ\u00eate, puisqu&rsquo;elle en a accus\u00e9 r\u00e9ception, et qu&rsquo;en plus il n&rsquo;y a aucune diff\u00e9rence juridique entre courrier recommand\u00e9 avec, et sans accus\u00e9 de r\u00e9ception.<\/p>\n<p>&nbsp;<\/p>\n<p>Acte VIII<\/p>\n<p>Mon administration pr\u00e9f\u00e9r\u00e9e r\u00e9pond \u00e0 ma lettre d&rsquo;amour par un laconique : Nan. On a certes accus\u00e9 r\u00e9ception, mais comme c&rsquo;est pas envoy\u00e9 par recommand\u00e9 avec accus\u00e9 de r\u00e9ception on prend pas en compte votre requ\u00eate.<\/p>\n<p>&nbsp;<\/p>\n<p>Acte IX<\/p>\n<p>Ah ouais ? Ah c&rsquo;est comme \u00e7a. Bah puisque tu es taquine, moi j&rsquo;ai \u00e9crit \u00e0 mon ami Lolo, je veux dire Laurent Fabius, Pr\u00e9sident du Conseil Constitutionnel. Faut faire vite, car il pourrait bien se retrouver entendu\u00a0dans le cadre de l&rsquo;affaire Lafarge en Syrie qui aurait coop\u00e9r\u00e9 avec Daesh :<\/p>\n<p><em>\u00ab\u00a0Monsieur le Pr\u00e9sident du Conseil Constitutionnel,\u00a0<\/em><br \/>\n<em>Mon Cher Lolo,<\/em><\/p>\n<p><em>T&rsquo;en penses quoi toi, de cette histoire de recommand\u00e9 avec et sans accus\u00e9 de r\u00e9ception ?.<\/em><\/p>\n<p><em>Merci de ta r\u00e9ponse, et bisous bisous.\u00a0\u00bb<\/em><\/p>\n<p>&nbsp;<\/p>\n","protected":false},"excerpt":{"rendered":"<p>Mon administration que j&rsquo;aime &#8230; &nbsp; &#8211; Toutes les administrations exigent que les requ\u00eates, r\u00e9clamations et autres demandes d&rsquo;informations parviennent par courrier recommand\u00e9 avec accus\u00e9 de r\u00e9ception. Dont acte. \u00a0 Acte I Voici le cas d&rsquo;un administr\u00e9 qui envoie par &hellip; <a href=\"https:\/\/www.frederic-poitou.com\/blog\/mon-administration-que-jaime\/\">Lire la suite\u00ad\u00ad<\/a><\/p>\n","protected":false},"author":4,"featured_media":7247,"comment_status":"closed","ping_status":"open","sticky":false,"template":"","format":"standard","meta":{"kt_blocks_editor_width":"","_exactmetrics_skip_tracking":false,"_exactmetrics_sitenote_active":false,"_exactmetrics_sitenote_note":"","_exactmetrics_sitenote_category":0,"footnotes":""},"categories":[1,51,54],"tags":[],"class_list":["post-7246","post","type-post","status-publish","format-standard","has-post-thumbnail","hentry","category-politique-economie","category-politique","category-societe"],"yoast_head":"<!-- This site is optimized with the Yoast SEO plugin v27.1.1 - https:\/\/yoast.com\/product\/yoast-seo-wordpress\/ -->\n<title>MON ADMINISTRATION QUE J&#039;AIME ... -<\/title>\n<meta name=\"robots\" content=\"index, follow, max-snippet:-1, max-image-preview:large, max-video-preview:-1\" \/>\n<link rel=\"canonical\" href=\"http:\/\/www.frederic-poitou.com\/blog\/mon-administration-que-jaime\/\" \/>\n<meta property=\"og:locale\" content=\"fr_FR\" \/>\n<meta property=\"og:type\" content=\"article\" \/>\n<meta property=\"og:title\" content=\"MON ADMINISTRATION QUE J&#039;AIME ... -\" \/>\n<meta property=\"og:description\" content=\"Mon administration que j&rsquo;aime &#8230; &nbsp; &#8211; Toutes les administrations exigent que les requ\u00eates, r\u00e9clamations et autres demandes d&rsquo;informations parviennent par courrier recommand\u00e9 avec accus\u00e9 de r\u00e9ception. Dont acte. \u00a0 Acte I Voici le cas d&rsquo;un administr\u00e9 qui envoie par &hellip; Lire la suite\u00ad\u00ad\" \/>\n<meta property=\"og:url\" content=\"http:\/\/www.frederic-poitou.com\/blog\/mon-administration-que-jaime\/\" \/>\n<meta property=\"article:publisher\" content=\"https:\/\/www.facebook.com\/frederic.poitou\/\" \/>\n<meta property=\"article:published_time\" content=\"2023-07-14T05:05:32+00:00\" \/>\n<meta property=\"article:modified_time\" content=\"2026-04-16T14:08:08+00:00\" \/>\n<meta property=\"og:image\" content=\"http:\/\/www.frederic-poitou.com\/blog\/wp-content\/2017\/10\/vacances-public.gif\" \/>\n\t<meta property=\"og:image:width\" content=\"350\" \/>\n\t<meta property=\"og:image:height\" content=\"395\" \/>\n\t<meta property=\"og:image:type\" content=\"image\/gif\" \/>\n<meta name=\"author\" content=\"Fr\u00e9d\u00e9ric Poitou\" \/>\n<meta name=\"twitter:card\" content=\"summary_large_image\" \/>\n<meta name=\"twitter:creator\" content=\"@fredericpoitou\" \/>\n<meta name=\"twitter:site\" content=\"@fredericpoitou\" \/>\n<meta name=\"twitter:label1\" content=\"\u00c9crit par\" \/>\n\t<meta name=\"twitter:data1\" content=\"Fr\u00e9d\u00e9ric Poitou\" \/>\n\t<meta name=\"twitter:label2\" content=\"Dur\u00e9e de lecture estim\u00e9e\" \/>\n\t<meta name=\"twitter:data2\" content=\"3 minutes\" \/>\n<script type=\"application\/ld+json\" class=\"yoast-schema-graph\">{\"@context\":\"https:\/\/schema.org\",\"@graph\":[{\"@type\":\"Article\",\"@id\":\"http:\/\/www.frederic-poitou.com\/blog\/mon-administration-que-jaime\/#article\",\"isPartOf\":{\"@id\":\"http:\/\/www.frederic-poitou.com\/blog\/mon-administration-que-jaime\/\"},\"author\":{\"name\":\"Fr\u00e9d\u00e9ric Poitou\",\"@id\":\"http:\/\/www.frederic-poitou.com\/blog\/#\/schema\/person\/e2c2d05e978747818533fdce859a7799\"},\"headline\":\"MON ADMINISTRATION QUE J&rsquo;AIME &#8230;\",\"datePublished\":\"2023-07-14T05:05:32+00:00\",\"dateModified\":\"2026-04-16T14:08:08+00:00\",\"mainEntityOfPage\":{\"@id\":\"http:\/\/www.frederic-poitou.com\/blog\/mon-administration-que-jaime\/\"},\"wordCount\":640,\"image\":{\"@id\":\"http:\/\/www.frederic-poitou.com\/blog\/mon-administration-que-jaime\/#primaryimage\"},\"thumbnailUrl\":\"https:\/\/www.frederic-poitou.com\/blog\/wp-content\/2017\/10\/vacances-public.gif\",\"articleSection\":[\"Divers\",\"Politique\",\"Soci\u00e9t\u00e9\"],\"inLanguage\":\"fr-FR\"},{\"@type\":\"WebPage\",\"@id\":\"http:\/\/www.frederic-poitou.com\/blog\/mon-administration-que-jaime\/\",\"url\":\"http:\/\/www.frederic-poitou.com\/blog\/mon-administration-que-jaime\/\",\"name\":\"MON ADMINISTRATION QUE J'AIME ... -\",\"isPartOf\":{\"@id\":\"http:\/\/www.frederic-poitou.com\/blog\/#website\"},\"primaryImageOfPage\":{\"@id\":\"http:\/\/www.frederic-poitou.com\/blog\/mon-administration-que-jaime\/#primaryimage\"},\"image\":{\"@id\":\"http:\/\/www.frederic-poitou.com\/blog\/mon-administration-que-jaime\/#primaryimage\"},\"thumbnailUrl\":\"https:\/\/www.frederic-poitou.com\/blog\/wp-content\/2017\/10\/vacances-public.gif\",\"datePublished\":\"2023-07-14T05:05:32+00:00\",\"dateModified\":\"2026-04-16T14:08:08+00:00\",\"author\":{\"@id\":\"http:\/\/www.frederic-poitou.com\/blog\/#\/schema\/person\/e2c2d05e978747818533fdce859a7799\"},\"breadcrumb\":{\"@id\":\"http:\/\/www.frederic-poitou.com\/blog\/mon-administration-que-jaime\/#breadcrumb\"},\"inLanguage\":\"fr-FR\",\"potentialAction\":[{\"@type\":\"ReadAction\",\"target\":[\"http:\/\/www.frederic-poitou.com\/blog\/mon-administration-que-jaime\/\"]}]},{\"@type\":\"ImageObject\",\"inLanguage\":\"fr-FR\",\"@id\":\"http:\/\/www.frederic-poitou.com\/blog\/mon-administration-que-jaime\/#primaryimage\",\"url\":\"https:\/\/www.frederic-poitou.com\/blog\/wp-content\/2017\/10\/vacances-public.gif\",\"contentUrl\":\"https:\/\/www.frederic-poitou.com\/blog\/wp-content\/2017\/10\/vacances-public.gif\",\"width\":350,\"height\":395},{\"@type\":\"BreadcrumbList\",\"@id\":\"http:\/\/www.frederic-poitou.com\/blog\/mon-administration-que-jaime\/#breadcrumb\",\"itemListElement\":[{\"@type\":\"ListItem\",\"position\":1,\"name\":\"Accueil\",\"item\":\"http:\/\/www.frederic-poitou.com\/blog\/\"},{\"@type\":\"ListItem\",\"position\":2,\"name\":\"MON ADMINISTRATION QUE J&rsquo;AIME &#8230;\"}]},{\"@type\":\"WebSite\",\"@id\":\"http:\/\/www.frederic-poitou.com\/blog\/#website\",\"url\":\"http:\/\/www.frederic-poitou.com\/blog\/\",\"name\":\"\",\"description\":\"\",\"potentialAction\":[{\"@type\":\"SearchAction\",\"target\":{\"@type\":\"EntryPoint\",\"urlTemplate\":\"http:\/\/www.frederic-poitou.com\/blog\/?s={search_term_string}\"},\"query-input\":{\"@type\":\"PropertyValueSpecification\",\"valueRequired\":true,\"valueName\":\"search_term_string\"}}],\"inLanguage\":\"fr-FR\"},{\"@type\":\"Person\",\"@id\":\"http:\/\/www.frederic-poitou.com\/blog\/#\/schema\/person\/e2c2d05e978747818533fdce859a7799\",\"name\":\"Fr\u00e9d\u00e9ric Poitou\",\"image\":{\"@type\":\"ImageObject\",\"inLanguage\":\"fr-FR\",\"@id\":\"http:\/\/www.frederic-poitou.com\/blog\/#\/schema\/person\/image\/\",\"url\":\"https:\/\/secure.gravatar.com\/avatar\/1933bcca279a2feafd35d9e0a080c521e11beb51115fe4cfe02e2586ac13424a?s=96&d=mm&r=g\",\"contentUrl\":\"https:\/\/secure.gravatar.com\/avatar\/1933bcca279a2feafd35d9e0a080c521e11beb51115fe4cfe02e2586ac13424a?s=96&d=mm&r=g\",\"caption\":\"Fr\u00e9d\u00e9ric Poitou\"},\"description\":\"Fr\u00e9d\u00e9ric Poitou est n\u00e9 \u00e0 Rouen, et y a fait des \u00e9tudes au Conservatoire en musique-\u00e9tudes en section piano. Il s'est ensuite orient\u00e9 vers des \u00e9tudes scientifiques o\u00f9 il a obtenu un dipl\u00f4me d'ing\u00e9nieur, puis un doctorat en Chimie. Il est Expert Judiciaire en France, en Belgique et \u00e0 Luxembourg, et agr\u00e9e par les Institutions Europ\u00e9ennes.\",\"sameAs\":[\"http:\/\/www.frederic-poitou.com\",\"https:\/\/www.linkedin.com\/in\/frederic-poitou-b045a025\/\"]}]}<\/script>\n<!-- \/ Yoast SEO plugin. -->","yoast_head_json":{"title":"MON ADMINISTRATION QUE J'AIME ... -","robots":{"index":"index","follow":"follow","max-snippet":"max-snippet:-1","max-image-preview":"max-image-preview:large","max-video-preview":"max-video-preview:-1"},"canonical":"http:\/\/www.frederic-poitou.com\/blog\/mon-administration-que-jaime\/","og_locale":"fr_FR","og_type":"article","og_title":"MON ADMINISTRATION QUE J'AIME ... -","og_description":"Mon administration que j&rsquo;aime &#8230; &nbsp; &#8211; Toutes les administrations exigent que les requ\u00eates, r\u00e9clamations et autres demandes d&rsquo;informations parviennent par courrier recommand\u00e9 avec accus\u00e9 de r\u00e9ception. Dont acte. \u00a0 Acte I Voici le cas d&rsquo;un administr\u00e9 qui envoie par &hellip; Lire la suite\u00ad\u00ad","og_url":"http:\/\/www.frederic-poitou.com\/blog\/mon-administration-que-jaime\/","article_publisher":"https:\/\/www.facebook.com\/frederic.poitou\/","article_published_time":"2023-07-14T05:05:32+00:00","article_modified_time":"2026-04-16T14:08:08+00:00","og_image":[{"width":350,"height":395,"url":"http:\/\/www.frederic-poitou.com\/blog\/wp-content\/2017\/10\/vacances-public.gif","type":"image\/gif"}],"author":"Fr\u00e9d\u00e9ric Poitou","twitter_card":"summary_large_image","twitter_creator":"@fredericpoitou","twitter_site":"@fredericpoitou","twitter_misc":{"\u00c9crit par":"Fr\u00e9d\u00e9ric Poitou","Dur\u00e9e de lecture estim\u00e9e":"3 minutes"},"schema":{"@context":"https:\/\/schema.org","@graph":[{"@type":"Article","@id":"http:\/\/www.frederic-poitou.com\/blog\/mon-administration-que-jaime\/#article","isPartOf":{"@id":"http:\/\/www.frederic-poitou.com\/blog\/mon-administration-que-jaime\/"},"author":{"name":"Fr\u00e9d\u00e9ric Poitou","@id":"http:\/\/www.frederic-poitou.com\/blog\/#\/schema\/person\/e2c2d05e978747818533fdce859a7799"},"headline":"MON ADMINISTRATION QUE J&rsquo;AIME &#8230;","datePublished":"2023-07-14T05:05:32+00:00","dateModified":"2026-04-16T14:08:08+00:00","mainEntityOfPage":{"@id":"http:\/\/www.frederic-poitou.com\/blog\/mon-administration-que-jaime\/"},"wordCount":640,"image":{"@id":"http:\/\/www.frederic-poitou.com\/blog\/mon-administration-que-jaime\/#primaryimage"},"thumbnailUrl":"https:\/\/www.frederic-poitou.com\/blog\/wp-content\/2017\/10\/vacances-public.gif","articleSection":["Divers","Politique","Soci\u00e9t\u00e9"],"inLanguage":"fr-FR"},{"@type":"WebPage","@id":"http:\/\/www.frederic-poitou.com\/blog\/mon-administration-que-jaime\/","url":"http:\/\/www.frederic-poitou.com\/blog\/mon-administration-que-jaime\/","name":"MON ADMINISTRATION QUE J'AIME ... -","isPartOf":{"@id":"http:\/\/www.frederic-poitou.com\/blog\/#website"},"primaryImageOfPage":{"@id":"http:\/\/www.frederic-poitou.com\/blog\/mon-administration-que-jaime\/#primaryimage"},"image":{"@id":"http:\/\/www.frederic-poitou.com\/blog\/mon-administration-que-jaime\/#primaryimage"},"thumbnailUrl":"https:\/\/www.frederic-poitou.com\/blog\/wp-content\/2017\/10\/vacances-public.gif","datePublished":"2023-07-14T05:05:32+00:00","dateModified":"2026-04-16T14:08:08+00:00","author":{"@id":"http:\/\/www.frederic-poitou.com\/blog\/#\/schema\/person\/e2c2d05e978747818533fdce859a7799"},"breadcrumb":{"@id":"http:\/\/www.frederic-poitou.com\/blog\/mon-administration-que-jaime\/#breadcrumb"},"inLanguage":"fr-FR","potentialAction":[{"@type":"ReadAction","target":["http:\/\/www.frederic-poitou.com\/blog\/mon-administration-que-jaime\/"]}]},{"@type":"ImageObject","inLanguage":"fr-FR","@id":"http:\/\/www.frederic-poitou.com\/blog\/mon-administration-que-jaime\/#primaryimage","url":"https:\/\/www.frederic-poitou.com\/blog\/wp-content\/2017\/10\/vacances-public.gif","contentUrl":"https:\/\/www.frederic-poitou.com\/blog\/wp-content\/2017\/10\/vacances-public.gif","width":350,"height":395},{"@type":"BreadcrumbList","@id":"http:\/\/www.frederic-poitou.com\/blog\/mon-administration-que-jaime\/#breadcrumb","itemListElement":[{"@type":"ListItem","position":1,"name":"Accueil","item":"http:\/\/www.frederic-poitou.com\/blog\/"},{"@type":"ListItem","position":2,"name":"MON ADMINISTRATION QUE J&rsquo;AIME &#8230;"}]},{"@type":"WebSite","@id":"http:\/\/www.frederic-poitou.com\/blog\/#website","url":"http:\/\/www.frederic-poitou.com\/blog\/","name":"","description":"","potentialAction":[{"@type":"SearchAction","target":{"@type":"EntryPoint","urlTemplate":"http:\/\/www.frederic-poitou.com\/blog\/?s={search_term_string}"},"query-input":{"@type":"PropertyValueSpecification","valueRequired":true,"valueName":"search_term_string"}}],"inLanguage":"fr-FR"},{"@type":"Person","@id":"http:\/\/www.frederic-poitou.com\/blog\/#\/schema\/person\/e2c2d05e978747818533fdce859a7799","name":"Fr\u00e9d\u00e9ric Poitou","image":{"@type":"ImageObject","inLanguage":"fr-FR","@id":"http:\/\/www.frederic-poitou.com\/blog\/#\/schema\/person\/image\/","url":"https:\/\/secure.gravatar.com\/avatar\/1933bcca279a2feafd35d9e0a080c521e11beb51115fe4cfe02e2586ac13424a?s=96&d=mm&r=g","contentUrl":"https:\/\/secure.gravatar.com\/avatar\/1933bcca279a2feafd35d9e0a080c521e11beb51115fe4cfe02e2586ac13424a?s=96&d=mm&r=g","caption":"Fr\u00e9d\u00e9ric Poitou"},"description":"Fr\u00e9d\u00e9ric Poitou est n\u00e9 \u00e0 Rouen, et y a fait des \u00e9tudes au Conservatoire en musique-\u00e9tudes en section piano. Il s'est ensuite orient\u00e9 vers des \u00e9tudes scientifiques o\u00f9 il a obtenu un dipl\u00f4me d'ing\u00e9nieur, puis un doctorat en Chimie. Il est Expert Judiciaire en France, en Belgique et \u00e0 Luxembourg, et agr\u00e9e par les Institutions Europ\u00e9ennes.","sameAs":["http:\/\/www.frederic-poitou.com","https:\/\/www.linkedin.com\/in\/frederic-poitou-b045a025\/"]}]}},"_links":{"self":[{"href":"https:\/\/www.frederic-poitou.com\/blog\/wp-json\/wp\/v2\/posts\/7246","targetHints":{"allow":["GET"]}}],"collection":[{"href":"https:\/\/www.frederic-poitou.com\/blog\/wp-json\/wp\/v2\/posts"}],"about":[{"href":"https:\/\/www.frederic-poitou.com\/blog\/wp-json\/wp\/v2\/types\/post"}],"author":[{"embeddable":true,"href":"https:\/\/www.frederic-poitou.com\/blog\/wp-json\/wp\/v2\/users\/4"}],"replies":[{"embeddable":true,"href":"https:\/\/www.frederic-poitou.com\/blog\/wp-json\/wp\/v2\/comments?post=7246"}],"version-history":[{"count":1,"href":"https:\/\/www.frederic-poitou.com\/blog\/wp-json\/wp\/v2\/posts\/7246\/revisions"}],"predecessor-version":[{"id":10334,"href":"https:\/\/www.frederic-poitou.com\/blog\/wp-json\/wp\/v2\/posts\/7246\/revisions\/10334"}],"wp:featuredmedia":[{"embeddable":true,"href":"https:\/\/www.frederic-poitou.com\/blog\/wp-json\/wp\/v2\/media\/7247"}],"wp:attachment":[{"href":"https:\/\/www.frederic-poitou.com\/blog\/wp-json\/wp\/v2\/media?parent=7246"}],"wp:term":[{"taxonomy":"category","embeddable":true,"href":"https:\/\/www.frederic-poitou.com\/blog\/wp-json\/wp\/v2\/categories?post=7246"},{"taxonomy":"post_tag","embeddable":true,"href":"https:\/\/www.frederic-poitou.com\/blog\/wp-json\/wp\/v2\/tags?post=7246"}],"curies":[{"name":"wp","href":"https:\/\/api.w.org\/{rel}","templated":true}]}}