{"id":7221,"date":"2023-07-14T05:13:32","date_gmt":"2023-07-14T03:13:32","guid":{"rendered":"http:\/\/www.frederic-poitou.com\/blog\/?p=7221"},"modified":"2026-04-16T04:22:35","modified_gmt":"2026-04-16T02:22:35","slug":"marine-periras-as-peche","status":"publish","type":"post","link":"https:\/\/www.frederic-poitou.com\/blog\/marine-periras-as-peche\/","title":{"rendered":"MARINE, TU P\u00c9RIRAS PAR O\u00d9 TU AS P\u00caCH\u00c9"},"content":{"rendered":"<div data-contents=\"true\">\n<div class=\"\" data-offset-key=\"bf2u8-0-0\" data-editor=\"a4eor\" data-block=\"true\">\n<div class=\"_1mf _1mj\" data-offset-key=\"7hdt4-0-0\"><span data-offset-key=\"7hdt4-0-0\">Hier soir (ndlr le 3 Mai 2017) , le d\u00e9bat n&rsquo;a pas \u00e9t\u00e9 \u00e0 la hauteur de l&rsquo;attente de notre pays. <\/span><\/div>\n<div class=\"_1mf _1mj\" data-offset-key=\"7hdt4-0-0\"><\/div>\n<div class=\"_1mf _1mj\" data-offset-key=\"24kbr-0-0\"><span data-offset-key=\"7hdt4-0-0\">Voici une version toute politiquement correcte, digne d&rsquo;un candidat aux l\u00e9gislatives : <em>\u00ab\u00a0La n\u00e9cessaire volont\u00e9 de sortir notre pays de la crise entra\u00eene une mission qui exige somme toute l&rsquo;\u00e9laboration d&rsquo;un plan correspondant v\u00e9ritablement aux exigences l\u00e9gitimes de chacun. L&rsquo;effort prioritaire en faveur du statut pr\u00e9caire des exclus obligerait \u00e0 la prise en compte encore plus effective de solutions rapides correspondant aux grands axes sociaux prioritaires. <\/em><\/span><em>Or, et j&rsquo;ai depuis longtemps d\u00e9fendu l&rsquo;id\u00e9e que l&rsquo;effort prioritaire en faveur du statut pr\u00e9caire des exclus nous oblige tous \u00e0 aller de l&rsquo;avant dans la voie d&rsquo;un processus allant vers plus d&rsquo;\u00e9galit\u00e9.\u00a0\u00bb<\/em><\/div>\n<\/div>\n<div class=\"\" data-offset-key=\"9b2s7-0-0\" data-editor=\"a4eor\" data-block=\"true\">\n<div class=\"_1mf _1mj\" data-offset-key=\"9b2s7-0-0\"><span data-offset-key=\"9b2s7-0-0\">\u00a0<\/span><\/div>\n<\/div>\n<div class=\"\" data-offset-key=\"e6rct-0-0\" data-editor=\"a4eor\" data-block=\"true\">\n<div class=\"_1mf _1mj\" data-offset-key=\"e6rct-0-0\"><span data-offset-key=\"e6rct-0-0\">Plus clairement ; Hier soir, Marine le Pen a \u00e9t\u00e9 fid\u00e8le \u00e0 elle-m\u00eame : Populiste, aboyeuse, poissonni\u00e8re, vulgaire, sans vision.<\/span><\/div>\n<div class=\"_1mf _1mj\" data-offset-key=\"e6rct-0-0\"><span data-offset-key=\"e6rct-0-0\"><br \/>\nTellement occup\u00e9e \u00e0 insulter, invectiver son contradicteur, elle en a oubli\u00e9 de d\u00e9velopper son propre programme, au point qu&rsquo;il a fallu une petite phrase assassine, bien que tout en douceur pour la ramener \u00e0 la r\u00e9alit\u00e9 : \u00ab<em>Madame Le Pen vous \u00eates en train de lire une fiche qui ne correspond pas au dossier dont vous parlez \u2026<\/em>\u00bb.<\/p>\n<p>A moins que \u00e7a ne soit que la preuve qu&rsquo;elle n&rsquo;en a pas vraiment, au del\u00e0 des simples r\u00e9currences que sont \u00ab\u00a0immigration, s\u00e9curit\u00e9, Islam\u00a0\u00bb et autre amalgames dignes de Tixier-Vignancourt.<br \/>\n<\/span><\/div>\n<\/div>\n<div class=\"\" data-offset-key=\"bclkd-0-0\" data-editor=\"a4eor\" data-block=\"true\">\n<div class=\"_1mf _1mj\" data-offset-key=\"a1jl5-0-0\"><\/div>\n<div class=\"_1mf _1mj\" data-offset-key=\"a1jl5-0-0\"><span data-offset-key=\"a1jl5-0-0\">Son discours est tel que la doctrine de son parti, dogmatique, sans aucun fondement technique ou pragmatisme op\u00e9rationnel. Ses propositions sont floues, impossibles \u00e0 mettre en place et n&rsquo;auraient sur notre pays que des cons\u00e9quences d\u00e9sastreuses.<\/span><\/div>\n<\/div>\n<div class=\"\" data-offset-key=\"acqtp-0-0\" data-editor=\"a4eor\" data-block=\"true\">\n<div class=\"_1mf _1mj\" data-offset-key=\"acqtp-0-0\"><span data-offset-key=\"acqtp-0-0\">Sa position sur l&rsquo;Euro est r\u00e9v\u00e9latrice. R\u00e9v\u00e9latrice d&rsquo;un parti sans ressource \u00e9lectorale \u00e0 la recherche d&rsquo;un second souffle qui cherche par tous les moyens \u00e0 adoucir une position insens\u00e9e mais qui \u00e9tayait le programme g\u00e9n\u00e9ral du FN (la sortie de l&rsquo;Euro). Alors on navigue de non-sens, en contre-sens, de mensonge en contre-v\u00e9rit\u00e9, d&rsquo;approximations en propagandes.<\/span><\/div>\n<\/div>\n<div class=\"\" data-offset-key=\"9rec2-0-0\" data-editor=\"a4eor\" data-block=\"true\">\n<div class=\"_1mf _1mj\" data-offset-key=\"9rec2-0-0\"><\/div>\n<div class=\"_1mf _1mj\" data-offset-key=\"9rec2-0-0\"><span data-offset-key=\"9rec2-0-0\">Sur la justice, les propositions sont totalement aberrantes, pour certaines inconstitutionnelles, et globalement non conforme au projet r\u00e9publicain.<\/span><\/div>\n<\/div>\n<div class=\"\" data-offset-key=\"4p0su-0-0\" data-editor=\"a4eor\" data-block=\"true\">\n<div class=\"_1mf _1mj\" data-offset-key=\"4p0su-0-0\"><span data-offset-key=\"4p0su-0-0\">\u00a0<\/span><\/div>\n<\/div>\n<div class=\"\" data-offset-key=\"1ooj9-0-0\" data-editor=\"a4eor\" data-block=\"true\">\n<div class=\"_1mf _1mj\" data-offset-key=\"1ooj9-0-0\"><span data-offset-key=\"1ooj9-0-0\">Bref, plus on avance, plus elle se r\u00e9v\u00e8le tenanci\u00e8re d&rsquo;une vieille boutique populiste, h\u00e9riti\u00e8re d&rsquo;une tradition vichyste, p\u00e9tiniste, une bateleuse de poissonnerie porteuse d&rsquo;un projet qui cristallise les col\u00e8res de tous bords, mais qui ne propose rien de bien s\u00e9rieux. Une sorte de troll-trump ! Il est des rides que les meilleurs liftings et le botox ne savent plus gommer.<br \/>\n<\/span><\/div>\n<\/div>\n<div class=\"\" data-offset-key=\"8l0vo-0-0\" data-editor=\"a4eor\" data-block=\"true\">\n<div class=\"_1mf _1mj\" data-offset-key=\"8l0vo-0-0\"><span data-offset-key=\"8l0vo-0-0\">\u00a0<\/span><\/div>\n<\/div>\n<div class=\"\" data-offset-key=\"32bm3-0-0\" data-editor=\"a4eor\" data-block=\"true\">\n<div class=\"_1mf _1mj\" data-offset-key=\"32bm3-0-0\"><span data-offset-key=\"32bm3-0-0\">Alors, comme Geert Wilders aux Pays-Bas, comme Norbert Hofer en Autriche, je pense tout autant que je l&rsquo;esp\u00e8re, qu&rsquo;elle perdra les \u00e9lections pr\u00e9sidentielles. Pour les raisons pr\u00e9cit\u00e9es, mais aussi &#8211; et grace &#8211; \u00e0 l&rsquo;\u00e9lection de Trump et au Brexit. Car ces deux \u00e9v\u00e8nements, li\u00e9s par une langue et des int\u00e9r\u00eats historiques communs ont juste fait prendre conscience aux fran\u00e7ais comme aux europ\u00e9ens, que bien que faillible, l&rsquo;Europe est notre espace et l&rsquo;Euro son lien commun.<\/span><\/div>\n<\/div>\n<div class=\"\" data-offset-key=\"ef4nj-0-0\" data-editor=\"a4eor\" data-block=\"true\">\n<div class=\"_1mf _1mj\" data-offset-key=\"ef4nj-0-0\"><span data-offset-key=\"ef4nj-0-0\">\u00a0<\/span><\/div>\n<\/div>\n<div class=\"\" data-offset-key=\"76n37-0-0\" data-editor=\"a4eor\" data-block=\"true\">\n<div class=\"_1mf _1mj\" data-offset-key=\"76n37-0-0\">\n<p><span data-offset-key=\"76n37-0-0\">Elle p\u00e9rira par o\u00f9 elle a p\u00each\u00e9, le jour o\u00f9 elle scella dans un accord sc\u00e9l\u00e9rat une alliance avec Dupont-Aignan en rognant comme sur un os enterr\u00e9, le corpus g\u00e9n\u00e9ral de son programme originel qui portait de fait en lui m\u00eame, les \u00e9l\u00e9ments de sa propre disparition.<\/span><\/p>\n<p>Les pr\u00e9sidentielles, c&rsquo;est pli\u00e9. Mais les l\u00e9gislatives arrivent, et les rancoeurs qui s&rsquo;\u00e9l\u00e8vent d\u00e9j\u00e0 des vieux partis \u00e0 qui l&rsquo;on a retir\u00e9 leurs privil\u00e8ges \u00ab\u00a0d&rsquo;\u00e9tablis\u00a0\u00bb, ne manqueront pas d&rsquo;inciter les militants \u00e0 se venger de cette \u00e9lection qui a rang\u00e9 leurs partis au rayon des souvenirs.<\/p>\n<\/div>\n<\/div>\n<\/div>\n","protected":false},"excerpt":{"rendered":"<p>Hier soir (ndlr le 3 Mai 2017) , le d\u00e9bat n&rsquo;a pas \u00e9t\u00e9 \u00e0 la hauteur de l&rsquo;attente de notre pays. Voici une version toute politiquement correcte, digne d&rsquo;un candidat aux l\u00e9gislatives : \u00ab\u00a0La n\u00e9cessaire volont\u00e9 de sortir notre pays &hellip; <a href=\"https:\/\/www.frederic-poitou.com\/blog\/marine-periras-as-peche\/\">Lire la suite\u00ad\u00ad<\/a><\/p>\n","protected":false},"author":4,"featured_media":7222,"comment_status":"closed","ping_status":"open","sticky":false,"template":"","format":"standard","meta":{"kt_blocks_editor_width":"","_exactmetrics_skip_tracking":false,"_exactmetrics_sitenote_active":false,"_exactmetrics_sitenote_note":"","_exactmetrics_sitenote_category":0,"footnotes":""},"categories":[51],"tags":[],"class_list":["post-7221","post","type-post","status-publish","format-standard","has-post-thumbnail","hentry","category-politique"],"yoast_head":"<!-- This site is optimized with the Yoast SEO plugin v27.1.1 - https:\/\/yoast.com\/product\/yoast-seo-wordpress\/ -->\n<title>MARINE, TU P\u00c9RIRAS PAR O\u00d9 TU AS P\u00caCH\u00c9 -<\/title>\n<meta name=\"robots\" content=\"index, follow, max-snippet:-1, max-image-preview:large, max-video-preview:-1\" \/>\n<link rel=\"canonical\" href=\"http:\/\/www.frederic-poitou.com\/blog\/marine-periras-as-peche\/\" \/>\n<meta property=\"og:locale\" content=\"fr_FR\" \/>\n<meta property=\"og:type\" content=\"article\" \/>\n<meta property=\"og:title\" content=\"MARINE, TU P\u00c9RIRAS PAR O\u00d9 TU AS P\u00caCH\u00c9 -\" \/>\n<meta property=\"og:description\" content=\"Hier soir (ndlr le 3 Mai 2017) , le d\u00e9bat n&rsquo;a pas \u00e9t\u00e9 \u00e0 la hauteur de l&rsquo;attente de notre pays. Voici une version toute politiquement correcte, digne d&rsquo;un candidat aux l\u00e9gislatives : \u00ab\u00a0La n\u00e9cessaire volont\u00e9 de sortir notre pays &hellip; Lire la suite\u00ad\u00ad\" \/>\n<meta property=\"og:url\" content=\"http:\/\/www.frederic-poitou.com\/blog\/marine-periras-as-peche\/\" \/>\n<meta property=\"article:publisher\" content=\"https:\/\/www.facebook.com\/frederic.poitou\/\" \/>\n<meta property=\"article:published_time\" content=\"2023-07-14T03:13:32+00:00\" \/>\n<meta property=\"article:modified_time\" content=\"2026-04-16T02:22:35+00:00\" \/>\n<meta property=\"og:image\" content=\"http:\/\/www.frederic-poitou.com\/blog\/wp-content\/2017\/05\/MLP.jpeg\" \/>\n\t<meta property=\"og:image:width\" content=\"1800\" \/>\n\t<meta property=\"og:image:height\" content=\"1800\" \/>\n\t<meta property=\"og:image:type\" content=\"image\/jpeg\" \/>\n<meta name=\"author\" content=\"Fr\u00e9d\u00e9ric Poitou\" \/>\n<meta name=\"twitter:card\" content=\"summary_large_image\" \/>\n<meta name=\"twitter:creator\" content=\"@fredericpoitou\" \/>\n<meta name=\"twitter:site\" content=\"@fredericpoitou\" \/>\n<meta name=\"twitter:label1\" content=\"\u00c9crit par\" \/>\n\t<meta name=\"twitter:data1\" content=\"Fr\u00e9d\u00e9ric Poitou\" \/>\n\t<meta name=\"twitter:label2\" content=\"Dur\u00e9e de lecture estim\u00e9e\" \/>\n\t<meta name=\"twitter:data2\" content=\"3 minutes\" \/>\n<script type=\"application\/ld+json\" class=\"yoast-schema-graph\">{\"@context\":\"https:\/\/schema.org\",\"@graph\":[{\"@type\":\"Article\",\"@id\":\"http:\/\/www.frederic-poitou.com\/blog\/marine-periras-as-peche\/#article\",\"isPartOf\":{\"@id\":\"http:\/\/www.frederic-poitou.com\/blog\/marine-periras-as-peche\/\"},\"author\":{\"name\":\"Fr\u00e9d\u00e9ric Poitou\",\"@id\":\"http:\/\/www.frederic-poitou.com\/blog\/#\/schema\/person\/e2c2d05e978747818533fdce859a7799\"},\"headline\":\"MARINE, TU P\u00c9RIRAS PAR O\u00d9 TU AS P\u00caCH\u00c9\",\"datePublished\":\"2023-07-14T03:13:32+00:00\",\"dateModified\":\"2026-04-16T02:22:35+00:00\",\"mainEntityOfPage\":{\"@id\":\"http:\/\/www.frederic-poitou.com\/blog\/marine-periras-as-peche\/\"},\"wordCount\":650,\"image\":{\"@id\":\"http:\/\/www.frederic-poitou.com\/blog\/marine-periras-as-peche\/#primaryimage\"},\"thumbnailUrl\":\"https:\/\/www.frederic-poitou.com\/blog\/wp-content\/2017\/05\/MLP.jpeg\",\"articleSection\":[\"Politique\"],\"inLanguage\":\"fr-FR\"},{\"@type\":\"WebPage\",\"@id\":\"http:\/\/www.frederic-poitou.com\/blog\/marine-periras-as-peche\/\",\"url\":\"http:\/\/www.frederic-poitou.com\/blog\/marine-periras-as-peche\/\",\"name\":\"MARINE, TU P\u00c9RIRAS PAR O\u00d9 TU AS P\u00caCH\u00c9 -\",\"isPartOf\":{\"@id\":\"http:\/\/www.frederic-poitou.com\/blog\/#website\"},\"primaryImageOfPage\":{\"@id\":\"http:\/\/www.frederic-poitou.com\/blog\/marine-periras-as-peche\/#primaryimage\"},\"image\":{\"@id\":\"http:\/\/www.frederic-poitou.com\/blog\/marine-periras-as-peche\/#primaryimage\"},\"thumbnailUrl\":\"https:\/\/www.frederic-poitou.com\/blog\/wp-content\/2017\/05\/MLP.jpeg\",\"datePublished\":\"2023-07-14T03:13:32+00:00\",\"dateModified\":\"2026-04-16T02:22:35+00:00\",\"author\":{\"@id\":\"http:\/\/www.frederic-poitou.com\/blog\/#\/schema\/person\/e2c2d05e978747818533fdce859a7799\"},\"breadcrumb\":{\"@id\":\"http:\/\/www.frederic-poitou.com\/blog\/marine-periras-as-peche\/#breadcrumb\"},\"inLanguage\":\"fr-FR\",\"potentialAction\":[{\"@type\":\"ReadAction\",\"target\":[\"http:\/\/www.frederic-poitou.com\/blog\/marine-periras-as-peche\/\"]}]},{\"@type\":\"ImageObject\",\"inLanguage\":\"fr-FR\",\"@id\":\"http:\/\/www.frederic-poitou.com\/blog\/marine-periras-as-peche\/#primaryimage\",\"url\":\"https:\/\/www.frederic-poitou.com\/blog\/wp-content\/2017\/05\/MLP.jpeg\",\"contentUrl\":\"https:\/\/www.frederic-poitou.com\/blog\/wp-content\/2017\/05\/MLP.jpeg\",\"width\":1800,\"height\":1800},{\"@type\":\"BreadcrumbList\",\"@id\":\"http:\/\/www.frederic-poitou.com\/blog\/marine-periras-as-peche\/#breadcrumb\",\"itemListElement\":[{\"@type\":\"ListItem\",\"position\":1,\"name\":\"Accueil\",\"item\":\"http:\/\/www.frederic-poitou.com\/blog\/\"},{\"@type\":\"ListItem\",\"position\":2,\"name\":\"MARINE, TU P\u00c9RIRAS PAR O\u00d9 TU AS P\u00caCH\u00c9\"}]},{\"@type\":\"WebSite\",\"@id\":\"http:\/\/www.frederic-poitou.com\/blog\/#website\",\"url\":\"http:\/\/www.frederic-poitou.com\/blog\/\",\"name\":\"\",\"description\":\"\",\"potentialAction\":[{\"@type\":\"SearchAction\",\"target\":{\"@type\":\"EntryPoint\",\"urlTemplate\":\"http:\/\/www.frederic-poitou.com\/blog\/?s={search_term_string}\"},\"query-input\":{\"@type\":\"PropertyValueSpecification\",\"valueRequired\":true,\"valueName\":\"search_term_string\"}}],\"inLanguage\":\"fr-FR\"},{\"@type\":\"Person\",\"@id\":\"http:\/\/www.frederic-poitou.com\/blog\/#\/schema\/person\/e2c2d05e978747818533fdce859a7799\",\"name\":\"Fr\u00e9d\u00e9ric Poitou\",\"image\":{\"@type\":\"ImageObject\",\"inLanguage\":\"fr-FR\",\"@id\":\"http:\/\/www.frederic-poitou.com\/blog\/#\/schema\/person\/image\/\",\"url\":\"https:\/\/secure.gravatar.com\/avatar\/1933bcca279a2feafd35d9e0a080c521e11beb51115fe4cfe02e2586ac13424a?s=96&d=mm&r=g\",\"contentUrl\":\"https:\/\/secure.gravatar.com\/avatar\/1933bcca279a2feafd35d9e0a080c521e11beb51115fe4cfe02e2586ac13424a?s=96&d=mm&r=g\",\"caption\":\"Fr\u00e9d\u00e9ric Poitou\"},\"description\":\"Fr\u00e9d\u00e9ric Poitou est n\u00e9 \u00e0 Rouen, et y a fait des \u00e9tudes au Conservatoire en musique-\u00e9tudes en section piano. Il s'est ensuite orient\u00e9 vers des \u00e9tudes scientifiques o\u00f9 il a obtenu un dipl\u00f4me d'ing\u00e9nieur, puis un doctorat en Chimie. Il est Expert Judiciaire en France, en Belgique et \u00e0 Luxembourg, et agr\u00e9e par les Institutions Europ\u00e9ennes.\",\"sameAs\":[\"http:\/\/www.frederic-poitou.com\",\"https:\/\/www.linkedin.com\/in\/frederic-poitou-b045a025\/\"]}]}<\/script>\n<!-- \/ Yoast SEO plugin. -->","yoast_head_json":{"title":"MARINE, TU P\u00c9RIRAS PAR O\u00d9 TU AS P\u00caCH\u00c9 -","robots":{"index":"index","follow":"follow","max-snippet":"max-snippet:-1","max-image-preview":"max-image-preview:large","max-video-preview":"max-video-preview:-1"},"canonical":"http:\/\/www.frederic-poitou.com\/blog\/marine-periras-as-peche\/","og_locale":"fr_FR","og_type":"article","og_title":"MARINE, TU P\u00c9RIRAS PAR O\u00d9 TU AS P\u00caCH\u00c9 -","og_description":"Hier soir (ndlr le 3 Mai 2017) , le d\u00e9bat n&rsquo;a pas \u00e9t\u00e9 \u00e0 la hauteur de l&rsquo;attente de notre pays. Voici une version toute politiquement correcte, digne d&rsquo;un candidat aux l\u00e9gislatives : \u00ab\u00a0La n\u00e9cessaire volont\u00e9 de sortir notre pays &hellip; Lire la suite\u00ad\u00ad","og_url":"http:\/\/www.frederic-poitou.com\/blog\/marine-periras-as-peche\/","article_publisher":"https:\/\/www.facebook.com\/frederic.poitou\/","article_published_time":"2023-07-14T03:13:32+00:00","article_modified_time":"2026-04-16T02:22:35+00:00","og_image":[{"width":1800,"height":1800,"url":"http:\/\/www.frederic-poitou.com\/blog\/wp-content\/2017\/05\/MLP.jpeg","type":"image\/jpeg"}],"author":"Fr\u00e9d\u00e9ric Poitou","twitter_card":"summary_large_image","twitter_creator":"@fredericpoitou","twitter_site":"@fredericpoitou","twitter_misc":{"\u00c9crit par":"Fr\u00e9d\u00e9ric Poitou","Dur\u00e9e de lecture estim\u00e9e":"3 minutes"},"schema":{"@context":"https:\/\/schema.org","@graph":[{"@type":"Article","@id":"http:\/\/www.frederic-poitou.com\/blog\/marine-periras-as-peche\/#article","isPartOf":{"@id":"http:\/\/www.frederic-poitou.com\/blog\/marine-periras-as-peche\/"},"author":{"name":"Fr\u00e9d\u00e9ric Poitou","@id":"http:\/\/www.frederic-poitou.com\/blog\/#\/schema\/person\/e2c2d05e978747818533fdce859a7799"},"headline":"MARINE, TU P\u00c9RIRAS PAR O\u00d9 TU AS P\u00caCH\u00c9","datePublished":"2023-07-14T03:13:32+00:00","dateModified":"2026-04-16T02:22:35+00:00","mainEntityOfPage":{"@id":"http:\/\/www.frederic-poitou.com\/blog\/marine-periras-as-peche\/"},"wordCount":650,"image":{"@id":"http:\/\/www.frederic-poitou.com\/blog\/marine-periras-as-peche\/#primaryimage"},"thumbnailUrl":"https:\/\/www.frederic-poitou.com\/blog\/wp-content\/2017\/05\/MLP.jpeg","articleSection":["Politique"],"inLanguage":"fr-FR"},{"@type":"WebPage","@id":"http:\/\/www.frederic-poitou.com\/blog\/marine-periras-as-peche\/","url":"http:\/\/www.frederic-poitou.com\/blog\/marine-periras-as-peche\/","name":"MARINE, TU P\u00c9RIRAS PAR O\u00d9 TU AS P\u00caCH\u00c9 -","isPartOf":{"@id":"http:\/\/www.frederic-poitou.com\/blog\/#website"},"primaryImageOfPage":{"@id":"http:\/\/www.frederic-poitou.com\/blog\/marine-periras-as-peche\/#primaryimage"},"image":{"@id":"http:\/\/www.frederic-poitou.com\/blog\/marine-periras-as-peche\/#primaryimage"},"thumbnailUrl":"https:\/\/www.frederic-poitou.com\/blog\/wp-content\/2017\/05\/MLP.jpeg","datePublished":"2023-07-14T03:13:32+00:00","dateModified":"2026-04-16T02:22:35+00:00","author":{"@id":"http:\/\/www.frederic-poitou.com\/blog\/#\/schema\/person\/e2c2d05e978747818533fdce859a7799"},"breadcrumb":{"@id":"http:\/\/www.frederic-poitou.com\/blog\/marine-periras-as-peche\/#breadcrumb"},"inLanguage":"fr-FR","potentialAction":[{"@type":"ReadAction","target":["http:\/\/www.frederic-poitou.com\/blog\/marine-periras-as-peche\/"]}]},{"@type":"ImageObject","inLanguage":"fr-FR","@id":"http:\/\/www.frederic-poitou.com\/blog\/marine-periras-as-peche\/#primaryimage","url":"https:\/\/www.frederic-poitou.com\/blog\/wp-content\/2017\/05\/MLP.jpeg","contentUrl":"https:\/\/www.frederic-poitou.com\/blog\/wp-content\/2017\/05\/MLP.jpeg","width":1800,"height":1800},{"@type":"BreadcrumbList","@id":"http:\/\/www.frederic-poitou.com\/blog\/marine-periras-as-peche\/#breadcrumb","itemListElement":[{"@type":"ListItem","position":1,"name":"Accueil","item":"http:\/\/www.frederic-poitou.com\/blog\/"},{"@type":"ListItem","position":2,"name":"MARINE, TU P\u00c9RIRAS PAR O\u00d9 TU AS P\u00caCH\u00c9"}]},{"@type":"WebSite","@id":"http:\/\/www.frederic-poitou.com\/blog\/#website","url":"http:\/\/www.frederic-poitou.com\/blog\/","name":"","description":"","potentialAction":[{"@type":"SearchAction","target":{"@type":"EntryPoint","urlTemplate":"http:\/\/www.frederic-poitou.com\/blog\/?s={search_term_string}"},"query-input":{"@type":"PropertyValueSpecification","valueRequired":true,"valueName":"search_term_string"}}],"inLanguage":"fr-FR"},{"@type":"Person","@id":"http:\/\/www.frederic-poitou.com\/blog\/#\/schema\/person\/e2c2d05e978747818533fdce859a7799","name":"Fr\u00e9d\u00e9ric Poitou","image":{"@type":"ImageObject","inLanguage":"fr-FR","@id":"http:\/\/www.frederic-poitou.com\/blog\/#\/schema\/person\/image\/","url":"https:\/\/secure.gravatar.com\/avatar\/1933bcca279a2feafd35d9e0a080c521e11beb51115fe4cfe02e2586ac13424a?s=96&d=mm&r=g","contentUrl":"https:\/\/secure.gravatar.com\/avatar\/1933bcca279a2feafd35d9e0a080c521e11beb51115fe4cfe02e2586ac13424a?s=96&d=mm&r=g","caption":"Fr\u00e9d\u00e9ric Poitou"},"description":"Fr\u00e9d\u00e9ric Poitou est n\u00e9 \u00e0 Rouen, et y a fait des \u00e9tudes au Conservatoire en musique-\u00e9tudes en section piano. Il s'est ensuite orient\u00e9 vers des \u00e9tudes scientifiques o\u00f9 il a obtenu un dipl\u00f4me d'ing\u00e9nieur, puis un doctorat en Chimie. Il est Expert Judiciaire en France, en Belgique et \u00e0 Luxembourg, et agr\u00e9e par les Institutions Europ\u00e9ennes.","sameAs":["http:\/\/www.frederic-poitou.com","https:\/\/www.linkedin.com\/in\/frederic-poitou-b045a025\/"]}]}},"_links":{"self":[{"href":"https:\/\/www.frederic-poitou.com\/blog\/wp-json\/wp\/v2\/posts\/7221","targetHints":{"allow":["GET"]}}],"collection":[{"href":"https:\/\/www.frederic-poitou.com\/blog\/wp-json\/wp\/v2\/posts"}],"about":[{"href":"https:\/\/www.frederic-poitou.com\/blog\/wp-json\/wp\/v2\/types\/post"}],"author":[{"embeddable":true,"href":"https:\/\/www.frederic-poitou.com\/blog\/wp-json\/wp\/v2\/users\/4"}],"replies":[{"embeddable":true,"href":"https:\/\/www.frederic-poitou.com\/blog\/wp-json\/wp\/v2\/comments?post=7221"}],"version-history":[{"count":1,"href":"https:\/\/www.frederic-poitou.com\/blog\/wp-json\/wp\/v2\/posts\/7221\/revisions"}],"predecessor-version":[{"id":10329,"href":"https:\/\/www.frederic-poitou.com\/blog\/wp-json\/wp\/v2\/posts\/7221\/revisions\/10329"}],"wp:featuredmedia":[{"embeddable":true,"href":"https:\/\/www.frederic-poitou.com\/blog\/wp-json\/wp\/v2\/media\/7222"}],"wp:attachment":[{"href":"https:\/\/www.frederic-poitou.com\/blog\/wp-json\/wp\/v2\/media?parent=7221"}],"wp:term":[{"taxonomy":"category","embeddable":true,"href":"https:\/\/www.frederic-poitou.com\/blog\/wp-json\/wp\/v2\/categories?post=7221"},{"taxonomy":"post_tag","embeddable":true,"href":"https:\/\/www.frederic-poitou.com\/blog\/wp-json\/wp\/v2\/tags?post=7221"}],"curies":[{"name":"wp","href":"https:\/\/api.w.org\/{rel}","templated":true}]}}