{"id":7202,"date":"2023-07-14T09:12:32","date_gmt":"2023-07-14T07:12:32","guid":{"rendered":"http:\/\/www.frederic-poitou.com\/blog\/?p=7202"},"modified":"2026-04-17T07:00:25","modified_gmt":"2026-04-17T05:00:25","slug":"7202-2","status":"publish","type":"post","link":"https:\/\/www.frederic-poitou.com\/blog\/7202-2\/","title":{"rendered":"LE TEMPS NE FAIT RIEN A L&rsquo;AFFAIRE"},"content":{"rendered":"<div class=\"\" data-block=\"true\" data-editor=\"3m8rd\" data-offset-key=\"76l7m-0-0\">\n<div class=\"_1mf _1mj\" data-offset-key=\"76l7m-0-0\"><span data-offset-key=\"76l7m-0-0\">Attaque terroriste \u00e0 Paris.<\/span><\/div>\n<\/div>\n<div class=\"\" data-block=\"true\" data-editor=\"3m8rd\" data-offset-key=\"62cvq-0-0\">\n<div class=\"_1mf _1mj\" data-offset-key=\"62cvq-0-0\"><\/div>\n<div class=\"_1mf _1mj\" data-offset-key=\"62cvq-0-0\"><span data-offset-key=\"62cvq-0-0\">Quand on a exprim\u00e9 comme tout le monde, les \u00e9ternels poncifs, rab\u00e2ch\u00e9s \u00e0 chaque drame,<\/span><\/div>\n<div class=\"_1mf _1mj\" data-offset-key=\"62cvq-0-0\">quand on a assur\u00e9 la police du soutien de l&rsquo;enti\u00e8re Nation (manquerait plus que \u00e7a ne soit pas le cas !)<\/div>\n<\/div>\n<div class=\"\" data-block=\"true\" data-editor=\"3m8rd\" data-offset-key=\"8p7je-0-0\">\n<div class=\"_1mf _1mj\" data-offset-key=\"8p7je-0-0\"><span data-offset-key=\"8p7je-0-0\">quand on a rendu hommage aux forces de l&rsquo;ordre qui assurent\u00a0notre s\u00e9curit\u00e9 quotidienne au p\u00e9ril de leurs vies,<\/span><\/div>\n<div class=\"_1mf _1mj\" data-offset-key=\"8p7je-0-0\">quand on a pr\u00e9sent\u00e9 ses hommages aux familles,<\/div>\n<\/div>\n<div class=\"_1mf _1mj\" data-offset-key=\"a3uj-0-0\"><span data-offset-key=\"a3uj-0-0\">ou pire, quand on publie de mani\u00e8re totalement inutile, impudique, la photo de ce pauvre policier l\u00e2chement assassin\u00e9 pendant son service, au m\u00e9pris du droit premier \u00e0 l&rsquo;image, et \u00e0 la pr\u00e9servation du deuil de sa famille.<\/span><\/div>\n<div class=\"\" data-block=\"true\" data-editor=\"3m8rd\" data-offset-key=\"5pe9k-0-0\">\n<div class=\"_1mf _1mj\" data-offset-key=\"5pe9k-0-0\"><span data-offset-key=\"5pe9k-0-0\">\u00a0<\/span><\/div>\n<div class=\"_1mf _1mj\" data-offset-key=\"5pe9k-0-0\">Sans oublier d&rsquo;amalgamer immigration &#8211; s\u00e9curit\u00e9 &#8211; islam &#8211; radicalisme, \u00e7a flatte l&rsquo;\u00e9lectorat<\/div>\n<div class=\"_1mf _1mj\" data-offset-key=\"5pe9k-0-0\"><\/div>\n<\/div>\n<div class=\"\" data-block=\"true\" data-editor=\"3m8rd\" data-offset-key=\"164fm-0-0\">\n<div class=\"_1mf _1mj\" data-offset-key=\"2mkq2-0-0\"><span data-offset-key=\"164fm-0-0\">On a dit quoi, sinon des lieux communs ?<\/span> <span data-offset-key=\"d9lvh-0-0\">On a pas parl\u00e9 des causes.<\/span><\/div>\n<\/div>\n<div class=\"\" data-block=\"true\" data-editor=\"3m8rd\" data-offset-key=\"d9lvh-0-0\">\n<div class=\"_1mf _1mj\" data-offset-key=\"d9lvh-0-0\">\n<p>&nbsp;<\/p>\n<p>Celles de l&rsquo;institution :<\/p>\n<\/div>\n<\/div>\n<div class=\"\" data-block=\"true\" data-editor=\"3m8rd\" data-offset-key=\"a531n-0-0\">\n<div class=\"_1mf _1mj\" data-offset-key=\"a531n-0-0\"><span data-offset-key=\"a531n-0-0\">&#8211; la r\u00e9forme de l&rsquo;organisation des renseignements int\u00e9rieurs et ext\u00e9rieurs en France, en 2008 (@fransoisfillon premier Ministre) qui a priv\u00e9 nos \u00e9tats majors d&rsquo;informations de terrain dont ils auraient bien eu besoin depuis. La fin d&rsquo;un r\u00e9seau patiemment constitu\u00e9 depuis plus de 50 ans.<\/span><\/div>\n<\/div>\n<div class=\"\" data-block=\"true\" data-editor=\"3m8rd\" data-offset-key=\"3o285-0-0\">\n<div class=\"_1mf _1mj\" data-offset-key=\"3o285-0-0\"><span data-offset-key=\"3o285-0-0\">&#8211; la r\u00e9forme du service militaires qui nous prive de ressources disponibles pour des t\u00e2ches secondaires, afin d&rsquo;affecter plut\u00f4t l&rsquo;active aux missions op\u00e9rationnelles<\/span><\/div>\n<\/div>\n<div class=\"\" data-block=\"true\" data-editor=\"3m8rd\" data-offset-key=\"1fhtu-0-0\">\n<div class=\"_1mf _1mj\" data-offset-key=\"1fhtu-0-0\"><span data-offset-key=\"1fhtu-0-0\">\u00a0<\/span><\/div>\n<\/div>\n<div class=\"\" data-block=\"true\" data-editor=\"3m8rd\" data-offset-key=\"2rb36-0-0\">\n<div class=\"_1mf _1mj\" data-offset-key=\"2rb36-0-0\"><span data-offset-key=\"2rb36-0-0\">Celles issues des d\u00e9placements des foyers terroristes, dont le noyau s&rsquo;est cristallis\u00e9 apr\u00e8s les interventions hasardeuses en Lybie et en Irak, qui ont laiss\u00e9 des vides sid\u00e9raux que les fous d&rsquo;Allah n&rsquo;ont pas tard\u00e9 \u00e0 remplir, arm\u00e9s qu&rsquo;ils \u00e9taient par le nombre consid\u00e9rable d&rsquo;armes abandonn\u00e9es \u00e0 la chute de Sadam Hussein et de Khadafi.<\/span><\/div>\n<\/div>\n<div class=\"\" data-block=\"true\" data-editor=\"3m8rd\" data-offset-key=\"98mp2-0-0\"><\/div>\n<div class=\"\" data-block=\"true\" data-editor=\"3m8rd\" data-offset-key=\"el4qh-0-0\">\n<div class=\"_1mf _1mj\" data-offset-key=\"el4qh-0-0\"><span data-offset-key=\"el4qh-0-0\">Celles dont l&rsquo;absence de politique diplomatique europ\u00e9enne est responsable, celle qui aurait permis non pas de d\u00e9manteler petit \u00e0 petit l&rsquo;esprit Schengen, mais plut\u00f4t de constituer une v\u00e9ritable force de s\u00e9curit\u00e9 int\u00e9rieur et de contr\u00f4le de nos fronti\u00e8res, notamment les plus perm\u00e9ables, celles de m\u00e9diterran\u00e9e.<\/span><\/div>\n<\/div>\n<div class=\"\" data-block=\"true\" data-editor=\"3m8rd\" data-offset-key=\"8qh74-0-0\">\n<div class=\"_1mf _1mj\" data-offset-key=\"8qh74-0-0\"><span data-offset-key=\"8qh74-0-0\">\u00a0<\/span><\/div>\n<\/div>\n<div class=\"\" data-block=\"true\" data-editor=\"3m8rd\" data-offset-key=\"f8rmd-0-0\">\n<div class=\"_1mf _1mj\" data-offset-key=\"f8rmd-0-0\"><span data-offset-key=\"f8rmd-0-0\">Puis au niveau int\u00e9rieur, les \u00e9crans de fum\u00e9e lanc\u00e9s par la droite conservatrice la plus radicale, celle de Sens Commun qui, pour tenter de pr\u00e9server son cheval de bataille, \u00ab\u00a0les origines chr\u00e9tiennes\u00a0\u00bb de la France, emprunte au FN les amalgames les plus pitoyables, associant la triade Musulman &#8211; Islam &#8211; Immigration,<\/span><\/div>\n<\/div>\n<div class=\"\" data-block=\"true\" data-editor=\"3m8rd\" data-offset-key=\"5i8cp-0-0\">\n<div class=\"_1mf _1mj\" data-offset-key=\"5i8cp-0-0\"><span data-offset-key=\"5i8cp-0-0\">\u00a0<\/span><\/div>\n<\/div>\n<div class=\"\" data-block=\"true\" data-editor=\"3m8rd\" data-offset-key=\"7j626-0-0\">\n<div class=\"_1mf _1mj\" data-offset-key=\"7j626-0-0\"><span data-offset-key=\"7j626-0-0\">Le laxisme du Minist\u00e8re de l&rsquo;Int\u00e9rieur qui, depuis bien avant l&rsquo;incurie Hollandaise, a laiss\u00e9 prosp\u00e9rer au nez et \u00e0 la barbe de la R\u00e9publique, des mosqu\u00e9es salafistes (allez, au hasard, celle situ\u00e9e Route de Berre \u00e0 Aix-en-Provence) qu&rsquo;on est pas foutu de faire infiltrer, surveiller, assigner, et fermer.<\/span><\/div>\n<\/div>\n<div class=\"\" data-block=\"true\" data-editor=\"3m8rd\" data-offset-key=\"i8sr-0-0\">\n<div class=\"_1mf _1mj\" data-offset-key=\"i8sr-0-0\"><span data-offset-key=\"i8sr-0-0\">\u00a0<\/span><\/div>\n<\/div>\n<div class=\"\" data-block=\"true\" data-editor=\"3m8rd\" data-offset-key=\"d0mb1-0-0\">\n<div class=\"_1mf _1mj\" data-offset-key=\"d0mb1-0-0\"><span data-offset-key=\"d0mb1-0-0\">Enfin, ne nous oublions pas.<\/span><\/div>\n<\/div>\n<div class=\"\" data-block=\"true\" data-editor=\"3m8rd\" data-offset-key=\"a85tv-0-0\">\n<div class=\"_1mf _1mj\" data-offset-key=\"a85tv-0-0\"><span data-offset-key=\"a85tv-0-0\">Lorsque nous votons contre l&rsquo;Europe, nous ne r\u00e9glons pas le probl\u00e8me. C&rsquo;est pr\u00e9cis\u00e9ment l&rsquo;inverse dont nous avons besoin. Transf\u00e9rons au plus vite d&rsquo;autres comp\u00e9tences \u00e0 l&rsquo;Europe et si l&rsquo;on tend vers un mod\u00e8le f\u00e9d\u00e9ral, ou con-f\u00e9d\u00e9ral, nous donnerons \u00e0 la maison commune les comp\u00e9tences dont elle a besoin pour s\u00e9curiser l&rsquo;espace Schengen.<\/span><\/div>\n<\/div>\n<div class=\"\" data-block=\"true\" data-editor=\"3m8rd\" data-offset-key=\"9g3af-0-0\">\n<div class=\"_1mf _1mj\" data-offset-key=\"9g3af-0-0\"><span data-offset-key=\"9g3af-0-0\">Lorsque nous refusons la libre-circulation des hommes nous allons contre le mod\u00e8le in\u00e9luctable de libert\u00e9 que nous offrent la libre circulation des capitaux, des id\u00e9es, des flux d&rsquo;information avec une forme de schizophr\u00e8nie soci\u00e9tale et collective, que sait si bien utiliser les populistes de tout poil, trotskystes comme nationalistes, les uns portant l&rsquo;espoir d&rsquo;une Internationale ouvri\u00e8re totalement obsol\u00e8te, les autre une croix que moins de 8% honorent le dimanche matin en France, alors qu&rsquo;elle porte justement les valeurs d&rsquo;accueil de nos fr\u00e8res et soeurs en Christ comme ils disent. Un contresens de plus.<\/span><\/div>\n<\/div>\n<div class=\"\" data-block=\"true\" data-editor=\"3m8rd\" data-offset-key=\"7daos-0-0\">\n<div class=\"_1mf _1mj\" data-offset-key=\"7daos-0-0\"><span data-offset-key=\"7daos-0-0\">\u00a0<\/span><\/div>\n<\/div>\n<div class=\"\" data-block=\"true\" data-editor=\"3m8rd\" data-offset-key=\"f2gk6-0-0\">\n<div class=\"_1mf _1mj\" data-offset-key=\"f2gk6-0-0\"><span data-offset-key=\"f2gk6-0-0\">\u00a0<\/span><\/div>\n<\/div>\n<div class=\"\" data-block=\"true\" data-editor=\"3m8rd\" data-offset-key=\"6pkik-0-0\">\n<div class=\"_1mf _1mj\" data-offset-key=\"6pkik-0-0\"><span data-offset-key=\"6pkik-0-0\">Alors \u00e0 vous 4, les 4 \u00ab\u00a0on\u00a0\u00bb.<\/span><\/div>\n<\/div>\n<div class=\"\" data-block=\"true\" data-editor=\"3m8rd\" data-offset-key=\"46cvc-0-0\">\n<div class=\"_1mf _1mj\" data-offset-key=\"46cvc-0-0\"><span data-offset-key=\"46cvc-0-0\">\u00a0<\/span><\/div>\n<\/div>\n<div class=\"\" data-block=\"true\" data-editor=\"3m8rd\" data-offset-key=\"ab2s5-0-0\">\n<div class=\"_1mf _1mj\" data-offset-key=\"ab2s5-0-0\"><span data-offset-key=\"ab2s5-0-0\">Melenchon, Fillon, Macron, Hamon.<\/span><\/div>\n<\/div>\n<div class=\"\" data-block=\"true\" data-editor=\"3m8rd\" data-offset-key=\"egc9m-0-0\">\n<div class=\"_1mf _1mj\" data-offset-key=\"egc9m-0-0\"><span data-offset-key=\"egc9m-0-0\">\u00a0<\/span><\/div>\n<\/div>\n<div class=\"\" data-block=\"true\" data-editor=\"3m8rd\" data-offset-key=\"6gjir-0-0\">\n<div class=\"_1mf _1mj\" data-offset-key=\"6gjir-0-0\"><span data-offset-key=\"6gjir-0-0\">Il ne manque qu&rsquo;un C \u00e0 vos d\u00e9clarations publiques. Utilisez le, vous pouvez le d\u00e9cliner \u00e0 plaisir ! <\/span><\/div>\n<\/div>\n<div class=\"\" data-block=\"true\" data-editor=\"3m8rd\" data-offset-key=\"bo4rb-0-0\">\n<div class=\"_1mf _1mj\" data-offset-key=\"bo4rb-0-0\"><span data-offset-key=\"bo4rb-0-0\">Courage, Conviction, Capable, Clair, Comp\u00e9tent, Cr\u00e9atif, Cr\u00e9dible.<\/span><\/div>\n<\/div>\n<div class=\"\" data-block=\"true\" data-editor=\"3m8rd\" data-offset-key=\"8in20-0-0\">\n<div class=\"_1mf _1mj\" data-offset-key=\"8in20-0-0\"><span data-offset-key=\"8in20-0-0\">\u00a0<\/span><\/div>\n<\/div>\n<div class=\"\" data-block=\"true\" data-editor=\"3m8rd\" data-offset-key=\"23bv-0-0\">\n<div class=\"_1mf _1mj\" data-offset-key=\"23bv-0-0\"><span data-offset-key=\"23bv-0-0\">Convenu, vous l&rsquo;utilisez d\u00e9j\u00e0 \u00e0 ravir. Il flatte, caresse dans le sens du poil, donne au peuple le message qu&rsquo;il attend, mais il ne r\u00e8gle pas le fond.<\/span><\/div>\n<\/div>\n<div class=\"\" data-block=\"true\" data-editor=\"3m8rd\" data-offset-key=\"3bvbd-0-0\">\n<div class=\"_1mf _1mj\" data-offset-key=\"3bvbd-0-0\"><span data-offset-key=\"3bvbd-0-0\">\u00a0<\/span><\/div>\n<\/div>\n<div class=\"\" data-block=\"true\" data-editor=\"3m8rd\" data-offset-key=\"bp6e7-0-0\">\n<div class=\"_1mf _1mj\" data-offset-key=\"bp6e7-0-0\"><span data-offset-key=\"bp6e7-0-0\">Le temps ne fait rien \u00e0 l&rsquo;affaire ! Armer la police municipale n&rsquo;a pas beaucoup d&rsquo;effet face aux kalachnikovs d&rsquo;individus sous coca\u00efne.<\/span><\/div>\n<\/div>\n<div class=\"\" data-block=\"true\" data-editor=\"3m8rd\" data-offset-key=\"6kfuh-0-0\">\n<div class=\"_1mf _1mj\" data-offset-key=\"6kfuh-0-0\"><span data-offset-key=\"6kfuh-0-0\">\u00a0<\/span><\/div>\n<\/div>\n<div class=\"\" data-block=\"true\" data-editor=\"3m8rd\" data-offset-key=\"7ks21-0-0\">\n<div class=\"_1mf _1mj\" data-offset-key=\"7ks21-0-0\"><div class=\"kad-youtube-shortcode videofit\"  ><iframe loading=\"lazy\" width=\"600\" height=\"400\" src=\"\/\/www.youtube.com\/embed\/7rUyfaiZHVQ?autoplay=0&amp;controls=1&amp;fs=1&amp;modestbranding=0&amp;theme=dark&amp;rel=0&amp;loop=0\" frameborder=\"0\" allowfullscreen=\"true\"><\/iframe><\/div><\/div>\n<\/div>\n<div class=\"\" data-block=\"true\" data-editor=\"3m8rd\" data-offset-key=\"f01in-0-0\">\n<div class=\"_1mf _1mj\" data-offset-key=\"f01in-0-0\"><span data-offset-key=\"f01in-0-0\">\u00a0<\/span><\/div>\n<\/div>\n<div class=\"\" data-block=\"true\" data-editor=\"3m8rd\" data-offset-key=\"bspbd-0-0\"><\/div>\n","protected":false},"excerpt":{"rendered":"<p>Attaque terroriste \u00e0 Paris. Quand on a exprim\u00e9 comme tout le monde, les \u00e9ternels poncifs, rab\u00e2ch\u00e9s \u00e0 chaque drame, quand on a assur\u00e9 la police du soutien de l&rsquo;enti\u00e8re Nation (manquerait plus que \u00e7a ne soit pas le cas !) &hellip; <a href=\"https:\/\/www.frederic-poitou.com\/blog\/7202-2\/\">Lire la suite\u00ad\u00ad<\/a><\/p>\n","protected":false},"author":4,"featured_media":7208,"comment_status":"closed","ping_status":"open","sticky":false,"template":"","format":"standard","meta":{"kt_blocks_editor_width":"","_exactmetrics_skip_tracking":false,"_exactmetrics_sitenote_active":false,"_exactmetrics_sitenote_note":"","_exactmetrics_sitenote_category":0,"footnotes":""},"categories":[55,51,54],"tags":[],"class_list":["post-7202","post","type-post","status-publish","format-standard","has-post-thumbnail","hentry","category-europe","category-politique","category-societe"],"yoast_head":"<!-- This site is optimized with the Yoast SEO plugin v27.1.1 - https:\/\/yoast.com\/product\/yoast-seo-wordpress\/ -->\n<title>LE TEMPS NE FAIT RIEN A L&#039;AFFAIRE -<\/title>\n<meta name=\"robots\" content=\"index, follow, max-snippet:-1, max-image-preview:large, max-video-preview:-1\" \/>\n<link rel=\"canonical\" href=\"https:\/\/www.frederic-poitou.com\/blog\/7202-2\/\" \/>\n<meta property=\"og:locale\" content=\"fr_FR\" \/>\n<meta property=\"og:type\" content=\"article\" \/>\n<meta property=\"og:title\" content=\"LE TEMPS NE FAIT RIEN A L&#039;AFFAIRE -\" \/>\n<meta property=\"og:description\" content=\"Attaque terroriste \u00e0 Paris. Quand on a exprim\u00e9 comme tout le monde, les \u00e9ternels poncifs, rab\u00e2ch\u00e9s \u00e0 chaque drame, quand on a assur\u00e9 la police du soutien de l&rsquo;enti\u00e8re Nation (manquerait plus que \u00e7a ne soit pas le cas !) &hellip; Lire la suite\u00ad\u00ad\" \/>\n<meta property=\"og:url\" content=\"https:\/\/www.frederic-poitou.com\/blog\/7202-2\/\" \/>\n<meta property=\"article:publisher\" content=\"https:\/\/www.facebook.com\/frederic.poitou\/\" \/>\n<meta property=\"article:published_time\" content=\"2023-07-14T07:12:32+00:00\" \/>\n<meta property=\"article:modified_time\" content=\"2026-04-17T05:00:25+00:00\" \/>\n<meta property=\"og:image\" content=\"https:\/\/www.frederic-poitou.com\/blog\/wp-content\/2017\/04\/maxresdefault.jpg\" \/>\n\t<meta property=\"og:image:width\" content=\"794\" \/>\n\t<meta property=\"og:image:height\" content=\"1123\" \/>\n\t<meta property=\"og:image:type\" content=\"image\/jpeg\" \/>\n<meta name=\"author\" content=\"Fr\u00e9d\u00e9ric Poitou\" \/>\n<meta name=\"twitter:card\" content=\"summary_large_image\" \/>\n<meta name=\"twitter:creator\" content=\"@fredericpoitou\" \/>\n<meta name=\"twitter:site\" content=\"@fredericpoitou\" \/>\n<meta name=\"twitter:label1\" content=\"\u00c9crit par\" \/>\n\t<meta name=\"twitter:data1\" content=\"Fr\u00e9d\u00e9ric Poitou\" \/>\n\t<meta name=\"twitter:label2\" content=\"Dur\u00e9e de lecture estim\u00e9e\" \/>\n\t<meta name=\"twitter:data2\" content=\"3 minutes\" \/>\n<script type=\"application\/ld+json\" class=\"yoast-schema-graph\">{\"@context\":\"https:\/\/schema.org\",\"@graph\":[{\"@type\":\"Article\",\"@id\":\"https:\/\/www.frederic-poitou.com\/blog\/7202-2\/#article\",\"isPartOf\":{\"@id\":\"https:\/\/www.frederic-poitou.com\/blog\/7202-2\/\"},\"author\":{\"name\":\"Fr\u00e9d\u00e9ric Poitou\",\"@id\":\"http:\/\/www.frederic-poitou.com\/blog\/#\/schema\/person\/e2c2d05e978747818533fdce859a7799\"},\"headline\":\"LE TEMPS NE FAIT RIEN A L&rsquo;AFFAIRE\",\"datePublished\":\"2023-07-14T07:12:32+00:00\",\"dateModified\":\"2026-04-17T05:00:25+00:00\",\"mainEntityOfPage\":{\"@id\":\"https:\/\/www.frederic-poitou.com\/blog\/7202-2\/\"},\"wordCount\":743,\"image\":{\"@id\":\"https:\/\/www.frederic-poitou.com\/blog\/7202-2\/#primaryimage\"},\"thumbnailUrl\":\"https:\/\/www.frederic-poitou.com\/blog\/wp-content\/2017\/04\/maxresdefault.jpg\",\"articleSection\":[\"Europe\",\"Politique\",\"Soci\u00e9t\u00e9\"],\"inLanguage\":\"fr-FR\"},{\"@type\":\"WebPage\",\"@id\":\"https:\/\/www.frederic-poitou.com\/blog\/7202-2\/\",\"url\":\"https:\/\/www.frederic-poitou.com\/blog\/7202-2\/\",\"name\":\"LE TEMPS NE FAIT RIEN A L'AFFAIRE -\",\"isPartOf\":{\"@id\":\"http:\/\/www.frederic-poitou.com\/blog\/#website\"},\"primaryImageOfPage\":{\"@id\":\"https:\/\/www.frederic-poitou.com\/blog\/7202-2\/#primaryimage\"},\"image\":{\"@id\":\"https:\/\/www.frederic-poitou.com\/blog\/7202-2\/#primaryimage\"},\"thumbnailUrl\":\"https:\/\/www.frederic-poitou.com\/blog\/wp-content\/2017\/04\/maxresdefault.jpg\",\"datePublished\":\"2023-07-14T07:12:32+00:00\",\"dateModified\":\"2026-04-17T05:00:25+00:00\",\"author\":{\"@id\":\"http:\/\/www.frederic-poitou.com\/blog\/#\/schema\/person\/e2c2d05e978747818533fdce859a7799\"},\"breadcrumb\":{\"@id\":\"https:\/\/www.frederic-poitou.com\/blog\/7202-2\/#breadcrumb\"},\"inLanguage\":\"fr-FR\",\"potentialAction\":[{\"@type\":\"ReadAction\",\"target\":[\"https:\/\/www.frederic-poitou.com\/blog\/7202-2\/\"]}]},{\"@type\":\"ImageObject\",\"inLanguage\":\"fr-FR\",\"@id\":\"https:\/\/www.frederic-poitou.com\/blog\/7202-2\/#primaryimage\",\"url\":\"https:\/\/www.frederic-poitou.com\/blog\/wp-content\/2017\/04\/maxresdefault.jpg\",\"contentUrl\":\"https:\/\/www.frederic-poitou.com\/blog\/wp-content\/2017\/04\/maxresdefault.jpg\",\"width\":794,\"height\":1123},{\"@type\":\"BreadcrumbList\",\"@id\":\"https:\/\/www.frederic-poitou.com\/blog\/7202-2\/#breadcrumb\",\"itemListElement\":[{\"@type\":\"ListItem\",\"position\":1,\"name\":\"Accueil\",\"item\":\"http:\/\/www.frederic-poitou.com\/blog\/\"},{\"@type\":\"ListItem\",\"position\":2,\"name\":\"LE TEMPS NE FAIT RIEN A L&rsquo;AFFAIRE\"}]},{\"@type\":\"WebSite\",\"@id\":\"http:\/\/www.frederic-poitou.com\/blog\/#website\",\"url\":\"http:\/\/www.frederic-poitou.com\/blog\/\",\"name\":\"\",\"description\":\"\",\"potentialAction\":[{\"@type\":\"SearchAction\",\"target\":{\"@type\":\"EntryPoint\",\"urlTemplate\":\"http:\/\/www.frederic-poitou.com\/blog\/?s={search_term_string}\"},\"query-input\":{\"@type\":\"PropertyValueSpecification\",\"valueRequired\":true,\"valueName\":\"search_term_string\"}}],\"inLanguage\":\"fr-FR\"},{\"@type\":\"Person\",\"@id\":\"http:\/\/www.frederic-poitou.com\/blog\/#\/schema\/person\/e2c2d05e978747818533fdce859a7799\",\"name\":\"Fr\u00e9d\u00e9ric Poitou\",\"image\":{\"@type\":\"ImageObject\",\"inLanguage\":\"fr-FR\",\"@id\":\"http:\/\/www.frederic-poitou.com\/blog\/#\/schema\/person\/image\/\",\"url\":\"https:\/\/secure.gravatar.com\/avatar\/1933bcca279a2feafd35d9e0a080c521e11beb51115fe4cfe02e2586ac13424a?s=96&d=mm&r=g\",\"contentUrl\":\"https:\/\/secure.gravatar.com\/avatar\/1933bcca279a2feafd35d9e0a080c521e11beb51115fe4cfe02e2586ac13424a?s=96&d=mm&r=g\",\"caption\":\"Fr\u00e9d\u00e9ric Poitou\"},\"description\":\"Fr\u00e9d\u00e9ric Poitou est n\u00e9 \u00e0 Rouen, et y a fait des \u00e9tudes au Conservatoire en musique-\u00e9tudes en section piano. Il s'est ensuite orient\u00e9 vers des \u00e9tudes scientifiques o\u00f9 il a obtenu un dipl\u00f4me d'ing\u00e9nieur, puis un doctorat en Chimie. Il est Expert Judiciaire en France, en Belgique et \u00e0 Luxembourg, et agr\u00e9e par les Institutions Europ\u00e9ennes.\",\"sameAs\":[\"http:\/\/www.frederic-poitou.com\",\"https:\/\/www.linkedin.com\/in\/frederic-poitou-b045a025\/\"]}]}<\/script>\n<!-- \/ Yoast SEO plugin. -->","yoast_head_json":{"title":"LE TEMPS NE FAIT RIEN A L'AFFAIRE -","robots":{"index":"index","follow":"follow","max-snippet":"max-snippet:-1","max-image-preview":"max-image-preview:large","max-video-preview":"max-video-preview:-1"},"canonical":"https:\/\/www.frederic-poitou.com\/blog\/7202-2\/","og_locale":"fr_FR","og_type":"article","og_title":"LE TEMPS NE FAIT RIEN A L'AFFAIRE -","og_description":"Attaque terroriste \u00e0 Paris. Quand on a exprim\u00e9 comme tout le monde, les \u00e9ternels poncifs, rab\u00e2ch\u00e9s \u00e0 chaque drame, quand on a assur\u00e9 la police du soutien de l&rsquo;enti\u00e8re Nation (manquerait plus que \u00e7a ne soit pas le cas !) &hellip; Lire la suite\u00ad\u00ad","og_url":"https:\/\/www.frederic-poitou.com\/blog\/7202-2\/","article_publisher":"https:\/\/www.facebook.com\/frederic.poitou\/","article_published_time":"2023-07-14T07:12:32+00:00","article_modified_time":"2026-04-17T05:00:25+00:00","og_image":[{"width":794,"height":1123,"url":"https:\/\/www.frederic-poitou.com\/blog\/wp-content\/2017\/04\/maxresdefault.jpg","type":"image\/jpeg"}],"author":"Fr\u00e9d\u00e9ric Poitou","twitter_card":"summary_large_image","twitter_creator":"@fredericpoitou","twitter_site":"@fredericpoitou","twitter_misc":{"\u00c9crit par":"Fr\u00e9d\u00e9ric Poitou","Dur\u00e9e de lecture estim\u00e9e":"3 minutes"},"schema":{"@context":"https:\/\/schema.org","@graph":[{"@type":"Article","@id":"https:\/\/www.frederic-poitou.com\/blog\/7202-2\/#article","isPartOf":{"@id":"https:\/\/www.frederic-poitou.com\/blog\/7202-2\/"},"author":{"name":"Fr\u00e9d\u00e9ric Poitou","@id":"http:\/\/www.frederic-poitou.com\/blog\/#\/schema\/person\/e2c2d05e978747818533fdce859a7799"},"headline":"LE TEMPS NE FAIT RIEN A L&rsquo;AFFAIRE","datePublished":"2023-07-14T07:12:32+00:00","dateModified":"2026-04-17T05:00:25+00:00","mainEntityOfPage":{"@id":"https:\/\/www.frederic-poitou.com\/blog\/7202-2\/"},"wordCount":743,"image":{"@id":"https:\/\/www.frederic-poitou.com\/blog\/7202-2\/#primaryimage"},"thumbnailUrl":"https:\/\/www.frederic-poitou.com\/blog\/wp-content\/2017\/04\/maxresdefault.jpg","articleSection":["Europe","Politique","Soci\u00e9t\u00e9"],"inLanguage":"fr-FR"},{"@type":"WebPage","@id":"https:\/\/www.frederic-poitou.com\/blog\/7202-2\/","url":"https:\/\/www.frederic-poitou.com\/blog\/7202-2\/","name":"LE TEMPS NE FAIT RIEN A L'AFFAIRE -","isPartOf":{"@id":"http:\/\/www.frederic-poitou.com\/blog\/#website"},"primaryImageOfPage":{"@id":"https:\/\/www.frederic-poitou.com\/blog\/7202-2\/#primaryimage"},"image":{"@id":"https:\/\/www.frederic-poitou.com\/blog\/7202-2\/#primaryimage"},"thumbnailUrl":"https:\/\/www.frederic-poitou.com\/blog\/wp-content\/2017\/04\/maxresdefault.jpg","datePublished":"2023-07-14T07:12:32+00:00","dateModified":"2026-04-17T05:00:25+00:00","author":{"@id":"http:\/\/www.frederic-poitou.com\/blog\/#\/schema\/person\/e2c2d05e978747818533fdce859a7799"},"breadcrumb":{"@id":"https:\/\/www.frederic-poitou.com\/blog\/7202-2\/#breadcrumb"},"inLanguage":"fr-FR","potentialAction":[{"@type":"ReadAction","target":["https:\/\/www.frederic-poitou.com\/blog\/7202-2\/"]}]},{"@type":"ImageObject","inLanguage":"fr-FR","@id":"https:\/\/www.frederic-poitou.com\/blog\/7202-2\/#primaryimage","url":"https:\/\/www.frederic-poitou.com\/blog\/wp-content\/2017\/04\/maxresdefault.jpg","contentUrl":"https:\/\/www.frederic-poitou.com\/blog\/wp-content\/2017\/04\/maxresdefault.jpg","width":794,"height":1123},{"@type":"BreadcrumbList","@id":"https:\/\/www.frederic-poitou.com\/blog\/7202-2\/#breadcrumb","itemListElement":[{"@type":"ListItem","position":1,"name":"Accueil","item":"http:\/\/www.frederic-poitou.com\/blog\/"},{"@type":"ListItem","position":2,"name":"LE TEMPS NE FAIT RIEN A L&rsquo;AFFAIRE"}]},{"@type":"WebSite","@id":"http:\/\/www.frederic-poitou.com\/blog\/#website","url":"http:\/\/www.frederic-poitou.com\/blog\/","name":"","description":"","potentialAction":[{"@type":"SearchAction","target":{"@type":"EntryPoint","urlTemplate":"http:\/\/www.frederic-poitou.com\/blog\/?s={search_term_string}"},"query-input":{"@type":"PropertyValueSpecification","valueRequired":true,"valueName":"search_term_string"}}],"inLanguage":"fr-FR"},{"@type":"Person","@id":"http:\/\/www.frederic-poitou.com\/blog\/#\/schema\/person\/e2c2d05e978747818533fdce859a7799","name":"Fr\u00e9d\u00e9ric Poitou","image":{"@type":"ImageObject","inLanguage":"fr-FR","@id":"http:\/\/www.frederic-poitou.com\/blog\/#\/schema\/person\/image\/","url":"https:\/\/secure.gravatar.com\/avatar\/1933bcca279a2feafd35d9e0a080c521e11beb51115fe4cfe02e2586ac13424a?s=96&d=mm&r=g","contentUrl":"https:\/\/secure.gravatar.com\/avatar\/1933bcca279a2feafd35d9e0a080c521e11beb51115fe4cfe02e2586ac13424a?s=96&d=mm&r=g","caption":"Fr\u00e9d\u00e9ric Poitou"},"description":"Fr\u00e9d\u00e9ric Poitou est n\u00e9 \u00e0 Rouen, et y a fait des \u00e9tudes au Conservatoire en musique-\u00e9tudes en section piano. Il s'est ensuite orient\u00e9 vers des \u00e9tudes scientifiques o\u00f9 il a obtenu un dipl\u00f4me d'ing\u00e9nieur, puis un doctorat en Chimie. Il est Expert Judiciaire en France, en Belgique et \u00e0 Luxembourg, et agr\u00e9e par les Institutions Europ\u00e9ennes.","sameAs":["http:\/\/www.frederic-poitou.com","https:\/\/www.linkedin.com\/in\/frederic-poitou-b045a025\/"]}]}},"_links":{"self":[{"href":"https:\/\/www.frederic-poitou.com\/blog\/wp-json\/wp\/v2\/posts\/7202","targetHints":{"allow":["GET"]}}],"collection":[{"href":"https:\/\/www.frederic-poitou.com\/blog\/wp-json\/wp\/v2\/posts"}],"about":[{"href":"https:\/\/www.frederic-poitou.com\/blog\/wp-json\/wp\/v2\/types\/post"}],"author":[{"embeddable":true,"href":"https:\/\/www.frederic-poitou.com\/blog\/wp-json\/wp\/v2\/users\/4"}],"replies":[{"embeddable":true,"href":"https:\/\/www.frederic-poitou.com\/blog\/wp-json\/wp\/v2\/comments?post=7202"}],"version-history":[{"count":1,"href":"https:\/\/www.frederic-poitou.com\/blog\/wp-json\/wp\/v2\/posts\/7202\/revisions"}],"predecessor-version":[{"id":10343,"href":"https:\/\/www.frederic-poitou.com\/blog\/wp-json\/wp\/v2\/posts\/7202\/revisions\/10343"}],"wp:featuredmedia":[{"embeddable":true,"href":"https:\/\/www.frederic-poitou.com\/blog\/wp-json\/wp\/v2\/media\/7208"}],"wp:attachment":[{"href":"https:\/\/www.frederic-poitou.com\/blog\/wp-json\/wp\/v2\/media?parent=7202"}],"wp:term":[{"taxonomy":"category","embeddable":true,"href":"https:\/\/www.frederic-poitou.com\/blog\/wp-json\/wp\/v2\/categories?post=7202"},{"taxonomy":"post_tag","embeddable":true,"href":"https:\/\/www.frederic-poitou.com\/blog\/wp-json\/wp\/v2\/tags?post=7202"}],"curies":[{"name":"wp","href":"https:\/\/api.w.org\/{rel}","templated":true}]}}