{"id":7187,"date":"2023-07-14T05:22:32","date_gmt":"2023-07-14T03:22:32","guid":{"rendered":"http:\/\/www.frederic-poitou.com\/blog\/?p=7187"},"modified":"2026-04-16T05:15:01","modified_gmt":"2026-04-16T03:15:01","slug":"autiste-toi-meme","status":"publish","type":"post","link":"https:\/\/www.frederic-poitou.com\/blog\/autiste-toi-meme\/","title":{"rendered":"AUTISTE TOI-M\u00caME !"},"content":{"rendered":"<div class=\"\" data-offset-key=\"d4cgc-0-0\" data-editor=\"dbtlv\" data-block=\"true\">\n<div class=\"_1mf _1mj\" data-offset-key=\"d4cgc-0-0\"><span data-offset-key=\"d4cgc-0-0\">Accompagner, aider, soigner, \u00ab\u00a0porter\u00a0\u00bb un proche atteint d&rsquo;autisme, quelle qu&rsquo;en soit la forme, est particuli\u00e8rement difficile et \u00e9puisant pour les aidants, ne serait-ce que du sentiment qu&rsquo;on ne parle pas le m\u00eame langage.<\/span><\/div>\n<\/div>\n<div class=\"\" data-offset-key=\"d3nq0-0-0\" data-editor=\"dbtlv\" data-block=\"true\">\n<div class=\"_1mf _1mj\" data-offset-key=\"d3nq0-0-0\"><span data-offset-key=\"d3nq0-0-0\">\u00a0<\/span><\/div>\n<\/div>\n<div class=\"\" data-offset-key=\"4dgre-0-0\" data-editor=\"dbtlv\" data-block=\"true\">\n<div class=\"_1mf _1mj\" data-offset-key=\"4dgre-0-0\"><span data-offset-key=\"4dgre-0-0\">Les probl\u00e8mes soci\u00e9taux vont de la scolarisation niveau petite enfance, jusqu&rsquo;\u00e0 l&rsquo;int\u00e9gration professionnelle d&rsquo;individus souvent, &#8211; pour ne pas dire presque toujours &#8211; largement sup\u00e9rieurs en terme de quotient intellectuel.<\/span><\/div>\n<\/div>\n<div class=\"\" data-offset-key=\"1t3qj-0-0\" data-editor=\"dbtlv\" data-block=\"true\">\n<div class=\"_1mf _1mj\" data-offset-key=\"1t3qj-0-0\"><span data-offset-key=\"1t3qj-0-0\">\u00a0<\/span><\/div>\n<\/div>\n<div class=\"\" data-offset-key=\"4sajh-0-0\" data-editor=\"dbtlv\" data-block=\"true\">\n<div class=\"_1mf _1mj\" data-offset-key=\"4sajh-0-0\"><span data-offset-key=\"4sajh-0-0\">Coup sur coup, deux informations importantes au sujet de l&rsquo;autisme.<\/span><\/div>\n<\/div>\n<div class=\"\" data-offset-key=\"bavdj-0-0\" data-editor=\"dbtlv\" data-block=\"true\">\n<div class=\"_1mf _1mj\" data-offset-key=\"bavdj-0-0\"><span data-offset-key=\"bavdj-0-0\">\u00a0<\/span><\/div>\n<\/div>\n<div class=\"\" data-offset-key=\"6bte7-0-0\" data-editor=\"dbtlv\" data-block=\"true\">\n<div class=\"_1mf _1mj\" data-offset-key=\"6bte7-0-0\"><span data-offset-key=\"6bte7-0-0\">L&rsquo;une pourrait concerner une forme d&rsquo;aide \u00e0 la socialisation des enfants :<\/span><\/div>\n<\/div>\n<div class=\"\" data-offset-key=\"1nv1r-0-0\" data-editor=\"dbtlv\" data-block=\"true\">\n<div class=\"_1mf _1mj\" data-offset-key=\"1nv1r-0-0\"><span data-offset-key=\"1nv1r-0-0\">Un diur\u00e9tique, le bum\u00e9tanide, pourrait avoir un effet b\u00e9n\u00e9fique sur les sympt\u00f4mes de l\u2019autisme, annonce un <span style=\"color: #008080;\"><a style=\"color: #008080;\" href=\"https:\/\/informations.handicap.fr\/art-autisme-diuretique-bumetadine-853-9658.php\" target=\"_blank\" rel=\"noopener noreferrer\">article<\/a> <\/span>publi\u00e9 mardi dans \u00ab Translational Psychiatry \u00bb par l\u2019\u00e9quipe d\u2019\u00c9ric Lemonnier et Yehezkel Ben-Ari.<\/span><\/div>\n<div class=\"_1mf _1mj\" data-offset-key=\"1nv1r-0-0\"><\/div>\n<\/div>\n<div class=\"\" data-offset-key=\"3fjq8-0-0\" data-editor=\"dbtlv\" data-block=\"true\">\n<div class=\"_1mf _1mj\" data-offset-key=\"3fjq8-0-0\">\n<p><span data-offset-key=\"3fjq8-0-0\">La seconde concernerait plut\u00f4t les adultes, et c&rsquo;est aussi un clin d&rsquo;oeil puisqu&rsquo;elle nous vient d&rsquo;un autiste, Josef Schovanec, (Sciences-Po Paris, docteur en philosophie) , auteur de plusieurs livres et chroniqueur radio (\u00ab\u00a0Voyage en Autistan\u00a0\u00bb sur Europe 1), diagnostiqu\u00e9 \u00e0 22 ans comme atteint du syndr\u00f4me d&rsquo;Asperger. Or, c&rsquo;est lui qui avait \u00e9t\u00e9 charg\u00e9 par la secr\u00e9taire d&rsquo;Etat charg\u00e9 du handicap de la remise d&rsquo;un <span style=\"color: #008080;\"><a style=\"color: #008080;\" href=\"http:\/\/www.europe1.fr\/societe\/autisme-et-emploi-premiers-balbutiements-en-france-3004247\" target=\"_blank\" rel=\"noopener noreferrer\">rapport<\/a><\/span> d\u00e9pos\u00e9 ce matin.<\/span><\/p>\n<p>&nbsp;<\/p>\n<\/div>\n<\/div>\n<div class=\"_1mf _1mj\" data-offset-key=\"3fjq8-0-0\">\u00ab\u00a0<em>La situation actuelle de l&#8217;emploi des personnes autistes en France n&rsquo;est pas bonne<\/em>\u00ab\u00a0, souligne-t-il. \u00c0 P\u00f4le Emploi, elles semblent per\u00e7ues comme une \u00ab\u00a0<em>population incompr\u00e9hensible, ing\u00e9rable et in fine sans solution<\/em>\u00ab\u00a0, constate Josef Schovanec, sugg\u00e9rant la piste des partenariats avec des acteurs mieux au fait de leurs besoins particuliers.<\/div>\n<div class=\"_1mf _1mj\" data-offset-key=\"3fjq8-0-0\">\n<p>Il sugg\u00e8re des m\u00e9tiers qui pourraient offrir des d\u00e9bouch\u00e9s, comme ceux, \u00ab\u00a0<em>parfois hautement techniques<\/em>\u00ab\u00a0, ce qui peut sembler \u00e9trange pour ceux qui ne les fr\u00e9quentent pas, mais pas pour ceux qui s&rsquo;en occupent au quotidien.<\/p>\n<p>L&rsquo;autisme est en effet un trouble du d\u00e9veloppement qui touche les interactions sociales, la communication verbale et non verbale, et le comportement avec des gestes r\u00e9p\u00e9titifs, des rituels. Les autistes souffrent donc souvent d&rsquo;un manque d&rsquo;autonomie, d&rsquo;int\u00e9gration sociale et d&rsquo;ind\u00e9pendance, mais sont en revanche souvent tr\u00e8s intelligents. Un nouveau-n\u00e9 sur 100 serait atteint de troubles du spectre autistique (TSA) et 650.000 personnes, dont 250.000 enfants, seraient concern\u00e9s en France.<\/p>\n<\/div>\n<div class=\"_1mf _1mj\" data-offset-key=\"3fjq8-0-0\">Or le syst\u00e8me fran\u00e7ais investit beaucoup dans la prise en charge de la scolarisation \u00ab\u00a0classique\u00a0\u00bb des enfants autistes afin de leur permettre d&rsquo;obtenir un dipl\u00f4me, en omettant que la finalit\u00e9 est de leur trouver une place dans la soci\u00e9t\u00e9, et donc de les ins\u00e9rer professionnellement.<\/div>\n<div class=\"_1mf _1mj\" data-offset-key=\"3fjq8-0-0\"><\/div>\n<div class=\"_1mf _1mj\" data-offset-key=\"3fjq8-0-0\">Schovanec propose, de s&rsquo;inspirer &#8211; une fois de plus &#8211; des mod\u00e8les anglo-saxon, scandinave ou isra\u00e9lien, o\u00f9 les \u00ab\u00a0activit\u00e9s communautaires\u00a0\u00bb sont valoris\u00e9es. Un \u00ab\u00a0coach <span class=\"hl_\">social<\/span>\u00a0\u00bb serait ainsi l&rsquo;interface de l&rsquo;\u00e9tudiant autiste vis-\u00e0-vis de l&rsquo;universit\u00e9. L&rsquo;autisme est un trouble du d\u00e9veloppement qui touche les interactions sociales, la communication verbale et non verbale, et le comportement avec des gestes r\u00e9p\u00e9titifs, des rituels.<\/div>\n<div data-offset-key=\"3fjq8-0-0\"><\/div>\n<div class=\"_1mf _1mj\" data-offset-key=\"3fjq8-0-0\">Pour la petite histoire, les start-up sont comme souvent plus pragmatiques que P\u00f4le Emploi ou que les entreprises traditionnelles, puisque la soci\u00e9t\u00e9 <span style=\"color: #008080;\"><a style=\"color: #008080;\" href=\"http:\/\/auticonsult.fr\/\" target=\"_blank\" rel=\"noopener noreferrer\">Auticonsult<\/a><\/span> ne recrute que des personnes touch\u00e9es par le syndrome d\u2019Asperger\u00a0 pour tester des logiciels. Un hasard \u00e9videmment !<\/div>\n","protected":false},"excerpt":{"rendered":"<p>Accompagner, aider, soigner, \u00ab\u00a0porter\u00a0\u00bb un proche atteint d&rsquo;autisme, quelle qu&rsquo;en soit la forme, est particuli\u00e8rement difficile et \u00e9puisant pour les aidants, ne serait-ce que du sentiment qu&rsquo;on ne parle pas le m\u00eame langage. \u00a0 Les probl\u00e8mes soci\u00e9taux vont de la &hellip; <a href=\"https:\/\/www.frederic-poitou.com\/blog\/autiste-toi-meme\/\">Lire la suite\u00ad\u00ad<\/a><\/p>\n","protected":false},"author":4,"featured_media":7188,"comment_status":"closed","ping_status":"open","sticky":false,"template":"","format":"standard","meta":{"kt_blocks_editor_width":"","_exactmetrics_skip_tracking":false,"_exactmetrics_sitenote_active":false,"_exactmetrics_sitenote_note":"","_exactmetrics_sitenote_category":0,"footnotes":""},"categories":[1,54],"tags":[],"class_list":["post-7187","post","type-post","status-publish","format-standard","has-post-thumbnail","hentry","category-politique-economie","category-societe"],"yoast_head":"<!-- This site is optimized with the Yoast SEO plugin v27.1.1 - https:\/\/yoast.com\/product\/yoast-seo-wordpress\/ -->\n<title>AUTISTE TOI-M\u00caME ! -<\/title>\n<meta name=\"robots\" content=\"index, follow, max-snippet:-1, max-image-preview:large, max-video-preview:-1\" \/>\n<link rel=\"canonical\" href=\"https:\/\/www.frederic-poitou.com\/blog\/autiste-toi-meme\/\" \/>\n<meta property=\"og:locale\" content=\"fr_FR\" \/>\n<meta property=\"og:type\" content=\"article\" \/>\n<meta property=\"og:title\" content=\"AUTISTE TOI-M\u00caME ! -\" \/>\n<meta property=\"og:description\" content=\"Accompagner, aider, soigner, \u00ab\u00a0porter\u00a0\u00bb un proche atteint d&rsquo;autisme, quelle qu&rsquo;en soit la forme, est particuli\u00e8rement difficile et \u00e9puisant pour les aidants, ne serait-ce que du sentiment qu&rsquo;on ne parle pas le m\u00eame langage. \u00a0 Les probl\u00e8mes soci\u00e9taux vont de la &hellip; Lire la suite\u00ad\u00ad\" \/>\n<meta property=\"og:url\" content=\"https:\/\/www.frederic-poitou.com\/blog\/autiste-toi-meme\/\" \/>\n<meta property=\"article:publisher\" content=\"https:\/\/www.facebook.com\/frederic.poitou\/\" \/>\n<meta property=\"article:published_time\" content=\"2023-07-14T03:22:32+00:00\" \/>\n<meta property=\"article:modified_time\" content=\"2026-04-16T03:15:01+00:00\" \/>\n<meta property=\"og:image\" content=\"https:\/\/www.frederic-poitou.com\/blog\/wp-content\/2017\/03\/autisme.jpeg\" \/>\n\t<meta property=\"og:image:width\" content=\"275\" \/>\n\t<meta property=\"og:image:height\" content=\"275\" \/>\n\t<meta property=\"og:image:type\" content=\"image\/jpeg\" \/>\n<meta name=\"author\" content=\"Fr\u00e9d\u00e9ric Poitou\" \/>\n<meta name=\"twitter:card\" content=\"summary_large_image\" \/>\n<meta name=\"twitter:creator\" content=\"@fredericpoitou\" \/>\n<meta name=\"twitter:site\" content=\"@fredericpoitou\" \/>\n<meta name=\"twitter:label1\" content=\"\u00c9crit par\" \/>\n\t<meta name=\"twitter:data1\" content=\"Fr\u00e9d\u00e9ric Poitou\" \/>\n\t<meta name=\"twitter:label2\" content=\"Dur\u00e9e de lecture estim\u00e9e\" \/>\n\t<meta name=\"twitter:data2\" content=\"3 minutes\" \/>\n<script type=\"application\/ld+json\" class=\"yoast-schema-graph\">{\"@context\":\"https:\/\/schema.org\",\"@graph\":[{\"@type\":\"Article\",\"@id\":\"https:\/\/www.frederic-poitou.com\/blog\/autiste-toi-meme\/#article\",\"isPartOf\":{\"@id\":\"https:\/\/www.frederic-poitou.com\/blog\/autiste-toi-meme\/\"},\"author\":{\"name\":\"Fr\u00e9d\u00e9ric Poitou\",\"@id\":\"http:\/\/www.frederic-poitou.com\/blog\/#\/schema\/person\/e2c2d05e978747818533fdce859a7799\"},\"headline\":\"AUTISTE TOI-M\u00caME !\",\"datePublished\":\"2023-07-14T03:22:32+00:00\",\"dateModified\":\"2026-04-16T03:15:01+00:00\",\"mainEntityOfPage\":{\"@id\":\"https:\/\/www.frederic-poitou.com\/blog\/autiste-toi-meme\/\"},\"wordCount\":556,\"image\":{\"@id\":\"https:\/\/www.frederic-poitou.com\/blog\/autiste-toi-meme\/#primaryimage\"},\"thumbnailUrl\":\"https:\/\/www.frederic-poitou.com\/blog\/wp-content\/2017\/03\/autisme.jpeg\",\"articleSection\":[\"Divers\",\"Soci\u00e9t\u00e9\"],\"inLanguage\":\"fr-FR\"},{\"@type\":\"WebPage\",\"@id\":\"https:\/\/www.frederic-poitou.com\/blog\/autiste-toi-meme\/\",\"url\":\"https:\/\/www.frederic-poitou.com\/blog\/autiste-toi-meme\/\",\"name\":\"AUTISTE TOI-M\u00caME ! -\",\"isPartOf\":{\"@id\":\"http:\/\/www.frederic-poitou.com\/blog\/#website\"},\"primaryImageOfPage\":{\"@id\":\"https:\/\/www.frederic-poitou.com\/blog\/autiste-toi-meme\/#primaryimage\"},\"image\":{\"@id\":\"https:\/\/www.frederic-poitou.com\/blog\/autiste-toi-meme\/#primaryimage\"},\"thumbnailUrl\":\"https:\/\/www.frederic-poitou.com\/blog\/wp-content\/2017\/03\/autisme.jpeg\",\"datePublished\":\"2023-07-14T03:22:32+00:00\",\"dateModified\":\"2026-04-16T03:15:01+00:00\",\"author\":{\"@id\":\"http:\/\/www.frederic-poitou.com\/blog\/#\/schema\/person\/e2c2d05e978747818533fdce859a7799\"},\"breadcrumb\":{\"@id\":\"https:\/\/www.frederic-poitou.com\/blog\/autiste-toi-meme\/#breadcrumb\"},\"inLanguage\":\"fr-FR\",\"potentialAction\":[{\"@type\":\"ReadAction\",\"target\":[\"https:\/\/www.frederic-poitou.com\/blog\/autiste-toi-meme\/\"]}]},{\"@type\":\"ImageObject\",\"inLanguage\":\"fr-FR\",\"@id\":\"https:\/\/www.frederic-poitou.com\/blog\/autiste-toi-meme\/#primaryimage\",\"url\":\"https:\/\/www.frederic-poitou.com\/blog\/wp-content\/2017\/03\/autisme.jpeg\",\"contentUrl\":\"https:\/\/www.frederic-poitou.com\/blog\/wp-content\/2017\/03\/autisme.jpeg\",\"width\":275,\"height\":275},{\"@type\":\"BreadcrumbList\",\"@id\":\"https:\/\/www.frederic-poitou.com\/blog\/autiste-toi-meme\/#breadcrumb\",\"itemListElement\":[{\"@type\":\"ListItem\",\"position\":1,\"name\":\"Accueil\",\"item\":\"http:\/\/www.frederic-poitou.com\/blog\/\"},{\"@type\":\"ListItem\",\"position\":2,\"name\":\"AUTISTE TOI-M\u00caME !\"}]},{\"@type\":\"WebSite\",\"@id\":\"http:\/\/www.frederic-poitou.com\/blog\/#website\",\"url\":\"http:\/\/www.frederic-poitou.com\/blog\/\",\"name\":\"\",\"description\":\"\",\"potentialAction\":[{\"@type\":\"SearchAction\",\"target\":{\"@type\":\"EntryPoint\",\"urlTemplate\":\"http:\/\/www.frederic-poitou.com\/blog\/?s={search_term_string}\"},\"query-input\":{\"@type\":\"PropertyValueSpecification\",\"valueRequired\":true,\"valueName\":\"search_term_string\"}}],\"inLanguage\":\"fr-FR\"},{\"@type\":\"Person\",\"@id\":\"http:\/\/www.frederic-poitou.com\/blog\/#\/schema\/person\/e2c2d05e978747818533fdce859a7799\",\"name\":\"Fr\u00e9d\u00e9ric Poitou\",\"image\":{\"@type\":\"ImageObject\",\"inLanguage\":\"fr-FR\",\"@id\":\"http:\/\/www.frederic-poitou.com\/blog\/#\/schema\/person\/image\/\",\"url\":\"https:\/\/secure.gravatar.com\/avatar\/1933bcca279a2feafd35d9e0a080c521e11beb51115fe4cfe02e2586ac13424a?s=96&d=mm&r=g\",\"contentUrl\":\"https:\/\/secure.gravatar.com\/avatar\/1933bcca279a2feafd35d9e0a080c521e11beb51115fe4cfe02e2586ac13424a?s=96&d=mm&r=g\",\"caption\":\"Fr\u00e9d\u00e9ric Poitou\"},\"description\":\"Fr\u00e9d\u00e9ric Poitou est n\u00e9 \u00e0 Rouen, et y a fait des \u00e9tudes au Conservatoire en musique-\u00e9tudes en section piano. Il s'est ensuite orient\u00e9 vers des \u00e9tudes scientifiques o\u00f9 il a obtenu un dipl\u00f4me d'ing\u00e9nieur, puis un doctorat en Chimie. Il est Expert Judiciaire en France, en Belgique et \u00e0 Luxembourg, et agr\u00e9e par les Institutions Europ\u00e9ennes.\",\"sameAs\":[\"http:\/\/www.frederic-poitou.com\",\"https:\/\/www.linkedin.com\/in\/frederic-poitou-b045a025\/\"]}]}<\/script>\n<!-- \/ Yoast SEO plugin. -->","yoast_head_json":{"title":"AUTISTE TOI-M\u00caME ! -","robots":{"index":"index","follow":"follow","max-snippet":"max-snippet:-1","max-image-preview":"max-image-preview:large","max-video-preview":"max-video-preview:-1"},"canonical":"https:\/\/www.frederic-poitou.com\/blog\/autiste-toi-meme\/","og_locale":"fr_FR","og_type":"article","og_title":"AUTISTE TOI-M\u00caME ! -","og_description":"Accompagner, aider, soigner, \u00ab\u00a0porter\u00a0\u00bb un proche atteint d&rsquo;autisme, quelle qu&rsquo;en soit la forme, est particuli\u00e8rement difficile et \u00e9puisant pour les aidants, ne serait-ce que du sentiment qu&rsquo;on ne parle pas le m\u00eame langage. \u00a0 Les probl\u00e8mes soci\u00e9taux vont de la &hellip; Lire la suite\u00ad\u00ad","og_url":"https:\/\/www.frederic-poitou.com\/blog\/autiste-toi-meme\/","article_publisher":"https:\/\/www.facebook.com\/frederic.poitou\/","article_published_time":"2023-07-14T03:22:32+00:00","article_modified_time":"2026-04-16T03:15:01+00:00","og_image":[{"width":275,"height":275,"url":"https:\/\/www.frederic-poitou.com\/blog\/wp-content\/2017\/03\/autisme.jpeg","type":"image\/jpeg"}],"author":"Fr\u00e9d\u00e9ric Poitou","twitter_card":"summary_large_image","twitter_creator":"@fredericpoitou","twitter_site":"@fredericpoitou","twitter_misc":{"\u00c9crit par":"Fr\u00e9d\u00e9ric Poitou","Dur\u00e9e de lecture estim\u00e9e":"3 minutes"},"schema":{"@context":"https:\/\/schema.org","@graph":[{"@type":"Article","@id":"https:\/\/www.frederic-poitou.com\/blog\/autiste-toi-meme\/#article","isPartOf":{"@id":"https:\/\/www.frederic-poitou.com\/blog\/autiste-toi-meme\/"},"author":{"name":"Fr\u00e9d\u00e9ric Poitou","@id":"http:\/\/www.frederic-poitou.com\/blog\/#\/schema\/person\/e2c2d05e978747818533fdce859a7799"},"headline":"AUTISTE TOI-M\u00caME !","datePublished":"2023-07-14T03:22:32+00:00","dateModified":"2026-04-16T03:15:01+00:00","mainEntityOfPage":{"@id":"https:\/\/www.frederic-poitou.com\/blog\/autiste-toi-meme\/"},"wordCount":556,"image":{"@id":"https:\/\/www.frederic-poitou.com\/blog\/autiste-toi-meme\/#primaryimage"},"thumbnailUrl":"https:\/\/www.frederic-poitou.com\/blog\/wp-content\/2017\/03\/autisme.jpeg","articleSection":["Divers","Soci\u00e9t\u00e9"],"inLanguage":"fr-FR"},{"@type":"WebPage","@id":"https:\/\/www.frederic-poitou.com\/blog\/autiste-toi-meme\/","url":"https:\/\/www.frederic-poitou.com\/blog\/autiste-toi-meme\/","name":"AUTISTE TOI-M\u00caME ! -","isPartOf":{"@id":"http:\/\/www.frederic-poitou.com\/blog\/#website"},"primaryImageOfPage":{"@id":"https:\/\/www.frederic-poitou.com\/blog\/autiste-toi-meme\/#primaryimage"},"image":{"@id":"https:\/\/www.frederic-poitou.com\/blog\/autiste-toi-meme\/#primaryimage"},"thumbnailUrl":"https:\/\/www.frederic-poitou.com\/blog\/wp-content\/2017\/03\/autisme.jpeg","datePublished":"2023-07-14T03:22:32+00:00","dateModified":"2026-04-16T03:15:01+00:00","author":{"@id":"http:\/\/www.frederic-poitou.com\/blog\/#\/schema\/person\/e2c2d05e978747818533fdce859a7799"},"breadcrumb":{"@id":"https:\/\/www.frederic-poitou.com\/blog\/autiste-toi-meme\/#breadcrumb"},"inLanguage":"fr-FR","potentialAction":[{"@type":"ReadAction","target":["https:\/\/www.frederic-poitou.com\/blog\/autiste-toi-meme\/"]}]},{"@type":"ImageObject","inLanguage":"fr-FR","@id":"https:\/\/www.frederic-poitou.com\/blog\/autiste-toi-meme\/#primaryimage","url":"https:\/\/www.frederic-poitou.com\/blog\/wp-content\/2017\/03\/autisme.jpeg","contentUrl":"https:\/\/www.frederic-poitou.com\/blog\/wp-content\/2017\/03\/autisme.jpeg","width":275,"height":275},{"@type":"BreadcrumbList","@id":"https:\/\/www.frederic-poitou.com\/blog\/autiste-toi-meme\/#breadcrumb","itemListElement":[{"@type":"ListItem","position":1,"name":"Accueil","item":"http:\/\/www.frederic-poitou.com\/blog\/"},{"@type":"ListItem","position":2,"name":"AUTISTE TOI-M\u00caME !"}]},{"@type":"WebSite","@id":"http:\/\/www.frederic-poitou.com\/blog\/#website","url":"http:\/\/www.frederic-poitou.com\/blog\/","name":"","description":"","potentialAction":[{"@type":"SearchAction","target":{"@type":"EntryPoint","urlTemplate":"http:\/\/www.frederic-poitou.com\/blog\/?s={search_term_string}"},"query-input":{"@type":"PropertyValueSpecification","valueRequired":true,"valueName":"search_term_string"}}],"inLanguage":"fr-FR"},{"@type":"Person","@id":"http:\/\/www.frederic-poitou.com\/blog\/#\/schema\/person\/e2c2d05e978747818533fdce859a7799","name":"Fr\u00e9d\u00e9ric Poitou","image":{"@type":"ImageObject","inLanguage":"fr-FR","@id":"http:\/\/www.frederic-poitou.com\/blog\/#\/schema\/person\/image\/","url":"https:\/\/secure.gravatar.com\/avatar\/1933bcca279a2feafd35d9e0a080c521e11beb51115fe4cfe02e2586ac13424a?s=96&d=mm&r=g","contentUrl":"https:\/\/secure.gravatar.com\/avatar\/1933bcca279a2feafd35d9e0a080c521e11beb51115fe4cfe02e2586ac13424a?s=96&d=mm&r=g","caption":"Fr\u00e9d\u00e9ric Poitou"},"description":"Fr\u00e9d\u00e9ric Poitou est n\u00e9 \u00e0 Rouen, et y a fait des \u00e9tudes au Conservatoire en musique-\u00e9tudes en section piano. Il s'est ensuite orient\u00e9 vers des \u00e9tudes scientifiques o\u00f9 il a obtenu un dipl\u00f4me d'ing\u00e9nieur, puis un doctorat en Chimie. Il est Expert Judiciaire en France, en Belgique et \u00e0 Luxembourg, et agr\u00e9e par les Institutions Europ\u00e9ennes.","sameAs":["http:\/\/www.frederic-poitou.com","https:\/\/www.linkedin.com\/in\/frederic-poitou-b045a025\/"]}]}},"_links":{"self":[{"href":"https:\/\/www.frederic-poitou.com\/blog\/wp-json\/wp\/v2\/posts\/7187","targetHints":{"allow":["GET"]}}],"collection":[{"href":"https:\/\/www.frederic-poitou.com\/blog\/wp-json\/wp\/v2\/posts"}],"about":[{"href":"https:\/\/www.frederic-poitou.com\/blog\/wp-json\/wp\/v2\/types\/post"}],"author":[{"embeddable":true,"href":"https:\/\/www.frederic-poitou.com\/blog\/wp-json\/wp\/v2\/users\/4"}],"replies":[{"embeddable":true,"href":"https:\/\/www.frederic-poitou.com\/blog\/wp-json\/wp\/v2\/comments?post=7187"}],"version-history":[{"count":1,"href":"https:\/\/www.frederic-poitou.com\/blog\/wp-json\/wp\/v2\/posts\/7187\/revisions"}],"predecessor-version":[{"id":9387,"href":"https:\/\/www.frederic-poitou.com\/blog\/wp-json\/wp\/v2\/posts\/7187\/revisions\/9387"}],"wp:featuredmedia":[{"embeddable":true,"href":"https:\/\/www.frederic-poitou.com\/blog\/wp-json\/wp\/v2\/media\/7188"}],"wp:attachment":[{"href":"https:\/\/www.frederic-poitou.com\/blog\/wp-json\/wp\/v2\/media?parent=7187"}],"wp:term":[{"taxonomy":"category","embeddable":true,"href":"https:\/\/www.frederic-poitou.com\/blog\/wp-json\/wp\/v2\/categories?post=7187"},{"taxonomy":"post_tag","embeddable":true,"href":"https:\/\/www.frederic-poitou.com\/blog\/wp-json\/wp\/v2\/tags?post=7187"}],"curies":[{"name":"wp","href":"https:\/\/api.w.org\/{rel}","templated":true}]}}