{"id":7162,"date":"2023-07-13T13:54:32","date_gmt":"2023-07-13T11:54:32","guid":{"rendered":"http:\/\/www.frederic-poitou.com\/blog\/?p=7162"},"modified":"2026-04-09T03:36:01","modified_gmt":"2026-04-09T01:36:01","slug":"calendrier-republicain-privileges-fiscaux-tailleuses-de-pipe-de-saint-claude-de-semiotique-de-magritte","status":"publish","type":"post","link":"https:\/\/www.frederic-poitou.com\/blog\/calendrier-republicain-privileges-fiscaux-tailleuses-de-pipe-de-saint-claude-de-semiotique-de-magritte\/","title":{"rendered":"DES PRIVIL\u00c8GES FISCAUX DES TAILLEUSES DE PIPE DE SAINT-CLAUDE"},"content":{"rendered":"<p><em>Du calendrier r\u00e9publicain, des privil\u00e8ges fiscaux, des tailleuses de pipes de Saint-Claude et de la s\u00e9miotique de Magritte &#8230;<\/em><\/p>\n<p>Aujourd&rsquo;hui, lendemain de la Saint Valentln, c&rsquo;est la Saint-Claude. Saint Claude est la capitale mondiale de la pipe, et les sp\u00e9cialistes de leur fabrication, les tailleuses de pipes (appel\u00e9es \u00ab\u00a0\u00e9claircisseuses\u00a0\u00bb dans le code g\u00e9n\u00e9ral des imp\u00f4ts, font partie de ses exon\u00e9r\u00e9es fiscales, au m\u00eame titre que les veinards suivants, tous b\u00e9n\u00e9ficiaires \u00e0 divers titres de privil\u00e8ges de niche qui font tant r\u00e2ler les fran\u00e7ais :<\/p>\n<ul>\n<li>les cultivateurs de truffe, exon\u00e9r\u00e9s d\u2019imposition professionnelle (toutes activit\u00e9s confondues &#8230;) pendant 15 ans<\/li>\n<li>les agents SNCF<\/li>\n<li>les habitants de Corse, exon\u00e9r\u00e9s de taxe fonci\u00e8re<\/li>\n<li>les laur\u00e9ats de prix litt\u00e9raires (qui ne payent pas d\u2019imp\u00f4ts sur les revenus de leurs r\u00e9compenses)<\/li>\n<li>les propri\u00e9taires de chevaux de course (qui b\u00e9n\u00e9ficient d\u2019un abattement de 15% par ann\u00e9e de d\u00e9tention, sur la plus value r\u00e9alis\u00e9e \u00e0 la revente du cheval)<\/li>\n<li>les journalistes, qui peuvent d\u00e9duire directement 7 650 euros de leur revenu imposable pour \u00ab\u00a0les frais inh\u00e9rents \u00e0 leur fonction\u00a0\u00bb. Peu importe que l\u2019activit\u00e9 de journaliste soit exerc\u00e9e \u00e0 temps plein ou \u00e0 temps partiel\u00a0! Peu importe que le journaliste soit d\u00e9tenteur d\u2019une carte de presse ou non\u00a0!<\/li>\n<li>et donc les tailleuses de pipe de Saint Claude, qui peuvent d\u00e9duire de leurs imp\u00f4ts 5\u00a0% de leurs frais professionnels, avec un plafond fix\u00e9 \u00e0 7.600\u00a0euros.<\/li>\n<\/ul>\n<p>On peut paraphraser en le modernisant Saint-Simon qui persiflait l\u2019absolutisme en ces termes\u00a0: \u00ab<em>d\u00e8s que le Roi cr\u00e9e une nouvelle charge, Dieu cr\u00e9e un imb\u00e9cile pour l&rsquo;acheter<\/em>\u00bb,\u00a0 et d\u00e9clamer <em>\u00ab Lorsqu\u2019un gouvernement fran\u00e7ais cr\u00e9e un avantage fiscal, Dieu cr\u00e9e un imb\u00e9cile pour essayer d\u2019en tirer parti\u00bb<\/em><\/p>\n<p>Moi je dis, un avantage comme celui des tailleuses de pipe de Saint-Claude, si \u00e7a peut aider la profession, \u00e7a ne se refuse pas Madame<\/p>\n","protected":false},"excerpt":{"rendered":"<p>Du calendrier r\u00e9publicain, des privil\u00e8ges fiscaux, des tailleuses de pipes de Saint-Claude et de la s\u00e9miotique de Magritte &#8230; Aujourd&rsquo;hui, lendemain de la Saint Valentln, c&rsquo;est la Saint-Claude. Saint Claude est la capitale mondiale de la pipe, et les sp\u00e9cialistes &hellip; <a href=\"https:\/\/www.frederic-poitou.com\/blog\/calendrier-republicain-privileges-fiscaux-tailleuses-de-pipe-de-saint-claude-de-semiotique-de-magritte\/\">Lire la suite\u00ad\u00ad<\/a><\/p>\n","protected":false},"author":4,"featured_media":7163,"comment_status":"closed","ping_status":"open","sticky":false,"template":"","format":"standard","meta":{"kt_blocks_editor_width":"","_exactmetrics_skip_tracking":false,"_exactmetrics_sitenote_active":false,"_exactmetrics_sitenote_note":"","_exactmetrics_sitenote_category":0,"footnotes":""},"categories":[48,54],"tags":[],"class_list":["post-7162","post","type-post","status-publish","format-standard","has-post-thumbnail","hentry","category-accueil","category-societe"],"yoast_head":"<!-- This site is optimized with the Yoast SEO plugin v27.1.1 - https:\/\/yoast.com\/product\/yoast-seo-wordpress\/ -->\n<title>DES PRIVIL\u00c8GES FISCAUX DES TAILLEUSES DE PIPE DE SAINT-CLAUDE -<\/title>\n<meta name=\"robots\" content=\"index, follow, max-snippet:-1, max-image-preview:large, max-video-preview:-1\" \/>\n<link rel=\"canonical\" href=\"https:\/\/www.frederic-poitou.com\/blog\/calendrier-republicain-privileges-fiscaux-tailleuses-de-pipe-de-saint-claude-de-semiotique-de-magritte\/\" \/>\n<meta property=\"og:locale\" content=\"fr_FR\" \/>\n<meta property=\"og:type\" content=\"article\" \/>\n<meta property=\"og:title\" content=\"DES PRIVIL\u00c8GES FISCAUX DES TAILLEUSES DE PIPE DE SAINT-CLAUDE -\" \/>\n<meta property=\"og:description\" content=\"Du calendrier r\u00e9publicain, des privil\u00e8ges fiscaux, des tailleuses de pipes de Saint-Claude et de la s\u00e9miotique de Magritte &#8230; Aujourd&rsquo;hui, lendemain de la Saint Valentln, c&rsquo;est la Saint-Claude. Saint Claude est la capitale mondiale de la pipe, et les sp\u00e9cialistes &hellip; Lire la suite\u00ad\u00ad\" \/>\n<meta property=\"og:url\" content=\"https:\/\/www.frederic-poitou.com\/blog\/calendrier-republicain-privileges-fiscaux-tailleuses-de-pipe-de-saint-claude-de-semiotique-de-magritte\/\" \/>\n<meta property=\"article:publisher\" content=\"https:\/\/www.facebook.com\/frederic.poitou\/\" \/>\n<meta property=\"article:published_time\" content=\"2023-07-13T11:54:32+00:00\" \/>\n<meta property=\"article:modified_time\" content=\"2026-04-09T01:36:01+00:00\" \/>\n<meta property=\"og:image\" content=\"https:\/\/www.frederic-poitou.com\/blog\/wp-content\/2017\/02\/ceci-nest-pas-une-pipe_800.jpg\" \/>\n\t<meta property=\"og:image:width\" content=\"800\" \/>\n\t<meta property=\"og:image:height\" content=\"553\" \/>\n\t<meta property=\"og:image:type\" content=\"image\/jpeg\" \/>\n<meta name=\"author\" content=\"Fr\u00e9d\u00e9ric Poitou\" \/>\n<meta name=\"twitter:card\" content=\"summary_large_image\" \/>\n<meta name=\"twitter:creator\" content=\"@fredericpoitou\" \/>\n<meta name=\"twitter:site\" content=\"@fredericpoitou\" \/>\n<meta name=\"twitter:label1\" content=\"\u00c9crit par\" \/>\n\t<meta name=\"twitter:data1\" content=\"Fr\u00e9d\u00e9ric Poitou\" \/>\n\t<meta name=\"twitter:label2\" content=\"Dur\u00e9e de lecture estim\u00e9e\" \/>\n\t<meta name=\"twitter:data2\" content=\"2 minutes\" \/>\n<script type=\"application\/ld+json\" class=\"yoast-schema-graph\">{\"@context\":\"https:\/\/schema.org\",\"@graph\":[{\"@type\":\"Article\",\"@id\":\"https:\/\/www.frederic-poitou.com\/blog\/calendrier-republicain-privileges-fiscaux-tailleuses-de-pipe-de-saint-claude-de-semiotique-de-magritte\/#article\",\"isPartOf\":{\"@id\":\"https:\/\/www.frederic-poitou.com\/blog\/calendrier-republicain-privileges-fiscaux-tailleuses-de-pipe-de-saint-claude-de-semiotique-de-magritte\/\"},\"author\":{\"name\":\"Fr\u00e9d\u00e9ric Poitou\",\"@id\":\"http:\/\/www.frederic-poitou.com\/blog\/#\/schema\/person\/e2c2d05e978747818533fdce859a7799\"},\"headline\":\"DES PRIVIL\u00c8GES FISCAUX DES TAILLEUSES DE PIPE DE SAINT-CLAUDE\",\"datePublished\":\"2023-07-13T11:54:32+00:00\",\"dateModified\":\"2026-04-09T01:36:01+00:00\",\"mainEntityOfPage\":{\"@id\":\"https:\/\/www.frederic-poitou.com\/blog\/calendrier-republicain-privileges-fiscaux-tailleuses-de-pipe-de-saint-claude-de-semiotique-de-magritte\/\"},\"wordCount\":350,\"image\":{\"@id\":\"https:\/\/www.frederic-poitou.com\/blog\/calendrier-republicain-privileges-fiscaux-tailleuses-de-pipe-de-saint-claude-de-semiotique-de-magritte\/#primaryimage\"},\"thumbnailUrl\":\"https:\/\/www.frederic-poitou.com\/blog\/wp-content\/2017\/02\/ceci-nest-pas-une-pipe_800.jpg\",\"articleSection\":[\"Accueil\",\"Soci\u00e9t\u00e9\"],\"inLanguage\":\"fr-FR\"},{\"@type\":\"WebPage\",\"@id\":\"https:\/\/www.frederic-poitou.com\/blog\/calendrier-republicain-privileges-fiscaux-tailleuses-de-pipe-de-saint-claude-de-semiotique-de-magritte\/\",\"url\":\"https:\/\/www.frederic-poitou.com\/blog\/calendrier-republicain-privileges-fiscaux-tailleuses-de-pipe-de-saint-claude-de-semiotique-de-magritte\/\",\"name\":\"DES PRIVIL\u00c8GES FISCAUX DES TAILLEUSES DE PIPE DE SAINT-CLAUDE -\",\"isPartOf\":{\"@id\":\"http:\/\/www.frederic-poitou.com\/blog\/#website\"},\"primaryImageOfPage\":{\"@id\":\"https:\/\/www.frederic-poitou.com\/blog\/calendrier-republicain-privileges-fiscaux-tailleuses-de-pipe-de-saint-claude-de-semiotique-de-magritte\/#primaryimage\"},\"image\":{\"@id\":\"https:\/\/www.frederic-poitou.com\/blog\/calendrier-republicain-privileges-fiscaux-tailleuses-de-pipe-de-saint-claude-de-semiotique-de-magritte\/#primaryimage\"},\"thumbnailUrl\":\"https:\/\/www.frederic-poitou.com\/blog\/wp-content\/2017\/02\/ceci-nest-pas-une-pipe_800.jpg\",\"datePublished\":\"2023-07-13T11:54:32+00:00\",\"dateModified\":\"2026-04-09T01:36:01+00:00\",\"author\":{\"@id\":\"http:\/\/www.frederic-poitou.com\/blog\/#\/schema\/person\/e2c2d05e978747818533fdce859a7799\"},\"breadcrumb\":{\"@id\":\"https:\/\/www.frederic-poitou.com\/blog\/calendrier-republicain-privileges-fiscaux-tailleuses-de-pipe-de-saint-claude-de-semiotique-de-magritte\/#breadcrumb\"},\"inLanguage\":\"fr-FR\",\"potentialAction\":[{\"@type\":\"ReadAction\",\"target\":[\"https:\/\/www.frederic-poitou.com\/blog\/calendrier-republicain-privileges-fiscaux-tailleuses-de-pipe-de-saint-claude-de-semiotique-de-magritte\/\"]}]},{\"@type\":\"ImageObject\",\"inLanguage\":\"fr-FR\",\"@id\":\"https:\/\/www.frederic-poitou.com\/blog\/calendrier-republicain-privileges-fiscaux-tailleuses-de-pipe-de-saint-claude-de-semiotique-de-magritte\/#primaryimage\",\"url\":\"https:\/\/www.frederic-poitou.com\/blog\/wp-content\/2017\/02\/ceci-nest-pas-une-pipe_800.jpg\",\"contentUrl\":\"https:\/\/www.frederic-poitou.com\/blog\/wp-content\/2017\/02\/ceci-nest-pas-une-pipe_800.jpg\",\"width\":800,\"height\":553},{\"@type\":\"BreadcrumbList\",\"@id\":\"https:\/\/www.frederic-poitou.com\/blog\/calendrier-republicain-privileges-fiscaux-tailleuses-de-pipe-de-saint-claude-de-semiotique-de-magritte\/#breadcrumb\",\"itemListElement\":[{\"@type\":\"ListItem\",\"position\":1,\"name\":\"Accueil\",\"item\":\"http:\/\/www.frederic-poitou.com\/blog\/\"},{\"@type\":\"ListItem\",\"position\":2,\"name\":\"DES PRIVIL\u00c8GES FISCAUX DES TAILLEUSES DE PIPE DE SAINT-CLAUDE\"}]},{\"@type\":\"WebSite\",\"@id\":\"http:\/\/www.frederic-poitou.com\/blog\/#website\",\"url\":\"http:\/\/www.frederic-poitou.com\/blog\/\",\"name\":\"\",\"description\":\"\",\"potentialAction\":[{\"@type\":\"SearchAction\",\"target\":{\"@type\":\"EntryPoint\",\"urlTemplate\":\"http:\/\/www.frederic-poitou.com\/blog\/?s={search_term_string}\"},\"query-input\":{\"@type\":\"PropertyValueSpecification\",\"valueRequired\":true,\"valueName\":\"search_term_string\"}}],\"inLanguage\":\"fr-FR\"},{\"@type\":\"Person\",\"@id\":\"http:\/\/www.frederic-poitou.com\/blog\/#\/schema\/person\/e2c2d05e978747818533fdce859a7799\",\"name\":\"Fr\u00e9d\u00e9ric Poitou\",\"image\":{\"@type\":\"ImageObject\",\"inLanguage\":\"fr-FR\",\"@id\":\"http:\/\/www.frederic-poitou.com\/blog\/#\/schema\/person\/image\/\",\"url\":\"https:\/\/secure.gravatar.com\/avatar\/1933bcca279a2feafd35d9e0a080c521e11beb51115fe4cfe02e2586ac13424a?s=96&d=mm&r=g\",\"contentUrl\":\"https:\/\/secure.gravatar.com\/avatar\/1933bcca279a2feafd35d9e0a080c521e11beb51115fe4cfe02e2586ac13424a?s=96&d=mm&r=g\",\"caption\":\"Fr\u00e9d\u00e9ric Poitou\"},\"description\":\"Fr\u00e9d\u00e9ric Poitou est n\u00e9 \u00e0 Rouen, et y a fait des \u00e9tudes au Conservatoire en musique-\u00e9tudes en section piano. Il s'est ensuite orient\u00e9 vers des \u00e9tudes scientifiques o\u00f9 il a obtenu un dipl\u00f4me d'ing\u00e9nieur, puis un doctorat en Chimie. Il est Expert Judiciaire en France, en Belgique et \u00e0 Luxembourg, et agr\u00e9e par les Institutions Europ\u00e9ennes.\",\"sameAs\":[\"http:\/\/www.frederic-poitou.com\",\"https:\/\/www.linkedin.com\/in\/frederic-poitou-b045a025\/\"]}]}<\/script>\n<!-- \/ Yoast SEO plugin. -->","yoast_head_json":{"title":"DES PRIVIL\u00c8GES FISCAUX DES TAILLEUSES DE PIPE DE SAINT-CLAUDE -","robots":{"index":"index","follow":"follow","max-snippet":"max-snippet:-1","max-image-preview":"max-image-preview:large","max-video-preview":"max-video-preview:-1"},"canonical":"https:\/\/www.frederic-poitou.com\/blog\/calendrier-republicain-privileges-fiscaux-tailleuses-de-pipe-de-saint-claude-de-semiotique-de-magritte\/","og_locale":"fr_FR","og_type":"article","og_title":"DES PRIVIL\u00c8GES FISCAUX DES TAILLEUSES DE PIPE DE SAINT-CLAUDE -","og_description":"Du calendrier r\u00e9publicain, des privil\u00e8ges fiscaux, des tailleuses de pipes de Saint-Claude et de la s\u00e9miotique de Magritte &#8230; Aujourd&rsquo;hui, lendemain de la Saint Valentln, c&rsquo;est la Saint-Claude. Saint Claude est la capitale mondiale de la pipe, et les sp\u00e9cialistes &hellip; Lire la suite\u00ad\u00ad","og_url":"https:\/\/www.frederic-poitou.com\/blog\/calendrier-republicain-privileges-fiscaux-tailleuses-de-pipe-de-saint-claude-de-semiotique-de-magritte\/","article_publisher":"https:\/\/www.facebook.com\/frederic.poitou\/","article_published_time":"2023-07-13T11:54:32+00:00","article_modified_time":"2026-04-09T01:36:01+00:00","og_image":[{"width":800,"height":553,"url":"https:\/\/www.frederic-poitou.com\/blog\/wp-content\/2017\/02\/ceci-nest-pas-une-pipe_800.jpg","type":"image\/jpeg"}],"author":"Fr\u00e9d\u00e9ric Poitou","twitter_card":"summary_large_image","twitter_creator":"@fredericpoitou","twitter_site":"@fredericpoitou","twitter_misc":{"\u00c9crit par":"Fr\u00e9d\u00e9ric Poitou","Dur\u00e9e de lecture estim\u00e9e":"2 minutes"},"schema":{"@context":"https:\/\/schema.org","@graph":[{"@type":"Article","@id":"https:\/\/www.frederic-poitou.com\/blog\/calendrier-republicain-privileges-fiscaux-tailleuses-de-pipe-de-saint-claude-de-semiotique-de-magritte\/#article","isPartOf":{"@id":"https:\/\/www.frederic-poitou.com\/blog\/calendrier-republicain-privileges-fiscaux-tailleuses-de-pipe-de-saint-claude-de-semiotique-de-magritte\/"},"author":{"name":"Fr\u00e9d\u00e9ric Poitou","@id":"http:\/\/www.frederic-poitou.com\/blog\/#\/schema\/person\/e2c2d05e978747818533fdce859a7799"},"headline":"DES PRIVIL\u00c8GES FISCAUX DES TAILLEUSES DE PIPE DE SAINT-CLAUDE","datePublished":"2023-07-13T11:54:32+00:00","dateModified":"2026-04-09T01:36:01+00:00","mainEntityOfPage":{"@id":"https:\/\/www.frederic-poitou.com\/blog\/calendrier-republicain-privileges-fiscaux-tailleuses-de-pipe-de-saint-claude-de-semiotique-de-magritte\/"},"wordCount":350,"image":{"@id":"https:\/\/www.frederic-poitou.com\/blog\/calendrier-republicain-privileges-fiscaux-tailleuses-de-pipe-de-saint-claude-de-semiotique-de-magritte\/#primaryimage"},"thumbnailUrl":"https:\/\/www.frederic-poitou.com\/blog\/wp-content\/2017\/02\/ceci-nest-pas-une-pipe_800.jpg","articleSection":["Accueil","Soci\u00e9t\u00e9"],"inLanguage":"fr-FR"},{"@type":"WebPage","@id":"https:\/\/www.frederic-poitou.com\/blog\/calendrier-republicain-privileges-fiscaux-tailleuses-de-pipe-de-saint-claude-de-semiotique-de-magritte\/","url":"https:\/\/www.frederic-poitou.com\/blog\/calendrier-republicain-privileges-fiscaux-tailleuses-de-pipe-de-saint-claude-de-semiotique-de-magritte\/","name":"DES PRIVIL\u00c8GES FISCAUX DES TAILLEUSES DE PIPE DE SAINT-CLAUDE -","isPartOf":{"@id":"http:\/\/www.frederic-poitou.com\/blog\/#website"},"primaryImageOfPage":{"@id":"https:\/\/www.frederic-poitou.com\/blog\/calendrier-republicain-privileges-fiscaux-tailleuses-de-pipe-de-saint-claude-de-semiotique-de-magritte\/#primaryimage"},"image":{"@id":"https:\/\/www.frederic-poitou.com\/blog\/calendrier-republicain-privileges-fiscaux-tailleuses-de-pipe-de-saint-claude-de-semiotique-de-magritte\/#primaryimage"},"thumbnailUrl":"https:\/\/www.frederic-poitou.com\/blog\/wp-content\/2017\/02\/ceci-nest-pas-une-pipe_800.jpg","datePublished":"2023-07-13T11:54:32+00:00","dateModified":"2026-04-09T01:36:01+00:00","author":{"@id":"http:\/\/www.frederic-poitou.com\/blog\/#\/schema\/person\/e2c2d05e978747818533fdce859a7799"},"breadcrumb":{"@id":"https:\/\/www.frederic-poitou.com\/blog\/calendrier-republicain-privileges-fiscaux-tailleuses-de-pipe-de-saint-claude-de-semiotique-de-magritte\/#breadcrumb"},"inLanguage":"fr-FR","potentialAction":[{"@type":"ReadAction","target":["https:\/\/www.frederic-poitou.com\/blog\/calendrier-republicain-privileges-fiscaux-tailleuses-de-pipe-de-saint-claude-de-semiotique-de-magritte\/"]}]},{"@type":"ImageObject","inLanguage":"fr-FR","@id":"https:\/\/www.frederic-poitou.com\/blog\/calendrier-republicain-privileges-fiscaux-tailleuses-de-pipe-de-saint-claude-de-semiotique-de-magritte\/#primaryimage","url":"https:\/\/www.frederic-poitou.com\/blog\/wp-content\/2017\/02\/ceci-nest-pas-une-pipe_800.jpg","contentUrl":"https:\/\/www.frederic-poitou.com\/blog\/wp-content\/2017\/02\/ceci-nest-pas-une-pipe_800.jpg","width":800,"height":553},{"@type":"BreadcrumbList","@id":"https:\/\/www.frederic-poitou.com\/blog\/calendrier-republicain-privileges-fiscaux-tailleuses-de-pipe-de-saint-claude-de-semiotique-de-magritte\/#breadcrumb","itemListElement":[{"@type":"ListItem","position":1,"name":"Accueil","item":"http:\/\/www.frederic-poitou.com\/blog\/"},{"@type":"ListItem","position":2,"name":"DES PRIVIL\u00c8GES FISCAUX DES TAILLEUSES DE PIPE DE SAINT-CLAUDE"}]},{"@type":"WebSite","@id":"http:\/\/www.frederic-poitou.com\/blog\/#website","url":"http:\/\/www.frederic-poitou.com\/blog\/","name":"","description":"","potentialAction":[{"@type":"SearchAction","target":{"@type":"EntryPoint","urlTemplate":"http:\/\/www.frederic-poitou.com\/blog\/?s={search_term_string}"},"query-input":{"@type":"PropertyValueSpecification","valueRequired":true,"valueName":"search_term_string"}}],"inLanguage":"fr-FR"},{"@type":"Person","@id":"http:\/\/www.frederic-poitou.com\/blog\/#\/schema\/person\/e2c2d05e978747818533fdce859a7799","name":"Fr\u00e9d\u00e9ric Poitou","image":{"@type":"ImageObject","inLanguage":"fr-FR","@id":"http:\/\/www.frederic-poitou.com\/blog\/#\/schema\/person\/image\/","url":"https:\/\/secure.gravatar.com\/avatar\/1933bcca279a2feafd35d9e0a080c521e11beb51115fe4cfe02e2586ac13424a?s=96&d=mm&r=g","contentUrl":"https:\/\/secure.gravatar.com\/avatar\/1933bcca279a2feafd35d9e0a080c521e11beb51115fe4cfe02e2586ac13424a?s=96&d=mm&r=g","caption":"Fr\u00e9d\u00e9ric Poitou"},"description":"Fr\u00e9d\u00e9ric Poitou est n\u00e9 \u00e0 Rouen, et y a fait des \u00e9tudes au Conservatoire en musique-\u00e9tudes en section piano. Il s'est ensuite orient\u00e9 vers des \u00e9tudes scientifiques o\u00f9 il a obtenu un dipl\u00f4me d'ing\u00e9nieur, puis un doctorat en Chimie. Il est Expert Judiciaire en France, en Belgique et \u00e0 Luxembourg, et agr\u00e9e par les Institutions Europ\u00e9ennes.","sameAs":["http:\/\/www.frederic-poitou.com","https:\/\/www.linkedin.com\/in\/frederic-poitou-b045a025\/"]}]}},"_links":{"self":[{"href":"https:\/\/www.frederic-poitou.com\/blog\/wp-json\/wp\/v2\/posts\/7162","targetHints":{"allow":["GET"]}}],"collection":[{"href":"https:\/\/www.frederic-poitou.com\/blog\/wp-json\/wp\/v2\/posts"}],"about":[{"href":"https:\/\/www.frederic-poitou.com\/blog\/wp-json\/wp\/v2\/types\/post"}],"author":[{"embeddable":true,"href":"https:\/\/www.frederic-poitou.com\/blog\/wp-json\/wp\/v2\/users\/4"}],"replies":[{"embeddable":true,"href":"https:\/\/www.frederic-poitou.com\/blog\/wp-json\/wp\/v2\/comments?post=7162"}],"version-history":[{"count":2,"href":"https:\/\/www.frederic-poitou.com\/blog\/wp-json\/wp\/v2\/posts\/7162\/revisions"}],"predecessor-version":[{"id":9357,"href":"https:\/\/www.frederic-poitou.com\/blog\/wp-json\/wp\/v2\/posts\/7162\/revisions\/9357"}],"wp:featuredmedia":[{"embeddable":true,"href":"https:\/\/www.frederic-poitou.com\/blog\/wp-json\/wp\/v2\/media\/7163"}],"wp:attachment":[{"href":"https:\/\/www.frederic-poitou.com\/blog\/wp-json\/wp\/v2\/media?parent=7162"}],"wp:term":[{"taxonomy":"category","embeddable":true,"href":"https:\/\/www.frederic-poitou.com\/blog\/wp-json\/wp\/v2\/categories?post=7162"},{"taxonomy":"post_tag","embeddable":true,"href":"https:\/\/www.frederic-poitou.com\/blog\/wp-json\/wp\/v2\/tags?post=7162"}],"curies":[{"name":"wp","href":"https:\/\/api.w.org\/{rel}","templated":true}]}}