{"id":7123,"date":"2023-07-14T11:44:32","date_gmt":"2023-07-14T09:44:32","guid":{"rendered":"http:\/\/www.frederic-poitou.com\/blog\/?p=7123"},"modified":"2026-04-18T01:59:05","modified_gmt":"2026-04-17T23:59:05","slug":"maniere-detre-lhomme-plus-puissant-monde","status":"publish","type":"post","link":"https:\/\/www.frederic-poitou.com\/blog\/maniere-detre-lhomme-plus-puissant-monde\/","title":{"rendered":"Une autre mani\u00e8re d&rsquo;\u00eatre l&rsquo;homme le plus puissant du monde."},"content":{"rendered":"<p><em>\u00ab\u00a0Si jamais quelqu&rsquo;un doute encore que l&rsquo;Am\u00e9rique est un endroit o\u00f9 tout est possible, qui se demande si le r\u00eave de nos p\u00e8res fondateurs est toujours vivant, qui doute encore du pouvoir de notre d\u00e9mocratie, la r\u00e9ponse lui est donn\u00e9e ce soir\u00a0\u00bb<\/em> d\u00e9clarait-il le jour de sa victoire.<\/p>\n<p>&nbsp;<\/p>\n<p style=\"text-align: center;\">[easingslider id=\u00a0\u00bb7111&Prime;]\n<p>&nbsp;<\/p>\n<p>&nbsp;<\/p>\n<p>&nbsp;<\/p>\n<p>Bien que tout ne fut pas parfait pendant ses deux mandats je crois que l&rsquo;on parlera de l&rsquo;influence d&rsquo;Obama sur les Etats-Unis de la m\u00eame mani\u00e8re qu&rsquo;on parle encore de Martin Luther King, lui qu&rsquo;il citait volontiers notamment le jour o\u00f9, en larme apr\u00e8s un massacre aux armes \u00e0 feu, il annon\u00e7ait une s\u00e9rie de mesures qu&rsquo;il ne parviendra malheureusement pas \u00e0 faire passer au congr\u00e8s et qui visaient \u00e0 limiter la circulation des armes aux Etats-Unis : <em>\u00ab\u00a0Les gens meurent. Et les excuses constantes pour l&rsquo;inaction ne marchent plus. Ne suffisent plus\u00a0\u00bb<\/em><\/p>\n<p>Au rayon des rat\u00e9s : Une politique internationale parfois h\u00e9sitante, voire peu lisible (principalement en Syrie, laissant place \u00e0 Vladimir Poutine), la promesse non tenue de fermer Guantanamo, les tensions raciales, l&rsquo;explosion du nombre annuel des assassinats par armes \u00e0 feu, et une hausse des in\u00e9galit\u00e9s, qui ne lui est pas uniquement imputable.<br \/>\nAu rayon des r\u00e9ussites : Un bon bilan \u00e9conomique, une r\u00e9forme du syst\u00e8me de sant\u00e9 (que son successeur s&rsquo;est empress\u00e9 d&rsquo;amender), un prix Nobel amplement m\u00e9rit\u00e9, des accords historiques avec l&rsquo;Iran et avec Cuba, la prise en compte comme cause d&rsquo;\u00e9tat (reprise comme tel sur le site de la Maison Blanche) de l&rsquo;environnement,<\/p>\n<p>&nbsp;<\/p>\n<p>Malgr\u00e9 cel\u00e0, il restera celui qui a bris\u00e9 les codes poussi\u00e9reux de la politique internationale. D\u00e9contract\u00e9, souriant, \u00e9mu, \u00e9mouvant, f\u00e9lin. Et m\u00eame si sa communication \u00e9tait particuli\u00e8rement soign\u00e9e, il y a des regards, des attitudes, des postures qui ne trompent pas.<\/p>\n<p>Pas g\u00ean\u00e9 par sa posture en public ni par ses mains quand il prenait la parole, il savait utiliser son regard, son sourire, et tous les outils de la communication moderne pour se fondre dans l&rsquo;univers moderne, et c&rsquo;est juste \u00e7a la communication, celle qui permet de gagner en pouvoir de conviction et donc en efficacit\u00e9.<\/p>\n<p>Le style Obama, c&rsquo;\u00e9tait aussi un sens aigu du symbole. Comme quand il fut photographi\u00e9 dans le bus de Rosa Parks, une figure mythique de la lutte contre la s\u00e9gr\u00e9gation raciale. Mais aussi une \u00e9l\u00e9gance naturelle, unique, associ\u00e9e \u00e0 une d\u00e9contraction qui semblait \u00e0 toute \u00e9preuve. Chaleureux, dr\u00f4le, attentionn\u00e9.<\/p>\n<p>Mais derri\u00e8re l&rsquo;homme politique se trouve toujours la femme, et le couple form\u00e9 avec Mich\u00e8le, a offert aux Etats-Unis l&rsquo;image d&rsquo;un couple uni, et d&rsquo;une famille soud\u00e9e.<\/p>\n<p>Alors vivement 2020 (<a class=\"_58cn\" href=\"https:\/\/www.facebook.com\/hashtag\/michele2020?source=feed_text&amp;story_id=1678047162493044\" data-ft=\"{&quot;tn&quot;:&quot;*N&quot;,&quot;type&quot;:104}\"><span class=\"_5afx\"><span class=\"_58cl _5afz\">#<\/span><span class=\"_58cm\">michele2020<\/span><\/span><\/a>, <a class=\"_58cn\" href=\"https:\/\/www.facebook.com\/hashtag\/obama4presidente?source=feed_text&amp;story_id=1678047162493044\" data-ft=\"{&quot;tn&quot;:&quot;*N&quot;,&quot;type&quot;:104}\"><span class=\"_5afx\"><span class=\"_58cl _5afz\">#<\/span><span class=\"_58cm\">obama4presidente<\/span><\/span><\/a>). Yes she can, yes she will.<\/p>\n","protected":false},"excerpt":{"rendered":"<p>\u00ab\u00a0Si jamais quelqu&rsquo;un doute encore que l&rsquo;Am\u00e9rique est un endroit o\u00f9 tout est possible, qui se demande si le r\u00eave de nos p\u00e8res fondateurs est toujours vivant, qui doute encore du pouvoir de notre d\u00e9mocratie, la r\u00e9ponse lui est donn\u00e9e &hellip; <a href=\"https:\/\/www.frederic-poitou.com\/blog\/maniere-detre-lhomme-plus-puissant-monde\/\">Lire la suite\u00ad\u00ad<\/a><\/p>\n","protected":false},"author":4,"featured_media":7080,"comment_status":"closed","ping_status":"open","sticky":false,"template":"","format":"standard","meta":{"kt_blocks_editor_width":"","_exactmetrics_skip_tracking":false,"_exactmetrics_sitenote_active":false,"_exactmetrics_sitenote_note":"","_exactmetrics_sitenote_category":0,"footnotes":""},"categories":[51,54],"tags":[],"class_list":["post-7123","post","type-post","status-publish","format-standard","has-post-thumbnail","hentry","category-politique","category-societe"],"yoast_head":"<!-- This site is optimized with the Yoast SEO plugin v27.1.1 - https:\/\/yoast.com\/product\/yoast-seo-wordpress\/ -->\n<title>Une autre mani\u00e8re d&#039;\u00eatre l&#039;homme le plus puissant du monde. -<\/title>\n<meta name=\"robots\" content=\"index, follow, max-snippet:-1, max-image-preview:large, max-video-preview:-1\" \/>\n<link rel=\"canonical\" href=\"https:\/\/www.frederic-poitou.com\/blog\/maniere-detre-lhomme-plus-puissant-monde\/\" \/>\n<meta property=\"og:locale\" content=\"fr_FR\" \/>\n<meta property=\"og:type\" content=\"article\" \/>\n<meta property=\"og:title\" content=\"Une autre mani\u00e8re d&#039;\u00eatre l&#039;homme le plus puissant du monde. -\" \/>\n<meta property=\"og:description\" content=\"\u00ab\u00a0Si jamais quelqu&rsquo;un doute encore que l&rsquo;Am\u00e9rique est un endroit o\u00f9 tout est possible, qui se demande si le r\u00eave de nos p\u00e8res fondateurs est toujours vivant, qui doute encore du pouvoir de notre d\u00e9mocratie, la r\u00e9ponse lui est donn\u00e9e &hellip; Lire la suite\u00ad\u00ad\" \/>\n<meta property=\"og:url\" content=\"https:\/\/www.frederic-poitou.com\/blog\/maniere-detre-lhomme-plus-puissant-monde\/\" \/>\n<meta property=\"article:publisher\" content=\"https:\/\/www.facebook.com\/frederic.poitou\/\" \/>\n<meta property=\"article:published_time\" content=\"2023-07-14T09:44:32+00:00\" \/>\n<meta property=\"article:modified_time\" content=\"2026-04-17T23:59:05+00:00\" \/>\n<meta property=\"og:image\" content=\"https:\/\/www.frederic-poitou.com\/blog\/wp-content\/2017\/01\/11107805.jpg\" \/>\n\t<meta property=\"og:image:width\" content=\"1200\" \/>\n\t<meta property=\"og:image:height\" content=\"825\" \/>\n\t<meta property=\"og:image:type\" content=\"image\/jpeg\" \/>\n<meta name=\"author\" content=\"Fr\u00e9d\u00e9ric Poitou\" \/>\n<meta name=\"twitter:card\" content=\"summary_large_image\" \/>\n<meta name=\"twitter:creator\" content=\"@fredericpoitou\" \/>\n<meta name=\"twitter:site\" content=\"@fredericpoitou\" \/>\n<meta name=\"twitter:label1\" content=\"\u00c9crit par\" \/>\n\t<meta name=\"twitter:data1\" content=\"Fr\u00e9d\u00e9ric Poitou\" \/>\n\t<meta name=\"twitter:label2\" content=\"Dur\u00e9e de lecture estim\u00e9e\" \/>\n\t<meta name=\"twitter:data2\" content=\"2 minutes\" \/>\n<script type=\"application\/ld+json\" class=\"yoast-schema-graph\">{\"@context\":\"https:\/\/schema.org\",\"@graph\":[{\"@type\":\"Article\",\"@id\":\"https:\/\/www.frederic-poitou.com\/blog\/maniere-detre-lhomme-plus-puissant-monde\/#article\",\"isPartOf\":{\"@id\":\"https:\/\/www.frederic-poitou.com\/blog\/maniere-detre-lhomme-plus-puissant-monde\/\"},\"author\":{\"name\":\"Fr\u00e9d\u00e9ric Poitou\",\"@id\":\"https:\/\/www.frederic-poitou.com\/blog\/#\/schema\/person\/e2c2d05e978747818533fdce859a7799\"},\"headline\":\"Une autre mani\u00e8re d&rsquo;\u00eatre l&rsquo;homme le plus puissant du monde.\",\"datePublished\":\"2023-07-14T09:44:32+00:00\",\"dateModified\":\"2026-04-17T23:59:05+00:00\",\"mainEntityOfPage\":{\"@id\":\"https:\/\/www.frederic-poitou.com\/blog\/maniere-detre-lhomme-plus-puissant-monde\/\"},\"wordCount\":500,\"image\":{\"@id\":\"https:\/\/www.frederic-poitou.com\/blog\/maniere-detre-lhomme-plus-puissant-monde\/#primaryimage\"},\"thumbnailUrl\":\"https:\/\/www.frederic-poitou.com\/blog\/wp-content\/2017\/01\/11107805.jpg\",\"articleSection\":[\"Politique\",\"Soci\u00e9t\u00e9\"],\"inLanguage\":\"fr-FR\"},{\"@type\":\"WebPage\",\"@id\":\"https:\/\/www.frederic-poitou.com\/blog\/maniere-detre-lhomme-plus-puissant-monde\/\",\"url\":\"https:\/\/www.frederic-poitou.com\/blog\/maniere-detre-lhomme-plus-puissant-monde\/\",\"name\":\"Une autre mani\u00e8re d'\u00eatre l'homme le plus puissant du monde. -\",\"isPartOf\":{\"@id\":\"https:\/\/www.frederic-poitou.com\/blog\/#website\"},\"primaryImageOfPage\":{\"@id\":\"https:\/\/www.frederic-poitou.com\/blog\/maniere-detre-lhomme-plus-puissant-monde\/#primaryimage\"},\"image\":{\"@id\":\"https:\/\/www.frederic-poitou.com\/blog\/maniere-detre-lhomme-plus-puissant-monde\/#primaryimage\"},\"thumbnailUrl\":\"https:\/\/www.frederic-poitou.com\/blog\/wp-content\/2017\/01\/11107805.jpg\",\"datePublished\":\"2023-07-14T09:44:32+00:00\",\"dateModified\":\"2026-04-17T23:59:05+00:00\",\"author\":{\"@id\":\"https:\/\/www.frederic-poitou.com\/blog\/#\/schema\/person\/e2c2d05e978747818533fdce859a7799\"},\"breadcrumb\":{\"@id\":\"https:\/\/www.frederic-poitou.com\/blog\/maniere-detre-lhomme-plus-puissant-monde\/#breadcrumb\"},\"inLanguage\":\"fr-FR\",\"potentialAction\":[{\"@type\":\"ReadAction\",\"target\":[\"https:\/\/www.frederic-poitou.com\/blog\/maniere-detre-lhomme-plus-puissant-monde\/\"]}]},{\"@type\":\"ImageObject\",\"inLanguage\":\"fr-FR\",\"@id\":\"https:\/\/www.frederic-poitou.com\/blog\/maniere-detre-lhomme-plus-puissant-monde\/#primaryimage\",\"url\":\"https:\/\/www.frederic-poitou.com\/blog\/wp-content\/2017\/01\/11107805.jpg\",\"contentUrl\":\"https:\/\/www.frederic-poitou.com\/blog\/wp-content\/2017\/01\/11107805.jpg\",\"width\":1200,\"height\":825},{\"@type\":\"BreadcrumbList\",\"@id\":\"https:\/\/www.frederic-poitou.com\/blog\/maniere-detre-lhomme-plus-puissant-monde\/#breadcrumb\",\"itemListElement\":[{\"@type\":\"ListItem\",\"position\":1,\"name\":\"Accueil\",\"item\":\"https:\/\/www.frederic-poitou.com\/blog\/\"},{\"@type\":\"ListItem\",\"position\":2,\"name\":\"Une autre mani\u00e8re d&rsquo;\u00eatre l&rsquo;homme le plus puissant du monde.\"}]},{\"@type\":\"WebSite\",\"@id\":\"https:\/\/www.frederic-poitou.com\/blog\/#website\",\"url\":\"https:\/\/www.frederic-poitou.com\/blog\/\",\"name\":\"\",\"description\":\"\",\"potentialAction\":[{\"@type\":\"SearchAction\",\"target\":{\"@type\":\"EntryPoint\",\"urlTemplate\":\"https:\/\/www.frederic-poitou.com\/blog\/?s={search_term_string}\"},\"query-input\":{\"@type\":\"PropertyValueSpecification\",\"valueRequired\":true,\"valueName\":\"search_term_string\"}}],\"inLanguage\":\"fr-FR\"},{\"@type\":\"Person\",\"@id\":\"https:\/\/www.frederic-poitou.com\/blog\/#\/schema\/person\/e2c2d05e978747818533fdce859a7799\",\"name\":\"Fr\u00e9d\u00e9ric Poitou\",\"image\":{\"@type\":\"ImageObject\",\"inLanguage\":\"fr-FR\",\"@id\":\"https:\/\/www.frederic-poitou.com\/blog\/#\/schema\/person\/image\/\",\"url\":\"https:\/\/secure.gravatar.com\/avatar\/1933bcca279a2feafd35d9e0a080c521e11beb51115fe4cfe02e2586ac13424a?s=96&d=mm&r=g\",\"contentUrl\":\"https:\/\/secure.gravatar.com\/avatar\/1933bcca279a2feafd35d9e0a080c521e11beb51115fe4cfe02e2586ac13424a?s=96&d=mm&r=g\",\"caption\":\"Fr\u00e9d\u00e9ric Poitou\"},\"description\":\"Fr\u00e9d\u00e9ric Poitou est n\u00e9 \u00e0 Rouen, et y a fait des \u00e9tudes au Conservatoire en musique-\u00e9tudes en section piano. Il s'est ensuite orient\u00e9 vers des \u00e9tudes scientifiques o\u00f9 il a obtenu un dipl\u00f4me d'ing\u00e9nieur, puis un doctorat en Chimie. Il est Expert Judiciaire en France, en Belgique et \u00e0 Luxembourg, et agr\u00e9e par les Institutions Europ\u00e9ennes.\",\"sameAs\":[\"http:\/\/www.frederic-poitou.com\",\"https:\/\/www.linkedin.com\/in\/frederic-poitou-b045a025\/\"]}]}<\/script>\n<!-- \/ Yoast SEO plugin. -->","yoast_head_json":{"title":"Une autre mani\u00e8re d'\u00eatre l'homme le plus puissant du monde. -","robots":{"index":"index","follow":"follow","max-snippet":"max-snippet:-1","max-image-preview":"max-image-preview:large","max-video-preview":"max-video-preview:-1"},"canonical":"https:\/\/www.frederic-poitou.com\/blog\/maniere-detre-lhomme-plus-puissant-monde\/","og_locale":"fr_FR","og_type":"article","og_title":"Une autre mani\u00e8re d'\u00eatre l'homme le plus puissant du monde. -","og_description":"\u00ab\u00a0Si jamais quelqu&rsquo;un doute encore que l&rsquo;Am\u00e9rique est un endroit o\u00f9 tout est possible, qui se demande si le r\u00eave de nos p\u00e8res fondateurs est toujours vivant, qui doute encore du pouvoir de notre d\u00e9mocratie, la r\u00e9ponse lui est donn\u00e9e &hellip; Lire la suite\u00ad\u00ad","og_url":"https:\/\/www.frederic-poitou.com\/blog\/maniere-detre-lhomme-plus-puissant-monde\/","article_publisher":"https:\/\/www.facebook.com\/frederic.poitou\/","article_published_time":"2023-07-14T09:44:32+00:00","article_modified_time":"2026-04-17T23:59:05+00:00","og_image":[{"width":1200,"height":825,"url":"https:\/\/www.frederic-poitou.com\/blog\/wp-content\/2017\/01\/11107805.jpg","type":"image\/jpeg"}],"author":"Fr\u00e9d\u00e9ric Poitou","twitter_card":"summary_large_image","twitter_creator":"@fredericpoitou","twitter_site":"@fredericpoitou","twitter_misc":{"\u00c9crit par":"Fr\u00e9d\u00e9ric Poitou","Dur\u00e9e de lecture estim\u00e9e":"2 minutes"},"schema":{"@context":"https:\/\/schema.org","@graph":[{"@type":"Article","@id":"https:\/\/www.frederic-poitou.com\/blog\/maniere-detre-lhomme-plus-puissant-monde\/#article","isPartOf":{"@id":"https:\/\/www.frederic-poitou.com\/blog\/maniere-detre-lhomme-plus-puissant-monde\/"},"author":{"name":"Fr\u00e9d\u00e9ric Poitou","@id":"https:\/\/www.frederic-poitou.com\/blog\/#\/schema\/person\/e2c2d05e978747818533fdce859a7799"},"headline":"Une autre mani\u00e8re d&rsquo;\u00eatre l&rsquo;homme le plus puissant du monde.","datePublished":"2023-07-14T09:44:32+00:00","dateModified":"2026-04-17T23:59:05+00:00","mainEntityOfPage":{"@id":"https:\/\/www.frederic-poitou.com\/blog\/maniere-detre-lhomme-plus-puissant-monde\/"},"wordCount":500,"image":{"@id":"https:\/\/www.frederic-poitou.com\/blog\/maniere-detre-lhomme-plus-puissant-monde\/#primaryimage"},"thumbnailUrl":"https:\/\/www.frederic-poitou.com\/blog\/wp-content\/2017\/01\/11107805.jpg","articleSection":["Politique","Soci\u00e9t\u00e9"],"inLanguage":"fr-FR"},{"@type":"WebPage","@id":"https:\/\/www.frederic-poitou.com\/blog\/maniere-detre-lhomme-plus-puissant-monde\/","url":"https:\/\/www.frederic-poitou.com\/blog\/maniere-detre-lhomme-plus-puissant-monde\/","name":"Une autre mani\u00e8re d'\u00eatre l'homme le plus puissant du monde. -","isPartOf":{"@id":"https:\/\/www.frederic-poitou.com\/blog\/#website"},"primaryImageOfPage":{"@id":"https:\/\/www.frederic-poitou.com\/blog\/maniere-detre-lhomme-plus-puissant-monde\/#primaryimage"},"image":{"@id":"https:\/\/www.frederic-poitou.com\/blog\/maniere-detre-lhomme-plus-puissant-monde\/#primaryimage"},"thumbnailUrl":"https:\/\/www.frederic-poitou.com\/blog\/wp-content\/2017\/01\/11107805.jpg","datePublished":"2023-07-14T09:44:32+00:00","dateModified":"2026-04-17T23:59:05+00:00","author":{"@id":"https:\/\/www.frederic-poitou.com\/blog\/#\/schema\/person\/e2c2d05e978747818533fdce859a7799"},"breadcrumb":{"@id":"https:\/\/www.frederic-poitou.com\/blog\/maniere-detre-lhomme-plus-puissant-monde\/#breadcrumb"},"inLanguage":"fr-FR","potentialAction":[{"@type":"ReadAction","target":["https:\/\/www.frederic-poitou.com\/blog\/maniere-detre-lhomme-plus-puissant-monde\/"]}]},{"@type":"ImageObject","inLanguage":"fr-FR","@id":"https:\/\/www.frederic-poitou.com\/blog\/maniere-detre-lhomme-plus-puissant-monde\/#primaryimage","url":"https:\/\/www.frederic-poitou.com\/blog\/wp-content\/2017\/01\/11107805.jpg","contentUrl":"https:\/\/www.frederic-poitou.com\/blog\/wp-content\/2017\/01\/11107805.jpg","width":1200,"height":825},{"@type":"BreadcrumbList","@id":"https:\/\/www.frederic-poitou.com\/blog\/maniere-detre-lhomme-plus-puissant-monde\/#breadcrumb","itemListElement":[{"@type":"ListItem","position":1,"name":"Accueil","item":"https:\/\/www.frederic-poitou.com\/blog\/"},{"@type":"ListItem","position":2,"name":"Une autre mani\u00e8re d&rsquo;\u00eatre l&rsquo;homme le plus puissant du monde."}]},{"@type":"WebSite","@id":"https:\/\/www.frederic-poitou.com\/blog\/#website","url":"https:\/\/www.frederic-poitou.com\/blog\/","name":"","description":"","potentialAction":[{"@type":"SearchAction","target":{"@type":"EntryPoint","urlTemplate":"https:\/\/www.frederic-poitou.com\/blog\/?s={search_term_string}"},"query-input":{"@type":"PropertyValueSpecification","valueRequired":true,"valueName":"search_term_string"}}],"inLanguage":"fr-FR"},{"@type":"Person","@id":"https:\/\/www.frederic-poitou.com\/blog\/#\/schema\/person\/e2c2d05e978747818533fdce859a7799","name":"Fr\u00e9d\u00e9ric Poitou","image":{"@type":"ImageObject","inLanguage":"fr-FR","@id":"https:\/\/www.frederic-poitou.com\/blog\/#\/schema\/person\/image\/","url":"https:\/\/secure.gravatar.com\/avatar\/1933bcca279a2feafd35d9e0a080c521e11beb51115fe4cfe02e2586ac13424a?s=96&d=mm&r=g","contentUrl":"https:\/\/secure.gravatar.com\/avatar\/1933bcca279a2feafd35d9e0a080c521e11beb51115fe4cfe02e2586ac13424a?s=96&d=mm&r=g","caption":"Fr\u00e9d\u00e9ric Poitou"},"description":"Fr\u00e9d\u00e9ric Poitou est n\u00e9 \u00e0 Rouen, et y a fait des \u00e9tudes au Conservatoire en musique-\u00e9tudes en section piano. Il s'est ensuite orient\u00e9 vers des \u00e9tudes scientifiques o\u00f9 il a obtenu un dipl\u00f4me d'ing\u00e9nieur, puis un doctorat en Chimie. Il est Expert Judiciaire en France, en Belgique et \u00e0 Luxembourg, et agr\u00e9e par les Institutions Europ\u00e9ennes.","sameAs":["http:\/\/www.frederic-poitou.com","https:\/\/www.linkedin.com\/in\/frederic-poitou-b045a025\/"]}]}},"_links":{"self":[{"href":"https:\/\/www.frederic-poitou.com\/blog\/wp-json\/wp\/v2\/posts\/7123","targetHints":{"allow":["GET"]}}],"collection":[{"href":"https:\/\/www.frederic-poitou.com\/blog\/wp-json\/wp\/v2\/posts"}],"about":[{"href":"https:\/\/www.frederic-poitou.com\/blog\/wp-json\/wp\/v2\/types\/post"}],"author":[{"embeddable":true,"href":"https:\/\/www.frederic-poitou.com\/blog\/wp-json\/wp\/v2\/users\/4"}],"replies":[{"embeddable":true,"href":"https:\/\/www.frederic-poitou.com\/blog\/wp-json\/wp\/v2\/comments?post=7123"}],"version-history":[{"count":1,"href":"https:\/\/www.frederic-poitou.com\/blog\/wp-json\/wp\/v2\/posts\/7123\/revisions"}],"predecessor-version":[{"id":10320,"href":"https:\/\/www.frederic-poitou.com\/blog\/wp-json\/wp\/v2\/posts\/7123\/revisions\/10320"}],"wp:featuredmedia":[{"embeddable":true,"href":"https:\/\/www.frederic-poitou.com\/blog\/wp-json\/wp\/v2\/media\/7080"}],"wp:attachment":[{"href":"https:\/\/www.frederic-poitou.com\/blog\/wp-json\/wp\/v2\/media?parent=7123"}],"wp:term":[{"taxonomy":"category","embeddable":true,"href":"https:\/\/www.frederic-poitou.com\/blog\/wp-json\/wp\/v2\/categories?post=7123"},{"taxonomy":"post_tag","embeddable":true,"href":"https:\/\/www.frederic-poitou.com\/blog\/wp-json\/wp\/v2\/tags?post=7123"}],"curies":[{"name":"wp","href":"https:\/\/api.w.org\/{rel}","templated":true}]}}