{"id":6954,"date":"2023-07-14T00:50:32","date_gmt":"2023-07-13T22:50:32","guid":{"rendered":"http:\/\/www.frederic-poitou.com\/blog\/?p=6954"},"modified":"2026-04-14T14:44:38","modified_gmt":"2026-04-14T12:44:38","slug":"transparence-a-bruxelles","status":"publish","type":"post","link":"https:\/\/www.frederic-poitou.com\/blog\/transparence-a-bruxelles\/","title":{"rendered":"TRANSPARENCE A BRUXELLES"},"content":{"rendered":"<p>A Bruxelles, nous sommes dix mille repr\u00e9sentants de groupes d\u2019int\u00e9r\u00eats qui travaillons aupr\u00e8s des institutions, essayant \u00e0 des degr\u00e9s divers, et selon notre niveau, d\u2019influer sur les prises de d\u00e9cisions des l\u00e9gislations et r\u00e8glementations europ\u00e9ennes.<\/p>\n<p>Ce m\u00e9tier \u00e0 ses r\u00e8gles de noblesse, car en portant \u00e0 Bruxelles une vision et des arguments bien diff\u00e9rents de ceux que l&rsquo;on voit par le prisme d\u00e9form\u00e9 des fen\u00eatres de la Commission Europ\u00e9enne, il repr\u00e9sente une forme d&rsquo;expression du processus d\u00e9mocratique quasi direct, un droit qu\u2019ont les citoyens d\u2019informer diff\u00e9remment ceux qui l\u00e9gif\u00e8rent, d\u00e9cr\u00e8tent ou r\u00e8glementent leur quotidien. Une nouvelle fois, apr\u00e8s la premi\u00e8re expression de la d\u00e9mocratie que repr\u00e9sente le vote aux \u00e9lections, vos droits de citoyens ne sont pas \u00e9puis\u00e9s, mais ils fonctionnent alors \u00e0 l\u2019inverse du slogan de la pile Wonder : \u00ab\u00a0les droits ne s\u2019usent que si on ne les utilise pas\u00a0\u00bb.<\/p>\n<p>En tant que lobbyistes, nous nous livrons r\u00e9guli\u00e8rement \u00e0 des activit\u00e9s, d\u2019 interventions dans diff\u00e9rentes organisations telles que les entreprises, les groupements professionnels, les structures publiques ou parapubliques, les ONG, les associations, les cabinets de consultants sp\u00e9cialis\u00e9s dans les affaires publiques, les cabinets d\u2019avocats et en participant aux think-tanks des m\u00e9tiers dont nous d\u00e9fendons les int\u00e9r\u00eats.<br \/>\nMais nous appliquons un code de d\u00e9ontologie et\/ou d\u2019une charte que nous signons qui balise, tant pour nos clients que pour nos interlocuteurs, les r\u00e8gles que nous imposons \u00e0 nos interventions.<\/p>\n<p>Ainsi \u00e0 titre personnel, je n\u2019accepte pas de repr\u00e9senter les int\u00e9r\u00eats qui ne r\u00e9pondraient pas \u00e0 minima aux r\u00e8gles des deux \u00ab\u00a0Grenelles de l\u2019environnement\u00a0\u00bb ou qui concernerait des produits dont le proc\u00e9d\u00e9 industriel ne respecterait pas les r\u00e8gles bien pr\u00e9cises, du d\u00e9veloppement durable.<\/p>\n<p>Nos interventions contribuent au processus d\u00e9mocratique en tant qu\u2019acteur de la soci\u00e9t\u00e9 civile, chaque intervenant selon ses domaines d&rsquo;excellence, en g\u00e9n\u00e9ral cons\u00e9quences de nos carri\u00e8res et exp\u00e9riences professionnelles, chaque cabinet avec son domaine de pr\u00e9dilection &#8211; lobbying pur, veille r\u00e8glementaire, intelligence strat\u00e9gique, communication &#8230;-.<\/p>\n<p>La Commission souhaite renforcer ces r\u00e8gles &#8211; et c&rsquo;est tr\u00e8s bien ainsi &#8211; depuis que les affaires Nelly Kroes <em><strong>(1)<\/strong><\/em> et Jos\u00e9 Manuel Barroso <em><strong>(2)<\/strong><\/em>\u00a0ont jet\u00e9 le discr\u00e9dit sur les hautes fonctions europ\u00e9enne, mettant en lumi\u00e8re interpr\u00e9tation parfois douteuse qu\u2019ont les hauts responsables politiques de la d\u00e9ontologie que devrait leur imposer la d\u00e9fense de l\u2019int\u00e9r\u00eat commun, mais aussi sur les pratiques de certains grands groupes qui savent o\u00f9 investir leurs effort de communication active.<br \/>\n<em>(1) prise le doigt dans le pot de confiture, lorsqu\u2019on a d\u00e9couvert qu\u2019elle administrait depuis 9 ans une soci\u00e9t\u00e9 off-shore et poss\u00e9dait un compte cach\u00e9 aux Bahamas, alors m\u00eame qu&rsquo;elle \u00e9tait commissaire Europ\u00e9en \u2026), et<\/em><\/p>\n<p><em>(2) dont le recrutement chez Goldman Sachs la c\u00e9l\u00e8bre avait d\u00e9j\u00e0 fait grand bruit avant qu&rsquo;on en connaisse l\u2019origine, mais dont les r\u00e9v\u00e9lations probantes sur la base d\u2019\u00e9changes de mails et de courrier, au terme desquelles Barroso \u00e9tait d\u00e9j\u00e0 en relation avec la banque alors qu&rsquo;il \u00e9tait \u00e0 la t\u00eate de la commission acheva de d\u00e9cr\u00e9biliser les hautes fonctions.<\/em><\/p>\n<p>En France, nous avons obligation d&rsquo;\u00eatre d\u00e9clar\u00e9s sur les registres de l&rsquo;Assembl\u00e9e Nationale ou du S\u00e9nat pour obtenir nos badges. A Bruxelles, l&rsquo;inscription sur le registre de transparence \u00ab\u00a0transparency\u00a0\u00bb est conseill\u00e9, mais pas obligatoire.<\/p>\n<p>C\u2019est ce que\u00a0la Commission propose au Parlement de changer, et j&rsquo;adh\u00e8re totalement \u00e0 cette d\u00e9marche.<\/p>\n<p><a href=\"http:\/\/www.europarl.europa.eu\/news\/fr\/news-room\/20160429STO25312\/transparence-vers-un-registre-obligatoire-pour-les-lobbyistes\" target=\"_blank\" rel=\"noopener\">D\u00e9couvrir le registre \u00ab\u00a0transparency\u00a0\u00bb\u00a0<\/a><\/p>\n<p>http:\/\/www.europarltv.europa.eu\/fr\/player.aspx?pid=c63b3fb7-db08-47b1-a82a-a63f0150277b<\/p>\n","protected":false},"excerpt":{"rendered":"<p>A Bruxelles, nous sommes dix mille repr\u00e9sentants de groupes d\u2019int\u00e9r\u00eats qui travaillons aupr\u00e8s des institutions, essayant \u00e0 des degr\u00e9s divers, et selon notre niveau, d\u2019influer sur les prises de d\u00e9cisions des l\u00e9gislations et r\u00e8glementations europ\u00e9ennes. Ce m\u00e9tier \u00e0 ses r\u00e8gles &hellip; <a href=\"https:\/\/www.frederic-poitou.com\/blog\/transparence-a-bruxelles\/\">Lire la suite\u00ad\u00ad<\/a><\/p>\n","protected":false},"author":4,"featured_media":6962,"comment_status":"closed","ping_status":"open","sticky":false,"template":"","format":"standard","meta":{"kt_blocks_editor_width":"","_exactmetrics_skip_tracking":false,"_exactmetrics_sitenote_active":false,"_exactmetrics_sitenote_note":"","_exactmetrics_sitenote_category":0,"footnotes":""},"categories":[55,51],"tags":[],"class_list":["post-6954","post","type-post","status-publish","format-standard","has-post-thumbnail","hentry","category-europe","category-politique"],"yoast_head":"<!-- This site is optimized with the Yoast SEO plugin v27.1.1 - https:\/\/yoast.com\/product\/yoast-seo-wordpress\/ -->\n<title>TRANSPARENCE A BRUXELLES -<\/title>\n<meta name=\"robots\" content=\"index, follow, max-snippet:-1, max-image-preview:large, max-video-preview:-1\" \/>\n<link rel=\"canonical\" href=\"https:\/\/www.frederic-poitou.com\/blog\/transparence-a-bruxelles\/\" \/>\n<meta property=\"og:locale\" content=\"fr_FR\" \/>\n<meta property=\"og:type\" content=\"article\" \/>\n<meta property=\"og:title\" content=\"TRANSPARENCE A BRUXELLES -\" \/>\n<meta property=\"og:description\" content=\"A Bruxelles, nous sommes dix mille repr\u00e9sentants de groupes d\u2019int\u00e9r\u00eats qui travaillons aupr\u00e8s des institutions, essayant \u00e0 des degr\u00e9s divers, et selon notre niveau, d\u2019influer sur les prises de d\u00e9cisions des l\u00e9gislations et r\u00e8glementations europ\u00e9ennes. Ce m\u00e9tier \u00e0 ses r\u00e8gles &hellip; Lire la suite\u00ad\u00ad\" \/>\n<meta property=\"og:url\" content=\"https:\/\/www.frederic-poitou.com\/blog\/transparence-a-bruxelles\/\" \/>\n<meta property=\"article:publisher\" content=\"https:\/\/www.facebook.com\/frederic.poitou\/\" \/>\n<meta property=\"article:published_time\" content=\"2023-07-13T22:50:32+00:00\" \/>\n<meta property=\"article:modified_time\" content=\"2026-04-14T12:44:38+00:00\" \/>\n<meta property=\"og:image\" content=\"https:\/\/www.frederic-poitou.com\/blog\/wp-content\/2016\/10\/Europa-1.jpeg\" \/>\n\t<meta property=\"og:image:width\" content=\"252\" \/>\n\t<meta property=\"og:image:height\" content=\"252\" \/>\n\t<meta property=\"og:image:type\" content=\"image\/jpeg\" \/>\n<meta name=\"author\" content=\"Fr\u00e9d\u00e9ric Poitou\" \/>\n<meta name=\"twitter:card\" content=\"summary_large_image\" \/>\n<meta name=\"twitter:creator\" content=\"@fredericpoitou\" \/>\n<meta name=\"twitter:site\" content=\"@fredericpoitou\" \/>\n<meta name=\"twitter:label1\" content=\"\u00c9crit par\" \/>\n\t<meta name=\"twitter:data1\" content=\"Fr\u00e9d\u00e9ric Poitou\" \/>\n\t<meta name=\"twitter:label2\" content=\"Dur\u00e9e de lecture estim\u00e9e\" \/>\n\t<meta name=\"twitter:data2\" content=\"3 minutes\" \/>\n<script type=\"application\/ld+json\" class=\"yoast-schema-graph\">{\"@context\":\"https:\/\/schema.org\",\"@graph\":[{\"@type\":\"Article\",\"@id\":\"https:\/\/www.frederic-poitou.com\/blog\/transparence-a-bruxelles\/#article\",\"isPartOf\":{\"@id\":\"https:\/\/www.frederic-poitou.com\/blog\/transparence-a-bruxelles\/\"},\"author\":{\"name\":\"Fr\u00e9d\u00e9ric Poitou\",\"@id\":\"https:\/\/www.frederic-poitou.com\/blog\/#\/schema\/person\/e2c2d05e978747818533fdce859a7799\"},\"headline\":\"TRANSPARENCE A BRUXELLES\",\"datePublished\":\"2023-07-13T22:50:32+00:00\",\"dateModified\":\"2026-04-14T12:44:38+00:00\",\"mainEntityOfPage\":{\"@id\":\"https:\/\/www.frederic-poitou.com\/blog\/transparence-a-bruxelles\/\"},\"wordCount\":664,\"image\":{\"@id\":\"https:\/\/www.frederic-poitou.com\/blog\/transparence-a-bruxelles\/#primaryimage\"},\"thumbnailUrl\":\"https:\/\/www.frederic-poitou.com\/blog\/wp-content\/2016\/10\/Europa-1.jpeg\",\"articleSection\":[\"Europe\",\"Politique\"],\"inLanguage\":\"fr-FR\"},{\"@type\":\"WebPage\",\"@id\":\"https:\/\/www.frederic-poitou.com\/blog\/transparence-a-bruxelles\/\",\"url\":\"https:\/\/www.frederic-poitou.com\/blog\/transparence-a-bruxelles\/\",\"name\":\"TRANSPARENCE A BRUXELLES -\",\"isPartOf\":{\"@id\":\"https:\/\/www.frederic-poitou.com\/blog\/#website\"},\"primaryImageOfPage\":{\"@id\":\"https:\/\/www.frederic-poitou.com\/blog\/transparence-a-bruxelles\/#primaryimage\"},\"image\":{\"@id\":\"https:\/\/www.frederic-poitou.com\/blog\/transparence-a-bruxelles\/#primaryimage\"},\"thumbnailUrl\":\"https:\/\/www.frederic-poitou.com\/blog\/wp-content\/2016\/10\/Europa-1.jpeg\",\"datePublished\":\"2023-07-13T22:50:32+00:00\",\"dateModified\":\"2026-04-14T12:44:38+00:00\",\"author\":{\"@id\":\"https:\/\/www.frederic-poitou.com\/blog\/#\/schema\/person\/e2c2d05e978747818533fdce859a7799\"},\"breadcrumb\":{\"@id\":\"https:\/\/www.frederic-poitou.com\/blog\/transparence-a-bruxelles\/#breadcrumb\"},\"inLanguage\":\"fr-FR\",\"potentialAction\":[{\"@type\":\"ReadAction\",\"target\":[\"https:\/\/www.frederic-poitou.com\/blog\/transparence-a-bruxelles\/\"]}]},{\"@type\":\"ImageObject\",\"inLanguage\":\"fr-FR\",\"@id\":\"https:\/\/www.frederic-poitou.com\/blog\/transparence-a-bruxelles\/#primaryimage\",\"url\":\"https:\/\/www.frederic-poitou.com\/blog\/wp-content\/2016\/10\/Europa-1.jpeg\",\"contentUrl\":\"https:\/\/www.frederic-poitou.com\/blog\/wp-content\/2016\/10\/Europa-1.jpeg\",\"width\":252,\"height\":252},{\"@type\":\"BreadcrumbList\",\"@id\":\"https:\/\/www.frederic-poitou.com\/blog\/transparence-a-bruxelles\/#breadcrumb\",\"itemListElement\":[{\"@type\":\"ListItem\",\"position\":1,\"name\":\"Accueil\",\"item\":\"https:\/\/www.frederic-poitou.com\/blog\/\"},{\"@type\":\"ListItem\",\"position\":2,\"name\":\"TRANSPARENCE A BRUXELLES\"}]},{\"@type\":\"WebSite\",\"@id\":\"https:\/\/www.frederic-poitou.com\/blog\/#website\",\"url\":\"https:\/\/www.frederic-poitou.com\/blog\/\",\"name\":\"\",\"description\":\"\",\"potentialAction\":[{\"@type\":\"SearchAction\",\"target\":{\"@type\":\"EntryPoint\",\"urlTemplate\":\"https:\/\/www.frederic-poitou.com\/blog\/?s={search_term_string}\"},\"query-input\":{\"@type\":\"PropertyValueSpecification\",\"valueRequired\":true,\"valueName\":\"search_term_string\"}}],\"inLanguage\":\"fr-FR\"},{\"@type\":\"Person\",\"@id\":\"https:\/\/www.frederic-poitou.com\/blog\/#\/schema\/person\/e2c2d05e978747818533fdce859a7799\",\"name\":\"Fr\u00e9d\u00e9ric Poitou\",\"image\":{\"@type\":\"ImageObject\",\"inLanguage\":\"fr-FR\",\"@id\":\"https:\/\/www.frederic-poitou.com\/blog\/#\/schema\/person\/image\/\",\"url\":\"https:\/\/secure.gravatar.com\/avatar\/1933bcca279a2feafd35d9e0a080c521e11beb51115fe4cfe02e2586ac13424a?s=96&d=mm&r=g\",\"contentUrl\":\"https:\/\/secure.gravatar.com\/avatar\/1933bcca279a2feafd35d9e0a080c521e11beb51115fe4cfe02e2586ac13424a?s=96&d=mm&r=g\",\"caption\":\"Fr\u00e9d\u00e9ric Poitou\"},\"description\":\"Fr\u00e9d\u00e9ric Poitou est n\u00e9 \u00e0 Rouen, et y a fait des \u00e9tudes au Conservatoire en musique-\u00e9tudes en section piano. Il s'est ensuite orient\u00e9 vers des \u00e9tudes scientifiques o\u00f9 il a obtenu un dipl\u00f4me d'ing\u00e9nieur, puis un doctorat en Chimie. Il est Expert Judiciaire en France, en Belgique et \u00e0 Luxembourg, et agr\u00e9e par les Institutions Europ\u00e9ennes.\",\"sameAs\":[\"http:\/\/www.frederic-poitou.com\",\"https:\/\/www.linkedin.com\/in\/frederic-poitou-b045a025\/\"]}]}<\/script>\n<!-- \/ Yoast SEO plugin. -->","yoast_head_json":{"title":"TRANSPARENCE A BRUXELLES -","robots":{"index":"index","follow":"follow","max-snippet":"max-snippet:-1","max-image-preview":"max-image-preview:large","max-video-preview":"max-video-preview:-1"},"canonical":"https:\/\/www.frederic-poitou.com\/blog\/transparence-a-bruxelles\/","og_locale":"fr_FR","og_type":"article","og_title":"TRANSPARENCE A BRUXELLES -","og_description":"A Bruxelles, nous sommes dix mille repr\u00e9sentants de groupes d\u2019int\u00e9r\u00eats qui travaillons aupr\u00e8s des institutions, essayant \u00e0 des degr\u00e9s divers, et selon notre niveau, d\u2019influer sur les prises de d\u00e9cisions des l\u00e9gislations et r\u00e8glementations europ\u00e9ennes. Ce m\u00e9tier \u00e0 ses r\u00e8gles &hellip; Lire la suite\u00ad\u00ad","og_url":"https:\/\/www.frederic-poitou.com\/blog\/transparence-a-bruxelles\/","article_publisher":"https:\/\/www.facebook.com\/frederic.poitou\/","article_published_time":"2023-07-13T22:50:32+00:00","article_modified_time":"2026-04-14T12:44:38+00:00","og_image":[{"width":252,"height":252,"url":"https:\/\/www.frederic-poitou.com\/blog\/wp-content\/2016\/10\/Europa-1.jpeg","type":"image\/jpeg"}],"author":"Fr\u00e9d\u00e9ric Poitou","twitter_card":"summary_large_image","twitter_creator":"@fredericpoitou","twitter_site":"@fredericpoitou","twitter_misc":{"\u00c9crit par":"Fr\u00e9d\u00e9ric Poitou","Dur\u00e9e de lecture estim\u00e9e":"3 minutes"},"schema":{"@context":"https:\/\/schema.org","@graph":[{"@type":"Article","@id":"https:\/\/www.frederic-poitou.com\/blog\/transparence-a-bruxelles\/#article","isPartOf":{"@id":"https:\/\/www.frederic-poitou.com\/blog\/transparence-a-bruxelles\/"},"author":{"name":"Fr\u00e9d\u00e9ric Poitou","@id":"https:\/\/www.frederic-poitou.com\/blog\/#\/schema\/person\/e2c2d05e978747818533fdce859a7799"},"headline":"TRANSPARENCE A BRUXELLES","datePublished":"2023-07-13T22:50:32+00:00","dateModified":"2026-04-14T12:44:38+00:00","mainEntityOfPage":{"@id":"https:\/\/www.frederic-poitou.com\/blog\/transparence-a-bruxelles\/"},"wordCount":664,"image":{"@id":"https:\/\/www.frederic-poitou.com\/blog\/transparence-a-bruxelles\/#primaryimage"},"thumbnailUrl":"https:\/\/www.frederic-poitou.com\/blog\/wp-content\/2016\/10\/Europa-1.jpeg","articleSection":["Europe","Politique"],"inLanguage":"fr-FR"},{"@type":"WebPage","@id":"https:\/\/www.frederic-poitou.com\/blog\/transparence-a-bruxelles\/","url":"https:\/\/www.frederic-poitou.com\/blog\/transparence-a-bruxelles\/","name":"TRANSPARENCE A BRUXELLES -","isPartOf":{"@id":"https:\/\/www.frederic-poitou.com\/blog\/#website"},"primaryImageOfPage":{"@id":"https:\/\/www.frederic-poitou.com\/blog\/transparence-a-bruxelles\/#primaryimage"},"image":{"@id":"https:\/\/www.frederic-poitou.com\/blog\/transparence-a-bruxelles\/#primaryimage"},"thumbnailUrl":"https:\/\/www.frederic-poitou.com\/blog\/wp-content\/2016\/10\/Europa-1.jpeg","datePublished":"2023-07-13T22:50:32+00:00","dateModified":"2026-04-14T12:44:38+00:00","author":{"@id":"https:\/\/www.frederic-poitou.com\/blog\/#\/schema\/person\/e2c2d05e978747818533fdce859a7799"},"breadcrumb":{"@id":"https:\/\/www.frederic-poitou.com\/blog\/transparence-a-bruxelles\/#breadcrumb"},"inLanguage":"fr-FR","potentialAction":[{"@type":"ReadAction","target":["https:\/\/www.frederic-poitou.com\/blog\/transparence-a-bruxelles\/"]}]},{"@type":"ImageObject","inLanguage":"fr-FR","@id":"https:\/\/www.frederic-poitou.com\/blog\/transparence-a-bruxelles\/#primaryimage","url":"https:\/\/www.frederic-poitou.com\/blog\/wp-content\/2016\/10\/Europa-1.jpeg","contentUrl":"https:\/\/www.frederic-poitou.com\/blog\/wp-content\/2016\/10\/Europa-1.jpeg","width":252,"height":252},{"@type":"BreadcrumbList","@id":"https:\/\/www.frederic-poitou.com\/blog\/transparence-a-bruxelles\/#breadcrumb","itemListElement":[{"@type":"ListItem","position":1,"name":"Accueil","item":"https:\/\/www.frederic-poitou.com\/blog\/"},{"@type":"ListItem","position":2,"name":"TRANSPARENCE A BRUXELLES"}]},{"@type":"WebSite","@id":"https:\/\/www.frederic-poitou.com\/blog\/#website","url":"https:\/\/www.frederic-poitou.com\/blog\/","name":"","description":"","potentialAction":[{"@type":"SearchAction","target":{"@type":"EntryPoint","urlTemplate":"https:\/\/www.frederic-poitou.com\/blog\/?s={search_term_string}"},"query-input":{"@type":"PropertyValueSpecification","valueRequired":true,"valueName":"search_term_string"}}],"inLanguage":"fr-FR"},{"@type":"Person","@id":"https:\/\/www.frederic-poitou.com\/blog\/#\/schema\/person\/e2c2d05e978747818533fdce859a7799","name":"Fr\u00e9d\u00e9ric Poitou","image":{"@type":"ImageObject","inLanguage":"fr-FR","@id":"https:\/\/www.frederic-poitou.com\/blog\/#\/schema\/person\/image\/","url":"https:\/\/secure.gravatar.com\/avatar\/1933bcca279a2feafd35d9e0a080c521e11beb51115fe4cfe02e2586ac13424a?s=96&d=mm&r=g","contentUrl":"https:\/\/secure.gravatar.com\/avatar\/1933bcca279a2feafd35d9e0a080c521e11beb51115fe4cfe02e2586ac13424a?s=96&d=mm&r=g","caption":"Fr\u00e9d\u00e9ric Poitou"},"description":"Fr\u00e9d\u00e9ric Poitou est n\u00e9 \u00e0 Rouen, et y a fait des \u00e9tudes au Conservatoire en musique-\u00e9tudes en section piano. Il s'est ensuite orient\u00e9 vers des \u00e9tudes scientifiques o\u00f9 il a obtenu un dipl\u00f4me d'ing\u00e9nieur, puis un doctorat en Chimie. Il est Expert Judiciaire en France, en Belgique et \u00e0 Luxembourg, et agr\u00e9e par les Institutions Europ\u00e9ennes.","sameAs":["http:\/\/www.frederic-poitou.com","https:\/\/www.linkedin.com\/in\/frederic-poitou-b045a025\/"]}]}},"_links":{"self":[{"href":"https:\/\/www.frederic-poitou.com\/blog\/wp-json\/wp\/v2\/posts\/6954","targetHints":{"allow":["GET"]}}],"collection":[{"href":"https:\/\/www.frederic-poitou.com\/blog\/wp-json\/wp\/v2\/posts"}],"about":[{"href":"https:\/\/www.frederic-poitou.com\/blog\/wp-json\/wp\/v2\/types\/post"}],"author":[{"embeddable":true,"href":"https:\/\/www.frederic-poitou.com\/blog\/wp-json\/wp\/v2\/users\/4"}],"replies":[{"embeddable":true,"href":"https:\/\/www.frederic-poitou.com\/blog\/wp-json\/wp\/v2\/comments?post=6954"}],"version-history":[{"count":1,"href":"https:\/\/www.frederic-poitou.com\/blog\/wp-json\/wp\/v2\/posts\/6954\/revisions"}],"predecessor-version":[{"id":10319,"href":"https:\/\/www.frederic-poitou.com\/blog\/wp-json\/wp\/v2\/posts\/6954\/revisions\/10319"}],"wp:featuredmedia":[{"embeddable":true,"href":"https:\/\/www.frederic-poitou.com\/blog\/wp-json\/wp\/v2\/media\/6962"}],"wp:attachment":[{"href":"https:\/\/www.frederic-poitou.com\/blog\/wp-json\/wp\/v2\/media?parent=6954"}],"wp:term":[{"taxonomy":"category","embeddable":true,"href":"https:\/\/www.frederic-poitou.com\/blog\/wp-json\/wp\/v2\/categories?post=6954"},{"taxonomy":"post_tag","embeddable":true,"href":"https:\/\/www.frederic-poitou.com\/blog\/wp-json\/wp\/v2\/tags?post=6954"}],"curies":[{"name":"wp","href":"https:\/\/api.w.org\/{rel}","templated":true}]}}