{"id":6947,"date":"2023-07-13T22:24:32","date_gmt":"2023-07-13T20:24:32","guid":{"rendered":"http:\/\/www.frederic-poitou.com\/blog\/?p=6947"},"modified":"2026-04-13T21:30:56","modified_gmt":"2026-04-13T19:30:56","slug":"1er-colloque-de-leau-normandie","status":"publish","type":"post","link":"https:\/\/www.frederic-poitou.com\/blog\/1er-colloque-de-leau-normandie\/","title":{"rendered":"1ER COLLOQUE DE L&rsquo;EAU EN NORMANDIE"},"content":{"rendered":"<p>Le 14 Octobre prochain, \u00e0 l&rsquo;invitation de Pierre Juhel, Pr\u00e9sident d&rsquo;Ecologie Normande et Dominique Damble Vice Pr\u00e9sident de l&rsquo;Ecologie Normande et responsable des P\u00f4les Locaux du P\u00f4le Ecologie \u00e0 l&rsquo;UDI,<\/p>\n<p>en tant que r\u00e9f\u00e9rent du pole \u00e9cologie de l\u2019UDI, d\u2019Ecologie bleue (LR) et d\u2019\u00e9cologie radicale (Parti Radical) dont je suis r\u00e9f\u00e9rent d\u00e9partemental, j&rsquo;aurai plaisir \u00e0 animer le 1er colloque de l\u2019eau en Normandie.<\/p>\n<p>Apr\u00e8s l\u2019accueil d\u2019Herv\u00e9 Morin, nous aurons l\u2019occasion de travailler sur :<\/p>\n<p><strong>Les OBSERVATIONS<\/strong><br \/>\n&gt;\u00a0 les nappes, les ressources et la qualit\u00e9 de l\u2019eau<br \/>\n&gt;\u00a0 l\u2019eau dans l\u2019environnement (z\u00e9ro pesticides en collectivit\u00e9)<br \/>\n&gt;\u00a0 la sant\u00e9 publique (enjeux)<br \/>\n&gt;\u00a0 la Loi sur l\u2019Eau (textes)<\/p>\n<p><strong>Les USAGES<\/strong><br \/>\n&gt;\u00a0 La pr\u00e9servation de la ressource<br \/>\n&gt;\u00a0 Influences de la climatologie<br \/>\n&gt;\u00a0 l\u2019eau de mer &#8211; littoral\u00a0(baignade, p\u00eache &amp; \u00e9levages)<br \/>\n&gt;\u00a0 les z\u00f4nes de captage (contraintes)<\/p>\n<p><strong>Le D\u00c9VELOPPEMENT DURABLE<\/strong><br \/>\n&gt; une gestion moderne de l\u2019eau (objectifs qualit\u00e9)<br \/>\n&gt;\u00a0 le service public et les SDAGE\u00a0 (Loi N\u00f4TRE)<br \/>\n&gt;\u00a0 le prix de l\u2019eau et ses perspectives d\u2019avenir<\/p>\n<p><a href=\"https:\/\/www.normandie.fr\/\" target=\"_blank\" rel=\"noopener noreferrer\">Auditorium du Conseil R\u00e9gional de Normandie, Abbaye aux dames<\/a><\/p>\n<p><em>Merci \u00e0 Pierre Juhel et \u00e0 Dominique Damble pour leur confiance.<\/em><\/p>\n<p>&nbsp;<\/p>\n<p>&nbsp;<\/p>\n<p><a href=\"http:\/\/ecologie.parti-udi.fr\/un-projet-une-equipe.html\" target=\"_blank\" rel=\"noopener noreferrer\"><img loading=\"lazy\" decoding=\"async\" class=\"alignleft wp-image-6948\" src=\"http:\/\/www.frederic-poitou.com\/blog\/wp-content\/2016\/10\/logo13-2-150x150.jpeg\" alt=\"logo13-2\" width=\"130\" height=\"91\" srcset=\"https:\/\/www.frederic-poitou.com\/blog\/wp-content\/2016\/10\/logo13-2-300x211.jpeg 300w, https:\/\/www.frederic-poitou.com\/blog\/wp-content\/2016\/10\/logo13-2.jpeg 485w\" sizes=\"auto, (max-width: 130px) 100vw, 130px\" \/><\/a><img loading=\"lazy\" decoding=\"async\" class=\"alignleft wp-image-6949 size-thumbnail\" src=\"http:\/\/www.frederic-poitou.com\/blog\/wp-content\/2016\/10\/dyxE6GlS-150x150.jpg\" alt=\"dyxe6gls\" width=\"150\" height=\"150\" srcset=\"https:\/\/www.frederic-poitou.com\/blog\/wp-content\/2016\/10\/dyxE6GlS-150x150.jpg 150w, https:\/\/www.frederic-poitou.com\/blog\/wp-content\/2016\/10\/dyxE6GlS-300x300.jpg 300w, https:\/\/www.frederic-poitou.com\/blog\/wp-content\/2016\/10\/dyxE6GlS.jpg 400w\" sizes=\"auto, (max-width: 150px) 100vw, 150px\" \/><img loading=\"lazy\" decoding=\"async\" class=\"alignleft wp-image-6950 size-thumbnail\" src=\"http:\/\/www.frederic-poitou.com\/blog\/wp-content\/2016\/10\/logo-ecologie-radicale-150x150.jpg\" alt=\"logo-ecologie-radicale\" width=\"150\" height=\"150\" \/><\/p>\n","protected":false},"excerpt":{"rendered":"<p>Le 14 Octobre prochain, \u00e0 l&rsquo;invitation de Pierre Juhel, Pr\u00e9sident d&rsquo;Ecologie Normande et Dominique Damble Vice Pr\u00e9sident de l&rsquo;Ecologie Normande et responsable des P\u00f4les Locaux du P\u00f4le Ecologie \u00e0 l&rsquo;UDI, en tant que r\u00e9f\u00e9rent du pole \u00e9cologie de l\u2019UDI, d\u2019Ecologie &hellip; <a href=\"https:\/\/www.frederic-poitou.com\/blog\/1er-colloque-de-leau-normandie\/\">Lire la suite\u00ad\u00ad<\/a><\/p>\n","protected":false},"author":4,"featured_media":6948,"comment_status":"closed","ping_status":"open","sticky":false,"template":"","format":"standard","meta":{"kt_blocks_editor_width":"","_exactmetrics_skip_tracking":false,"_exactmetrics_sitenote_active":false,"_exactmetrics_sitenote_note":"","_exactmetrics_sitenote_category":0,"footnotes":""},"categories":[53,51],"tags":[],"class_list":["post-6947","post","type-post","status-publish","format-standard","has-post-thumbnail","hentry","category-ecologie","category-politique"],"yoast_head":"<!-- This site is optimized with the Yoast SEO plugin v27.1.1 - https:\/\/yoast.com\/product\/yoast-seo-wordpress\/ -->\n<title>1ER COLLOQUE DE L&#039;EAU EN NORMANDIE -<\/title>\n<meta name=\"robots\" content=\"index, follow, max-snippet:-1, max-image-preview:large, max-video-preview:-1\" \/>\n<link rel=\"canonical\" href=\"https:\/\/www.frederic-poitou.com\/blog\/1er-colloque-de-leau-normandie\/\" \/>\n<meta property=\"og:locale\" content=\"fr_FR\" \/>\n<meta property=\"og:type\" content=\"article\" \/>\n<meta property=\"og:title\" content=\"1ER COLLOQUE DE L&#039;EAU EN NORMANDIE -\" \/>\n<meta property=\"og:description\" content=\"Le 14 Octobre prochain, \u00e0 l&rsquo;invitation de Pierre Juhel, Pr\u00e9sident d&rsquo;Ecologie Normande et Dominique Damble Vice Pr\u00e9sident de l&rsquo;Ecologie Normande et responsable des P\u00f4les Locaux du P\u00f4le Ecologie \u00e0 l&rsquo;UDI, en tant que r\u00e9f\u00e9rent du pole \u00e9cologie de l\u2019UDI, d\u2019Ecologie &hellip; Lire la suite\u00ad\u00ad\" \/>\n<meta property=\"og:url\" content=\"https:\/\/www.frederic-poitou.com\/blog\/1er-colloque-de-leau-normandie\/\" \/>\n<meta property=\"article:publisher\" content=\"https:\/\/www.facebook.com\/frederic.poitou\/\" \/>\n<meta property=\"article:published_time\" content=\"2023-07-13T20:24:32+00:00\" \/>\n<meta property=\"article:modified_time\" content=\"2026-04-13T19:30:56+00:00\" \/>\n<meta property=\"og:image\" content=\"https:\/\/www.frederic-poitou.com\/blog\/wp-content\/2016\/10\/logo13-2.jpeg\" \/>\n\t<meta property=\"og:image:width\" content=\"485\" \/>\n\t<meta property=\"og:image:height\" content=\"341\" \/>\n\t<meta property=\"og:image:type\" content=\"image\/jpeg\" \/>\n<meta name=\"author\" content=\"Fr\u00e9d\u00e9ric Poitou\" \/>\n<meta name=\"twitter:card\" content=\"summary_large_image\" \/>\n<meta name=\"twitter:creator\" content=\"@fredericpoitou\" \/>\n<meta name=\"twitter:site\" content=\"@fredericpoitou\" \/>\n<meta name=\"twitter:label1\" content=\"\u00c9crit par\" \/>\n\t<meta name=\"twitter:data1\" content=\"Fr\u00e9d\u00e9ric Poitou\" \/>\n\t<meta name=\"twitter:label2\" content=\"Dur\u00e9e de lecture estim\u00e9e\" \/>\n\t<meta name=\"twitter:data2\" content=\"1 minute\" \/>\n<script type=\"application\/ld+json\" class=\"yoast-schema-graph\">{\"@context\":\"https:\/\/schema.org\",\"@graph\":[{\"@type\":\"Article\",\"@id\":\"https:\/\/www.frederic-poitou.com\/blog\/1er-colloque-de-leau-normandie\/#article\",\"isPartOf\":{\"@id\":\"https:\/\/www.frederic-poitou.com\/blog\/1er-colloque-de-leau-normandie\/\"},\"author\":{\"name\":\"Fr\u00e9d\u00e9ric Poitou\",\"@id\":\"https:\/\/www.frederic-poitou.com\/blog\/#\/schema\/person\/e2c2d05e978747818533fdce859a7799\"},\"headline\":\"1ER COLLOQUE DE L&rsquo;EAU EN NORMANDIE\",\"datePublished\":\"2023-07-13T20:24:32+00:00\",\"dateModified\":\"2026-04-13T19:30:56+00:00\",\"mainEntityOfPage\":{\"@id\":\"https:\/\/www.frederic-poitou.com\/blog\/1er-colloque-de-leau-normandie\/\"},\"wordCount\":222,\"image\":{\"@id\":\"https:\/\/www.frederic-poitou.com\/blog\/1er-colloque-de-leau-normandie\/#primaryimage\"},\"thumbnailUrl\":\"https:\/\/www.frederic-poitou.com\/blog\/wp-content\/2016\/10\/logo13-2.jpeg\",\"articleSection\":[\"Ecologie\",\"Politique\"],\"inLanguage\":\"fr-FR\"},{\"@type\":\"WebPage\",\"@id\":\"https:\/\/www.frederic-poitou.com\/blog\/1er-colloque-de-leau-normandie\/\",\"url\":\"https:\/\/www.frederic-poitou.com\/blog\/1er-colloque-de-leau-normandie\/\",\"name\":\"1ER COLLOQUE DE L'EAU EN NORMANDIE -\",\"isPartOf\":{\"@id\":\"https:\/\/www.frederic-poitou.com\/blog\/#website\"},\"primaryImageOfPage\":{\"@id\":\"https:\/\/www.frederic-poitou.com\/blog\/1er-colloque-de-leau-normandie\/#primaryimage\"},\"image\":{\"@id\":\"https:\/\/www.frederic-poitou.com\/blog\/1er-colloque-de-leau-normandie\/#primaryimage\"},\"thumbnailUrl\":\"https:\/\/www.frederic-poitou.com\/blog\/wp-content\/2016\/10\/logo13-2.jpeg\",\"datePublished\":\"2023-07-13T20:24:32+00:00\",\"dateModified\":\"2026-04-13T19:30:56+00:00\",\"author\":{\"@id\":\"https:\/\/www.frederic-poitou.com\/blog\/#\/schema\/person\/e2c2d05e978747818533fdce859a7799\"},\"breadcrumb\":{\"@id\":\"https:\/\/www.frederic-poitou.com\/blog\/1er-colloque-de-leau-normandie\/#breadcrumb\"},\"inLanguage\":\"fr-FR\",\"potentialAction\":[{\"@type\":\"ReadAction\",\"target\":[\"https:\/\/www.frederic-poitou.com\/blog\/1er-colloque-de-leau-normandie\/\"]}]},{\"@type\":\"ImageObject\",\"inLanguage\":\"fr-FR\",\"@id\":\"https:\/\/www.frederic-poitou.com\/blog\/1er-colloque-de-leau-normandie\/#primaryimage\",\"url\":\"https:\/\/www.frederic-poitou.com\/blog\/wp-content\/2016\/10\/logo13-2.jpeg\",\"contentUrl\":\"https:\/\/www.frederic-poitou.com\/blog\/wp-content\/2016\/10\/logo13-2.jpeg\",\"width\":485,\"height\":341},{\"@type\":\"BreadcrumbList\",\"@id\":\"https:\/\/www.frederic-poitou.com\/blog\/1er-colloque-de-leau-normandie\/#breadcrumb\",\"itemListElement\":[{\"@type\":\"ListItem\",\"position\":1,\"name\":\"Accueil\",\"item\":\"https:\/\/www.frederic-poitou.com\/blog\/\"},{\"@type\":\"ListItem\",\"position\":2,\"name\":\"1ER COLLOQUE DE L&rsquo;EAU EN NORMANDIE\"}]},{\"@type\":\"WebSite\",\"@id\":\"https:\/\/www.frederic-poitou.com\/blog\/#website\",\"url\":\"https:\/\/www.frederic-poitou.com\/blog\/\",\"name\":\"\",\"description\":\"\",\"potentialAction\":[{\"@type\":\"SearchAction\",\"target\":{\"@type\":\"EntryPoint\",\"urlTemplate\":\"https:\/\/www.frederic-poitou.com\/blog\/?s={search_term_string}\"},\"query-input\":{\"@type\":\"PropertyValueSpecification\",\"valueRequired\":true,\"valueName\":\"search_term_string\"}}],\"inLanguage\":\"fr-FR\"},{\"@type\":\"Person\",\"@id\":\"https:\/\/www.frederic-poitou.com\/blog\/#\/schema\/person\/e2c2d05e978747818533fdce859a7799\",\"name\":\"Fr\u00e9d\u00e9ric Poitou\",\"image\":{\"@type\":\"ImageObject\",\"inLanguage\":\"fr-FR\",\"@id\":\"https:\/\/www.frederic-poitou.com\/blog\/#\/schema\/person\/image\/\",\"url\":\"https:\/\/secure.gravatar.com\/avatar\/1933bcca279a2feafd35d9e0a080c521e11beb51115fe4cfe02e2586ac13424a?s=96&d=mm&r=g\",\"contentUrl\":\"https:\/\/secure.gravatar.com\/avatar\/1933bcca279a2feafd35d9e0a080c521e11beb51115fe4cfe02e2586ac13424a?s=96&d=mm&r=g\",\"caption\":\"Fr\u00e9d\u00e9ric Poitou\"},\"description\":\"Fr\u00e9d\u00e9ric Poitou est n\u00e9 \u00e0 Rouen, et y a fait des \u00e9tudes au Conservatoire en musique-\u00e9tudes en section piano. Il s'est ensuite orient\u00e9 vers des \u00e9tudes scientifiques o\u00f9 il a obtenu un dipl\u00f4me d'ing\u00e9nieur, puis un doctorat en Chimie. Il est Expert Judiciaire en France, en Belgique et \u00e0 Luxembourg, et agr\u00e9e par les Institutions Europ\u00e9ennes.\",\"sameAs\":[\"http:\/\/www.frederic-poitou.com\",\"https:\/\/www.linkedin.com\/in\/frederic-poitou-b045a025\/\"]}]}<\/script>\n<!-- \/ Yoast SEO plugin. -->","yoast_head_json":{"title":"1ER COLLOQUE DE L'EAU EN NORMANDIE -","robots":{"index":"index","follow":"follow","max-snippet":"max-snippet:-1","max-image-preview":"max-image-preview:large","max-video-preview":"max-video-preview:-1"},"canonical":"https:\/\/www.frederic-poitou.com\/blog\/1er-colloque-de-leau-normandie\/","og_locale":"fr_FR","og_type":"article","og_title":"1ER COLLOQUE DE L'EAU EN NORMANDIE -","og_description":"Le 14 Octobre prochain, \u00e0 l&rsquo;invitation de Pierre Juhel, Pr\u00e9sident d&rsquo;Ecologie Normande et Dominique Damble Vice Pr\u00e9sident de l&rsquo;Ecologie Normande et responsable des P\u00f4les Locaux du P\u00f4le Ecologie \u00e0 l&rsquo;UDI, en tant que r\u00e9f\u00e9rent du pole \u00e9cologie de l\u2019UDI, d\u2019Ecologie &hellip; Lire la suite\u00ad\u00ad","og_url":"https:\/\/www.frederic-poitou.com\/blog\/1er-colloque-de-leau-normandie\/","article_publisher":"https:\/\/www.facebook.com\/frederic.poitou\/","article_published_time":"2023-07-13T20:24:32+00:00","article_modified_time":"2026-04-13T19:30:56+00:00","og_image":[{"width":485,"height":341,"url":"https:\/\/www.frederic-poitou.com\/blog\/wp-content\/2016\/10\/logo13-2.jpeg","type":"image\/jpeg"}],"author":"Fr\u00e9d\u00e9ric Poitou","twitter_card":"summary_large_image","twitter_creator":"@fredericpoitou","twitter_site":"@fredericpoitou","twitter_misc":{"\u00c9crit par":"Fr\u00e9d\u00e9ric Poitou","Dur\u00e9e de lecture estim\u00e9e":"1 minute"},"schema":{"@context":"https:\/\/schema.org","@graph":[{"@type":"Article","@id":"https:\/\/www.frederic-poitou.com\/blog\/1er-colloque-de-leau-normandie\/#article","isPartOf":{"@id":"https:\/\/www.frederic-poitou.com\/blog\/1er-colloque-de-leau-normandie\/"},"author":{"name":"Fr\u00e9d\u00e9ric Poitou","@id":"https:\/\/www.frederic-poitou.com\/blog\/#\/schema\/person\/e2c2d05e978747818533fdce859a7799"},"headline":"1ER COLLOQUE DE L&rsquo;EAU EN NORMANDIE","datePublished":"2023-07-13T20:24:32+00:00","dateModified":"2026-04-13T19:30:56+00:00","mainEntityOfPage":{"@id":"https:\/\/www.frederic-poitou.com\/blog\/1er-colloque-de-leau-normandie\/"},"wordCount":222,"image":{"@id":"https:\/\/www.frederic-poitou.com\/blog\/1er-colloque-de-leau-normandie\/#primaryimage"},"thumbnailUrl":"https:\/\/www.frederic-poitou.com\/blog\/wp-content\/2016\/10\/logo13-2.jpeg","articleSection":["Ecologie","Politique"],"inLanguage":"fr-FR"},{"@type":"WebPage","@id":"https:\/\/www.frederic-poitou.com\/blog\/1er-colloque-de-leau-normandie\/","url":"https:\/\/www.frederic-poitou.com\/blog\/1er-colloque-de-leau-normandie\/","name":"1ER COLLOQUE DE L'EAU EN NORMANDIE -","isPartOf":{"@id":"https:\/\/www.frederic-poitou.com\/blog\/#website"},"primaryImageOfPage":{"@id":"https:\/\/www.frederic-poitou.com\/blog\/1er-colloque-de-leau-normandie\/#primaryimage"},"image":{"@id":"https:\/\/www.frederic-poitou.com\/blog\/1er-colloque-de-leau-normandie\/#primaryimage"},"thumbnailUrl":"https:\/\/www.frederic-poitou.com\/blog\/wp-content\/2016\/10\/logo13-2.jpeg","datePublished":"2023-07-13T20:24:32+00:00","dateModified":"2026-04-13T19:30:56+00:00","author":{"@id":"https:\/\/www.frederic-poitou.com\/blog\/#\/schema\/person\/e2c2d05e978747818533fdce859a7799"},"breadcrumb":{"@id":"https:\/\/www.frederic-poitou.com\/blog\/1er-colloque-de-leau-normandie\/#breadcrumb"},"inLanguage":"fr-FR","potentialAction":[{"@type":"ReadAction","target":["https:\/\/www.frederic-poitou.com\/blog\/1er-colloque-de-leau-normandie\/"]}]},{"@type":"ImageObject","inLanguage":"fr-FR","@id":"https:\/\/www.frederic-poitou.com\/blog\/1er-colloque-de-leau-normandie\/#primaryimage","url":"https:\/\/www.frederic-poitou.com\/blog\/wp-content\/2016\/10\/logo13-2.jpeg","contentUrl":"https:\/\/www.frederic-poitou.com\/blog\/wp-content\/2016\/10\/logo13-2.jpeg","width":485,"height":341},{"@type":"BreadcrumbList","@id":"https:\/\/www.frederic-poitou.com\/blog\/1er-colloque-de-leau-normandie\/#breadcrumb","itemListElement":[{"@type":"ListItem","position":1,"name":"Accueil","item":"https:\/\/www.frederic-poitou.com\/blog\/"},{"@type":"ListItem","position":2,"name":"1ER COLLOQUE DE L&rsquo;EAU EN NORMANDIE"}]},{"@type":"WebSite","@id":"https:\/\/www.frederic-poitou.com\/blog\/#website","url":"https:\/\/www.frederic-poitou.com\/blog\/","name":"","description":"","potentialAction":[{"@type":"SearchAction","target":{"@type":"EntryPoint","urlTemplate":"https:\/\/www.frederic-poitou.com\/blog\/?s={search_term_string}"},"query-input":{"@type":"PropertyValueSpecification","valueRequired":true,"valueName":"search_term_string"}}],"inLanguage":"fr-FR"},{"@type":"Person","@id":"https:\/\/www.frederic-poitou.com\/blog\/#\/schema\/person\/e2c2d05e978747818533fdce859a7799","name":"Fr\u00e9d\u00e9ric Poitou","image":{"@type":"ImageObject","inLanguage":"fr-FR","@id":"https:\/\/www.frederic-poitou.com\/blog\/#\/schema\/person\/image\/","url":"https:\/\/secure.gravatar.com\/avatar\/1933bcca279a2feafd35d9e0a080c521e11beb51115fe4cfe02e2586ac13424a?s=96&d=mm&r=g","contentUrl":"https:\/\/secure.gravatar.com\/avatar\/1933bcca279a2feafd35d9e0a080c521e11beb51115fe4cfe02e2586ac13424a?s=96&d=mm&r=g","caption":"Fr\u00e9d\u00e9ric Poitou"},"description":"Fr\u00e9d\u00e9ric Poitou est n\u00e9 \u00e0 Rouen, et y a fait des \u00e9tudes au Conservatoire en musique-\u00e9tudes en section piano. Il s'est ensuite orient\u00e9 vers des \u00e9tudes scientifiques o\u00f9 il a obtenu un dipl\u00f4me d'ing\u00e9nieur, puis un doctorat en Chimie. Il est Expert Judiciaire en France, en Belgique et \u00e0 Luxembourg, et agr\u00e9e par les Institutions Europ\u00e9ennes.","sameAs":["http:\/\/www.frederic-poitou.com","https:\/\/www.linkedin.com\/in\/frederic-poitou-b045a025\/"]}]}},"_links":{"self":[{"href":"https:\/\/www.frederic-poitou.com\/blog\/wp-json\/wp\/v2\/posts\/6947","targetHints":{"allow":["GET"]}}],"collection":[{"href":"https:\/\/www.frederic-poitou.com\/blog\/wp-json\/wp\/v2\/posts"}],"about":[{"href":"https:\/\/www.frederic-poitou.com\/blog\/wp-json\/wp\/v2\/types\/post"}],"author":[{"embeddable":true,"href":"https:\/\/www.frederic-poitou.com\/blog\/wp-json\/wp\/v2\/users\/4"}],"replies":[{"embeddable":true,"href":"https:\/\/www.frederic-poitou.com\/blog\/wp-json\/wp\/v2\/comments?post=6947"}],"version-history":[{"count":1,"href":"https:\/\/www.frederic-poitou.com\/blog\/wp-json\/wp\/v2\/posts\/6947\/revisions"}],"predecessor-version":[{"id":8784,"href":"https:\/\/www.frederic-poitou.com\/blog\/wp-json\/wp\/v2\/posts\/6947\/revisions\/8784"}],"wp:featuredmedia":[{"embeddable":true,"href":"https:\/\/www.frederic-poitou.com\/blog\/wp-json\/wp\/v2\/media\/6948"}],"wp:attachment":[{"href":"https:\/\/www.frederic-poitou.com\/blog\/wp-json\/wp\/v2\/media?parent=6947"}],"wp:term":[{"taxonomy":"category","embeddable":true,"href":"https:\/\/www.frederic-poitou.com\/blog\/wp-json\/wp\/v2\/categories?post=6947"},{"taxonomy":"post_tag","embeddable":true,"href":"https:\/\/www.frederic-poitou.com\/blog\/wp-json\/wp\/v2\/tags?post=6947"}],"curies":[{"name":"wp","href":"https:\/\/api.w.org\/{rel}","templated":true}]}}