{"id":6889,"date":"2023-07-14T00:24:32","date_gmt":"2023-07-13T22:24:32","guid":{"rendered":"http:\/\/www.frederic-poitou.com\/blog\/?p=6889"},"modified":"2026-04-14T09:22:55","modified_gmt":"2026-04-14T07:22:55","slug":"labolition","status":"publish","type":"post","link":"https:\/\/www.frederic-poitou.com\/blog\/labolition\/","title":{"rendered":"L&rsquo;ABOLITION"},"content":{"rendered":"<p>Il y a 35 ans, c&rsquo;\u00e9tait l&rsquo;abolition de la peine de mort. Un vrai, grand et beau progr\u00e8s soci\u00e9tal, qui ne faisait que nous remettre en phase avec le cours du Monde, la France restant alors quasiment le dernier pays \u00ab\u00a0d\u00e9velopp\u00e9\u00a0\u00bb o\u00f9 elle existait encore.<\/p>\n<p>Ceux qui, comme moi, ont \u00e9t\u00e9 jur\u00e9 d&rsquo;Assise un jour dans leur vie savent la pression existentielle terrible qu&rsquo;aurait repr\u00e9sent\u00e9 l&rsquo;\u00e9ventualit\u00e9 de devoir voter un tel verdict.<\/p>\n<p>Merci Monsieur Mitterrand, juste pour \u00e7a. Merci Monsieur<span class=\"text_exposed_show\"> Badinter pour la dimension de votre intervention. Le pays des Lumi\u00e8res ne pouvait pas se satisfaire de la situation d&rsquo;avant 81 qui faisait tache \u00e0 l&rsquo;ambition universaliste dont se targuent les fran\u00e7ais dont le r\u00e9f\u00e9rentiel \u00e9ducatif est, depuis leurs plus jeunes \u00e2ges, la d\u00e9claration des Droits de l&rsquo;Homme.<\/span><\/p>\n<div class=\"text_exposed_show\">\n<p>Les grands hommes nous manquent.<\/p>\n<p>Les grandes id\u00e9es ne sont pas de droite, pas de gauche, elles sont Universelles et alimentent le progr\u00e8s d&rsquo;une soci\u00e9t\u00e9 \u00e0 l&rsquo;aune de laquelle elle se construit, se f\u00e9d\u00e8re, se grandit, s&rsquo;\u00e9l\u00e8ve. il suffit d&rsquo;oser braver les rigidit\u00e9s des conservatismes les plus r\u00e9actionnaires.<\/p>\n<p>&nbsp;<\/p>\n<div class=\"\" data-offset-key=\"9sash-0-0\" data-editor=\"fvs3a\" data-block=\"true\">\n<div class=\"_1mf _1mj\" data-offset-key=\"9sash-0-0\"><em><span data-offset-key=\"9sash-0-0\"><span data-text=\"true\">\u00ab\u00a0La peine de mort est contraire \u00e0 ce que l&rsquo;homme a depuis 2000 ans r\u00eave de plus noble, contraire \u00e0 l&rsquo;esprit du christianisme et de la r\u00e9volution&#8230;il n&rsquo;a jamais \u00e9t\u00e9 \u00e9tabli de corr\u00e9lation quelconque entre l&rsquo;existence de la peine de mort et la courbe de criminalit\u00e9 &#8230;la mort et la souffrance des victimes appelle en contre partie le sacrifice expiatoire. conviction d&rsquo;une justice sure de son infaillibilit\u00e9\u00a0\u00bb<\/span><\/span><\/em><\/div>\n<\/div>\n<div class=\"\" data-offset-key=\"53jk3-0-0\" data-editor=\"fvs3a\" data-block=\"true\"><\/div>\n<div class=\"entry-content-asset videofit\"><iframe loading=\"lazy\" title=\"D\u00e9bat \u00e0 l&#039;assembl\u00e9e nationale sur peine de mort | Archive INA\" width=\"500\" height=\"375\" src=\"https:\/\/www.youtube.com\/embed\/phXrP56fr6I?feature=oembed\" frameborder=\"0\" allow=\"accelerometer; autoplay; clipboard-write; encrypted-media; gyroscope; picture-in-picture; web-share\" referrerpolicy=\"strict-origin-when-cross-origin\" allowfullscreen><\/iframe><\/div>\n<\/div>\n<p>&nbsp;<\/p>\n<p>&nbsp;<\/p>\n<p>&nbsp;<\/p>\n<p><img loading=\"lazy\" decoding=\"async\" class=\"alignleft size-full wp-image-6891\" src=\"http:\/\/www.frederic-poitou.com\/blog\/wp-content\/2016\/09\/14424878_1092709297450187_1303142307583097827_o.jpg\" alt=\"14424878_1092709297450187_1303142307583097827_o\" width=\"2048\" height=\"1365\" srcset=\"https:\/\/www.frederic-poitou.com\/blog\/wp-content\/2016\/09\/14424878_1092709297450187_1303142307583097827_o.jpg 2048w, https:\/\/www.frederic-poitou.com\/blog\/wp-content\/2016\/09\/14424878_1092709297450187_1303142307583097827_o-300x200.jpg 300w, https:\/\/www.frederic-poitou.com\/blog\/wp-content\/2016\/09\/14424878_1092709297450187_1303142307583097827_o-1024x683.jpg 1024w\" sizes=\"auto, (max-width: 2048px) 100vw, 2048px\" \/> <img loading=\"lazy\" decoding=\"async\" class=\"alignleft size-full wp-image-6892\" src=\"http:\/\/www.frederic-poitou.com\/blog\/wp-content\/2016\/09\/14435022_1092709504116833_5907610823936642834_o.jpg\" alt=\"14435022_1092709504116833_5907610823936642834_o\" width=\"2048\" height=\"1365\" srcset=\"https:\/\/www.frederic-poitou.com\/blog\/wp-content\/2016\/09\/14435022_1092709504116833_5907610823936642834_o.jpg 2048w, https:\/\/www.frederic-poitou.com\/blog\/wp-content\/2016\/09\/14435022_1092709504116833_5907610823936642834_o-300x200.jpg 300w, https:\/\/www.frederic-poitou.com\/blog\/wp-content\/2016\/09\/14435022_1092709504116833_5907610823936642834_o-1024x683.jpg 1024w\" sizes=\"auto, (max-width: 2048px) 100vw, 2048px\" \/> <img loading=\"lazy\" decoding=\"async\" class=\"alignleft size-full wp-image-6893\" src=\"http:\/\/www.frederic-poitou.com\/blog\/wp-content\/2016\/09\/14468354_1092709414116842_49914705762001546_o.jpg\" alt=\"14468354_1092709414116842_49914705762001546_o\" width=\"2048\" height=\"1365\" srcset=\"https:\/\/www.frederic-poitou.com\/blog\/wp-content\/2016\/09\/14468354_1092709414116842_49914705762001546_o.jpg 2048w, https:\/\/www.frederic-poitou.com\/blog\/wp-content\/2016\/09\/14468354_1092709414116842_49914705762001546_o-300x200.jpg 300w, https:\/\/www.frederic-poitou.com\/blog\/wp-content\/2016\/09\/14468354_1092709414116842_49914705762001546_o-1024x683.jpg 1024w\" sizes=\"auto, (max-width: 2048px) 100vw, 2048px\" \/> <img loading=\"lazy\" decoding=\"async\" class=\"alignleft size-full wp-image-6894\" src=\"http:\/\/www.frederic-poitou.com\/blog\/wp-content\/2016\/09\/14481919_1092709387450178_749259293406268877_o.jpg\" alt=\"14481919_1092709387450178_749259293406268877_o\" width=\"2048\" height=\"1365\" srcset=\"https:\/\/www.frederic-poitou.com\/blog\/wp-content\/2016\/09\/14481919_1092709387450178_749259293406268877_o.jpg 2048w, https:\/\/www.frederic-poitou.com\/blog\/wp-content\/2016\/09\/14481919_1092709387450178_749259293406268877_o-300x200.jpg 300w, https:\/\/www.frederic-poitou.com\/blog\/wp-content\/2016\/09\/14481919_1092709387450178_749259293406268877_o-1024x683.jpg 1024w\" sizes=\"auto, (max-width: 2048px) 100vw, 2048px\" \/><\/p>\n","protected":false},"excerpt":{"rendered":"<p>Il y a 35 ans, c&rsquo;\u00e9tait l&rsquo;abolition de la peine de mort. Un vrai, grand et beau progr\u00e8s soci\u00e9tal, qui ne faisait que nous remettre en phase avec le cours du Monde, la France restant alors quasiment le dernier pays &hellip; <a href=\"https:\/\/www.frederic-poitou.com\/blog\/labolition\/\">Lire la suite\u00ad\u00ad<\/a><\/p>\n","protected":false},"author":4,"featured_media":6890,"comment_status":"closed","ping_status":"open","sticky":false,"template":"","format":"standard","meta":{"kt_blocks_editor_width":"","_exactmetrics_skip_tracking":false,"_exactmetrics_sitenote_active":false,"_exactmetrics_sitenote_note":"","_exactmetrics_sitenote_category":0,"footnotes":""},"categories":[51,54],"tags":[],"class_list":["post-6889","post","type-post","status-publish","format-standard","has-post-thumbnail","hentry","category-politique","category-societe"],"yoast_head":"<!-- This site is optimized with the Yoast SEO plugin v27.1.1 - https:\/\/yoast.com\/product\/yoast-seo-wordpress\/ -->\n<title>L&#039;ABOLITION -<\/title>\n<meta name=\"robots\" content=\"index, follow, max-snippet:-1, max-image-preview:large, max-video-preview:-1\" \/>\n<link rel=\"canonical\" href=\"https:\/\/www.frederic-poitou.com\/blog\/labolition\/\" \/>\n<meta property=\"og:locale\" content=\"fr_FR\" \/>\n<meta property=\"og:type\" content=\"article\" \/>\n<meta property=\"og:title\" content=\"L&#039;ABOLITION -\" \/>\n<meta property=\"og:description\" content=\"Il y a 35 ans, c&rsquo;\u00e9tait l&rsquo;abolition de la peine de mort. Un vrai, grand et beau progr\u00e8s soci\u00e9tal, qui ne faisait que nous remettre en phase avec le cours du Monde, la France restant alors quasiment le dernier pays &hellip; Lire la suite\u00ad\u00ad\" \/>\n<meta property=\"og:url\" content=\"https:\/\/www.frederic-poitou.com\/blog\/labolition\/\" \/>\n<meta property=\"article:publisher\" content=\"https:\/\/www.facebook.com\/frederic.poitou\/\" \/>\n<meta property=\"article:published_time\" content=\"2023-07-13T22:24:32+00:00\" \/>\n<meta property=\"article:modified_time\" content=\"2026-04-14T07:22:55+00:00\" \/>\n<meta property=\"og:image\" content=\"https:\/\/www.frederic-poitou.com\/blog\/wp-content\/2016\/09\/Badinter.jpeg\" \/>\n\t<meta property=\"og:image:width\" content=\"830\" \/>\n\t<meta property=\"og:image:height\" content=\"828\" \/>\n\t<meta property=\"og:image:type\" content=\"image\/jpeg\" \/>\n<meta name=\"author\" content=\"Fr\u00e9d\u00e9ric Poitou\" \/>\n<meta name=\"twitter:card\" content=\"summary_large_image\" \/>\n<meta name=\"twitter:creator\" content=\"@fredericpoitou\" \/>\n<meta name=\"twitter:site\" content=\"@fredericpoitou\" \/>\n<meta name=\"twitter:label1\" content=\"\u00c9crit par\" \/>\n\t<meta name=\"twitter:data1\" content=\"Fr\u00e9d\u00e9ric Poitou\" \/>\n\t<meta name=\"twitter:label2\" content=\"Dur\u00e9e de lecture estim\u00e9e\" \/>\n\t<meta name=\"twitter:data2\" content=\"1 minute\" \/>\n<script type=\"application\/ld+json\" class=\"yoast-schema-graph\">{\"@context\":\"https:\/\/schema.org\",\"@graph\":[{\"@type\":\"Article\",\"@id\":\"https:\/\/www.frederic-poitou.com\/blog\/labolition\/#article\",\"isPartOf\":{\"@id\":\"https:\/\/www.frederic-poitou.com\/blog\/labolition\/\"},\"author\":{\"name\":\"Fr\u00e9d\u00e9ric Poitou\",\"@id\":\"https:\/\/www.frederic-poitou.com\/blog\/#\/schema\/person\/e2c2d05e978747818533fdce859a7799\"},\"headline\":\"L&rsquo;ABOLITION\",\"datePublished\":\"2023-07-13T22:24:32+00:00\",\"dateModified\":\"2026-04-14T07:22:55+00:00\",\"mainEntityOfPage\":{\"@id\":\"https:\/\/www.frederic-poitou.com\/blog\/labolition\/\"},\"wordCount\":286,\"image\":{\"@id\":\"https:\/\/www.frederic-poitou.com\/blog\/labolition\/#primaryimage\"},\"thumbnailUrl\":\"https:\/\/www.frederic-poitou.com\/blog\/wp-content\/2016\/09\/Badinter.jpeg\",\"articleSection\":[\"Politique\",\"Soci\u00e9t\u00e9\"],\"inLanguage\":\"fr-FR\"},{\"@type\":\"WebPage\",\"@id\":\"https:\/\/www.frederic-poitou.com\/blog\/labolition\/\",\"url\":\"https:\/\/www.frederic-poitou.com\/blog\/labolition\/\",\"name\":\"L'ABOLITION -\",\"isPartOf\":{\"@id\":\"https:\/\/www.frederic-poitou.com\/blog\/#website\"},\"primaryImageOfPage\":{\"@id\":\"https:\/\/www.frederic-poitou.com\/blog\/labolition\/#primaryimage\"},\"image\":{\"@id\":\"https:\/\/www.frederic-poitou.com\/blog\/labolition\/#primaryimage\"},\"thumbnailUrl\":\"https:\/\/www.frederic-poitou.com\/blog\/wp-content\/2016\/09\/Badinter.jpeg\",\"datePublished\":\"2023-07-13T22:24:32+00:00\",\"dateModified\":\"2026-04-14T07:22:55+00:00\",\"author\":{\"@id\":\"https:\/\/www.frederic-poitou.com\/blog\/#\/schema\/person\/e2c2d05e978747818533fdce859a7799\"},\"breadcrumb\":{\"@id\":\"https:\/\/www.frederic-poitou.com\/blog\/labolition\/#breadcrumb\"},\"inLanguage\":\"fr-FR\",\"potentialAction\":[{\"@type\":\"ReadAction\",\"target\":[\"https:\/\/www.frederic-poitou.com\/blog\/labolition\/\"]}]},{\"@type\":\"ImageObject\",\"inLanguage\":\"fr-FR\",\"@id\":\"https:\/\/www.frederic-poitou.com\/blog\/labolition\/#primaryimage\",\"url\":\"https:\/\/www.frederic-poitou.com\/blog\/wp-content\/2016\/09\/Badinter.jpeg\",\"contentUrl\":\"https:\/\/www.frederic-poitou.com\/blog\/wp-content\/2016\/09\/Badinter.jpeg\",\"width\":830,\"height\":828},{\"@type\":\"BreadcrumbList\",\"@id\":\"https:\/\/www.frederic-poitou.com\/blog\/labolition\/#breadcrumb\",\"itemListElement\":[{\"@type\":\"ListItem\",\"position\":1,\"name\":\"Accueil\",\"item\":\"https:\/\/www.frederic-poitou.com\/blog\/\"},{\"@type\":\"ListItem\",\"position\":2,\"name\":\"L&rsquo;ABOLITION\"}]},{\"@type\":\"WebSite\",\"@id\":\"https:\/\/www.frederic-poitou.com\/blog\/#website\",\"url\":\"https:\/\/www.frederic-poitou.com\/blog\/\",\"name\":\"\",\"description\":\"\",\"potentialAction\":[{\"@type\":\"SearchAction\",\"target\":{\"@type\":\"EntryPoint\",\"urlTemplate\":\"https:\/\/www.frederic-poitou.com\/blog\/?s={search_term_string}\"},\"query-input\":{\"@type\":\"PropertyValueSpecification\",\"valueRequired\":true,\"valueName\":\"search_term_string\"}}],\"inLanguage\":\"fr-FR\"},{\"@type\":\"Person\",\"@id\":\"https:\/\/www.frederic-poitou.com\/blog\/#\/schema\/person\/e2c2d05e978747818533fdce859a7799\",\"name\":\"Fr\u00e9d\u00e9ric Poitou\",\"image\":{\"@type\":\"ImageObject\",\"inLanguage\":\"fr-FR\",\"@id\":\"https:\/\/www.frederic-poitou.com\/blog\/#\/schema\/person\/image\/\",\"url\":\"https:\/\/secure.gravatar.com\/avatar\/1933bcca279a2feafd35d9e0a080c521e11beb51115fe4cfe02e2586ac13424a?s=96&d=mm&r=g\",\"contentUrl\":\"https:\/\/secure.gravatar.com\/avatar\/1933bcca279a2feafd35d9e0a080c521e11beb51115fe4cfe02e2586ac13424a?s=96&d=mm&r=g\",\"caption\":\"Fr\u00e9d\u00e9ric Poitou\"},\"description\":\"Fr\u00e9d\u00e9ric Poitou est n\u00e9 \u00e0 Rouen, et y a fait des \u00e9tudes au Conservatoire en musique-\u00e9tudes en section piano. Il s'est ensuite orient\u00e9 vers des \u00e9tudes scientifiques o\u00f9 il a obtenu un dipl\u00f4me d'ing\u00e9nieur, puis un doctorat en Chimie. Il est Expert Judiciaire en France, en Belgique et \u00e0 Luxembourg, et agr\u00e9e par les Institutions Europ\u00e9ennes.\",\"sameAs\":[\"http:\/\/www.frederic-poitou.com\",\"https:\/\/www.linkedin.com\/in\/frederic-poitou-b045a025\/\"]}]}<\/script>\n<!-- \/ Yoast SEO plugin. -->","yoast_head_json":{"title":"L'ABOLITION -","robots":{"index":"index","follow":"follow","max-snippet":"max-snippet:-1","max-image-preview":"max-image-preview:large","max-video-preview":"max-video-preview:-1"},"canonical":"https:\/\/www.frederic-poitou.com\/blog\/labolition\/","og_locale":"fr_FR","og_type":"article","og_title":"L'ABOLITION -","og_description":"Il y a 35 ans, c&rsquo;\u00e9tait l&rsquo;abolition de la peine de mort. Un vrai, grand et beau progr\u00e8s soci\u00e9tal, qui ne faisait que nous remettre en phase avec le cours du Monde, la France restant alors quasiment le dernier pays &hellip; Lire la suite\u00ad\u00ad","og_url":"https:\/\/www.frederic-poitou.com\/blog\/labolition\/","article_publisher":"https:\/\/www.facebook.com\/frederic.poitou\/","article_published_time":"2023-07-13T22:24:32+00:00","article_modified_time":"2026-04-14T07:22:55+00:00","og_image":[{"width":830,"height":828,"url":"https:\/\/www.frederic-poitou.com\/blog\/wp-content\/2016\/09\/Badinter.jpeg","type":"image\/jpeg"}],"author":"Fr\u00e9d\u00e9ric Poitou","twitter_card":"summary_large_image","twitter_creator":"@fredericpoitou","twitter_site":"@fredericpoitou","twitter_misc":{"\u00c9crit par":"Fr\u00e9d\u00e9ric Poitou","Dur\u00e9e de lecture estim\u00e9e":"1 minute"},"schema":{"@context":"https:\/\/schema.org","@graph":[{"@type":"Article","@id":"https:\/\/www.frederic-poitou.com\/blog\/labolition\/#article","isPartOf":{"@id":"https:\/\/www.frederic-poitou.com\/blog\/labolition\/"},"author":{"name":"Fr\u00e9d\u00e9ric Poitou","@id":"https:\/\/www.frederic-poitou.com\/blog\/#\/schema\/person\/e2c2d05e978747818533fdce859a7799"},"headline":"L&rsquo;ABOLITION","datePublished":"2023-07-13T22:24:32+00:00","dateModified":"2026-04-14T07:22:55+00:00","mainEntityOfPage":{"@id":"https:\/\/www.frederic-poitou.com\/blog\/labolition\/"},"wordCount":286,"image":{"@id":"https:\/\/www.frederic-poitou.com\/blog\/labolition\/#primaryimage"},"thumbnailUrl":"https:\/\/www.frederic-poitou.com\/blog\/wp-content\/2016\/09\/Badinter.jpeg","articleSection":["Politique","Soci\u00e9t\u00e9"],"inLanguage":"fr-FR"},{"@type":"WebPage","@id":"https:\/\/www.frederic-poitou.com\/blog\/labolition\/","url":"https:\/\/www.frederic-poitou.com\/blog\/labolition\/","name":"L'ABOLITION -","isPartOf":{"@id":"https:\/\/www.frederic-poitou.com\/blog\/#website"},"primaryImageOfPage":{"@id":"https:\/\/www.frederic-poitou.com\/blog\/labolition\/#primaryimage"},"image":{"@id":"https:\/\/www.frederic-poitou.com\/blog\/labolition\/#primaryimage"},"thumbnailUrl":"https:\/\/www.frederic-poitou.com\/blog\/wp-content\/2016\/09\/Badinter.jpeg","datePublished":"2023-07-13T22:24:32+00:00","dateModified":"2026-04-14T07:22:55+00:00","author":{"@id":"https:\/\/www.frederic-poitou.com\/blog\/#\/schema\/person\/e2c2d05e978747818533fdce859a7799"},"breadcrumb":{"@id":"https:\/\/www.frederic-poitou.com\/blog\/labolition\/#breadcrumb"},"inLanguage":"fr-FR","potentialAction":[{"@type":"ReadAction","target":["https:\/\/www.frederic-poitou.com\/blog\/labolition\/"]}]},{"@type":"ImageObject","inLanguage":"fr-FR","@id":"https:\/\/www.frederic-poitou.com\/blog\/labolition\/#primaryimage","url":"https:\/\/www.frederic-poitou.com\/blog\/wp-content\/2016\/09\/Badinter.jpeg","contentUrl":"https:\/\/www.frederic-poitou.com\/blog\/wp-content\/2016\/09\/Badinter.jpeg","width":830,"height":828},{"@type":"BreadcrumbList","@id":"https:\/\/www.frederic-poitou.com\/blog\/labolition\/#breadcrumb","itemListElement":[{"@type":"ListItem","position":1,"name":"Accueil","item":"https:\/\/www.frederic-poitou.com\/blog\/"},{"@type":"ListItem","position":2,"name":"L&rsquo;ABOLITION"}]},{"@type":"WebSite","@id":"https:\/\/www.frederic-poitou.com\/blog\/#website","url":"https:\/\/www.frederic-poitou.com\/blog\/","name":"","description":"","potentialAction":[{"@type":"SearchAction","target":{"@type":"EntryPoint","urlTemplate":"https:\/\/www.frederic-poitou.com\/blog\/?s={search_term_string}"},"query-input":{"@type":"PropertyValueSpecification","valueRequired":true,"valueName":"search_term_string"}}],"inLanguage":"fr-FR"},{"@type":"Person","@id":"https:\/\/www.frederic-poitou.com\/blog\/#\/schema\/person\/e2c2d05e978747818533fdce859a7799","name":"Fr\u00e9d\u00e9ric Poitou","image":{"@type":"ImageObject","inLanguage":"fr-FR","@id":"https:\/\/www.frederic-poitou.com\/blog\/#\/schema\/person\/image\/","url":"https:\/\/secure.gravatar.com\/avatar\/1933bcca279a2feafd35d9e0a080c521e11beb51115fe4cfe02e2586ac13424a?s=96&d=mm&r=g","contentUrl":"https:\/\/secure.gravatar.com\/avatar\/1933bcca279a2feafd35d9e0a080c521e11beb51115fe4cfe02e2586ac13424a?s=96&d=mm&r=g","caption":"Fr\u00e9d\u00e9ric Poitou"},"description":"Fr\u00e9d\u00e9ric Poitou est n\u00e9 \u00e0 Rouen, et y a fait des \u00e9tudes au Conservatoire en musique-\u00e9tudes en section piano. Il s'est ensuite orient\u00e9 vers des \u00e9tudes scientifiques o\u00f9 il a obtenu un dipl\u00f4me d'ing\u00e9nieur, puis un doctorat en Chimie. Il est Expert Judiciaire en France, en Belgique et \u00e0 Luxembourg, et agr\u00e9e par les Institutions Europ\u00e9ennes.","sameAs":["http:\/\/www.frederic-poitou.com","https:\/\/www.linkedin.com\/in\/frederic-poitou-b045a025\/"]}]}},"_links":{"self":[{"href":"https:\/\/www.frederic-poitou.com\/blog\/wp-json\/wp\/v2\/posts\/6889","targetHints":{"allow":["GET"]}}],"collection":[{"href":"https:\/\/www.frederic-poitou.com\/blog\/wp-json\/wp\/v2\/posts"}],"about":[{"href":"https:\/\/www.frederic-poitou.com\/blog\/wp-json\/wp\/v2\/types\/post"}],"author":[{"embeddable":true,"href":"https:\/\/www.frederic-poitou.com\/blog\/wp-json\/wp\/v2\/users\/4"}],"replies":[{"embeddable":true,"href":"https:\/\/www.frederic-poitou.com\/blog\/wp-json\/wp\/v2\/comments?post=6889"}],"version-history":[{"count":1,"href":"https:\/\/www.frederic-poitou.com\/blog\/wp-json\/wp\/v2\/posts\/6889\/revisions"}],"predecessor-version":[{"id":8785,"href":"https:\/\/www.frederic-poitou.com\/blog\/wp-json\/wp\/v2\/posts\/6889\/revisions\/8785"}],"wp:featuredmedia":[{"embeddable":true,"href":"https:\/\/www.frederic-poitou.com\/blog\/wp-json\/wp\/v2\/media\/6890"}],"wp:attachment":[{"href":"https:\/\/www.frederic-poitou.com\/blog\/wp-json\/wp\/v2\/media?parent=6889"}],"wp:term":[{"taxonomy":"category","embeddable":true,"href":"https:\/\/www.frederic-poitou.com\/blog\/wp-json\/wp\/v2\/categories?post=6889"},{"taxonomy":"post_tag","embeddable":true,"href":"https:\/\/www.frederic-poitou.com\/blog\/wp-json\/wp\/v2\/tags?post=6889"}],"curies":[{"name":"wp","href":"https:\/\/api.w.org\/{rel}","templated":true}]}}