{"id":6826,"date":"2023-07-14T15:10:32","date_gmt":"2023-07-14T13:10:32","guid":{"rendered":"http:\/\/www.frederic-poitou.com\/blog\/?p=6826"},"modified":"2026-04-21T03:28:41","modified_gmt":"2026-04-21T01:28:41","slug":"intelligence-collective","status":"publish","type":"post","link":"https:\/\/www.frederic-poitou.com\/blog\/intelligence-collective\/","title":{"rendered":"INTELLIGENCE COLLECTIVE"},"content":{"rendered":"<p>L&rsquo;intelligence collective d\u00e9signe les capacit\u00e9s cognitives d&rsquo;une communaut\u00e9 dont l&rsquo;origine est la somme des contributions de ses membres, chaque membre n&rsquo;ayant de la probl\u00e9matique \u00e0 r\u00e9soudre qu&rsquo;une perception partielle, voire parcellaire.<\/p>\n<p>Par une succession d&rsquo;actions simples, que l&rsquo;on peut consid\u00e9rer comme des unit\u00e9s d&rsquo;actions, la communaut\u00e9 parvient \u00e0 un r\u00e9sultat sup\u00e9rieur \u00e0 la somme de ses \u00e9nergies unitaires.<\/p>\n<p>Son illustration est la capacit\u00e9 qu&rsquo;ont les fourmis de cr\u00e9er des <span class=\"text_exposed_show\">ponts leur permettant de franchir des obstacles qu&rsquo;il leur seraient impossibles de d\u00e9passer seules.<\/span><\/p>\n<div class=\"text_exposed_show\">\n<p>Il ne s&rsquo;agit pas de solidarit\u00e9, puisque l&rsquo;ensemble des contributeurs met \u00e0 la disposition de la soci\u00e9t\u00e9 sa contribution dans l&rsquo;int\u00e9r\u00eat commun, pas dans un int\u00e9r\u00eat particulier.<\/p>\n<p>Il ne s&rsquo;agit pas non plus de mutualisation, o\u00f9 l&rsquo;on met en commun des ressources mat\u00e9rielles. Non, l&rsquo;intelligence collective est d\u00e9mat\u00e9rialis\u00e9e.<\/p>\n<p>Faites l&rsquo;exp\u00e9rience, si un jour vous participez \u00e0 une assembl\u00e9e d\u00e9lib\u00e9rative, ou \u00e0 un groupe sp\u00e9culatif dont l&rsquo;objet est de faire progresser la r\u00e9flexion sur un sujet pr\u00e9cis, ou de prendre une d\u00e9cision ouverte.<\/p>\n<p>Vous avez une id\u00e9e, mais vous ne savez pas si elle est bonne ?<br \/>\nTr\u00e8s simple, ne dites rien. Si l&rsquo;id\u00e9e \u00e9tait bonne, elle \u00e9mergera naturellement de la r\u00e9flexion collective.<\/p>\n<p>Tout l&rsquo;inverse de cette propension qu&rsquo;ont les politiques d&rsquo;une autre g\u00e9n\u00e9ration, celle de la droite bonapartiste dont le principal mode de fonctionnement est que lorsque le chef a dit, les soldats ex\u00e9cutent le doigt sur la couture du pantalon.<\/p>\n<p>Cette droite est r\u00e9volue, morte avec les restes de la grandeur pass\u00e9e de notre pays, devenu &#8211; et c&rsquo;est in\u00e9luctable au regard de la croissance des \u00e9mergents du quarteron factieux (BRIC : Br\u00e9sil, Russie, Inde, Chine), bient\u00f4t rejoints par l&rsquo;Afrique du Sud.<\/p>\n<p>La droite doit faire sa r\u00e9volution pour devenir d\u00e9lib\u00e9rative, collaborative, permettant l&rsquo;\u00e9mergence de r\u00e9flexions collectives utiles \u00e0 l&rsquo;ensemble du groupe.<\/p>\n<p>Contester, r\u00e9fl\u00e9chir, regarder l&rsquo;astre plut\u00f4t que le doigt, apprendre de l&rsquo;autre, communiquer, inventer, s&rsquo;opposer, refuser ce que l&rsquo;pn consid\u00e8re comme \u00e9tant l&rsquo;in\u00e9luctable.<\/p>\n<p>Toute une \u00e9volution \u00e0 prendre en compte, pourquoi pas pour la campagne des primaires \u00e0 droite ?<\/p>\n<\/div>\n","protected":false},"excerpt":{"rendered":"<p>L&rsquo;intelligence collective d\u00e9signe les capacit\u00e9s cognitives d&rsquo;une communaut\u00e9 dont l&rsquo;origine est la somme des contributions de ses membres, chaque membre n&rsquo;ayant de la probl\u00e9matique \u00e0 r\u00e9soudre qu&rsquo;une perception partielle, voire parcellaire. Par une succession d&rsquo;actions simples, que l&rsquo;on peut consid\u00e9rer &hellip; <a href=\"https:\/\/www.frederic-poitou.com\/blog\/intelligence-collective\/\">Lire la suite\u00ad\u00ad<\/a><\/p>\n","protected":false},"author":4,"featured_media":6834,"comment_status":"closed","ping_status":"open","sticky":false,"template":"","format":"standard","meta":{"kt_blocks_editor_width":"","_exactmetrics_skip_tracking":false,"_exactmetrics_sitenote_active":false,"_exactmetrics_sitenote_note":"","_exactmetrics_sitenote_category":0,"footnotes":""},"categories":[51,54],"tags":[],"class_list":["post-6826","post","type-post","status-publish","format-standard","has-post-thumbnail","hentry","category-politique","category-societe"],"yoast_head":"<!-- This site is optimized with the Yoast SEO plugin v27.1.1 - https:\/\/yoast.com\/product\/yoast-seo-wordpress\/ -->\n<title>INTELLIGENCE COLLECTIVE -<\/title>\n<meta name=\"robots\" content=\"index, follow, max-snippet:-1, max-image-preview:large, max-video-preview:-1\" \/>\n<link rel=\"canonical\" href=\"https:\/\/www.frederic-poitou.com\/blog\/intelligence-collective\/\" \/>\n<meta property=\"og:locale\" content=\"fr_FR\" \/>\n<meta property=\"og:type\" content=\"article\" \/>\n<meta property=\"og:title\" content=\"INTELLIGENCE COLLECTIVE -\" \/>\n<meta property=\"og:description\" content=\"L&rsquo;intelligence collective d\u00e9signe les capacit\u00e9s cognitives d&rsquo;une communaut\u00e9 dont l&rsquo;origine est la somme des contributions de ses membres, chaque membre n&rsquo;ayant de la probl\u00e9matique \u00e0 r\u00e9soudre qu&rsquo;une perception partielle, voire parcellaire. Par une succession d&rsquo;actions simples, que l&rsquo;on peut consid\u00e9rer &hellip; Lire la suite\u00ad\u00ad\" \/>\n<meta property=\"og:url\" content=\"https:\/\/www.frederic-poitou.com\/blog\/intelligence-collective\/\" \/>\n<meta property=\"article:publisher\" content=\"https:\/\/www.facebook.com\/frederic.poitou\/\" \/>\n<meta property=\"article:published_time\" content=\"2023-07-14T13:10:32+00:00\" \/>\n<meta property=\"article:modified_time\" content=\"2026-04-21T01:28:41+00:00\" \/>\n<meta property=\"og:image\" content=\"https:\/\/www.frederic-poitou.com\/blog\/wp-content\/2016\/06\/IMG_3721.jpg\" \/>\n\t<meta property=\"og:image:width\" content=\"1070\" \/>\n\t<meta property=\"og:image:height\" content=\"562\" \/>\n\t<meta property=\"og:image:type\" content=\"image\/jpeg\" \/>\n<meta name=\"author\" content=\"Fr\u00e9d\u00e9ric Poitou\" \/>\n<meta name=\"twitter:card\" content=\"summary_large_image\" \/>\n<meta name=\"twitter:creator\" content=\"@fredericpoitou\" \/>\n<meta name=\"twitter:site\" content=\"@fredericpoitou\" \/>\n<meta name=\"twitter:label1\" content=\"\u00c9crit par\" \/>\n\t<meta name=\"twitter:data1\" content=\"Fr\u00e9d\u00e9ric Poitou\" \/>\n\t<meta name=\"twitter:label2\" content=\"Dur\u00e9e de lecture estim\u00e9e\" \/>\n\t<meta name=\"twitter:data2\" content=\"2 minutes\" \/>\n<script type=\"application\/ld+json\" class=\"yoast-schema-graph\">{\"@context\":\"https:\/\/schema.org\",\"@graph\":[{\"@type\":\"Article\",\"@id\":\"https:\/\/www.frederic-poitou.com\/blog\/intelligence-collective\/#article\",\"isPartOf\":{\"@id\":\"https:\/\/www.frederic-poitou.com\/blog\/intelligence-collective\/\"},\"author\":{\"name\":\"Fr\u00e9d\u00e9ric Poitou\",\"@id\":\"http:\/\/www.frederic-poitou.com\/blog\/#\/schema\/person\/e2c2d05e978747818533fdce859a7799\"},\"headline\":\"INTELLIGENCE COLLECTIVE\",\"datePublished\":\"2023-07-14T13:10:32+00:00\",\"dateModified\":\"2026-04-21T01:28:41+00:00\",\"mainEntityOfPage\":{\"@id\":\"https:\/\/www.frederic-poitou.com\/blog\/intelligence-collective\/\"},\"wordCount\":404,\"image\":{\"@id\":\"https:\/\/www.frederic-poitou.com\/blog\/intelligence-collective\/#primaryimage\"},\"thumbnailUrl\":\"https:\/\/www.frederic-poitou.com\/blog\/wp-content\/2016\/06\/IMG_3721.jpg\",\"articleSection\":[\"Politique\",\"Soci\u00e9t\u00e9\"],\"inLanguage\":\"fr-FR\"},{\"@type\":\"WebPage\",\"@id\":\"https:\/\/www.frederic-poitou.com\/blog\/intelligence-collective\/\",\"url\":\"https:\/\/www.frederic-poitou.com\/blog\/intelligence-collective\/\",\"name\":\"INTELLIGENCE COLLECTIVE -\",\"isPartOf\":{\"@id\":\"http:\/\/www.frederic-poitou.com\/blog\/#website\"},\"primaryImageOfPage\":{\"@id\":\"https:\/\/www.frederic-poitou.com\/blog\/intelligence-collective\/#primaryimage\"},\"image\":{\"@id\":\"https:\/\/www.frederic-poitou.com\/blog\/intelligence-collective\/#primaryimage\"},\"thumbnailUrl\":\"https:\/\/www.frederic-poitou.com\/blog\/wp-content\/2016\/06\/IMG_3721.jpg\",\"datePublished\":\"2023-07-14T13:10:32+00:00\",\"dateModified\":\"2026-04-21T01:28:41+00:00\",\"author\":{\"@id\":\"http:\/\/www.frederic-poitou.com\/blog\/#\/schema\/person\/e2c2d05e978747818533fdce859a7799\"},\"breadcrumb\":{\"@id\":\"https:\/\/www.frederic-poitou.com\/blog\/intelligence-collective\/#breadcrumb\"},\"inLanguage\":\"fr-FR\",\"potentialAction\":[{\"@type\":\"ReadAction\",\"target\":[\"https:\/\/www.frederic-poitou.com\/blog\/intelligence-collective\/\"]}]},{\"@type\":\"ImageObject\",\"inLanguage\":\"fr-FR\",\"@id\":\"https:\/\/www.frederic-poitou.com\/blog\/intelligence-collective\/#primaryimage\",\"url\":\"https:\/\/www.frederic-poitou.com\/blog\/wp-content\/2016\/06\/IMG_3721.jpg\",\"contentUrl\":\"https:\/\/www.frederic-poitou.com\/blog\/wp-content\/2016\/06\/IMG_3721.jpg\",\"width\":1070,\"height\":562},{\"@type\":\"BreadcrumbList\",\"@id\":\"https:\/\/www.frederic-poitou.com\/blog\/intelligence-collective\/#breadcrumb\",\"itemListElement\":[{\"@type\":\"ListItem\",\"position\":1,\"name\":\"Accueil\",\"item\":\"http:\/\/www.frederic-poitou.com\/blog\/\"},{\"@type\":\"ListItem\",\"position\":2,\"name\":\"INTELLIGENCE COLLECTIVE\"}]},{\"@type\":\"WebSite\",\"@id\":\"http:\/\/www.frederic-poitou.com\/blog\/#website\",\"url\":\"http:\/\/www.frederic-poitou.com\/blog\/\",\"name\":\"\",\"description\":\"\",\"potentialAction\":[{\"@type\":\"SearchAction\",\"target\":{\"@type\":\"EntryPoint\",\"urlTemplate\":\"http:\/\/www.frederic-poitou.com\/blog\/?s={search_term_string}\"},\"query-input\":{\"@type\":\"PropertyValueSpecification\",\"valueRequired\":true,\"valueName\":\"search_term_string\"}}],\"inLanguage\":\"fr-FR\"},{\"@type\":\"Person\",\"@id\":\"http:\/\/www.frederic-poitou.com\/blog\/#\/schema\/person\/e2c2d05e978747818533fdce859a7799\",\"name\":\"Fr\u00e9d\u00e9ric Poitou\",\"image\":{\"@type\":\"ImageObject\",\"inLanguage\":\"fr-FR\",\"@id\":\"http:\/\/www.frederic-poitou.com\/blog\/#\/schema\/person\/image\/\",\"url\":\"https:\/\/secure.gravatar.com\/avatar\/1933bcca279a2feafd35d9e0a080c521e11beb51115fe4cfe02e2586ac13424a?s=96&d=mm&r=g\",\"contentUrl\":\"https:\/\/secure.gravatar.com\/avatar\/1933bcca279a2feafd35d9e0a080c521e11beb51115fe4cfe02e2586ac13424a?s=96&d=mm&r=g\",\"caption\":\"Fr\u00e9d\u00e9ric Poitou\"},\"description\":\"Fr\u00e9d\u00e9ric Poitou est n\u00e9 \u00e0 Rouen, et y a fait des \u00e9tudes au Conservatoire en musique-\u00e9tudes en section piano. Il s'est ensuite orient\u00e9 vers des \u00e9tudes scientifiques o\u00f9 il a obtenu un dipl\u00f4me d'ing\u00e9nieur, puis un doctorat en Chimie. Il est Expert Judiciaire en France, en Belgique et \u00e0 Luxembourg, et agr\u00e9e par les Institutions Europ\u00e9ennes.\",\"sameAs\":[\"http:\/\/www.frederic-poitou.com\",\"https:\/\/www.linkedin.com\/in\/frederic-poitou-b045a025\/\"]}]}<\/script>\n<!-- \/ Yoast SEO plugin. -->","yoast_head_json":{"title":"INTELLIGENCE COLLECTIVE -","robots":{"index":"index","follow":"follow","max-snippet":"max-snippet:-1","max-image-preview":"max-image-preview:large","max-video-preview":"max-video-preview:-1"},"canonical":"https:\/\/www.frederic-poitou.com\/blog\/intelligence-collective\/","og_locale":"fr_FR","og_type":"article","og_title":"INTELLIGENCE COLLECTIVE -","og_description":"L&rsquo;intelligence collective d\u00e9signe les capacit\u00e9s cognitives d&rsquo;une communaut\u00e9 dont l&rsquo;origine est la somme des contributions de ses membres, chaque membre n&rsquo;ayant de la probl\u00e9matique \u00e0 r\u00e9soudre qu&rsquo;une perception partielle, voire parcellaire. Par une succession d&rsquo;actions simples, que l&rsquo;on peut consid\u00e9rer &hellip; Lire la suite\u00ad\u00ad","og_url":"https:\/\/www.frederic-poitou.com\/blog\/intelligence-collective\/","article_publisher":"https:\/\/www.facebook.com\/frederic.poitou\/","article_published_time":"2023-07-14T13:10:32+00:00","article_modified_time":"2026-04-21T01:28:41+00:00","og_image":[{"width":1070,"height":562,"url":"https:\/\/www.frederic-poitou.com\/blog\/wp-content\/2016\/06\/IMG_3721.jpg","type":"image\/jpeg"}],"author":"Fr\u00e9d\u00e9ric Poitou","twitter_card":"summary_large_image","twitter_creator":"@fredericpoitou","twitter_site":"@fredericpoitou","twitter_misc":{"\u00c9crit par":"Fr\u00e9d\u00e9ric Poitou","Dur\u00e9e de lecture estim\u00e9e":"2 minutes"},"schema":{"@context":"https:\/\/schema.org","@graph":[{"@type":"Article","@id":"https:\/\/www.frederic-poitou.com\/blog\/intelligence-collective\/#article","isPartOf":{"@id":"https:\/\/www.frederic-poitou.com\/blog\/intelligence-collective\/"},"author":{"name":"Fr\u00e9d\u00e9ric Poitou","@id":"http:\/\/www.frederic-poitou.com\/blog\/#\/schema\/person\/e2c2d05e978747818533fdce859a7799"},"headline":"INTELLIGENCE COLLECTIVE","datePublished":"2023-07-14T13:10:32+00:00","dateModified":"2026-04-21T01:28:41+00:00","mainEntityOfPage":{"@id":"https:\/\/www.frederic-poitou.com\/blog\/intelligence-collective\/"},"wordCount":404,"image":{"@id":"https:\/\/www.frederic-poitou.com\/blog\/intelligence-collective\/#primaryimage"},"thumbnailUrl":"https:\/\/www.frederic-poitou.com\/blog\/wp-content\/2016\/06\/IMG_3721.jpg","articleSection":["Politique","Soci\u00e9t\u00e9"],"inLanguage":"fr-FR"},{"@type":"WebPage","@id":"https:\/\/www.frederic-poitou.com\/blog\/intelligence-collective\/","url":"https:\/\/www.frederic-poitou.com\/blog\/intelligence-collective\/","name":"INTELLIGENCE COLLECTIVE -","isPartOf":{"@id":"http:\/\/www.frederic-poitou.com\/blog\/#website"},"primaryImageOfPage":{"@id":"https:\/\/www.frederic-poitou.com\/blog\/intelligence-collective\/#primaryimage"},"image":{"@id":"https:\/\/www.frederic-poitou.com\/blog\/intelligence-collective\/#primaryimage"},"thumbnailUrl":"https:\/\/www.frederic-poitou.com\/blog\/wp-content\/2016\/06\/IMG_3721.jpg","datePublished":"2023-07-14T13:10:32+00:00","dateModified":"2026-04-21T01:28:41+00:00","author":{"@id":"http:\/\/www.frederic-poitou.com\/blog\/#\/schema\/person\/e2c2d05e978747818533fdce859a7799"},"breadcrumb":{"@id":"https:\/\/www.frederic-poitou.com\/blog\/intelligence-collective\/#breadcrumb"},"inLanguage":"fr-FR","potentialAction":[{"@type":"ReadAction","target":["https:\/\/www.frederic-poitou.com\/blog\/intelligence-collective\/"]}]},{"@type":"ImageObject","inLanguage":"fr-FR","@id":"https:\/\/www.frederic-poitou.com\/blog\/intelligence-collective\/#primaryimage","url":"https:\/\/www.frederic-poitou.com\/blog\/wp-content\/2016\/06\/IMG_3721.jpg","contentUrl":"https:\/\/www.frederic-poitou.com\/blog\/wp-content\/2016\/06\/IMG_3721.jpg","width":1070,"height":562},{"@type":"BreadcrumbList","@id":"https:\/\/www.frederic-poitou.com\/blog\/intelligence-collective\/#breadcrumb","itemListElement":[{"@type":"ListItem","position":1,"name":"Accueil","item":"http:\/\/www.frederic-poitou.com\/blog\/"},{"@type":"ListItem","position":2,"name":"INTELLIGENCE COLLECTIVE"}]},{"@type":"WebSite","@id":"http:\/\/www.frederic-poitou.com\/blog\/#website","url":"http:\/\/www.frederic-poitou.com\/blog\/","name":"","description":"","potentialAction":[{"@type":"SearchAction","target":{"@type":"EntryPoint","urlTemplate":"http:\/\/www.frederic-poitou.com\/blog\/?s={search_term_string}"},"query-input":{"@type":"PropertyValueSpecification","valueRequired":true,"valueName":"search_term_string"}}],"inLanguage":"fr-FR"},{"@type":"Person","@id":"http:\/\/www.frederic-poitou.com\/blog\/#\/schema\/person\/e2c2d05e978747818533fdce859a7799","name":"Fr\u00e9d\u00e9ric Poitou","image":{"@type":"ImageObject","inLanguage":"fr-FR","@id":"http:\/\/www.frederic-poitou.com\/blog\/#\/schema\/person\/image\/","url":"https:\/\/secure.gravatar.com\/avatar\/1933bcca279a2feafd35d9e0a080c521e11beb51115fe4cfe02e2586ac13424a?s=96&d=mm&r=g","contentUrl":"https:\/\/secure.gravatar.com\/avatar\/1933bcca279a2feafd35d9e0a080c521e11beb51115fe4cfe02e2586ac13424a?s=96&d=mm&r=g","caption":"Fr\u00e9d\u00e9ric Poitou"},"description":"Fr\u00e9d\u00e9ric Poitou est n\u00e9 \u00e0 Rouen, et y a fait des \u00e9tudes au Conservatoire en musique-\u00e9tudes en section piano. Il s'est ensuite orient\u00e9 vers des \u00e9tudes scientifiques o\u00f9 il a obtenu un dipl\u00f4me d'ing\u00e9nieur, puis un doctorat en Chimie. Il est Expert Judiciaire en France, en Belgique et \u00e0 Luxembourg, et agr\u00e9e par les Institutions Europ\u00e9ennes.","sameAs":["http:\/\/www.frederic-poitou.com","https:\/\/www.linkedin.com\/in\/frederic-poitou-b045a025\/"]}]}},"_links":{"self":[{"href":"https:\/\/www.frederic-poitou.com\/blog\/wp-json\/wp\/v2\/posts\/6826","targetHints":{"allow":["GET"]}}],"collection":[{"href":"https:\/\/www.frederic-poitou.com\/blog\/wp-json\/wp\/v2\/posts"}],"about":[{"href":"https:\/\/www.frederic-poitou.com\/blog\/wp-json\/wp\/v2\/types\/post"}],"author":[{"embeddable":true,"href":"https:\/\/www.frederic-poitou.com\/blog\/wp-json\/wp\/v2\/users\/4"}],"replies":[{"embeddable":true,"href":"https:\/\/www.frederic-poitou.com\/blog\/wp-json\/wp\/v2\/comments?post=6826"}],"version-history":[{"count":1,"href":"https:\/\/www.frederic-poitou.com\/blog\/wp-json\/wp\/v2\/posts\/6826\/revisions"}],"predecessor-version":[{"id":8795,"href":"https:\/\/www.frederic-poitou.com\/blog\/wp-json\/wp\/v2\/posts\/6826\/revisions\/8795"}],"wp:featuredmedia":[{"embeddable":true,"href":"https:\/\/www.frederic-poitou.com\/blog\/wp-json\/wp\/v2\/media\/6834"}],"wp:attachment":[{"href":"https:\/\/www.frederic-poitou.com\/blog\/wp-json\/wp\/v2\/media?parent=6826"}],"wp:term":[{"taxonomy":"category","embeddable":true,"href":"https:\/\/www.frederic-poitou.com\/blog\/wp-json\/wp\/v2\/categories?post=6826"},{"taxonomy":"post_tag","embeddable":true,"href":"https:\/\/www.frederic-poitou.com\/blog\/wp-json\/wp\/v2\/tags?post=6826"}],"curies":[{"name":"wp","href":"https:\/\/api.w.org\/{rel}","templated":true}]}}