{"id":6788,"date":"2023-07-14T02:04:32","date_gmt":"2023-07-14T00:04:32","guid":{"rendered":"http:\/\/www.frederic-poitou.com\/blog\/?p=6788"},"modified":"2026-04-15T01:42:52","modified_gmt":"2026-04-14T23:42:52","slug":"elevation-du-niveau-de-la-mer-il-vous-sera-difficile-de-dire-a-vos-enfants-que-vous-ne-saviez-pas","status":"publish","type":"post","link":"https:\/\/www.frederic-poitou.com\/blog\/elevation-du-niveau-de-la-mer-il-vous-sera-difficile-de-dire-a-vos-enfants-que-vous-ne-saviez-pas\/","title":{"rendered":"EL\u00c9VATION DU NIVEAU DE LA MER : VOUS NE POURREZ PAS DIRE \u00c0 VOS ENFANTS QUE VOUS NE SAVIEZ PAS"},"content":{"rendered":"<p>El\u00e9vation du niveau de la mer : Il vous sera difficile de dire \u00e0 vos enfants que vous ne saviez pas !<\/p>\n<p><b><i>Pr\u00e9ambule<\/i><\/b><\/p>\n<p><i>Ce travail est la premi\u00e8re partie d\u2019un ensemble de trois documents qui tentent de r\u00e9sumer de mani\u00e8re concr\u00e8te et facile d\u2019acc\u00e8s les cons\u00e9quences du r\u00e9chauffement climatique :<\/i><\/p>\n<ul>\n<li><i>sur le continent qui en sera probablement le premier et le plus touch\u00e9 : l\u2019Afrique<\/i><\/li>\n<li><i>en Europe<\/i><\/li>\n<li><i>Le cas particulier de la Camargue (et plus largement de l\u2019Arc M\u00e9diterran\u00e9en) qui pourrait \u00eatre la premi\u00e8re r\u00e9gion de France \u00e0 devoir g\u00e9rer le probl\u00e8me des r\u00e9fugi\u00e9s climatiques.<\/i><\/li>\n<\/ul>\n<p><i>Il r\u00e9sume l\u2019ensemble des cons\u00e9quences bien identifi\u00e9es de l\u2019\u00e9l\u00e9vation du niveau de la mer li\u00e9e au r\u00e9chauffement climatique et a \u00e9t\u00e9 pr\u00e9sent\u00e9 dans un atelier en marge de la COP21 qui r\u00e9unissait des scientifiques et sp\u00e9cialistes de climatologie de l&rsquo;Arc m\u00e9diterran\u00e9en, de Belgique et des Pays-Bas.<\/i><\/p>\n<p>&nbsp;<\/p>\n<p><b>I. Introduction<\/b><\/p>\n<p>Avant la derni\u00e8re glaciation, le niveau de la mer \u00e9tait approximativement 120m plus bas qu\u2019il ne l\u2019est aujourd\u2019hui. Depuis cette date, on sait par des mesures pr\u00e9cises, et incontest\u00e9es que le niveau de la mer avait peu boug\u00e9 (moins de 0,1mm \/ an globalement).<\/p>\n<p>Depuis la fin du XIXe, cette vitesse est pass\u00e9e \u00e0 2mm \/ an soit 20 fois plus ce qui a conduit \u00e0 une augmentation globale de 20cm au XXe si\u00e8cle.<\/p>\n<p>Depuis les ann\u00e9es 1990, les satellites altim\u00e9triques ont permis de mesurer de mani\u00e8re tr\u00e8s pr\u00e9cise cette augmentation qui est pass\u00e9e \u00e0 3mm par an, de mani\u00e8re curieusement non uniforme sur l\u2019ensemble du globe. Cette \u00e9l\u00e9vation s\u2019accompagne de deux types de changements :<\/p>\n<ul>\n<li>changement de volume des oc\u00e9ans du fait de la variation de la temp\u00e9rature,<\/li>\n<li>changement de la composition des oc\u00e9ans (en raison des \u00e9changes eau douce &#8211; eau sal\u00e9e, et de la modification des \u00e9quilibres \u00e9vaporation &#8211; pr\u00e9cipitation).<\/li>\n<\/ul>\n<p>La mont\u00e9e des eaux n\u2019est pas uniquement li\u00e9e \u00e0 la fonte des glaces, mais aussi \u00e0 la dilatation (l\u2019augmentation de volume global de l\u2019eau des oc\u00e9ans) li\u00e9e \u00e0 l\u2019\u00e9l\u00e9vation de la temp\u00e9rature.<\/p>\n<p>Une r\u00e9cente \u00e9tude de la Nasa, tend \u00e0 valider l\u2019hypoth\u00e8se d\u2019un r\u00e9chauffement climatique qui entra\u00eenerait une mont\u00e9e des eaux d&rsquo;un m\u00e8tre d&rsquo;ici la fin du si\u00e8cle. M\u00eame si cette valeur semble contest\u00e9e par certains scientifiques sur sa proportion, le ph\u00e9nom\u00e8ne, ses causes et ses cons\u00e9quences ne peuvent plus \u00eatre ni\u00e9es sur le fond. Ils sont de nature :<\/p>\n<p>&#8211; climatique<\/p>\n<ul>\n<li>atmosph\u00e9rique<\/li>\n<\/ul>\n<p>&#8211; \u00e9cologique et de biodiversit\u00e9<\/p>\n<ul>\n<li>g\u00e9o-politique<\/li>\n<li>de sant\u00e9 publique<\/li>\n<\/ul>\n<p>L\u2019objet de cette rapide note de synth\u00e8se, est de traiter dans un premier temps des cons\u00e9quences g\u00e9n\u00e9rales, puis de la situation mondiale et de se concentrer ensuite sur les cons\u00e9quences en France m\u00e9tropolitaine puis en Camargue qui pourrait bien \u00eatre une des premi\u00e8res zones en Europe \u00e0 voir apparaitre des r\u00e9fugi\u00e9s climatiques.<\/p>\n<p>Enfin, nous aborderons les diff\u00e9rentes cons\u00e9quences de ce ph\u00e9nom\u00e8ne, avec une conclusion optimiste, car l\u2019humaniste que je suis fais confiance \u00e0 la capacit\u00e9 qu\u2019a l\u2019homme de se transcender \u00e0 l\u2019approche du danger. Mais le danger est d\u00e9sormais l\u00e0, et la COP 21 devra nous permettre de tracer des chemins pour jalonner de mesures op\u00e9rationnelles et dogmatiques le chemin de nos enfants et nos petits enfants. Une remarque toutefois : Quel dommage que l\u2019Oc\u00e9an n\u2019ait pas \u00e9t\u00e9 convi\u00e9 \u00e0 la COP 21. Aucune table ronde, aucune th\u00e9matique, alors qu\u2019il repr\u00e9sente 70% de la surface du globe, absorbe 25% du gaz carbonique, et compense par \u00e9change thermique 90% de l\u2019effet du r\u00e9chauffement climatique !<\/p>\n<p>Les trois rapports de r\u00e9f\u00e9rences que nous avons utilis\u00e9s pour r\u00e9diger ce document sont :<\/p>\n<ul>\n<li>le 5e rapport du GIEC, 2015<\/li>\n<\/ul>\n<p>Le GIEC est le groupe d\u2019experts intergouvernemental sur l\u2019\u00e9volution du climat, cr\u00e9\u00e9 en 1988 par l\u2019Organisation M\u00e9t\u00e9orologique Mondiale (OMM) et le Programme des Nations Unies pour l\u2019Environnement (PNUE).<\/p>\n<ul>\n<li>le rapport 2011, les deux rapports 2012 et le rapport 2014 de l\u2019ONERC<\/li>\n<\/ul>\n<p>Cr\u00e9\u00e9 par la loi du 19 f\u00e9vrier 2001, l\u2019ONERC mat\u00e9rialise la volont\u00e9 du Parlement et du Gouvernement de prendre en compte les questions li\u00e9es aux effets du changement climatique. L\u2019ONERC est rattach\u00e9 depuis 2008 \u00e0 la Direction G\u00e9n\u00e9rale de l\u2019Energie et du Climat (DGEC) du Minist\u00e8re de d\u00e9veloppement durable, et a pour mission de collecter et diffuser les \u00e9tudes et recherches sur les risques li\u00e9s au r\u00e9chauffement climatique et aux ph\u00e9nom\u00e8nes climatiques extr\u00eames.<\/p>\n<ul>\n<li>le rapport 2006 de la Mission interminist\u00e9rielle de l&rsquo;effet de serre (DGEC) du Minist\u00e8re de d\u00e9veloppement durable<\/li>\n<\/ul>\n<p>Et une abondante bibliographie dont les r\u00e9f\u00e9rences sont reprises en Annexes.<\/p>\n<p><b>II Cons\u00e9quences du r\u00e9chauffement climatique, et de l\u2019\u00e9l\u00e9vation du niveau des oc\u00e9ans et des mers<\/b><\/p>\n<p>Il est encore difficile d\u2019\u00e9valuer les cons\u00e9quences tant qualitatives que quantitatives qu\u2019auront les changements climatiques sur le climat.<\/p>\n<p>Mais on sait que ces changements se manifesteront par une \u00e9l\u00e9vation du niveau moyen de la mer et une probabilit\u00e9 d&rsquo;\u00e9pisodes climatiques de plus grandes amplitudes avec des cycles inondations \/ s\u00e9cheresses plus rapproch\u00e9s. Ces \u00e9carts seront sup\u00e9rieurs \u00e0 tout ce qui a pu se produire depuis plus de deux millions d&rsquo;ann\u00e9es, et comparables en \u00e9cart aux variations de temp\u00e9ratures qui nous s\u00e9parent d&rsquo;une p\u00e9riode glaciaire (5 \u00e0 6\u00b0C).<\/p>\n<p>Sans dramatiser, ou agiter des \u00e9pouvantails, on sait que les cons\u00e9quences des modifications des diff\u00e9rents syst\u00e8mes (climatiques, \u00e9cologiques, socio-\u00e9conomiques et g\u00e9o-politiques) seront irr\u00e9versibles, et d\u00e9passeront la capacit\u00e9 d\u2019adaptation des syst\u00e8mes naturels et humains avec, une fois encore, des cons\u00e9quences sup\u00e9rieures pour les populations des pays en voie de d\u00e9veloppement en raison de leur manque de moyens.<\/p>\n<p>Mais tout pas perdu !<\/p>\n<p>La plan\u00e8te a d\u00e9j\u00e0 surv\u00e9cu \u00e0 la p\u00e9riode du cr\u00e9tac\u00e9 sup\u00e9rieur (80 millions d\u2019ann\u00e9es) qui fut la p\u00e9riode la plus chaude de l&rsquo;histoire de la Terre avec environ 6\u00b0C de plus qu&rsquo;aujourd&rsquo;hui.<\/p>\n<p><i>\u00ab\u00a0Les changements climatiques pr\u00e9vus auront des effets b\u00e9n\u00e9fiques et n\u00e9fastes sur les syst\u00e8mes environnementaux et socio-\u00e9conomiques, mais plus l&rsquo;ampleur et le rythme de ces changements seront important, plus les effets n\u00e9fastes pr\u00e9domineront.\u00a0\u00bb (GIEC, 2001)<\/i><\/p>\n<p>Voici les variables qui seront impact\u00e9es par le r\u00e9chauffement climatique.<\/p>\n<p><i>&#8211; Les temp\u00e9ratures et les saisons<\/i><\/p>\n<p>D&rsquo;une fa\u00e7on g\u00e9n\u00e9rale, les \u00e9carts thermiques entre les saisons et les continents seront moins marqu\u00e9s, l&rsquo;\u00e9l\u00e9vation de temp\u00e9rature sera plus forte aux p\u00f4les qu&rsquo;\u00e0 l&rsquo;\u00e9quateur, le r\u00e9gime hydrologique sera modifi\u00e9 par l&rsquo;acc\u00e9l\u00e9ration du cycle \u00e9vaporation-pr\u00e9cipitation.<\/p>\n<p>Les deux principales cons\u00e9quences attendues sont un d\u00e9placement vers les p\u00f4les des zones climatiques tropicales (d&rsquo;environ 100 km par degr\u00e9 d&rsquo;\u00e9l\u00e9vation de temp\u00e9rature) et l&rsquo;accentuation de la dynamique et des contrastes climatiques (A. Nicolas, 06\/2004).<\/p>\n<p><i>&#8211; Les pr\u00e9cipitations<\/i><\/p>\n<p>Les pr\u00e9cipitations seront plus importantes aux latitudes \u00e9lev\u00e9es et plus faibles dans la plupart des r\u00e9gions \u00e9merg\u00e9es subtropicales. La qualit\u00e9 des eaux douces devrait en \u00eatre alt\u00e9r\u00e9e.<\/p>\n<p><i>&#8211; Les courants marins<\/i><\/p>\n<p>Le r\u00e9chauffement global pourrait affaiblir le Gulf Stream, induisant un refroidissement important sur l&rsquo;Europe du Nord et la c\u00f4te est des Etats-Unis.<\/p>\n<p>&#8211;<i> Les glaciers<\/i><\/p>\n<p><i>&#8211; en montagne<\/i><\/p>\n<p>Les glaciers de montagne pourraient avoir tous disparu d&rsquo;ici 50 \u00e0 100 ans entra\u00eenant des p\u00e9nuries d&rsquo;eau pour des millions de personnes qui en sont d\u00e9pendantes.<\/p>\n<p><i> &#8211; en mer<\/i><\/p>\n<p>La superficie et l&rsquo;\u00e9paisseur de la glace marine diminueront du fait de la fonte de la banquise arctique en affectant le rapport eau sal\u00e9e \/ eau douce dont la cons\u00e9quence est un r\u00e9chauffement de l\u2019h\u00e9misph\u00e8re nord.<\/p>\n<p><i>nb : On voit d\u2019ailleurs bien ici qu\u2019il est difficile de pr\u00e9dire la r\u00e9alit\u00e9 du simple fait des effets antagonistes des variables qu\u2019on tente d\u2019extrapoler. Dans certains cas on consid\u00e8re que l\u2019h\u00e9misph\u00e8re nord se r\u00e9chauffe, de l\u2019autre la modification du gulf stream pourrait produire l\u2019effet inverse.<\/i><\/p>\n<p><i> &#8211; le permafrost<\/i><\/p>\n<p>Le permafrost devrait continuer de fondre puis disparaitre dans un si\u00e8cle, g\u00e9n\u00e9rant des glissements de terrain qui affecteront les cours d&rsquo;eau et les \u00e9cosyst\u00e8mes des zones humides.<\/p>\n<p><i>&#8211; Les oc\u00e9ans<\/i><\/p>\n<p><i>Leur niveau<\/i><\/p>\n<p>L&rsquo;\u00e9l\u00e9vation du niveau des mers pourrait atteindre un m\u00e8tre, de mani\u00e8re irr\u00e9versible \u00e0 moyen terme avec comme cons\u00e9quence l\u2019\u00e9rosion des littoraux, l\u2019augmentation des effets d\u00e9vastateurs des temp\u00eates, et la salinisation rendant incultes les zones littorales.<\/p>\n<p>Un r\u00e9chauffement de 4\u00b0C suppl\u00e9mentaires est attendu en Arctique dans les cent prochaines ann\u00e9es avec des r\u00e9percussions plan\u00e8taires : inondations des zones c\u00f4ti\u00e8res, hausse du niveau des oc\u00e9ans, modification des trajets de migration, ralentissement des \u00e9changes oc\u00e9aniques&#8230; (ACIA, 11\/2004).<\/p>\n<p><i>acidification<\/i><\/p>\n<p>Depuis le d\u00e9but de l&rsquo;\u00e8re industrielle, les oc\u00e9ans ont agis comme r\u00e9gulateurs, en absorbant la moiti\u00e9 des \u00e9missions anthropiques de CO2, mais cette action contribue chimiquement \u00e0 une augmentation de leur acidit\u00e9 qui \u00e9tait rest\u00e9 stable entre le Xe et le XIXe si\u00e8cle alors qu\u2019il a d\u00e9j\u00e0 baiss\u00e9 de 0,1 unit\u00e9 de pH depuis la r\u00e9volution industrielle, avec une projection \u00e0 -0,3 d\u2019ici la fin du si\u00e8cle. Les cons\u00e9quences de cette projection sont tr\u00e8s importantes pour la pr\u00e9servations de certaines esp\u00e8ces marines fragiles : <i>\u00ables oc\u00e9ans sont plus acides que \u00ab\u00a0depuis des millions et millions d&rsquo;ann\u00e9es<\/i>\u00ab\u00a0&#8230; (Courrier International, 10\/2006).<\/p>\n<p>&#8211;<i> Les risques naturels<\/i><\/p>\n<p>La fr\u00e9quence, l\u2019intensit\u00e9 et la dur\u00e9e des ph\u00e9nom\u00e8nes extr\u00eames seront notablement accentu\u00e9es sans que l\u2019on sache encore bien comment l\u2019\u00e9valuer objectivement. Les ph\u00e9nom\u00e8nes de la Nouvelle Orl\u00e9ans ou la temp\u00eate Xynthia en sont les premi\u00e8res illustrations concr\u00e8tes visibles.<\/p>\n<p><i>&#8211; La couche d&rsquo;ozone<\/i><\/p>\n<p>L&rsquo;effet de serre favorise le refroidissement de la stratosph\u00e8re ce qui augmente la cin\u00e9tique de destruction de la couche d\u2019ozone. On sait de mani\u00e8re pr\u00e9cise dans ce cas que les populations des r\u00e9gions arctiques recevront \u00e0 la fin du si\u00e8cle une dose d&rsquo;UV 30% sup\u00e9rieure (ACIA, 11\/2004).<\/p>\n<p>&#8211; <i>La biodiversit\u00e9<\/i><\/p>\n<p>Des mouvements migratoires de milliers d&rsquo;esp\u00e8ces sont d\u00e9j\u00e0 objectivement enregistr\u00e9s sur tous les continents depuis une cinquantaine d\u2019ann\u00e9e. Ainsi, trente neuf esp\u00e8ces de papillons europ\u00e9ens et nord-am\u00e9ricains ont progress\u00e9 jusqu&rsquo;\u00e0 200 km vers le nord en 23 ans (Science &amp; Vie, 2003). Les cons\u00e9quences seront :<\/p>\n<ul>\n<li>les modifications des cycles de vie,<\/li>\n<li>l\u2019accroissement du risque d\u2019extinction des esp\u00e8ces les plus vuln\u00e9rables, d<\/li>\n<li>d\u00e9placement des aires de r\u00e9parttiion et r\u00e9organisation des interactions entre les esp\u00e8ces (fragmentation, comp\u00e9tition).<\/li>\n<\/ul>\n<p>On consid\u00e8re qu\u2019un r\u00e9chauffement de 1\u00b0C se traduit par un d\u00e9placement vers le nord de 180 km (et de 150 m en altitude), en moyenne, des aires de r\u00e9partition des esp\u00e8ces (Science &amp; Vie, 2003).<\/p>\n<p><i>&#8211; Les secteurs \u00e9conomiques<\/i><\/p>\n<p>Tous les secteurs socio-\u00e9conomiques vont subir les contraintes impos\u00e9es aux monde \u00e9conomique et social allant d&rsquo;une modification des pratiques de construction \u00e0 une adaptation des syst\u00e8mes de soins de sant\u00e9 (li\u00e9s aux cons\u00e9quences sur la sant\u00e9 publique des modifications climatiques en terme d\u2019exposition aux UV, ou d\u00e9placements de population) et \u00e0 des changements des de subsistance reposant sur les acquis traditionnels.<\/p>\n<p><i>&#8211; Le secteur financier<\/i><\/p>\n<p>Les analystes de l&rsquo;ONU consid\u00e8rent que les al\u00e9as climatiques ont d\u00e9sormais une influence directe sur 30 % \u00e0 70 % du PIB mondial.<\/p>\n<p>Sur la base des chiffrages des co\u00fbts des cyclones Mitch (1998) et Katrina (2005) qui avaient menac\u00e9 de faillite le secteur de l\u2019assurance, les experts de l\u2019ONUDI ont \u00e9valu\u00e9 les d\u00e9penses que vont engendrer les cons\u00e9quences autours de 300 milliards d\u2019Euros par an avant la fin du si\u00e8cle. Les premiers secteurs touch\u00e9s seraient alors ceux de l\u2019assurance, avec une augmentation notable, des primes annuelles concernant une tr\u00e8s grande partie de la population mondiale.<\/p>\n<p><i>&#8211; L\u2019agriculture<\/i><\/p>\n<p>Les \u00e9tudes de rendements agricoles men\u00e9es dans plusieurs r\u00e9gions du mondent que, contrairement \u00e0 ce que l\u2019on pensait jusqu\u2019\u00e0 pr\u00e9sent, le diff\u00e9rentiel \u00ab<i>avantages inconv\u00e9nients<\/i>\u00bb sera plut\u00f4t n\u00e9gatif, principalement pour les cultures c\u00e9r\u00e9ali\u00e8res dont les rendements seront fortement affect\u00e9s, surtout si l&rsquo;augmentation de la temp\u00e9rature est sup\u00e9rieure \u00e0 2\u00b0C. Seules quelques r\u00e9gions pourront se diversifier en d\u00e9veloppant de nouvelles cultures du fait de l\u2019adoucissement du climat.<\/p>\n<p><i>&#8211; l<\/i><i>a sant\u00e9<\/i><\/p>\n<p>Sur la sant\u00e9 humaine : les cons\u00e9quences seront de toute mani\u00e8re largement n\u00e9gatives. :<\/p>\n<ul>\n<li>directes (stress thermiques et ph\u00e9nom\u00e8nes extr\u00eames, exposition aux UV du fait de la diminution de la couche d\u2019ozone \u2026),<\/li>\n<li>indirectes (augmentation de certains pollens, moisissures, polluants atmosph\u00e9riques, malnutrition, contamination de l&rsquo;eau, surcharge du syst\u00e8me de sant\u00e9).<\/li>\n<\/ul>\n<p>Plusieurs maladies majeures comme la malaria (1 milliard de personnes infect\u00e9es), la dengue et la leishmaniose d\u00e9pendent de la hausse des temp\u00e9ratures.<\/p>\n<p><b>III. Les r\u00e9fugi\u00e9s climatiques et leurs cons\u00e9quences g\u00e9opolitiques<\/b><\/p>\n<p>Enfin, et c\u2019est peut \u00eatre la cons\u00e9quence qui sensibilisera le plus les populations, car elle est sans commune mesure avec les migrations de r\u00e9fugi\u00e9s politiques venant de Syrie que nous vivons actuellement.<\/p>\n<p>Les scientifiques pr\u00e9disent\u00a0 une augmentation de plus\u00a0 de 50% des conflits inter-ethniques dans les points les plus tendus de la plan\u00e8te d\u2019ici 2050, si l&rsquo;\u00e9volution du r\u00e9chauffement climatique est conforme aux mod\u00e8les. Bien que ce chiffre soit \u00e9videmment difficile \u00e0 objectiver, il est bas\u00e9 sur une extrapolation d\u2019un ph\u00e9nom\u00e8ne qui existe en effet d\u00e9j\u00e0 et dont on observe la progression. L\u2019ONU, l\u2019ONUDI et l\u2019association britannique \u00ab\u00a0Christian Aid\u00a0\u00bb \u00e9valuent \u00e0 <b>160 millions<\/b> le nombre des r\u00e9fugi\u00e9s ayant d\u00e9j\u00e0 du \u00e9migrer pour raison climatique. On les appelle r\u00e9fugi\u00e9s \u00e9cologiques, environnementaux et climatiques, dits aussi \u00e9cor\u00e9fugi\u00e9s.<\/p>\n<p>Il risque alors de ce poser le probl\u00e8me de leur statut, comme se pose celui des r\u00e9fugi\u00e9s politiques, ou des r\u00e9fugi\u00e9s de guerre. Ce sont en effet au moins <b>un milliard<\/b> de personnes qui devraient migrer de par le monde pour des raisons environnementales d&rsquo;ici 2050 (agriculteurs, \u00e9leveurs, p\u00eacheurs, chasseurs-cueilleurs \u2026) \u00e0 cause de la d\u00e9gradation de leur environnement devenu inadapt\u00e9 \u00e0 la vie humaine (d\u00e9sertification, \u00e9rosion, baisse des nappes phr\u00e9atiques, salinisation, d\u00e9forestation \u2026). Il sera alors inutile d&rsquo;adopter des positions de repli soci\u00e9tal ou de gesticulations m\u00e9diatiques face \u00e0 la puissance des flux d\u2019affam\u00e9s, comme il est impossible de r\u00e9sister \u00e0 celui des r\u00e9fugi\u00e9s politiques contraints \u00e0 l\u2019exil, auquel on assiste sans pouvoir les contr\u00f4ler depuis quelques mois. Ce n\u2019est qu\u2019une illustration \u00e0 toute petite \u00e9chelle de ce qui nous attend.<\/p>\n<p>Le terme de r\u00e9fugi\u00e9 est actuellement d\u00e9fini par la Convention de Gen\u00e8ve de 1951 et ne concerne que les victimes de violation des droits de l&rsquo;homme, de violences politiques ou de s\u00e9gr\u00e9gations de natures ethniques ou religieuses, toutes cat\u00e9gories li\u00e9es \u00e0 l&rsquo;appartenance d&rsquo;une nationalit\u00e9. C\u2019est un classement auquel il faudra n\u00e9cessairement ajouter celui de r\u00e9fugi\u00e9 climatique permettant de trouver asile dans un pays qui ne soit pas touch\u00e9 par le ph\u00e9nom\u00e8ne mondial. Il est absolument inutile de tenter de r\u00e9sister \u00e0 ce ph\u00e9nom\u00e8ne. D\u00e8s lors qu\u2019il est mondial, et n\u2019affecte pas un pays particuli\u00e8rement, contre un autre pour raison politique, mais des r\u00e9fugi\u00e9s issus de tous les pays touch\u00e9s par le ph\u00e9nom\u00e8ne migrant vers les autres pays du monde qui n\u2019en ont pas, mais avec lesquelles il existe des relations diplomatiques, le ph\u00e9nom\u00e8ne sera totalement incontr\u00f4lable. Et d\u2019une certaine mani\u00e8re, l\u2019inversion du ph\u00e9nom\u00e8ne de colonisation des si\u00e8cles derniers.<\/p>\n<p>A ce jour, le seul pays a avoir abord\u00e9 le probl\u00e8me est la Belgique, o\u00f9 Philippe Mahoux a d\u00e9pos\u00e9 au S\u00e9nat en 2006 une Proposition de r\u00e9solution visant \u00e0 la reconnaissance dans les conventions internationales du statut de r\u00e9fugi\u00e9 environnemental.<\/p>\n<p>D\u2019autant que d\u2019une certaine mani\u00e8re, nous en sommes les responsables. La grande majorit\u00e9 des \u00e9cor\u00e9fugi\u00e9s seront issus du tiers monde, et des pays pauvres qui ne sont pas \u00e0 l\u2019origine des d\u00e9r\u00e8glements climatiques \u00e0 l\u2019inverse des pays riches (toutes les \u00e9tudes qui convergent sur un impact \u00e0 hauteur de 4% !). C\u2019est le sens des propos introductifs \u00e0 la COP21 qui ont \u00e9t\u00e9 tenus par de Ban Ki-Moon, mais aussi Fran\u00e7ois Hollande et Barack Obama.<\/p>\n<p><b>IV. CONCLUSION<\/b><\/p>\n<p>La NASA envisage une mont\u00e9e des oc\u00e9ans d&rsquo;au moins un m\u00e8tre dans les 100 \u00e0 200 ans :\u00a0 Selon Steve Nerem qui dirige l\u2019\u00e9quipe de la NASA en charge de surveiller le niveau des mers : <i>\u00abAu vu de ce que l&rsquo;on sait aujourd&rsquo;hui \u2026\/\u2026\u00a0 avec le r\u00e9chauffement, \u2026\/\u2026 il est pratiquement certain que nous aurons une augmentation du niveau des mers d&rsquo;au moins un m\u00e8tre, et probablement davantage\u00bb.<\/i><\/p>\n<p>Les sp\u00e9cialistes fran\u00e7ais pond\u00e8rent un peu cette \u00e9valuation, sans vraiment la remettre en cause, mais on consid\u00e8re en g\u00e9n\u00e9ral qu\u2019en dessous d\u2019un m\u00e8tre d\u2019\u00e9l\u00e9vation, on peut g\u00e9rer les cons\u00e9quences, au dessus \u00e7a devient difficile. Les plus alarmistes sont les glaciologues sp\u00e9cialistes du Groenland et de l\u2019Antarctique qui consid\u00e8rent le ph\u00e9nom\u00e8ne comme beaucoup plus rapide que ce que nous avions anticip\u00e9 : le sc\u00e9nario d&rsquo;un m\u00e8tre en 2100 et deux m\u00e8tres en 2200 est donc tout \u00e0 fait possible.<\/p>\n<p>Si l\u2019on tient compte du fait que 16 des 20 m\u00e9galopoles mondiales sont situ\u00e9es dans des zones littorales o\u00f9 l\u2019\u00e9l\u00e9vation du niveau de la mer pourrait \u00eatre d\u2019un m\u00e8tre avant la fin du si\u00e8cle, on peut mesurer l\u2019ampleur des cons\u00e9quences, et l\u2019adaptation dont vont devoir faire preuve ces zones qui sont d\u00e9j\u00e0 des milieux urbains tr\u00e8s denses.<\/p>\n<p>Avec des cons\u00e9quences climatiques, atmosph\u00e9rique, en terme d\u2019\u00e9cologie et de biodiversit\u00e9, g\u00e9o-politiques ou de de sant\u00e9 publique, l\u2019\u00e9l\u00e9vation du niveau de la mer dont nous ne prenons vraiment conscience que depuis tr\u00e8s peu de temps avec des d\u00e9g\u00e2ts d\u00e9j\u00e0 irr\u00e9versibles, est une donn\u00e9e fondamentale d\u2019un futur d\u00e9sormais tr\u00e8s proche.<\/p>\n<p>Cette COP21 s\u2019ouvre donc avec un devoir de r\u00e9sultat et de moyen \u00e0 mettre en oeuvre \u00e9tay\u00e9s non plus par des principes philosophiques et existentiels tels que les d\u00e9finissait Ren\u00e9 Dumont lorsqu\u2019il publiait \u00ab\u00a0l\u2019Utopie ou la mort\u00a0\u00bb ou levait son dernier verre d\u2019eau pure lors des pr\u00e9sidentielles de 1973 auxquelles il s\u2019\u00e9tait pr\u00e9sent\u00e9, mais sur des chiffres, des projections des r\u00e9alit\u00e9s et des cons\u00e9quences d\u00e9sormais visibles au quotidien.<\/p>\n<p>Gageons que, bien que l\u2019Oc\u00e9an (70% de la surface du globe pour 25% de l\u2019absorption du CO2 rejet\u00e9 par l\u2019homme et 80% de compensation de l\u2019\u00e9l\u00e9vation de la temp\u00e9rature moyenne du globe)\u00a0 n\u2019ait pas \u00e9t\u00e9 vraiment invit\u00e9 \u00e0 la COP21, les participants auront \u00e0 Paris en 2015 la sagesse qu\u2019il n\u2019ont pas eu \u00e0 Copenhague en 2009.<\/p>\n","protected":false},"excerpt":{"rendered":"<p>El\u00e9vation du niveau de la mer : Il vous sera difficile de dire \u00e0 vos enfants que vous ne saviez pas ! Pr\u00e9ambule Ce travail est la premi\u00e8re partie d\u2019un ensemble de trois documents qui tentent de r\u00e9sumer de mani\u00e8re &hellip; <a href=\"https:\/\/www.frederic-poitou.com\/blog\/elevation-du-niveau-de-la-mer-il-vous-sera-difficile-de-dire-a-vos-enfants-que-vous-ne-saviez-pas\/\">Lire la suite\u00ad\u00ad<\/a><\/p>\n","protected":false},"author":4,"featured_media":6789,"comment_status":"closed","ping_status":"closed","sticky":false,"template":"","format":"standard","meta":{"kt_blocks_editor_width":"","_exactmetrics_skip_tracking":false,"_exactmetrics_sitenote_active":false,"_exactmetrics_sitenote_note":"","_exactmetrics_sitenote_category":0,"footnotes":""},"categories":[53,51],"tags":[],"class_list":["post-6788","post","type-post","status-publish","format-standard","has-post-thumbnail","hentry","category-ecologie","category-politique"],"yoast_head":"<!-- This site is optimized with the Yoast SEO plugin v27.1.1 - https:\/\/yoast.com\/product\/yoast-seo-wordpress\/ -->\n<title>EL\u00c9VATION DU NIVEAU DE LA MER : VOUS NE POURREZ PAS DIRE \u00c0 VOS ENFANTS QUE VOUS NE SAVIEZ PAS -<\/title>\n<meta name=\"robots\" content=\"index, follow, max-snippet:-1, max-image-preview:large, max-video-preview:-1\" \/>\n<link rel=\"canonical\" href=\"https:\/\/www.frederic-poitou.com\/blog\/elevation-du-niveau-de-la-mer-il-vous-sera-difficile-de-dire-a-vos-enfants-que-vous-ne-saviez-pas\/\" \/>\n<meta property=\"og:locale\" content=\"fr_FR\" \/>\n<meta property=\"og:type\" content=\"article\" \/>\n<meta property=\"og:title\" content=\"EL\u00c9VATION DU NIVEAU DE LA MER : VOUS NE POURREZ PAS DIRE \u00c0 VOS ENFANTS QUE VOUS NE SAVIEZ PAS -\" \/>\n<meta property=\"og:description\" content=\"El\u00e9vation du niveau de la mer : Il vous sera difficile de dire \u00e0 vos enfants que vous ne saviez pas ! Pr\u00e9ambule Ce travail est la premi\u00e8re partie d\u2019un ensemble de trois documents qui tentent de r\u00e9sumer de mani\u00e8re &hellip; Lire la suite\u00ad\u00ad\" \/>\n<meta property=\"og:url\" content=\"https:\/\/www.frederic-poitou.com\/blog\/elevation-du-niveau-de-la-mer-il-vous-sera-difficile-de-dire-a-vos-enfants-que-vous-ne-saviez-pas\/\" \/>\n<meta property=\"article:publisher\" content=\"https:\/\/www.facebook.com\/frederic.poitou\/\" \/>\n<meta property=\"article:published_time\" content=\"2023-07-14T00:04:32+00:00\" \/>\n<meta property=\"article:modified_time\" content=\"2026-04-14T23:42:52+00:00\" \/>\n<meta property=\"og:image\" content=\"https:\/\/www.frederic-poitou.com\/blog\/wp-content\/lolo.jpeg\" \/>\n\t<meta property=\"og:image:width\" content=\"471\" \/>\n\t<meta property=\"og:image:height\" content=\"267\" \/>\n\t<meta property=\"og:image:type\" content=\"image\/jpeg\" \/>\n<meta name=\"author\" content=\"Fr\u00e9d\u00e9ric Poitou\" \/>\n<meta name=\"twitter:card\" content=\"summary_large_image\" \/>\n<meta name=\"twitter:creator\" content=\"@fredericpoitou\" \/>\n<meta name=\"twitter:site\" content=\"@fredericpoitou\" \/>\n<meta name=\"twitter:label1\" content=\"\u00c9crit par\" \/>\n\t<meta name=\"twitter:data1\" content=\"Fr\u00e9d\u00e9ric Poitou\" \/>\n\t<meta name=\"twitter:label2\" content=\"Dur\u00e9e de lecture estim\u00e9e\" \/>\n\t<meta name=\"twitter:data2\" content=\"16 minutes\" \/>\n<script type=\"application\/ld+json\" class=\"yoast-schema-graph\">{\"@context\":\"https:\/\/schema.org\",\"@graph\":[{\"@type\":\"Article\",\"@id\":\"https:\/\/www.frederic-poitou.com\/blog\/elevation-du-niveau-de-la-mer-il-vous-sera-difficile-de-dire-a-vos-enfants-que-vous-ne-saviez-pas\/#article\",\"isPartOf\":{\"@id\":\"https:\/\/www.frederic-poitou.com\/blog\/elevation-du-niveau-de-la-mer-il-vous-sera-difficile-de-dire-a-vos-enfants-que-vous-ne-saviez-pas\/\"},\"author\":{\"name\":\"Fr\u00e9d\u00e9ric Poitou\",\"@id\":\"https:\/\/www.frederic-poitou.com\/blog\/#\/schema\/person\/e2c2d05e978747818533fdce859a7799\"},\"headline\":\"EL\u00c9VATION DU NIVEAU DE LA MER : VOUS NE POURREZ PAS DIRE \u00c0 VOS ENFANTS QUE VOUS NE SAVIEZ PAS\",\"datePublished\":\"2023-07-14T00:04:32+00:00\",\"dateModified\":\"2026-04-14T23:42:52+00:00\",\"mainEntityOfPage\":{\"@id\":\"https:\/\/www.frederic-poitou.com\/blog\/elevation-du-niveau-de-la-mer-il-vous-sera-difficile-de-dire-a-vos-enfants-que-vous-ne-saviez-pas\/\"},\"wordCount\":3322,\"image\":{\"@id\":\"https:\/\/www.frederic-poitou.com\/blog\/elevation-du-niveau-de-la-mer-il-vous-sera-difficile-de-dire-a-vos-enfants-que-vous-ne-saviez-pas\/#primaryimage\"},\"thumbnailUrl\":\"https:\/\/www.frederic-poitou.com\/blog\/wp-content\/lolo.jpeg\",\"articleSection\":[\"Ecologie\",\"Politique\"],\"inLanguage\":\"fr-FR\"},{\"@type\":\"WebPage\",\"@id\":\"https:\/\/www.frederic-poitou.com\/blog\/elevation-du-niveau-de-la-mer-il-vous-sera-difficile-de-dire-a-vos-enfants-que-vous-ne-saviez-pas\/\",\"url\":\"https:\/\/www.frederic-poitou.com\/blog\/elevation-du-niveau-de-la-mer-il-vous-sera-difficile-de-dire-a-vos-enfants-que-vous-ne-saviez-pas\/\",\"name\":\"EL\u00c9VATION DU NIVEAU DE LA MER : VOUS NE POURREZ PAS DIRE \u00c0 VOS ENFANTS QUE VOUS NE SAVIEZ PAS -\",\"isPartOf\":{\"@id\":\"https:\/\/www.frederic-poitou.com\/blog\/#website\"},\"primaryImageOfPage\":{\"@id\":\"https:\/\/www.frederic-poitou.com\/blog\/elevation-du-niveau-de-la-mer-il-vous-sera-difficile-de-dire-a-vos-enfants-que-vous-ne-saviez-pas\/#primaryimage\"},\"image\":{\"@id\":\"https:\/\/www.frederic-poitou.com\/blog\/elevation-du-niveau-de-la-mer-il-vous-sera-difficile-de-dire-a-vos-enfants-que-vous-ne-saviez-pas\/#primaryimage\"},\"thumbnailUrl\":\"https:\/\/www.frederic-poitou.com\/blog\/wp-content\/lolo.jpeg\",\"datePublished\":\"2023-07-14T00:04:32+00:00\",\"dateModified\":\"2026-04-14T23:42:52+00:00\",\"author\":{\"@id\":\"https:\/\/www.frederic-poitou.com\/blog\/#\/schema\/person\/e2c2d05e978747818533fdce859a7799\"},\"breadcrumb\":{\"@id\":\"https:\/\/www.frederic-poitou.com\/blog\/elevation-du-niveau-de-la-mer-il-vous-sera-difficile-de-dire-a-vos-enfants-que-vous-ne-saviez-pas\/#breadcrumb\"},\"inLanguage\":\"fr-FR\",\"potentialAction\":[{\"@type\":\"ReadAction\",\"target\":[\"https:\/\/www.frederic-poitou.com\/blog\/elevation-du-niveau-de-la-mer-il-vous-sera-difficile-de-dire-a-vos-enfants-que-vous-ne-saviez-pas\/\"]}]},{\"@type\":\"ImageObject\",\"inLanguage\":\"fr-FR\",\"@id\":\"https:\/\/www.frederic-poitou.com\/blog\/elevation-du-niveau-de-la-mer-il-vous-sera-difficile-de-dire-a-vos-enfants-que-vous-ne-saviez-pas\/#primaryimage\",\"url\":\"https:\/\/www.frederic-poitou.com\/blog\/wp-content\/lolo.jpeg\",\"contentUrl\":\"https:\/\/www.frederic-poitou.com\/blog\/wp-content\/lolo.jpeg\",\"width\":471,\"height\":267},{\"@type\":\"BreadcrumbList\",\"@id\":\"https:\/\/www.frederic-poitou.com\/blog\/elevation-du-niveau-de-la-mer-il-vous-sera-difficile-de-dire-a-vos-enfants-que-vous-ne-saviez-pas\/#breadcrumb\",\"itemListElement\":[{\"@type\":\"ListItem\",\"position\":1,\"name\":\"Accueil\",\"item\":\"https:\/\/www.frederic-poitou.com\/blog\/\"},{\"@type\":\"ListItem\",\"position\":2,\"name\":\"EL\u00c9VATION DU NIVEAU DE LA MER : VOUS NE POURREZ PAS DIRE \u00c0 VOS ENFANTS QUE VOUS NE SAVIEZ PAS\"}]},{\"@type\":\"WebSite\",\"@id\":\"https:\/\/www.frederic-poitou.com\/blog\/#website\",\"url\":\"https:\/\/www.frederic-poitou.com\/blog\/\",\"name\":\"\",\"description\":\"\",\"potentialAction\":[{\"@type\":\"SearchAction\",\"target\":{\"@type\":\"EntryPoint\",\"urlTemplate\":\"https:\/\/www.frederic-poitou.com\/blog\/?s={search_term_string}\"},\"query-input\":{\"@type\":\"PropertyValueSpecification\",\"valueRequired\":true,\"valueName\":\"search_term_string\"}}],\"inLanguage\":\"fr-FR\"},{\"@type\":\"Person\",\"@id\":\"https:\/\/www.frederic-poitou.com\/blog\/#\/schema\/person\/e2c2d05e978747818533fdce859a7799\",\"name\":\"Fr\u00e9d\u00e9ric Poitou\",\"image\":{\"@type\":\"ImageObject\",\"inLanguage\":\"fr-FR\",\"@id\":\"https:\/\/www.frederic-poitou.com\/blog\/#\/schema\/person\/image\/\",\"url\":\"https:\/\/secure.gravatar.com\/avatar\/1933bcca279a2feafd35d9e0a080c521e11beb51115fe4cfe02e2586ac13424a?s=96&d=mm&r=g\",\"contentUrl\":\"https:\/\/secure.gravatar.com\/avatar\/1933bcca279a2feafd35d9e0a080c521e11beb51115fe4cfe02e2586ac13424a?s=96&d=mm&r=g\",\"caption\":\"Fr\u00e9d\u00e9ric Poitou\"},\"description\":\"Fr\u00e9d\u00e9ric Poitou est n\u00e9 \u00e0 Rouen, et y a fait des \u00e9tudes au Conservatoire en musique-\u00e9tudes en section piano. Il s'est ensuite orient\u00e9 vers des \u00e9tudes scientifiques o\u00f9 il a obtenu un dipl\u00f4me d'ing\u00e9nieur, puis un doctorat en Chimie. Il est Expert Judiciaire en France, en Belgique et \u00e0 Luxembourg, et agr\u00e9e par les Institutions Europ\u00e9ennes.\",\"sameAs\":[\"http:\/\/www.frederic-poitou.com\",\"https:\/\/www.linkedin.com\/in\/frederic-poitou-b045a025\/\"]}]}<\/script>\n<!-- \/ Yoast SEO plugin. -->","yoast_head_json":{"title":"EL\u00c9VATION DU NIVEAU DE LA MER : VOUS NE POURREZ PAS DIRE \u00c0 VOS ENFANTS QUE VOUS NE SAVIEZ PAS -","robots":{"index":"index","follow":"follow","max-snippet":"max-snippet:-1","max-image-preview":"max-image-preview:large","max-video-preview":"max-video-preview:-1"},"canonical":"https:\/\/www.frederic-poitou.com\/blog\/elevation-du-niveau-de-la-mer-il-vous-sera-difficile-de-dire-a-vos-enfants-que-vous-ne-saviez-pas\/","og_locale":"fr_FR","og_type":"article","og_title":"EL\u00c9VATION DU NIVEAU DE LA MER : VOUS NE POURREZ PAS DIRE \u00c0 VOS ENFANTS QUE VOUS NE SAVIEZ PAS -","og_description":"El\u00e9vation du niveau de la mer : Il vous sera difficile de dire \u00e0 vos enfants que vous ne saviez pas ! Pr\u00e9ambule Ce travail est la premi\u00e8re partie d\u2019un ensemble de trois documents qui tentent de r\u00e9sumer de mani\u00e8re &hellip; Lire la suite\u00ad\u00ad","og_url":"https:\/\/www.frederic-poitou.com\/blog\/elevation-du-niveau-de-la-mer-il-vous-sera-difficile-de-dire-a-vos-enfants-que-vous-ne-saviez-pas\/","article_publisher":"https:\/\/www.facebook.com\/frederic.poitou\/","article_published_time":"2023-07-14T00:04:32+00:00","article_modified_time":"2026-04-14T23:42:52+00:00","og_image":[{"width":471,"height":267,"url":"https:\/\/www.frederic-poitou.com\/blog\/wp-content\/lolo.jpeg","type":"image\/jpeg"}],"author":"Fr\u00e9d\u00e9ric Poitou","twitter_card":"summary_large_image","twitter_creator":"@fredericpoitou","twitter_site":"@fredericpoitou","twitter_misc":{"\u00c9crit par":"Fr\u00e9d\u00e9ric Poitou","Dur\u00e9e de lecture estim\u00e9e":"16 minutes"},"schema":{"@context":"https:\/\/schema.org","@graph":[{"@type":"Article","@id":"https:\/\/www.frederic-poitou.com\/blog\/elevation-du-niveau-de-la-mer-il-vous-sera-difficile-de-dire-a-vos-enfants-que-vous-ne-saviez-pas\/#article","isPartOf":{"@id":"https:\/\/www.frederic-poitou.com\/blog\/elevation-du-niveau-de-la-mer-il-vous-sera-difficile-de-dire-a-vos-enfants-que-vous-ne-saviez-pas\/"},"author":{"name":"Fr\u00e9d\u00e9ric Poitou","@id":"https:\/\/www.frederic-poitou.com\/blog\/#\/schema\/person\/e2c2d05e978747818533fdce859a7799"},"headline":"EL\u00c9VATION DU NIVEAU DE LA MER : VOUS NE POURREZ PAS DIRE \u00c0 VOS ENFANTS QUE VOUS NE SAVIEZ PAS","datePublished":"2023-07-14T00:04:32+00:00","dateModified":"2026-04-14T23:42:52+00:00","mainEntityOfPage":{"@id":"https:\/\/www.frederic-poitou.com\/blog\/elevation-du-niveau-de-la-mer-il-vous-sera-difficile-de-dire-a-vos-enfants-que-vous-ne-saviez-pas\/"},"wordCount":3322,"image":{"@id":"https:\/\/www.frederic-poitou.com\/blog\/elevation-du-niveau-de-la-mer-il-vous-sera-difficile-de-dire-a-vos-enfants-que-vous-ne-saviez-pas\/#primaryimage"},"thumbnailUrl":"https:\/\/www.frederic-poitou.com\/blog\/wp-content\/lolo.jpeg","articleSection":["Ecologie","Politique"],"inLanguage":"fr-FR"},{"@type":"WebPage","@id":"https:\/\/www.frederic-poitou.com\/blog\/elevation-du-niveau-de-la-mer-il-vous-sera-difficile-de-dire-a-vos-enfants-que-vous-ne-saviez-pas\/","url":"https:\/\/www.frederic-poitou.com\/blog\/elevation-du-niveau-de-la-mer-il-vous-sera-difficile-de-dire-a-vos-enfants-que-vous-ne-saviez-pas\/","name":"EL\u00c9VATION DU NIVEAU DE LA MER : VOUS NE POURREZ PAS DIRE \u00c0 VOS ENFANTS QUE VOUS NE SAVIEZ PAS -","isPartOf":{"@id":"https:\/\/www.frederic-poitou.com\/blog\/#website"},"primaryImageOfPage":{"@id":"https:\/\/www.frederic-poitou.com\/blog\/elevation-du-niveau-de-la-mer-il-vous-sera-difficile-de-dire-a-vos-enfants-que-vous-ne-saviez-pas\/#primaryimage"},"image":{"@id":"https:\/\/www.frederic-poitou.com\/blog\/elevation-du-niveau-de-la-mer-il-vous-sera-difficile-de-dire-a-vos-enfants-que-vous-ne-saviez-pas\/#primaryimage"},"thumbnailUrl":"https:\/\/www.frederic-poitou.com\/blog\/wp-content\/lolo.jpeg","datePublished":"2023-07-14T00:04:32+00:00","dateModified":"2026-04-14T23:42:52+00:00","author":{"@id":"https:\/\/www.frederic-poitou.com\/blog\/#\/schema\/person\/e2c2d05e978747818533fdce859a7799"},"breadcrumb":{"@id":"https:\/\/www.frederic-poitou.com\/blog\/elevation-du-niveau-de-la-mer-il-vous-sera-difficile-de-dire-a-vos-enfants-que-vous-ne-saviez-pas\/#breadcrumb"},"inLanguage":"fr-FR","potentialAction":[{"@type":"ReadAction","target":["https:\/\/www.frederic-poitou.com\/blog\/elevation-du-niveau-de-la-mer-il-vous-sera-difficile-de-dire-a-vos-enfants-que-vous-ne-saviez-pas\/"]}]},{"@type":"ImageObject","inLanguage":"fr-FR","@id":"https:\/\/www.frederic-poitou.com\/blog\/elevation-du-niveau-de-la-mer-il-vous-sera-difficile-de-dire-a-vos-enfants-que-vous-ne-saviez-pas\/#primaryimage","url":"https:\/\/www.frederic-poitou.com\/blog\/wp-content\/lolo.jpeg","contentUrl":"https:\/\/www.frederic-poitou.com\/blog\/wp-content\/lolo.jpeg","width":471,"height":267},{"@type":"BreadcrumbList","@id":"https:\/\/www.frederic-poitou.com\/blog\/elevation-du-niveau-de-la-mer-il-vous-sera-difficile-de-dire-a-vos-enfants-que-vous-ne-saviez-pas\/#breadcrumb","itemListElement":[{"@type":"ListItem","position":1,"name":"Accueil","item":"https:\/\/www.frederic-poitou.com\/blog\/"},{"@type":"ListItem","position":2,"name":"EL\u00c9VATION DU NIVEAU DE LA MER : VOUS NE POURREZ PAS DIRE \u00c0 VOS ENFANTS QUE VOUS NE SAVIEZ PAS"}]},{"@type":"WebSite","@id":"https:\/\/www.frederic-poitou.com\/blog\/#website","url":"https:\/\/www.frederic-poitou.com\/blog\/","name":"","description":"","potentialAction":[{"@type":"SearchAction","target":{"@type":"EntryPoint","urlTemplate":"https:\/\/www.frederic-poitou.com\/blog\/?s={search_term_string}"},"query-input":{"@type":"PropertyValueSpecification","valueRequired":true,"valueName":"search_term_string"}}],"inLanguage":"fr-FR"},{"@type":"Person","@id":"https:\/\/www.frederic-poitou.com\/blog\/#\/schema\/person\/e2c2d05e978747818533fdce859a7799","name":"Fr\u00e9d\u00e9ric Poitou","image":{"@type":"ImageObject","inLanguage":"fr-FR","@id":"https:\/\/www.frederic-poitou.com\/blog\/#\/schema\/person\/image\/","url":"https:\/\/secure.gravatar.com\/avatar\/1933bcca279a2feafd35d9e0a080c521e11beb51115fe4cfe02e2586ac13424a?s=96&d=mm&r=g","contentUrl":"https:\/\/secure.gravatar.com\/avatar\/1933bcca279a2feafd35d9e0a080c521e11beb51115fe4cfe02e2586ac13424a?s=96&d=mm&r=g","caption":"Fr\u00e9d\u00e9ric Poitou"},"description":"Fr\u00e9d\u00e9ric Poitou est n\u00e9 \u00e0 Rouen, et y a fait des \u00e9tudes au Conservatoire en musique-\u00e9tudes en section piano. Il s'est ensuite orient\u00e9 vers des \u00e9tudes scientifiques o\u00f9 il a obtenu un dipl\u00f4me d'ing\u00e9nieur, puis un doctorat en Chimie. Il est Expert Judiciaire en France, en Belgique et \u00e0 Luxembourg, et agr\u00e9e par les Institutions Europ\u00e9ennes.","sameAs":["http:\/\/www.frederic-poitou.com","https:\/\/www.linkedin.com\/in\/frederic-poitou-b045a025\/"]}]}},"_links":{"self":[{"href":"https:\/\/www.frederic-poitou.com\/blog\/wp-json\/wp\/v2\/posts\/6788","targetHints":{"allow":["GET"]}}],"collection":[{"href":"https:\/\/www.frederic-poitou.com\/blog\/wp-json\/wp\/v2\/posts"}],"about":[{"href":"https:\/\/www.frederic-poitou.com\/blog\/wp-json\/wp\/v2\/types\/post"}],"author":[{"embeddable":true,"href":"https:\/\/www.frederic-poitou.com\/blog\/wp-json\/wp\/v2\/users\/4"}],"replies":[{"embeddable":true,"href":"https:\/\/www.frederic-poitou.com\/blog\/wp-json\/wp\/v2\/comments?post=6788"}],"version-history":[{"count":1,"href":"https:\/\/www.frederic-poitou.com\/blog\/wp-json\/wp\/v2\/posts\/6788\/revisions"}],"predecessor-version":[{"id":8800,"href":"https:\/\/www.frederic-poitou.com\/blog\/wp-json\/wp\/v2\/posts\/6788\/revisions\/8800"}],"wp:featuredmedia":[{"embeddable":true,"href":"https:\/\/www.frederic-poitou.com\/blog\/wp-json\/wp\/v2\/media\/6789"}],"wp:attachment":[{"href":"https:\/\/www.frederic-poitou.com\/blog\/wp-json\/wp\/v2\/media?parent=6788"}],"wp:term":[{"taxonomy":"category","embeddable":true,"href":"https:\/\/www.frederic-poitou.com\/blog\/wp-json\/wp\/v2\/categories?post=6788"},{"taxonomy":"post_tag","embeddable":true,"href":"https:\/\/www.frederic-poitou.com\/blog\/wp-json\/wp\/v2\/tags?post=6788"}],"curies":[{"name":"wp","href":"https:\/\/api.w.org\/{rel}","templated":true}]}}