{"id":6779,"date":"2023-07-14T02:38:32","date_gmt":"2023-07-14T00:38:32","guid":{"rendered":"http:\/\/www.frederic-poitou.com\/blog\/?p=6779"},"modified":"2026-04-15T06:43:16","modified_gmt":"2026-04-15T04:43:16","slug":"le-plug-anal-et-la-rencontre-perceptive-avec-le-cube-rose","status":"publish","type":"post","link":"https:\/\/www.frederic-poitou.com\/blog\/le-plug-anal-et-la-rencontre-perceptive-avec-le-cube-rose\/","title":{"rendered":"LE PLUG ANAL ET LA RENCONTRE PERCEPTIVE AVEC LE CUBE DE GLACE ROSE"},"content":{"rendered":"<p>Une rencontre perceptive avec un <a href=\"http:\/\/www.maisondelaradio.fr\/evenement\/evenement-exceptionnel\/script-machine2015\/performance-florian-hecker\" target=\"_blank\" rel=\"noopener noreferrer\">cube de glace rose<\/a> &#8230; Ah waow &#8230;<\/p>\n<p>Apr\u00e8s le plug anal expos\u00e9 Place Vend\u00f4me en 2014, voici \u00e0 quoi servent mes imp\u00f4ts 2015.<\/p>\n<p>Florian Hecker a collabor\u00e9 avec l&rsquo;\u00e9crivain et philosophe Reza Negarestani pour proposer une \u0153uvre sonore exp\u00e9rimentale, un mod\u00e8le d&rsquo;abstraction qui rappelle autant le Th\u00e9\u00e2tre de la cruaut\u00e9 d&rsquo;Artaud que les r\u00e9cits minimalistes de Beckett ou la po\u00e9sie n\u00e9o-imagiste.<\/p>\n<div class=\"text_exposed_show\">\n<p><em>Le point de d\u00e9part conceptuel est une rencontre perceptive avec un cube de glace rose, qui est dramatis\u00e9 comme une sc\u00e8ne dans laquelle les chim\u00e8res linguistiques des descriptions olfactives et sonores sont mat\u00e9rialis\u00e9es par des troph\u00e9es synth\u00e9tiques, des objets auditifs et des accessoires de th\u00e9\u00e2tre.<\/em><\/p>\n<p>Ouais, ouais, ouais ..<\/p>\n<p style=\"text-align: left;\">Mais dis moi camarade subventionn\u00e9, tu te fous de qui ?<\/p>\n<\/div>\n<p style=\"text-align: center;\"><img loading=\"lazy\" decoding=\"async\" class=\"size-full wp-image-6859 aligncenter\" src=\"http:\/\/www.frederic-poitou.com\/blog\/wp-content\/2015\/10\/Florian-Hecker_A-Script-for-Machine-Synthesis.jpg\" alt=\"Florian Hecker_A Script for Machine Synthesis\" width=\"430\" height=\"369\" srcset=\"https:\/\/www.frederic-poitou.com\/blog\/wp-content\/2015\/10\/Florian-Hecker_A-Script-for-Machine-Synthesis.jpg 430w, https:\/\/www.frederic-poitou.com\/blog\/wp-content\/2015\/10\/Florian-Hecker_A-Script-for-Machine-Synthesis-300x257.jpg 300w\" sizes=\"auto, (max-width: 430px) 100vw, 430px\" \/><\/p>\n<p style=\"text-align: center;\"><a href=\"http:\/\/www.frederic-poitou.com\/blog\/wp-content\/986426-1169882.jpg\"><img loading=\"lazy\" decoding=\"async\" class=\"wp-image-6781 size-medium aligncenter\" src=\"http:\/\/www.frederic-poitou.com\/blog\/wp-content\/986426-1169882-300x199.jpg\" alt=\"986426-1169882\" width=\"300\" height=\"199\" srcset=\"https:\/\/www.frederic-poitou.com\/blog\/wp-content\/986426-1169882-300x199.jpg 300w, https:\/\/www.frederic-poitou.com\/blog\/wp-content\/986426-1169882.jpg 660w\" sizes=\"auto, (max-width: 300px) 100vw, 300px\" \/><\/a><\/p>\n","protected":false},"excerpt":{"rendered":"<p>Une rencontre perceptive avec un cube de glace rose &#8230; Ah waow &#8230; Apr\u00e8s le plug anal expos\u00e9 Place Vend\u00f4me en 2014, voici \u00e0 quoi servent mes imp\u00f4ts 2015. Florian Hecker a collabor\u00e9 avec l&rsquo;\u00e9crivain et philosophe Reza Negarestani pour &hellip; <a href=\"https:\/\/www.frederic-poitou.com\/blog\/le-plug-anal-et-la-rencontre-perceptive-avec-le-cube-rose\/\">Lire la suite\u00ad\u00ad<\/a><\/p>\n","protected":false},"author":4,"featured_media":6781,"comment_status":"closed","ping_status":"closed","sticky":false,"template":"","format":"standard","meta":{"kt_blocks_editor_width":"","_exactmetrics_skip_tracking":false,"_exactmetrics_sitenote_active":false,"_exactmetrics_sitenote_note":"","_exactmetrics_sitenote_category":0,"footnotes":""},"categories":[44,1],"tags":[],"class_list":["post-6779","post","type-post","status-publish","format-standard","has-post-thumbnail","hentry","category-culture","category-politique-economie"],"yoast_head":"<!-- This site is optimized with the Yoast SEO plugin v27.1.1 - https:\/\/yoast.com\/product\/yoast-seo-wordpress\/ -->\n<title>LE PLUG ANAL ET LA RENCONTRE PERCEPTIVE AVEC LE CUBE DE GLACE ROSE -<\/title>\n<meta name=\"robots\" content=\"index, follow, max-snippet:-1, max-image-preview:large, max-video-preview:-1\" \/>\n<link rel=\"canonical\" href=\"https:\/\/www.frederic-poitou.com\/blog\/le-plug-anal-et-la-rencontre-perceptive-avec-le-cube-rose\/\" \/>\n<meta property=\"og:locale\" content=\"fr_FR\" \/>\n<meta property=\"og:type\" content=\"article\" \/>\n<meta property=\"og:title\" content=\"LE PLUG ANAL ET LA RENCONTRE PERCEPTIVE AVEC LE CUBE DE GLACE ROSE -\" \/>\n<meta property=\"og:description\" content=\"Une rencontre perceptive avec un cube de glace rose &#8230; Ah waow &#8230; Apr\u00e8s le plug anal expos\u00e9 Place Vend\u00f4me en 2014, voici \u00e0 quoi servent mes imp\u00f4ts 2015. Florian Hecker a collabor\u00e9 avec l&rsquo;\u00e9crivain et philosophe Reza Negarestani pour &hellip; Lire la suite\u00ad\u00ad\" \/>\n<meta property=\"og:url\" content=\"https:\/\/www.frederic-poitou.com\/blog\/le-plug-anal-et-la-rencontre-perceptive-avec-le-cube-rose\/\" \/>\n<meta property=\"article:publisher\" content=\"https:\/\/www.facebook.com\/frederic.poitou\/\" \/>\n<meta property=\"article:published_time\" content=\"2023-07-14T00:38:32+00:00\" \/>\n<meta property=\"article:modified_time\" content=\"2026-04-15T04:43:16+00:00\" \/>\n<meta property=\"og:image\" content=\"https:\/\/www.frederic-poitou.com\/blog\/wp-content\/986426-1169882.jpg\" \/>\n\t<meta property=\"og:image:width\" content=\"660\" \/>\n\t<meta property=\"og:image:height\" content=\"438\" \/>\n\t<meta property=\"og:image:type\" content=\"image\/jpeg\" \/>\n<meta name=\"author\" content=\"Fr\u00e9d\u00e9ric Poitou\" \/>\n<meta name=\"twitter:card\" content=\"summary_large_image\" \/>\n<meta name=\"twitter:creator\" content=\"@fredericpoitou\" \/>\n<meta name=\"twitter:site\" content=\"@fredericpoitou\" \/>\n<meta name=\"twitter:label1\" content=\"\u00c9crit par\" \/>\n\t<meta name=\"twitter:data1\" content=\"Fr\u00e9d\u00e9ric Poitou\" \/>\n\t<meta name=\"twitter:label2\" content=\"Dur\u00e9e de lecture estim\u00e9e\" \/>\n\t<meta name=\"twitter:data2\" content=\"1 minute\" \/>\n<script type=\"application\/ld+json\" class=\"yoast-schema-graph\">{\"@context\":\"https:\/\/schema.org\",\"@graph\":[{\"@type\":\"Article\",\"@id\":\"https:\/\/www.frederic-poitou.com\/blog\/le-plug-anal-et-la-rencontre-perceptive-avec-le-cube-rose\/#article\",\"isPartOf\":{\"@id\":\"https:\/\/www.frederic-poitou.com\/blog\/le-plug-anal-et-la-rencontre-perceptive-avec-le-cube-rose\/\"},\"author\":{\"name\":\"Fr\u00e9d\u00e9ric Poitou\",\"@id\":\"http:\/\/www.frederic-poitou.com\/blog\/#\/schema\/person\/e2c2d05e978747818533fdce859a7799\"},\"headline\":\"LE PLUG ANAL ET LA RENCONTRE PERCEPTIVE AVEC LE CUBE DE GLACE ROSE\",\"datePublished\":\"2023-07-14T00:38:32+00:00\",\"dateModified\":\"2026-04-15T04:43:16+00:00\",\"mainEntityOfPage\":{\"@id\":\"https:\/\/www.frederic-poitou.com\/blog\/le-plug-anal-et-la-rencontre-perceptive-avec-le-cube-rose\/\"},\"wordCount\":153,\"image\":{\"@id\":\"https:\/\/www.frederic-poitou.com\/blog\/le-plug-anal-et-la-rencontre-perceptive-avec-le-cube-rose\/#primaryimage\"},\"thumbnailUrl\":\"https:\/\/www.frederic-poitou.com\/blog\/wp-content\/986426-1169882.jpg\",\"articleSection\":[\"Culture\",\"Divers\"],\"inLanguage\":\"fr-FR\"},{\"@type\":\"WebPage\",\"@id\":\"https:\/\/www.frederic-poitou.com\/blog\/le-plug-anal-et-la-rencontre-perceptive-avec-le-cube-rose\/\",\"url\":\"https:\/\/www.frederic-poitou.com\/blog\/le-plug-anal-et-la-rencontre-perceptive-avec-le-cube-rose\/\",\"name\":\"LE PLUG ANAL ET LA RENCONTRE PERCEPTIVE AVEC LE CUBE DE GLACE ROSE -\",\"isPartOf\":{\"@id\":\"http:\/\/www.frederic-poitou.com\/blog\/#website\"},\"primaryImageOfPage\":{\"@id\":\"https:\/\/www.frederic-poitou.com\/blog\/le-plug-anal-et-la-rencontre-perceptive-avec-le-cube-rose\/#primaryimage\"},\"image\":{\"@id\":\"https:\/\/www.frederic-poitou.com\/blog\/le-plug-anal-et-la-rencontre-perceptive-avec-le-cube-rose\/#primaryimage\"},\"thumbnailUrl\":\"https:\/\/www.frederic-poitou.com\/blog\/wp-content\/986426-1169882.jpg\",\"datePublished\":\"2023-07-14T00:38:32+00:00\",\"dateModified\":\"2026-04-15T04:43:16+00:00\",\"author\":{\"@id\":\"http:\/\/www.frederic-poitou.com\/blog\/#\/schema\/person\/e2c2d05e978747818533fdce859a7799\"},\"breadcrumb\":{\"@id\":\"https:\/\/www.frederic-poitou.com\/blog\/le-plug-anal-et-la-rencontre-perceptive-avec-le-cube-rose\/#breadcrumb\"},\"inLanguage\":\"fr-FR\",\"potentialAction\":[{\"@type\":\"ReadAction\",\"target\":[\"https:\/\/www.frederic-poitou.com\/blog\/le-plug-anal-et-la-rencontre-perceptive-avec-le-cube-rose\/\"]}]},{\"@type\":\"ImageObject\",\"inLanguage\":\"fr-FR\",\"@id\":\"https:\/\/www.frederic-poitou.com\/blog\/le-plug-anal-et-la-rencontre-perceptive-avec-le-cube-rose\/#primaryimage\",\"url\":\"https:\/\/www.frederic-poitou.com\/blog\/wp-content\/986426-1169882.jpg\",\"contentUrl\":\"https:\/\/www.frederic-poitou.com\/blog\/wp-content\/986426-1169882.jpg\",\"width\":660,\"height\":438},{\"@type\":\"BreadcrumbList\",\"@id\":\"https:\/\/www.frederic-poitou.com\/blog\/le-plug-anal-et-la-rencontre-perceptive-avec-le-cube-rose\/#breadcrumb\",\"itemListElement\":[{\"@type\":\"ListItem\",\"position\":1,\"name\":\"Accueil\",\"item\":\"http:\/\/www.frederic-poitou.com\/blog\/\"},{\"@type\":\"ListItem\",\"position\":2,\"name\":\"LE PLUG ANAL ET LA RENCONTRE PERCEPTIVE AVEC LE CUBE DE GLACE ROSE\"}]},{\"@type\":\"WebSite\",\"@id\":\"http:\/\/www.frederic-poitou.com\/blog\/#website\",\"url\":\"http:\/\/www.frederic-poitou.com\/blog\/\",\"name\":\"\",\"description\":\"\",\"potentialAction\":[{\"@type\":\"SearchAction\",\"target\":{\"@type\":\"EntryPoint\",\"urlTemplate\":\"http:\/\/www.frederic-poitou.com\/blog\/?s={search_term_string}\"},\"query-input\":{\"@type\":\"PropertyValueSpecification\",\"valueRequired\":true,\"valueName\":\"search_term_string\"}}],\"inLanguage\":\"fr-FR\"},{\"@type\":\"Person\",\"@id\":\"http:\/\/www.frederic-poitou.com\/blog\/#\/schema\/person\/e2c2d05e978747818533fdce859a7799\",\"name\":\"Fr\u00e9d\u00e9ric Poitou\",\"image\":{\"@type\":\"ImageObject\",\"inLanguage\":\"fr-FR\",\"@id\":\"http:\/\/www.frederic-poitou.com\/blog\/#\/schema\/person\/image\/\",\"url\":\"https:\/\/secure.gravatar.com\/avatar\/1933bcca279a2feafd35d9e0a080c521e11beb51115fe4cfe02e2586ac13424a?s=96&d=mm&r=g\",\"contentUrl\":\"https:\/\/secure.gravatar.com\/avatar\/1933bcca279a2feafd35d9e0a080c521e11beb51115fe4cfe02e2586ac13424a?s=96&d=mm&r=g\",\"caption\":\"Fr\u00e9d\u00e9ric Poitou\"},\"description\":\"Fr\u00e9d\u00e9ric Poitou est n\u00e9 \u00e0 Rouen, et y a fait des \u00e9tudes au Conservatoire en musique-\u00e9tudes en section piano. Il s'est ensuite orient\u00e9 vers des \u00e9tudes scientifiques o\u00f9 il a obtenu un dipl\u00f4me d'ing\u00e9nieur, puis un doctorat en Chimie. Il est Expert Judiciaire en France, en Belgique et \u00e0 Luxembourg, et agr\u00e9e par les Institutions Europ\u00e9ennes.\",\"sameAs\":[\"http:\/\/www.frederic-poitou.com\",\"https:\/\/www.linkedin.com\/in\/frederic-poitou-b045a025\/\"]}]}<\/script>\n<!-- \/ Yoast SEO plugin. -->","yoast_head_json":{"title":"LE PLUG ANAL ET LA RENCONTRE PERCEPTIVE AVEC LE CUBE DE GLACE ROSE -","robots":{"index":"index","follow":"follow","max-snippet":"max-snippet:-1","max-image-preview":"max-image-preview:large","max-video-preview":"max-video-preview:-1"},"canonical":"https:\/\/www.frederic-poitou.com\/blog\/le-plug-anal-et-la-rencontre-perceptive-avec-le-cube-rose\/","og_locale":"fr_FR","og_type":"article","og_title":"LE PLUG ANAL ET LA RENCONTRE PERCEPTIVE AVEC LE CUBE DE GLACE ROSE -","og_description":"Une rencontre perceptive avec un cube de glace rose &#8230; Ah waow &#8230; Apr\u00e8s le plug anal expos\u00e9 Place Vend\u00f4me en 2014, voici \u00e0 quoi servent mes imp\u00f4ts 2015. Florian Hecker a collabor\u00e9 avec l&rsquo;\u00e9crivain et philosophe Reza Negarestani pour &hellip; Lire la suite\u00ad\u00ad","og_url":"https:\/\/www.frederic-poitou.com\/blog\/le-plug-anal-et-la-rencontre-perceptive-avec-le-cube-rose\/","article_publisher":"https:\/\/www.facebook.com\/frederic.poitou\/","article_published_time":"2023-07-14T00:38:32+00:00","article_modified_time":"2026-04-15T04:43:16+00:00","og_image":[{"width":660,"height":438,"url":"https:\/\/www.frederic-poitou.com\/blog\/wp-content\/986426-1169882.jpg","type":"image\/jpeg"}],"author":"Fr\u00e9d\u00e9ric Poitou","twitter_card":"summary_large_image","twitter_creator":"@fredericpoitou","twitter_site":"@fredericpoitou","twitter_misc":{"\u00c9crit par":"Fr\u00e9d\u00e9ric Poitou","Dur\u00e9e de lecture estim\u00e9e":"1 minute"},"schema":{"@context":"https:\/\/schema.org","@graph":[{"@type":"Article","@id":"https:\/\/www.frederic-poitou.com\/blog\/le-plug-anal-et-la-rencontre-perceptive-avec-le-cube-rose\/#article","isPartOf":{"@id":"https:\/\/www.frederic-poitou.com\/blog\/le-plug-anal-et-la-rencontre-perceptive-avec-le-cube-rose\/"},"author":{"name":"Fr\u00e9d\u00e9ric Poitou","@id":"http:\/\/www.frederic-poitou.com\/blog\/#\/schema\/person\/e2c2d05e978747818533fdce859a7799"},"headline":"LE PLUG ANAL ET LA RENCONTRE PERCEPTIVE AVEC LE CUBE DE GLACE ROSE","datePublished":"2023-07-14T00:38:32+00:00","dateModified":"2026-04-15T04:43:16+00:00","mainEntityOfPage":{"@id":"https:\/\/www.frederic-poitou.com\/blog\/le-plug-anal-et-la-rencontre-perceptive-avec-le-cube-rose\/"},"wordCount":153,"image":{"@id":"https:\/\/www.frederic-poitou.com\/blog\/le-plug-anal-et-la-rencontre-perceptive-avec-le-cube-rose\/#primaryimage"},"thumbnailUrl":"https:\/\/www.frederic-poitou.com\/blog\/wp-content\/986426-1169882.jpg","articleSection":["Culture","Divers"],"inLanguage":"fr-FR"},{"@type":"WebPage","@id":"https:\/\/www.frederic-poitou.com\/blog\/le-plug-anal-et-la-rencontre-perceptive-avec-le-cube-rose\/","url":"https:\/\/www.frederic-poitou.com\/blog\/le-plug-anal-et-la-rencontre-perceptive-avec-le-cube-rose\/","name":"LE PLUG ANAL ET LA RENCONTRE PERCEPTIVE AVEC LE CUBE DE GLACE ROSE -","isPartOf":{"@id":"http:\/\/www.frederic-poitou.com\/blog\/#website"},"primaryImageOfPage":{"@id":"https:\/\/www.frederic-poitou.com\/blog\/le-plug-anal-et-la-rencontre-perceptive-avec-le-cube-rose\/#primaryimage"},"image":{"@id":"https:\/\/www.frederic-poitou.com\/blog\/le-plug-anal-et-la-rencontre-perceptive-avec-le-cube-rose\/#primaryimage"},"thumbnailUrl":"https:\/\/www.frederic-poitou.com\/blog\/wp-content\/986426-1169882.jpg","datePublished":"2023-07-14T00:38:32+00:00","dateModified":"2026-04-15T04:43:16+00:00","author":{"@id":"http:\/\/www.frederic-poitou.com\/blog\/#\/schema\/person\/e2c2d05e978747818533fdce859a7799"},"breadcrumb":{"@id":"https:\/\/www.frederic-poitou.com\/blog\/le-plug-anal-et-la-rencontre-perceptive-avec-le-cube-rose\/#breadcrumb"},"inLanguage":"fr-FR","potentialAction":[{"@type":"ReadAction","target":["https:\/\/www.frederic-poitou.com\/blog\/le-plug-anal-et-la-rencontre-perceptive-avec-le-cube-rose\/"]}]},{"@type":"ImageObject","inLanguage":"fr-FR","@id":"https:\/\/www.frederic-poitou.com\/blog\/le-plug-anal-et-la-rencontre-perceptive-avec-le-cube-rose\/#primaryimage","url":"https:\/\/www.frederic-poitou.com\/blog\/wp-content\/986426-1169882.jpg","contentUrl":"https:\/\/www.frederic-poitou.com\/blog\/wp-content\/986426-1169882.jpg","width":660,"height":438},{"@type":"BreadcrumbList","@id":"https:\/\/www.frederic-poitou.com\/blog\/le-plug-anal-et-la-rencontre-perceptive-avec-le-cube-rose\/#breadcrumb","itemListElement":[{"@type":"ListItem","position":1,"name":"Accueil","item":"http:\/\/www.frederic-poitou.com\/blog\/"},{"@type":"ListItem","position":2,"name":"LE PLUG ANAL ET LA RENCONTRE PERCEPTIVE AVEC LE CUBE DE GLACE ROSE"}]},{"@type":"WebSite","@id":"http:\/\/www.frederic-poitou.com\/blog\/#website","url":"http:\/\/www.frederic-poitou.com\/blog\/","name":"","description":"","potentialAction":[{"@type":"SearchAction","target":{"@type":"EntryPoint","urlTemplate":"http:\/\/www.frederic-poitou.com\/blog\/?s={search_term_string}"},"query-input":{"@type":"PropertyValueSpecification","valueRequired":true,"valueName":"search_term_string"}}],"inLanguage":"fr-FR"},{"@type":"Person","@id":"http:\/\/www.frederic-poitou.com\/blog\/#\/schema\/person\/e2c2d05e978747818533fdce859a7799","name":"Fr\u00e9d\u00e9ric Poitou","image":{"@type":"ImageObject","inLanguage":"fr-FR","@id":"http:\/\/www.frederic-poitou.com\/blog\/#\/schema\/person\/image\/","url":"https:\/\/secure.gravatar.com\/avatar\/1933bcca279a2feafd35d9e0a080c521e11beb51115fe4cfe02e2586ac13424a?s=96&d=mm&r=g","contentUrl":"https:\/\/secure.gravatar.com\/avatar\/1933bcca279a2feafd35d9e0a080c521e11beb51115fe4cfe02e2586ac13424a?s=96&d=mm&r=g","caption":"Fr\u00e9d\u00e9ric Poitou"},"description":"Fr\u00e9d\u00e9ric Poitou est n\u00e9 \u00e0 Rouen, et y a fait des \u00e9tudes au Conservatoire en musique-\u00e9tudes en section piano. Il s'est ensuite orient\u00e9 vers des \u00e9tudes scientifiques o\u00f9 il a obtenu un dipl\u00f4me d'ing\u00e9nieur, puis un doctorat en Chimie. Il est Expert Judiciaire en France, en Belgique et \u00e0 Luxembourg, et agr\u00e9e par les Institutions Europ\u00e9ennes.","sameAs":["http:\/\/www.frederic-poitou.com","https:\/\/www.linkedin.com\/in\/frederic-poitou-b045a025\/"]}]}},"_links":{"self":[{"href":"https:\/\/www.frederic-poitou.com\/blog\/wp-json\/wp\/v2\/posts\/6779","targetHints":{"allow":["GET"]}}],"collection":[{"href":"https:\/\/www.frederic-poitou.com\/blog\/wp-json\/wp\/v2\/posts"}],"about":[{"href":"https:\/\/www.frederic-poitou.com\/blog\/wp-json\/wp\/v2\/types\/post"}],"author":[{"embeddable":true,"href":"https:\/\/www.frederic-poitou.com\/blog\/wp-json\/wp\/v2\/users\/4"}],"replies":[{"embeddable":true,"href":"https:\/\/www.frederic-poitou.com\/blog\/wp-json\/wp\/v2\/comments?post=6779"}],"version-history":[{"count":1,"href":"https:\/\/www.frederic-poitou.com\/blog\/wp-json\/wp\/v2\/posts\/6779\/revisions"}],"predecessor-version":[{"id":8802,"href":"https:\/\/www.frederic-poitou.com\/blog\/wp-json\/wp\/v2\/posts\/6779\/revisions\/8802"}],"wp:featuredmedia":[{"embeddable":true,"href":"https:\/\/www.frederic-poitou.com\/blog\/wp-json\/wp\/v2\/media\/6781"}],"wp:attachment":[{"href":"https:\/\/www.frederic-poitou.com\/blog\/wp-json\/wp\/v2\/media?parent=6779"}],"wp:term":[{"taxonomy":"category","embeddable":true,"href":"https:\/\/www.frederic-poitou.com\/blog\/wp-json\/wp\/v2\/categories?post=6779"},{"taxonomy":"post_tag","embeddable":true,"href":"https:\/\/www.frederic-poitou.com\/blog\/wp-json\/wp\/v2\/tags?post=6779"}],"curies":[{"name":"wp","href":"https:\/\/api.w.org\/{rel}","templated":true}]}}