{"id":6543,"date":"2023-07-13T22:27:32","date_gmt":"2023-07-13T20:27:32","guid":{"rendered":"http:\/\/www.frederic-poitou.com\/blog\/?p=6543"},"modified":"2026-04-13T22:13:06","modified_gmt":"2026-04-13T20:13:06","slug":"deux-rapports-detonants-inquietent-les-laics","status":"publish","type":"post","link":"https:\/\/www.frederic-poitou.com\/blog\/deux-rapports-detonants-inquietent-les-laics\/","title":{"rendered":"DEUX RAPPORTS DETONANTS INQUIETENT LES LA\u00cfCS"},"content":{"rendered":"<p><img loading=\"lazy\" decoding=\"async\" class=\"alignleft  wp-image-6548\" style=\"border-width: 10px; border-color: black; border-style: solid; margin: 10px;\" alt=\"Sans titre\" src=\"http:\/\/www.frederic-poitou.com\/blog\/wp-content\/Sans-titre6.jpeg\" width=\"350\" height=\"232\" srcset=\"https:\/\/www.frederic-poitou.com\/blog\/wp-content\/Sans-titre6.jpeg 500w, https:\/\/www.frederic-poitou.com\/blog\/wp-content\/Sans-titre6-300x198.jpeg 300w\" sizes=\"auto, (max-width: 350px) 100vw, 350px\" \/>Le premier rapport sur la \u00ab\u00a0Refondation de la politique d\u2019int\u00e9gration\u00a0\u00bb qui figure sur le site de Matignon (cliquer <a href=\"http:\/\/www.gouvernement.fr\/sites\/default\/files\/fichiers_joints\/rapport_au_premier_ministre_sur_la_refondation_des_politiques_d_integration_0.pdf\" target=\"_blank\" rel=\"noopener\">ICI<\/a>) et le second demand\u00e9 au S\u00e9nat (Collectivit\u00e9s territoriales et financement des lieux de cultes, en cours de pr\u00e9paration au S\u00e9nat) nous invitent \u00e0 \u00eatre tr\u00e8s vigilants quant \u00e0 la stricte observance du principe de La\u00efcit\u00e9 en France, le quatri\u00e8me pilier de la R\u00e9publique.<\/p>\n<p>Le premier rapport dont les conclusions ont \u00e9t\u00e9 remises au Premier ministre le 13 novembre, est le fruit du travail de cinq commissions th\u00e9matiques, auxquelles ont particip\u00e9 des repr\u00e9sentants des services de l&rsquo;Etat, des collectivit\u00e9s territoriales, des associations, des partenaires sociaux ainsi que des chercheurs et experts.<\/p>\n<p><strong>Le retour du voile \u00e0 l&rsquo;\u00e9cole?<\/strong>\u00a0C&rsquo;est sans doute la mesure qui devrait \u00eatre la plus d\u00e9battue. Le rapport pr\u00e9conise en effet de faire demi-tour par rapport \u00e0 la l\u00e9gislation actuelle sur ce sujet.\u00a0Est aussi vis\u00e9e la circulaire de mars 2012 sur l&rsquo;accompagnement des sorties scolaires qui emp\u00eache les mamans voil\u00e9es d&rsquo;accompagner les \u00e9l\u00e8ves lors des sorties scolaires.<\/p>\n<p><strong>Remise \u00e0 plat de l&rsquo;Histoire.\u00a0<\/strong>Un travail \u00abde (re)mise \u00e0 plat de l&rsquo;histoire de la France\u00a0est n\u00e9cessaire\u00bb, estiment aussi les auteurs. \u00abL&rsquo;histoire enseign\u00e9e se r\u00e9f\u00e8re \u00e0 des figures incarn\u00e9es qui demeurent tr\u00e8s largement des &lsquo;grands hommes&rsquo; blancs et h\u00e9t\u00e9rosexuels\u00bb, constate ce rapport d\u00e9cid\u00e9ment d\u00e9tonant. \u00abIl y a donc un enjeu fort \u00e0 faire \u00e9voluer le panth\u00e9on des figures cens\u00e9es incarner les grands mouvements, les \u00e9poques et les dynamiques plurielles de la soci\u00e9t\u00e9\u00bb, y lit-on encore. L&rsquo;histoire des mouvements de population, \u00abc&rsquo;est-\u00e0-dire ceux li\u00e9s \u00e0 l&rsquo;esclavage et \u00e0 la traite n\u00e9gri\u00e8re, les colonisations [&#8230;]\u00a0sans oublier les Roms\u00bb doit \u00e9galement, selon les experts mandat\u00e9s par le gouvernement, \u00eatre enseign\u00e9e d\u00e8s le primaire.<br \/>\n<strong><br \/>\nApprendre l&rsquo;histoire et la langue des minorit\u00e9s.<\/strong>\u00a0\u00abLa France doit assumer la dimension arabe-orientale (comme afro-antillaise, oc\u00e9anindienne, m\u00e9lano-polyn\u00e9sienne ou sud-est asiatique) de son identit\u00e9 et sortir de son attitude post-coloniale\u00bb,\u00a0expliquent les experts,\u00a0qui exhortent le gouvernement \u00e0 valoriser l&rsquo;enseignement de l&rsquo;arabe et, d\u00e8s le coll\u00e8ge,\u00a0d&rsquo;une langue africaine.<\/p>\n<p><strong>Prestations sociales discriminantes.<\/strong>\u00a0Sur le plan social, \u00abil est n\u00e9cessaire de reconna\u00eetre le caract\u00e8re discriminant de certaines prestations\u00bb, comme l&rsquo;Allocation de solidarit\u00e9 aux personnes \u00e2g\u00e9es (ASPA) ou le RSA qui \u00abne sont servis aux assur\u00e9s ressortissants \u00e9trangers que s&rsquo;ils justifient d&rsquo;un s\u00e9jour r\u00e9gulier de 5 ans au moins\u00bb.<\/p>\n<p><strong>La \u00abnon-d\u00e9signation\u00bb des\u00a0individus.\u00a0<\/strong>Ce rapport, dont les propositions doivent favoriser le \u00abvivre ensemble\u00bb pose comme principe la \u00abnon d\u00e9signation\u00bb des individus puisque \u00abd\u00e9signer c&rsquo;est assigner et c&rsquo;est stigmatiser\u00bb. \u00abSeules les personnes devraient avoir le droit de se d\u00e9signer elles-m\u00eames\u00bb, estiment les auteurs qui souhaitent la mise en place de recommandations en direction des m\u00e9dias pour \u00abne mentionner la nationalit\u00e9, l&rsquo;origine, l&rsquo;appartenance ethnique, la couleur de peau, la religion ou la culture que si cette information est pertinente\u00bb. Pour emp\u00eacher les d\u00e9signations stigmatisantes, il est aussi sugg\u00e9r\u00e9 de cr\u00e9er un d\u00e9lit de \u00abharc\u00e8lement racial\u00bb et d&rsquo;\u00ab\u00e9tudier le recours \u00e0 la sanction\u00bb.<br \/>\n<strong><br \/>\nInt\u00e9gration, un mot maudit?<\/strong>\u00a0Dans le m\u00eame esprit, le rapport ass\u00e8ne que \u00absymboliquement, l&rsquo;abandon du terme\u00a0<em>int\u00e9gration\u00a0<\/em>peut constituer un signal fort pour celles et ceux qui sont soumis \u00e0 cette injonction au quotidien et \u00e0 tort\u00bb. Un changement s\u00e9mantique qui devra \u00abs&rsquo;accompagner d&rsquo;une transformation du sens de l&rsquo;action et de l&rsquo;intervention publique qui soit visible\u00bb.<\/p>\n<p>&nbsp;<\/p>\n<p>Le second rapport n&rsquo;est pas termin\u00e9, et il ne s&rsquo;agit pas de faire de proc\u00e8s d&rsquo;intention, mais si il a \u00e9t\u00e9 pr\u00e9par\u00e9 dans la m\u00eame logique que le premier, on doit \u00eatre vigilant.<\/p>\n<p>En effet, si l&rsquo;on s&rsquo;oriente comme \u00e0 Paris, vers des montages financiers permettant par le biais de structures culturelles de financer les lieux de culte, on peut \u00eatre inquiet. En effet, sous couvert d&rsquo;un \u00ab\u00a0centre des cultures d&rsquo;Islam, institution culturelle, la mairie de Paris a financ\u00e9 des travaux \u00e0 hauteur de 13,5 Millions d&rsquo;Euros et renvendu la salle de pri\u00e8re pour 2,2 millions d&rsquo;Euros \u00e0 la soci\u00e9t\u00e9 des Habous et lieux saints de l&rsquo;Islam, d\u00e9j\u00e0 propri\u00e9taire de la Grande Mosqu\u00e9e de Paris.<\/p>\n<p>&nbsp;<\/p>\n<p>&nbsp;<\/p>\n","protected":false},"excerpt":{"rendered":"<p>Le premier rapport sur la \u00ab\u00a0Refondation de la politique d\u2019int\u00e9gration\u00a0\u00bb qui figure sur le site de Matignon (cliquer ICI) et le second demand\u00e9 au S\u00e9nat (Collectivit\u00e9s territoriales et financement des lieux de cultes, en cours de pr\u00e9paration au S\u00e9nat) nous &hellip; <a href=\"https:\/\/www.frederic-poitou.com\/blog\/deux-rapports-detonants-inquietent-les-laics\/\">Lire la suite\u00ad\u00ad<\/a><\/p>\n","protected":false},"author":4,"featured_media":0,"comment_status":"closed","ping_status":"closed","sticky":false,"template":"","format":"standard","meta":{"kt_blocks_editor_width":"","_exactmetrics_skip_tracking":false,"_exactmetrics_sitenote_active":false,"_exactmetrics_sitenote_note":"","_exactmetrics_sitenote_category":0,"footnotes":""},"categories":[1],"tags":[50,26,24],"class_list":["post-6543","post","type-post","status-publish","format-standard","hentry","category-politique-economie","tag-politique-economie","tag-laicite","tag-politique"],"yoast_head":"<!-- This site is optimized with the Yoast SEO plugin v27.1.1 - https:\/\/yoast.com\/product\/yoast-seo-wordpress\/ -->\n<title>DEUX RAPPORTS DETONANTS INQUIETENT LES LA\u00cfCS -<\/title>\n<meta name=\"robots\" content=\"index, follow, max-snippet:-1, max-image-preview:large, max-video-preview:-1\" \/>\n<link rel=\"canonical\" href=\"http:\/\/www.frederic-poitou.com\/blog\/deux-rapports-detonants-inquietent-les-laics\/\" \/>\n<meta property=\"og:locale\" content=\"fr_FR\" \/>\n<meta property=\"og:type\" content=\"article\" \/>\n<meta property=\"og:title\" content=\"DEUX RAPPORTS DETONANTS INQUIETENT LES LA\u00cfCS -\" \/>\n<meta property=\"og:description\" content=\"Le premier rapport sur la \u00ab\u00a0Refondation de la politique d\u2019int\u00e9gration\u00a0\u00bb qui figure sur le site de Matignon (cliquer ICI) et le second demand\u00e9 au S\u00e9nat (Collectivit\u00e9s territoriales et financement des lieux de cultes, en cours de pr\u00e9paration au S\u00e9nat) nous &hellip; Lire la suite\u00ad\u00ad\" \/>\n<meta property=\"og:url\" content=\"http:\/\/www.frederic-poitou.com\/blog\/deux-rapports-detonants-inquietent-les-laics\/\" \/>\n<meta property=\"article:publisher\" content=\"https:\/\/www.facebook.com\/frederic.poitou\/\" \/>\n<meta property=\"article:published_time\" content=\"2023-07-13T20:27:32+00:00\" \/>\n<meta property=\"article:modified_time\" content=\"2026-04-13T20:13:06+00:00\" \/>\n<meta property=\"og:image\" content=\"http:\/\/www.frederic-poitou.com\/blog\/wp-content\/Sans-titre6.jpeg\" \/>\n<meta name=\"author\" content=\"Fr\u00e9d\u00e9ric Poitou\" \/>\n<meta name=\"twitter:card\" content=\"summary_large_image\" \/>\n<meta name=\"twitter:creator\" content=\"@fredericpoitou\" \/>\n<meta name=\"twitter:site\" content=\"@fredericpoitou\" \/>\n<meta name=\"twitter:label1\" content=\"\u00c9crit par\" \/>\n\t<meta name=\"twitter:data1\" content=\"Fr\u00e9d\u00e9ric Poitou\" \/>\n\t<meta name=\"twitter:label2\" content=\"Dur\u00e9e de lecture estim\u00e9e\" \/>\n\t<meta name=\"twitter:data2\" content=\"4 minutes\" \/>\n<script type=\"application\/ld+json\" class=\"yoast-schema-graph\">{\"@context\":\"https:\/\/schema.org\",\"@graph\":[{\"@type\":\"Article\",\"@id\":\"http:\/\/www.frederic-poitou.com\/blog\/deux-rapports-detonants-inquietent-les-laics\/#article\",\"isPartOf\":{\"@id\":\"http:\/\/www.frederic-poitou.com\/blog\/deux-rapports-detonants-inquietent-les-laics\/\"},\"author\":{\"name\":\"Fr\u00e9d\u00e9ric Poitou\",\"@id\":\"http:\/\/www.frederic-poitou.com\/blog\/#\/schema\/person\/e2c2d05e978747818533fdce859a7799\"},\"headline\":\"DEUX RAPPORTS DETONANTS INQUIETENT LES LA\u00cfCS\",\"datePublished\":\"2023-07-13T20:27:32+00:00\",\"dateModified\":\"2026-04-13T20:13:06+00:00\",\"mainEntityOfPage\":{\"@id\":\"http:\/\/www.frederic-poitou.com\/blog\/deux-rapports-detonants-inquietent-les-laics\/\"},\"wordCount\":754,\"image\":{\"@id\":\"http:\/\/www.frederic-poitou.com\/blog\/deux-rapports-detonants-inquietent-les-laics\/#primaryimage\"},\"thumbnailUrl\":\"http:\/\/www.frederic-poitou.com\/blog\/wp-content\/Sans-titre6.jpeg\",\"keywords\":[\"Divers\",\"La\u00efcit\u00e9\",\"Politique\"],\"articleSection\":[\"Divers\"],\"inLanguage\":\"fr-FR\"},{\"@type\":\"WebPage\",\"@id\":\"http:\/\/www.frederic-poitou.com\/blog\/deux-rapports-detonants-inquietent-les-laics\/\",\"url\":\"http:\/\/www.frederic-poitou.com\/blog\/deux-rapports-detonants-inquietent-les-laics\/\",\"name\":\"DEUX RAPPORTS DETONANTS INQUIETENT LES LA\u00cfCS -\",\"isPartOf\":{\"@id\":\"http:\/\/www.frederic-poitou.com\/blog\/#website\"},\"primaryImageOfPage\":{\"@id\":\"http:\/\/www.frederic-poitou.com\/blog\/deux-rapports-detonants-inquietent-les-laics\/#primaryimage\"},\"image\":{\"@id\":\"http:\/\/www.frederic-poitou.com\/blog\/deux-rapports-detonants-inquietent-les-laics\/#primaryimage\"},\"thumbnailUrl\":\"http:\/\/www.frederic-poitou.com\/blog\/wp-content\/Sans-titre6.jpeg\",\"datePublished\":\"2023-07-13T20:27:32+00:00\",\"dateModified\":\"2026-04-13T20:13:06+00:00\",\"author\":{\"@id\":\"http:\/\/www.frederic-poitou.com\/blog\/#\/schema\/person\/e2c2d05e978747818533fdce859a7799\"},\"breadcrumb\":{\"@id\":\"http:\/\/www.frederic-poitou.com\/blog\/deux-rapports-detonants-inquietent-les-laics\/#breadcrumb\"},\"inLanguage\":\"fr-FR\",\"potentialAction\":[{\"@type\":\"ReadAction\",\"target\":[\"http:\/\/www.frederic-poitou.com\/blog\/deux-rapports-detonants-inquietent-les-laics\/\"]}]},{\"@type\":\"ImageObject\",\"inLanguage\":\"fr-FR\",\"@id\":\"http:\/\/www.frederic-poitou.com\/blog\/deux-rapports-detonants-inquietent-les-laics\/#primaryimage\",\"url\":\"https:\/\/www.frederic-poitou.com\/blog\/wp-content\/Sans-titre6.jpeg\",\"contentUrl\":\"https:\/\/www.frederic-poitou.com\/blog\/wp-content\/Sans-titre6.jpeg\",\"width\":500,\"height\":331},{\"@type\":\"BreadcrumbList\",\"@id\":\"http:\/\/www.frederic-poitou.com\/blog\/deux-rapports-detonants-inquietent-les-laics\/#breadcrumb\",\"itemListElement\":[{\"@type\":\"ListItem\",\"position\":1,\"name\":\"Accueil\",\"item\":\"http:\/\/www.frederic-poitou.com\/blog\/\"},{\"@type\":\"ListItem\",\"position\":2,\"name\":\"DEUX RAPPORTS DETONANTS INQUIETENT LES LA\u00cfCS\"}]},{\"@type\":\"WebSite\",\"@id\":\"http:\/\/www.frederic-poitou.com\/blog\/#website\",\"url\":\"http:\/\/www.frederic-poitou.com\/blog\/\",\"name\":\"\",\"description\":\"\",\"potentialAction\":[{\"@type\":\"SearchAction\",\"target\":{\"@type\":\"EntryPoint\",\"urlTemplate\":\"http:\/\/www.frederic-poitou.com\/blog\/?s={search_term_string}\"},\"query-input\":{\"@type\":\"PropertyValueSpecification\",\"valueRequired\":true,\"valueName\":\"search_term_string\"}}],\"inLanguage\":\"fr-FR\"},{\"@type\":\"Person\",\"@id\":\"http:\/\/www.frederic-poitou.com\/blog\/#\/schema\/person\/e2c2d05e978747818533fdce859a7799\",\"name\":\"Fr\u00e9d\u00e9ric Poitou\",\"image\":{\"@type\":\"ImageObject\",\"inLanguage\":\"fr-FR\",\"@id\":\"http:\/\/www.frederic-poitou.com\/blog\/#\/schema\/person\/image\/\",\"url\":\"https:\/\/secure.gravatar.com\/avatar\/1933bcca279a2feafd35d9e0a080c521e11beb51115fe4cfe02e2586ac13424a?s=96&d=mm&r=g\",\"contentUrl\":\"https:\/\/secure.gravatar.com\/avatar\/1933bcca279a2feafd35d9e0a080c521e11beb51115fe4cfe02e2586ac13424a?s=96&d=mm&r=g\",\"caption\":\"Fr\u00e9d\u00e9ric Poitou\"},\"description\":\"Fr\u00e9d\u00e9ric Poitou est n\u00e9 \u00e0 Rouen, et y a fait des \u00e9tudes au Conservatoire en musique-\u00e9tudes en section piano. Il s'est ensuite orient\u00e9 vers des \u00e9tudes scientifiques o\u00f9 il a obtenu un dipl\u00f4me d'ing\u00e9nieur, puis un doctorat en Chimie. Il est Expert Judiciaire en France, en Belgique et \u00e0 Luxembourg, et agr\u00e9e par les Institutions Europ\u00e9ennes.\",\"sameAs\":[\"http:\/\/www.frederic-poitou.com\",\"https:\/\/www.linkedin.com\/in\/frederic-poitou-b045a025\/\"]}]}<\/script>\n<!-- \/ Yoast SEO plugin. -->","yoast_head_json":{"title":"DEUX RAPPORTS DETONANTS INQUIETENT LES LA\u00cfCS -","robots":{"index":"index","follow":"follow","max-snippet":"max-snippet:-1","max-image-preview":"max-image-preview:large","max-video-preview":"max-video-preview:-1"},"canonical":"http:\/\/www.frederic-poitou.com\/blog\/deux-rapports-detonants-inquietent-les-laics\/","og_locale":"fr_FR","og_type":"article","og_title":"DEUX RAPPORTS DETONANTS INQUIETENT LES LA\u00cfCS -","og_description":"Le premier rapport sur la \u00ab\u00a0Refondation de la politique d\u2019int\u00e9gration\u00a0\u00bb qui figure sur le site de Matignon (cliquer ICI) et le second demand\u00e9 au S\u00e9nat (Collectivit\u00e9s territoriales et financement des lieux de cultes, en cours de pr\u00e9paration au S\u00e9nat) nous &hellip; Lire la suite\u00ad\u00ad","og_url":"http:\/\/www.frederic-poitou.com\/blog\/deux-rapports-detonants-inquietent-les-laics\/","article_publisher":"https:\/\/www.facebook.com\/frederic.poitou\/","article_published_time":"2023-07-13T20:27:32+00:00","article_modified_time":"2026-04-13T20:13:06+00:00","og_image":[{"url":"http:\/\/www.frederic-poitou.com\/blog\/wp-content\/Sans-titre6.jpeg","type":"","width":"","height":""}],"author":"Fr\u00e9d\u00e9ric Poitou","twitter_card":"summary_large_image","twitter_creator":"@fredericpoitou","twitter_site":"@fredericpoitou","twitter_misc":{"\u00c9crit par":"Fr\u00e9d\u00e9ric Poitou","Dur\u00e9e de lecture estim\u00e9e":"4 minutes"},"schema":{"@context":"https:\/\/schema.org","@graph":[{"@type":"Article","@id":"http:\/\/www.frederic-poitou.com\/blog\/deux-rapports-detonants-inquietent-les-laics\/#article","isPartOf":{"@id":"http:\/\/www.frederic-poitou.com\/blog\/deux-rapports-detonants-inquietent-les-laics\/"},"author":{"name":"Fr\u00e9d\u00e9ric Poitou","@id":"http:\/\/www.frederic-poitou.com\/blog\/#\/schema\/person\/e2c2d05e978747818533fdce859a7799"},"headline":"DEUX RAPPORTS DETONANTS INQUIETENT LES LA\u00cfCS","datePublished":"2023-07-13T20:27:32+00:00","dateModified":"2026-04-13T20:13:06+00:00","mainEntityOfPage":{"@id":"http:\/\/www.frederic-poitou.com\/blog\/deux-rapports-detonants-inquietent-les-laics\/"},"wordCount":754,"image":{"@id":"http:\/\/www.frederic-poitou.com\/blog\/deux-rapports-detonants-inquietent-les-laics\/#primaryimage"},"thumbnailUrl":"http:\/\/www.frederic-poitou.com\/blog\/wp-content\/Sans-titre6.jpeg","keywords":["Divers","La\u00efcit\u00e9","Politique"],"articleSection":["Divers"],"inLanguage":"fr-FR"},{"@type":"WebPage","@id":"http:\/\/www.frederic-poitou.com\/blog\/deux-rapports-detonants-inquietent-les-laics\/","url":"http:\/\/www.frederic-poitou.com\/blog\/deux-rapports-detonants-inquietent-les-laics\/","name":"DEUX RAPPORTS DETONANTS INQUIETENT LES LA\u00cfCS -","isPartOf":{"@id":"http:\/\/www.frederic-poitou.com\/blog\/#website"},"primaryImageOfPage":{"@id":"http:\/\/www.frederic-poitou.com\/blog\/deux-rapports-detonants-inquietent-les-laics\/#primaryimage"},"image":{"@id":"http:\/\/www.frederic-poitou.com\/blog\/deux-rapports-detonants-inquietent-les-laics\/#primaryimage"},"thumbnailUrl":"http:\/\/www.frederic-poitou.com\/blog\/wp-content\/Sans-titre6.jpeg","datePublished":"2023-07-13T20:27:32+00:00","dateModified":"2026-04-13T20:13:06+00:00","author":{"@id":"http:\/\/www.frederic-poitou.com\/blog\/#\/schema\/person\/e2c2d05e978747818533fdce859a7799"},"breadcrumb":{"@id":"http:\/\/www.frederic-poitou.com\/blog\/deux-rapports-detonants-inquietent-les-laics\/#breadcrumb"},"inLanguage":"fr-FR","potentialAction":[{"@type":"ReadAction","target":["http:\/\/www.frederic-poitou.com\/blog\/deux-rapports-detonants-inquietent-les-laics\/"]}]},{"@type":"ImageObject","inLanguage":"fr-FR","@id":"http:\/\/www.frederic-poitou.com\/blog\/deux-rapports-detonants-inquietent-les-laics\/#primaryimage","url":"https:\/\/www.frederic-poitou.com\/blog\/wp-content\/Sans-titre6.jpeg","contentUrl":"https:\/\/www.frederic-poitou.com\/blog\/wp-content\/Sans-titre6.jpeg","width":500,"height":331},{"@type":"BreadcrumbList","@id":"http:\/\/www.frederic-poitou.com\/blog\/deux-rapports-detonants-inquietent-les-laics\/#breadcrumb","itemListElement":[{"@type":"ListItem","position":1,"name":"Accueil","item":"http:\/\/www.frederic-poitou.com\/blog\/"},{"@type":"ListItem","position":2,"name":"DEUX RAPPORTS DETONANTS INQUIETENT LES LA\u00cfCS"}]},{"@type":"WebSite","@id":"http:\/\/www.frederic-poitou.com\/blog\/#website","url":"http:\/\/www.frederic-poitou.com\/blog\/","name":"","description":"","potentialAction":[{"@type":"SearchAction","target":{"@type":"EntryPoint","urlTemplate":"http:\/\/www.frederic-poitou.com\/blog\/?s={search_term_string}"},"query-input":{"@type":"PropertyValueSpecification","valueRequired":true,"valueName":"search_term_string"}}],"inLanguage":"fr-FR"},{"@type":"Person","@id":"http:\/\/www.frederic-poitou.com\/blog\/#\/schema\/person\/e2c2d05e978747818533fdce859a7799","name":"Fr\u00e9d\u00e9ric Poitou","image":{"@type":"ImageObject","inLanguage":"fr-FR","@id":"http:\/\/www.frederic-poitou.com\/blog\/#\/schema\/person\/image\/","url":"https:\/\/secure.gravatar.com\/avatar\/1933bcca279a2feafd35d9e0a080c521e11beb51115fe4cfe02e2586ac13424a?s=96&d=mm&r=g","contentUrl":"https:\/\/secure.gravatar.com\/avatar\/1933bcca279a2feafd35d9e0a080c521e11beb51115fe4cfe02e2586ac13424a?s=96&d=mm&r=g","caption":"Fr\u00e9d\u00e9ric Poitou"},"description":"Fr\u00e9d\u00e9ric Poitou est n\u00e9 \u00e0 Rouen, et y a fait des \u00e9tudes au Conservatoire en musique-\u00e9tudes en section piano. Il s'est ensuite orient\u00e9 vers des \u00e9tudes scientifiques o\u00f9 il a obtenu un dipl\u00f4me d'ing\u00e9nieur, puis un doctorat en Chimie. Il est Expert Judiciaire en France, en Belgique et \u00e0 Luxembourg, et agr\u00e9e par les Institutions Europ\u00e9ennes.","sameAs":["http:\/\/www.frederic-poitou.com","https:\/\/www.linkedin.com\/in\/frederic-poitou-b045a025\/"]}]}},"_links":{"self":[{"href":"https:\/\/www.frederic-poitou.com\/blog\/wp-json\/wp\/v2\/posts\/6543","targetHints":{"allow":["GET"]}}],"collection":[{"href":"https:\/\/www.frederic-poitou.com\/blog\/wp-json\/wp\/v2\/posts"}],"about":[{"href":"https:\/\/www.frederic-poitou.com\/blog\/wp-json\/wp\/v2\/types\/post"}],"author":[{"embeddable":true,"href":"https:\/\/www.frederic-poitou.com\/blog\/wp-json\/wp\/v2\/users\/4"}],"replies":[{"embeddable":true,"href":"https:\/\/www.frederic-poitou.com\/blog\/wp-json\/wp\/v2\/comments?post=6543"}],"version-history":[{"count":1,"href":"https:\/\/www.frederic-poitou.com\/blog\/wp-json\/wp\/v2\/posts\/6543\/revisions"}],"predecessor-version":[{"id":10311,"href":"https:\/\/www.frederic-poitou.com\/blog\/wp-json\/wp\/v2\/posts\/6543\/revisions\/10311"}],"wp:attachment":[{"href":"https:\/\/www.frederic-poitou.com\/blog\/wp-json\/wp\/v2\/media?parent=6543"}],"wp:term":[{"taxonomy":"category","embeddable":true,"href":"https:\/\/www.frederic-poitou.com\/blog\/wp-json\/wp\/v2\/categories?post=6543"},{"taxonomy":"post_tag","embeddable":true,"href":"https:\/\/www.frederic-poitou.com\/blog\/wp-json\/wp\/v2\/tags?post=6543"}],"curies":[{"name":"wp","href":"https:\/\/api.w.org\/{rel}","templated":true}]}}