{"id":6482,"date":"2023-07-14T02:35:32","date_gmt":"2023-07-14T00:35:32","guid":{"rendered":"http:\/\/www.frederic-poitou.com\/blog\/?p=6482"},"modified":"2026-04-15T05:27:46","modified_gmt":"2026-04-15T03:27:46","slug":"francais-ou-belge","status":"publish","type":"post","link":"https:\/\/www.frederic-poitou.com\/blog\/francais-ou-belge\/","title":{"rendered":"FRANCAIS OU BELGE ?"},"content":{"rendered":"<p>Est-ce que parce que j&rsquo;aime une Belge ?<br \/>\nEst-ce parce que la seconde guerre mondiale opposa dans les Ardennes un front Belgo-fran\u00e7ais \u00e0 l&rsquo;attaque dite de \u00ab\u00a0Vonn Rundsdedt\u00a0\u00bb dans un \u00e9lan commun contre l&rsquo;ennemi du moment (devenu heureusement ali\u00e9, et ami aujourd&rsquo;hui) ?<br \/>\nEst-ce que parce que la m\u00e8re de mon p\u00e8re \u00e9tait Flamande ?<\/p>\n<p>Je ne sais pas. Mais pourtant, bien que la Marseillaise reste un hymne patriotique fort, la Braban\u00e7onne me fait vibrer.<\/p>\n<p>Comme les Ardennes, je me sens profond\u00e9ment Belgo-Fran\u00e7ais. Les plus forts ne sont pas toujours ceux que l&rsquo;on croit. La v\u00e9rit\u00e9 se trouve souvent du c\u00f4t\u00e9 de ceux qui ont la Foi, plus que du c\u00f4t\u00e9 de ceux qui ont l&rsquo;arrogance des install\u00e9s.<\/p>\n<p>Je vous laisse comparer ces deux hymnes, en rappelant, pour m\u00e9moire, que la Belgique a trois langues. Le rythme est moins guerrier, mais le belge n&rsquo;en est pas moins patriote. Ecoutez la en 3 langues. Elle y prend toute sa dimension. Vive la Belgique.<\/p>\n<p><iframe loading=\"lazy\" width=\"420\" height=\"315\" src=\"http:\/\/www.youtube.com\/embed\/d9u_Ituu2Q8\" frameborder=\"0\" allowfullscreen><\/iframe><\/p>\n<p>&#8212;&#8212;-<br \/>\nLa Marseillaisea \u00e9t\u00e9 adopt\u00e9e en 1791 en tant qu&rsquo;hymne r\u00e9publicain pour soutenir l&rsquo;arm\u00e9e du Rhin, lors de la guerre d&rsquo;Autriche. A l&rsquo;inverse de la Braban\u00e7one qui est un chant patriotique \u00e0 la gloire de la Belgique, de la belgitude et de son Roi, la Marseillaise est un chant de guerre r\u00e9volutionnaire, un, hymne de libert\u00e9, un appel patriotique \u00e0 la mobilisation g\u00e9n\u00e9rale (hommes, femmes, enfants) et une exhortation au combat contre l&rsquo;enemi, ca n&rsquo;est pas un hymne patriotique, mais un hymne de guerre contre la tyrannie et l&rsquo;invasion \u00e9trang\u00e8re.<\/p>\n<p>Pour m\u00e9moire aussi, et pour les supporters de l&rsquo;\u00e9quipe de France de football, la marseillaise comporte 7 couplets.<\/p>\n<p>L&rsquo;un comme l&rsquo;autre ne sont pas repris, admis, chant\u00e9s par nos ados. Certains le regrettent. Moi je crois que c&rsquo;est une chance. Cela signifie simplement que dans l&rsquo;espace dans lequel ils vivent, l&rsquo;espace Scheingen, il n&rsquo;y a pas d&rsquo;\u00e9nemi identifi\u00e9.<\/p>\n<p>Mais moi, je me sens entre les deux hymnes. Moiti\u00e9 Fran\u00e7ais et moiti\u00e9 Belge, ou moiti\u00e9 R\u00e9publicain, et moiti\u00e9 Bonapartiste ?<\/p>\n<p><iframe loading=\"lazy\" width=\"420\" height=\"315\" src=\"http:\/\/www.youtube.com\/embed\/tRVeuTcDZus\" frameborder=\"0\" allowfullscreen><\/iframe><\/p>\n<p>&#8212;&#8212;&#8212;&#8212;&#8212;<\/p>\n","protected":false},"excerpt":{"rendered":"<p>Est-ce que parce que j&rsquo;aime une Belge ? Est-ce parce que la seconde guerre mondiale opposa dans les Ardennes un front Belgo-fran\u00e7ais \u00e0 l&rsquo;attaque dite de \u00ab\u00a0Vonn Rundsdedt\u00a0\u00bb dans un \u00e9lan commun contre l&rsquo;ennemi du moment (devenu heureusement ali\u00e9, et &hellip; <a href=\"https:\/\/www.frederic-poitou.com\/blog\/francais-ou-belge\/\">Lire la suite\u00ad\u00ad<\/a><\/p>\n","protected":false},"author":4,"featured_media":0,"comment_status":"closed","ping_status":"closed","sticky":false,"template":"","format":"standard","meta":{"kt_blocks_editor_width":"","_exactmetrics_skip_tracking":false,"_exactmetrics_sitenote_active":false,"_exactmetrics_sitenote_note":"","_exactmetrics_sitenote_category":0,"footnotes":""},"categories":[48],"tags":[27],"class_list":["post-6482","post","type-post","status-publish","format-standard","hentry","category-accueil","tag-actualite"],"yoast_head":"<!-- This site is optimized with the Yoast SEO plugin v27.1.1 - https:\/\/yoast.com\/product\/yoast-seo-wordpress\/ -->\n<title>FRANCAIS OU BELGE ? -<\/title>\n<meta name=\"robots\" content=\"index, follow, max-snippet:-1, max-image-preview:large, max-video-preview:-1\" \/>\n<link rel=\"canonical\" href=\"http:\/\/www.frederic-poitou.com\/blog\/francais-ou-belge\/\" \/>\n<meta property=\"og:locale\" content=\"fr_FR\" \/>\n<meta property=\"og:type\" content=\"article\" \/>\n<meta property=\"og:title\" content=\"FRANCAIS OU BELGE ? -\" \/>\n<meta property=\"og:description\" content=\"Est-ce que parce que j&rsquo;aime une Belge ? Est-ce parce que la seconde guerre mondiale opposa dans les Ardennes un front Belgo-fran\u00e7ais \u00e0 l&rsquo;attaque dite de \u00ab\u00a0Vonn Rundsdedt\u00a0\u00bb dans un \u00e9lan commun contre l&rsquo;ennemi du moment (devenu heureusement ali\u00e9, et &hellip; Lire la suite\u00ad\u00ad\" \/>\n<meta property=\"og:url\" content=\"http:\/\/www.frederic-poitou.com\/blog\/francais-ou-belge\/\" \/>\n<meta property=\"article:publisher\" content=\"https:\/\/www.facebook.com\/frederic.poitou\/\" \/>\n<meta property=\"article:published_time\" content=\"2023-07-14T00:35:32+00:00\" \/>\n<meta property=\"article:modified_time\" content=\"2026-04-15T03:27:46+00:00\" \/>\n<meta name=\"author\" content=\"Fr\u00e9d\u00e9ric Poitou\" \/>\n<meta name=\"twitter:card\" content=\"summary_large_image\" \/>\n<meta name=\"twitter:creator\" content=\"@fredericpoitou\" \/>\n<meta name=\"twitter:site\" content=\"@fredericpoitou\" \/>\n<meta name=\"twitter:label1\" content=\"\u00c9crit par\" \/>\n\t<meta name=\"twitter:data1\" content=\"Fr\u00e9d\u00e9ric Poitou\" \/>\n\t<meta name=\"twitter:label2\" content=\"Dur\u00e9e de lecture estim\u00e9e\" \/>\n\t<meta name=\"twitter:data2\" content=\"2 minutes\" \/>\n<script type=\"application\/ld+json\" class=\"yoast-schema-graph\">{\"@context\":\"https:\/\/schema.org\",\"@graph\":[{\"@type\":\"Article\",\"@id\":\"http:\/\/www.frederic-poitou.com\/blog\/francais-ou-belge\/#article\",\"isPartOf\":{\"@id\":\"http:\/\/www.frederic-poitou.com\/blog\/francais-ou-belge\/\"},\"author\":{\"name\":\"Fr\u00e9d\u00e9ric Poitou\",\"@id\":\"https:\/\/www.frederic-poitou.com\/blog\/#\/schema\/person\/e2c2d05e978747818533fdce859a7799\"},\"headline\":\"FRANCAIS OU BELGE ?\",\"datePublished\":\"2023-07-14T00:35:32+00:00\",\"dateModified\":\"2026-04-15T03:27:46+00:00\",\"mainEntityOfPage\":{\"@id\":\"http:\/\/www.frederic-poitou.com\/blog\/francais-ou-belge\/\"},\"wordCount\":370,\"keywords\":[\"Actualit\u00e9\"],\"articleSection\":[\"Accueil\"],\"inLanguage\":\"fr-FR\"},{\"@type\":\"WebPage\",\"@id\":\"http:\/\/www.frederic-poitou.com\/blog\/francais-ou-belge\/\",\"url\":\"http:\/\/www.frederic-poitou.com\/blog\/francais-ou-belge\/\",\"name\":\"FRANCAIS OU BELGE ? -\",\"isPartOf\":{\"@id\":\"https:\/\/www.frederic-poitou.com\/blog\/#website\"},\"datePublished\":\"2023-07-14T00:35:32+00:00\",\"dateModified\":\"2026-04-15T03:27:46+00:00\",\"author\":{\"@id\":\"https:\/\/www.frederic-poitou.com\/blog\/#\/schema\/person\/e2c2d05e978747818533fdce859a7799\"},\"breadcrumb\":{\"@id\":\"http:\/\/www.frederic-poitou.com\/blog\/francais-ou-belge\/#breadcrumb\"},\"inLanguage\":\"fr-FR\",\"potentialAction\":[{\"@type\":\"ReadAction\",\"target\":[\"http:\/\/www.frederic-poitou.com\/blog\/francais-ou-belge\/\"]}]},{\"@type\":\"BreadcrumbList\",\"@id\":\"http:\/\/www.frederic-poitou.com\/blog\/francais-ou-belge\/#breadcrumb\",\"itemListElement\":[{\"@type\":\"ListItem\",\"position\":1,\"name\":\"Accueil\",\"item\":\"https:\/\/www.frederic-poitou.com\/blog\/\"},{\"@type\":\"ListItem\",\"position\":2,\"name\":\"FRANCAIS OU BELGE ?\"}]},{\"@type\":\"WebSite\",\"@id\":\"https:\/\/www.frederic-poitou.com\/blog\/#website\",\"url\":\"https:\/\/www.frederic-poitou.com\/blog\/\",\"name\":\"\",\"description\":\"\",\"potentialAction\":[{\"@type\":\"SearchAction\",\"target\":{\"@type\":\"EntryPoint\",\"urlTemplate\":\"https:\/\/www.frederic-poitou.com\/blog\/?s={search_term_string}\"},\"query-input\":{\"@type\":\"PropertyValueSpecification\",\"valueRequired\":true,\"valueName\":\"search_term_string\"}}],\"inLanguage\":\"fr-FR\"},{\"@type\":\"Person\",\"@id\":\"https:\/\/www.frederic-poitou.com\/blog\/#\/schema\/person\/e2c2d05e978747818533fdce859a7799\",\"name\":\"Fr\u00e9d\u00e9ric Poitou\",\"image\":{\"@type\":\"ImageObject\",\"inLanguage\":\"fr-FR\",\"@id\":\"https:\/\/www.frederic-poitou.com\/blog\/#\/schema\/person\/image\/\",\"url\":\"https:\/\/secure.gravatar.com\/avatar\/1933bcca279a2feafd35d9e0a080c521e11beb51115fe4cfe02e2586ac13424a?s=96&d=mm&r=g\",\"contentUrl\":\"https:\/\/secure.gravatar.com\/avatar\/1933bcca279a2feafd35d9e0a080c521e11beb51115fe4cfe02e2586ac13424a?s=96&d=mm&r=g\",\"caption\":\"Fr\u00e9d\u00e9ric Poitou\"},\"description\":\"Fr\u00e9d\u00e9ric Poitou est n\u00e9 \u00e0 Rouen, et y a fait des \u00e9tudes au Conservatoire en musique-\u00e9tudes en section piano. Il s'est ensuite orient\u00e9 vers des \u00e9tudes scientifiques o\u00f9 il a obtenu un dipl\u00f4me d'ing\u00e9nieur, puis un doctorat en Chimie. Il est Expert Judiciaire en France, en Belgique et \u00e0 Luxembourg, et agr\u00e9e par les Institutions Europ\u00e9ennes.\",\"sameAs\":[\"http:\/\/www.frederic-poitou.com\",\"https:\/\/www.linkedin.com\/in\/frederic-poitou-b045a025\/\"]}]}<\/script>\n<!-- \/ Yoast SEO plugin. -->","yoast_head_json":{"title":"FRANCAIS OU BELGE ? -","robots":{"index":"index","follow":"follow","max-snippet":"max-snippet:-1","max-image-preview":"max-image-preview:large","max-video-preview":"max-video-preview:-1"},"canonical":"http:\/\/www.frederic-poitou.com\/blog\/francais-ou-belge\/","og_locale":"fr_FR","og_type":"article","og_title":"FRANCAIS OU BELGE ? -","og_description":"Est-ce que parce que j&rsquo;aime une Belge ? Est-ce parce que la seconde guerre mondiale opposa dans les Ardennes un front Belgo-fran\u00e7ais \u00e0 l&rsquo;attaque dite de \u00ab\u00a0Vonn Rundsdedt\u00a0\u00bb dans un \u00e9lan commun contre l&rsquo;ennemi du moment (devenu heureusement ali\u00e9, et &hellip; Lire la suite\u00ad\u00ad","og_url":"http:\/\/www.frederic-poitou.com\/blog\/francais-ou-belge\/","article_publisher":"https:\/\/www.facebook.com\/frederic.poitou\/","article_published_time":"2023-07-14T00:35:32+00:00","article_modified_time":"2026-04-15T03:27:46+00:00","author":"Fr\u00e9d\u00e9ric Poitou","twitter_card":"summary_large_image","twitter_creator":"@fredericpoitou","twitter_site":"@fredericpoitou","twitter_misc":{"\u00c9crit par":"Fr\u00e9d\u00e9ric Poitou","Dur\u00e9e de lecture estim\u00e9e":"2 minutes"},"schema":{"@context":"https:\/\/schema.org","@graph":[{"@type":"Article","@id":"http:\/\/www.frederic-poitou.com\/blog\/francais-ou-belge\/#article","isPartOf":{"@id":"http:\/\/www.frederic-poitou.com\/blog\/francais-ou-belge\/"},"author":{"name":"Fr\u00e9d\u00e9ric Poitou","@id":"https:\/\/www.frederic-poitou.com\/blog\/#\/schema\/person\/e2c2d05e978747818533fdce859a7799"},"headline":"FRANCAIS OU BELGE ?","datePublished":"2023-07-14T00:35:32+00:00","dateModified":"2026-04-15T03:27:46+00:00","mainEntityOfPage":{"@id":"http:\/\/www.frederic-poitou.com\/blog\/francais-ou-belge\/"},"wordCount":370,"keywords":["Actualit\u00e9"],"articleSection":["Accueil"],"inLanguage":"fr-FR"},{"@type":"WebPage","@id":"http:\/\/www.frederic-poitou.com\/blog\/francais-ou-belge\/","url":"http:\/\/www.frederic-poitou.com\/blog\/francais-ou-belge\/","name":"FRANCAIS OU BELGE ? -","isPartOf":{"@id":"https:\/\/www.frederic-poitou.com\/blog\/#website"},"datePublished":"2023-07-14T00:35:32+00:00","dateModified":"2026-04-15T03:27:46+00:00","author":{"@id":"https:\/\/www.frederic-poitou.com\/blog\/#\/schema\/person\/e2c2d05e978747818533fdce859a7799"},"breadcrumb":{"@id":"http:\/\/www.frederic-poitou.com\/blog\/francais-ou-belge\/#breadcrumb"},"inLanguage":"fr-FR","potentialAction":[{"@type":"ReadAction","target":["http:\/\/www.frederic-poitou.com\/blog\/francais-ou-belge\/"]}]},{"@type":"BreadcrumbList","@id":"http:\/\/www.frederic-poitou.com\/blog\/francais-ou-belge\/#breadcrumb","itemListElement":[{"@type":"ListItem","position":1,"name":"Accueil","item":"https:\/\/www.frederic-poitou.com\/blog\/"},{"@type":"ListItem","position":2,"name":"FRANCAIS OU BELGE ?"}]},{"@type":"WebSite","@id":"https:\/\/www.frederic-poitou.com\/blog\/#website","url":"https:\/\/www.frederic-poitou.com\/blog\/","name":"","description":"","potentialAction":[{"@type":"SearchAction","target":{"@type":"EntryPoint","urlTemplate":"https:\/\/www.frederic-poitou.com\/blog\/?s={search_term_string}"},"query-input":{"@type":"PropertyValueSpecification","valueRequired":true,"valueName":"search_term_string"}}],"inLanguage":"fr-FR"},{"@type":"Person","@id":"https:\/\/www.frederic-poitou.com\/blog\/#\/schema\/person\/e2c2d05e978747818533fdce859a7799","name":"Fr\u00e9d\u00e9ric Poitou","image":{"@type":"ImageObject","inLanguage":"fr-FR","@id":"https:\/\/www.frederic-poitou.com\/blog\/#\/schema\/person\/image\/","url":"https:\/\/secure.gravatar.com\/avatar\/1933bcca279a2feafd35d9e0a080c521e11beb51115fe4cfe02e2586ac13424a?s=96&d=mm&r=g","contentUrl":"https:\/\/secure.gravatar.com\/avatar\/1933bcca279a2feafd35d9e0a080c521e11beb51115fe4cfe02e2586ac13424a?s=96&d=mm&r=g","caption":"Fr\u00e9d\u00e9ric Poitou"},"description":"Fr\u00e9d\u00e9ric Poitou est n\u00e9 \u00e0 Rouen, et y a fait des \u00e9tudes au Conservatoire en musique-\u00e9tudes en section piano. Il s'est ensuite orient\u00e9 vers des \u00e9tudes scientifiques o\u00f9 il a obtenu un dipl\u00f4me d'ing\u00e9nieur, puis un doctorat en Chimie. Il est Expert Judiciaire en France, en Belgique et \u00e0 Luxembourg, et agr\u00e9e par les Institutions Europ\u00e9ennes.","sameAs":["http:\/\/www.frederic-poitou.com","https:\/\/www.linkedin.com\/in\/frederic-poitou-b045a025\/"]}]}},"_links":{"self":[{"href":"https:\/\/www.frederic-poitou.com\/blog\/wp-json\/wp\/v2\/posts\/6482","targetHints":{"allow":["GET"]}}],"collection":[{"href":"https:\/\/www.frederic-poitou.com\/blog\/wp-json\/wp\/v2\/posts"}],"about":[{"href":"https:\/\/www.frederic-poitou.com\/blog\/wp-json\/wp\/v2\/types\/post"}],"author":[{"embeddable":true,"href":"https:\/\/www.frederic-poitou.com\/blog\/wp-json\/wp\/v2\/users\/4"}],"replies":[{"embeddable":true,"href":"https:\/\/www.frederic-poitou.com\/blog\/wp-json\/wp\/v2\/comments?post=6482"}],"version-history":[{"count":1,"href":"https:\/\/www.frederic-poitou.com\/blog\/wp-json\/wp\/v2\/posts\/6482\/revisions"}],"predecessor-version":[{"id":10307,"href":"https:\/\/www.frederic-poitou.com\/blog\/wp-json\/wp\/v2\/posts\/6482\/revisions\/10307"}],"wp:attachment":[{"href":"https:\/\/www.frederic-poitou.com\/blog\/wp-json\/wp\/v2\/media?parent=6482"}],"wp:term":[{"taxonomy":"category","embeddable":true,"href":"https:\/\/www.frederic-poitou.com\/blog\/wp-json\/wp\/v2\/categories?post=6482"},{"taxonomy":"post_tag","embeddable":true,"href":"https:\/\/www.frederic-poitou.com\/blog\/wp-json\/wp\/v2\/tags?post=6482"}],"curies":[{"name":"wp","href":"https:\/\/api.w.org\/{rel}","templated":true}]}}