{"id":6453,"date":"2023-07-14T22:09:32","date_gmt":"2023-07-14T20:09:32","guid":{"rendered":"http:\/\/www.frederic-poitou.com\/blog\/?p=6453"},"modified":"2026-04-23T11:12:13","modified_gmt":"2026-04-23T09:12:13","slug":"les-pompes-du-pape","status":"publish","type":"post","link":"https:\/\/www.frederic-poitou.com\/blog\/les-pompes-du-pape\/","title":{"rendered":"LES POMPES DU PAPE !"},"content":{"rendered":"<p>On se croyait tranquilles, mais la presse a trouv\u00e9 moyen de renouveler le marronnier &#8230;<\/p>\n<p>Pourquoi le pape porte t il des chaussures rouges ?<br \/>\nC&rsquo;est en relation avec les pratiques liturgiques de l&rsquo;Eglise, avec les diff\u00e9rentes couleurs des ch<span style=\"display: inline;\">asubles que le pr\u00eatre rev\u00eat lors de la Sainte messe. Cette couleur change selon les occasions et les p\u00e9riodes liturgiques de l&rsquo;ann\u00e9e.<br \/>\nAutrefois, chez le Pape, la couleur des chaussures variait et \u00e9tait assortie \u00e0 celle des chasubles. Si la chasuble \u00e9tait verte, le Pape portait aussi des chaussures vertes, si elle \u00e9tait rouge, les chaussures \u00e9taient rouges.<br \/>\nDonc, chaussures et chasuble avaient la m\u00eame couleur. Avec le temps, la couleur rouge s&rsquo;\u00e9tait impos\u00e9e pour les chaussures, et c&rsquo;est ainsi que depuis lors, le Pape porte des chaussures rouge sombre.<\/span><\/p>\n<p>Le Pape prend il des vacances ?<br \/>\n&#8211; Le Pape prend-il des vacances?<br \/>\n&#8211; Oui, en \u00e9t\u00e9, il a s\u00e9journ\u00e9 durant deux bonnes semaines dans les Alpes, en Italie du Nord, tout pr\u00e8s du Mont-Blanc, la montagne la plus haute d&rsquo;Europe.<br \/>\nL\u00e0-bas, il a pu se reposer de la rude besogne, et de la fatigue accumul\u00e9s durant les derniers mois.<br \/>\nN\u00e9anmoins, le repos reste quelque peu \u00ab\u00a0encadr\u00e9\u00a0\u00bb, car il reste inform\u00e9 au jour le jour de la vie de l&rsquo;Eglise et du monde, et cela ne manque pas d&rsquo;engendrer du travail, m\u00eame pendant ces vacances.<\/p>\n<p>La meilleure pour la fin (en tout cas, pour un protestant &#8230;)<\/p>\n<p>&#8211; Pourquoi le Pape n&rsquo;a-t&rsquo;il pas de femme?<br \/>\n&#8211; Les pr\u00eatres catholiques, et de ce fait, le Pape lui-meme, vivent dans le c\u00e9libat, par la volont\u00e9 du royaume des cieux.<br \/>\nCela signifie qu&rsquo;ils renoncent volontairement au mariage, et \u00e0 fonder leur propre famille.<br \/>\nIl s&rsquo;agit donc d&rsquo;un renoncement, au profit d&rsquo;un bien sup\u00e9rieur. Cela n&rsquo;a rien de n\u00e9gatif, bien au contraire, cela arrive par amour de J\u00e9sus.<\/p>\n<p>Dites moi o\u00f9 c&rsquo;est \u00e9crit dans la Bible, que c&rsquo;est par la volont\u00e9 du royaume des Cieux.<\/p>\n<p>Bon, ca y est cette fois ci ? On peut passer \u00e0 autre chose ?<\/p>\n<figure id=\"attachment_9397\" class=\"thumbnail wp-caption alignleft\" style=\"width: 1920px\"><img loading=\"lazy\" decoding=\"async\" class=\"size-full wp-image-9397\" src=\"http:\/\/www.frederic-poitou.com\/blog\/wp-content\/2019\/09\/chaussures-rouges-benoit-xvi.jpg\" alt=\"\" width=\"1920\" height=\"1080\" srcset=\"https:\/\/www.frederic-poitou.com\/blog\/wp-content\/2019\/09\/chaussures-rouges-benoit-xvi.jpg 1920w, https:\/\/www.frederic-poitou.com\/blog\/wp-content\/2019\/09\/chaussures-rouges-benoit-xvi-300x169.jpg 300w, https:\/\/www.frederic-poitou.com\/blog\/wp-content\/2019\/09\/chaussures-rouges-benoit-xvi-1024x576.jpg 1024w\" sizes=\"auto, (max-width: 1920px) 100vw, 1920px\" \/><figcaption class=\"caption wp-caption-text\">Die roten Schuhe von Papst Benedikt XVI. bei dessen Besuch in Schottland.<\/figcaption><\/figure>\n<p style=\"text-align: center;\"><span style=\"display: inline;\">\u00a0<\/span><\/p>\n","protected":false},"excerpt":{"rendered":"<p>On se croyait tranquilles, mais la presse a trouv\u00e9 moyen de renouveler le marronnier &#8230; Pourquoi le pape porte t il des chaussures rouges ? C&rsquo;est en relation avec les pratiques liturgiques de l&rsquo;Eglise, avec les diff\u00e9rentes couleurs des chasubles &hellip; <a href=\"https:\/\/www.frederic-poitou.com\/blog\/les-pompes-du-pape\/\">Lire la suite\u00ad\u00ad<\/a><\/p>\n","protected":false},"author":4,"featured_media":9397,"comment_status":"closed","ping_status":"closed","sticky":false,"template":"","format":"standard","meta":{"kt_blocks_editor_width":"","_exactmetrics_skip_tracking":false,"_exactmetrics_sitenote_active":false,"_exactmetrics_sitenote_note":"","_exactmetrics_sitenote_category":0,"footnotes":""},"categories":[48,1,54],"tags":[27],"class_list":["post-6453","post","type-post","status-publish","format-standard","has-post-thumbnail","hentry","category-accueil","category-politique-economie","category-societe","tag-actualite"],"yoast_head":"<!-- This site is optimized with the Yoast SEO plugin v27.1.1 - https:\/\/yoast.com\/product\/yoast-seo-wordpress\/ -->\n<title>LES POMPES DU PAPE ! -<\/title>\n<meta name=\"robots\" content=\"index, follow, max-snippet:-1, max-image-preview:large, max-video-preview:-1\" \/>\n<link rel=\"canonical\" href=\"https:\/\/www.frederic-poitou.com\/blog\/les-pompes-du-pape\/\" \/>\n<meta property=\"og:locale\" content=\"fr_FR\" \/>\n<meta property=\"og:type\" content=\"article\" \/>\n<meta property=\"og:title\" content=\"LES POMPES DU PAPE ! -\" \/>\n<meta property=\"og:description\" content=\"On se croyait tranquilles, mais la presse a trouv\u00e9 moyen de renouveler le marronnier &#8230; Pourquoi le pape porte t il des chaussures rouges ? C&rsquo;est en relation avec les pratiques liturgiques de l&rsquo;Eglise, avec les diff\u00e9rentes couleurs des chasubles &hellip; Lire la suite\u00ad\u00ad\" \/>\n<meta property=\"og:url\" content=\"https:\/\/www.frederic-poitou.com\/blog\/les-pompes-du-pape\/\" \/>\n<meta property=\"article:publisher\" content=\"https:\/\/www.facebook.com\/frederic.poitou\/\" \/>\n<meta property=\"article:published_time\" content=\"2023-07-14T20:09:32+00:00\" \/>\n<meta property=\"article:modified_time\" content=\"2026-04-23T09:12:13+00:00\" \/>\n<meta property=\"og:image\" content=\"https:\/\/www.frederic-poitou.com\/blog\/wp-content\/2019\/09\/chaussures-rouges-benoit-xvi.jpg\" \/>\n\t<meta property=\"og:image:width\" content=\"1920\" \/>\n\t<meta property=\"og:image:height\" content=\"1080\" \/>\n\t<meta property=\"og:image:type\" content=\"image\/jpeg\" \/>\n<meta name=\"author\" content=\"Fr\u00e9d\u00e9ric Poitou\" \/>\n<meta name=\"twitter:card\" content=\"summary_large_image\" \/>\n<meta name=\"twitter:creator\" content=\"@fredericpoitou\" \/>\n<meta name=\"twitter:site\" content=\"@fredericpoitou\" \/>\n<meta name=\"twitter:label1\" content=\"\u00c9crit par\" \/>\n\t<meta name=\"twitter:data1\" content=\"Fr\u00e9d\u00e9ric Poitou\" \/>\n\t<meta name=\"twitter:label2\" content=\"Dur\u00e9e de lecture estim\u00e9e\" \/>\n\t<meta name=\"twitter:data2\" content=\"2 minutes\" \/>\n<script type=\"application\/ld+json\" class=\"yoast-schema-graph\">{\"@context\":\"https:\/\/schema.org\",\"@graph\":[{\"@type\":\"Article\",\"@id\":\"https:\/\/www.frederic-poitou.com\/blog\/les-pompes-du-pape\/#article\",\"isPartOf\":{\"@id\":\"https:\/\/www.frederic-poitou.com\/blog\/les-pompes-du-pape\/\"},\"author\":{\"name\":\"Fr\u00e9d\u00e9ric Poitou\",\"@id\":\"http:\/\/www.frederic-poitou.com\/blog\/#\/schema\/person\/e2c2d05e978747818533fdce859a7799\"},\"headline\":\"LES POMPES DU PAPE !\",\"datePublished\":\"2023-07-14T20:09:32+00:00\",\"dateModified\":\"2026-04-23T09:12:13+00:00\",\"mainEntityOfPage\":{\"@id\":\"https:\/\/www.frederic-poitou.com\/blog\/les-pompes-du-pape\/\"},\"wordCount\":384,\"image\":{\"@id\":\"https:\/\/www.frederic-poitou.com\/blog\/les-pompes-du-pape\/#primaryimage\"},\"thumbnailUrl\":\"https:\/\/www.frederic-poitou.com\/blog\/wp-content\/2019\/09\/chaussures-rouges-benoit-xvi.jpg\",\"keywords\":[\"Actualit\u00e9\"],\"articleSection\":[\"Accueil\",\"Divers\",\"Soci\u00e9t\u00e9\"],\"inLanguage\":\"fr-FR\"},{\"@type\":\"WebPage\",\"@id\":\"https:\/\/www.frederic-poitou.com\/blog\/les-pompes-du-pape\/\",\"url\":\"https:\/\/www.frederic-poitou.com\/blog\/les-pompes-du-pape\/\",\"name\":\"LES POMPES DU PAPE ! -\",\"isPartOf\":{\"@id\":\"http:\/\/www.frederic-poitou.com\/blog\/#website\"},\"primaryImageOfPage\":{\"@id\":\"https:\/\/www.frederic-poitou.com\/blog\/les-pompes-du-pape\/#primaryimage\"},\"image\":{\"@id\":\"https:\/\/www.frederic-poitou.com\/blog\/les-pompes-du-pape\/#primaryimage\"},\"thumbnailUrl\":\"https:\/\/www.frederic-poitou.com\/blog\/wp-content\/2019\/09\/chaussures-rouges-benoit-xvi.jpg\",\"datePublished\":\"2023-07-14T20:09:32+00:00\",\"dateModified\":\"2026-04-23T09:12:13+00:00\",\"author\":{\"@id\":\"http:\/\/www.frederic-poitou.com\/blog\/#\/schema\/person\/e2c2d05e978747818533fdce859a7799\"},\"breadcrumb\":{\"@id\":\"https:\/\/www.frederic-poitou.com\/blog\/les-pompes-du-pape\/#breadcrumb\"},\"inLanguage\":\"fr-FR\",\"potentialAction\":[{\"@type\":\"ReadAction\",\"target\":[\"https:\/\/www.frederic-poitou.com\/blog\/les-pompes-du-pape\/\"]}]},{\"@type\":\"ImageObject\",\"inLanguage\":\"fr-FR\",\"@id\":\"https:\/\/www.frederic-poitou.com\/blog\/les-pompes-du-pape\/#primaryimage\",\"url\":\"https:\/\/www.frederic-poitou.com\/blog\/wp-content\/2019\/09\/chaussures-rouges-benoit-xvi.jpg\",\"contentUrl\":\"https:\/\/www.frederic-poitou.com\/blog\/wp-content\/2019\/09\/chaussures-rouges-benoit-xvi.jpg\",\"width\":1920,\"height\":1080,\"caption\":\"Die roten Schuhe von Papst Benedikt XVI. bei dessen Besuch in Schottland.\"},{\"@type\":\"BreadcrumbList\",\"@id\":\"https:\/\/www.frederic-poitou.com\/blog\/les-pompes-du-pape\/#breadcrumb\",\"itemListElement\":[{\"@type\":\"ListItem\",\"position\":1,\"name\":\"Accueil\",\"item\":\"http:\/\/www.frederic-poitou.com\/blog\/\"},{\"@type\":\"ListItem\",\"position\":2,\"name\":\"LES POMPES DU PAPE !\"}]},{\"@type\":\"WebSite\",\"@id\":\"http:\/\/www.frederic-poitou.com\/blog\/#website\",\"url\":\"http:\/\/www.frederic-poitou.com\/blog\/\",\"name\":\"\",\"description\":\"\",\"potentialAction\":[{\"@type\":\"SearchAction\",\"target\":{\"@type\":\"EntryPoint\",\"urlTemplate\":\"http:\/\/www.frederic-poitou.com\/blog\/?s={search_term_string}\"},\"query-input\":{\"@type\":\"PropertyValueSpecification\",\"valueRequired\":true,\"valueName\":\"search_term_string\"}}],\"inLanguage\":\"fr-FR\"},{\"@type\":\"Person\",\"@id\":\"http:\/\/www.frederic-poitou.com\/blog\/#\/schema\/person\/e2c2d05e978747818533fdce859a7799\",\"name\":\"Fr\u00e9d\u00e9ric Poitou\",\"image\":{\"@type\":\"ImageObject\",\"inLanguage\":\"fr-FR\",\"@id\":\"http:\/\/www.frederic-poitou.com\/blog\/#\/schema\/person\/image\/\",\"url\":\"https:\/\/secure.gravatar.com\/avatar\/1933bcca279a2feafd35d9e0a080c521e11beb51115fe4cfe02e2586ac13424a?s=96&d=mm&r=g\",\"contentUrl\":\"https:\/\/secure.gravatar.com\/avatar\/1933bcca279a2feafd35d9e0a080c521e11beb51115fe4cfe02e2586ac13424a?s=96&d=mm&r=g\",\"caption\":\"Fr\u00e9d\u00e9ric Poitou\"},\"description\":\"Fr\u00e9d\u00e9ric Poitou est n\u00e9 \u00e0 Rouen, et y a fait des \u00e9tudes au Conservatoire en musique-\u00e9tudes en section piano. Il s'est ensuite orient\u00e9 vers des \u00e9tudes scientifiques o\u00f9 il a obtenu un dipl\u00f4me d'ing\u00e9nieur, puis un doctorat en Chimie. Il est Expert Judiciaire en France, en Belgique et \u00e0 Luxembourg, et agr\u00e9e par les Institutions Europ\u00e9ennes.\",\"sameAs\":[\"http:\/\/www.frederic-poitou.com\",\"https:\/\/www.linkedin.com\/in\/frederic-poitou-b045a025\/\"]}]}<\/script>\n<!-- \/ Yoast SEO plugin. -->","yoast_head_json":{"title":"LES POMPES DU PAPE ! -","robots":{"index":"index","follow":"follow","max-snippet":"max-snippet:-1","max-image-preview":"max-image-preview:large","max-video-preview":"max-video-preview:-1"},"canonical":"https:\/\/www.frederic-poitou.com\/blog\/les-pompes-du-pape\/","og_locale":"fr_FR","og_type":"article","og_title":"LES POMPES DU PAPE ! -","og_description":"On se croyait tranquilles, mais la presse a trouv\u00e9 moyen de renouveler le marronnier &#8230; Pourquoi le pape porte t il des chaussures rouges ? C&rsquo;est en relation avec les pratiques liturgiques de l&rsquo;Eglise, avec les diff\u00e9rentes couleurs des chasubles &hellip; Lire la suite\u00ad\u00ad","og_url":"https:\/\/www.frederic-poitou.com\/blog\/les-pompes-du-pape\/","article_publisher":"https:\/\/www.facebook.com\/frederic.poitou\/","article_published_time":"2023-07-14T20:09:32+00:00","article_modified_time":"2026-04-23T09:12:13+00:00","og_image":[{"width":1920,"height":1080,"url":"https:\/\/www.frederic-poitou.com\/blog\/wp-content\/2019\/09\/chaussures-rouges-benoit-xvi.jpg","type":"image\/jpeg"}],"author":"Fr\u00e9d\u00e9ric Poitou","twitter_card":"summary_large_image","twitter_creator":"@fredericpoitou","twitter_site":"@fredericpoitou","twitter_misc":{"\u00c9crit par":"Fr\u00e9d\u00e9ric Poitou","Dur\u00e9e de lecture estim\u00e9e":"2 minutes"},"schema":{"@context":"https:\/\/schema.org","@graph":[{"@type":"Article","@id":"https:\/\/www.frederic-poitou.com\/blog\/les-pompes-du-pape\/#article","isPartOf":{"@id":"https:\/\/www.frederic-poitou.com\/blog\/les-pompes-du-pape\/"},"author":{"name":"Fr\u00e9d\u00e9ric Poitou","@id":"http:\/\/www.frederic-poitou.com\/blog\/#\/schema\/person\/e2c2d05e978747818533fdce859a7799"},"headline":"LES POMPES DU PAPE !","datePublished":"2023-07-14T20:09:32+00:00","dateModified":"2026-04-23T09:12:13+00:00","mainEntityOfPage":{"@id":"https:\/\/www.frederic-poitou.com\/blog\/les-pompes-du-pape\/"},"wordCount":384,"image":{"@id":"https:\/\/www.frederic-poitou.com\/blog\/les-pompes-du-pape\/#primaryimage"},"thumbnailUrl":"https:\/\/www.frederic-poitou.com\/blog\/wp-content\/2019\/09\/chaussures-rouges-benoit-xvi.jpg","keywords":["Actualit\u00e9"],"articleSection":["Accueil","Divers","Soci\u00e9t\u00e9"],"inLanguage":"fr-FR"},{"@type":"WebPage","@id":"https:\/\/www.frederic-poitou.com\/blog\/les-pompes-du-pape\/","url":"https:\/\/www.frederic-poitou.com\/blog\/les-pompes-du-pape\/","name":"LES POMPES DU PAPE ! -","isPartOf":{"@id":"http:\/\/www.frederic-poitou.com\/blog\/#website"},"primaryImageOfPage":{"@id":"https:\/\/www.frederic-poitou.com\/blog\/les-pompes-du-pape\/#primaryimage"},"image":{"@id":"https:\/\/www.frederic-poitou.com\/blog\/les-pompes-du-pape\/#primaryimage"},"thumbnailUrl":"https:\/\/www.frederic-poitou.com\/blog\/wp-content\/2019\/09\/chaussures-rouges-benoit-xvi.jpg","datePublished":"2023-07-14T20:09:32+00:00","dateModified":"2026-04-23T09:12:13+00:00","author":{"@id":"http:\/\/www.frederic-poitou.com\/blog\/#\/schema\/person\/e2c2d05e978747818533fdce859a7799"},"breadcrumb":{"@id":"https:\/\/www.frederic-poitou.com\/blog\/les-pompes-du-pape\/#breadcrumb"},"inLanguage":"fr-FR","potentialAction":[{"@type":"ReadAction","target":["https:\/\/www.frederic-poitou.com\/blog\/les-pompes-du-pape\/"]}]},{"@type":"ImageObject","inLanguage":"fr-FR","@id":"https:\/\/www.frederic-poitou.com\/blog\/les-pompes-du-pape\/#primaryimage","url":"https:\/\/www.frederic-poitou.com\/blog\/wp-content\/2019\/09\/chaussures-rouges-benoit-xvi.jpg","contentUrl":"https:\/\/www.frederic-poitou.com\/blog\/wp-content\/2019\/09\/chaussures-rouges-benoit-xvi.jpg","width":1920,"height":1080,"caption":"Die roten Schuhe von Papst Benedikt XVI. bei dessen Besuch in Schottland."},{"@type":"BreadcrumbList","@id":"https:\/\/www.frederic-poitou.com\/blog\/les-pompes-du-pape\/#breadcrumb","itemListElement":[{"@type":"ListItem","position":1,"name":"Accueil","item":"http:\/\/www.frederic-poitou.com\/blog\/"},{"@type":"ListItem","position":2,"name":"LES POMPES DU PAPE !"}]},{"@type":"WebSite","@id":"http:\/\/www.frederic-poitou.com\/blog\/#website","url":"http:\/\/www.frederic-poitou.com\/blog\/","name":"","description":"","potentialAction":[{"@type":"SearchAction","target":{"@type":"EntryPoint","urlTemplate":"http:\/\/www.frederic-poitou.com\/blog\/?s={search_term_string}"},"query-input":{"@type":"PropertyValueSpecification","valueRequired":true,"valueName":"search_term_string"}}],"inLanguage":"fr-FR"},{"@type":"Person","@id":"http:\/\/www.frederic-poitou.com\/blog\/#\/schema\/person\/e2c2d05e978747818533fdce859a7799","name":"Fr\u00e9d\u00e9ric Poitou","image":{"@type":"ImageObject","inLanguage":"fr-FR","@id":"http:\/\/www.frederic-poitou.com\/blog\/#\/schema\/person\/image\/","url":"https:\/\/secure.gravatar.com\/avatar\/1933bcca279a2feafd35d9e0a080c521e11beb51115fe4cfe02e2586ac13424a?s=96&d=mm&r=g","contentUrl":"https:\/\/secure.gravatar.com\/avatar\/1933bcca279a2feafd35d9e0a080c521e11beb51115fe4cfe02e2586ac13424a?s=96&d=mm&r=g","caption":"Fr\u00e9d\u00e9ric Poitou"},"description":"Fr\u00e9d\u00e9ric Poitou est n\u00e9 \u00e0 Rouen, et y a fait des \u00e9tudes au Conservatoire en musique-\u00e9tudes en section piano. Il s'est ensuite orient\u00e9 vers des \u00e9tudes scientifiques o\u00f9 il a obtenu un dipl\u00f4me d'ing\u00e9nieur, puis un doctorat en Chimie. Il est Expert Judiciaire en France, en Belgique et \u00e0 Luxembourg, et agr\u00e9e par les Institutions Europ\u00e9ennes.","sameAs":["http:\/\/www.frederic-poitou.com","https:\/\/www.linkedin.com\/in\/frederic-poitou-b045a025\/"]}]}},"_links":{"self":[{"href":"https:\/\/www.frederic-poitou.com\/blog\/wp-json\/wp\/v2\/posts\/6453","targetHints":{"allow":["GET"]}}],"collection":[{"href":"https:\/\/www.frederic-poitou.com\/blog\/wp-json\/wp\/v2\/posts"}],"about":[{"href":"https:\/\/www.frederic-poitou.com\/blog\/wp-json\/wp\/v2\/types\/post"}],"author":[{"embeddable":true,"href":"https:\/\/www.frederic-poitou.com\/blog\/wp-json\/wp\/v2\/users\/4"}],"replies":[{"embeddable":true,"href":"https:\/\/www.frederic-poitou.com\/blog\/wp-json\/wp\/v2\/comments?post=6453"}],"version-history":[{"count":1,"href":"https:\/\/www.frederic-poitou.com\/blog\/wp-json\/wp\/v2\/posts\/6453\/revisions"}],"predecessor-version":[{"id":9398,"href":"https:\/\/www.frederic-poitou.com\/blog\/wp-json\/wp\/v2\/posts\/6453\/revisions\/9398"}],"wp:featuredmedia":[{"embeddable":true,"href":"https:\/\/www.frederic-poitou.com\/blog\/wp-json\/wp\/v2\/media\/9397"}],"wp:attachment":[{"href":"https:\/\/www.frederic-poitou.com\/blog\/wp-json\/wp\/v2\/media?parent=6453"}],"wp:term":[{"taxonomy":"category","embeddable":true,"href":"https:\/\/www.frederic-poitou.com\/blog\/wp-json\/wp\/v2\/categories?post=6453"},{"taxonomy":"post_tag","embeddable":true,"href":"https:\/\/www.frederic-poitou.com\/blog\/wp-json\/wp\/v2\/tags?post=6453"}],"curies":[{"name":"wp","href":"https:\/\/api.w.org\/{rel}","templated":true}]}}