{"id":6442,"date":"2023-07-13T19:43:32","date_gmt":"2023-07-13T17:43:32","guid":{"rendered":"http:\/\/www.frederic-poitou.com\/blog\/?p=6442"},"modified":"2026-04-10T22:23:02","modified_gmt":"2026-04-10T20:23:02","slug":"a-un-an-des-municipales-cest-enfin-parti","status":"publish","type":"post","link":"https:\/\/www.frederic-poitou.com\/blog\/a-un-an-des-municipales-cest-enfin-parti\/","title":{"rendered":"A UN AN DES MUNICIPALES, C&rsquo;EST (ENFIN) PARTI &#8230;"},"content":{"rendered":"<p>Jean-Noel Gu\u00e9rini mis en examen ce matin pour d\u00e9tournement de fonds publics, pourrait \u00eatre jug\u00e9 rapidement, quant \u00e0 Jean-David Ciot, d\u00e9put\u00e9 des Bouches du Rh\u00f4ne, il devrait \u00eatre mis en examen \u00e0 son tour cet apr\u00e8s midi pour recel de d\u00e9tournement de fonds publics. Alors conseiller au cabinet de Jean-No\u00ebl Gu\u00e9rini depuis 2002, il venait de prendre le secr\u00e9tariat d\u00e9l\u00e9gu\u00e9 de la f\u00e9d\u00e9ration des Bouches-du-Rh\u00f4ne.<\/p>\n<p>Ce pourrait bien \u00eatre &#8211; enfin &#8211; le d\u00e9but d&rsquo;un grand m\u00e9nage au sein du PS 13. Enfin !<\/p>\n<p><img loading=\"lazy\" decoding=\"async\" class=\"aligncenter size-full wp-image-6443\" title=\"499257\" src=\"http:\/\/www.frederic-poitou.com\/blog\/wp-content\/499257.jpeg\" alt=\"499257\" width=\"476\" height=\"297\" srcset=\"https:\/\/www.frederic-poitou.com\/blog\/wp-content\/499257.jpeg 476w, https:\/\/www.frederic-poitou.com\/blog\/wp-content\/499257-300x187.jpg 300w\" sizes=\"auto, (max-width: 476px) 100vw, 476px\" \/><\/p>\n<p style=\"text-align: center;\"><img loading=\"lazy\" decoding=\"async\" class=\"aligncenter size-full wp-image-6445\" title=\"490204\" src=\"http:\/\/www.frederic-poitou.com\/blog\/wp-content\/490204.jpeg\" alt=\"490204\" width=\"476\" height=\"317\" srcset=\"https:\/\/www.frederic-poitou.com\/blog\/wp-content\/490204.jpeg 476w, https:\/\/www.frederic-poitou.com\/blog\/wp-content\/490204-300x199.jpg 300w\" sizes=\"auto, (max-width: 476px) 100vw, 476px\" \/><\/p>\n","protected":false},"excerpt":{"rendered":"<p>Jean-Noel Gu\u00e9rini mis en examen ce matin pour d\u00e9tournement de fonds publics, pourrait \u00eatre jug\u00e9 rapidement, quant \u00e0 Jean-David Ciot, d\u00e9put\u00e9 des Bouches du Rh\u00f4ne, il devrait \u00eatre mis en examen \u00e0 son tour cet apr\u00e8s midi pour recel de &hellip; <a href=\"https:\/\/www.frederic-poitou.com\/blog\/a-un-an-des-municipales-cest-enfin-parti\/\">Lire la suite\u00ad\u00ad<\/a><\/p>\n","protected":false},"author":4,"featured_media":0,"comment_status":"closed","ping_status":"closed","sticky":false,"template":"","format":"standard","meta":{"kt_blocks_editor_width":"","_exactmetrics_skip_tracking":false,"_exactmetrics_sitenote_active":false,"_exactmetrics_sitenote_note":"","_exactmetrics_sitenote_category":0,"footnotes":""},"categories":[48],"tags":[27,24],"class_list":["post-6442","post","type-post","status-publish","format-standard","hentry","category-accueil","tag-actualite","tag-politique"],"yoast_head":"<!-- This site is optimized with the Yoast SEO plugin v27.1.1 - https:\/\/yoast.com\/product\/yoast-seo-wordpress\/ -->\n<title>A UN AN DES MUNICIPALES, C&#039;EST (ENFIN) PARTI ... -<\/title>\n<meta name=\"robots\" content=\"index, follow, max-snippet:-1, max-image-preview:large, max-video-preview:-1\" \/>\n<link rel=\"canonical\" href=\"http:\/\/www.frederic-poitou.com\/blog\/a-un-an-des-municipales-cest-enfin-parti\/\" \/>\n<meta property=\"og:locale\" content=\"fr_FR\" \/>\n<meta property=\"og:type\" content=\"article\" \/>\n<meta property=\"og:title\" content=\"A UN AN DES MUNICIPALES, C&#039;EST (ENFIN) PARTI ... -\" \/>\n<meta property=\"og:description\" content=\"Jean-Noel Gu\u00e9rini mis en examen ce matin pour d\u00e9tournement de fonds publics, pourrait \u00eatre jug\u00e9 rapidement, quant \u00e0 Jean-David Ciot, d\u00e9put\u00e9 des Bouches du Rh\u00f4ne, il devrait \u00eatre mis en examen \u00e0 son tour cet apr\u00e8s midi pour recel de &hellip; Lire la suite\u00ad\u00ad\" \/>\n<meta property=\"og:url\" content=\"http:\/\/www.frederic-poitou.com\/blog\/a-un-an-des-municipales-cest-enfin-parti\/\" \/>\n<meta property=\"article:publisher\" content=\"https:\/\/www.facebook.com\/frederic.poitou\/\" \/>\n<meta property=\"article:published_time\" content=\"2023-07-13T17:43:32+00:00\" \/>\n<meta property=\"article:modified_time\" content=\"2026-04-10T20:23:02+00:00\" \/>\n<meta property=\"og:image\" content=\"http:\/\/www.frederic-poitou.com\/blog\/wp-content\/499257.jpeg\" \/>\n<meta name=\"author\" content=\"Fr\u00e9d\u00e9ric Poitou\" \/>\n<meta name=\"twitter:card\" content=\"summary_large_image\" \/>\n<meta name=\"twitter:creator\" content=\"@fredericpoitou\" \/>\n<meta name=\"twitter:site\" content=\"@fredericpoitou\" \/>\n<meta name=\"twitter:label1\" content=\"\u00c9crit par\" \/>\n\t<meta name=\"twitter:data1\" content=\"Fr\u00e9d\u00e9ric Poitou\" \/>\n<script type=\"application\/ld+json\" class=\"yoast-schema-graph\">{\"@context\":\"https:\/\/schema.org\",\"@graph\":[{\"@type\":\"Article\",\"@id\":\"http:\/\/www.frederic-poitou.com\/blog\/a-un-an-des-municipales-cest-enfin-parti\/#article\",\"isPartOf\":{\"@id\":\"http:\/\/www.frederic-poitou.com\/blog\/a-un-an-des-municipales-cest-enfin-parti\/\"},\"author\":{\"name\":\"Fr\u00e9d\u00e9ric Poitou\",\"@id\":\"https:\/\/www.frederic-poitou.com\/blog\/#\/schema\/person\/e2c2d05e978747818533fdce859a7799\"},\"headline\":\"A UN AN DES MUNICIPALES, C&rsquo;EST (ENFIN) PARTI &#8230;\",\"datePublished\":\"2023-07-13T17:43:32+00:00\",\"dateModified\":\"2026-04-10T20:23:02+00:00\",\"mainEntityOfPage\":{\"@id\":\"http:\/\/www.frederic-poitou.com\/blog\/a-un-an-des-municipales-cest-enfin-parti\/\"},\"wordCount\":105,\"image\":{\"@id\":\"http:\/\/www.frederic-poitou.com\/blog\/a-un-an-des-municipales-cest-enfin-parti\/#primaryimage\"},\"thumbnailUrl\":\"http:\/\/www.frederic-poitou.com\/blog\/wp-content\/499257.jpeg\",\"keywords\":[\"Actualit\u00e9\",\"Politique\"],\"articleSection\":[\"Accueil\"],\"inLanguage\":\"fr-FR\"},{\"@type\":\"WebPage\",\"@id\":\"http:\/\/www.frederic-poitou.com\/blog\/a-un-an-des-municipales-cest-enfin-parti\/\",\"url\":\"http:\/\/www.frederic-poitou.com\/blog\/a-un-an-des-municipales-cest-enfin-parti\/\",\"name\":\"A UN AN DES MUNICIPALES, C'EST (ENFIN) PARTI ... -\",\"isPartOf\":{\"@id\":\"https:\/\/www.frederic-poitou.com\/blog\/#website\"},\"primaryImageOfPage\":{\"@id\":\"http:\/\/www.frederic-poitou.com\/blog\/a-un-an-des-municipales-cest-enfin-parti\/#primaryimage\"},\"image\":{\"@id\":\"http:\/\/www.frederic-poitou.com\/blog\/a-un-an-des-municipales-cest-enfin-parti\/#primaryimage\"},\"thumbnailUrl\":\"http:\/\/www.frederic-poitou.com\/blog\/wp-content\/499257.jpeg\",\"datePublished\":\"2023-07-13T17:43:32+00:00\",\"dateModified\":\"2026-04-10T20:23:02+00:00\",\"author\":{\"@id\":\"https:\/\/www.frederic-poitou.com\/blog\/#\/schema\/person\/e2c2d05e978747818533fdce859a7799\"},\"breadcrumb\":{\"@id\":\"http:\/\/www.frederic-poitou.com\/blog\/a-un-an-des-municipales-cest-enfin-parti\/#breadcrumb\"},\"inLanguage\":\"fr-FR\",\"potentialAction\":[{\"@type\":\"ReadAction\",\"target\":[\"http:\/\/www.frederic-poitou.com\/blog\/a-un-an-des-municipales-cest-enfin-parti\/\"]}]},{\"@type\":\"ImageObject\",\"inLanguage\":\"fr-FR\",\"@id\":\"http:\/\/www.frederic-poitou.com\/blog\/a-un-an-des-municipales-cest-enfin-parti\/#primaryimage\",\"url\":\"https:\/\/www.frederic-poitou.com\/blog\/wp-content\/499257.jpeg\",\"contentUrl\":\"https:\/\/www.frederic-poitou.com\/blog\/wp-content\/499257.jpeg\",\"width\":\"476\",\"height\":\"297\"},{\"@type\":\"BreadcrumbList\",\"@id\":\"http:\/\/www.frederic-poitou.com\/blog\/a-un-an-des-municipales-cest-enfin-parti\/#breadcrumb\",\"itemListElement\":[{\"@type\":\"ListItem\",\"position\":1,\"name\":\"Accueil\",\"item\":\"https:\/\/www.frederic-poitou.com\/blog\/\"},{\"@type\":\"ListItem\",\"position\":2,\"name\":\"A UN AN DES MUNICIPALES, C&rsquo;EST (ENFIN) PARTI &#8230;\"}]},{\"@type\":\"WebSite\",\"@id\":\"https:\/\/www.frederic-poitou.com\/blog\/#website\",\"url\":\"https:\/\/www.frederic-poitou.com\/blog\/\",\"name\":\"\",\"description\":\"\",\"potentialAction\":[{\"@type\":\"SearchAction\",\"target\":{\"@type\":\"EntryPoint\",\"urlTemplate\":\"https:\/\/www.frederic-poitou.com\/blog\/?s={search_term_string}\"},\"query-input\":{\"@type\":\"PropertyValueSpecification\",\"valueRequired\":true,\"valueName\":\"search_term_string\"}}],\"inLanguage\":\"fr-FR\"},{\"@type\":\"Person\",\"@id\":\"https:\/\/www.frederic-poitou.com\/blog\/#\/schema\/person\/e2c2d05e978747818533fdce859a7799\",\"name\":\"Fr\u00e9d\u00e9ric Poitou\",\"image\":{\"@type\":\"ImageObject\",\"inLanguage\":\"fr-FR\",\"@id\":\"https:\/\/www.frederic-poitou.com\/blog\/#\/schema\/person\/image\/\",\"url\":\"https:\/\/secure.gravatar.com\/avatar\/1933bcca279a2feafd35d9e0a080c521e11beb51115fe4cfe02e2586ac13424a?s=96&d=mm&r=g\",\"contentUrl\":\"https:\/\/secure.gravatar.com\/avatar\/1933bcca279a2feafd35d9e0a080c521e11beb51115fe4cfe02e2586ac13424a?s=96&d=mm&r=g\",\"caption\":\"Fr\u00e9d\u00e9ric Poitou\"},\"description\":\"Fr\u00e9d\u00e9ric Poitou est n\u00e9 \u00e0 Rouen, et y a fait des \u00e9tudes au Conservatoire en musique-\u00e9tudes en section piano. Il s'est ensuite orient\u00e9 vers des \u00e9tudes scientifiques o\u00f9 il a obtenu un dipl\u00f4me d'ing\u00e9nieur, puis un doctorat en Chimie. Il est Expert Judiciaire en France, en Belgique et \u00e0 Luxembourg, et agr\u00e9e par les Institutions Europ\u00e9ennes.\",\"sameAs\":[\"http:\/\/www.frederic-poitou.com\",\"https:\/\/www.linkedin.com\/in\/frederic-poitou-b045a025\/\"]}]}<\/script>\n<!-- \/ Yoast SEO plugin. -->","yoast_head_json":{"title":"A UN AN DES MUNICIPALES, C'EST (ENFIN) PARTI ... -","robots":{"index":"index","follow":"follow","max-snippet":"max-snippet:-1","max-image-preview":"max-image-preview:large","max-video-preview":"max-video-preview:-1"},"canonical":"http:\/\/www.frederic-poitou.com\/blog\/a-un-an-des-municipales-cest-enfin-parti\/","og_locale":"fr_FR","og_type":"article","og_title":"A UN AN DES MUNICIPALES, C'EST (ENFIN) PARTI ... -","og_description":"Jean-Noel Gu\u00e9rini mis en examen ce matin pour d\u00e9tournement de fonds publics, pourrait \u00eatre jug\u00e9 rapidement, quant \u00e0 Jean-David Ciot, d\u00e9put\u00e9 des Bouches du Rh\u00f4ne, il devrait \u00eatre mis en examen \u00e0 son tour cet apr\u00e8s midi pour recel de &hellip; Lire la suite\u00ad\u00ad","og_url":"http:\/\/www.frederic-poitou.com\/blog\/a-un-an-des-municipales-cest-enfin-parti\/","article_publisher":"https:\/\/www.facebook.com\/frederic.poitou\/","article_published_time":"2023-07-13T17:43:32+00:00","article_modified_time":"2026-04-10T20:23:02+00:00","og_image":[{"url":"http:\/\/www.frederic-poitou.com\/blog\/wp-content\/499257.jpeg","type":"","width":"","height":""}],"author":"Fr\u00e9d\u00e9ric Poitou","twitter_card":"summary_large_image","twitter_creator":"@fredericpoitou","twitter_site":"@fredericpoitou","twitter_misc":{"\u00c9crit par":"Fr\u00e9d\u00e9ric Poitou"},"schema":{"@context":"https:\/\/schema.org","@graph":[{"@type":"Article","@id":"http:\/\/www.frederic-poitou.com\/blog\/a-un-an-des-municipales-cest-enfin-parti\/#article","isPartOf":{"@id":"http:\/\/www.frederic-poitou.com\/blog\/a-un-an-des-municipales-cest-enfin-parti\/"},"author":{"name":"Fr\u00e9d\u00e9ric Poitou","@id":"https:\/\/www.frederic-poitou.com\/blog\/#\/schema\/person\/e2c2d05e978747818533fdce859a7799"},"headline":"A UN AN DES MUNICIPALES, C&rsquo;EST (ENFIN) PARTI &#8230;","datePublished":"2023-07-13T17:43:32+00:00","dateModified":"2026-04-10T20:23:02+00:00","mainEntityOfPage":{"@id":"http:\/\/www.frederic-poitou.com\/blog\/a-un-an-des-municipales-cest-enfin-parti\/"},"wordCount":105,"image":{"@id":"http:\/\/www.frederic-poitou.com\/blog\/a-un-an-des-municipales-cest-enfin-parti\/#primaryimage"},"thumbnailUrl":"http:\/\/www.frederic-poitou.com\/blog\/wp-content\/499257.jpeg","keywords":["Actualit\u00e9","Politique"],"articleSection":["Accueil"],"inLanguage":"fr-FR"},{"@type":"WebPage","@id":"http:\/\/www.frederic-poitou.com\/blog\/a-un-an-des-municipales-cest-enfin-parti\/","url":"http:\/\/www.frederic-poitou.com\/blog\/a-un-an-des-municipales-cest-enfin-parti\/","name":"A UN AN DES MUNICIPALES, C'EST (ENFIN) PARTI ... -","isPartOf":{"@id":"https:\/\/www.frederic-poitou.com\/blog\/#website"},"primaryImageOfPage":{"@id":"http:\/\/www.frederic-poitou.com\/blog\/a-un-an-des-municipales-cest-enfin-parti\/#primaryimage"},"image":{"@id":"http:\/\/www.frederic-poitou.com\/blog\/a-un-an-des-municipales-cest-enfin-parti\/#primaryimage"},"thumbnailUrl":"http:\/\/www.frederic-poitou.com\/blog\/wp-content\/499257.jpeg","datePublished":"2023-07-13T17:43:32+00:00","dateModified":"2026-04-10T20:23:02+00:00","author":{"@id":"https:\/\/www.frederic-poitou.com\/blog\/#\/schema\/person\/e2c2d05e978747818533fdce859a7799"},"breadcrumb":{"@id":"http:\/\/www.frederic-poitou.com\/blog\/a-un-an-des-municipales-cest-enfin-parti\/#breadcrumb"},"inLanguage":"fr-FR","potentialAction":[{"@type":"ReadAction","target":["http:\/\/www.frederic-poitou.com\/blog\/a-un-an-des-municipales-cest-enfin-parti\/"]}]},{"@type":"ImageObject","inLanguage":"fr-FR","@id":"http:\/\/www.frederic-poitou.com\/blog\/a-un-an-des-municipales-cest-enfin-parti\/#primaryimage","url":"https:\/\/www.frederic-poitou.com\/blog\/wp-content\/499257.jpeg","contentUrl":"https:\/\/www.frederic-poitou.com\/blog\/wp-content\/499257.jpeg","width":"476","height":"297"},{"@type":"BreadcrumbList","@id":"http:\/\/www.frederic-poitou.com\/blog\/a-un-an-des-municipales-cest-enfin-parti\/#breadcrumb","itemListElement":[{"@type":"ListItem","position":1,"name":"Accueil","item":"https:\/\/www.frederic-poitou.com\/blog\/"},{"@type":"ListItem","position":2,"name":"A UN AN DES MUNICIPALES, C&rsquo;EST (ENFIN) PARTI &#8230;"}]},{"@type":"WebSite","@id":"https:\/\/www.frederic-poitou.com\/blog\/#website","url":"https:\/\/www.frederic-poitou.com\/blog\/","name":"","description":"","potentialAction":[{"@type":"SearchAction","target":{"@type":"EntryPoint","urlTemplate":"https:\/\/www.frederic-poitou.com\/blog\/?s={search_term_string}"},"query-input":{"@type":"PropertyValueSpecification","valueRequired":true,"valueName":"search_term_string"}}],"inLanguage":"fr-FR"},{"@type":"Person","@id":"https:\/\/www.frederic-poitou.com\/blog\/#\/schema\/person\/e2c2d05e978747818533fdce859a7799","name":"Fr\u00e9d\u00e9ric Poitou","image":{"@type":"ImageObject","inLanguage":"fr-FR","@id":"https:\/\/www.frederic-poitou.com\/blog\/#\/schema\/person\/image\/","url":"https:\/\/secure.gravatar.com\/avatar\/1933bcca279a2feafd35d9e0a080c521e11beb51115fe4cfe02e2586ac13424a?s=96&d=mm&r=g","contentUrl":"https:\/\/secure.gravatar.com\/avatar\/1933bcca279a2feafd35d9e0a080c521e11beb51115fe4cfe02e2586ac13424a?s=96&d=mm&r=g","caption":"Fr\u00e9d\u00e9ric Poitou"},"description":"Fr\u00e9d\u00e9ric Poitou est n\u00e9 \u00e0 Rouen, et y a fait des \u00e9tudes au Conservatoire en musique-\u00e9tudes en section piano. Il s'est ensuite orient\u00e9 vers des \u00e9tudes scientifiques o\u00f9 il a obtenu un dipl\u00f4me d'ing\u00e9nieur, puis un doctorat en Chimie. Il est Expert Judiciaire en France, en Belgique et \u00e0 Luxembourg, et agr\u00e9e par les Institutions Europ\u00e9ennes.","sameAs":["http:\/\/www.frederic-poitou.com","https:\/\/www.linkedin.com\/in\/frederic-poitou-b045a025\/"]}]}},"_links":{"self":[{"href":"https:\/\/www.frederic-poitou.com\/blog\/wp-json\/wp\/v2\/posts\/6442","targetHints":{"allow":["GET"]}}],"collection":[{"href":"https:\/\/www.frederic-poitou.com\/blog\/wp-json\/wp\/v2\/posts"}],"about":[{"href":"https:\/\/www.frederic-poitou.com\/blog\/wp-json\/wp\/v2\/types\/post"}],"author":[{"embeddable":true,"href":"https:\/\/www.frederic-poitou.com\/blog\/wp-json\/wp\/v2\/users\/4"}],"replies":[{"embeddable":true,"href":"https:\/\/www.frederic-poitou.com\/blog\/wp-json\/wp\/v2\/comments?post=6442"}],"version-history":[{"count":1,"href":"https:\/\/www.frederic-poitou.com\/blog\/wp-json\/wp\/v2\/posts\/6442\/revisions"}],"predecessor-version":[{"id":10304,"href":"https:\/\/www.frederic-poitou.com\/blog\/wp-json\/wp\/v2\/posts\/6442\/revisions\/10304"}],"wp:attachment":[{"href":"https:\/\/www.frederic-poitou.com\/blog\/wp-json\/wp\/v2\/media?parent=6442"}],"wp:term":[{"taxonomy":"category","embeddable":true,"href":"https:\/\/www.frederic-poitou.com\/blog\/wp-json\/wp\/v2\/categories?post=6442"},{"taxonomy":"post_tag","embeddable":true,"href":"https:\/\/www.frederic-poitou.com\/blog\/wp-json\/wp\/v2\/tags?post=6442"}],"curies":[{"name":"wp","href":"https:\/\/api.w.org\/{rel}","templated":true}]}}