{"id":6392,"date":"2023-07-14T03:22:32","date_gmt":"2023-07-14T01:22:32","guid":{"rendered":"http:\/\/www.frederic-poitou.com\/blog\/?p=6392"},"modified":"2026-04-15T17:54:32","modified_gmt":"2026-04-15T15:54:32","slug":"louis-prades-est-ailleurs","status":"publish","type":"post","link":"https:\/\/www.frederic-poitou.com\/blog\/louis-prades-est-ailleurs\/","title":{"rendered":"LOUIS PRADES EST AILLEURS"},"content":{"rendered":"<p>Louis Prades est d\u00e9c\u00e9d\u00e9 voici quelques jours, et c&rsquo;est une grande peine pour tous ceux qui l&rsquo;ont c\u00f4toy\u00e9. Les mots qui reviennent le plus souvent sont, bonhommie, g\u00e9n\u00e9rosit\u00e9, gentillesse, sourire.<\/p>\n<p>Louis m&rsquo;avait permis de retrouver le go\u00fbt de l&rsquo;histoire de France, lorsque je l&rsquo;avais aid\u00e9 &#8211; <em>bien humblement<\/em> &#8211; \u00e0 mettre sous forme de petits livrets, les conf\u00e9rences qu&rsquo;il donnait sur les Cathares ou sur le Canal du Midi, en 2005 et 2006. Son \u00e9pouse Fran\u00e7oise s&rsquo;en souviendra, bien sur.<\/p>\n<p>Voici six moi, j&rsquo;ai d\u00e9marr\u00e9 la pr\u00e9paration d&rsquo;une intervention sur les Cathares, que j&rsquo;avais bas\u00e9e sur ses \u00e9critures et ses recherches, compl\u00e9t\u00e9es par des photos, des vid\u00e9os des sites les plus remarquables, et de quelques \u00e9l\u00e9ments li\u00e9s \u00e0 l&rsquo;histoire des religion, principalement protestante.<\/p>\n<p>Car nous avions, lui et moi, deux sujets de chamaillerie. La religion &#8211; il \u00e9tait ath\u00e9e disait il. Je le pensais plut\u00f4t agnostique &#8211; et la politique. Mais son ouverture d&rsquo;esprit, et son apparente candeur lui permettait de vous laisser croire en cas de divergence de point de vue, que vous aviez raison !<\/p>\n<p>Derni\u00e8rement, avec V\u00e9ronique, nous avions assist\u00e9 \u00e0 une conf\u00e9rence sur l&rsquo;Egypte des Pharaons, conf\u00e9rence \u00e0 l&rsquo;occasion de laquelle il s&rsquo;\u00e9tait plaint que &#8230; sa \u00ab\u00a0<em>bi\u00e8re n&rsquo;\u00e9tait pas assez fra\u00eeche <\/em>\u00a0\u00bb !<br \/>\nCar le \u00ab\u00a0contrat\u00a0\u00bb qui le liait avec le village de S\u00e9rignan, pr\u00e9voyait que les conf\u00e9rences qu&rsquo;il donnait b\u00e9n\u00e9volement, n&rsquo;\u00e9taient r\u00e9mun\u00e9r\u00e9es qu&rsquo;avec un bon demi de bi\u00e8re bien fra\u00eeche !<\/p>\n<p>Il avait son auditoire Louis. Une vingtaine de fid\u00e8les qui suivaient avec attention ses conf\u00e9rences (il proposait chaque \u00e9t\u00e9 cinq ou six sujets), pr\u00e9sent\u00e9es au pied du \u00ab\u00a0minaret\u00a0\u00bb au soleil tombant.<\/p>\n<p>J&rsquo;avais d\u00e9di\u00e9 \u00e0 Louis ce travail que je devais pr\u00e9senter en D\u00e9cembre, et je m&rsquo;\u00e9tais promis de lui en envoyer une copie. L&rsquo;Histoire ne m&rsquo;en a pas donn\u00e9 l&rsquo;occasion, et je le regrette.<\/p>\n<p>Lorsque l&rsquo;on ne fait pas les choses \u00e0 temps, on a parfois plus le temps de les faire ensuite. C&rsquo;est une des Lois de la vie. Dire qu&rsquo;on les aime, \u00e0 ceux que l&rsquo;on aime, lorsque l&rsquo;on peut encore le faire.<\/p>\n<p>Louis a rejoint son camarade Etienne au paradis des \u00e9picuriens, et des bons vivants.<\/p>\n<p><em>Le Jardin de ce monde ne fleurit que pour un temps<\/em> (<strong>Gandhi<\/strong>)<\/p>\n<p><!--more--><\/p>\n<p style=\"text-align: center;\"><img loading=\"lazy\" decoding=\"async\" class=\"aligncenter size-full wp-image-6395\" title=\"148850_10151053217901884_1653348390_n\" src=\"http:\/\/www.frederic-poitou.com\/blog\/wp-content\/148850_10151053217901884_1653348390_n.jpg\" alt=\"148850_10151053217901884_1653348390_n\" width=\"403\" height=\"403\" srcset=\"https:\/\/www.frederic-poitou.com\/blog\/wp-content\/148850_10151053217901884_1653348390_n.jpg 403w, https:\/\/www.frederic-poitou.com\/blog\/wp-content\/148850_10151053217901884_1653348390_n-150x150.jpg 150w, https:\/\/www.frederic-poitou.com\/blog\/wp-content\/148850_10151053217901884_1653348390_n-300x300.jpg 300w\" sizes=\"auto, (max-width: 403px) 100vw, 403px\" \/><\/p>\n","protected":false},"excerpt":{"rendered":"<p>Louis Prades est d\u00e9c\u00e9d\u00e9 voici quelques jours, et c&rsquo;est une grande peine pour tous ceux qui l&rsquo;ont c\u00f4toy\u00e9. Les mots qui reviennent le plus souvent sont, bonhommie, g\u00e9n\u00e9rosit\u00e9, gentillesse, sourire. Louis m&rsquo;avait permis de retrouver le go\u00fbt de l&rsquo;histoire de &hellip; <a href=\"https:\/\/www.frederic-poitou.com\/blog\/louis-prades-est-ailleurs\/\">Lire la suite\u00ad\u00ad<\/a><\/p>\n","protected":false},"author":4,"featured_media":0,"comment_status":"closed","ping_status":"closed","sticky":false,"template":"","format":"standard","meta":{"kt_blocks_editor_width":"","_exactmetrics_skip_tracking":false,"_exactmetrics_sitenote_active":false,"_exactmetrics_sitenote_note":"","_exactmetrics_sitenote_category":0,"footnotes":""},"categories":[1],"tags":[27],"class_list":["post-6392","post","type-post","status-publish","format-standard","hentry","category-politique-economie","tag-actualite"],"yoast_head":"<!-- This site is optimized with the Yoast SEO plugin v27.1.1 - https:\/\/yoast.com\/product\/yoast-seo-wordpress\/ -->\n<title>LOUIS PRADES EST AILLEURS -<\/title>\n<meta name=\"robots\" content=\"index, follow, max-snippet:-1, max-image-preview:large, max-video-preview:-1\" \/>\n<link rel=\"canonical\" href=\"http:\/\/www.frederic-poitou.com\/blog\/louis-prades-est-ailleurs\/\" \/>\n<meta property=\"og:locale\" content=\"fr_FR\" \/>\n<meta property=\"og:type\" content=\"article\" \/>\n<meta property=\"og:title\" content=\"LOUIS PRADES EST AILLEURS -\" \/>\n<meta property=\"og:description\" content=\"Louis Prades est d\u00e9c\u00e9d\u00e9 voici quelques jours, et c&rsquo;est une grande peine pour tous ceux qui l&rsquo;ont c\u00f4toy\u00e9. Les mots qui reviennent le plus souvent sont, bonhommie, g\u00e9n\u00e9rosit\u00e9, gentillesse, sourire. Louis m&rsquo;avait permis de retrouver le go\u00fbt de l&rsquo;histoire de &hellip; Lire la suite\u00ad\u00ad\" \/>\n<meta property=\"og:url\" content=\"http:\/\/www.frederic-poitou.com\/blog\/louis-prades-est-ailleurs\/\" \/>\n<meta property=\"article:publisher\" content=\"https:\/\/www.facebook.com\/frederic.poitou\/\" \/>\n<meta property=\"article:published_time\" content=\"2023-07-14T01:22:32+00:00\" \/>\n<meta property=\"article:modified_time\" content=\"2026-04-15T15:54:32+00:00\" \/>\n<meta property=\"og:image\" content=\"http:\/\/www.frederic-poitou.com\/blog\/wp-content\/148850_10151053217901884_1653348390_n.jpg\" \/>\n<meta name=\"author\" content=\"Fr\u00e9d\u00e9ric Poitou\" \/>\n<meta name=\"twitter:card\" content=\"summary_large_image\" \/>\n<meta name=\"twitter:creator\" content=\"@fredericpoitou\" \/>\n<meta name=\"twitter:site\" content=\"@fredericpoitou\" \/>\n<meta name=\"twitter:label1\" content=\"\u00c9crit par\" \/>\n\t<meta name=\"twitter:data1\" content=\"Fr\u00e9d\u00e9ric Poitou\" \/>\n\t<meta name=\"twitter:label2\" content=\"Dur\u00e9e de lecture estim\u00e9e\" \/>\n\t<meta name=\"twitter:data2\" content=\"2 minutes\" \/>\n<script type=\"application\/ld+json\" class=\"yoast-schema-graph\">{\"@context\":\"https:\/\/schema.org\",\"@graph\":[{\"@type\":\"Article\",\"@id\":\"http:\/\/www.frederic-poitou.com\/blog\/louis-prades-est-ailleurs\/#article\",\"isPartOf\":{\"@id\":\"http:\/\/www.frederic-poitou.com\/blog\/louis-prades-est-ailleurs\/\"},\"author\":{\"name\":\"Fr\u00e9d\u00e9ric Poitou\",\"@id\":\"http:\/\/www.frederic-poitou.com\/blog\/#\/schema\/person\/e2c2d05e978747818533fdce859a7799\"},\"headline\":\"LOUIS PRADES EST AILLEURS\",\"datePublished\":\"2023-07-14T01:22:32+00:00\",\"dateModified\":\"2026-04-15T15:54:32+00:00\",\"mainEntityOfPage\":{\"@id\":\"http:\/\/www.frederic-poitou.com\/blog\/louis-prades-est-ailleurs\/\"},\"wordCount\":428,\"image\":{\"@id\":\"http:\/\/www.frederic-poitou.com\/blog\/louis-prades-est-ailleurs\/#primaryimage\"},\"thumbnailUrl\":\"http:\/\/www.frederic-poitou.com\/blog\/wp-content\/148850_10151053217901884_1653348390_n.jpg\",\"keywords\":[\"Actualit\u00e9\"],\"articleSection\":[\"Divers\"],\"inLanguage\":\"fr-FR\"},{\"@type\":\"WebPage\",\"@id\":\"http:\/\/www.frederic-poitou.com\/blog\/louis-prades-est-ailleurs\/\",\"url\":\"http:\/\/www.frederic-poitou.com\/blog\/louis-prades-est-ailleurs\/\",\"name\":\"LOUIS PRADES EST AILLEURS -\",\"isPartOf\":{\"@id\":\"http:\/\/www.frederic-poitou.com\/blog\/#website\"},\"primaryImageOfPage\":{\"@id\":\"http:\/\/www.frederic-poitou.com\/blog\/louis-prades-est-ailleurs\/#primaryimage\"},\"image\":{\"@id\":\"http:\/\/www.frederic-poitou.com\/blog\/louis-prades-est-ailleurs\/#primaryimage\"},\"thumbnailUrl\":\"http:\/\/www.frederic-poitou.com\/blog\/wp-content\/148850_10151053217901884_1653348390_n.jpg\",\"datePublished\":\"2023-07-14T01:22:32+00:00\",\"dateModified\":\"2026-04-15T15:54:32+00:00\",\"author\":{\"@id\":\"http:\/\/www.frederic-poitou.com\/blog\/#\/schema\/person\/e2c2d05e978747818533fdce859a7799\"},\"breadcrumb\":{\"@id\":\"http:\/\/www.frederic-poitou.com\/blog\/louis-prades-est-ailleurs\/#breadcrumb\"},\"inLanguage\":\"fr-FR\",\"potentialAction\":[{\"@type\":\"ReadAction\",\"target\":[\"http:\/\/www.frederic-poitou.com\/blog\/louis-prades-est-ailleurs\/\"]}]},{\"@type\":\"ImageObject\",\"inLanguage\":\"fr-FR\",\"@id\":\"http:\/\/www.frederic-poitou.com\/blog\/louis-prades-est-ailleurs\/#primaryimage\",\"url\":\"https:\/\/www.frederic-poitou.com\/blog\/wp-content\/148850_10151053217901884_1653348390_n.jpg\",\"contentUrl\":\"https:\/\/www.frederic-poitou.com\/blog\/wp-content\/148850_10151053217901884_1653348390_n.jpg\",\"width\":\"403\",\"height\":\"403\"},{\"@type\":\"BreadcrumbList\",\"@id\":\"http:\/\/www.frederic-poitou.com\/blog\/louis-prades-est-ailleurs\/#breadcrumb\",\"itemListElement\":[{\"@type\":\"ListItem\",\"position\":1,\"name\":\"Accueil\",\"item\":\"http:\/\/www.frederic-poitou.com\/blog\/\"},{\"@type\":\"ListItem\",\"position\":2,\"name\":\"LOUIS PRADES EST AILLEURS\"}]},{\"@type\":\"WebSite\",\"@id\":\"http:\/\/www.frederic-poitou.com\/blog\/#website\",\"url\":\"http:\/\/www.frederic-poitou.com\/blog\/\",\"name\":\"\",\"description\":\"\",\"potentialAction\":[{\"@type\":\"SearchAction\",\"target\":{\"@type\":\"EntryPoint\",\"urlTemplate\":\"http:\/\/www.frederic-poitou.com\/blog\/?s={search_term_string}\"},\"query-input\":{\"@type\":\"PropertyValueSpecification\",\"valueRequired\":true,\"valueName\":\"search_term_string\"}}],\"inLanguage\":\"fr-FR\"},{\"@type\":\"Person\",\"@id\":\"http:\/\/www.frederic-poitou.com\/blog\/#\/schema\/person\/e2c2d05e978747818533fdce859a7799\",\"name\":\"Fr\u00e9d\u00e9ric Poitou\",\"image\":{\"@type\":\"ImageObject\",\"inLanguage\":\"fr-FR\",\"@id\":\"http:\/\/www.frederic-poitou.com\/blog\/#\/schema\/person\/image\/\",\"url\":\"https:\/\/secure.gravatar.com\/avatar\/1933bcca279a2feafd35d9e0a080c521e11beb51115fe4cfe02e2586ac13424a?s=96&d=mm&r=g\",\"contentUrl\":\"https:\/\/secure.gravatar.com\/avatar\/1933bcca279a2feafd35d9e0a080c521e11beb51115fe4cfe02e2586ac13424a?s=96&d=mm&r=g\",\"caption\":\"Fr\u00e9d\u00e9ric Poitou\"},\"description\":\"Fr\u00e9d\u00e9ric Poitou est n\u00e9 \u00e0 Rouen, et y a fait des \u00e9tudes au Conservatoire en musique-\u00e9tudes en section piano. Il s'est ensuite orient\u00e9 vers des \u00e9tudes scientifiques o\u00f9 il a obtenu un dipl\u00f4me d'ing\u00e9nieur, puis un doctorat en Chimie. Il est Expert Judiciaire en France, en Belgique et \u00e0 Luxembourg, et agr\u00e9e par les Institutions Europ\u00e9ennes.\",\"sameAs\":[\"http:\/\/www.frederic-poitou.com\",\"https:\/\/www.linkedin.com\/in\/frederic-poitou-b045a025\/\"]}]}<\/script>\n<!-- \/ Yoast SEO plugin. -->","yoast_head_json":{"title":"LOUIS PRADES EST AILLEURS -","robots":{"index":"index","follow":"follow","max-snippet":"max-snippet:-1","max-image-preview":"max-image-preview:large","max-video-preview":"max-video-preview:-1"},"canonical":"http:\/\/www.frederic-poitou.com\/blog\/louis-prades-est-ailleurs\/","og_locale":"fr_FR","og_type":"article","og_title":"LOUIS PRADES EST AILLEURS -","og_description":"Louis Prades est d\u00e9c\u00e9d\u00e9 voici quelques jours, et c&rsquo;est une grande peine pour tous ceux qui l&rsquo;ont c\u00f4toy\u00e9. Les mots qui reviennent le plus souvent sont, bonhommie, g\u00e9n\u00e9rosit\u00e9, gentillesse, sourire. Louis m&rsquo;avait permis de retrouver le go\u00fbt de l&rsquo;histoire de &hellip; Lire la suite\u00ad\u00ad","og_url":"http:\/\/www.frederic-poitou.com\/blog\/louis-prades-est-ailleurs\/","article_publisher":"https:\/\/www.facebook.com\/frederic.poitou\/","article_published_time":"2023-07-14T01:22:32+00:00","article_modified_time":"2026-04-15T15:54:32+00:00","og_image":[{"url":"http:\/\/www.frederic-poitou.com\/blog\/wp-content\/148850_10151053217901884_1653348390_n.jpg","type":"","width":"","height":""}],"author":"Fr\u00e9d\u00e9ric Poitou","twitter_card":"summary_large_image","twitter_creator":"@fredericpoitou","twitter_site":"@fredericpoitou","twitter_misc":{"\u00c9crit par":"Fr\u00e9d\u00e9ric Poitou","Dur\u00e9e de lecture estim\u00e9e":"2 minutes"},"schema":{"@context":"https:\/\/schema.org","@graph":[{"@type":"Article","@id":"http:\/\/www.frederic-poitou.com\/blog\/louis-prades-est-ailleurs\/#article","isPartOf":{"@id":"http:\/\/www.frederic-poitou.com\/blog\/louis-prades-est-ailleurs\/"},"author":{"name":"Fr\u00e9d\u00e9ric Poitou","@id":"http:\/\/www.frederic-poitou.com\/blog\/#\/schema\/person\/e2c2d05e978747818533fdce859a7799"},"headline":"LOUIS PRADES EST AILLEURS","datePublished":"2023-07-14T01:22:32+00:00","dateModified":"2026-04-15T15:54:32+00:00","mainEntityOfPage":{"@id":"http:\/\/www.frederic-poitou.com\/blog\/louis-prades-est-ailleurs\/"},"wordCount":428,"image":{"@id":"http:\/\/www.frederic-poitou.com\/blog\/louis-prades-est-ailleurs\/#primaryimage"},"thumbnailUrl":"http:\/\/www.frederic-poitou.com\/blog\/wp-content\/148850_10151053217901884_1653348390_n.jpg","keywords":["Actualit\u00e9"],"articleSection":["Divers"],"inLanguage":"fr-FR"},{"@type":"WebPage","@id":"http:\/\/www.frederic-poitou.com\/blog\/louis-prades-est-ailleurs\/","url":"http:\/\/www.frederic-poitou.com\/blog\/louis-prades-est-ailleurs\/","name":"LOUIS PRADES EST AILLEURS -","isPartOf":{"@id":"http:\/\/www.frederic-poitou.com\/blog\/#website"},"primaryImageOfPage":{"@id":"http:\/\/www.frederic-poitou.com\/blog\/louis-prades-est-ailleurs\/#primaryimage"},"image":{"@id":"http:\/\/www.frederic-poitou.com\/blog\/louis-prades-est-ailleurs\/#primaryimage"},"thumbnailUrl":"http:\/\/www.frederic-poitou.com\/blog\/wp-content\/148850_10151053217901884_1653348390_n.jpg","datePublished":"2023-07-14T01:22:32+00:00","dateModified":"2026-04-15T15:54:32+00:00","author":{"@id":"http:\/\/www.frederic-poitou.com\/blog\/#\/schema\/person\/e2c2d05e978747818533fdce859a7799"},"breadcrumb":{"@id":"http:\/\/www.frederic-poitou.com\/blog\/louis-prades-est-ailleurs\/#breadcrumb"},"inLanguage":"fr-FR","potentialAction":[{"@type":"ReadAction","target":["http:\/\/www.frederic-poitou.com\/blog\/louis-prades-est-ailleurs\/"]}]},{"@type":"ImageObject","inLanguage":"fr-FR","@id":"http:\/\/www.frederic-poitou.com\/blog\/louis-prades-est-ailleurs\/#primaryimage","url":"https:\/\/www.frederic-poitou.com\/blog\/wp-content\/148850_10151053217901884_1653348390_n.jpg","contentUrl":"https:\/\/www.frederic-poitou.com\/blog\/wp-content\/148850_10151053217901884_1653348390_n.jpg","width":"403","height":"403"},{"@type":"BreadcrumbList","@id":"http:\/\/www.frederic-poitou.com\/blog\/louis-prades-est-ailleurs\/#breadcrumb","itemListElement":[{"@type":"ListItem","position":1,"name":"Accueil","item":"http:\/\/www.frederic-poitou.com\/blog\/"},{"@type":"ListItem","position":2,"name":"LOUIS PRADES EST AILLEURS"}]},{"@type":"WebSite","@id":"http:\/\/www.frederic-poitou.com\/blog\/#website","url":"http:\/\/www.frederic-poitou.com\/blog\/","name":"","description":"","potentialAction":[{"@type":"SearchAction","target":{"@type":"EntryPoint","urlTemplate":"http:\/\/www.frederic-poitou.com\/blog\/?s={search_term_string}"},"query-input":{"@type":"PropertyValueSpecification","valueRequired":true,"valueName":"search_term_string"}}],"inLanguage":"fr-FR"},{"@type":"Person","@id":"http:\/\/www.frederic-poitou.com\/blog\/#\/schema\/person\/e2c2d05e978747818533fdce859a7799","name":"Fr\u00e9d\u00e9ric Poitou","image":{"@type":"ImageObject","inLanguage":"fr-FR","@id":"http:\/\/www.frederic-poitou.com\/blog\/#\/schema\/person\/image\/","url":"https:\/\/secure.gravatar.com\/avatar\/1933bcca279a2feafd35d9e0a080c521e11beb51115fe4cfe02e2586ac13424a?s=96&d=mm&r=g","contentUrl":"https:\/\/secure.gravatar.com\/avatar\/1933bcca279a2feafd35d9e0a080c521e11beb51115fe4cfe02e2586ac13424a?s=96&d=mm&r=g","caption":"Fr\u00e9d\u00e9ric Poitou"},"description":"Fr\u00e9d\u00e9ric Poitou est n\u00e9 \u00e0 Rouen, et y a fait des \u00e9tudes au Conservatoire en musique-\u00e9tudes en section piano. Il s'est ensuite orient\u00e9 vers des \u00e9tudes scientifiques o\u00f9 il a obtenu un dipl\u00f4me d'ing\u00e9nieur, puis un doctorat en Chimie. Il est Expert Judiciaire en France, en Belgique et \u00e0 Luxembourg, et agr\u00e9e par les Institutions Europ\u00e9ennes.","sameAs":["http:\/\/www.frederic-poitou.com","https:\/\/www.linkedin.com\/in\/frederic-poitou-b045a025\/"]}]}},"_links":{"self":[{"href":"https:\/\/www.frederic-poitou.com\/blog\/wp-json\/wp\/v2\/posts\/6392","targetHints":{"allow":["GET"]}}],"collection":[{"href":"https:\/\/www.frederic-poitou.com\/blog\/wp-json\/wp\/v2\/posts"}],"about":[{"href":"https:\/\/www.frederic-poitou.com\/blog\/wp-json\/wp\/v2\/types\/post"}],"author":[{"embeddable":true,"href":"https:\/\/www.frederic-poitou.com\/blog\/wp-json\/wp\/v2\/users\/4"}],"replies":[{"embeddable":true,"href":"https:\/\/www.frederic-poitou.com\/blog\/wp-json\/wp\/v2\/comments?post=6392"}],"version-history":[{"count":1,"href":"https:\/\/www.frederic-poitou.com\/blog\/wp-json\/wp\/v2\/posts\/6392\/revisions"}],"predecessor-version":[{"id":10302,"href":"https:\/\/www.frederic-poitou.com\/blog\/wp-json\/wp\/v2\/posts\/6392\/revisions\/10302"}],"wp:attachment":[{"href":"https:\/\/www.frederic-poitou.com\/blog\/wp-json\/wp\/v2\/media?parent=6392"}],"wp:term":[{"taxonomy":"category","embeddable":true,"href":"https:\/\/www.frederic-poitou.com\/blog\/wp-json\/wp\/v2\/categories?post=6392"},{"taxonomy":"post_tag","embeddable":true,"href":"https:\/\/www.frederic-poitou.com\/blog\/wp-json\/wp\/v2\/tags?post=6392"}],"curies":[{"name":"wp","href":"https:\/\/api.w.org\/{rel}","templated":true}]}}