{"id":6359,"date":"2023-07-13T21:47:32","date_gmt":"2023-07-13T19:47:32","guid":{"rendered":"http:\/\/www.frederic-poitou.com\/blog\/?p=6359"},"modified":"2026-04-13T18:08:26","modified_gmt":"2026-04-13T16:08:26","slug":"borloo-futur-president-du-parti-radical","status":"publish","type":"post","link":"https:\/\/www.frederic-poitou.com\/blog\/borloo-futur-president-du-parti-radical\/","title":{"rendered":"BORLOO : FUTUR PRESIDENT DU PARTI RADICAL ?"},"content":{"rendered":"<p style=\"text-align: justify;\">Les statuts du parti ne le permettent actuellement pas, mais, devant la configuration actuelle d&rsquo;un centre en pleine recomposition autour de Jean-Louis Borloo, incontestable leader du groupe centriste \u00e0 l&rsquo;Assembl\u00e9e Nationale, mais aussi, potentiel futur candidat de droite \u00e0 la mairie de Paris en 2014 : La question se pose !<\/p>\n<p>D&rsquo;un point de vue purement statutaire, une modification des statuts ratifi\u00e9s par le Bureau national et le Comit\u00e9 Ex\u00e9cutif permettrait \u00e0 Jean-Louis Borloo de briguer un troisi\u00e8me mandat \u00e0 la t\u00eate du Parti Radical. Ca, c&rsquo;est facile.<\/p>\n<p>En interne, et \u00e9tant donn\u00e9 qu&rsquo;aucune personnalit\u00e9 ne semble faire l&rsquo;unanimit\u00e9 au sein des futurs potentiels candidats \u00e0 la pr\u00e9sidence du parti, Jean-Louis Borloo pourrait se r\u00e9soudre \u00e0 pr\u00e9senter sa candidature. Son charisme, sa personnalit\u00e9 et son parcours plaidant pour lui, c&rsquo;est le seul qui, actuellement, permettrait une forme de rassemblement, que la candidature de Laurent H\u00e9nart, fragilis\u00e9 par une d\u00e9faite impr\u00e9vue aux pr\u00e9c\u00e9dentes l\u00e9gislatives, ne permet actuellement pas.<\/p>\n<p style=\"text-align: justify;\">Au del\u00e0 du cas du Parti Radical, il y a le cas de la ville de Paris, o\u00f9, dans l&rsquo;hypoth\u00e8se r\u00e9aliste, d&rsquo;une victoire de Fran\u00e7ois Fillon \u00e0 la t\u00eate de l&rsquo;UMP, un vrai espace se lib\u00e9rerait \u00e0 droite pour pr\u00e9senter un candidat cr\u00e9dible dans la capitale. Ni trop \u00e0 gauche, ni trop \u00e0 droite, Jean-Louis Borloo, \u00ab\u00a0<em>humaniste, \u00e9cologiste &#8230;\/&#8230; est la personnalit\u00e9 la plus en phase avec l&rsquo;\u00e9lectorat parisien<\/em>\u00a0\u00bb (Yves Pozzo di Borgoo &#8211; 2011). Pour la droite, en effet, il est devenu \u00e9vident qu&rsquo;il faut pr\u00e9senter \u00e0 Paris, face \u00e0 Anne Hidalgo &#8211; <em>qu&rsquo;une actualit\u00e9 personnelle pourrait bien rattraper dans les mois \u00e0 venir<\/em> &#8211;\u00a0 un candidat cr\u00e9dible, ouvert, un peu intello, un peu lib\u00e9ral, un peu \u00e9colo !<\/p>\n<p>Enfin, d&rsquo;un point de vue national, face \u00e0 deux centristes en perdition (Fran\u00e7ois Bayrou, Herv\u00e9 Morin), un centriste qui ne soit pas mou, mais radical, capable d&rsquo;affirmer les valeurs fondatrices de l&rsquo;humanisme r\u00e9publicain et du gaullisme social (laicit\u00e9, enseignement, d\u00e9mocratie sociale &#8230;), seul Jean-Louis Borloo semble en mesure de transformer l&rsquo;essai r\u00e9alis\u00e9 \u00e0 l&rsquo;Assembl\u00e9e Nationale avec la cr\u00e9ation de l&rsquo;UDI, par la constitution d&rsquo;une f\u00e9d\u00e9ration centriste regroupant &#8211; enfin &#8211; ce qu&rsquo;il reste du MODEM, le nouveau centre, les d\u00e9\u00e7us de l&rsquo;UMP, la gauche moderne, la Force Europ\u00e9enne D\u00e9mocrate. Ce leadership est, celon Jean-Christophe Lagarde est un point qui ne fait pas d\u00e9bat. Tout le monde est d&rsquo;accord sur ce point.<br \/>\nCette formation pourrait rapidement r\u00e9cup\u00e9rer des \u00e9lus UMP, mal \u00e0 l&rsquo;aise dans le positionnement actuel de leur formation.<\/p>\n<p>L&rsquo;automne sera donc important pour Jean-Louis Borloo, \u00e0 tous points de vue. Int\u00e9rieur, politique, strat\u00e9gique, et personnel.<\/p>\n<p style=\"text-align: justify;\"><span style=\"color: #ffffff;\">________<\/p>\n<p><iframe loading=\"lazy\" frameborder=\"0\" width=\"480\" height=\"270\" src=\"http:\/\/www.dailymotion.com\/embed\/video\/xteivn\"><\/iframe><br \/><a href=\"http:\/\/www.dailymotion.com\/video\/xteivn_borloo-parti-radical_news\" target=\"_blank\" rel=\"noopener\">BORLOO, Parti Radical<\/a> <i>par <a href=\"http:\/\/www.dailymotion.com\/ATTACHEE-PRESSE13\" target=\"_blank\" rel=\"noopener\">ATTACHEE-PRESSE13<\/a><\/i><\/p>\n","protected":false},"excerpt":{"rendered":"<p>Les statuts du parti ne le permettent actuellement pas, mais, devant la configuration actuelle d&rsquo;un centre en pleine recomposition autour de Jean-Louis Borloo, incontestable leader du groupe centriste \u00e0 l&rsquo;Assembl\u00e9e Nationale, mais aussi, potentiel futur candidat de droite \u00e0 la &hellip; <a href=\"https:\/\/www.frederic-poitou.com\/blog\/borloo-futur-president-du-parti-radical\/\">Lire la suite\u00ad\u00ad<\/a><\/p>\n","protected":false},"author":4,"featured_media":0,"comment_status":"closed","ping_status":"closed","sticky":false,"template":"","format":"standard","meta":{"kt_blocks_editor_width":"","_exactmetrics_skip_tracking":false,"_exactmetrics_sitenote_active":false,"_exactmetrics_sitenote_note":"","_exactmetrics_sitenote_category":0,"footnotes":""},"categories":[48],"tags":[27,25],"class_list":["post-6359","post","type-post","status-publish","format-standard","hentry","category-accueil","tag-actualite","tag-parti-radical"],"yoast_head":"<!-- This site is optimized with the Yoast SEO plugin v27.1.1 - https:\/\/yoast.com\/product\/yoast-seo-wordpress\/ -->\n<title>BORLOO : FUTUR PRESIDENT DU PARTI RADICAL ? -<\/title>\n<meta name=\"robots\" content=\"index, follow, max-snippet:-1, max-image-preview:large, max-video-preview:-1\" \/>\n<link rel=\"canonical\" href=\"https:\/\/www.frederic-poitou.com\/blog\/borloo-futur-president-du-parti-radical\/\" \/>\n<meta property=\"og:locale\" content=\"fr_FR\" \/>\n<meta property=\"og:type\" content=\"article\" \/>\n<meta property=\"og:title\" content=\"BORLOO : FUTUR PRESIDENT DU PARTI RADICAL ? -\" \/>\n<meta property=\"og:description\" content=\"Les statuts du parti ne le permettent actuellement pas, mais, devant la configuration actuelle d&rsquo;un centre en pleine recomposition autour de Jean-Louis Borloo, incontestable leader du groupe centriste \u00e0 l&rsquo;Assembl\u00e9e Nationale, mais aussi, potentiel futur candidat de droite \u00e0 la &hellip; Lire la suite\u00ad\u00ad\" \/>\n<meta property=\"og:url\" content=\"https:\/\/www.frederic-poitou.com\/blog\/borloo-futur-president-du-parti-radical\/\" \/>\n<meta property=\"article:publisher\" content=\"https:\/\/www.facebook.com\/frederic.poitou\/\" \/>\n<meta property=\"article:published_time\" content=\"2023-07-13T19:47:32+00:00\" \/>\n<meta property=\"article:modified_time\" content=\"2026-04-13T16:08:26+00:00\" \/>\n<meta name=\"author\" content=\"Fr\u00e9d\u00e9ric Poitou\" \/>\n<meta name=\"twitter:card\" content=\"summary_large_image\" \/>\n<meta name=\"twitter:creator\" content=\"@fredericpoitou\" \/>\n<meta name=\"twitter:site\" content=\"@fredericpoitou\" \/>\n<meta name=\"twitter:label1\" content=\"\u00c9crit par\" \/>\n\t<meta name=\"twitter:data1\" content=\"Fr\u00e9d\u00e9ric Poitou\" \/>\n\t<meta name=\"twitter:label2\" content=\"Dur\u00e9e de lecture estim\u00e9e\" \/>\n\t<meta name=\"twitter:data2\" content=\"2 minutes\" \/>\n<script type=\"application\/ld+json\" class=\"yoast-schema-graph\">{\"@context\":\"https:\/\/schema.org\",\"@graph\":[{\"@type\":\"Article\",\"@id\":\"https:\/\/www.frederic-poitou.com\/blog\/borloo-futur-president-du-parti-radical\/#article\",\"isPartOf\":{\"@id\":\"https:\/\/www.frederic-poitou.com\/blog\/borloo-futur-president-du-parti-radical\/\"},\"author\":{\"name\":\"Fr\u00e9d\u00e9ric Poitou\",\"@id\":\"http:\/\/www.frederic-poitou.com\/blog\/#\/schema\/person\/e2c2d05e978747818533fdce859a7799\"},\"headline\":\"BORLOO : FUTUR PRESIDENT DU PARTI RADICAL ?\",\"datePublished\":\"2023-07-13T19:47:32+00:00\",\"dateModified\":\"2026-04-13T16:08:26+00:00\",\"mainEntityOfPage\":{\"@id\":\"https:\/\/www.frederic-poitou.com\/blog\/borloo-futur-president-du-parti-radical\/\"},\"wordCount\":475,\"keywords\":[\"Actualit\u00e9\",\"PARTI RADICAL\"],\"articleSection\":[\"Accueil\"],\"inLanguage\":\"fr-FR\"},{\"@type\":\"WebPage\",\"@id\":\"https:\/\/www.frederic-poitou.com\/blog\/borloo-futur-president-du-parti-radical\/\",\"url\":\"https:\/\/www.frederic-poitou.com\/blog\/borloo-futur-president-du-parti-radical\/\",\"name\":\"BORLOO : FUTUR PRESIDENT DU PARTI RADICAL ? -\",\"isPartOf\":{\"@id\":\"http:\/\/www.frederic-poitou.com\/blog\/#website\"},\"datePublished\":\"2023-07-13T19:47:32+00:00\",\"dateModified\":\"2026-04-13T16:08:26+00:00\",\"author\":{\"@id\":\"http:\/\/www.frederic-poitou.com\/blog\/#\/schema\/person\/e2c2d05e978747818533fdce859a7799\"},\"breadcrumb\":{\"@id\":\"https:\/\/www.frederic-poitou.com\/blog\/borloo-futur-president-du-parti-radical\/#breadcrumb\"},\"inLanguage\":\"fr-FR\",\"potentialAction\":[{\"@type\":\"ReadAction\",\"target\":[\"https:\/\/www.frederic-poitou.com\/blog\/borloo-futur-president-du-parti-radical\/\"]}]},{\"@type\":\"BreadcrumbList\",\"@id\":\"https:\/\/www.frederic-poitou.com\/blog\/borloo-futur-president-du-parti-radical\/#breadcrumb\",\"itemListElement\":[{\"@type\":\"ListItem\",\"position\":1,\"name\":\"Accueil\",\"item\":\"http:\/\/www.frederic-poitou.com\/blog\/\"},{\"@type\":\"ListItem\",\"position\":2,\"name\":\"BORLOO : FUTUR PRESIDENT DU PARTI RADICAL ?\"}]},{\"@type\":\"WebSite\",\"@id\":\"http:\/\/www.frederic-poitou.com\/blog\/#website\",\"url\":\"http:\/\/www.frederic-poitou.com\/blog\/\",\"name\":\"\",\"description\":\"\",\"potentialAction\":[{\"@type\":\"SearchAction\",\"target\":{\"@type\":\"EntryPoint\",\"urlTemplate\":\"http:\/\/www.frederic-poitou.com\/blog\/?s={search_term_string}\"},\"query-input\":{\"@type\":\"PropertyValueSpecification\",\"valueRequired\":true,\"valueName\":\"search_term_string\"}}],\"inLanguage\":\"fr-FR\"},{\"@type\":\"Person\",\"@id\":\"http:\/\/www.frederic-poitou.com\/blog\/#\/schema\/person\/e2c2d05e978747818533fdce859a7799\",\"name\":\"Fr\u00e9d\u00e9ric Poitou\",\"image\":{\"@type\":\"ImageObject\",\"inLanguage\":\"fr-FR\",\"@id\":\"http:\/\/www.frederic-poitou.com\/blog\/#\/schema\/person\/image\/\",\"url\":\"https:\/\/secure.gravatar.com\/avatar\/1933bcca279a2feafd35d9e0a080c521e11beb51115fe4cfe02e2586ac13424a?s=96&d=mm&r=g\",\"contentUrl\":\"https:\/\/secure.gravatar.com\/avatar\/1933bcca279a2feafd35d9e0a080c521e11beb51115fe4cfe02e2586ac13424a?s=96&d=mm&r=g\",\"caption\":\"Fr\u00e9d\u00e9ric Poitou\"},\"description\":\"Fr\u00e9d\u00e9ric Poitou est n\u00e9 \u00e0 Rouen, et y a fait des \u00e9tudes au Conservatoire en musique-\u00e9tudes en section piano. Il s'est ensuite orient\u00e9 vers des \u00e9tudes scientifiques o\u00f9 il a obtenu un dipl\u00f4me d'ing\u00e9nieur, puis un doctorat en Chimie. Il est Expert Judiciaire en France, en Belgique et \u00e0 Luxembourg, et agr\u00e9e par les Institutions Europ\u00e9ennes.\",\"sameAs\":[\"http:\/\/www.frederic-poitou.com\",\"https:\/\/www.linkedin.com\/in\/frederic-poitou-b045a025\/\"]}]}<\/script>\n<!-- \/ Yoast SEO plugin. -->","yoast_head_json":{"title":"BORLOO : FUTUR PRESIDENT DU PARTI RADICAL ? -","robots":{"index":"index","follow":"follow","max-snippet":"max-snippet:-1","max-image-preview":"max-image-preview:large","max-video-preview":"max-video-preview:-1"},"canonical":"https:\/\/www.frederic-poitou.com\/blog\/borloo-futur-president-du-parti-radical\/","og_locale":"fr_FR","og_type":"article","og_title":"BORLOO : FUTUR PRESIDENT DU PARTI RADICAL ? -","og_description":"Les statuts du parti ne le permettent actuellement pas, mais, devant la configuration actuelle d&rsquo;un centre en pleine recomposition autour de Jean-Louis Borloo, incontestable leader du groupe centriste \u00e0 l&rsquo;Assembl\u00e9e Nationale, mais aussi, potentiel futur candidat de droite \u00e0 la &hellip; Lire la suite\u00ad\u00ad","og_url":"https:\/\/www.frederic-poitou.com\/blog\/borloo-futur-president-du-parti-radical\/","article_publisher":"https:\/\/www.facebook.com\/frederic.poitou\/","article_published_time":"2023-07-13T19:47:32+00:00","article_modified_time":"2026-04-13T16:08:26+00:00","author":"Fr\u00e9d\u00e9ric Poitou","twitter_card":"summary_large_image","twitter_creator":"@fredericpoitou","twitter_site":"@fredericpoitou","twitter_misc":{"\u00c9crit par":"Fr\u00e9d\u00e9ric Poitou","Dur\u00e9e de lecture estim\u00e9e":"2 minutes"},"schema":{"@context":"https:\/\/schema.org","@graph":[{"@type":"Article","@id":"https:\/\/www.frederic-poitou.com\/blog\/borloo-futur-president-du-parti-radical\/#article","isPartOf":{"@id":"https:\/\/www.frederic-poitou.com\/blog\/borloo-futur-president-du-parti-radical\/"},"author":{"name":"Fr\u00e9d\u00e9ric Poitou","@id":"http:\/\/www.frederic-poitou.com\/blog\/#\/schema\/person\/e2c2d05e978747818533fdce859a7799"},"headline":"BORLOO : FUTUR PRESIDENT DU PARTI RADICAL ?","datePublished":"2023-07-13T19:47:32+00:00","dateModified":"2026-04-13T16:08:26+00:00","mainEntityOfPage":{"@id":"https:\/\/www.frederic-poitou.com\/blog\/borloo-futur-president-du-parti-radical\/"},"wordCount":475,"keywords":["Actualit\u00e9","PARTI RADICAL"],"articleSection":["Accueil"],"inLanguage":"fr-FR"},{"@type":"WebPage","@id":"https:\/\/www.frederic-poitou.com\/blog\/borloo-futur-president-du-parti-radical\/","url":"https:\/\/www.frederic-poitou.com\/blog\/borloo-futur-president-du-parti-radical\/","name":"BORLOO : FUTUR PRESIDENT DU PARTI RADICAL ? -","isPartOf":{"@id":"http:\/\/www.frederic-poitou.com\/blog\/#website"},"datePublished":"2023-07-13T19:47:32+00:00","dateModified":"2026-04-13T16:08:26+00:00","author":{"@id":"http:\/\/www.frederic-poitou.com\/blog\/#\/schema\/person\/e2c2d05e978747818533fdce859a7799"},"breadcrumb":{"@id":"https:\/\/www.frederic-poitou.com\/blog\/borloo-futur-president-du-parti-radical\/#breadcrumb"},"inLanguage":"fr-FR","potentialAction":[{"@type":"ReadAction","target":["https:\/\/www.frederic-poitou.com\/blog\/borloo-futur-president-du-parti-radical\/"]}]},{"@type":"BreadcrumbList","@id":"https:\/\/www.frederic-poitou.com\/blog\/borloo-futur-president-du-parti-radical\/#breadcrumb","itemListElement":[{"@type":"ListItem","position":1,"name":"Accueil","item":"http:\/\/www.frederic-poitou.com\/blog\/"},{"@type":"ListItem","position":2,"name":"BORLOO : FUTUR PRESIDENT DU PARTI RADICAL ?"}]},{"@type":"WebSite","@id":"http:\/\/www.frederic-poitou.com\/blog\/#website","url":"http:\/\/www.frederic-poitou.com\/blog\/","name":"","description":"","potentialAction":[{"@type":"SearchAction","target":{"@type":"EntryPoint","urlTemplate":"http:\/\/www.frederic-poitou.com\/blog\/?s={search_term_string}"},"query-input":{"@type":"PropertyValueSpecification","valueRequired":true,"valueName":"search_term_string"}}],"inLanguage":"fr-FR"},{"@type":"Person","@id":"http:\/\/www.frederic-poitou.com\/blog\/#\/schema\/person\/e2c2d05e978747818533fdce859a7799","name":"Fr\u00e9d\u00e9ric Poitou","image":{"@type":"ImageObject","inLanguage":"fr-FR","@id":"http:\/\/www.frederic-poitou.com\/blog\/#\/schema\/person\/image\/","url":"https:\/\/secure.gravatar.com\/avatar\/1933bcca279a2feafd35d9e0a080c521e11beb51115fe4cfe02e2586ac13424a?s=96&d=mm&r=g","contentUrl":"https:\/\/secure.gravatar.com\/avatar\/1933bcca279a2feafd35d9e0a080c521e11beb51115fe4cfe02e2586ac13424a?s=96&d=mm&r=g","caption":"Fr\u00e9d\u00e9ric Poitou"},"description":"Fr\u00e9d\u00e9ric Poitou est n\u00e9 \u00e0 Rouen, et y a fait des \u00e9tudes au Conservatoire en musique-\u00e9tudes en section piano. Il s'est ensuite orient\u00e9 vers des \u00e9tudes scientifiques o\u00f9 il a obtenu un dipl\u00f4me d'ing\u00e9nieur, puis un doctorat en Chimie. Il est Expert Judiciaire en France, en Belgique et \u00e0 Luxembourg, et agr\u00e9e par les Institutions Europ\u00e9ennes.","sameAs":["http:\/\/www.frederic-poitou.com","https:\/\/www.linkedin.com\/in\/frederic-poitou-b045a025\/"]}]}},"_links":{"self":[{"href":"https:\/\/www.frederic-poitou.com\/blog\/wp-json\/wp\/v2\/posts\/6359","targetHints":{"allow":["GET"]}}],"collection":[{"href":"https:\/\/www.frederic-poitou.com\/blog\/wp-json\/wp\/v2\/posts"}],"about":[{"href":"https:\/\/www.frederic-poitou.com\/blog\/wp-json\/wp\/v2\/types\/post"}],"author":[{"embeddable":true,"href":"https:\/\/www.frederic-poitou.com\/blog\/wp-json\/wp\/v2\/users\/4"}],"replies":[{"embeddable":true,"href":"https:\/\/www.frederic-poitou.com\/blog\/wp-json\/wp\/v2\/comments?post=6359"}],"version-history":[{"count":1,"href":"https:\/\/www.frederic-poitou.com\/blog\/wp-json\/wp\/v2\/posts\/6359\/revisions"}],"predecessor-version":[{"id":10289,"href":"https:\/\/www.frederic-poitou.com\/blog\/wp-json\/wp\/v2\/posts\/6359\/revisions\/10289"}],"wp:attachment":[{"href":"https:\/\/www.frederic-poitou.com\/blog\/wp-json\/wp\/v2\/media?parent=6359"}],"wp:term":[{"taxonomy":"category","embeddable":true,"href":"https:\/\/www.frederic-poitou.com\/blog\/wp-json\/wp\/v2\/categories?post=6359"},{"taxonomy":"post_tag","embeddable":true,"href":"https:\/\/www.frederic-poitou.com\/blog\/wp-json\/wp\/v2\/tags?post=6359"}],"curies":[{"name":"wp","href":"https:\/\/api.w.org\/{rel}","templated":true}]}}