{"id":6351,"date":"2023-07-14T00:58:32","date_gmt":"2023-07-13T22:58:32","guid":{"rendered":"http:\/\/www.frederic-poitou.com\/blog\/?p=6351"},"modified":"2026-04-14T16:33:58","modified_gmt":"2026-04-14T14:33:58","slug":"tres-chere-allocation-rentree-scolaire","status":"publish","type":"post","link":"https:\/\/www.frederic-poitou.com\/blog\/tres-chere-allocation-rentree-scolaire\/","title":{"rendered":"TR\u00c8S CH\u00c8RE ALLOCATION RENTR\u00c9E SCOLAIRE"},"content":{"rendered":"<p>Etes-vous favorable \u00e0 la prime de rentr\u00e9e scolaire, telle qu&rsquo;elle est pratiqu\u00e9e en France actuellement ?<br \/>\nMoi, pas.\u00a0Le montant pour cette ann\u00e9e vient d&rsquo;\u00eatre revaloris\u00e9, pour passer \u00e0 trois tranches entre 356 et 388 Euros (alors que selon l&rsquo;enqu\u00eate de familles de France, le co\u00fbt moyen ne serait \u00ab\u00a0que\u00a0\u00bb de 192,82 Euros). Bien sur, certains consid\u00e8rent que cela participe \u00e0 la relance de la consommation et qu&rsquo;une partie de cette d\u00e9pense revient \u00e0 l&rsquo;\u00e9tat sous forme d&rsquo;impot (TVA) ou reviendrait aux entreprises fran\u00e7aises (sous forme de consommation). Mais d&rsquo;autres consid\u00e8rent, enqu\u00eates \u00e0 l&rsquo;appui, que la prime est d\u00e9tourn\u00e9e de son objet initial.<\/p>\n<p>Je ne conteste pas le principe de cette prime (encore que l&rsquo;attribuer sans qu&rsquo;elle ne soit li\u00e9e au bar\u00eame fiscal ne me semble pas normal), mais son montant me parait trop \u00e9lev\u00e9, et je serais plut\u00f4t d&rsquo;avis de ne pas la verser directement aux parents, mais plut\u00f4t d&rsquo;en faire g\u00e9rer la somme par les \u00e9coles, ou par les coop\u00e9ratives scolaires, afin de faire distribuer les affaires et mat\u00e9riels dont les enfants ont besoin, ou alors de la verser en bons d&rsquo;achat afin de s&rsquo;assurer qu&rsquo;elle est n&rsquo;est pas d\u00e9tourn\u00e9e de son objet.<\/p>\n<p>Je ne conteste donc pas cette aide, mais son efficacit\u00e9 et son enveloppe.<br \/>\nQu&rsquo;en pensez vous ?<\/p>\n<p style=\"text-align: center;\">_____________________<\/p>\n<p style=\"text-align: center;\">[polldaddy poll=\u00a0\u00bb6512427&Prime;]\n<p style=\"text-align: center;\">__________________<\/p>\n","protected":false},"excerpt":{"rendered":"<p>Etes-vous favorable \u00e0 la prime de rentr\u00e9e scolaire, telle qu&rsquo;elle est pratiqu\u00e9e en France actuellement ? Moi, pas.\u00a0Le montant pour cette ann\u00e9e vient d&rsquo;\u00eatre revaloris\u00e9, pour passer \u00e0 trois tranches entre 356 et 388 Euros (alors que selon l&rsquo;enqu\u00eate de &hellip; <a href=\"https:\/\/www.frederic-poitou.com\/blog\/tres-chere-allocation-rentree-scolaire\/\">Lire la suite\u00ad\u00ad<\/a><\/p>\n","protected":false},"author":4,"featured_media":0,"comment_status":"closed","ping_status":"closed","sticky":false,"template":"","format":"standard","meta":{"kt_blocks_editor_width":"","_exactmetrics_skip_tracking":false,"_exactmetrics_sitenote_active":false,"_exactmetrics_sitenote_note":"","_exactmetrics_sitenote_category":0,"footnotes":""},"categories":[48],"tags":[27],"class_list":["post-6351","post","type-post","status-publish","format-standard","hentry","category-accueil","tag-actualite"],"yoast_head":"<!-- This site is optimized with the Yoast SEO plugin v27.1.1 - https:\/\/yoast.com\/product\/yoast-seo-wordpress\/ -->\n<title>TR\u00c8S CH\u00c8RE ALLOCATION RENTR\u00c9E SCOLAIRE -<\/title>\n<meta name=\"robots\" content=\"index, follow, max-snippet:-1, max-image-preview:large, max-video-preview:-1\" \/>\n<link rel=\"canonical\" href=\"https:\/\/www.frederic-poitou.com\/blog\/tres-chere-allocation-rentree-scolaire\/\" \/>\n<meta property=\"og:locale\" content=\"fr_FR\" \/>\n<meta property=\"og:type\" content=\"article\" \/>\n<meta property=\"og:title\" content=\"TR\u00c8S CH\u00c8RE ALLOCATION RENTR\u00c9E SCOLAIRE -\" \/>\n<meta property=\"og:description\" content=\"Etes-vous favorable \u00e0 la prime de rentr\u00e9e scolaire, telle qu&rsquo;elle est pratiqu\u00e9e en France actuellement ? Moi, pas.\u00a0Le montant pour cette ann\u00e9e vient d&rsquo;\u00eatre revaloris\u00e9, pour passer \u00e0 trois tranches entre 356 et 388 Euros (alors que selon l&rsquo;enqu\u00eate de &hellip; Lire la suite\u00ad\u00ad\" \/>\n<meta property=\"og:url\" content=\"https:\/\/www.frederic-poitou.com\/blog\/tres-chere-allocation-rentree-scolaire\/\" \/>\n<meta property=\"article:publisher\" content=\"https:\/\/www.facebook.com\/frederic.poitou\/\" \/>\n<meta property=\"article:published_time\" content=\"2023-07-13T22:58:32+00:00\" \/>\n<meta property=\"article:modified_time\" content=\"2026-04-14T14:33:58+00:00\" \/>\n<meta name=\"author\" content=\"Fr\u00e9d\u00e9ric Poitou\" \/>\n<meta name=\"twitter:card\" content=\"summary_large_image\" \/>\n<meta name=\"twitter:creator\" content=\"@fredericpoitou\" \/>\n<meta name=\"twitter:site\" content=\"@fredericpoitou\" \/>\n<meta name=\"twitter:label1\" content=\"\u00c9crit par\" \/>\n\t<meta name=\"twitter:data1\" content=\"Fr\u00e9d\u00e9ric Poitou\" \/>\n\t<meta name=\"twitter:label2\" content=\"Dur\u00e9e de lecture estim\u00e9e\" \/>\n\t<meta name=\"twitter:data2\" content=\"1 minute\" \/>\n<script type=\"application\/ld+json\" class=\"yoast-schema-graph\">{\"@context\":\"https:\/\/schema.org\",\"@graph\":[{\"@type\":\"Article\",\"@id\":\"https:\/\/www.frederic-poitou.com\/blog\/tres-chere-allocation-rentree-scolaire\/#article\",\"isPartOf\":{\"@id\":\"https:\/\/www.frederic-poitou.com\/blog\/tres-chere-allocation-rentree-scolaire\/\"},\"author\":{\"name\":\"Fr\u00e9d\u00e9ric Poitou\",\"@id\":\"http:\/\/www.frederic-poitou.com\/blog\/#\/schema\/person\/e2c2d05e978747818533fdce859a7799\"},\"headline\":\"TR\u00c8S CH\u00c8RE ALLOCATION RENTR\u00c9E SCOLAIRE\",\"datePublished\":\"2023-07-13T22:58:32+00:00\",\"dateModified\":\"2026-04-14T14:33:58+00:00\",\"mainEntityOfPage\":{\"@id\":\"https:\/\/www.frederic-poitou.com\/blog\/tres-chere-allocation-rentree-scolaire\/\"},\"wordCount\":250,\"keywords\":[\"Actualit\u00e9\"],\"articleSection\":[\"Accueil\"],\"inLanguage\":\"fr-FR\"},{\"@type\":\"WebPage\",\"@id\":\"https:\/\/www.frederic-poitou.com\/blog\/tres-chere-allocation-rentree-scolaire\/\",\"url\":\"https:\/\/www.frederic-poitou.com\/blog\/tres-chere-allocation-rentree-scolaire\/\",\"name\":\"TR\u00c8S CH\u00c8RE ALLOCATION RENTR\u00c9E SCOLAIRE -\",\"isPartOf\":{\"@id\":\"http:\/\/www.frederic-poitou.com\/blog\/#website\"},\"datePublished\":\"2023-07-13T22:58:32+00:00\",\"dateModified\":\"2026-04-14T14:33:58+00:00\",\"author\":{\"@id\":\"http:\/\/www.frederic-poitou.com\/blog\/#\/schema\/person\/e2c2d05e978747818533fdce859a7799\"},\"breadcrumb\":{\"@id\":\"https:\/\/www.frederic-poitou.com\/blog\/tres-chere-allocation-rentree-scolaire\/#breadcrumb\"},\"inLanguage\":\"fr-FR\",\"potentialAction\":[{\"@type\":\"ReadAction\",\"target\":[\"https:\/\/www.frederic-poitou.com\/blog\/tres-chere-allocation-rentree-scolaire\/\"]}]},{\"@type\":\"BreadcrumbList\",\"@id\":\"https:\/\/www.frederic-poitou.com\/blog\/tres-chere-allocation-rentree-scolaire\/#breadcrumb\",\"itemListElement\":[{\"@type\":\"ListItem\",\"position\":1,\"name\":\"Accueil\",\"item\":\"http:\/\/www.frederic-poitou.com\/blog\/\"},{\"@type\":\"ListItem\",\"position\":2,\"name\":\"TR\u00c8S CH\u00c8RE ALLOCATION RENTR\u00c9E SCOLAIRE\"}]},{\"@type\":\"WebSite\",\"@id\":\"http:\/\/www.frederic-poitou.com\/blog\/#website\",\"url\":\"http:\/\/www.frederic-poitou.com\/blog\/\",\"name\":\"\",\"description\":\"\",\"potentialAction\":[{\"@type\":\"SearchAction\",\"target\":{\"@type\":\"EntryPoint\",\"urlTemplate\":\"http:\/\/www.frederic-poitou.com\/blog\/?s={search_term_string}\"},\"query-input\":{\"@type\":\"PropertyValueSpecification\",\"valueRequired\":true,\"valueName\":\"search_term_string\"}}],\"inLanguage\":\"fr-FR\"},{\"@type\":\"Person\",\"@id\":\"http:\/\/www.frederic-poitou.com\/blog\/#\/schema\/person\/e2c2d05e978747818533fdce859a7799\",\"name\":\"Fr\u00e9d\u00e9ric Poitou\",\"image\":{\"@type\":\"ImageObject\",\"inLanguage\":\"fr-FR\",\"@id\":\"http:\/\/www.frederic-poitou.com\/blog\/#\/schema\/person\/image\/\",\"url\":\"https:\/\/secure.gravatar.com\/avatar\/1933bcca279a2feafd35d9e0a080c521e11beb51115fe4cfe02e2586ac13424a?s=96&d=mm&r=g\",\"contentUrl\":\"https:\/\/secure.gravatar.com\/avatar\/1933bcca279a2feafd35d9e0a080c521e11beb51115fe4cfe02e2586ac13424a?s=96&d=mm&r=g\",\"caption\":\"Fr\u00e9d\u00e9ric Poitou\"},\"description\":\"Fr\u00e9d\u00e9ric Poitou est n\u00e9 \u00e0 Rouen, et y a fait des \u00e9tudes au Conservatoire en musique-\u00e9tudes en section piano. Il s'est ensuite orient\u00e9 vers des \u00e9tudes scientifiques o\u00f9 il a obtenu un dipl\u00f4me d'ing\u00e9nieur, puis un doctorat en Chimie. Il est Expert Judiciaire en France, en Belgique et \u00e0 Luxembourg, et agr\u00e9e par les Institutions Europ\u00e9ennes.\",\"sameAs\":[\"http:\/\/www.frederic-poitou.com\",\"https:\/\/www.linkedin.com\/in\/frederic-poitou-b045a025\/\"]}]}<\/script>\n<!-- \/ Yoast SEO plugin. -->","yoast_head_json":{"title":"TR\u00c8S CH\u00c8RE ALLOCATION RENTR\u00c9E SCOLAIRE -","robots":{"index":"index","follow":"follow","max-snippet":"max-snippet:-1","max-image-preview":"max-image-preview:large","max-video-preview":"max-video-preview:-1"},"canonical":"https:\/\/www.frederic-poitou.com\/blog\/tres-chere-allocation-rentree-scolaire\/","og_locale":"fr_FR","og_type":"article","og_title":"TR\u00c8S CH\u00c8RE ALLOCATION RENTR\u00c9E SCOLAIRE -","og_description":"Etes-vous favorable \u00e0 la prime de rentr\u00e9e scolaire, telle qu&rsquo;elle est pratiqu\u00e9e en France actuellement ? Moi, pas.\u00a0Le montant pour cette ann\u00e9e vient d&rsquo;\u00eatre revaloris\u00e9, pour passer \u00e0 trois tranches entre 356 et 388 Euros (alors que selon l&rsquo;enqu\u00eate de &hellip; Lire la suite\u00ad\u00ad","og_url":"https:\/\/www.frederic-poitou.com\/blog\/tres-chere-allocation-rentree-scolaire\/","article_publisher":"https:\/\/www.facebook.com\/frederic.poitou\/","article_published_time":"2023-07-13T22:58:32+00:00","article_modified_time":"2026-04-14T14:33:58+00:00","author":"Fr\u00e9d\u00e9ric Poitou","twitter_card":"summary_large_image","twitter_creator":"@fredericpoitou","twitter_site":"@fredericpoitou","twitter_misc":{"\u00c9crit par":"Fr\u00e9d\u00e9ric Poitou","Dur\u00e9e de lecture estim\u00e9e":"1 minute"},"schema":{"@context":"https:\/\/schema.org","@graph":[{"@type":"Article","@id":"https:\/\/www.frederic-poitou.com\/blog\/tres-chere-allocation-rentree-scolaire\/#article","isPartOf":{"@id":"https:\/\/www.frederic-poitou.com\/blog\/tres-chere-allocation-rentree-scolaire\/"},"author":{"name":"Fr\u00e9d\u00e9ric Poitou","@id":"http:\/\/www.frederic-poitou.com\/blog\/#\/schema\/person\/e2c2d05e978747818533fdce859a7799"},"headline":"TR\u00c8S CH\u00c8RE ALLOCATION RENTR\u00c9E SCOLAIRE","datePublished":"2023-07-13T22:58:32+00:00","dateModified":"2026-04-14T14:33:58+00:00","mainEntityOfPage":{"@id":"https:\/\/www.frederic-poitou.com\/blog\/tres-chere-allocation-rentree-scolaire\/"},"wordCount":250,"keywords":["Actualit\u00e9"],"articleSection":["Accueil"],"inLanguage":"fr-FR"},{"@type":"WebPage","@id":"https:\/\/www.frederic-poitou.com\/blog\/tres-chere-allocation-rentree-scolaire\/","url":"https:\/\/www.frederic-poitou.com\/blog\/tres-chere-allocation-rentree-scolaire\/","name":"TR\u00c8S CH\u00c8RE ALLOCATION RENTR\u00c9E SCOLAIRE -","isPartOf":{"@id":"http:\/\/www.frederic-poitou.com\/blog\/#website"},"datePublished":"2023-07-13T22:58:32+00:00","dateModified":"2026-04-14T14:33:58+00:00","author":{"@id":"http:\/\/www.frederic-poitou.com\/blog\/#\/schema\/person\/e2c2d05e978747818533fdce859a7799"},"breadcrumb":{"@id":"https:\/\/www.frederic-poitou.com\/blog\/tres-chere-allocation-rentree-scolaire\/#breadcrumb"},"inLanguage":"fr-FR","potentialAction":[{"@type":"ReadAction","target":["https:\/\/www.frederic-poitou.com\/blog\/tres-chere-allocation-rentree-scolaire\/"]}]},{"@type":"BreadcrumbList","@id":"https:\/\/www.frederic-poitou.com\/blog\/tres-chere-allocation-rentree-scolaire\/#breadcrumb","itemListElement":[{"@type":"ListItem","position":1,"name":"Accueil","item":"http:\/\/www.frederic-poitou.com\/blog\/"},{"@type":"ListItem","position":2,"name":"TR\u00c8S CH\u00c8RE ALLOCATION RENTR\u00c9E SCOLAIRE"}]},{"@type":"WebSite","@id":"http:\/\/www.frederic-poitou.com\/blog\/#website","url":"http:\/\/www.frederic-poitou.com\/blog\/","name":"","description":"","potentialAction":[{"@type":"SearchAction","target":{"@type":"EntryPoint","urlTemplate":"http:\/\/www.frederic-poitou.com\/blog\/?s={search_term_string}"},"query-input":{"@type":"PropertyValueSpecification","valueRequired":true,"valueName":"search_term_string"}}],"inLanguage":"fr-FR"},{"@type":"Person","@id":"http:\/\/www.frederic-poitou.com\/blog\/#\/schema\/person\/e2c2d05e978747818533fdce859a7799","name":"Fr\u00e9d\u00e9ric Poitou","image":{"@type":"ImageObject","inLanguage":"fr-FR","@id":"http:\/\/www.frederic-poitou.com\/blog\/#\/schema\/person\/image\/","url":"https:\/\/secure.gravatar.com\/avatar\/1933bcca279a2feafd35d9e0a080c521e11beb51115fe4cfe02e2586ac13424a?s=96&d=mm&r=g","contentUrl":"https:\/\/secure.gravatar.com\/avatar\/1933bcca279a2feafd35d9e0a080c521e11beb51115fe4cfe02e2586ac13424a?s=96&d=mm&r=g","caption":"Fr\u00e9d\u00e9ric Poitou"},"description":"Fr\u00e9d\u00e9ric Poitou est n\u00e9 \u00e0 Rouen, et y a fait des \u00e9tudes au Conservatoire en musique-\u00e9tudes en section piano. Il s'est ensuite orient\u00e9 vers des \u00e9tudes scientifiques o\u00f9 il a obtenu un dipl\u00f4me d'ing\u00e9nieur, puis un doctorat en Chimie. Il est Expert Judiciaire en France, en Belgique et \u00e0 Luxembourg, et agr\u00e9e par les Institutions Europ\u00e9ennes.","sameAs":["http:\/\/www.frederic-poitou.com","https:\/\/www.linkedin.com\/in\/frederic-poitou-b045a025\/"]}]}},"_links":{"self":[{"href":"https:\/\/www.frederic-poitou.com\/blog\/wp-json\/wp\/v2\/posts\/6351","targetHints":{"allow":["GET"]}}],"collection":[{"href":"https:\/\/www.frederic-poitou.com\/blog\/wp-json\/wp\/v2\/posts"}],"about":[{"href":"https:\/\/www.frederic-poitou.com\/blog\/wp-json\/wp\/v2\/types\/post"}],"author":[{"embeddable":true,"href":"https:\/\/www.frederic-poitou.com\/blog\/wp-json\/wp\/v2\/users\/4"}],"replies":[{"embeddable":true,"href":"https:\/\/www.frederic-poitou.com\/blog\/wp-json\/wp\/v2\/comments?post=6351"}],"version-history":[{"count":1,"href":"https:\/\/www.frederic-poitou.com\/blog\/wp-json\/wp\/v2\/posts\/6351\/revisions"}],"predecessor-version":[{"id":10294,"href":"https:\/\/www.frederic-poitou.com\/blog\/wp-json\/wp\/v2\/posts\/6351\/revisions\/10294"}],"wp:attachment":[{"href":"https:\/\/www.frederic-poitou.com\/blog\/wp-json\/wp\/v2\/media?parent=6351"}],"wp:term":[{"taxonomy":"category","embeddable":true,"href":"https:\/\/www.frederic-poitou.com\/blog\/wp-json\/wp\/v2\/categories?post=6351"},{"taxonomy":"post_tag","embeddable":true,"href":"https:\/\/www.frederic-poitou.com\/blog\/wp-json\/wp\/v2\/tags?post=6351"}],"curies":[{"name":"wp","href":"https:\/\/api.w.org\/{rel}","templated":true}]}}