{"id":6328,"date":"2023-07-14T06:55:32","date_gmt":"2023-07-14T04:55:32","guid":{"rendered":"http:\/\/www.frederic-poitou.com\/blog\/?p=6328"},"modified":"2026-04-16T14:15:17","modified_gmt":"2026-04-16T12:15:17","slug":"herve-morin-remet-ca","status":"publish","type":"post","link":"https:\/\/www.frederic-poitou.com\/blog\/herve-morin-remet-ca\/","title":{"rendered":"HERVE MORIN REMET CA !"},"content":{"rendered":"<p style=\"margin: 0.0px 0.0px 0.0px 0.0px; font: 13.0px 'Lucida Grande'; color: #2d2d2d;\">Apr\u00e8s le Nouveau Centre, la cr\u00e9ation de l&rsquo;ARES \u00e0 la Grande Motte l&rsquo;an dernier (j&rsquo;\u00e9tais de la f\u00eate-masquarade en tant que Radical), la candidature rat\u00e9e \u00e0 la Pr\u00e9sidentielle, voici maintenant la F\u00e9d\u00e9ration des Centres &#8230;<\/p>\n<p style=\"margin: 0.0px 0.0px 0.0px 0.0px; font: 13.0px 'Lucida Grande'; color: #2d2d2d; min-height: 16.0px;\">\n<p style=\"margin: 0.0px 0.0px 0.0px 0.0px; font: 13.0px 'Lucida Grande'; color: #2d2d2d;\">Herv\u00e9, si tu me lis. Arr\u00eate un peu. Tous les outils n\u00e9cessaires \u00e0 la constitution d&rsquo;une force politique au Centre existent d\u00e9j\u00e0 :<\/p>\n<p style=\"margin: 0.0px 0.0px 0.0px 0.0px; font: 13.0px 'Lucida Grande'; color: #2d2d2d;\">Tu as d\u00e9j\u00e0 ton parti, \u00e0 c\u00f4t\u00e9 duquel il existe le Parti Radical, et encore pour quelques temps le MODEM.<\/p>\n<p style=\"margin: 0.0px 0.0px 0.0px 0.0px; font: 13.0px 'Lucida Grande'; color: #2d2d2d;\">Il existe \u00e0 l&rsquo;Assembl\u00e9e nationale l&rsquo;UDI (que tu as rejoint, je te le rappelle, et dont Jean-Louis Borloo est Pr\u00e9sident),<\/p>\n<p style=\"margin: 0.0px 0.0px 0.0px 0.0px; font: 13.0px 'Lucida Grande'; color: #2d2d2d;\">Au Senat il existe un groupe \u00ab\u00a0Union Centriste\u00a0\u00bb.<\/p>\n<p style=\"margin: 0.0px 0.0px 0.0px 0.0px; font: 13.0px 'Lucida Grande'; color: #2d2d2d; min-height: 16.0px;\">\n<p style=\"margin: 0.0px 0.0px 0.0px 0.0px; font: 13.0px 'Lucida Grande'; color: #2d2d2d;\">Ce nouveau \u00ab\u00a0<em>machin<\/em>\u00ab\u00a0, qui \u00ab\u00a0<em>travaillerait avec l&rsquo;UMP<\/em>\u00ab\u00a0, sans en \u00ab\u00a0<em>faire partie<\/em>\u00ab\u00a0, c&rsquo;est franchement du n\u2019importe quoi, au service d&rsquo;un \u00e9go sur-dimensionn\u00e9, dop\u00e9 par le vieux fantasme de recr\u00e9er l&rsquo;UDF.<\/p>\n<p style=\"margin: 0.0px 0.0px 0.0px 0.0px; font: 13.0px 'Lucida Grande'; color: #2d2d2d; min-height: 16.0px;\">\n<p style=\"margin: 0.0px 0.0px 0.0px 0.0px; font: 13.0px 'Lucida Grande'; color: #2d2d2d;\">Du grand guignol, comme l\u2019ARES &#8230;<\/p>\n<p style=\"margin: 0.0px 0.0px 0.0px 0.0px; font: 13.0px 'Lucida Grande'; color: #2d2d2d;\"><!--more--><!--more--><!--more--><img loading=\"lazy\" decoding=\"async\" class=\"aligncenter size-full wp-image-6329\" title=\"morin\" src=\"http:\/\/www.frederic-poitou.com\/blog\/wp-content\/morin.jpg\" alt=\"morin\" width=\"403\" height=\"403\" srcset=\"https:\/\/www.frederic-poitou.com\/blog\/wp-content\/morin.jpg 403w, https:\/\/www.frederic-poitou.com\/blog\/wp-content\/morin-150x150.jpg 150w, https:\/\/www.frederic-poitou.com\/blog\/wp-content\/morin-300x300.jpg 300w\" sizes=\"auto, (max-width: 403px) 100vw, 403px\" \/><\/p>\n","protected":false},"excerpt":{"rendered":"<p>Apr\u00e8s le Nouveau Centre, la cr\u00e9ation de l&rsquo;ARES \u00e0 la Grande Motte l&rsquo;an dernier (j&rsquo;\u00e9tais de la f\u00eate-masquarade en tant que Radical), la candidature rat\u00e9e \u00e0 la Pr\u00e9sidentielle, voici maintenant la F\u00e9d\u00e9ration des Centres &#8230; Herv\u00e9, si tu me lis. &hellip; <a href=\"https:\/\/www.frederic-poitou.com\/blog\/herve-morin-remet-ca\/\">Lire la suite\u00ad\u00ad<\/a><\/p>\n","protected":false},"author":4,"featured_media":0,"comment_status":"closed","ping_status":"closed","sticky":false,"template":"","format":"standard","meta":{"kt_blocks_editor_width":"","_exactmetrics_skip_tracking":false,"_exactmetrics_sitenote_active":false,"_exactmetrics_sitenote_note":"","_exactmetrics_sitenote_category":0,"footnotes":""},"categories":[48],"tags":[27,25,24],"class_list":["post-6328","post","type-post","status-publish","format-standard","hentry","category-accueil","tag-actualite","tag-parti-radical","tag-politique"],"yoast_head":"<!-- This site is optimized with the Yoast SEO plugin v27.1.1 - https:\/\/yoast.com\/product\/yoast-seo-wordpress\/ -->\n<title>HERVE MORIN REMET CA ! -<\/title>\n<meta name=\"robots\" content=\"index, follow, max-snippet:-1, max-image-preview:large, max-video-preview:-1\" \/>\n<link rel=\"canonical\" href=\"http:\/\/www.frederic-poitou.com\/blog\/herve-morin-remet-ca\/\" \/>\n<meta property=\"og:locale\" content=\"fr_FR\" \/>\n<meta property=\"og:type\" content=\"article\" \/>\n<meta property=\"og:title\" content=\"HERVE MORIN REMET CA ! -\" \/>\n<meta property=\"og:description\" content=\"Apr\u00e8s le Nouveau Centre, la cr\u00e9ation de l&rsquo;ARES \u00e0 la Grande Motte l&rsquo;an dernier (j&rsquo;\u00e9tais de la f\u00eate-masquarade en tant que Radical), la candidature rat\u00e9e \u00e0 la Pr\u00e9sidentielle, voici maintenant la F\u00e9d\u00e9ration des Centres &#8230; Herv\u00e9, si tu me lis. &hellip; Lire la suite\u00ad\u00ad\" \/>\n<meta property=\"og:url\" content=\"http:\/\/www.frederic-poitou.com\/blog\/herve-morin-remet-ca\/\" \/>\n<meta property=\"article:publisher\" content=\"https:\/\/www.facebook.com\/frederic.poitou\/\" \/>\n<meta property=\"article:published_time\" content=\"2023-07-14T04:55:32+00:00\" \/>\n<meta property=\"article:modified_time\" content=\"2026-04-16T12:15:17+00:00\" \/>\n<meta property=\"og:image\" content=\"http:\/\/www.frederic-poitou.com\/blog\/wp-content\/morin.jpg\" \/>\n<meta name=\"author\" content=\"Fr\u00e9d\u00e9ric Poitou\" \/>\n<meta name=\"twitter:card\" content=\"summary_large_image\" \/>\n<meta name=\"twitter:creator\" content=\"@fredericpoitou\" \/>\n<meta name=\"twitter:site\" content=\"@fredericpoitou\" \/>\n<meta name=\"twitter:label1\" content=\"\u00c9crit par\" \/>\n\t<meta name=\"twitter:data1\" content=\"Fr\u00e9d\u00e9ric Poitou\" \/>\n\t<meta name=\"twitter:label2\" content=\"Dur\u00e9e de lecture estim\u00e9e\" \/>\n\t<meta name=\"twitter:data2\" content=\"1 minute\" \/>\n<script type=\"application\/ld+json\" class=\"yoast-schema-graph\">{\"@context\":\"https:\/\/schema.org\",\"@graph\":[{\"@type\":\"Article\",\"@id\":\"http:\/\/www.frederic-poitou.com\/blog\/herve-morin-remet-ca\/#article\",\"isPartOf\":{\"@id\":\"http:\/\/www.frederic-poitou.com\/blog\/herve-morin-remet-ca\/\"},\"author\":{\"name\":\"Fr\u00e9d\u00e9ric Poitou\",\"@id\":\"http:\/\/www.frederic-poitou.com\/blog\/#\/schema\/person\/e2c2d05e978747818533fdce859a7799\"},\"headline\":\"HERVE MORIN REMET CA !\",\"datePublished\":\"2023-07-14T04:55:32+00:00\",\"dateModified\":\"2026-04-16T12:15:17+00:00\",\"mainEntityOfPage\":{\"@id\":\"http:\/\/www.frederic-poitou.com\/blog\/herve-morin-remet-ca\/\"},\"wordCount\":164,\"image\":{\"@id\":\"http:\/\/www.frederic-poitou.com\/blog\/herve-morin-remet-ca\/#primaryimage\"},\"thumbnailUrl\":\"http:\/\/www.frederic-poitou.com\/blog\/wp-content\/morin.jpg\",\"keywords\":[\"Actualit\u00e9\",\"PARTI RADICAL\",\"Politique\"],\"articleSection\":[\"Accueil\"],\"inLanguage\":\"fr-FR\"},{\"@type\":\"WebPage\",\"@id\":\"http:\/\/www.frederic-poitou.com\/blog\/herve-morin-remet-ca\/\",\"url\":\"http:\/\/www.frederic-poitou.com\/blog\/herve-morin-remet-ca\/\",\"name\":\"HERVE MORIN REMET CA ! -\",\"isPartOf\":{\"@id\":\"http:\/\/www.frederic-poitou.com\/blog\/#website\"},\"primaryImageOfPage\":{\"@id\":\"http:\/\/www.frederic-poitou.com\/blog\/herve-morin-remet-ca\/#primaryimage\"},\"image\":{\"@id\":\"http:\/\/www.frederic-poitou.com\/blog\/herve-morin-remet-ca\/#primaryimage\"},\"thumbnailUrl\":\"http:\/\/www.frederic-poitou.com\/blog\/wp-content\/morin.jpg\",\"datePublished\":\"2023-07-14T04:55:32+00:00\",\"dateModified\":\"2026-04-16T12:15:17+00:00\",\"author\":{\"@id\":\"http:\/\/www.frederic-poitou.com\/blog\/#\/schema\/person\/e2c2d05e978747818533fdce859a7799\"},\"breadcrumb\":{\"@id\":\"http:\/\/www.frederic-poitou.com\/blog\/herve-morin-remet-ca\/#breadcrumb\"},\"inLanguage\":\"fr-FR\",\"potentialAction\":[{\"@type\":\"ReadAction\",\"target\":[\"http:\/\/www.frederic-poitou.com\/blog\/herve-morin-remet-ca\/\"]}]},{\"@type\":\"ImageObject\",\"inLanguage\":\"fr-FR\",\"@id\":\"http:\/\/www.frederic-poitou.com\/blog\/herve-morin-remet-ca\/#primaryimage\",\"url\":\"https:\/\/www.frederic-poitou.com\/blog\/wp-content\/morin.jpg\",\"contentUrl\":\"https:\/\/www.frederic-poitou.com\/blog\/wp-content\/morin.jpg\",\"width\":\"403\",\"height\":\"403\"},{\"@type\":\"BreadcrumbList\",\"@id\":\"http:\/\/www.frederic-poitou.com\/blog\/herve-morin-remet-ca\/#breadcrumb\",\"itemListElement\":[{\"@type\":\"ListItem\",\"position\":1,\"name\":\"Accueil\",\"item\":\"http:\/\/www.frederic-poitou.com\/blog\/\"},{\"@type\":\"ListItem\",\"position\":2,\"name\":\"HERVE MORIN REMET CA !\"}]},{\"@type\":\"WebSite\",\"@id\":\"http:\/\/www.frederic-poitou.com\/blog\/#website\",\"url\":\"http:\/\/www.frederic-poitou.com\/blog\/\",\"name\":\"\",\"description\":\"\",\"potentialAction\":[{\"@type\":\"SearchAction\",\"target\":{\"@type\":\"EntryPoint\",\"urlTemplate\":\"http:\/\/www.frederic-poitou.com\/blog\/?s={search_term_string}\"},\"query-input\":{\"@type\":\"PropertyValueSpecification\",\"valueRequired\":true,\"valueName\":\"search_term_string\"}}],\"inLanguage\":\"fr-FR\"},{\"@type\":\"Person\",\"@id\":\"http:\/\/www.frederic-poitou.com\/blog\/#\/schema\/person\/e2c2d05e978747818533fdce859a7799\",\"name\":\"Fr\u00e9d\u00e9ric Poitou\",\"image\":{\"@type\":\"ImageObject\",\"inLanguage\":\"fr-FR\",\"@id\":\"http:\/\/www.frederic-poitou.com\/blog\/#\/schema\/person\/image\/\",\"url\":\"https:\/\/secure.gravatar.com\/avatar\/1933bcca279a2feafd35d9e0a080c521e11beb51115fe4cfe02e2586ac13424a?s=96&d=mm&r=g\",\"contentUrl\":\"https:\/\/secure.gravatar.com\/avatar\/1933bcca279a2feafd35d9e0a080c521e11beb51115fe4cfe02e2586ac13424a?s=96&d=mm&r=g\",\"caption\":\"Fr\u00e9d\u00e9ric Poitou\"},\"description\":\"Fr\u00e9d\u00e9ric Poitou est n\u00e9 \u00e0 Rouen, et y a fait des \u00e9tudes au Conservatoire en musique-\u00e9tudes en section piano. Il s'est ensuite orient\u00e9 vers des \u00e9tudes scientifiques o\u00f9 il a obtenu un dipl\u00f4me d'ing\u00e9nieur, puis un doctorat en Chimie. Il est Expert Judiciaire en France, en Belgique et \u00e0 Luxembourg, et agr\u00e9e par les Institutions Europ\u00e9ennes.\",\"sameAs\":[\"http:\/\/www.frederic-poitou.com\",\"https:\/\/www.linkedin.com\/in\/frederic-poitou-b045a025\/\"]}]}<\/script>\n<!-- \/ Yoast SEO plugin. -->","yoast_head_json":{"title":"HERVE MORIN REMET CA ! -","robots":{"index":"index","follow":"follow","max-snippet":"max-snippet:-1","max-image-preview":"max-image-preview:large","max-video-preview":"max-video-preview:-1"},"canonical":"http:\/\/www.frederic-poitou.com\/blog\/herve-morin-remet-ca\/","og_locale":"fr_FR","og_type":"article","og_title":"HERVE MORIN REMET CA ! -","og_description":"Apr\u00e8s le Nouveau Centre, la cr\u00e9ation de l&rsquo;ARES \u00e0 la Grande Motte l&rsquo;an dernier (j&rsquo;\u00e9tais de la f\u00eate-masquarade en tant que Radical), la candidature rat\u00e9e \u00e0 la Pr\u00e9sidentielle, voici maintenant la F\u00e9d\u00e9ration des Centres &#8230; Herv\u00e9, si tu me lis. &hellip; Lire la suite\u00ad\u00ad","og_url":"http:\/\/www.frederic-poitou.com\/blog\/herve-morin-remet-ca\/","article_publisher":"https:\/\/www.facebook.com\/frederic.poitou\/","article_published_time":"2023-07-14T04:55:32+00:00","article_modified_time":"2026-04-16T12:15:17+00:00","og_image":[{"url":"http:\/\/www.frederic-poitou.com\/blog\/wp-content\/morin.jpg","type":"","width":"","height":""}],"author":"Fr\u00e9d\u00e9ric Poitou","twitter_card":"summary_large_image","twitter_creator":"@fredericpoitou","twitter_site":"@fredericpoitou","twitter_misc":{"\u00c9crit par":"Fr\u00e9d\u00e9ric Poitou","Dur\u00e9e de lecture estim\u00e9e":"1 minute"},"schema":{"@context":"https:\/\/schema.org","@graph":[{"@type":"Article","@id":"http:\/\/www.frederic-poitou.com\/blog\/herve-morin-remet-ca\/#article","isPartOf":{"@id":"http:\/\/www.frederic-poitou.com\/blog\/herve-morin-remet-ca\/"},"author":{"name":"Fr\u00e9d\u00e9ric Poitou","@id":"http:\/\/www.frederic-poitou.com\/blog\/#\/schema\/person\/e2c2d05e978747818533fdce859a7799"},"headline":"HERVE MORIN REMET CA !","datePublished":"2023-07-14T04:55:32+00:00","dateModified":"2026-04-16T12:15:17+00:00","mainEntityOfPage":{"@id":"http:\/\/www.frederic-poitou.com\/blog\/herve-morin-remet-ca\/"},"wordCount":164,"image":{"@id":"http:\/\/www.frederic-poitou.com\/blog\/herve-morin-remet-ca\/#primaryimage"},"thumbnailUrl":"http:\/\/www.frederic-poitou.com\/blog\/wp-content\/morin.jpg","keywords":["Actualit\u00e9","PARTI RADICAL","Politique"],"articleSection":["Accueil"],"inLanguage":"fr-FR"},{"@type":"WebPage","@id":"http:\/\/www.frederic-poitou.com\/blog\/herve-morin-remet-ca\/","url":"http:\/\/www.frederic-poitou.com\/blog\/herve-morin-remet-ca\/","name":"HERVE MORIN REMET CA ! -","isPartOf":{"@id":"http:\/\/www.frederic-poitou.com\/blog\/#website"},"primaryImageOfPage":{"@id":"http:\/\/www.frederic-poitou.com\/blog\/herve-morin-remet-ca\/#primaryimage"},"image":{"@id":"http:\/\/www.frederic-poitou.com\/blog\/herve-morin-remet-ca\/#primaryimage"},"thumbnailUrl":"http:\/\/www.frederic-poitou.com\/blog\/wp-content\/morin.jpg","datePublished":"2023-07-14T04:55:32+00:00","dateModified":"2026-04-16T12:15:17+00:00","author":{"@id":"http:\/\/www.frederic-poitou.com\/blog\/#\/schema\/person\/e2c2d05e978747818533fdce859a7799"},"breadcrumb":{"@id":"http:\/\/www.frederic-poitou.com\/blog\/herve-morin-remet-ca\/#breadcrumb"},"inLanguage":"fr-FR","potentialAction":[{"@type":"ReadAction","target":["http:\/\/www.frederic-poitou.com\/blog\/herve-morin-remet-ca\/"]}]},{"@type":"ImageObject","inLanguage":"fr-FR","@id":"http:\/\/www.frederic-poitou.com\/blog\/herve-morin-remet-ca\/#primaryimage","url":"https:\/\/www.frederic-poitou.com\/blog\/wp-content\/morin.jpg","contentUrl":"https:\/\/www.frederic-poitou.com\/blog\/wp-content\/morin.jpg","width":"403","height":"403"},{"@type":"BreadcrumbList","@id":"http:\/\/www.frederic-poitou.com\/blog\/herve-morin-remet-ca\/#breadcrumb","itemListElement":[{"@type":"ListItem","position":1,"name":"Accueil","item":"http:\/\/www.frederic-poitou.com\/blog\/"},{"@type":"ListItem","position":2,"name":"HERVE MORIN REMET CA !"}]},{"@type":"WebSite","@id":"http:\/\/www.frederic-poitou.com\/blog\/#website","url":"http:\/\/www.frederic-poitou.com\/blog\/","name":"","description":"","potentialAction":[{"@type":"SearchAction","target":{"@type":"EntryPoint","urlTemplate":"http:\/\/www.frederic-poitou.com\/blog\/?s={search_term_string}"},"query-input":{"@type":"PropertyValueSpecification","valueRequired":true,"valueName":"search_term_string"}}],"inLanguage":"fr-FR"},{"@type":"Person","@id":"http:\/\/www.frederic-poitou.com\/blog\/#\/schema\/person\/e2c2d05e978747818533fdce859a7799","name":"Fr\u00e9d\u00e9ric Poitou","image":{"@type":"ImageObject","inLanguage":"fr-FR","@id":"http:\/\/www.frederic-poitou.com\/blog\/#\/schema\/person\/image\/","url":"https:\/\/secure.gravatar.com\/avatar\/1933bcca279a2feafd35d9e0a080c521e11beb51115fe4cfe02e2586ac13424a?s=96&d=mm&r=g","contentUrl":"https:\/\/secure.gravatar.com\/avatar\/1933bcca279a2feafd35d9e0a080c521e11beb51115fe4cfe02e2586ac13424a?s=96&d=mm&r=g","caption":"Fr\u00e9d\u00e9ric Poitou"},"description":"Fr\u00e9d\u00e9ric Poitou est n\u00e9 \u00e0 Rouen, et y a fait des \u00e9tudes au Conservatoire en musique-\u00e9tudes en section piano. Il s'est ensuite orient\u00e9 vers des \u00e9tudes scientifiques o\u00f9 il a obtenu un dipl\u00f4me d'ing\u00e9nieur, puis un doctorat en Chimie. Il est Expert Judiciaire en France, en Belgique et \u00e0 Luxembourg, et agr\u00e9e par les Institutions Europ\u00e9ennes.","sameAs":["http:\/\/www.frederic-poitou.com","https:\/\/www.linkedin.com\/in\/frederic-poitou-b045a025\/"]}]}},"_links":{"self":[{"href":"https:\/\/www.frederic-poitou.com\/blog\/wp-json\/wp\/v2\/posts\/6328","targetHints":{"allow":["GET"]}}],"collection":[{"href":"https:\/\/www.frederic-poitou.com\/blog\/wp-json\/wp\/v2\/posts"}],"about":[{"href":"https:\/\/www.frederic-poitou.com\/blog\/wp-json\/wp\/v2\/types\/post"}],"author":[{"embeddable":true,"href":"https:\/\/www.frederic-poitou.com\/blog\/wp-json\/wp\/v2\/users\/4"}],"replies":[{"embeddable":true,"href":"https:\/\/www.frederic-poitou.com\/blog\/wp-json\/wp\/v2\/comments?post=6328"}],"version-history":[{"count":1,"href":"https:\/\/www.frederic-poitou.com\/blog\/wp-json\/wp\/v2\/posts\/6328\/revisions"}],"predecessor-version":[{"id":10293,"href":"https:\/\/www.frederic-poitou.com\/blog\/wp-json\/wp\/v2\/posts\/6328\/revisions\/10293"}],"wp:attachment":[{"href":"https:\/\/www.frederic-poitou.com\/blog\/wp-json\/wp\/v2\/media?parent=6328"}],"wp:term":[{"taxonomy":"category","embeddable":true,"href":"https:\/\/www.frederic-poitou.com\/blog\/wp-json\/wp\/v2\/categories?post=6328"},{"taxonomy":"post_tag","embeddable":true,"href":"https:\/\/www.frederic-poitou.com\/blog\/wp-json\/wp\/v2\/tags?post=6328"}],"curies":[{"name":"wp","href":"https:\/\/api.w.org\/{rel}","templated":true}]}}