{"id":6308,"date":"2023-07-15T08:39:32","date_gmt":"2023-07-15T06:39:32","guid":{"rendered":"http:\/\/www.frederic-poitou.com\/blog\/?p=6308"},"modified":"2026-04-28T17:01:57","modified_gmt":"2026-04-28T15:01:57","slug":"laurent-fabius-quelle-honte","status":"publish","type":"post","link":"https:\/\/www.frederic-poitou.com\/blog\/laurent-fabius-quelle-honte\/","title":{"rendered":"LAURENT FABIUS : QUELLE HONTE"},"content":{"rendered":"<p>Les propos de Laurent Fabius hier sont proprement scandaleux. Comment peut on oser dire, devant les m\u00e9dias, qu&rsquo;un homme ne m\u00e9riterait pas d&rsquo;\u00eatre sur terre ?<br \/>\nJuridiquement, cela pourrait presque \u00eatre qualifi\u00e9 d&rsquo;incitation \u00e0 la violence, et ca n&rsquo;est pas ce type de propos que l&rsquo;on attend du Chef de la diplomatie, surtout s&rsquo;il est membre d&rsquo;un gouvernement qui a brill\u00e9 par son absence active sur le terrain, si l&rsquo;on excepte quelques tentes de la croix rouge, install\u00e9es en Jordanie pour tenter de soigner les innombrables bless\u00e9s qui fuient l&rsquo;horreur. Encore heureux que la Turquie, et la Jordanie acceptent volontiers sur leurs sols les r\u00e9fugi\u00e9s d&rsquo;une guerre civile particuli\u00e8rement violente.<\/p>\n<p>Bien sur que le moment venu, Bachar el Assad devra r\u00e9pondre de l&rsquo;incroyable cruaut\u00e9 de ses actes, et je serai alors le premier \u00e0 demander qu&rsquo;il soit jug\u00e9 dans son pays, ou peut \u00eatre \u00e0 la Haye, et condamn\u00e9, au titre de crimes de guerre, ou de crime contre l&rsquo;humanit\u00e9.<\/p>\n<p>Mais d\u00e9clarer en parall\u00e8le que \u00ab\u00a0le r\u00e9gime syrien devrait \u00eatre abattu rapidement\u00a0\u00bb, et que \u00ab\u00a0Bachar el Assad ne m\u00e9riterait pas de vivre sur terre\u00a0\u00bb me semble particuli\u00e8rement scandaleux. Comment oser esp\u00e9rer la mort d&rsquo;un homme, fut il un dictateur, lorsqu&rsquo;on se dit ministre de la R\u00e9publique Patrie des Droits de l&rsquo;Homme.<\/p>\n<p>On s&rsquo;en prend \u00e0 regretter certains grands ministres des affaires \u00e9trang\u00e8res (Michel Debr\u00e9, Rolland Dumas, Hubert V\u00e9drine, Alain Jupp\u00e9). Eux savaient \u00eatre fermes, mais garder la distance n\u00e9cessaire \u00e0 la fonction.<\/p>\n<p>Alors oui, je souhaite que le r\u00e9gime Syrien tombe, au plus vite, et que cessent ce carnage dont sont responsables les rebels tout autant que les forces loyalistes. Mais je souhaite aussi que ce r\u00e9gime ne soit pas remplac\u00e9 par pire qu&rsquo;il ne l&rsquo;est aujourd&rsquo;hui, tel que cela se profile en Tunisie et en Egypte.<\/p>\n<p>Mais je souhaite un traitement du cas personnel de Bachar el Assad dans le cadre d&rsquo;un r\u00e8glement de Droit, rien d&rsquo;autre.<\/p>\n<p>Vous m&rsquo;avez choqu\u00e9 Monsieur Fabius, et ca n&rsquo;est pas la premi\u00e8re fois.<\/p>\n<p><iframe loading=\"lazy\" frameborder=\"0\" width=\"480\" height=\"270\" src=\"http:\/\/www.dailymotion.com\/embed\/video\/xswlbc\"><\/iframe><br \/><a href=\"http:\/\/www.dailymotion.com\/video\/xswlbc_assad-ne-meriterait-pas-d-etre-sur-terre_news\" target=\"_blank\" rel=\"noopener\">Assad ne m&eacute;riterait pas d&#039;&ecirc;tre sur terre<\/a> <i>par <a href=\"http:\/\/www.dailymotion.com\/ATTACHEE-PRESSE13\" target=\"_blank\" rel=\"noopener\">ATTACHEE-PRESSE13<\/a><\/i><\/p>\n","protected":false},"excerpt":{"rendered":"<p>Les propos de Laurent Fabius hier sont proprement scandaleux. Comment peut on oser dire, devant les m\u00e9dias, qu&rsquo;un homme ne m\u00e9riterait pas d&rsquo;\u00eatre sur terre ? Juridiquement, cela pourrait presque \u00eatre qualifi\u00e9 d&rsquo;incitation \u00e0 la violence, et ca n&rsquo;est pas &hellip; <a href=\"https:\/\/www.frederic-poitou.com\/blog\/laurent-fabius-quelle-honte\/\">Lire la suite\u00ad\u00ad<\/a><\/p>\n","protected":false},"author":4,"featured_media":0,"comment_status":"closed","ping_status":"closed","sticky":false,"template":"","format":"standard","meta":{"kt_blocks_editor_width":"","_exactmetrics_skip_tracking":false,"_exactmetrics_sitenote_active":false,"_exactmetrics_sitenote_note":"","_exactmetrics_sitenote_category":0,"footnotes":""},"categories":[48],"tags":[27,24],"class_list":["post-6308","post","type-post","status-publish","format-standard","hentry","category-accueil","tag-actualite","tag-politique"],"yoast_head":"<!-- This site is optimized with the Yoast SEO plugin v27.1.1 - https:\/\/yoast.com\/product\/yoast-seo-wordpress\/ -->\n<title>LAURENT FABIUS : QUELLE HONTE -<\/title>\n<meta name=\"robots\" content=\"index, follow, max-snippet:-1, max-image-preview:large, max-video-preview:-1\" \/>\n<link rel=\"canonical\" href=\"http:\/\/www.frederic-poitou.com\/blog\/laurent-fabius-quelle-honte\/\" \/>\n<meta property=\"og:locale\" content=\"fr_FR\" \/>\n<meta property=\"og:type\" content=\"article\" \/>\n<meta property=\"og:title\" content=\"LAURENT FABIUS : QUELLE HONTE -\" \/>\n<meta property=\"og:description\" content=\"Les propos de Laurent Fabius hier sont proprement scandaleux. Comment peut on oser dire, devant les m\u00e9dias, qu&rsquo;un homme ne m\u00e9riterait pas d&rsquo;\u00eatre sur terre ? Juridiquement, cela pourrait presque \u00eatre qualifi\u00e9 d&rsquo;incitation \u00e0 la violence, et ca n&rsquo;est pas &hellip; Lire la suite\u00ad\u00ad\" \/>\n<meta property=\"og:url\" content=\"http:\/\/www.frederic-poitou.com\/blog\/laurent-fabius-quelle-honte\/\" \/>\n<meta property=\"article:publisher\" content=\"https:\/\/www.facebook.com\/frederic.poitou\/\" \/>\n<meta property=\"article:published_time\" content=\"2023-07-15T06:39:32+00:00\" \/>\n<meta property=\"article:modified_time\" content=\"2026-04-28T15:01:57+00:00\" \/>\n<meta name=\"author\" content=\"Fr\u00e9d\u00e9ric Poitou\" \/>\n<meta name=\"twitter:card\" content=\"summary_large_image\" \/>\n<meta name=\"twitter:creator\" content=\"@fredericpoitou\" \/>\n<meta name=\"twitter:site\" content=\"@fredericpoitou\" \/>\n<meta name=\"twitter:label1\" content=\"\u00c9crit par\" \/>\n\t<meta name=\"twitter:data1\" content=\"Fr\u00e9d\u00e9ric Poitou\" \/>\n\t<meta name=\"twitter:label2\" content=\"Dur\u00e9e de lecture estim\u00e9e\" \/>\n\t<meta name=\"twitter:data2\" content=\"2 minutes\" \/>\n<script type=\"application\/ld+json\" class=\"yoast-schema-graph\">{\"@context\":\"https:\/\/schema.org\",\"@graph\":[{\"@type\":\"Article\",\"@id\":\"http:\/\/www.frederic-poitou.com\/blog\/laurent-fabius-quelle-honte\/#article\",\"isPartOf\":{\"@id\":\"http:\/\/www.frederic-poitou.com\/blog\/laurent-fabius-quelle-honte\/\"},\"author\":{\"name\":\"Fr\u00e9d\u00e9ric Poitou\",\"@id\":\"https:\/\/www.frederic-poitou.com\/blog\/#\/schema\/person\/e2c2d05e978747818533fdce859a7799\"},\"headline\":\"LAURENT FABIUS : QUELLE HONTE\",\"datePublished\":\"2023-07-15T06:39:32+00:00\",\"dateModified\":\"2026-04-28T15:01:57+00:00\",\"mainEntityOfPage\":{\"@id\":\"http:\/\/www.frederic-poitou.com\/blog\/laurent-fabius-quelle-honte\/\"},\"wordCount\":387,\"keywords\":[\"Actualit\u00e9\",\"Politique\"],\"articleSection\":[\"Accueil\"],\"inLanguage\":\"fr-FR\"},{\"@type\":\"WebPage\",\"@id\":\"http:\/\/www.frederic-poitou.com\/blog\/laurent-fabius-quelle-honte\/\",\"url\":\"http:\/\/www.frederic-poitou.com\/blog\/laurent-fabius-quelle-honte\/\",\"name\":\"LAURENT FABIUS : QUELLE HONTE -\",\"isPartOf\":{\"@id\":\"https:\/\/www.frederic-poitou.com\/blog\/#website\"},\"datePublished\":\"2023-07-15T06:39:32+00:00\",\"dateModified\":\"2026-04-28T15:01:57+00:00\",\"author\":{\"@id\":\"https:\/\/www.frederic-poitou.com\/blog\/#\/schema\/person\/e2c2d05e978747818533fdce859a7799\"},\"breadcrumb\":{\"@id\":\"http:\/\/www.frederic-poitou.com\/blog\/laurent-fabius-quelle-honte\/#breadcrumb\"},\"inLanguage\":\"fr-FR\",\"potentialAction\":[{\"@type\":\"ReadAction\",\"target\":[\"http:\/\/www.frederic-poitou.com\/blog\/laurent-fabius-quelle-honte\/\"]}]},{\"@type\":\"BreadcrumbList\",\"@id\":\"http:\/\/www.frederic-poitou.com\/blog\/laurent-fabius-quelle-honte\/#breadcrumb\",\"itemListElement\":[{\"@type\":\"ListItem\",\"position\":1,\"name\":\"Accueil\",\"item\":\"https:\/\/www.frederic-poitou.com\/blog\/\"},{\"@type\":\"ListItem\",\"position\":2,\"name\":\"LAURENT FABIUS : QUELLE HONTE\"}]},{\"@type\":\"WebSite\",\"@id\":\"https:\/\/www.frederic-poitou.com\/blog\/#website\",\"url\":\"https:\/\/www.frederic-poitou.com\/blog\/\",\"name\":\"\",\"description\":\"\",\"potentialAction\":[{\"@type\":\"SearchAction\",\"target\":{\"@type\":\"EntryPoint\",\"urlTemplate\":\"https:\/\/www.frederic-poitou.com\/blog\/?s={search_term_string}\"},\"query-input\":{\"@type\":\"PropertyValueSpecification\",\"valueRequired\":true,\"valueName\":\"search_term_string\"}}],\"inLanguage\":\"fr-FR\"},{\"@type\":\"Person\",\"@id\":\"https:\/\/www.frederic-poitou.com\/blog\/#\/schema\/person\/e2c2d05e978747818533fdce859a7799\",\"name\":\"Fr\u00e9d\u00e9ric Poitou\",\"image\":{\"@type\":\"ImageObject\",\"inLanguage\":\"fr-FR\",\"@id\":\"https:\/\/www.frederic-poitou.com\/blog\/#\/schema\/person\/image\/\",\"url\":\"https:\/\/secure.gravatar.com\/avatar\/1933bcca279a2feafd35d9e0a080c521e11beb51115fe4cfe02e2586ac13424a?s=96&d=mm&r=g\",\"contentUrl\":\"https:\/\/secure.gravatar.com\/avatar\/1933bcca279a2feafd35d9e0a080c521e11beb51115fe4cfe02e2586ac13424a?s=96&d=mm&r=g\",\"caption\":\"Fr\u00e9d\u00e9ric Poitou\"},\"description\":\"Fr\u00e9d\u00e9ric Poitou est n\u00e9 \u00e0 Rouen, et y a fait des \u00e9tudes au Conservatoire en musique-\u00e9tudes en section piano. Il s'est ensuite orient\u00e9 vers des \u00e9tudes scientifiques o\u00f9 il a obtenu un dipl\u00f4me d'ing\u00e9nieur, puis un doctorat en Chimie. Il est Expert Judiciaire en France, en Belgique et \u00e0 Luxembourg, et agr\u00e9e par les Institutions Europ\u00e9ennes.\",\"sameAs\":[\"http:\/\/www.frederic-poitou.com\",\"https:\/\/www.linkedin.com\/in\/frederic-poitou-b045a025\/\"]}]}<\/script>\n<!-- \/ Yoast SEO plugin. -->","yoast_head_json":{"title":"LAURENT FABIUS : QUELLE HONTE -","robots":{"index":"index","follow":"follow","max-snippet":"max-snippet:-1","max-image-preview":"max-image-preview:large","max-video-preview":"max-video-preview:-1"},"canonical":"http:\/\/www.frederic-poitou.com\/blog\/laurent-fabius-quelle-honte\/","og_locale":"fr_FR","og_type":"article","og_title":"LAURENT FABIUS : QUELLE HONTE -","og_description":"Les propos de Laurent Fabius hier sont proprement scandaleux. Comment peut on oser dire, devant les m\u00e9dias, qu&rsquo;un homme ne m\u00e9riterait pas d&rsquo;\u00eatre sur terre ? Juridiquement, cela pourrait presque \u00eatre qualifi\u00e9 d&rsquo;incitation \u00e0 la violence, et ca n&rsquo;est pas &hellip; Lire la suite\u00ad\u00ad","og_url":"http:\/\/www.frederic-poitou.com\/blog\/laurent-fabius-quelle-honte\/","article_publisher":"https:\/\/www.facebook.com\/frederic.poitou\/","article_published_time":"2023-07-15T06:39:32+00:00","article_modified_time":"2026-04-28T15:01:57+00:00","author":"Fr\u00e9d\u00e9ric Poitou","twitter_card":"summary_large_image","twitter_creator":"@fredericpoitou","twitter_site":"@fredericpoitou","twitter_misc":{"\u00c9crit par":"Fr\u00e9d\u00e9ric Poitou","Dur\u00e9e de lecture estim\u00e9e":"2 minutes"},"schema":{"@context":"https:\/\/schema.org","@graph":[{"@type":"Article","@id":"http:\/\/www.frederic-poitou.com\/blog\/laurent-fabius-quelle-honte\/#article","isPartOf":{"@id":"http:\/\/www.frederic-poitou.com\/blog\/laurent-fabius-quelle-honte\/"},"author":{"name":"Fr\u00e9d\u00e9ric Poitou","@id":"https:\/\/www.frederic-poitou.com\/blog\/#\/schema\/person\/e2c2d05e978747818533fdce859a7799"},"headline":"LAURENT FABIUS : QUELLE HONTE","datePublished":"2023-07-15T06:39:32+00:00","dateModified":"2026-04-28T15:01:57+00:00","mainEntityOfPage":{"@id":"http:\/\/www.frederic-poitou.com\/blog\/laurent-fabius-quelle-honte\/"},"wordCount":387,"keywords":["Actualit\u00e9","Politique"],"articleSection":["Accueil"],"inLanguage":"fr-FR"},{"@type":"WebPage","@id":"http:\/\/www.frederic-poitou.com\/blog\/laurent-fabius-quelle-honte\/","url":"http:\/\/www.frederic-poitou.com\/blog\/laurent-fabius-quelle-honte\/","name":"LAURENT FABIUS : QUELLE HONTE -","isPartOf":{"@id":"https:\/\/www.frederic-poitou.com\/blog\/#website"},"datePublished":"2023-07-15T06:39:32+00:00","dateModified":"2026-04-28T15:01:57+00:00","author":{"@id":"https:\/\/www.frederic-poitou.com\/blog\/#\/schema\/person\/e2c2d05e978747818533fdce859a7799"},"breadcrumb":{"@id":"http:\/\/www.frederic-poitou.com\/blog\/laurent-fabius-quelle-honte\/#breadcrumb"},"inLanguage":"fr-FR","potentialAction":[{"@type":"ReadAction","target":["http:\/\/www.frederic-poitou.com\/blog\/laurent-fabius-quelle-honte\/"]}]},{"@type":"BreadcrumbList","@id":"http:\/\/www.frederic-poitou.com\/blog\/laurent-fabius-quelle-honte\/#breadcrumb","itemListElement":[{"@type":"ListItem","position":1,"name":"Accueil","item":"https:\/\/www.frederic-poitou.com\/blog\/"},{"@type":"ListItem","position":2,"name":"LAURENT FABIUS : QUELLE HONTE"}]},{"@type":"WebSite","@id":"https:\/\/www.frederic-poitou.com\/blog\/#website","url":"https:\/\/www.frederic-poitou.com\/blog\/","name":"","description":"","potentialAction":[{"@type":"SearchAction","target":{"@type":"EntryPoint","urlTemplate":"https:\/\/www.frederic-poitou.com\/blog\/?s={search_term_string}"},"query-input":{"@type":"PropertyValueSpecification","valueRequired":true,"valueName":"search_term_string"}}],"inLanguage":"fr-FR"},{"@type":"Person","@id":"https:\/\/www.frederic-poitou.com\/blog\/#\/schema\/person\/e2c2d05e978747818533fdce859a7799","name":"Fr\u00e9d\u00e9ric Poitou","image":{"@type":"ImageObject","inLanguage":"fr-FR","@id":"https:\/\/www.frederic-poitou.com\/blog\/#\/schema\/person\/image\/","url":"https:\/\/secure.gravatar.com\/avatar\/1933bcca279a2feafd35d9e0a080c521e11beb51115fe4cfe02e2586ac13424a?s=96&d=mm&r=g","contentUrl":"https:\/\/secure.gravatar.com\/avatar\/1933bcca279a2feafd35d9e0a080c521e11beb51115fe4cfe02e2586ac13424a?s=96&d=mm&r=g","caption":"Fr\u00e9d\u00e9ric Poitou"},"description":"Fr\u00e9d\u00e9ric Poitou est n\u00e9 \u00e0 Rouen, et y a fait des \u00e9tudes au Conservatoire en musique-\u00e9tudes en section piano. Il s'est ensuite orient\u00e9 vers des \u00e9tudes scientifiques o\u00f9 il a obtenu un dipl\u00f4me d'ing\u00e9nieur, puis un doctorat en Chimie. Il est Expert Judiciaire en France, en Belgique et \u00e0 Luxembourg, et agr\u00e9e par les Institutions Europ\u00e9ennes.","sameAs":["http:\/\/www.frederic-poitou.com","https:\/\/www.linkedin.com\/in\/frederic-poitou-b045a025\/"]}]}},"_links":{"self":[{"href":"https:\/\/www.frederic-poitou.com\/blog\/wp-json\/wp\/v2\/posts\/6308","targetHints":{"allow":["GET"]}}],"collection":[{"href":"https:\/\/www.frederic-poitou.com\/blog\/wp-json\/wp\/v2\/posts"}],"about":[{"href":"https:\/\/www.frederic-poitou.com\/blog\/wp-json\/wp\/v2\/types\/post"}],"author":[{"embeddable":true,"href":"https:\/\/www.frederic-poitou.com\/blog\/wp-json\/wp\/v2\/users\/4"}],"replies":[{"embeddable":true,"href":"https:\/\/www.frederic-poitou.com\/blog\/wp-json\/wp\/v2\/comments?post=6308"}],"version-history":[{"count":1,"href":"https:\/\/www.frederic-poitou.com\/blog\/wp-json\/wp\/v2\/posts\/6308\/revisions"}],"predecessor-version":[{"id":10287,"href":"https:\/\/www.frederic-poitou.com\/blog\/wp-json\/wp\/v2\/posts\/6308\/revisions\/10287"}],"wp:attachment":[{"href":"https:\/\/www.frederic-poitou.com\/blog\/wp-json\/wp\/v2\/media?parent=6308"}],"wp:term":[{"taxonomy":"category","embeddable":true,"href":"https:\/\/www.frederic-poitou.com\/blog\/wp-json\/wp\/v2\/categories?post=6308"},{"taxonomy":"post_tag","embeddable":true,"href":"https:\/\/www.frederic-poitou.com\/blog\/wp-json\/wp\/v2\/tags?post=6308"}],"curies":[{"name":"wp","href":"https:\/\/api.w.org\/{rel}","templated":true}]}}