{"id":6264,"date":"2023-07-14T14:45:32","date_gmt":"2023-07-14T12:45:32","guid":{"rendered":"http:\/\/www.frederic-poitou.com\/blog\/?p=6264"},"modified":"2026-04-21T01:20:23","modified_gmt":"2026-04-20T23:20:23","slug":"coudoux-accueille-ses-jeuns","status":"publish","type":"post","link":"https:\/\/www.frederic-poitou.com\/blog\/coudoux-accueille-ses-jeuns\/","title":{"rendered":"COUDOUX ACCUEILLE SES \u00ab\u00a0JEUN&rsquo;S\u00a0\u00bb !"},"content":{"rendered":"<p>Une dizaine de jeunes, nouveaux majeurs, avaient r\u00e9pondu pr\u00e9sent \u00e0 l\u2019invitation du CCAS de Coudoux, le 29 Juin dernier autour de quelques pizzas et de jus de fruit.<\/p>\n<p>Le terrain de boules \u00e9tait un lieu id\u00e9al pour ce moment de convivialit\u00e9 interg\u00e9n\u00e9rationnel, o\u00f9 le plus jeune devait avoir tout juste 18 ans et l\u2019a\u00een\u00e9 au moins trois fois plus \u2026<\/p>\n<p>Une sono avait \u00e9t\u00e9 install\u00e9e par Arthur Maho qui r\u00e9gala l\u2019assistance d\u2019une programmation \u00e9clectique.<\/p>\n<p>Martine Atgier, directrice du CCAS avait mis les petits plats dans les grands, avec des chips, des cacahu\u00e8tes et de nombreux rafraichissements.<\/p>\n<p>Les membres du conseil d\u2019administration du CCAS \u00e9taient pr\u00e9sents pour renseigner nos \u00ab\u00a0jeun\u2019s\u00a0\u00bb sur ce qui est pr\u00e9vu pour eux \u00e0 Coudoux et dans le cadre de la Communaut\u00e9 du Pays d\u2019Aix.<\/p>\n<p>Mr le Maire a pris la parole pour remercier toutes les personnes pr\u00e9sentes, et pour rappeler aux nouveaux majeurs que les \u00e9lus et fonctionnaires de la communes sont \u00e0 leur disposition pour r\u00e9pondre \u00e0 leurs questions, leurs attentes, ou mettre en place les outils qui r\u00e9pondent aux probl\u00e8mes qu\u2019ils rencontrent.<\/p>\n<p>De nombreuses bonnes id\u00e9es ont \u00e9t\u00e9 soumises par nos nouveaux majeurs, comme celle par exemple, d\u2019organiser ce moment de rencontre plut\u00f4t au mois d\u2019Octobre, au moment o\u00f9 ils n\u2019ont pas encore trop de travail au Lyc\u00e9e, avant les f\u00eates de No\u00ebl, et surtout avant les r\u00e9visions de fin d\u2019ann\u00e9e scolaire.<\/p>\n<p>Il est aussi apparu important de concentrer de l\u2019\u00e9nergie de la commission \u00ab\u00a0jeunes\u00a0\u00bb, sur la mise en r\u00e9seau dans le cadre de recherche d\u2019emploi, ou de stage.<\/p>\n<p>Merci \u00e0 Martine Atgier pour son implication, aux b\u00e9n\u00e9voles et aux \u00e9lus pour leur participation.<\/p>\n<p>En bref, une excellente initiative, un moment \u00e0 institutionnaliser, des rencontres \u00e0 organiser de nouveau\u00a0!<\/p>\n<p><img loading=\"lazy\" decoding=\"async\" class=\"aligncenter size-full wp-image-6265\" title=\"DSCF3821\" src=\"http:\/\/www.frederic-poitou.com\/blog\/wp-content\/DSCF3821.jpg\" alt=\"DSCF3821\" width=\"640\" height=\"480\" srcset=\"https:\/\/www.frederic-poitou.com\/blog\/wp-content\/DSCF3821.jpg 640w, https:\/\/www.frederic-poitou.com\/blog\/wp-content\/DSCF3821-300x225.jpg 300w\" sizes=\"auto, (max-width: 640px) 100vw, 640px\" \/><\/p>\n<p style=\"text-align: center;\"><img loading=\"lazy\" decoding=\"async\" class=\"aligncenter size-full wp-image-6266\" title=\"affiche\" src=\"http:\/\/www.frederic-poitou.com\/blog\/wp-content\/affiche2.jpeg\" alt=\"affiche\" width=\"595\" height=\"842\" srcset=\"https:\/\/www.frederic-poitou.com\/blog\/wp-content\/affiche2.jpeg 595w, https:\/\/www.frederic-poitou.com\/blog\/wp-content\/affiche2-211x300.jpg 211w\" sizes=\"auto, (max-width: 595px) 100vw, 595px\" \/><\/p>\n","protected":false},"excerpt":{"rendered":"<p>Une dizaine de jeunes, nouveaux majeurs, avaient r\u00e9pondu pr\u00e9sent \u00e0 l\u2019invitation du CCAS de Coudoux, le 29 Juin dernier autour de quelques pizzas et de jus de fruit. Le terrain de boules \u00e9tait un lieu id\u00e9al pour ce moment de &hellip; <a href=\"https:\/\/www.frederic-poitou.com\/blog\/coudoux-accueille-ses-jeuns\/\">Lire la suite\u00ad\u00ad<\/a><\/p>\n","protected":false},"author":4,"featured_media":0,"comment_status":"closed","ping_status":"closed","sticky":false,"template":"","format":"standard","meta":{"kt_blocks_editor_width":"","_exactmetrics_skip_tracking":false,"_exactmetrics_sitenote_active":false,"_exactmetrics_sitenote_note":"","_exactmetrics_sitenote_category":0,"footnotes":""},"categories":[48],"tags":[27],"class_list":["post-6264","post","type-post","status-publish","format-standard","hentry","category-accueil","tag-actualite"],"yoast_head":"<!-- This site is optimized with the Yoast SEO plugin v27.1.1 - https:\/\/yoast.com\/product\/yoast-seo-wordpress\/ -->\n<title>COUDOUX ACCUEILLE SES &quot;JEUN&#039;S&quot; ! -<\/title>\n<meta name=\"robots\" content=\"index, follow, max-snippet:-1, max-image-preview:large, max-video-preview:-1\" \/>\n<link rel=\"canonical\" href=\"https:\/\/www.frederic-poitou.com\/blog\/coudoux-accueille-ses-jeuns\/\" \/>\n<meta property=\"og:locale\" content=\"fr_FR\" \/>\n<meta property=\"og:type\" content=\"article\" \/>\n<meta property=\"og:title\" content=\"COUDOUX ACCUEILLE SES &quot;JEUN&#039;S&quot; ! -\" \/>\n<meta property=\"og:description\" content=\"Une dizaine de jeunes, nouveaux majeurs, avaient r\u00e9pondu pr\u00e9sent \u00e0 l\u2019invitation du CCAS de Coudoux, le 29 Juin dernier autour de quelques pizzas et de jus de fruit. Le terrain de boules \u00e9tait un lieu id\u00e9al pour ce moment de &hellip; Lire la suite\u00ad\u00ad\" \/>\n<meta property=\"og:url\" content=\"https:\/\/www.frederic-poitou.com\/blog\/coudoux-accueille-ses-jeuns\/\" \/>\n<meta property=\"article:publisher\" content=\"https:\/\/www.facebook.com\/frederic.poitou\/\" \/>\n<meta property=\"article:published_time\" content=\"2023-07-14T12:45:32+00:00\" \/>\n<meta property=\"article:modified_time\" content=\"2026-04-20T23:20:23+00:00\" \/>\n<meta property=\"og:image\" content=\"http:\/\/www.frederic-poitou.com\/blog\/wp-content\/DSCF3821.jpg\" \/>\n<meta name=\"author\" content=\"Fr\u00e9d\u00e9ric Poitou\" \/>\n<meta name=\"twitter:card\" content=\"summary_large_image\" \/>\n<meta name=\"twitter:creator\" content=\"@fredericpoitou\" \/>\n<meta name=\"twitter:site\" content=\"@fredericpoitou\" \/>\n<meta name=\"twitter:label1\" content=\"\u00c9crit par\" \/>\n\t<meta name=\"twitter:data1\" content=\"Fr\u00e9d\u00e9ric Poitou\" \/>\n\t<meta name=\"twitter:label2\" content=\"Dur\u00e9e de lecture estim\u00e9e\" \/>\n\t<meta name=\"twitter:data2\" content=\"2 minutes\" \/>\n<script type=\"application\/ld+json\" class=\"yoast-schema-graph\">{\"@context\":\"https:\/\/schema.org\",\"@graph\":[{\"@type\":\"Article\",\"@id\":\"https:\/\/www.frederic-poitou.com\/blog\/coudoux-accueille-ses-jeuns\/#article\",\"isPartOf\":{\"@id\":\"https:\/\/www.frederic-poitou.com\/blog\/coudoux-accueille-ses-jeuns\/\"},\"author\":{\"name\":\"Fr\u00e9d\u00e9ric Poitou\",\"@id\":\"http:\/\/www.frederic-poitou.com\/blog\/#\/schema\/person\/e2c2d05e978747818533fdce859a7799\"},\"headline\":\"COUDOUX ACCUEILLE SES \u00ab\u00a0JEUN&rsquo;S\u00a0\u00bb !\",\"datePublished\":\"2023-07-14T12:45:32+00:00\",\"dateModified\":\"2026-04-20T23:20:23+00:00\",\"mainEntityOfPage\":{\"@id\":\"https:\/\/www.frederic-poitou.com\/blog\/coudoux-accueille-ses-jeuns\/\"},\"wordCount\":319,\"image\":{\"@id\":\"https:\/\/www.frederic-poitou.com\/blog\/coudoux-accueille-ses-jeuns\/#primaryimage\"},\"thumbnailUrl\":\"http:\/\/www.frederic-poitou.com\/blog\/wp-content\/DSCF3821.jpg\",\"keywords\":[\"Actualit\u00e9\"],\"articleSection\":[\"Accueil\"],\"inLanguage\":\"fr-FR\"},{\"@type\":\"WebPage\",\"@id\":\"https:\/\/www.frederic-poitou.com\/blog\/coudoux-accueille-ses-jeuns\/\",\"url\":\"https:\/\/www.frederic-poitou.com\/blog\/coudoux-accueille-ses-jeuns\/\",\"name\":\"COUDOUX ACCUEILLE SES \\\"JEUN'S\\\" ! -\",\"isPartOf\":{\"@id\":\"http:\/\/www.frederic-poitou.com\/blog\/#website\"},\"primaryImageOfPage\":{\"@id\":\"https:\/\/www.frederic-poitou.com\/blog\/coudoux-accueille-ses-jeuns\/#primaryimage\"},\"image\":{\"@id\":\"https:\/\/www.frederic-poitou.com\/blog\/coudoux-accueille-ses-jeuns\/#primaryimage\"},\"thumbnailUrl\":\"http:\/\/www.frederic-poitou.com\/blog\/wp-content\/DSCF3821.jpg\",\"datePublished\":\"2023-07-14T12:45:32+00:00\",\"dateModified\":\"2026-04-20T23:20:23+00:00\",\"author\":{\"@id\":\"http:\/\/www.frederic-poitou.com\/blog\/#\/schema\/person\/e2c2d05e978747818533fdce859a7799\"},\"breadcrumb\":{\"@id\":\"https:\/\/www.frederic-poitou.com\/blog\/coudoux-accueille-ses-jeuns\/#breadcrumb\"},\"inLanguage\":\"fr-FR\",\"potentialAction\":[{\"@type\":\"ReadAction\",\"target\":[\"https:\/\/www.frederic-poitou.com\/blog\/coudoux-accueille-ses-jeuns\/\"]}]},{\"@type\":\"ImageObject\",\"inLanguage\":\"fr-FR\",\"@id\":\"https:\/\/www.frederic-poitou.com\/blog\/coudoux-accueille-ses-jeuns\/#primaryimage\",\"url\":\"https:\/\/www.frederic-poitou.com\/blog\/wp-content\/DSCF3821.jpg\",\"contentUrl\":\"https:\/\/www.frederic-poitou.com\/blog\/wp-content\/DSCF3821.jpg\",\"width\":\"640\",\"height\":\"480\"},{\"@type\":\"BreadcrumbList\",\"@id\":\"https:\/\/www.frederic-poitou.com\/blog\/coudoux-accueille-ses-jeuns\/#breadcrumb\",\"itemListElement\":[{\"@type\":\"ListItem\",\"position\":1,\"name\":\"Accueil\",\"item\":\"http:\/\/www.frederic-poitou.com\/blog\/\"},{\"@type\":\"ListItem\",\"position\":2,\"name\":\"COUDOUX ACCUEILLE SES \u00ab\u00a0JEUN&rsquo;S\u00a0\u00bb !\"}]},{\"@type\":\"WebSite\",\"@id\":\"http:\/\/www.frederic-poitou.com\/blog\/#website\",\"url\":\"http:\/\/www.frederic-poitou.com\/blog\/\",\"name\":\"\",\"description\":\"\",\"potentialAction\":[{\"@type\":\"SearchAction\",\"target\":{\"@type\":\"EntryPoint\",\"urlTemplate\":\"http:\/\/www.frederic-poitou.com\/blog\/?s={search_term_string}\"},\"query-input\":{\"@type\":\"PropertyValueSpecification\",\"valueRequired\":true,\"valueName\":\"search_term_string\"}}],\"inLanguage\":\"fr-FR\"},{\"@type\":\"Person\",\"@id\":\"http:\/\/www.frederic-poitou.com\/blog\/#\/schema\/person\/e2c2d05e978747818533fdce859a7799\",\"name\":\"Fr\u00e9d\u00e9ric Poitou\",\"image\":{\"@type\":\"ImageObject\",\"inLanguage\":\"fr-FR\",\"@id\":\"http:\/\/www.frederic-poitou.com\/blog\/#\/schema\/person\/image\/\",\"url\":\"https:\/\/secure.gravatar.com\/avatar\/1933bcca279a2feafd35d9e0a080c521e11beb51115fe4cfe02e2586ac13424a?s=96&d=mm&r=g\",\"contentUrl\":\"https:\/\/secure.gravatar.com\/avatar\/1933bcca279a2feafd35d9e0a080c521e11beb51115fe4cfe02e2586ac13424a?s=96&d=mm&r=g\",\"caption\":\"Fr\u00e9d\u00e9ric Poitou\"},\"description\":\"Fr\u00e9d\u00e9ric Poitou est n\u00e9 \u00e0 Rouen, et y a fait des \u00e9tudes au Conservatoire en musique-\u00e9tudes en section piano. Il s'est ensuite orient\u00e9 vers des \u00e9tudes scientifiques o\u00f9 il a obtenu un dipl\u00f4me d'ing\u00e9nieur, puis un doctorat en Chimie. Il est Expert Judiciaire en France, en Belgique et \u00e0 Luxembourg, et agr\u00e9e par les Institutions Europ\u00e9ennes.\",\"sameAs\":[\"http:\/\/www.frederic-poitou.com\",\"https:\/\/www.linkedin.com\/in\/frederic-poitou-b045a025\/\"]}]}<\/script>\n<!-- \/ Yoast SEO plugin. -->","yoast_head_json":{"title":"COUDOUX ACCUEILLE SES \"JEUN'S\" ! -","robots":{"index":"index","follow":"follow","max-snippet":"max-snippet:-1","max-image-preview":"max-image-preview:large","max-video-preview":"max-video-preview:-1"},"canonical":"https:\/\/www.frederic-poitou.com\/blog\/coudoux-accueille-ses-jeuns\/","og_locale":"fr_FR","og_type":"article","og_title":"COUDOUX ACCUEILLE SES \"JEUN'S\" ! -","og_description":"Une dizaine de jeunes, nouveaux majeurs, avaient r\u00e9pondu pr\u00e9sent \u00e0 l\u2019invitation du CCAS de Coudoux, le 29 Juin dernier autour de quelques pizzas et de jus de fruit. Le terrain de boules \u00e9tait un lieu id\u00e9al pour ce moment de &hellip; Lire la suite\u00ad\u00ad","og_url":"https:\/\/www.frederic-poitou.com\/blog\/coudoux-accueille-ses-jeuns\/","article_publisher":"https:\/\/www.facebook.com\/frederic.poitou\/","article_published_time":"2023-07-14T12:45:32+00:00","article_modified_time":"2026-04-20T23:20:23+00:00","og_image":[{"url":"http:\/\/www.frederic-poitou.com\/blog\/wp-content\/DSCF3821.jpg","type":"","width":"","height":""}],"author":"Fr\u00e9d\u00e9ric Poitou","twitter_card":"summary_large_image","twitter_creator":"@fredericpoitou","twitter_site":"@fredericpoitou","twitter_misc":{"\u00c9crit par":"Fr\u00e9d\u00e9ric Poitou","Dur\u00e9e de lecture estim\u00e9e":"2 minutes"},"schema":{"@context":"https:\/\/schema.org","@graph":[{"@type":"Article","@id":"https:\/\/www.frederic-poitou.com\/blog\/coudoux-accueille-ses-jeuns\/#article","isPartOf":{"@id":"https:\/\/www.frederic-poitou.com\/blog\/coudoux-accueille-ses-jeuns\/"},"author":{"name":"Fr\u00e9d\u00e9ric Poitou","@id":"http:\/\/www.frederic-poitou.com\/blog\/#\/schema\/person\/e2c2d05e978747818533fdce859a7799"},"headline":"COUDOUX ACCUEILLE SES \u00ab\u00a0JEUN&rsquo;S\u00a0\u00bb !","datePublished":"2023-07-14T12:45:32+00:00","dateModified":"2026-04-20T23:20:23+00:00","mainEntityOfPage":{"@id":"https:\/\/www.frederic-poitou.com\/blog\/coudoux-accueille-ses-jeuns\/"},"wordCount":319,"image":{"@id":"https:\/\/www.frederic-poitou.com\/blog\/coudoux-accueille-ses-jeuns\/#primaryimage"},"thumbnailUrl":"http:\/\/www.frederic-poitou.com\/blog\/wp-content\/DSCF3821.jpg","keywords":["Actualit\u00e9"],"articleSection":["Accueil"],"inLanguage":"fr-FR"},{"@type":"WebPage","@id":"https:\/\/www.frederic-poitou.com\/blog\/coudoux-accueille-ses-jeuns\/","url":"https:\/\/www.frederic-poitou.com\/blog\/coudoux-accueille-ses-jeuns\/","name":"COUDOUX ACCUEILLE SES \"JEUN'S\" ! -","isPartOf":{"@id":"http:\/\/www.frederic-poitou.com\/blog\/#website"},"primaryImageOfPage":{"@id":"https:\/\/www.frederic-poitou.com\/blog\/coudoux-accueille-ses-jeuns\/#primaryimage"},"image":{"@id":"https:\/\/www.frederic-poitou.com\/blog\/coudoux-accueille-ses-jeuns\/#primaryimage"},"thumbnailUrl":"http:\/\/www.frederic-poitou.com\/blog\/wp-content\/DSCF3821.jpg","datePublished":"2023-07-14T12:45:32+00:00","dateModified":"2026-04-20T23:20:23+00:00","author":{"@id":"http:\/\/www.frederic-poitou.com\/blog\/#\/schema\/person\/e2c2d05e978747818533fdce859a7799"},"breadcrumb":{"@id":"https:\/\/www.frederic-poitou.com\/blog\/coudoux-accueille-ses-jeuns\/#breadcrumb"},"inLanguage":"fr-FR","potentialAction":[{"@type":"ReadAction","target":["https:\/\/www.frederic-poitou.com\/blog\/coudoux-accueille-ses-jeuns\/"]}]},{"@type":"ImageObject","inLanguage":"fr-FR","@id":"https:\/\/www.frederic-poitou.com\/blog\/coudoux-accueille-ses-jeuns\/#primaryimage","url":"https:\/\/www.frederic-poitou.com\/blog\/wp-content\/DSCF3821.jpg","contentUrl":"https:\/\/www.frederic-poitou.com\/blog\/wp-content\/DSCF3821.jpg","width":"640","height":"480"},{"@type":"BreadcrumbList","@id":"https:\/\/www.frederic-poitou.com\/blog\/coudoux-accueille-ses-jeuns\/#breadcrumb","itemListElement":[{"@type":"ListItem","position":1,"name":"Accueil","item":"http:\/\/www.frederic-poitou.com\/blog\/"},{"@type":"ListItem","position":2,"name":"COUDOUX ACCUEILLE SES \u00ab\u00a0JEUN&rsquo;S\u00a0\u00bb !"}]},{"@type":"WebSite","@id":"http:\/\/www.frederic-poitou.com\/blog\/#website","url":"http:\/\/www.frederic-poitou.com\/blog\/","name":"","description":"","potentialAction":[{"@type":"SearchAction","target":{"@type":"EntryPoint","urlTemplate":"http:\/\/www.frederic-poitou.com\/blog\/?s={search_term_string}"},"query-input":{"@type":"PropertyValueSpecification","valueRequired":true,"valueName":"search_term_string"}}],"inLanguage":"fr-FR"},{"@type":"Person","@id":"http:\/\/www.frederic-poitou.com\/blog\/#\/schema\/person\/e2c2d05e978747818533fdce859a7799","name":"Fr\u00e9d\u00e9ric Poitou","image":{"@type":"ImageObject","inLanguage":"fr-FR","@id":"http:\/\/www.frederic-poitou.com\/blog\/#\/schema\/person\/image\/","url":"https:\/\/secure.gravatar.com\/avatar\/1933bcca279a2feafd35d9e0a080c521e11beb51115fe4cfe02e2586ac13424a?s=96&d=mm&r=g","contentUrl":"https:\/\/secure.gravatar.com\/avatar\/1933bcca279a2feafd35d9e0a080c521e11beb51115fe4cfe02e2586ac13424a?s=96&d=mm&r=g","caption":"Fr\u00e9d\u00e9ric Poitou"},"description":"Fr\u00e9d\u00e9ric Poitou est n\u00e9 \u00e0 Rouen, et y a fait des \u00e9tudes au Conservatoire en musique-\u00e9tudes en section piano. Il s'est ensuite orient\u00e9 vers des \u00e9tudes scientifiques o\u00f9 il a obtenu un dipl\u00f4me d'ing\u00e9nieur, puis un doctorat en Chimie. Il est Expert Judiciaire en France, en Belgique et \u00e0 Luxembourg, et agr\u00e9e par les Institutions Europ\u00e9ennes.","sameAs":["http:\/\/www.frederic-poitou.com","https:\/\/www.linkedin.com\/in\/frederic-poitou-b045a025\/"]}]}},"_links":{"self":[{"href":"https:\/\/www.frederic-poitou.com\/blog\/wp-json\/wp\/v2\/posts\/6264","targetHints":{"allow":["GET"]}}],"collection":[{"href":"https:\/\/www.frederic-poitou.com\/blog\/wp-json\/wp\/v2\/posts"}],"about":[{"href":"https:\/\/www.frederic-poitou.com\/blog\/wp-json\/wp\/v2\/types\/post"}],"author":[{"embeddable":true,"href":"https:\/\/www.frederic-poitou.com\/blog\/wp-json\/wp\/v2\/users\/4"}],"replies":[{"embeddable":true,"href":"https:\/\/www.frederic-poitou.com\/blog\/wp-json\/wp\/v2\/comments?post=6264"}],"version-history":[{"count":1,"href":"https:\/\/www.frederic-poitou.com\/blog\/wp-json\/wp\/v2\/posts\/6264\/revisions"}],"predecessor-version":[{"id":10295,"href":"https:\/\/www.frederic-poitou.com\/blog\/wp-json\/wp\/v2\/posts\/6264\/revisions\/10295"}],"wp:attachment":[{"href":"https:\/\/www.frederic-poitou.com\/blog\/wp-json\/wp\/v2\/media?parent=6264"}],"wp:term":[{"taxonomy":"category","embeddable":true,"href":"https:\/\/www.frederic-poitou.com\/blog\/wp-json\/wp\/v2\/categories?post=6264"},{"taxonomy":"post_tag","embeddable":true,"href":"https:\/\/www.frederic-poitou.com\/blog\/wp-json\/wp\/v2\/tags?post=6264"}],"curies":[{"name":"wp","href":"https:\/\/api.w.org\/{rel}","templated":true}]}}