{"id":6212,"date":"2023-07-13T17:21:32","date_gmt":"2023-07-13T15:21:32","guid":{"rendered":"http:\/\/www.frederic-poitou.com\/blog\/?p=6212"},"modified":"2026-04-10T05:46:12","modified_gmt":"2026-04-10T03:46:12","slug":"la-poste-roule-en-voitures-nucleaires","status":"publish","type":"post","link":"https:\/\/www.frederic-poitou.com\/blog\/la-poste-roule-en-voitures-nucleaires\/","title":{"rendered":"LA POSTE ROULE EN VOITURES NUCLEAIRES"},"content":{"rendered":"<p><img loading=\"lazy\" decoding=\"async\" class=\"alignleft size-full wp-image-6213\" style=\"margin: 20px;\" title=\"JDE_REN_POSTE01\" src=\"http:\/\/www.frederic-poitou.com\/blog\/wp-content\/88059_poste01-jdr01.jpg\" alt=\"JDE_REN_POSTE01\" width=\"539\" height=\"321\" srcset=\"https:\/\/www.frederic-poitou.com\/blog\/wp-content\/88059_poste01-jdr01.jpg 539w, https:\/\/www.frederic-poitou.com\/blog\/wp-content\/88059_poste01-jdr01-300x178.jpg 300w\" sizes=\"auto, (max-width: 539px) 100vw, 539px\" \/>Exp\u00e9rience personnelle : Ce matin, en allant \u00e0 la poste professionnelle des Milles (13100), l&rsquo;\u00e9quipe \u00e9tait toute fi\u00e8re de pr\u00e9senter aux usagers la toute nouvelle flotte de v\u00e9hicules \u00e9lectriques.<br \/>\nEn effet, une dizaine de jolis quads jaunes \u00e9taient pr\u00e9sent\u00e9s de mani\u00e8re ostentatoire devant la porte. Le dispositif compl\u00e8te la nouvelle offre commerciale de la poste, le \u00ab\u00a0timbre vert\u00a0\u00bb.<br \/>\nMa remarque n&rsquo;est pas destin\u00e9e aux employ\u00e9s de la poste, tous aussi aimables et serviables les uns que les autres, mais plut\u00f4t \u00e0 la Direction G\u00e9n\u00e9rale de la Poste qui, non contente de les inciter \u00e0 vous vendre des produits tr\u00e8s largement sur-dimensionn\u00e9s par rapport \u00e0 votre besoin, leur inculque un discours entreprise trompeur.<\/p>\n<p>Demandez donc \u00e0 un postier ce que sont les \u00ab\u00a0timbres verts\u00a0\u00bb &#8230;<\/p>\n<p><em>\u00ab\u00a0Propos\u00e9 \u00e0 tous, particuliers comme professionnels, ce timbre \u00e9conomique et plus rapide se veut aussi \u00ab\u00a0\u00e9cologique avec 30 % en moins d&rsquo;\u00e9missions de Co\u00bb car d\u00e9sormais vos \u00ab\u00a0lettres vertes\u00a0\u00bb prendront le train et plus l&rsquo;avion\u00a0\u00bb<\/em>. M\u00eame pour aller en Corse, ou dans les Dom Tom ? Bref.<\/p>\n<p>Demandez lui ensuite, pourquoi des v\u00e9hicules \u00e9lectriques.<\/p>\n<p><em>\u00ab\u00a0parce que c&rsquo;est moins polluant\u00a0\u00bb<\/em><\/p>\n<p>Ah ouais ? Et dites moi, non seulement l&rsquo;ADEME dans une \u00e9tude, a calcul\u00e9 que le bilan carbone d&rsquo;une voiture \u00e9lectrique \u00e9tait quasiment le m\u00eame que celui d&rsquo;une voiture thermique.<\/p>\n<p>En second lieu, l&rsquo;\u00e9lectricit\u00e9 est en grande partie d&rsquo;origine thermique (donc productrice de CO2) ou nucl\u00e9raire (donc productrice de d\u00e9chets \u00e0 retraiter).<br \/>\n<span style=\"color: #ffffff;\"> &#8211;<\/span><\/p>\n<p>Bref. La vraie r\u00e9ponse, tant pour le timbre, que pour les voitures, est que la Poste tente de doper ses ventes en utilisant la vague verte, pour des raisons de marketing, rien de plus.<br \/>\nLa seule bonne nouvelle, c&rsquo;est que , m\u00eame si le timbre, ou la voiture ne sont pas vraiment \u00e9colo, ils r\u00e9v\u00e8lent que la prise de conscience de l&rsquo;int\u00e9r\u00eat de prot\u00e9ger la plan\u00e8te est enfin r\u00e9elle, et m\u00eame si les m\u00e9thodes mises en oeuvre ne sont pas encore vraiment les bonnes, ca va venir ! Quand j&rsquo;\u00e9tais gosse, mon facteur amenait le courrier en v\u00e9lo &#8230;<br \/>\n<span style=\"color: #ffffff;\">&#8211;<\/span><\/p>\n<p><span style=\"color: #ffffff;\">&#8211;<\/span><\/p>\n<p><span style=\"color: #ffffff;\">&#8211;<\/span><br \/>\nFr\u00e9d\u00e9ric<\/p>\n<p><span style=\"color: #ffffff;\">&#8211;<\/span><\/p>\n<p><span style=\"color: #ffffff;\">&#8211;<\/span><\/p>\n<p><span style=\"color: #ffffff;\">&#8211;<\/span><\/p>\n<p style=\"text-align: center;\"><img loading=\"lazy\" decoding=\"async\" class=\"size-full wp-image-6217 aligncenter\" title=\"bienvenue-chez-les-ch-tis-27-02-2008-11-g\" src=\"http:\/\/www.frederic-poitou.com\/blog\/wp-content\/bienvenue-chez-les-ch-tis-27-02-2008-11-g.jpg\" alt=\"bienvenue-chez-les-ch-tis-27-02-2008-11-g\" width=\"540\" height=\"360\" \/><\/p>\n","protected":false},"excerpt":{"rendered":"<p>Exp\u00e9rience personnelle : Ce matin, en allant \u00e0 la poste professionnelle des Milles (13100), l&rsquo;\u00e9quipe \u00e9tait toute fi\u00e8re de pr\u00e9senter aux usagers la toute nouvelle flotte de v\u00e9hicules \u00e9lectriques. En effet, une dizaine de jolis quads jaunes \u00e9taient pr\u00e9sent\u00e9s de &hellip; <a href=\"https:\/\/www.frederic-poitou.com\/blog\/la-poste-roule-en-voitures-nucleaires\/\">Lire la suite\u00ad\u00ad<\/a><\/p>\n","protected":false},"author":4,"featured_media":0,"comment_status":"closed","ping_status":"closed","sticky":false,"template":"","format":"standard","meta":{"kt_blocks_editor_width":"","_exactmetrics_skip_tracking":false,"_exactmetrics_sitenote_active":false,"_exactmetrics_sitenote_note":"","_exactmetrics_sitenote_category":0,"footnotes":""},"categories":[1],"tags":[50],"class_list":["post-6212","post","type-post","status-publish","format-standard","hentry","category-politique-economie","tag-politique-economie"],"yoast_head":"<!-- This site is optimized with the Yoast SEO plugin v27.1.1 - https:\/\/yoast.com\/product\/yoast-seo-wordpress\/ -->\n<title>LA POSTE ROULE EN VOITURES NUCLEAIRES -<\/title>\n<meta name=\"robots\" content=\"index, follow, max-snippet:-1, max-image-preview:large, max-video-preview:-1\" \/>\n<link rel=\"canonical\" href=\"http:\/\/www.frederic-poitou.com\/blog\/la-poste-roule-en-voitures-nucleaires\/\" \/>\n<meta property=\"og:locale\" content=\"fr_FR\" \/>\n<meta property=\"og:type\" content=\"article\" \/>\n<meta property=\"og:title\" content=\"LA POSTE ROULE EN VOITURES NUCLEAIRES -\" \/>\n<meta property=\"og:description\" content=\"Exp\u00e9rience personnelle : Ce matin, en allant \u00e0 la poste professionnelle des Milles (13100), l&rsquo;\u00e9quipe \u00e9tait toute fi\u00e8re de pr\u00e9senter aux usagers la toute nouvelle flotte de v\u00e9hicules \u00e9lectriques. En effet, une dizaine de jolis quads jaunes \u00e9taient pr\u00e9sent\u00e9s de &hellip; Lire la suite\u00ad\u00ad\" \/>\n<meta property=\"og:url\" content=\"http:\/\/www.frederic-poitou.com\/blog\/la-poste-roule-en-voitures-nucleaires\/\" \/>\n<meta property=\"article:publisher\" content=\"https:\/\/www.facebook.com\/frederic.poitou\/\" \/>\n<meta property=\"article:published_time\" content=\"2023-07-13T15:21:32+00:00\" \/>\n<meta property=\"article:modified_time\" content=\"2026-04-10T03:46:12+00:00\" \/>\n<meta property=\"og:image\" content=\"http:\/\/www.frederic-poitou.com\/blog\/wp-content\/88059_poste01-jdr01.jpg\" \/>\n<meta name=\"author\" content=\"Fr\u00e9d\u00e9ric Poitou\" \/>\n<meta name=\"twitter:card\" content=\"summary_large_image\" \/>\n<meta name=\"twitter:creator\" content=\"@fredericpoitou\" \/>\n<meta name=\"twitter:site\" content=\"@fredericpoitou\" \/>\n<meta name=\"twitter:label1\" content=\"\u00c9crit par\" \/>\n\t<meta name=\"twitter:data1\" content=\"Fr\u00e9d\u00e9ric Poitou\" \/>\n\t<meta name=\"twitter:label2\" content=\"Dur\u00e9e de lecture estim\u00e9e\" \/>\n\t<meta name=\"twitter:data2\" content=\"2 minutes\" \/>\n<script type=\"application\/ld+json\" class=\"yoast-schema-graph\">{\"@context\":\"https:\/\/schema.org\",\"@graph\":[{\"@type\":\"Article\",\"@id\":\"http:\/\/www.frederic-poitou.com\/blog\/la-poste-roule-en-voitures-nucleaires\/#article\",\"isPartOf\":{\"@id\":\"http:\/\/www.frederic-poitou.com\/blog\/la-poste-roule-en-voitures-nucleaires\/\"},\"author\":{\"name\":\"Fr\u00e9d\u00e9ric Poitou\",\"@id\":\"http:\/\/www.frederic-poitou.com\/blog\/#\/schema\/person\/e2c2d05e978747818533fdce859a7799\"},\"headline\":\"LA POSTE ROULE EN VOITURES NUCLEAIRES\",\"datePublished\":\"2023-07-13T15:21:32+00:00\",\"dateModified\":\"2026-04-10T03:46:12+00:00\",\"mainEntityOfPage\":{\"@id\":\"http:\/\/www.frederic-poitou.com\/blog\/la-poste-roule-en-voitures-nucleaires\/\"},\"wordCount\":378,\"image\":{\"@id\":\"http:\/\/www.frederic-poitou.com\/blog\/la-poste-roule-en-voitures-nucleaires\/#primaryimage\"},\"thumbnailUrl\":\"http:\/\/www.frederic-poitou.com\/blog\/wp-content\/88059_poste01-jdr01.jpg\",\"keywords\":[\"Divers\"],\"articleSection\":[\"Divers\"],\"inLanguage\":\"fr-FR\"},{\"@type\":\"WebPage\",\"@id\":\"http:\/\/www.frederic-poitou.com\/blog\/la-poste-roule-en-voitures-nucleaires\/\",\"url\":\"http:\/\/www.frederic-poitou.com\/blog\/la-poste-roule-en-voitures-nucleaires\/\",\"name\":\"LA POSTE ROULE EN VOITURES NUCLEAIRES -\",\"isPartOf\":{\"@id\":\"http:\/\/www.frederic-poitou.com\/blog\/#website\"},\"primaryImageOfPage\":{\"@id\":\"http:\/\/www.frederic-poitou.com\/blog\/la-poste-roule-en-voitures-nucleaires\/#primaryimage\"},\"image\":{\"@id\":\"http:\/\/www.frederic-poitou.com\/blog\/la-poste-roule-en-voitures-nucleaires\/#primaryimage\"},\"thumbnailUrl\":\"http:\/\/www.frederic-poitou.com\/blog\/wp-content\/88059_poste01-jdr01.jpg\",\"datePublished\":\"2023-07-13T15:21:32+00:00\",\"dateModified\":\"2026-04-10T03:46:12+00:00\",\"author\":{\"@id\":\"http:\/\/www.frederic-poitou.com\/blog\/#\/schema\/person\/e2c2d05e978747818533fdce859a7799\"},\"breadcrumb\":{\"@id\":\"http:\/\/www.frederic-poitou.com\/blog\/la-poste-roule-en-voitures-nucleaires\/#breadcrumb\"},\"inLanguage\":\"fr-FR\",\"potentialAction\":[{\"@type\":\"ReadAction\",\"target\":[\"http:\/\/www.frederic-poitou.com\/blog\/la-poste-roule-en-voitures-nucleaires\/\"]}]},{\"@type\":\"ImageObject\",\"inLanguage\":\"fr-FR\",\"@id\":\"http:\/\/www.frederic-poitou.com\/blog\/la-poste-roule-en-voitures-nucleaires\/#primaryimage\",\"url\":\"https:\/\/www.frederic-poitou.com\/blog\/wp-content\/88059_poste01-jdr01.jpg\",\"contentUrl\":\"https:\/\/www.frederic-poitou.com\/blog\/wp-content\/88059_poste01-jdr01.jpg\",\"width\":\"539\",\"height\":\"321\"},{\"@type\":\"BreadcrumbList\",\"@id\":\"http:\/\/www.frederic-poitou.com\/blog\/la-poste-roule-en-voitures-nucleaires\/#breadcrumb\",\"itemListElement\":[{\"@type\":\"ListItem\",\"position\":1,\"name\":\"Accueil\",\"item\":\"http:\/\/www.frederic-poitou.com\/blog\/\"},{\"@type\":\"ListItem\",\"position\":2,\"name\":\"LA POSTE ROULE EN VOITURES NUCLEAIRES\"}]},{\"@type\":\"WebSite\",\"@id\":\"http:\/\/www.frederic-poitou.com\/blog\/#website\",\"url\":\"http:\/\/www.frederic-poitou.com\/blog\/\",\"name\":\"\",\"description\":\"\",\"potentialAction\":[{\"@type\":\"SearchAction\",\"target\":{\"@type\":\"EntryPoint\",\"urlTemplate\":\"http:\/\/www.frederic-poitou.com\/blog\/?s={search_term_string}\"},\"query-input\":{\"@type\":\"PropertyValueSpecification\",\"valueRequired\":true,\"valueName\":\"search_term_string\"}}],\"inLanguage\":\"fr-FR\"},{\"@type\":\"Person\",\"@id\":\"http:\/\/www.frederic-poitou.com\/blog\/#\/schema\/person\/e2c2d05e978747818533fdce859a7799\",\"name\":\"Fr\u00e9d\u00e9ric Poitou\",\"image\":{\"@type\":\"ImageObject\",\"inLanguage\":\"fr-FR\",\"@id\":\"http:\/\/www.frederic-poitou.com\/blog\/#\/schema\/person\/image\/\",\"url\":\"https:\/\/secure.gravatar.com\/avatar\/1933bcca279a2feafd35d9e0a080c521e11beb51115fe4cfe02e2586ac13424a?s=96&d=mm&r=g\",\"contentUrl\":\"https:\/\/secure.gravatar.com\/avatar\/1933bcca279a2feafd35d9e0a080c521e11beb51115fe4cfe02e2586ac13424a?s=96&d=mm&r=g\",\"caption\":\"Fr\u00e9d\u00e9ric Poitou\"},\"description\":\"Fr\u00e9d\u00e9ric Poitou est n\u00e9 \u00e0 Rouen, et y a fait des \u00e9tudes au Conservatoire en musique-\u00e9tudes en section piano. Il s'est ensuite orient\u00e9 vers des \u00e9tudes scientifiques o\u00f9 il a obtenu un dipl\u00f4me d'ing\u00e9nieur, puis un doctorat en Chimie. Il est Expert Judiciaire en France, en Belgique et \u00e0 Luxembourg, et agr\u00e9e par les Institutions Europ\u00e9ennes.\",\"sameAs\":[\"http:\/\/www.frederic-poitou.com\",\"https:\/\/www.linkedin.com\/in\/frederic-poitou-b045a025\/\"]}]}<\/script>\n<!-- \/ Yoast SEO plugin. -->","yoast_head_json":{"title":"LA POSTE ROULE EN VOITURES NUCLEAIRES -","robots":{"index":"index","follow":"follow","max-snippet":"max-snippet:-1","max-image-preview":"max-image-preview:large","max-video-preview":"max-video-preview:-1"},"canonical":"http:\/\/www.frederic-poitou.com\/blog\/la-poste-roule-en-voitures-nucleaires\/","og_locale":"fr_FR","og_type":"article","og_title":"LA POSTE ROULE EN VOITURES NUCLEAIRES -","og_description":"Exp\u00e9rience personnelle : Ce matin, en allant \u00e0 la poste professionnelle des Milles (13100), l&rsquo;\u00e9quipe \u00e9tait toute fi\u00e8re de pr\u00e9senter aux usagers la toute nouvelle flotte de v\u00e9hicules \u00e9lectriques. En effet, une dizaine de jolis quads jaunes \u00e9taient pr\u00e9sent\u00e9s de &hellip; Lire la suite\u00ad\u00ad","og_url":"http:\/\/www.frederic-poitou.com\/blog\/la-poste-roule-en-voitures-nucleaires\/","article_publisher":"https:\/\/www.facebook.com\/frederic.poitou\/","article_published_time":"2023-07-13T15:21:32+00:00","article_modified_time":"2026-04-10T03:46:12+00:00","og_image":[{"url":"http:\/\/www.frederic-poitou.com\/blog\/wp-content\/88059_poste01-jdr01.jpg","type":"","width":"","height":""}],"author":"Fr\u00e9d\u00e9ric Poitou","twitter_card":"summary_large_image","twitter_creator":"@fredericpoitou","twitter_site":"@fredericpoitou","twitter_misc":{"\u00c9crit par":"Fr\u00e9d\u00e9ric Poitou","Dur\u00e9e de lecture estim\u00e9e":"2 minutes"},"schema":{"@context":"https:\/\/schema.org","@graph":[{"@type":"Article","@id":"http:\/\/www.frederic-poitou.com\/blog\/la-poste-roule-en-voitures-nucleaires\/#article","isPartOf":{"@id":"http:\/\/www.frederic-poitou.com\/blog\/la-poste-roule-en-voitures-nucleaires\/"},"author":{"name":"Fr\u00e9d\u00e9ric Poitou","@id":"http:\/\/www.frederic-poitou.com\/blog\/#\/schema\/person\/e2c2d05e978747818533fdce859a7799"},"headline":"LA POSTE ROULE EN VOITURES NUCLEAIRES","datePublished":"2023-07-13T15:21:32+00:00","dateModified":"2026-04-10T03:46:12+00:00","mainEntityOfPage":{"@id":"http:\/\/www.frederic-poitou.com\/blog\/la-poste-roule-en-voitures-nucleaires\/"},"wordCount":378,"image":{"@id":"http:\/\/www.frederic-poitou.com\/blog\/la-poste-roule-en-voitures-nucleaires\/#primaryimage"},"thumbnailUrl":"http:\/\/www.frederic-poitou.com\/blog\/wp-content\/88059_poste01-jdr01.jpg","keywords":["Divers"],"articleSection":["Divers"],"inLanguage":"fr-FR"},{"@type":"WebPage","@id":"http:\/\/www.frederic-poitou.com\/blog\/la-poste-roule-en-voitures-nucleaires\/","url":"http:\/\/www.frederic-poitou.com\/blog\/la-poste-roule-en-voitures-nucleaires\/","name":"LA POSTE ROULE EN VOITURES NUCLEAIRES -","isPartOf":{"@id":"http:\/\/www.frederic-poitou.com\/blog\/#website"},"primaryImageOfPage":{"@id":"http:\/\/www.frederic-poitou.com\/blog\/la-poste-roule-en-voitures-nucleaires\/#primaryimage"},"image":{"@id":"http:\/\/www.frederic-poitou.com\/blog\/la-poste-roule-en-voitures-nucleaires\/#primaryimage"},"thumbnailUrl":"http:\/\/www.frederic-poitou.com\/blog\/wp-content\/88059_poste01-jdr01.jpg","datePublished":"2023-07-13T15:21:32+00:00","dateModified":"2026-04-10T03:46:12+00:00","author":{"@id":"http:\/\/www.frederic-poitou.com\/blog\/#\/schema\/person\/e2c2d05e978747818533fdce859a7799"},"breadcrumb":{"@id":"http:\/\/www.frederic-poitou.com\/blog\/la-poste-roule-en-voitures-nucleaires\/#breadcrumb"},"inLanguage":"fr-FR","potentialAction":[{"@type":"ReadAction","target":["http:\/\/www.frederic-poitou.com\/blog\/la-poste-roule-en-voitures-nucleaires\/"]}]},{"@type":"ImageObject","inLanguage":"fr-FR","@id":"http:\/\/www.frederic-poitou.com\/blog\/la-poste-roule-en-voitures-nucleaires\/#primaryimage","url":"https:\/\/www.frederic-poitou.com\/blog\/wp-content\/88059_poste01-jdr01.jpg","contentUrl":"https:\/\/www.frederic-poitou.com\/blog\/wp-content\/88059_poste01-jdr01.jpg","width":"539","height":"321"},{"@type":"BreadcrumbList","@id":"http:\/\/www.frederic-poitou.com\/blog\/la-poste-roule-en-voitures-nucleaires\/#breadcrumb","itemListElement":[{"@type":"ListItem","position":1,"name":"Accueil","item":"http:\/\/www.frederic-poitou.com\/blog\/"},{"@type":"ListItem","position":2,"name":"LA POSTE ROULE EN VOITURES NUCLEAIRES"}]},{"@type":"WebSite","@id":"http:\/\/www.frederic-poitou.com\/blog\/#website","url":"http:\/\/www.frederic-poitou.com\/blog\/","name":"","description":"","potentialAction":[{"@type":"SearchAction","target":{"@type":"EntryPoint","urlTemplate":"http:\/\/www.frederic-poitou.com\/blog\/?s={search_term_string}"},"query-input":{"@type":"PropertyValueSpecification","valueRequired":true,"valueName":"search_term_string"}}],"inLanguage":"fr-FR"},{"@type":"Person","@id":"http:\/\/www.frederic-poitou.com\/blog\/#\/schema\/person\/e2c2d05e978747818533fdce859a7799","name":"Fr\u00e9d\u00e9ric Poitou","image":{"@type":"ImageObject","inLanguage":"fr-FR","@id":"http:\/\/www.frederic-poitou.com\/blog\/#\/schema\/person\/image\/","url":"https:\/\/secure.gravatar.com\/avatar\/1933bcca279a2feafd35d9e0a080c521e11beb51115fe4cfe02e2586ac13424a?s=96&d=mm&r=g","contentUrl":"https:\/\/secure.gravatar.com\/avatar\/1933bcca279a2feafd35d9e0a080c521e11beb51115fe4cfe02e2586ac13424a?s=96&d=mm&r=g","caption":"Fr\u00e9d\u00e9ric Poitou"},"description":"Fr\u00e9d\u00e9ric Poitou est n\u00e9 \u00e0 Rouen, et y a fait des \u00e9tudes au Conservatoire en musique-\u00e9tudes en section piano. Il s'est ensuite orient\u00e9 vers des \u00e9tudes scientifiques o\u00f9 il a obtenu un dipl\u00f4me d'ing\u00e9nieur, puis un doctorat en Chimie. Il est Expert Judiciaire en France, en Belgique et \u00e0 Luxembourg, et agr\u00e9e par les Institutions Europ\u00e9ennes.","sameAs":["http:\/\/www.frederic-poitou.com","https:\/\/www.linkedin.com\/in\/frederic-poitou-b045a025\/"]}]}},"_links":{"self":[{"href":"https:\/\/www.frederic-poitou.com\/blog\/wp-json\/wp\/v2\/posts\/6212","targetHints":{"allow":["GET"]}}],"collection":[{"href":"https:\/\/www.frederic-poitou.com\/blog\/wp-json\/wp\/v2\/posts"}],"about":[{"href":"https:\/\/www.frederic-poitou.com\/blog\/wp-json\/wp\/v2\/types\/post"}],"author":[{"embeddable":true,"href":"https:\/\/www.frederic-poitou.com\/blog\/wp-json\/wp\/v2\/users\/4"}],"replies":[{"embeddable":true,"href":"https:\/\/www.frederic-poitou.com\/blog\/wp-json\/wp\/v2\/comments?post=6212"}],"version-history":[{"count":1,"href":"https:\/\/www.frederic-poitou.com\/blog\/wp-json\/wp\/v2\/posts\/6212\/revisions"}],"predecessor-version":[{"id":10281,"href":"https:\/\/www.frederic-poitou.com\/blog\/wp-json\/wp\/v2\/posts\/6212\/revisions\/10281"}],"wp:attachment":[{"href":"https:\/\/www.frederic-poitou.com\/blog\/wp-json\/wp\/v2\/media?parent=6212"}],"wp:term":[{"taxonomy":"category","embeddable":true,"href":"https:\/\/www.frederic-poitou.com\/blog\/wp-json\/wp\/v2\/categories?post=6212"},{"taxonomy":"post_tag","embeddable":true,"href":"https:\/\/www.frederic-poitou.com\/blog\/wp-json\/wp\/v2\/tags?post=6212"}],"curies":[{"name":"wp","href":"https:\/\/api.w.org\/{rel}","templated":true}]}}