{"id":6201,"date":"2023-07-13T16:31:32","date_gmt":"2023-07-13T14:31:32","guid":{"rendered":"http:\/\/www.frederic-poitou.com\/blog\/?p=6201"},"modified":"2026-04-10T01:38:31","modified_gmt":"2026-04-09T23:38:31","slug":"jassume-mes-convictions","status":"publish","type":"post","link":"https:\/\/www.frederic-poitou.com\/blog\/jassume-mes-convictions\/","title":{"rendered":"ASSUMER SES CONVICTIONS"},"content":{"rendered":"<p>La politique, c&rsquo;est assumer ses choix en d\u00e9pit des critiques. Et pour ma part, c&rsquo;est aussi faire confiance \u00e0 l&rsquo;humain, plus qu&rsquo;aux \u00e9tiquettes, au fond plus qu&rsquo;\u00e0 la forme, \u00e0 la sinc\u00e9rit\u00e9 des engagements dans la dur\u00e9e, plus qu&rsquo;\u00e0 des d\u00e9rapages de langage.<\/p>\n<p style=\"margin-top: 13px; margin-right: 0px; margin-bottom: 13px; margin-left: 0px; padding: 0px;\">Maryse Joissains a certes un franc parler qui ne lui fait pas que des amis mais elle est profond\u00e9ment sinc\u00e8re et extr\u00eamement efficace tant, dans la gestion de la ville et de la communaut\u00e9 :<br \/>\n&#8211; pas d\u2019augmentation des imp\u00f4ts communaux, un taux de ch\u00f4mage inf\u00e9rieur de presque 5% \u00e0 la moyenne Nationale et de 3% \u00e0 la moyenne r\u00e9gionale, cr\u00e9ation de 3 \u00e9tablissements de 500 m\u00b2 pour loger les centres sociaux, obtention d\u2019un agr\u00e9ment suppl\u00e9mentaire, deux projets ANRU ambitieux, cr\u00e9ation d\u2019\u00e9quipements culturels au rayonnement national et international, 6 nouveaux p\u00f4les de comp\u00e9titivit\u00e9 sur le Pays d\u2019Aix, projet IT\u00c9R, cit\u00e9 des \u00e9nergies renouvelables etc\u2026.<\/p>\n<p style=\"margin-top: 13px; margin-right: 0px; margin-bottom: 13px; margin-left: 0px; padding: 0px;\">que dans la protection du territoire :<br \/>\n&#8211; son combat contre la r\u00e9forme territoriale o\u00f9 son respect et son profond attachement \u00e0 la d\u00e9mocratie locale l\u2019ont pouss\u00e9 \u00e0 aller \u00e0 l\u2019encontre des directives politiques de l\u2019UMP et du Pr\u00e9sident de la R\u00e9publique, son combat pour \u00e9viter que la Sainte Victoire soit massacr\u00e9e par un nouveau trac\u00e9 de LGV, son action pour pr\u00e9server le savoir faire et l\u2019economie de nos viticulteurs contre les normes Europ\u00e9ennes etc\u2026.<\/p>\n<p style=\"margin-top: 13px; margin-right: 0px; margin-bottom: 13px; margin-left: 0px; padding: 0px;\">\n<p style=\"margin-top: 13px; margin-right: 0px; margin-bottom: 13px; margin-left: 0px; padding: 0px;\">Je soutiens Maryse dans ce second tour, particuli\u00e8rement difficile qui lui est propos\u00e9 dans une \u00e9lection dans laquelle elle a \u00e9t\u00e9 trahie par son propre camp, pour des ambitions personnelles, dont les responsables devront rendre des compte \u00e0 un moment ou \u00e0 un autre au Conseil de CPA dont ils sont membres, d\u00e9l\u00e9gataires.<\/p>\n<p style=\"margin-top: 13px; margin-right: 0px; margin-bottom: 13px; margin-left: 0px; padding: 0px;\">\n<p style=\"margin-top: 13px; margin-right: 0px; margin-bottom: 13px; margin-left: 0px; padding: 0px;\">Je me reconnais dans sa franchise, dans ses coups de gueule, tout autant que dans le c\u00f4t\u00e9 terrien, terroir, et \u00ab\u00a0bonhomme\u00a0\u00bb de son suppl\u00e9ant, Christian Burle Maire de Peynier.<\/p>\n<p style=\"margin-top: 13px; margin-right: 0px; margin-bottom: 13px; margin-left: 0px; text-align: center; padding: 0px;\"><img loading=\"lazy\" decoding=\"async\" class=\"aligncenter size-full wp-image-6209\" style=\"margin-top: 10px; margin-bottom: 10px; border: 10px solid black;\" title=\"Maryse\" src=\"http:\/\/www.frederic-poitou.com\/blog\/wp-content\/Maryse1.jpeg\" alt=\"Maryse\" width=\"477\" height=\"674\" srcset=\"https:\/\/www.frederic-poitou.com\/blog\/wp-content\/Maryse1.jpeg 596w, https:\/\/www.frederic-poitou.com\/blog\/wp-content\/Maryse1-212x300.jpg 212w\" sizes=\"auto, (max-width: 477px) 100vw, 477px\" \/><\/p>\n<p style=\"margin-top: 13px; margin-right: 0px; margin-bottom: 13px; margin-left: 0px; padding: 0px;\"><span style=\"color: #ffffff;\">&#8211;<\/span><\/p>\n<p style=\"margin-top: 13px; margin-right: 0px; margin-bottom: 13px; margin-left: 0px; padding: 0px;\"><span style=\"color: #ffffff;\">&#8211;<\/span><\/p>\n<p style=\"margin-top: 13px; margin-right: 0px; margin-bottom: 13px; margin-left: 0px; padding: 0px;\"><span style=\"color: #ffffff;\">&#8211;<\/span><\/p>\n<p style=\"margin-top: 13px; margin-right: 0px; margin-bottom: 13px; margin-left: 0px; padding: 0px;\">\n<p style=\"margin-top: 13px; margin-right: 0px; margin-bottom: 13px; margin-left: 0px; padding: 0px;\">\n<p style=\"margin-top: 13px; margin-right: 0px; margin-bottom: 13px; margin-left: 0px; text-align: center; padding: 0px;\">\n<p style=\"margin-top: 13px; margin-right: 0px; margin-bottom: 13px; margin-left: 0px; text-align: center; padding: 0px;\">\n<p style=\"margin-top: 13px; margin-right: 0px; margin-bottom: 13px; margin-left: 0px; text-align: justify; padding: 0px;\">Dans un autre style, peut-\u00eatre plus proche de mon c\u00f4t\u00e9 Centriste, je soutiens aussi Christian Kert dans la \u00ab\u00a0nouvelle\u00a0\u00bb 11eme circonscription.<\/p>\n<p style=\"margin-top: 13px; margin-right: 0px; margin-bottom: 13px; margin-left: 0px; text-align: justify; padding: 0px;\">Christian est un homme doux, pond\u00e9r\u00e9, accessible, et tr\u00e8s cultiv\u00e9. Chacun de ces discours est l&rsquo;occasion de r\u00e9f\u00e9rences culturelles et historiques souvent surprenantes (hier, St Fran\u00e7ois d&rsquo;Assise !).<\/p>\n<p style=\"margin-top: 13px; margin-right: 0px; margin-bottom: 13px; margin-left: 0px; text-align: justify; padding: 0px;\">\n<p style=\"margin-top: 13px; margin-right: 0px; margin-bottom: 13px; margin-left: 0px; text-align: center; padding: 0px;\"><img loading=\"lazy\" decoding=\"async\" class=\"aligncenter size-full wp-image-6208\" title=\"Christian\" src=\"http:\/\/www.frederic-poitou.com\/blog\/wp-content\/Christian1.jpeg\" alt=\"Christian\" width=\"522\" height=\"719\" srcset=\"https:\/\/www.frederic-poitou.com\/blog\/wp-content\/Christian1.jpeg 652w, https:\/\/www.frederic-poitou.com\/blog\/wp-content\/Christian1-217x300.jpg 217w\" sizes=\"auto, (max-width: 522px) 100vw, 522px\" \/><\/p>\n<p style=\"margin-top: 13px; margin-right: 0px; margin-bottom: 13px; margin-left: 0px; padding: 0px;\"><span style=\"color: #ffffff;\">&#8211;<\/span><\/p>\n<p style=\"margin-top: 13px; margin-right: 0px; margin-bottom: 13px; margin-left: 0px; padding: 0px;\"><span style=\"color: #ffffff;\">&#8211;<\/span><\/p>\n<p style=\"margin-top: 13px; margin-right: 0px; margin-bottom: 13px; margin-left: 0px; padding: 0px;\"><span style=\"color: #ffffff;\">&#8211;<\/span><\/p>\n<p style=\"margin-top: 13px; margin-right: 0px; margin-bottom: 13px; margin-left: 0px; padding: 0px;\"><span style=\"color: #ffffff;\"><br \/>\n<\/span><\/p>\n<p style=\"margin-top: 13px; margin-right: 0px; margin-bottom: 13px; margin-left: 0px; text-align: justify; padding: 0px;\">\n<p style=\"margin-top: 13px; margin-right: 0px; margin-bottom: 13px; margin-left: 0px; text-align: center; padding: 0px;\">\n<p style=\"margin-top: 13px; margin-right: 0px; margin-bottom: 13px; margin-left: 0px; text-align: justify; padding: 0px;\">\n<p style=\"margin-top: 13px; margin-right: 0px; margin-bottom: 13px; margin-left: 0px; text-align: justify; padding: 0px;\">Si j&rsquo;ai choisi de faire campagne sur Aix en Provence, c&rsquo;est que, habitant Coudoux, tout me rapproche de la CPA, (le travail puisque mon entreprise s&rsquo;y trouve, les activit\u00e9s, les loisirs, toutes les commissions dont je suis membre, et la scolarit\u00e9 de mon fils), mais, \u00a0habitant pour l&rsquo;instant la 8eme, je soutiens \u00e9videmment aussi mon copain Nicolas Isnard (tout en esp\u00e9rant qu&rsquo;il me laisse enfin une place aux prochaines territoriales !). Nicolas est un vrai \u00e9lu de terrain et de proximit\u00e9, engag\u00e9 depuis de tr\u00e8s nombreuses ann\u00e9es dans une action politique \u00e0 Salon et dans la circonscription UMP o\u00f9 je suis adh\u00e9rent. Je n&rsquo;ai malheureusement pas trouv\u00e9 son affiche de second tour, mais voici le bandeau de son blog.<\/p>\n<p style=\"margin-top: 13px; margin-right: 0px; margin-bottom: 13px; margin-left: 0px; text-align: justify; padding: 0px;\">\n<p style=\"margin-top: 13px; margin-right: 0px; margin-bottom: 13px; margin-left: 0px; text-align: justify; padding: 0px;\"><img loading=\"lazy\" decoding=\"async\" class=\"aligncenter size-full wp-image-6207\" title=\"banner\" src=\"http:\/\/www.frederic-poitou.com\/blog\/wp-content\/banner.jpg\" alt=\"banner\" width=\"1080\" height=\"138\" srcset=\"https:\/\/www.frederic-poitou.com\/blog\/wp-content\/banner.jpg 1080w, https:\/\/www.frederic-poitou.com\/blog\/wp-content\/banner-300x38.jpg 300w, https:\/\/www.frederic-poitou.com\/blog\/wp-content\/banner-1024x130.jpg 1024w\" sizes=\"auto, (max-width: 1080px) 100vw, 1080px\" \/><\/p>\n<p style=\"margin-top: 13px; margin-right: 0px; margin-bottom: 13px; margin-left: 0px; text-align: center; padding: 0px;\">\n<p style=\"margin-top: 13px; margin-right: 0px; margin-bottom: 13px; margin-left: 0px; text-align: center; padding: 0px;\">\n","protected":false},"excerpt":{"rendered":"<p>La politique, c&rsquo;est assumer ses choix en d\u00e9pit des critiques. Et pour ma part, c&rsquo;est aussi faire confiance \u00e0 l&rsquo;humain, plus qu&rsquo;aux \u00e9tiquettes, au fond plus qu&rsquo;\u00e0 la forme, \u00e0 la sinc\u00e9rit\u00e9 des engagements dans la dur\u00e9e, plus qu&rsquo;\u00e0 des &hellip; <a href=\"https:\/\/www.frederic-poitou.com\/blog\/jassume-mes-convictions\/\">Lire la suite\u00ad\u00ad<\/a><\/p>\n","protected":false},"author":4,"featured_media":0,"comment_status":"closed","ping_status":"closed","sticky":false,"template":"","format":"standard","meta":{"kt_blocks_editor_width":"","_exactmetrics_skip_tracking":false,"_exactmetrics_sitenote_active":false,"_exactmetrics_sitenote_note":"","_exactmetrics_sitenote_category":0,"footnotes":""},"categories":[1],"tags":[50],"class_list":["post-6201","post","type-post","status-publish","format-standard","hentry","category-politique-economie","tag-politique-economie"],"yoast_head":"<!-- This site is optimized with the Yoast SEO plugin v27.1.1 - https:\/\/yoast.com\/product\/yoast-seo-wordpress\/ -->\n<title>ASSUMER SES CONVICTIONS -<\/title>\n<meta name=\"robots\" content=\"index, follow, max-snippet:-1, max-image-preview:large, max-video-preview:-1\" \/>\n<link rel=\"canonical\" href=\"http:\/\/www.frederic-poitou.com\/blog\/jassume-mes-convictions\/\" \/>\n<meta property=\"og:locale\" content=\"fr_FR\" \/>\n<meta property=\"og:type\" content=\"article\" \/>\n<meta property=\"og:title\" content=\"ASSUMER SES CONVICTIONS -\" \/>\n<meta property=\"og:description\" content=\"La politique, c&rsquo;est assumer ses choix en d\u00e9pit des critiques. Et pour ma part, c&rsquo;est aussi faire confiance \u00e0 l&rsquo;humain, plus qu&rsquo;aux \u00e9tiquettes, au fond plus qu&rsquo;\u00e0 la forme, \u00e0 la sinc\u00e9rit\u00e9 des engagements dans la dur\u00e9e, plus qu&rsquo;\u00e0 des &hellip; Lire la suite\u00ad\u00ad\" \/>\n<meta property=\"og:url\" content=\"http:\/\/www.frederic-poitou.com\/blog\/jassume-mes-convictions\/\" \/>\n<meta property=\"article:publisher\" content=\"https:\/\/www.facebook.com\/frederic.poitou\/\" \/>\n<meta property=\"article:published_time\" content=\"2023-07-13T14:31:32+00:00\" \/>\n<meta property=\"article:modified_time\" content=\"2026-04-09T23:38:31+00:00\" \/>\n<meta property=\"og:image\" content=\"http:\/\/www.frederic-poitou.com\/blog\/wp-content\/Maryse1.jpeg\" \/>\n<meta name=\"author\" content=\"Fr\u00e9d\u00e9ric Poitou\" \/>\n<meta name=\"twitter:card\" content=\"summary_large_image\" \/>\n<meta name=\"twitter:creator\" content=\"@fredericpoitou\" \/>\n<meta name=\"twitter:site\" content=\"@fredericpoitou\" \/>\n<meta name=\"twitter:label1\" content=\"\u00c9crit par\" \/>\n\t<meta name=\"twitter:data1\" content=\"Fr\u00e9d\u00e9ric Poitou\" \/>\n\t<meta name=\"twitter:label2\" content=\"Dur\u00e9e de lecture estim\u00e9e\" \/>\n\t<meta name=\"twitter:data2\" content=\"3 minutes\" \/>\n<script type=\"application\/ld+json\" class=\"yoast-schema-graph\">{\"@context\":\"https:\/\/schema.org\",\"@graph\":[{\"@type\":\"Article\",\"@id\":\"http:\/\/www.frederic-poitou.com\/blog\/jassume-mes-convictions\/#article\",\"isPartOf\":{\"@id\":\"http:\/\/www.frederic-poitou.com\/blog\/jassume-mes-convictions\/\"},\"author\":{\"name\":\"Fr\u00e9d\u00e9ric Poitou\",\"@id\":\"http:\/\/www.frederic-poitou.com\/blog\/#\/schema\/person\/e2c2d05e978747818533fdce859a7799\"},\"headline\":\"ASSUMER SES CONVICTIONS\",\"datePublished\":\"2023-07-13T14:31:32+00:00\",\"dateModified\":\"2026-04-09T23:38:31+00:00\",\"mainEntityOfPage\":{\"@id\":\"http:\/\/www.frederic-poitou.com\/blog\/jassume-mes-convictions\/\"},\"wordCount\":524,\"image\":{\"@id\":\"http:\/\/www.frederic-poitou.com\/blog\/jassume-mes-convictions\/#primaryimage\"},\"thumbnailUrl\":\"http:\/\/www.frederic-poitou.com\/blog\/wp-content\/Maryse1.jpeg\",\"keywords\":[\"Divers\"],\"articleSection\":[\"Divers\"],\"inLanguage\":\"fr-FR\"},{\"@type\":\"WebPage\",\"@id\":\"http:\/\/www.frederic-poitou.com\/blog\/jassume-mes-convictions\/\",\"url\":\"http:\/\/www.frederic-poitou.com\/blog\/jassume-mes-convictions\/\",\"name\":\"ASSUMER SES CONVICTIONS -\",\"isPartOf\":{\"@id\":\"http:\/\/www.frederic-poitou.com\/blog\/#website\"},\"primaryImageOfPage\":{\"@id\":\"http:\/\/www.frederic-poitou.com\/blog\/jassume-mes-convictions\/#primaryimage\"},\"image\":{\"@id\":\"http:\/\/www.frederic-poitou.com\/blog\/jassume-mes-convictions\/#primaryimage\"},\"thumbnailUrl\":\"http:\/\/www.frederic-poitou.com\/blog\/wp-content\/Maryse1.jpeg\",\"datePublished\":\"2023-07-13T14:31:32+00:00\",\"dateModified\":\"2026-04-09T23:38:31+00:00\",\"author\":{\"@id\":\"http:\/\/www.frederic-poitou.com\/blog\/#\/schema\/person\/e2c2d05e978747818533fdce859a7799\"},\"breadcrumb\":{\"@id\":\"http:\/\/www.frederic-poitou.com\/blog\/jassume-mes-convictions\/#breadcrumb\"},\"inLanguage\":\"fr-FR\",\"potentialAction\":[{\"@type\":\"ReadAction\",\"target\":[\"http:\/\/www.frederic-poitou.com\/blog\/jassume-mes-convictions\/\"]}]},{\"@type\":\"ImageObject\",\"inLanguage\":\"fr-FR\",\"@id\":\"http:\/\/www.frederic-poitou.com\/blog\/jassume-mes-convictions\/#primaryimage\",\"url\":\"https:\/\/www.frederic-poitou.com\/blog\/wp-content\/Maryse1.jpeg\",\"contentUrl\":\"https:\/\/www.frederic-poitou.com\/blog\/wp-content\/Maryse1.jpeg\",\"width\":\"596\",\"height\":\"842\"},{\"@type\":\"BreadcrumbList\",\"@id\":\"http:\/\/www.frederic-poitou.com\/blog\/jassume-mes-convictions\/#breadcrumb\",\"itemListElement\":[{\"@type\":\"ListItem\",\"position\":1,\"name\":\"Accueil\",\"item\":\"http:\/\/www.frederic-poitou.com\/blog\/\"},{\"@type\":\"ListItem\",\"position\":2,\"name\":\"ASSUMER SES CONVICTIONS\"}]},{\"@type\":\"WebSite\",\"@id\":\"http:\/\/www.frederic-poitou.com\/blog\/#website\",\"url\":\"http:\/\/www.frederic-poitou.com\/blog\/\",\"name\":\"\",\"description\":\"\",\"potentialAction\":[{\"@type\":\"SearchAction\",\"target\":{\"@type\":\"EntryPoint\",\"urlTemplate\":\"http:\/\/www.frederic-poitou.com\/blog\/?s={search_term_string}\"},\"query-input\":{\"@type\":\"PropertyValueSpecification\",\"valueRequired\":true,\"valueName\":\"search_term_string\"}}],\"inLanguage\":\"fr-FR\"},{\"@type\":\"Person\",\"@id\":\"http:\/\/www.frederic-poitou.com\/blog\/#\/schema\/person\/e2c2d05e978747818533fdce859a7799\",\"name\":\"Fr\u00e9d\u00e9ric Poitou\",\"image\":{\"@type\":\"ImageObject\",\"inLanguage\":\"fr-FR\",\"@id\":\"http:\/\/www.frederic-poitou.com\/blog\/#\/schema\/person\/image\/\",\"url\":\"https:\/\/secure.gravatar.com\/avatar\/1933bcca279a2feafd35d9e0a080c521e11beb51115fe4cfe02e2586ac13424a?s=96&d=mm&r=g\",\"contentUrl\":\"https:\/\/secure.gravatar.com\/avatar\/1933bcca279a2feafd35d9e0a080c521e11beb51115fe4cfe02e2586ac13424a?s=96&d=mm&r=g\",\"caption\":\"Fr\u00e9d\u00e9ric Poitou\"},\"description\":\"Fr\u00e9d\u00e9ric Poitou est n\u00e9 \u00e0 Rouen, et y a fait des \u00e9tudes au Conservatoire en musique-\u00e9tudes en section piano. Il s'est ensuite orient\u00e9 vers des \u00e9tudes scientifiques o\u00f9 il a obtenu un dipl\u00f4me d'ing\u00e9nieur, puis un doctorat en Chimie. Il est Expert Judiciaire en France, en Belgique et \u00e0 Luxembourg, et agr\u00e9e par les Institutions Europ\u00e9ennes.\",\"sameAs\":[\"http:\/\/www.frederic-poitou.com\",\"https:\/\/www.linkedin.com\/in\/frederic-poitou-b045a025\/\"]}]}<\/script>\n<!-- \/ Yoast SEO plugin. -->","yoast_head_json":{"title":"ASSUMER SES CONVICTIONS -","robots":{"index":"index","follow":"follow","max-snippet":"max-snippet:-1","max-image-preview":"max-image-preview:large","max-video-preview":"max-video-preview:-1"},"canonical":"http:\/\/www.frederic-poitou.com\/blog\/jassume-mes-convictions\/","og_locale":"fr_FR","og_type":"article","og_title":"ASSUMER SES CONVICTIONS -","og_description":"La politique, c&rsquo;est assumer ses choix en d\u00e9pit des critiques. Et pour ma part, c&rsquo;est aussi faire confiance \u00e0 l&rsquo;humain, plus qu&rsquo;aux \u00e9tiquettes, au fond plus qu&rsquo;\u00e0 la forme, \u00e0 la sinc\u00e9rit\u00e9 des engagements dans la dur\u00e9e, plus qu&rsquo;\u00e0 des &hellip; Lire la suite\u00ad\u00ad","og_url":"http:\/\/www.frederic-poitou.com\/blog\/jassume-mes-convictions\/","article_publisher":"https:\/\/www.facebook.com\/frederic.poitou\/","article_published_time":"2023-07-13T14:31:32+00:00","article_modified_time":"2026-04-09T23:38:31+00:00","og_image":[{"url":"http:\/\/www.frederic-poitou.com\/blog\/wp-content\/Maryse1.jpeg","type":"","width":"","height":""}],"author":"Fr\u00e9d\u00e9ric Poitou","twitter_card":"summary_large_image","twitter_creator":"@fredericpoitou","twitter_site":"@fredericpoitou","twitter_misc":{"\u00c9crit par":"Fr\u00e9d\u00e9ric Poitou","Dur\u00e9e de lecture estim\u00e9e":"3 minutes"},"schema":{"@context":"https:\/\/schema.org","@graph":[{"@type":"Article","@id":"http:\/\/www.frederic-poitou.com\/blog\/jassume-mes-convictions\/#article","isPartOf":{"@id":"http:\/\/www.frederic-poitou.com\/blog\/jassume-mes-convictions\/"},"author":{"name":"Fr\u00e9d\u00e9ric Poitou","@id":"http:\/\/www.frederic-poitou.com\/blog\/#\/schema\/person\/e2c2d05e978747818533fdce859a7799"},"headline":"ASSUMER SES CONVICTIONS","datePublished":"2023-07-13T14:31:32+00:00","dateModified":"2026-04-09T23:38:31+00:00","mainEntityOfPage":{"@id":"http:\/\/www.frederic-poitou.com\/blog\/jassume-mes-convictions\/"},"wordCount":524,"image":{"@id":"http:\/\/www.frederic-poitou.com\/blog\/jassume-mes-convictions\/#primaryimage"},"thumbnailUrl":"http:\/\/www.frederic-poitou.com\/blog\/wp-content\/Maryse1.jpeg","keywords":["Divers"],"articleSection":["Divers"],"inLanguage":"fr-FR"},{"@type":"WebPage","@id":"http:\/\/www.frederic-poitou.com\/blog\/jassume-mes-convictions\/","url":"http:\/\/www.frederic-poitou.com\/blog\/jassume-mes-convictions\/","name":"ASSUMER SES CONVICTIONS -","isPartOf":{"@id":"http:\/\/www.frederic-poitou.com\/blog\/#website"},"primaryImageOfPage":{"@id":"http:\/\/www.frederic-poitou.com\/blog\/jassume-mes-convictions\/#primaryimage"},"image":{"@id":"http:\/\/www.frederic-poitou.com\/blog\/jassume-mes-convictions\/#primaryimage"},"thumbnailUrl":"http:\/\/www.frederic-poitou.com\/blog\/wp-content\/Maryse1.jpeg","datePublished":"2023-07-13T14:31:32+00:00","dateModified":"2026-04-09T23:38:31+00:00","author":{"@id":"http:\/\/www.frederic-poitou.com\/blog\/#\/schema\/person\/e2c2d05e978747818533fdce859a7799"},"breadcrumb":{"@id":"http:\/\/www.frederic-poitou.com\/blog\/jassume-mes-convictions\/#breadcrumb"},"inLanguage":"fr-FR","potentialAction":[{"@type":"ReadAction","target":["http:\/\/www.frederic-poitou.com\/blog\/jassume-mes-convictions\/"]}]},{"@type":"ImageObject","inLanguage":"fr-FR","@id":"http:\/\/www.frederic-poitou.com\/blog\/jassume-mes-convictions\/#primaryimage","url":"https:\/\/www.frederic-poitou.com\/blog\/wp-content\/Maryse1.jpeg","contentUrl":"https:\/\/www.frederic-poitou.com\/blog\/wp-content\/Maryse1.jpeg","width":"596","height":"842"},{"@type":"BreadcrumbList","@id":"http:\/\/www.frederic-poitou.com\/blog\/jassume-mes-convictions\/#breadcrumb","itemListElement":[{"@type":"ListItem","position":1,"name":"Accueil","item":"http:\/\/www.frederic-poitou.com\/blog\/"},{"@type":"ListItem","position":2,"name":"ASSUMER SES CONVICTIONS"}]},{"@type":"WebSite","@id":"http:\/\/www.frederic-poitou.com\/blog\/#website","url":"http:\/\/www.frederic-poitou.com\/blog\/","name":"","description":"","potentialAction":[{"@type":"SearchAction","target":{"@type":"EntryPoint","urlTemplate":"http:\/\/www.frederic-poitou.com\/blog\/?s={search_term_string}"},"query-input":{"@type":"PropertyValueSpecification","valueRequired":true,"valueName":"search_term_string"}}],"inLanguage":"fr-FR"},{"@type":"Person","@id":"http:\/\/www.frederic-poitou.com\/blog\/#\/schema\/person\/e2c2d05e978747818533fdce859a7799","name":"Fr\u00e9d\u00e9ric Poitou","image":{"@type":"ImageObject","inLanguage":"fr-FR","@id":"http:\/\/www.frederic-poitou.com\/blog\/#\/schema\/person\/image\/","url":"https:\/\/secure.gravatar.com\/avatar\/1933bcca279a2feafd35d9e0a080c521e11beb51115fe4cfe02e2586ac13424a?s=96&d=mm&r=g","contentUrl":"https:\/\/secure.gravatar.com\/avatar\/1933bcca279a2feafd35d9e0a080c521e11beb51115fe4cfe02e2586ac13424a?s=96&d=mm&r=g","caption":"Fr\u00e9d\u00e9ric Poitou"},"description":"Fr\u00e9d\u00e9ric Poitou est n\u00e9 \u00e0 Rouen, et y a fait des \u00e9tudes au Conservatoire en musique-\u00e9tudes en section piano. Il s'est ensuite orient\u00e9 vers des \u00e9tudes scientifiques o\u00f9 il a obtenu un dipl\u00f4me d'ing\u00e9nieur, puis un doctorat en Chimie. Il est Expert Judiciaire en France, en Belgique et \u00e0 Luxembourg, et agr\u00e9e par les Institutions Europ\u00e9ennes.","sameAs":["http:\/\/www.frederic-poitou.com","https:\/\/www.linkedin.com\/in\/frederic-poitou-b045a025\/"]}]}},"_links":{"self":[{"href":"https:\/\/www.frederic-poitou.com\/blog\/wp-json\/wp\/v2\/posts\/6201","targetHints":{"allow":["GET"]}}],"collection":[{"href":"https:\/\/www.frederic-poitou.com\/blog\/wp-json\/wp\/v2\/posts"}],"about":[{"href":"https:\/\/www.frederic-poitou.com\/blog\/wp-json\/wp\/v2\/types\/post"}],"author":[{"embeddable":true,"href":"https:\/\/www.frederic-poitou.com\/blog\/wp-json\/wp\/v2\/users\/4"}],"replies":[{"embeddable":true,"href":"https:\/\/www.frederic-poitou.com\/blog\/wp-json\/wp\/v2\/comments?post=6201"}],"version-history":[{"count":1,"href":"https:\/\/www.frederic-poitou.com\/blog\/wp-json\/wp\/v2\/posts\/6201\/revisions"}],"predecessor-version":[{"id":10285,"href":"https:\/\/www.frederic-poitou.com\/blog\/wp-json\/wp\/v2\/posts\/6201\/revisions\/10285"}],"wp:attachment":[{"href":"https:\/\/www.frederic-poitou.com\/blog\/wp-json\/wp\/v2\/media?parent=6201"}],"wp:term":[{"taxonomy":"category","embeddable":true,"href":"https:\/\/www.frederic-poitou.com\/blog\/wp-json\/wp\/v2\/categories?post=6201"},{"taxonomy":"post_tag","embeddable":true,"href":"https:\/\/www.frederic-poitou.com\/blog\/wp-json\/wp\/v2\/tags?post=6201"}],"curies":[{"name":"wp","href":"https:\/\/api.w.org\/{rel}","templated":true}]}}