{"id":6189,"date":"2023-07-14T03:13:32","date_gmt":"2023-07-14T01:13:32","guid":{"rendered":"http:\/\/www.frederic-poitou.com\/blog\/?p=6189"},"modified":"2026-04-15T12:07:25","modified_gmt":"2026-04-15T10:07:25","slug":"les-femmes-du-president","status":"publish","type":"post","link":"https:\/\/www.frederic-poitou.com\/blog\/les-femmes-du-president\/","title":{"rendered":"LES FEMMES DU PR\u00c9SIDENT"},"content":{"rendered":"<div id=\"_mcePaste\" style=\"position: absolute; left: -10000px; top: 0px; width: 1px; height: 1px; overflow-x: hidden; overflow-y: hidden;\">Les Femmes du Pr\u00e9sident.<\/div>\n<div id=\"_mcePaste\" style=\"position: absolute; left: -10000px; top: 0px; width: 1px; height: 1px; overflow-x: hidden; overflow-y: hidden;\">Ca s&rsquo;\u00e9charpe dur dans le harem pr\u00e9sidentiel, et c&rsquo;est plut\u00f4t rigolo.<\/div>\n<div id=\"_mcePaste\" style=\"position: absolute; left: -10000px; top: 0px; width: 1px; height: 1px; overflow-x: hidden; overflow-y: hidden;\">Au cas o\u00f9 vous n&rsquo;auriez pas suivi.<\/div>\n<div id=\"_mcePaste\" style=\"position: absolute; left: -10000px; top: 0px; width: 1px; height: 1px; overflow-x: hidden; overflow-y: hidden;\">DAns la 1ere circonscription de Charente Maritime, S\u00e9gol\u00e8ne Royal (investie par le PS au d\u00e9triment d&rsquo;Olivier Falorni d\u00e9put\u00e9 PS sortant), est arriv\u00e9e de peu en t\u00eate au premier tour.<\/div>\n<div id=\"_mcePaste\" style=\"position: absolute; left: -10000px; top: 0px; width: 1px; height: 1px; overflow-x: hidden; overflow-y: hidden;\">Contre toute attente, le sortant (d\u00e9put\u00e9 de cette circonscription depuis longtemps) n&rsquo;a pas envie de se d\u00e9sister au profit d&rsquo;une parachut\u00e9e. On peut le comprendre.<\/div>\n<div id=\"_mcePaste\" style=\"position: absolute; left: -10000px; top: 0px; width: 1px; height: 1px; overflow-x: hidden; overflow-y: hidden;\">Ce qui est plus amusant, c&rsquo;est que l&rsquo;actuelle compagne du Pr\u00e9sident de la R\u00e9publique, Val\u00e9rie Trierweiler a fait une entr\u00e9e fracassante dans le psychodrame de la Rochelle, en prenant fait et cause pour le dissident, alors que le PS a envoy\u00e9 Martine Aubry et C\u00e9cile Duflot pour soutenir S\u00e9gol\u00e8ne.<\/div>\n<div id=\"_mcePaste\" style=\"position: absolute; left: -10000px; top: 0px; width: 1px; height: 1px; overflow-x: hidden; overflow-y: hidden;\">Dans une semaine, on en parlera plus, et on ne retiendra que le nom de l&rsquo;\u00e9lu, pas du perdant. Mais l&rsquo;histoire \u00e9tait marrante. Est-ce que Val\u00e9rie Trierweiler, r\u00e9put\u00e9e pour son sale caract\u00e8re, son besoin \u00ab\u00a0d&rsquo;exister\u00a0\u00bb pr\u00e8s de notre Pr\u00e9sident (tr\u00e8s remarqu\u00e9 lors des diff\u00e9rentes c\u00e9r\u00e9monies d&rsquo;investiture) a d\u00e9cid\u00e9 de se positionner contre sa pr\u00e9decesseure ! Pousse toi de l\u00e0 que je m&rsquo;y mette &#8230;<\/div>\n<div id=\"_mcePaste\" style=\"position: absolute; left: -10000px; top: 0px; width: 1px; height: 1px; overflow-x: hidden; overflow-y: hidden;\">Tr\u00e8s marrant.<\/div>\n<p><img loading=\"lazy\" decoding=\"async\" class=\"alignleft size-medium wp-image-6190\" style=\"margin-top: 10px; margin-bottom: 10px; margin-left: 5px; margin-right: 5px; border: 10px solid black;\" title=\"Valerie-Trierweiler_scalewidth_630\" src=\"http:\/\/www.frederic-poitou.com\/blog\/wp-content\/Valerie-Trierweiler_scalewidth_630-300x200.jpg\" alt=\"Valerie-Trierweiler_scalewidth_630\" width=\"300\" height=\"200\" srcset=\"https:\/\/www.frederic-poitou.com\/blog\/wp-content\/Valerie-Trierweiler_scalewidth_630-300x200.jpg 300w, https:\/\/www.frederic-poitou.com\/blog\/wp-content\/Valerie-Trierweiler_scalewidth_630.jpg 630w\" sizes=\"auto, (max-width: 300px) 100vw, 300px\" \/>Ca s&rsquo;\u00e9charpe dur dans le harem pr\u00e9sidentiel, et c&rsquo;est plut\u00f4t rigolo.<\/p>\n<p>Au cas o\u00f9 vous n&rsquo;auriez pas suivi.<\/p>\n<p>Dans la 1ere circonscription de Charente Maritime, S\u00e9gol\u00e8ne Royal (investie par le PS au d\u00e9triment d&rsquo;Olivier Falorni d\u00e9put\u00e9 PS sortant), est arriv\u00e9e de peu en t\u00eate au premier tour.<\/p>\n<p>Contre toute attente, le sortant (d\u00e9put\u00e9 de cette circonscription depuis longtemps) n&rsquo;a pas envie de se d\u00e9sister au profit d&rsquo;une parachut\u00e9e. On peut le comprendre, d&rsquo;autant qu&rsquo;il r\u00e9cup\u00e8re pour le second tour, le soutien de l&rsquo;UMP pr\u00eats \u00e0 toutes les taquineries pour faire battre S\u00e9gol\u00e8ne.<\/p>\n<p>Ce qui est plus amusant, c&rsquo;est que l&rsquo;actuelle compagne du Pr\u00e9sident de la R\u00e9publique, Val\u00e9rie Trierweiler a fait une entr\u00e9e fracassante dans le psychodrame de la Rochelle, en prenant fait et cause pour le dissident, alors que le PS a envoy\u00e9 Martine Aubry et C\u00e9cile Duflot pour soutenir officiellement S\u00e9gol\u00e8ne.<\/p>\n<p>Dans une semaine, on en parlera plus, et on ne retiendra que le nom de l&rsquo;\u00e9lu, pas du perdant. Mais l&rsquo;histoire \u00e9tait marrante. Val\u00e9rie Trierweiler, r\u00e9put\u00e9e pour son sale caract\u00e8re, son besoin \u00ab\u00a0d&rsquo;exister\u00a0\u00bb pr\u00e8s de notre Pr\u00e9sident (tr\u00e8s remarqu\u00e9 lors des diff\u00e9rentes c\u00e9r\u00e9monies d&rsquo;investiture) aurait d\u00e9cid\u00e9 de se positionner contre sa pr\u00e9decesseure ! Pousse toi de l\u00e0 que je m&rsquo;y mette &#8230; \u00e0 l&rsquo;Elys\u00e9e ?<\/p>\n<p><span style=\"color: #ffffff;\">&#8211;<\/span><\/p>\n<p><span style=\"color: #ffffff;\">&#8211;<\/span><\/p>\n<p>Entre Aubry l&#8217;emmerdeuse, S\u00e9gol\u00e8ne l&rsquo;ex, et Val\u00e9rie l&rsquo;encombrante, finalement il n&rsquo;y a que C\u00e9cile Duflot qu&#8217;emmerde pas !<\/p>\n<p><span style=\"color: #ffffff;\">&#8211;<\/span><\/p>\n<p><span style=\"color: #ffffff;\">&#8211;<\/span><\/p>\n<p>Tr\u00e8s marrant.<\/p>\n","protected":false},"excerpt":{"rendered":"<p>Les Femmes du Pr\u00e9sident. Ca s&rsquo;\u00e9charpe dur dans le harem pr\u00e9sidentiel, et c&rsquo;est plut\u00f4t rigolo. Au cas o\u00f9 vous n&rsquo;auriez pas suivi. DAns la 1ere circonscription de Charente Maritime, S\u00e9gol\u00e8ne Royal (investie par le PS au d\u00e9triment d&rsquo;Olivier Falorni d\u00e9put\u00e9 &hellip; <a href=\"https:\/\/www.frederic-poitou.com\/blog\/les-femmes-du-president\/\">Lire la suite\u00ad\u00ad<\/a><\/p>\n","protected":false},"author":4,"featured_media":0,"comment_status":"closed","ping_status":"closed","sticky":false,"template":"","format":"standard","meta":{"kt_blocks_editor_width":"","_exactmetrics_skip_tracking":false,"_exactmetrics_sitenote_active":false,"_exactmetrics_sitenote_note":"","_exactmetrics_sitenote_category":0,"footnotes":""},"categories":[48],"tags":[27,24],"class_list":["post-6189","post","type-post","status-publish","format-standard","hentry","category-accueil","tag-actualite","tag-politique"],"yoast_head":"<!-- This site is optimized with the Yoast SEO plugin v27.1.1 - https:\/\/yoast.com\/product\/yoast-seo-wordpress\/ -->\n<title>LES FEMMES DU PR\u00c9SIDENT -<\/title>\n<meta name=\"robots\" content=\"index, follow, max-snippet:-1, max-image-preview:large, max-video-preview:-1\" \/>\n<link rel=\"canonical\" href=\"http:\/\/www.frederic-poitou.com\/blog\/les-femmes-du-president\/\" \/>\n<meta property=\"og:locale\" content=\"fr_FR\" \/>\n<meta property=\"og:type\" content=\"article\" \/>\n<meta property=\"og:title\" content=\"LES FEMMES DU PR\u00c9SIDENT -\" \/>\n<meta property=\"og:description\" content=\"Les Femmes du Pr\u00e9sident. Ca s&rsquo;\u00e9charpe dur dans le harem pr\u00e9sidentiel, et c&rsquo;est plut\u00f4t rigolo. Au cas o\u00f9 vous n&rsquo;auriez pas suivi. DAns la 1ere circonscription de Charente Maritime, S\u00e9gol\u00e8ne Royal (investie par le PS au d\u00e9triment d&rsquo;Olivier Falorni d\u00e9put\u00e9 &hellip; Lire la suite\u00ad\u00ad\" \/>\n<meta property=\"og:url\" content=\"http:\/\/www.frederic-poitou.com\/blog\/les-femmes-du-president\/\" \/>\n<meta property=\"article:publisher\" content=\"https:\/\/www.facebook.com\/frederic.poitou\/\" \/>\n<meta property=\"article:published_time\" content=\"2023-07-14T01:13:32+00:00\" \/>\n<meta property=\"article:modified_time\" content=\"2026-04-15T10:07:25+00:00\" \/>\n<meta property=\"og:image\" content=\"http:\/\/www.frederic-poitou.com\/blog\/wp-content\/Valerie-Trierweiler_scalewidth_630-300x200.jpg\" \/>\n<meta name=\"author\" content=\"Fr\u00e9d\u00e9ric Poitou\" \/>\n<meta name=\"twitter:card\" content=\"summary_large_image\" \/>\n<meta name=\"twitter:creator\" content=\"@fredericpoitou\" \/>\n<meta name=\"twitter:site\" content=\"@fredericpoitou\" \/>\n<meta name=\"twitter:label1\" content=\"\u00c9crit par\" \/>\n\t<meta name=\"twitter:data1\" content=\"Fr\u00e9d\u00e9ric Poitou\" \/>\n\t<meta name=\"twitter:label2\" content=\"Dur\u00e9e de lecture estim\u00e9e\" \/>\n\t<meta name=\"twitter:data2\" content=\"2 minutes\" \/>\n<script type=\"application\/ld+json\" class=\"yoast-schema-graph\">{\"@context\":\"https:\/\/schema.org\",\"@graph\":[{\"@type\":\"Article\",\"@id\":\"http:\/\/www.frederic-poitou.com\/blog\/les-femmes-du-president\/#article\",\"isPartOf\":{\"@id\":\"http:\/\/www.frederic-poitou.com\/blog\/les-femmes-du-president\/\"},\"author\":{\"name\":\"Fr\u00e9d\u00e9ric Poitou\",\"@id\":\"https:\/\/www.frederic-poitou.com\/blog\/#\/schema\/person\/e2c2d05e978747818533fdce859a7799\"},\"headline\":\"LES FEMMES DU PR\u00c9SIDENT\",\"datePublished\":\"2023-07-14T01:13:32+00:00\",\"dateModified\":\"2026-04-15T10:07:25+00:00\",\"mainEntityOfPage\":{\"@id\":\"http:\/\/www.frederic-poitou.com\/blog\/les-femmes-du-president\/\"},\"wordCount\":527,\"image\":{\"@id\":\"http:\/\/www.frederic-poitou.com\/blog\/les-femmes-du-president\/#primaryimage\"},\"thumbnailUrl\":\"http:\/\/www.frederic-poitou.com\/blog\/wp-content\/Valerie-Trierweiler_scalewidth_630-300x200.jpg\",\"keywords\":[\"Actualit\u00e9\",\"Politique\"],\"articleSection\":[\"Accueil\"],\"inLanguage\":\"fr-FR\"},{\"@type\":\"WebPage\",\"@id\":\"http:\/\/www.frederic-poitou.com\/blog\/les-femmes-du-president\/\",\"url\":\"http:\/\/www.frederic-poitou.com\/blog\/les-femmes-du-president\/\",\"name\":\"LES FEMMES DU PR\u00c9SIDENT -\",\"isPartOf\":{\"@id\":\"https:\/\/www.frederic-poitou.com\/blog\/#website\"},\"primaryImageOfPage\":{\"@id\":\"http:\/\/www.frederic-poitou.com\/blog\/les-femmes-du-president\/#primaryimage\"},\"image\":{\"@id\":\"http:\/\/www.frederic-poitou.com\/blog\/les-femmes-du-president\/#primaryimage\"},\"thumbnailUrl\":\"http:\/\/www.frederic-poitou.com\/blog\/wp-content\/Valerie-Trierweiler_scalewidth_630-300x200.jpg\",\"datePublished\":\"2023-07-14T01:13:32+00:00\",\"dateModified\":\"2026-04-15T10:07:25+00:00\",\"author\":{\"@id\":\"https:\/\/www.frederic-poitou.com\/blog\/#\/schema\/person\/e2c2d05e978747818533fdce859a7799\"},\"breadcrumb\":{\"@id\":\"http:\/\/www.frederic-poitou.com\/blog\/les-femmes-du-president\/#breadcrumb\"},\"inLanguage\":\"fr-FR\",\"potentialAction\":[{\"@type\":\"ReadAction\",\"target\":[\"http:\/\/www.frederic-poitou.com\/blog\/les-femmes-du-president\/\"]}]},{\"@type\":\"ImageObject\",\"inLanguage\":\"fr-FR\",\"@id\":\"http:\/\/www.frederic-poitou.com\/blog\/les-femmes-du-president\/#primaryimage\",\"url\":\"https:\/\/www.frederic-poitou.com\/blog\/wp-content\/Valerie-Trierweiler_scalewidth_630.jpg\",\"contentUrl\":\"https:\/\/www.frederic-poitou.com\/blog\/wp-content\/Valerie-Trierweiler_scalewidth_630.jpg\",\"width\":\"630\",\"height\":\"420\"},{\"@type\":\"BreadcrumbList\",\"@id\":\"http:\/\/www.frederic-poitou.com\/blog\/les-femmes-du-president\/#breadcrumb\",\"itemListElement\":[{\"@type\":\"ListItem\",\"position\":1,\"name\":\"Accueil\",\"item\":\"https:\/\/www.frederic-poitou.com\/blog\/\"},{\"@type\":\"ListItem\",\"position\":2,\"name\":\"LES FEMMES DU PR\u00c9SIDENT\"}]},{\"@type\":\"WebSite\",\"@id\":\"https:\/\/www.frederic-poitou.com\/blog\/#website\",\"url\":\"https:\/\/www.frederic-poitou.com\/blog\/\",\"name\":\"\",\"description\":\"\",\"potentialAction\":[{\"@type\":\"SearchAction\",\"target\":{\"@type\":\"EntryPoint\",\"urlTemplate\":\"https:\/\/www.frederic-poitou.com\/blog\/?s={search_term_string}\"},\"query-input\":{\"@type\":\"PropertyValueSpecification\",\"valueRequired\":true,\"valueName\":\"search_term_string\"}}],\"inLanguage\":\"fr-FR\"},{\"@type\":\"Person\",\"@id\":\"https:\/\/www.frederic-poitou.com\/blog\/#\/schema\/person\/e2c2d05e978747818533fdce859a7799\",\"name\":\"Fr\u00e9d\u00e9ric Poitou\",\"image\":{\"@type\":\"ImageObject\",\"inLanguage\":\"fr-FR\",\"@id\":\"https:\/\/www.frederic-poitou.com\/blog\/#\/schema\/person\/image\/\",\"url\":\"https:\/\/secure.gravatar.com\/avatar\/1933bcca279a2feafd35d9e0a080c521e11beb51115fe4cfe02e2586ac13424a?s=96&d=mm&r=g\",\"contentUrl\":\"https:\/\/secure.gravatar.com\/avatar\/1933bcca279a2feafd35d9e0a080c521e11beb51115fe4cfe02e2586ac13424a?s=96&d=mm&r=g\",\"caption\":\"Fr\u00e9d\u00e9ric Poitou\"},\"description\":\"Fr\u00e9d\u00e9ric Poitou est n\u00e9 \u00e0 Rouen, et y a fait des \u00e9tudes au Conservatoire en musique-\u00e9tudes en section piano. Il s'est ensuite orient\u00e9 vers des \u00e9tudes scientifiques o\u00f9 il a obtenu un dipl\u00f4me d'ing\u00e9nieur, puis un doctorat en Chimie. Il est Expert Judiciaire en France, en Belgique et \u00e0 Luxembourg, et agr\u00e9e par les Institutions Europ\u00e9ennes.\",\"sameAs\":[\"http:\/\/www.frederic-poitou.com\",\"https:\/\/www.linkedin.com\/in\/frederic-poitou-b045a025\/\"]}]}<\/script>\n<!-- \/ Yoast SEO plugin. -->","yoast_head_json":{"title":"LES FEMMES DU PR\u00c9SIDENT -","robots":{"index":"index","follow":"follow","max-snippet":"max-snippet:-1","max-image-preview":"max-image-preview:large","max-video-preview":"max-video-preview:-1"},"canonical":"http:\/\/www.frederic-poitou.com\/blog\/les-femmes-du-president\/","og_locale":"fr_FR","og_type":"article","og_title":"LES FEMMES DU PR\u00c9SIDENT -","og_description":"Les Femmes du Pr\u00e9sident. Ca s&rsquo;\u00e9charpe dur dans le harem pr\u00e9sidentiel, et c&rsquo;est plut\u00f4t rigolo. Au cas o\u00f9 vous n&rsquo;auriez pas suivi. DAns la 1ere circonscription de Charente Maritime, S\u00e9gol\u00e8ne Royal (investie par le PS au d\u00e9triment d&rsquo;Olivier Falorni d\u00e9put\u00e9 &hellip; Lire la suite\u00ad\u00ad","og_url":"http:\/\/www.frederic-poitou.com\/blog\/les-femmes-du-president\/","article_publisher":"https:\/\/www.facebook.com\/frederic.poitou\/","article_published_time":"2023-07-14T01:13:32+00:00","article_modified_time":"2026-04-15T10:07:25+00:00","og_image":[{"url":"http:\/\/www.frederic-poitou.com\/blog\/wp-content\/Valerie-Trierweiler_scalewidth_630-300x200.jpg","type":"","width":"","height":""}],"author":"Fr\u00e9d\u00e9ric Poitou","twitter_card":"summary_large_image","twitter_creator":"@fredericpoitou","twitter_site":"@fredericpoitou","twitter_misc":{"\u00c9crit par":"Fr\u00e9d\u00e9ric Poitou","Dur\u00e9e de lecture estim\u00e9e":"2 minutes"},"schema":{"@context":"https:\/\/schema.org","@graph":[{"@type":"Article","@id":"http:\/\/www.frederic-poitou.com\/blog\/les-femmes-du-president\/#article","isPartOf":{"@id":"http:\/\/www.frederic-poitou.com\/blog\/les-femmes-du-president\/"},"author":{"name":"Fr\u00e9d\u00e9ric Poitou","@id":"https:\/\/www.frederic-poitou.com\/blog\/#\/schema\/person\/e2c2d05e978747818533fdce859a7799"},"headline":"LES FEMMES DU PR\u00c9SIDENT","datePublished":"2023-07-14T01:13:32+00:00","dateModified":"2026-04-15T10:07:25+00:00","mainEntityOfPage":{"@id":"http:\/\/www.frederic-poitou.com\/blog\/les-femmes-du-president\/"},"wordCount":527,"image":{"@id":"http:\/\/www.frederic-poitou.com\/blog\/les-femmes-du-president\/#primaryimage"},"thumbnailUrl":"http:\/\/www.frederic-poitou.com\/blog\/wp-content\/Valerie-Trierweiler_scalewidth_630-300x200.jpg","keywords":["Actualit\u00e9","Politique"],"articleSection":["Accueil"],"inLanguage":"fr-FR"},{"@type":"WebPage","@id":"http:\/\/www.frederic-poitou.com\/blog\/les-femmes-du-president\/","url":"http:\/\/www.frederic-poitou.com\/blog\/les-femmes-du-president\/","name":"LES FEMMES DU PR\u00c9SIDENT -","isPartOf":{"@id":"https:\/\/www.frederic-poitou.com\/blog\/#website"},"primaryImageOfPage":{"@id":"http:\/\/www.frederic-poitou.com\/blog\/les-femmes-du-president\/#primaryimage"},"image":{"@id":"http:\/\/www.frederic-poitou.com\/blog\/les-femmes-du-president\/#primaryimage"},"thumbnailUrl":"http:\/\/www.frederic-poitou.com\/blog\/wp-content\/Valerie-Trierweiler_scalewidth_630-300x200.jpg","datePublished":"2023-07-14T01:13:32+00:00","dateModified":"2026-04-15T10:07:25+00:00","author":{"@id":"https:\/\/www.frederic-poitou.com\/blog\/#\/schema\/person\/e2c2d05e978747818533fdce859a7799"},"breadcrumb":{"@id":"http:\/\/www.frederic-poitou.com\/blog\/les-femmes-du-president\/#breadcrumb"},"inLanguage":"fr-FR","potentialAction":[{"@type":"ReadAction","target":["http:\/\/www.frederic-poitou.com\/blog\/les-femmes-du-president\/"]}]},{"@type":"ImageObject","inLanguage":"fr-FR","@id":"http:\/\/www.frederic-poitou.com\/blog\/les-femmes-du-president\/#primaryimage","url":"https:\/\/www.frederic-poitou.com\/blog\/wp-content\/Valerie-Trierweiler_scalewidth_630.jpg","contentUrl":"https:\/\/www.frederic-poitou.com\/blog\/wp-content\/Valerie-Trierweiler_scalewidth_630.jpg","width":"630","height":"420"},{"@type":"BreadcrumbList","@id":"http:\/\/www.frederic-poitou.com\/blog\/les-femmes-du-president\/#breadcrumb","itemListElement":[{"@type":"ListItem","position":1,"name":"Accueil","item":"https:\/\/www.frederic-poitou.com\/blog\/"},{"@type":"ListItem","position":2,"name":"LES FEMMES DU PR\u00c9SIDENT"}]},{"@type":"WebSite","@id":"https:\/\/www.frederic-poitou.com\/blog\/#website","url":"https:\/\/www.frederic-poitou.com\/blog\/","name":"","description":"","potentialAction":[{"@type":"SearchAction","target":{"@type":"EntryPoint","urlTemplate":"https:\/\/www.frederic-poitou.com\/blog\/?s={search_term_string}"},"query-input":{"@type":"PropertyValueSpecification","valueRequired":true,"valueName":"search_term_string"}}],"inLanguage":"fr-FR"},{"@type":"Person","@id":"https:\/\/www.frederic-poitou.com\/blog\/#\/schema\/person\/e2c2d05e978747818533fdce859a7799","name":"Fr\u00e9d\u00e9ric Poitou","image":{"@type":"ImageObject","inLanguage":"fr-FR","@id":"https:\/\/www.frederic-poitou.com\/blog\/#\/schema\/person\/image\/","url":"https:\/\/secure.gravatar.com\/avatar\/1933bcca279a2feafd35d9e0a080c521e11beb51115fe4cfe02e2586ac13424a?s=96&d=mm&r=g","contentUrl":"https:\/\/secure.gravatar.com\/avatar\/1933bcca279a2feafd35d9e0a080c521e11beb51115fe4cfe02e2586ac13424a?s=96&d=mm&r=g","caption":"Fr\u00e9d\u00e9ric Poitou"},"description":"Fr\u00e9d\u00e9ric Poitou est n\u00e9 \u00e0 Rouen, et y a fait des \u00e9tudes au Conservatoire en musique-\u00e9tudes en section piano. Il s'est ensuite orient\u00e9 vers des \u00e9tudes scientifiques o\u00f9 il a obtenu un dipl\u00f4me d'ing\u00e9nieur, puis un doctorat en Chimie. Il est Expert Judiciaire en France, en Belgique et \u00e0 Luxembourg, et agr\u00e9e par les Institutions Europ\u00e9ennes.","sameAs":["http:\/\/www.frederic-poitou.com","https:\/\/www.linkedin.com\/in\/frederic-poitou-b045a025\/"]}]}},"_links":{"self":[{"href":"https:\/\/www.frederic-poitou.com\/blog\/wp-json\/wp\/v2\/posts\/6189","targetHints":{"allow":["GET"]}}],"collection":[{"href":"https:\/\/www.frederic-poitou.com\/blog\/wp-json\/wp\/v2\/posts"}],"about":[{"href":"https:\/\/www.frederic-poitou.com\/blog\/wp-json\/wp\/v2\/types\/post"}],"author":[{"embeddable":true,"href":"https:\/\/www.frederic-poitou.com\/blog\/wp-json\/wp\/v2\/users\/4"}],"replies":[{"embeddable":true,"href":"https:\/\/www.frederic-poitou.com\/blog\/wp-json\/wp\/v2\/comments?post=6189"}],"version-history":[{"count":1,"href":"https:\/\/www.frederic-poitou.com\/blog\/wp-json\/wp\/v2\/posts\/6189\/revisions"}],"predecessor-version":[{"id":10277,"href":"https:\/\/www.frederic-poitou.com\/blog\/wp-json\/wp\/v2\/posts\/6189\/revisions\/10277"}],"wp:attachment":[{"href":"https:\/\/www.frederic-poitou.com\/blog\/wp-json\/wp\/v2\/media?parent=6189"}],"wp:term":[{"taxonomy":"category","embeddable":true,"href":"https:\/\/www.frederic-poitou.com\/blog\/wp-json\/wp\/v2\/categories?post=6189"},{"taxonomy":"post_tag","embeddable":true,"href":"https:\/\/www.frederic-poitou.com\/blog\/wp-json\/wp\/v2\/tags?post=6189"}],"curies":[{"name":"wp","href":"https:\/\/api.w.org\/{rel}","templated":true}]}}