{"id":6160,"date":"2023-07-13T22:15:32","date_gmt":"2023-07-13T20:15:32","guid":{"rendered":"http:\/\/www.frederic-poitou.com\/blog\/?p=6160"},"modified":"2026-04-13T21:18:54","modified_gmt":"2026-04-13T19:18:54","slug":"les-pink-floyd-au-bac","status":"publish","type":"post","link":"https:\/\/www.frederic-poitou.com\/blog\/les-pink-floyd-au-bac\/","title":{"rendered":"LES PINK-FLOYD AU BAC MUSIQUE"},"content":{"rendered":"<p><img loading=\"lazy\" decoding=\"async\" class=\"alignleft size-medium wp-image-6164\" style=\"margin: 10px;\" title=\"formphilharmonique_PINKFLOYD__DSC3878rec\" src=\"http:\/\/www.frederic-poitou.com\/blog\/wp-content\/formphilharmonique_PINKFLOYD__DSC3878rec-300x149.jpg\" alt=\"formphilharmonique_PINKFLOYD__DSC3878rec\" width=\"300\" height=\"149\" srcset=\"https:\/\/www.frederic-poitou.com\/blog\/wp-content\/formphilharmonique_PINKFLOYD__DSC3878rec-300x149.jpg 300w, https:\/\/www.frederic-poitou.com\/blog\/wp-content\/formphilharmonique_PINKFLOYD__DSC3878rec.jpg 540w\" sizes=\"auto, (max-width: 300px) 100vw, 300px\" \/>Y&rsquo;en a qui ont de la chance ! L&rsquo;Education Nationale a choisi cette ann\u00e9e d&rsquo;int\u00e9grer dans les oeuvres \u00e9tudi\u00e9es par les \u00e9l\u00e8ves pr\u00e9parant le Bac fili\u00e8re musique, le ph\u00e9nom\u00e9nal album \u00ab\u00a0Atom Heart Mother\u00a0\u00bb.<\/p>\n<p>Je n&rsquo;ai aucun commentaire \u00e0 ajouter, sinon remercier Didier Varrod d&rsquo;avoir organis\u00e9 ce concert, \u00e0 l&rsquo;occasion duquel le philharmonique de Radio France a jou\u00e9 l&rsquo;oeuvre des Floyd au th\u00e9\u00e2tre du Chatelet, apr\u00e8s avoir re\u00e7u en interviex Ron Geesin, le compostiteur qui avait \u00e9t\u00e9 charg\u00e9 \u00e0 l&rsquo;\u00e9poque de transcrire en partition les d\u00e9lires des Pink Floyd, aliment\u00e9s de visions halucin\u00e9es, li\u00e9es aux prises de stup\u00e9fiant.<\/p>\n<p>L&rsquo;\u00e9mission est stup\u00e9fiante en elle m\u00eame. Je ne peux que conseiller \u00e0 ceux de ma g\u00e9n\u00e9ration pour qui \u00ab\u00a0Atom Heart Mother\u00a0\u00bb signifie quelque chose, d&rsquo;\u00e9couter jusqu&rsquo;\u00e0 la fin les deux clips qui suivent.<\/p>\n<p>Bravo France Inter.<\/p>\n<p>Premier clip : La pr\u00e9sentation du concert, avec l&rsquo;intervention de Ron Geesin. Second clip, l&rsquo;\u00e9mission en entier, avec l&rsquo;interpr\u00e9tation de la face A de Atom Heart Mother par le Philharmonique de Radio France, dirig\u00e9 par Jacques Justaffr\u00e9.<\/p>\n<p><span style=\"color: #000000;\">&#8212;&#8212;&#8212;&#8212;&#8212;&#8212;&#8212;<\/span><\/p>\n<div class=\"entry-content-asset videofit\"><iframe loading=\"lazy\" title=\"Atom Heart Mother - Concert\" frameborder=\"0\" width=\"500\" height=\"281\" src=\"https:\/\/geo.dailymotion.com\/player.html?video=xqc4sl&#038;\" allowfullscreen allow=\"autoplay; fullscreen; picture-in-picture; web-share\"><\/iframe><\/div>\n<p>&nbsp;<\/p>\n<div><\/div>\n<h5 style=\"outline-width: 0px; outline-style: initial; outline-color: initial; font-weight: bold; font-style: inherit; font-size: 16px; font-family: inherit; vertical-align: baseline; background-image: url('http:\/\/www.franceinter.fr\/sites\/all\/themes\/franceinter\/images\/bg-title2.png'); background-attachment: scroll; background-origin: initial; background-clip: initial; background-color: #ffffff; background-position: 0% 7px; background-repeat: no-repeat no-repeat; border: 0px initial initial; padding: 0px 5px 0px 25px; margin: 20px 0px 10px 0px;\">L&rsquo;EMISSION SPECIALE<\/h5>\n<p style=\"outline-width: 0px; outline-style: initial; outline-color: initial; font-weight: inherit; font-style: inherit; font-size: 14px; font-family: inherit; vertical-align: baseline; padding: 0px; margin: 0px; border: 0px initial initial;\">La musique elle est effectivement juste l\u00e0, c\u2019est une vibration comme le dit Christophe dans notre g\u00e9n\u00e9rique. Et quelle vibration cet apr\u00e8s midi sur France Inter o\u00f9 vous allez avoir la chance d\u2019\u00e9couter une version in\u00e9dite du morceau des Pink Floyd \u00ab\u00a0Atom heart Mother\u00a0\u00bb, extrait de l\u2019album du m\u00eame nom sorti en octobre 1970. Cette nouvelle version a \u00e9t\u00e9 interpr\u00e9t\u00e9e par l\u2019orchestre philarmonique de Radio France le 12 janvier dernier au th\u00e9\u00e2tre du ch\u00e2telet avec la participation exceptionnelle de Ron Geesing co-compositeur de l\u2019\u0153uvre avec les Pink Floyd. Un \u00e9v\u00e8nement organis\u00e9 dans le cadre des programmes p\u00e9dagogiques de l\u2019\u00e9ducation nationale. Puisque cette ann\u00e9e l\u2019\u00e9tude de \u00ab\u00a0Atom heart Mother\u00a0\u00bb est au programme \u00a0des \u00e9tudiants qui passe le bac dans la fili\u00e8re musique ainsi d\u2019ailleurs que pour ceux qui sont inscrits dans la fili\u00e8re g\u00e9n\u00e9rale et qui peuvent choisir en option ce sujet. C\u2019est donc cet apr\u00e8s midi un num\u00e9ro de \u00ab\u00a0quand la musique donne\u00a0\u00bb exceptionnel qui pourrait s\u2019intituler \u00ab\u00a0passe ton bac avec les Pink Floyd\u00a0\u00bb. L\u2019occasion pour certains d\u2019aller \u00e0 la d\u00e9couverte ou la red\u00e9couverte de ce morceau embl\u00e9matique des Pink Floyd. Mais juste avant de retrouver deux lyc\u00e9ens qui ont assist\u00e9 \u00e0 ce concert exceptionnel que vous allez \u00e9couter cet apr\u00e8s midi sur France Inter et qui sont ici en studio avec moi en compagnie deJean Jacques Justaffr\u00e9, le chef d\u2019orchestre qui a dirig\u00e9 cette repr\u00e9sentation exceptionnelle. Mais avant cela petit retour sur la g\u00e9n\u00e8se du groupe Pink Floyd avant 1970.<strong><br \/>\n<\/strong><\/p>\n<h5 style=\"outline-width: 0px; outline-style: initial; outline-color: initial; font-weight: bold; font-style: inherit; font-size: 16px; font-family: inherit; vertical-align: baseline; background-image: url('http:\/\/www.franceinter.fr\/sites\/all\/themes\/franceinter\/images\/bg-title2.png'); background-attachment: scroll; background-origin: initial; background-clip: initial; background-color: #ffffff; background-position: 0% 7px; background-repeat: no-repeat no-repeat; border: 0px initial initial; padding: 0px 5px 0px 25px; margin: 20px 0px 10px 0px;\">LE PROGRAMME DU CONCERT<\/h5>\n<p style=\"outline-width: 0px; outline-style: initial; outline-color: initial; font-weight: inherit; font-style: inherit; font-size: 14px; font-family: inherit; vertical-align: baseline; padding: 0px; margin: 0px; border: 0px initial initial;\">Pr\u00e9senter dans un m\u00eame programme Var\u00e8se et Pink Floyd n\u2019est pas faire \u0153uvre de confrontation mais de dialogue. Un \u00e9change de bons proc\u00e9d\u00e9s harmoniques au pays des pr\u00e9curseurs. \u00ab\u00a0D\u00e9serts\u00a0\u00bb et \u00ab\u00a0Atom Heart Mother\u00a0\u00bb vont donc se succ\u00e9der sur la sc\u00e8ne du th\u00e9\u00e2tre du ch\u00e2telet et ainsi prolonger cette conversation entre ce que l\u2019on d\u00e9nomme souvent la musique savante avec la musique pop. Var\u00e8se a expliqu\u00e9 le choix du titre \u00ab\u00a0d\u00e9sert\u00a0\u00bb comme tel\u00a0: \u00ab\u00a0Pour moi c\u2019est un mot magique qui sugg\u00e8re des correspondances \u00e0 l\u2019infini\u00a0\u00bb.\u00a0 C\u2019est exactement ce que l\u2019on trouve aussi dans cette \u0153uvre singuli\u00e8re des Pink Floyd, premi\u00e8re tentative\u00a0 de cr\u00e9er dans un registre pop et \u00e9lectrifi\u00e9e une suite en plusieurs mouvements. Aujourd\u2019hui, il convient d\u2019\u00e9couter cet album\u00a0 (le cinqui\u00e8me du groupe) en se souvenant qu\u2019il fut publi\u00e9 en 1970. En cela, il est symbolique d\u2019une nouvelle \u00e8re qui s\u2019ouvre. Le rock des pionniers est d\u00e9j\u00e0 loin, le blues rock de Janis Joplin s\u2019est malheureusement dilu\u00e9 avec sa disparition. Emmen\u00e9 par la figure embl\u00e9matique de Syd Barett qui offre aux d\u00e9buts de Pink Floyd une psychologie \u00e0 la fois underground et tourment\u00e9e, les premiers albums du groupe sonnent le r\u00e9veil d\u2019une alternance psych\u00e9d\u00e9lique radicale. Jusqu\u2019au jour o\u00f9 soudain Pink Floyd quitte le berceau du dit psych\u00e9d\u00e9lisme pour se tourner vers un rock progressif. Symphonies\u00a0 d\u2019harmonies et de\u00a0 dissonances classiques, le disque s\u2019ouvre sur un premier morceau magistral. Probablement une des plus grandes compositions du groupe\u00a0: une longue suite orchestrale pour cuivres, violoncelles et ch\u0153urs compos\u00e9e et jou\u00e9e par un groupe de rock.\u00a0 \u00ab\u00a0Atom Heart Mother\u00a0\u00bb ouvre la Face A de l\u2019album. C\u2019est une suite instrumentale en cinq mouvements. Les cuivres s\u2019accordent entre eux et c\u2019est parti pour une cavalcade h\u00e9ro\u00efque qui entre dans la l\u00e9gende du rock. Le romantisme floydien nait aussi \u00e0 cet instant dans cet acte fondateur et aime se confronter \u00e0 cette tentation de la grandiloquence. Celle d\u2019un pompi\u00e9risme rock qui se d\u00e9couvre \u00e9galement. Ecoutez la suite de ch\u0153urs qui se structurent en mont\u00e9e et c\u2019est tout \u00e0 coup le Carmina Burana de l\u2019allemand Car Off qui percute le krautrock naissant.\u00a0 En cela ce disque est profond\u00e9ment illustratif de la vitalit\u00e9 cr\u00e9ative du rock europ\u00e9en qui s\u2019affirme alors.\u00a0 Et c\u2019est pr\u00e9cis\u00e9ment dans cet espace en construction que Pink Floyd va chercher la collaboration\u00a0 de Ron Geesin, musicien avant gardiste et sorcier du son qui fait alors parler les machines. Qui finissent par respirer, soupirer, et jouir. L\u2019apport de ce cinqui\u00e8me homme est crucial. Il offre \u00e0 Pink Floyd de ne pas c\u00e9der aux sir\u00e8nes du lyrisme symphonique et de rester dans un environnement qui nous rapproche pr\u00e9cis\u00e9ment du travail de Var\u00e8se dans \u00ab\u00a0d\u00e9sert\u00a0\u00bb. Un travail et une r\u00e9flexion sur la production d\u2019une mati\u00e8re sonore qu\u2019elle soit industrielle ou jou\u00e9e. Le son ou le bruit de la ville chez Var\u00e8se livre son paysage mental. Le rock de Pink Floyd offre ses images en cin\u00e9mascope. Faut il rappeler qu\u2019avant Pink Floyd il n\u2019existait aucune animation vid\u00e9o sur une sc\u00e8ne de rock\u00a0?\u00a0 Depuis la publication de cet album de Pink Floyd, de nombreuses analyses sont venues offrir \u00e0 cette \u0153uvre majeure, une explication scientifique. Nul n\u2019est besoin ici de les reproduire. Elles ont certes contribu\u00e9 \u00e0 la reconnaissance institutionnelle d\u2019une musique qui, rappelons le, est n\u00e9e d\u2019une r\u00e9bellion contre l\u2019acad\u00e9misme. Le rock progressif de Pink Floyd\u00a0 de \u00ab\u00a0Atom Heart Mother\u00a0\u00bb est une contestation de l\u2019ordre musical \u00e9tabli. Il pr\u00e9tend donc avec raison que l\u2019exploration, la recherche \u00e9lectro acoustique, la qu\u00eate d\u2019une \u00e9criture classique n\u2019est plus le privil\u00e8ge du monde de la musique classique ou contemporaine. Casser les formats de l\u2019architecture pop en vogue (couplet\/ refrain\u00a0: couplet\/ refrain\/ pont\/ refrain), contester l\u2019ordre radiophonique d\u2019alors, poser les interrogations m\u00e9taphysiques sur le futur, imaginer des contemplations musicales qui \u00e9voquent la puissance des substances psychotropes, donner \u00e0 l\u2019album un titre qui s\u2019inspire d\u2019un stimulateur cardiaque nucl\u00e9aire, photographier une vache pour illustrer la pochette du disque o\u00f9 le nom du groupe n\u2019appara\u00eet m\u00eame pas\u2026 Toutes ces intentions doivent nous rappeler, si besoin, que l\u2019entr\u00e9e au programme du baccalaur\u00e9at d\u2019une telle \u0153uvre, ne doit pas en amoindrir sa port\u00e9e subversive. Au th\u00e9\u00e2tre du ch\u00e2telet le rock sera exp\u00e9rimental ou ne sera pas.<\/p>\n<p style=\"outline-width: 0px; outline-style: initial; outline-color: initial; font-weight: inherit; font-style: inherit; font-size: 14px; font-family: inherit; vertical-align: baseline; padding: 0px; margin: 0px; border: 0px initial initial;\">\n","protected":false},"excerpt":{"rendered":"<p>Y&rsquo;en a qui ont de la chance ! L&rsquo;Education Nationale a choisi cette ann\u00e9e d&rsquo;int\u00e9grer dans les oeuvres \u00e9tudi\u00e9es par les \u00e9l\u00e8ves pr\u00e9parant le Bac fili\u00e8re musique, le ph\u00e9nom\u00e9nal album \u00ab\u00a0Atom Heart Mother\u00a0\u00bb. Je n&rsquo;ai aucun commentaire \u00e0 ajouter, sinon &hellip; <a href=\"https:\/\/www.frederic-poitou.com\/blog\/les-pink-floyd-au-bac\/\">Lire la suite\u00ad\u00ad<\/a><\/p>\n","protected":false},"author":4,"featured_media":0,"comment_status":"closed","ping_status":"closed","sticky":false,"template":"","format":"standard","meta":{"kt_blocks_editor_width":"","_exactmetrics_skip_tracking":false,"_exactmetrics_sitenote_active":false,"_exactmetrics_sitenote_note":"","_exactmetrics_sitenote_category":0,"footnotes":""},"categories":[1],"tags":[21,23,16],"class_list":["post-6160","post","type-post","status-publish","format-standard","hentry","category-politique-economie","tag-arts-et-culture","tag-belgique-2","tag-divers"],"yoast_head":"<!-- This site is optimized with the Yoast SEO plugin v27.1.1 - https:\/\/yoast.com\/product\/yoast-seo-wordpress\/ -->\n<title>LES PINK-FLOYD AU BAC MUSIQUE -<\/title>\n<meta name=\"robots\" content=\"index, follow, max-snippet:-1, max-image-preview:large, max-video-preview:-1\" \/>\n<link rel=\"canonical\" href=\"https:\/\/www.frederic-poitou.com\/blog\/les-pink-floyd-au-bac\/\" \/>\n<meta property=\"og:locale\" content=\"fr_FR\" \/>\n<meta property=\"og:type\" content=\"article\" \/>\n<meta property=\"og:title\" content=\"LES PINK-FLOYD AU BAC MUSIQUE -\" \/>\n<meta property=\"og:description\" content=\"Y&rsquo;en a qui ont de la chance ! L&rsquo;Education Nationale a choisi cette ann\u00e9e d&rsquo;int\u00e9grer dans les oeuvres \u00e9tudi\u00e9es par les \u00e9l\u00e8ves pr\u00e9parant le Bac fili\u00e8re musique, le ph\u00e9nom\u00e9nal album \u00ab\u00a0Atom Heart Mother\u00a0\u00bb. Je n&rsquo;ai aucun commentaire \u00e0 ajouter, sinon &hellip; Lire la suite\u00ad\u00ad\" \/>\n<meta property=\"og:url\" content=\"https:\/\/www.frederic-poitou.com\/blog\/les-pink-floyd-au-bac\/\" \/>\n<meta property=\"article:publisher\" content=\"https:\/\/www.facebook.com\/frederic.poitou\/\" \/>\n<meta property=\"article:published_time\" content=\"2023-07-13T20:15:32+00:00\" \/>\n<meta property=\"article:modified_time\" content=\"2026-04-13T19:18:54+00:00\" \/>\n<meta property=\"og:image\" content=\"http:\/\/www.frederic-poitou.com\/blog\/wp-content\/formphilharmonique_PINKFLOYD__DSC3878rec-300x149.jpg\" \/>\n<meta name=\"author\" content=\"Fr\u00e9d\u00e9ric Poitou\" \/>\n<meta name=\"twitter:card\" content=\"summary_large_image\" \/>\n<meta name=\"twitter:creator\" content=\"@fredericpoitou\" \/>\n<meta name=\"twitter:site\" content=\"@fredericpoitou\" \/>\n<meta name=\"twitter:label1\" content=\"\u00c9crit par\" \/>\n\t<meta name=\"twitter:data1\" content=\"Fr\u00e9d\u00e9ric Poitou\" \/>\n\t<meta name=\"twitter:label2\" content=\"Dur\u00e9e de lecture estim\u00e9e\" \/>\n\t<meta name=\"twitter:data2\" content=\"6 minutes\" \/>\n<script type=\"application\/ld+json\" class=\"yoast-schema-graph\">{\"@context\":\"https:\/\/schema.org\",\"@graph\":[{\"@type\":\"Article\",\"@id\":\"https:\/\/www.frederic-poitou.com\/blog\/les-pink-floyd-au-bac\/#article\",\"isPartOf\":{\"@id\":\"https:\/\/www.frederic-poitou.com\/blog\/les-pink-floyd-au-bac\/\"},\"author\":{\"name\":\"Fr\u00e9d\u00e9ric Poitou\",\"@id\":\"http:\/\/www.frederic-poitou.com\/blog\/#\/schema\/person\/e2c2d05e978747818533fdce859a7799\"},\"headline\":\"LES PINK-FLOYD AU BAC MUSIQUE\",\"datePublished\":\"2023-07-13T20:15:32+00:00\",\"dateModified\":\"2026-04-13T19:18:54+00:00\",\"mainEntityOfPage\":{\"@id\":\"https:\/\/www.frederic-poitou.com\/blog\/les-pink-floyd-au-bac\/\"},\"wordCount\":1293,\"image\":{\"@id\":\"https:\/\/www.frederic-poitou.com\/blog\/les-pink-floyd-au-bac\/#primaryimage\"},\"thumbnailUrl\":\"http:\/\/www.frederic-poitou.com\/blog\/wp-content\/formphilharmonique_PINKFLOYD__DSC3878rec-300x149.jpg\",\"keywords\":[\"Arts et Culture\",\"Belgique\",\"DIVERS\"],\"articleSection\":[\"Divers\"],\"inLanguage\":\"fr-FR\"},{\"@type\":\"WebPage\",\"@id\":\"https:\/\/www.frederic-poitou.com\/blog\/les-pink-floyd-au-bac\/\",\"url\":\"https:\/\/www.frederic-poitou.com\/blog\/les-pink-floyd-au-bac\/\",\"name\":\"LES PINK-FLOYD AU BAC MUSIQUE -\",\"isPartOf\":{\"@id\":\"http:\/\/www.frederic-poitou.com\/blog\/#website\"},\"primaryImageOfPage\":{\"@id\":\"https:\/\/www.frederic-poitou.com\/blog\/les-pink-floyd-au-bac\/#primaryimage\"},\"image\":{\"@id\":\"https:\/\/www.frederic-poitou.com\/blog\/les-pink-floyd-au-bac\/#primaryimage\"},\"thumbnailUrl\":\"http:\/\/www.frederic-poitou.com\/blog\/wp-content\/formphilharmonique_PINKFLOYD__DSC3878rec-300x149.jpg\",\"datePublished\":\"2023-07-13T20:15:32+00:00\",\"dateModified\":\"2026-04-13T19:18:54+00:00\",\"author\":{\"@id\":\"http:\/\/www.frederic-poitou.com\/blog\/#\/schema\/person\/e2c2d05e978747818533fdce859a7799\"},\"breadcrumb\":{\"@id\":\"https:\/\/www.frederic-poitou.com\/blog\/les-pink-floyd-au-bac\/#breadcrumb\"},\"inLanguage\":\"fr-FR\",\"potentialAction\":[{\"@type\":\"ReadAction\",\"target\":[\"https:\/\/www.frederic-poitou.com\/blog\/les-pink-floyd-au-bac\/\"]}]},{\"@type\":\"ImageObject\",\"inLanguage\":\"fr-FR\",\"@id\":\"https:\/\/www.frederic-poitou.com\/blog\/les-pink-floyd-au-bac\/#primaryimage\",\"url\":\"https:\/\/www.frederic-poitou.com\/blog\/wp-content\/formphilharmonique_PINKFLOYD__DSC3878rec.jpg\",\"contentUrl\":\"https:\/\/www.frederic-poitou.com\/blog\/wp-content\/formphilharmonique_PINKFLOYD__DSC3878rec.jpg\",\"width\":\"540\",\"height\":\"269\"},{\"@type\":\"BreadcrumbList\",\"@id\":\"https:\/\/www.frederic-poitou.com\/blog\/les-pink-floyd-au-bac\/#breadcrumb\",\"itemListElement\":[{\"@type\":\"ListItem\",\"position\":1,\"name\":\"Accueil\",\"item\":\"http:\/\/www.frederic-poitou.com\/blog\/\"},{\"@type\":\"ListItem\",\"position\":2,\"name\":\"LES PINK-FLOYD AU BAC MUSIQUE\"}]},{\"@type\":\"WebSite\",\"@id\":\"http:\/\/www.frederic-poitou.com\/blog\/#website\",\"url\":\"http:\/\/www.frederic-poitou.com\/blog\/\",\"name\":\"\",\"description\":\"\",\"potentialAction\":[{\"@type\":\"SearchAction\",\"target\":{\"@type\":\"EntryPoint\",\"urlTemplate\":\"http:\/\/www.frederic-poitou.com\/blog\/?s={search_term_string}\"},\"query-input\":{\"@type\":\"PropertyValueSpecification\",\"valueRequired\":true,\"valueName\":\"search_term_string\"}}],\"inLanguage\":\"fr-FR\"},{\"@type\":\"Person\",\"@id\":\"http:\/\/www.frederic-poitou.com\/blog\/#\/schema\/person\/e2c2d05e978747818533fdce859a7799\",\"name\":\"Fr\u00e9d\u00e9ric Poitou\",\"image\":{\"@type\":\"ImageObject\",\"inLanguage\":\"fr-FR\",\"@id\":\"http:\/\/www.frederic-poitou.com\/blog\/#\/schema\/person\/image\/\",\"url\":\"https:\/\/secure.gravatar.com\/avatar\/1933bcca279a2feafd35d9e0a080c521e11beb51115fe4cfe02e2586ac13424a?s=96&d=mm&r=g\",\"contentUrl\":\"https:\/\/secure.gravatar.com\/avatar\/1933bcca279a2feafd35d9e0a080c521e11beb51115fe4cfe02e2586ac13424a?s=96&d=mm&r=g\",\"caption\":\"Fr\u00e9d\u00e9ric Poitou\"},\"description\":\"Fr\u00e9d\u00e9ric Poitou est n\u00e9 \u00e0 Rouen, et y a fait des \u00e9tudes au Conservatoire en musique-\u00e9tudes en section piano. Il s'est ensuite orient\u00e9 vers des \u00e9tudes scientifiques o\u00f9 il a obtenu un dipl\u00f4me d'ing\u00e9nieur, puis un doctorat en Chimie. Il est Expert Judiciaire en France, en Belgique et \u00e0 Luxembourg, et agr\u00e9e par les Institutions Europ\u00e9ennes.\",\"sameAs\":[\"http:\/\/www.frederic-poitou.com\",\"https:\/\/www.linkedin.com\/in\/frederic-poitou-b045a025\/\"]}]}<\/script>\n<!-- \/ Yoast SEO plugin. -->","yoast_head_json":{"title":"LES PINK-FLOYD AU BAC MUSIQUE -","robots":{"index":"index","follow":"follow","max-snippet":"max-snippet:-1","max-image-preview":"max-image-preview:large","max-video-preview":"max-video-preview:-1"},"canonical":"https:\/\/www.frederic-poitou.com\/blog\/les-pink-floyd-au-bac\/","og_locale":"fr_FR","og_type":"article","og_title":"LES PINK-FLOYD AU BAC MUSIQUE -","og_description":"Y&rsquo;en a qui ont de la chance ! L&rsquo;Education Nationale a choisi cette ann\u00e9e d&rsquo;int\u00e9grer dans les oeuvres \u00e9tudi\u00e9es par les \u00e9l\u00e8ves pr\u00e9parant le Bac fili\u00e8re musique, le ph\u00e9nom\u00e9nal album \u00ab\u00a0Atom Heart Mother\u00a0\u00bb. Je n&rsquo;ai aucun commentaire \u00e0 ajouter, sinon &hellip; Lire la suite\u00ad\u00ad","og_url":"https:\/\/www.frederic-poitou.com\/blog\/les-pink-floyd-au-bac\/","article_publisher":"https:\/\/www.facebook.com\/frederic.poitou\/","article_published_time":"2023-07-13T20:15:32+00:00","article_modified_time":"2026-04-13T19:18:54+00:00","og_image":[{"url":"http:\/\/www.frederic-poitou.com\/blog\/wp-content\/formphilharmonique_PINKFLOYD__DSC3878rec-300x149.jpg","type":"","width":"","height":""}],"author":"Fr\u00e9d\u00e9ric Poitou","twitter_card":"summary_large_image","twitter_creator":"@fredericpoitou","twitter_site":"@fredericpoitou","twitter_misc":{"\u00c9crit par":"Fr\u00e9d\u00e9ric Poitou","Dur\u00e9e de lecture estim\u00e9e":"6 minutes"},"schema":{"@context":"https:\/\/schema.org","@graph":[{"@type":"Article","@id":"https:\/\/www.frederic-poitou.com\/blog\/les-pink-floyd-au-bac\/#article","isPartOf":{"@id":"https:\/\/www.frederic-poitou.com\/blog\/les-pink-floyd-au-bac\/"},"author":{"name":"Fr\u00e9d\u00e9ric Poitou","@id":"http:\/\/www.frederic-poitou.com\/blog\/#\/schema\/person\/e2c2d05e978747818533fdce859a7799"},"headline":"LES PINK-FLOYD AU BAC MUSIQUE","datePublished":"2023-07-13T20:15:32+00:00","dateModified":"2026-04-13T19:18:54+00:00","mainEntityOfPage":{"@id":"https:\/\/www.frederic-poitou.com\/blog\/les-pink-floyd-au-bac\/"},"wordCount":1293,"image":{"@id":"https:\/\/www.frederic-poitou.com\/blog\/les-pink-floyd-au-bac\/#primaryimage"},"thumbnailUrl":"http:\/\/www.frederic-poitou.com\/blog\/wp-content\/formphilharmonique_PINKFLOYD__DSC3878rec-300x149.jpg","keywords":["Arts et Culture","Belgique","DIVERS"],"articleSection":["Divers"],"inLanguage":"fr-FR"},{"@type":"WebPage","@id":"https:\/\/www.frederic-poitou.com\/blog\/les-pink-floyd-au-bac\/","url":"https:\/\/www.frederic-poitou.com\/blog\/les-pink-floyd-au-bac\/","name":"LES PINK-FLOYD AU BAC MUSIQUE -","isPartOf":{"@id":"http:\/\/www.frederic-poitou.com\/blog\/#website"},"primaryImageOfPage":{"@id":"https:\/\/www.frederic-poitou.com\/blog\/les-pink-floyd-au-bac\/#primaryimage"},"image":{"@id":"https:\/\/www.frederic-poitou.com\/blog\/les-pink-floyd-au-bac\/#primaryimage"},"thumbnailUrl":"http:\/\/www.frederic-poitou.com\/blog\/wp-content\/formphilharmonique_PINKFLOYD__DSC3878rec-300x149.jpg","datePublished":"2023-07-13T20:15:32+00:00","dateModified":"2026-04-13T19:18:54+00:00","author":{"@id":"http:\/\/www.frederic-poitou.com\/blog\/#\/schema\/person\/e2c2d05e978747818533fdce859a7799"},"breadcrumb":{"@id":"https:\/\/www.frederic-poitou.com\/blog\/les-pink-floyd-au-bac\/#breadcrumb"},"inLanguage":"fr-FR","potentialAction":[{"@type":"ReadAction","target":["https:\/\/www.frederic-poitou.com\/blog\/les-pink-floyd-au-bac\/"]}]},{"@type":"ImageObject","inLanguage":"fr-FR","@id":"https:\/\/www.frederic-poitou.com\/blog\/les-pink-floyd-au-bac\/#primaryimage","url":"https:\/\/www.frederic-poitou.com\/blog\/wp-content\/formphilharmonique_PINKFLOYD__DSC3878rec.jpg","contentUrl":"https:\/\/www.frederic-poitou.com\/blog\/wp-content\/formphilharmonique_PINKFLOYD__DSC3878rec.jpg","width":"540","height":"269"},{"@type":"BreadcrumbList","@id":"https:\/\/www.frederic-poitou.com\/blog\/les-pink-floyd-au-bac\/#breadcrumb","itemListElement":[{"@type":"ListItem","position":1,"name":"Accueil","item":"http:\/\/www.frederic-poitou.com\/blog\/"},{"@type":"ListItem","position":2,"name":"LES PINK-FLOYD AU BAC MUSIQUE"}]},{"@type":"WebSite","@id":"http:\/\/www.frederic-poitou.com\/blog\/#website","url":"http:\/\/www.frederic-poitou.com\/blog\/","name":"","description":"","potentialAction":[{"@type":"SearchAction","target":{"@type":"EntryPoint","urlTemplate":"http:\/\/www.frederic-poitou.com\/blog\/?s={search_term_string}"},"query-input":{"@type":"PropertyValueSpecification","valueRequired":true,"valueName":"search_term_string"}}],"inLanguage":"fr-FR"},{"@type":"Person","@id":"http:\/\/www.frederic-poitou.com\/blog\/#\/schema\/person\/e2c2d05e978747818533fdce859a7799","name":"Fr\u00e9d\u00e9ric Poitou","image":{"@type":"ImageObject","inLanguage":"fr-FR","@id":"http:\/\/www.frederic-poitou.com\/blog\/#\/schema\/person\/image\/","url":"https:\/\/secure.gravatar.com\/avatar\/1933bcca279a2feafd35d9e0a080c521e11beb51115fe4cfe02e2586ac13424a?s=96&d=mm&r=g","contentUrl":"https:\/\/secure.gravatar.com\/avatar\/1933bcca279a2feafd35d9e0a080c521e11beb51115fe4cfe02e2586ac13424a?s=96&d=mm&r=g","caption":"Fr\u00e9d\u00e9ric Poitou"},"description":"Fr\u00e9d\u00e9ric Poitou est n\u00e9 \u00e0 Rouen, et y a fait des \u00e9tudes au Conservatoire en musique-\u00e9tudes en section piano. Il s'est ensuite orient\u00e9 vers des \u00e9tudes scientifiques o\u00f9 il a obtenu un dipl\u00f4me d'ing\u00e9nieur, puis un doctorat en Chimie. Il est Expert Judiciaire en France, en Belgique et \u00e0 Luxembourg, et agr\u00e9e par les Institutions Europ\u00e9ennes.","sameAs":["http:\/\/www.frederic-poitou.com","https:\/\/www.linkedin.com\/in\/frederic-poitou-b045a025\/"]}]}},"_links":{"self":[{"href":"https:\/\/www.frederic-poitou.com\/blog\/wp-json\/wp\/v2\/posts\/6160","targetHints":{"allow":["GET"]}}],"collection":[{"href":"https:\/\/www.frederic-poitou.com\/blog\/wp-json\/wp\/v2\/posts"}],"about":[{"href":"https:\/\/www.frederic-poitou.com\/blog\/wp-json\/wp\/v2\/types\/post"}],"author":[{"embeddable":true,"href":"https:\/\/www.frederic-poitou.com\/blog\/wp-json\/wp\/v2\/users\/4"}],"replies":[{"embeddable":true,"href":"https:\/\/www.frederic-poitou.com\/blog\/wp-json\/wp\/v2\/comments?post=6160"}],"version-history":[{"count":2,"href":"https:\/\/www.frederic-poitou.com\/blog\/wp-json\/wp\/v2\/posts\/6160\/revisions"}],"predecessor-version":[{"id":9289,"href":"https:\/\/www.frederic-poitou.com\/blog\/wp-json\/wp\/v2\/posts\/6160\/revisions\/9289"}],"wp:attachment":[{"href":"https:\/\/www.frederic-poitou.com\/blog\/wp-json\/wp\/v2\/media?parent=6160"}],"wp:term":[{"taxonomy":"category","embeddable":true,"href":"https:\/\/www.frederic-poitou.com\/blog\/wp-json\/wp\/v2\/categories?post=6160"},{"taxonomy":"post_tag","embeddable":true,"href":"https:\/\/www.frederic-poitou.com\/blog\/wp-json\/wp\/v2\/tags?post=6160"}],"curies":[{"name":"wp","href":"https:\/\/api.w.org\/{rel}","templated":true}]}}