{"id":6100,"date":"2023-07-13T20:51:32","date_gmt":"2023-07-13T18:51:32","guid":{"rendered":"http:\/\/www.frederic-poitou.com\/blog\/?p=6100"},"modified":"2026-04-11T07:10:10","modified_gmt":"2026-04-11T05:10:10","slug":"cette-fois-ci-cest-parti","status":"publish","type":"post","link":"https:\/\/www.frederic-poitou.com\/blog\/cette-fois-ci-cest-parti\/","title":{"rendered":"CETTE FOIS CI, C&rsquo;EST PARTI."},"content":{"rendered":"<p>Sans renier un seul instant mon engagement au Parti Radical, mes convictions r\u00e9publicaines, et mon engagement humaniste, \u00e0 l&rsquo;instar de Sophie Joissains j&rsquo;ai d\u00e9cid\u00e9, depuis le retrait de Jean-Louis Borloo de soutenir la candidature de Nicolas Sarkozy, m\u00eame si je ne partage pas toutes ses id\u00e9es, et surtout ses nombreuses maladresses de formes. C&rsquo;est plus la forme que le fond qui me semble discutable.<\/p>\n<p>Il reste toutefois un Pr\u00e9sident cr\u00e9dible, s\u00e9rieux, fort, combatif, le seul capable de conduire notre pays \u00e0 traverser sans trop d&rsquo;encombre les turbulences que nous imposent l&rsquo;h\u00e9g\u00e9monie de l&rsquo;hypercapitalisme, et d&rsquo;un syst\u00e8me bancaire qu&rsquo;il convient d\u00e9sormais de r\u00e9guler.<\/p>\n<p>Alors, aujourd&rsquo;hui, \u00e0 Marseille, ce fut d&rsquo;abord une bonne occasion de retrouver les copains du Parti Radical, tous pr\u00e9sents, ceux de l&rsquo;UMP qui accueillaient, mais aussi beaucoup de centristes, et emmagasiner une bonne dose d&rsquo;\u00e9nergie pour les semaines \u00e0 venir.<\/p>\n<p><span style=\"color: #ffffff;\">&#8212;&#8212;&#8212;&#8212;&#8212;-<\/span><\/p>\n<p style=\"text-align: center;\">\n<p><iframe loading=\"lazy\" frameborder=\"0\" width=\"560\" height=\"322\" src=\"http:\/\/www.dailymotion.com\/embed\/video\/xoukg8\"><\/iframe><br \/><a href=\"http:\/\/www.dailymotion.com\/video\/xoukg8_meeting-nicolas-sarkozy-a-marseille-ump_news\" target=\"_blank\" rel=\"noopener\">Meeting Nicolas Sarkozy &agrave; Marseille, UMP<\/a> <i>par <a href=\"http:\/\/www.dailymotion.com\/ATTACHEE-PRESSE13\" target=\"_blank\" rel=\"noopener\">ATTACHEE-PRESSE13<\/a><\/i><\/p>\n","protected":false},"excerpt":{"rendered":"<p>Sans renier un seul instant mon engagement au Parti Radical, mes convictions r\u00e9publicaines, et mon engagement humaniste, \u00e0 l&rsquo;instar de Sophie Joissains j&rsquo;ai d\u00e9cid\u00e9, depuis le retrait de Jean-Louis Borloo de soutenir la candidature de Nicolas Sarkozy, m\u00eame si je &hellip; <a href=\"https:\/\/www.frederic-poitou.com\/blog\/cette-fois-ci-cest-parti\/\">Lire la suite\u00ad\u00ad<\/a><\/p>\n","protected":false},"author":4,"featured_media":0,"comment_status":"open","ping_status":"open","sticky":false,"template":"","format":"standard","meta":{"kt_blocks_editor_width":"","_exactmetrics_skip_tracking":false,"_exactmetrics_sitenote_active":false,"_exactmetrics_sitenote_note":"","_exactmetrics_sitenote_category":0,"footnotes":""},"categories":[1],"tags":[27,50,26,33,25,24],"class_list":["post-6100","post","type-post","status-publish","format-standard","hentry","category-politique-economie","tag-actualite","tag-politique-economie","tag-laicite","tag-mouvement-reformateur","tag-parti-radical","tag-politique"],"yoast_head":"<!-- This site is optimized with the Yoast SEO plugin v27.1.1 - https:\/\/yoast.com\/product\/yoast-seo-wordpress\/ -->\n<title>CETTE FOIS CI, C&#039;EST PARTI. -<\/title>\n<meta name=\"robots\" content=\"index, follow, max-snippet:-1, max-image-preview:large, max-video-preview:-1\" \/>\n<link rel=\"canonical\" href=\"https:\/\/www.frederic-poitou.com\/blog\/cette-fois-ci-cest-parti\/\" \/>\n<meta property=\"og:locale\" content=\"fr_FR\" \/>\n<meta property=\"og:type\" content=\"article\" \/>\n<meta property=\"og:title\" content=\"CETTE FOIS CI, C&#039;EST PARTI. -\" \/>\n<meta property=\"og:description\" content=\"Sans renier un seul instant mon engagement au Parti Radical, mes convictions r\u00e9publicaines, et mon engagement humaniste, \u00e0 l&rsquo;instar de Sophie Joissains j&rsquo;ai d\u00e9cid\u00e9, depuis le retrait de Jean-Louis Borloo de soutenir la candidature de Nicolas Sarkozy, m\u00eame si je &hellip; Lire la suite\u00ad\u00ad\" \/>\n<meta property=\"og:url\" content=\"https:\/\/www.frederic-poitou.com\/blog\/cette-fois-ci-cest-parti\/\" \/>\n<meta property=\"article:publisher\" content=\"https:\/\/www.facebook.com\/frederic.poitou\/\" \/>\n<meta property=\"article:published_time\" content=\"2023-07-13T18:51:32+00:00\" \/>\n<meta property=\"article:modified_time\" content=\"2026-04-11T05:10:10+00:00\" \/>\n<meta name=\"author\" content=\"Fr\u00e9d\u00e9ric Poitou\" \/>\n<meta name=\"twitter:card\" content=\"summary_large_image\" \/>\n<meta name=\"twitter:creator\" content=\"@fredericpoitou\" \/>\n<meta name=\"twitter:site\" content=\"@fredericpoitou\" \/>\n<meta name=\"twitter:label1\" content=\"\u00c9crit par\" \/>\n\t<meta name=\"twitter:data1\" content=\"Fr\u00e9d\u00e9ric Poitou\" \/>\n\t<meta name=\"twitter:label2\" content=\"Dur\u00e9e de lecture estim\u00e9e\" \/>\n\t<meta name=\"twitter:data2\" content=\"1 minute\" \/>\n<script type=\"application\/ld+json\" class=\"yoast-schema-graph\">{\"@context\":\"https:\/\/schema.org\",\"@graph\":[{\"@type\":\"Article\",\"@id\":\"https:\/\/www.frederic-poitou.com\/blog\/cette-fois-ci-cest-parti\/#article\",\"isPartOf\":{\"@id\":\"https:\/\/www.frederic-poitou.com\/blog\/cette-fois-ci-cest-parti\/\"},\"author\":{\"name\":\"Fr\u00e9d\u00e9ric Poitou\",\"@id\":\"http:\/\/www.frederic-poitou.com\/blog\/#\/schema\/person\/e2c2d05e978747818533fdce859a7799\"},\"headline\":\"CETTE FOIS CI, C&rsquo;EST PARTI.\",\"datePublished\":\"2023-07-13T18:51:32+00:00\",\"dateModified\":\"2026-04-11T05:10:10+00:00\",\"mainEntityOfPage\":{\"@id\":\"https:\/\/www.frederic-poitou.com\/blog\/cette-fois-ci-cest-parti\/\"},\"wordCount\":178,\"commentCount\":0,\"keywords\":[\"Actualit\u00e9\",\"Divers\",\"La\u00efcit\u00e9\",\"MOUVEMENT REFORMATEUR\",\"PARTI RADICAL\",\"Politique\"],\"articleSection\":[\"Divers\"],\"inLanguage\":\"fr-FR\",\"potentialAction\":[{\"@type\":\"CommentAction\",\"name\":\"Comment\",\"target\":[\"https:\/\/www.frederic-poitou.com\/blog\/cette-fois-ci-cest-parti\/#respond\"]}]},{\"@type\":\"WebPage\",\"@id\":\"https:\/\/www.frederic-poitou.com\/blog\/cette-fois-ci-cest-parti\/\",\"url\":\"https:\/\/www.frederic-poitou.com\/blog\/cette-fois-ci-cest-parti\/\",\"name\":\"CETTE FOIS CI, C'EST PARTI. -\",\"isPartOf\":{\"@id\":\"http:\/\/www.frederic-poitou.com\/blog\/#website\"},\"datePublished\":\"2023-07-13T18:51:32+00:00\",\"dateModified\":\"2026-04-11T05:10:10+00:00\",\"author\":{\"@id\":\"http:\/\/www.frederic-poitou.com\/blog\/#\/schema\/person\/e2c2d05e978747818533fdce859a7799\"},\"breadcrumb\":{\"@id\":\"https:\/\/www.frederic-poitou.com\/blog\/cette-fois-ci-cest-parti\/#breadcrumb\"},\"inLanguage\":\"fr-FR\",\"potentialAction\":[{\"@type\":\"ReadAction\",\"target\":[\"https:\/\/www.frederic-poitou.com\/blog\/cette-fois-ci-cest-parti\/\"]}]},{\"@type\":\"BreadcrumbList\",\"@id\":\"https:\/\/www.frederic-poitou.com\/blog\/cette-fois-ci-cest-parti\/#breadcrumb\",\"itemListElement\":[{\"@type\":\"ListItem\",\"position\":1,\"name\":\"Accueil\",\"item\":\"http:\/\/www.frederic-poitou.com\/blog\/\"},{\"@type\":\"ListItem\",\"position\":2,\"name\":\"CETTE FOIS CI, C&rsquo;EST PARTI.\"}]},{\"@type\":\"WebSite\",\"@id\":\"http:\/\/www.frederic-poitou.com\/blog\/#website\",\"url\":\"http:\/\/www.frederic-poitou.com\/blog\/\",\"name\":\"\",\"description\":\"\",\"potentialAction\":[{\"@type\":\"SearchAction\",\"target\":{\"@type\":\"EntryPoint\",\"urlTemplate\":\"http:\/\/www.frederic-poitou.com\/blog\/?s={search_term_string}\"},\"query-input\":{\"@type\":\"PropertyValueSpecification\",\"valueRequired\":true,\"valueName\":\"search_term_string\"}}],\"inLanguage\":\"fr-FR\"},{\"@type\":\"Person\",\"@id\":\"http:\/\/www.frederic-poitou.com\/blog\/#\/schema\/person\/e2c2d05e978747818533fdce859a7799\",\"name\":\"Fr\u00e9d\u00e9ric Poitou\",\"image\":{\"@type\":\"ImageObject\",\"inLanguage\":\"fr-FR\",\"@id\":\"http:\/\/www.frederic-poitou.com\/blog\/#\/schema\/person\/image\/\",\"url\":\"https:\/\/secure.gravatar.com\/avatar\/1933bcca279a2feafd35d9e0a080c521e11beb51115fe4cfe02e2586ac13424a?s=96&d=mm&r=g\",\"contentUrl\":\"https:\/\/secure.gravatar.com\/avatar\/1933bcca279a2feafd35d9e0a080c521e11beb51115fe4cfe02e2586ac13424a?s=96&d=mm&r=g\",\"caption\":\"Fr\u00e9d\u00e9ric Poitou\"},\"description\":\"Fr\u00e9d\u00e9ric Poitou est n\u00e9 \u00e0 Rouen, et y a fait des \u00e9tudes au Conservatoire en musique-\u00e9tudes en section piano. Il s'est ensuite orient\u00e9 vers des \u00e9tudes scientifiques o\u00f9 il a obtenu un dipl\u00f4me d'ing\u00e9nieur, puis un doctorat en Chimie. Il est Expert Judiciaire en France, en Belgique et \u00e0 Luxembourg, et agr\u00e9e par les Institutions Europ\u00e9ennes.\",\"sameAs\":[\"http:\/\/www.frederic-poitou.com\",\"https:\/\/www.linkedin.com\/in\/frederic-poitou-b045a025\/\"]}]}<\/script>\n<!-- \/ Yoast SEO plugin. -->","yoast_head_json":{"title":"CETTE FOIS CI, C'EST PARTI. -","robots":{"index":"index","follow":"follow","max-snippet":"max-snippet:-1","max-image-preview":"max-image-preview:large","max-video-preview":"max-video-preview:-1"},"canonical":"https:\/\/www.frederic-poitou.com\/blog\/cette-fois-ci-cest-parti\/","og_locale":"fr_FR","og_type":"article","og_title":"CETTE FOIS CI, C'EST PARTI. -","og_description":"Sans renier un seul instant mon engagement au Parti Radical, mes convictions r\u00e9publicaines, et mon engagement humaniste, \u00e0 l&rsquo;instar de Sophie Joissains j&rsquo;ai d\u00e9cid\u00e9, depuis le retrait de Jean-Louis Borloo de soutenir la candidature de Nicolas Sarkozy, m\u00eame si je &hellip; Lire la suite\u00ad\u00ad","og_url":"https:\/\/www.frederic-poitou.com\/blog\/cette-fois-ci-cest-parti\/","article_publisher":"https:\/\/www.facebook.com\/frederic.poitou\/","article_published_time":"2023-07-13T18:51:32+00:00","article_modified_time":"2026-04-11T05:10:10+00:00","author":"Fr\u00e9d\u00e9ric Poitou","twitter_card":"summary_large_image","twitter_creator":"@fredericpoitou","twitter_site":"@fredericpoitou","twitter_misc":{"\u00c9crit par":"Fr\u00e9d\u00e9ric Poitou","Dur\u00e9e de lecture estim\u00e9e":"1 minute"},"schema":{"@context":"https:\/\/schema.org","@graph":[{"@type":"Article","@id":"https:\/\/www.frederic-poitou.com\/blog\/cette-fois-ci-cest-parti\/#article","isPartOf":{"@id":"https:\/\/www.frederic-poitou.com\/blog\/cette-fois-ci-cest-parti\/"},"author":{"name":"Fr\u00e9d\u00e9ric Poitou","@id":"http:\/\/www.frederic-poitou.com\/blog\/#\/schema\/person\/e2c2d05e978747818533fdce859a7799"},"headline":"CETTE FOIS CI, C&rsquo;EST PARTI.","datePublished":"2023-07-13T18:51:32+00:00","dateModified":"2026-04-11T05:10:10+00:00","mainEntityOfPage":{"@id":"https:\/\/www.frederic-poitou.com\/blog\/cette-fois-ci-cest-parti\/"},"wordCount":178,"commentCount":0,"keywords":["Actualit\u00e9","Divers","La\u00efcit\u00e9","MOUVEMENT REFORMATEUR","PARTI RADICAL","Politique"],"articleSection":["Divers"],"inLanguage":"fr-FR","potentialAction":[{"@type":"CommentAction","name":"Comment","target":["https:\/\/www.frederic-poitou.com\/blog\/cette-fois-ci-cest-parti\/#respond"]}]},{"@type":"WebPage","@id":"https:\/\/www.frederic-poitou.com\/blog\/cette-fois-ci-cest-parti\/","url":"https:\/\/www.frederic-poitou.com\/blog\/cette-fois-ci-cest-parti\/","name":"CETTE FOIS CI, C'EST PARTI. -","isPartOf":{"@id":"http:\/\/www.frederic-poitou.com\/blog\/#website"},"datePublished":"2023-07-13T18:51:32+00:00","dateModified":"2026-04-11T05:10:10+00:00","author":{"@id":"http:\/\/www.frederic-poitou.com\/blog\/#\/schema\/person\/e2c2d05e978747818533fdce859a7799"},"breadcrumb":{"@id":"https:\/\/www.frederic-poitou.com\/blog\/cette-fois-ci-cest-parti\/#breadcrumb"},"inLanguage":"fr-FR","potentialAction":[{"@type":"ReadAction","target":["https:\/\/www.frederic-poitou.com\/blog\/cette-fois-ci-cest-parti\/"]}]},{"@type":"BreadcrumbList","@id":"https:\/\/www.frederic-poitou.com\/blog\/cette-fois-ci-cest-parti\/#breadcrumb","itemListElement":[{"@type":"ListItem","position":1,"name":"Accueil","item":"http:\/\/www.frederic-poitou.com\/blog\/"},{"@type":"ListItem","position":2,"name":"CETTE FOIS CI, C&rsquo;EST PARTI."}]},{"@type":"WebSite","@id":"http:\/\/www.frederic-poitou.com\/blog\/#website","url":"http:\/\/www.frederic-poitou.com\/blog\/","name":"","description":"","potentialAction":[{"@type":"SearchAction","target":{"@type":"EntryPoint","urlTemplate":"http:\/\/www.frederic-poitou.com\/blog\/?s={search_term_string}"},"query-input":{"@type":"PropertyValueSpecification","valueRequired":true,"valueName":"search_term_string"}}],"inLanguage":"fr-FR"},{"@type":"Person","@id":"http:\/\/www.frederic-poitou.com\/blog\/#\/schema\/person\/e2c2d05e978747818533fdce859a7799","name":"Fr\u00e9d\u00e9ric Poitou","image":{"@type":"ImageObject","inLanguage":"fr-FR","@id":"http:\/\/www.frederic-poitou.com\/blog\/#\/schema\/person\/image\/","url":"https:\/\/secure.gravatar.com\/avatar\/1933bcca279a2feafd35d9e0a080c521e11beb51115fe4cfe02e2586ac13424a?s=96&d=mm&r=g","contentUrl":"https:\/\/secure.gravatar.com\/avatar\/1933bcca279a2feafd35d9e0a080c521e11beb51115fe4cfe02e2586ac13424a?s=96&d=mm&r=g","caption":"Fr\u00e9d\u00e9ric Poitou"},"description":"Fr\u00e9d\u00e9ric Poitou est n\u00e9 \u00e0 Rouen, et y a fait des \u00e9tudes au Conservatoire en musique-\u00e9tudes en section piano. Il s'est ensuite orient\u00e9 vers des \u00e9tudes scientifiques o\u00f9 il a obtenu un dipl\u00f4me d'ing\u00e9nieur, puis un doctorat en Chimie. Il est Expert Judiciaire en France, en Belgique et \u00e0 Luxembourg, et agr\u00e9e par les Institutions Europ\u00e9ennes.","sameAs":["http:\/\/www.frederic-poitou.com","https:\/\/www.linkedin.com\/in\/frederic-poitou-b045a025\/"]}]}},"_links":{"self":[{"href":"https:\/\/www.frederic-poitou.com\/blog\/wp-json\/wp\/v2\/posts\/6100","targetHints":{"allow":["GET"]}}],"collection":[{"href":"https:\/\/www.frederic-poitou.com\/blog\/wp-json\/wp\/v2\/posts"}],"about":[{"href":"https:\/\/www.frederic-poitou.com\/blog\/wp-json\/wp\/v2\/types\/post"}],"author":[{"embeddable":true,"href":"https:\/\/www.frederic-poitou.com\/blog\/wp-json\/wp\/v2\/users\/4"}],"replies":[{"embeddable":true,"href":"https:\/\/www.frederic-poitou.com\/blog\/wp-json\/wp\/v2\/comments?post=6100"}],"version-history":[{"count":1,"href":"https:\/\/www.frederic-poitou.com\/blog\/wp-json\/wp\/v2\/posts\/6100\/revisions"}],"predecessor-version":[{"id":10274,"href":"https:\/\/www.frederic-poitou.com\/blog\/wp-json\/wp\/v2\/posts\/6100\/revisions\/10274"}],"wp:attachment":[{"href":"https:\/\/www.frederic-poitou.com\/blog\/wp-json\/wp\/v2\/media?parent=6100"}],"wp:term":[{"taxonomy":"category","embeddable":true,"href":"https:\/\/www.frederic-poitou.com\/blog\/wp-json\/wp\/v2\/categories?post=6100"},{"taxonomy":"post_tag","embeddable":true,"href":"https:\/\/www.frederic-poitou.com\/blog\/wp-json\/wp\/v2\/tags?post=6100"}],"curies":[{"name":"wp","href":"https:\/\/api.w.org\/{rel}","templated":true}]}}