{"id":6069,"date":"2023-07-13T21:08:32","date_gmt":"2023-07-13T19:08:32","guid":{"rendered":"http:\/\/www.frederic-poitou.com\/blog\/?p=6069"},"modified":"2026-04-11T10:36:09","modified_gmt":"2026-04-11T08:36:09","slug":"lhumain-plutot-que-le-divin-n","status":"publish","type":"post","link":"https:\/\/www.frederic-poitou.com\/blog\/lhumain-plutot-que-le-divin-n\/","title":{"rendered":"L&rsquo;HUMAIN, PLUT\u00d4T QUE LE DIVIN &#8230;"},"content":{"rendered":"<p style=\"text-align: justify;\">Malgr\u00e9 les tentatives de d\u00e9stabilisation de la part de Patrick Cohen et de Caroline Fourest (par ailleurs tous deux excellents tous les jours dans la matinale d&rsquo;Inter), Luc \u00a0Ferry, impose, par une grande parabole d&rsquo;humanisme politique passant tour \u00e0 tour de Kant \u00ab\u00a0<em>les lumi\u00e8res, c&rsquo;est sortir des minorit\u00e9s<\/em>\u00ab\u00a0, Fukuyama \u00ab\u00a0<em>une civilisation dans laquelle les humains se traitent comme des adultes<\/em>\u00ab\u00a0, Claude Levy-Strauss qui d\u00e9clarait au Figaro que si <em>\u00ab\u00a0Hitler avait gagn\u00e9 la guerre, ce que nous appelons la barbarie serait devenu la civilisation\u00a0\u00bb<\/em> \u00e0 Andr\u00e9 Comte-Sponville \u00ab\u00a0<em>toutes les civilisations ne se valent pas, mais \u00e0 l&rsquo;int\u00e9rieur m\u00eame d&rsquo;une civilisation, tout ne se vaut pas<\/em>\u00a0\u00bb en passant Spinoza le Juif Portugais immigr\u00e9 en Hollande qui, le premier, introduit une distinction entre la Foi et le savoir, dont les ouvrages ne seront publi\u00e9s qu&rsquo;\u00e0 titre posthumes mais qui, par son rationalisme, ouvrira la voie vers l&rsquo;ath\u00e9isme, Castoriadis \u00ab\u00a0<em>L&rsquo;Europe a \u00e9t\u00e9 une cr\u00e9ation sociale, historique absolument g\u00e9niale<\/em>\u00ab\u00a0, et enfin Habermas a th\u00e9oris\u00e9 et valid\u00e9 le principe du <em>\u00ab\u00a0criblage de la soci\u00e9t\u00e9\u00a0\u00bb<\/em>, transposition du fameux \u00ab\u00a0<em>devoir d&rsquo;inventaire<\/em>\u00ab\u00a0, d\u00e9p\u00f4t de bilan propos\u00e9 en 2005 par Lionel Jospin \u00a0dont le parti socialiste et Fran\u00e7ois Hollande seraient bien inspir\u00e9s de se replonger, plut\u00f4t que de proposer de cr\u00e9er une \u00ab\u00a0<em>banque de developpement des entreprises<\/em>\u00ab\u00a0, tout en tirant \u00e0 boulets rouges sur les d\u00e9rives \u00ab\u00a0<em>syst\u00e8me bancaire mondial<\/em>\u00a0\u00bb (sic !), d\u00e9rives dont nous sommes par ailleurs tous conscients !<\/p>\n<p style=\"text-align: justify;\">Claude Gu\u00e9ant n&rsquo;est probablement pas un philosophe &#8211; et ca n&rsquo;est pas ce qu&rsquo;on lui demande &#8211; mais il est certain qu&rsquo;il n&rsquo;a pas utilis\u00e9 \u00e0 bon escient le terme \u00ab\u00a0civilisation\u00a0\u00bb, et que la terminologie de \u00ab\u00a0soci\u00e9t\u00e9\u00a0\u00bb, \u00ab\u00a0organisation soci\u00e9tale\u00a0\u00bb, \u00a0.. auraient d\u00e9clench\u00e9 moins de turbulences. Il n&rsquo;en reste pas moins qu&rsquo;au XXIeme si\u00e8cle, l&rsquo;Homme n&rsquo;a plus \u00e0 humilier la Femme en l&rsquo;obligeant \u00e0 se voiler, il fallait bien \u00e9liminer Sadam Hussein, Hussama Ben Laden, le \u00ab\u00a0colonel\u00a0\u00bb Kadhafi et tant d&rsquo;autres. Il fallait bien aussi une forte alliance internationale pour mettre \u00e0 mal ce que pr\u00e9voyait Hitler, et qu&rsquo;il va aussi falloir traiter \u00ab\u00a0le cas\u00a0\u00bb Bachar el-Assad qui assassine son peuple pour pr\u00e9server son once de pouvoir, avec le soutien de deux autres dictatures, la Chine, et la Russie.<\/p>\n<p style=\"text-align: justify;\">Alors, m\u00eame si je ne partage vraiment pas cette forme d&rsquo;ethnocentrisme, consistant \u00e0 consid\u00e9rer comme \u00ab\u00a0meilleur\u00a0\u00bb Mozart que les Tambours \u00ab\u00a0Guayaki\u00a0\u00bb (qui n&rsquo;existent pas semble-t-il), je pense comme vous que, depuis une cinquantaine d&rsquo;ann\u00e9e, l&rsquo;Europe produit plus de d\u00e9mocratie, de droits aux minorit\u00e9s, et de respect de la personne que d&rsquo;autres pays, ou d&rsquo;autres r\u00e9gimes politique. Une des d\u00e9finitions des civilisations (propos\u00e9e en g\u00e9n\u00e9ral par les historiens) est qu&rsquo;elle produit par d\u00e9finition plus de barbarie \u00e0 ces fronti\u00e8res qu&rsquo;elle n&rsquo;en cr\u00e9e en son sein.<\/p>\n<p style=\"text-align: justify;\">Merci Mr Ferry pour cette petite le\u00e7on de philosophie appliqu\u00e9e qui nous rappelle qu&rsquo;il existe au dessus des valeurs morales, la valeur universelle de la fraternit\u00e9. Encore n&rsquo;a t il pas eu le temps de citer la La\u00efcit\u00e9 &#8211; dont il est un ardent d\u00e9fenseur -, ou le rameau d&rsquo;Acacia que l&rsquo;on doit conna\u00eetre lorsque l&rsquo;on cite Levy-Strauss, Conte-Sponville, ou Spinoza !<\/p>\n<p style=\"text-align: justify;\">\n<p style=\"text-align: justify;\"><span style=\"color: #ffffff;\">&#8212;&#8212;&#8212;&#8212;&#8212;&#8212;&#8211;<\/span><\/p>\n<p style=\"text-align: justify;\"><span style=\"color: #ffffff;\">&#8212;&#8212;&#8212;&#8212;&#8212;&#8212;&#8211;<\/span><\/p>\n<p style=\"text-align: justify;\"><span style=\"color: #ffffff;\">&#8212;&#8212;&#8212;&#8212;&#8212;&#8212;&#8211;<\/span><\/p>\n<p style=\"text-align: justify;\"><span style=\"color: #ffffff;\">&#8212;&#8212;&#8212;&#8212;&#8212;&#8212;&#8211;<\/span><\/p>\n<p style=\"text-align: justify;\"><span style=\"color: #ffffff;\">&#8212;&#8212;&#8212;&#8212;&#8212;&#8212;&#8211;<\/span><\/p>\n<p style=\"text-align: justify;\">\n<p style=\"text-align: justify;\">\n<p style=\"text-align: justify;\"><span style=\"color: #ffffff;\"><br \/>\n<\/span><\/p>\n<p style=\"text-align: justify;\">\n<p style=\"text-align: justify;\">\n<p style=\"text-align: justify;\">Fr\u00e9d\u00e9ric<\/p>\n<p style=\"text-align: justify;\">\n<p style=\"text-align: justify;\">\n<p style=\"text-align: justify;\">\n<p style=\"text-align: justify;\">\n<p><iframe loading=\"lazy\" frameborder=\"0\" width=\"560\" height=\"322\" src=\"http:\/\/www.dailymotion.com\/embed\/video\/xoklud\"><\/iframe><br \/><a href=\"http:\/\/www.dailymotion.com\/video\/xoklud_luc-ferry-petite-lecon-d-humanisme-europeen_news\" target=\"_blank\" rel=\"noopener\">Luc Ferry, petite le&ccedil;on d&#039;humanisme europ&eacute;en<\/a> <i>par <a href=\"http:\/\/www.dailymotion.com\/ATTACHEE-PRESSE13\" target=\"_blank\" rel=\"noopener\">ATTACHEE-PRESSE13<\/a><\/i><\/p>\n<p><a href=\"http:\/\/www.dailymotion.com\/video\/xoklud_luc-ferry-petite-lecon-d-humanisme-europeen_news\" target=\"_blank\" rel=\"noopener\">Luc Ferry, petite le\u00e7on d&rsquo;humanisme europ\u00e9en<\/a> <em>par <a href=\"http:\/\/www.dailymotion.com\/ATTACHEE-PRESSE13\" target=\"_blank\" rel=\"noopener\">ATTACHEE-PRESSE13<\/a><\/em><\/p>\n","protected":false},"excerpt":{"rendered":"<p>Malgr\u00e9 les tentatives de d\u00e9stabilisation de la part de Patrick Cohen et de Caroline Fourest (par ailleurs tous deux excellents tous les jours dans la matinale d&rsquo;Inter), Luc \u00a0Ferry, impose, par une grande parabole d&rsquo;humanisme politique passant tour \u00e0 tour &hellip; <a href=\"https:\/\/www.frederic-poitou.com\/blog\/lhumain-plutot-que-le-divin-n\/\">Lire la suite\u00ad\u00ad<\/a><\/p>\n","protected":false},"author":4,"featured_media":0,"comment_status":"open","ping_status":"open","sticky":false,"template":"","format":"standard","meta":{"kt_blocks_editor_width":"","_exactmetrics_skip_tracking":false,"_exactmetrics_sitenote_active":false,"_exactmetrics_sitenote_note":"","_exactmetrics_sitenote_category":0,"footnotes":""},"categories":[48],"tags":[27,25,24],"class_list":["post-6069","post","type-post","status-publish","format-standard","hentry","category-accueil","tag-actualite","tag-parti-radical","tag-politique"],"yoast_head":"<!-- This site is optimized with the Yoast SEO plugin v27.1.1 - https:\/\/yoast.com\/product\/yoast-seo-wordpress\/ -->\n<title>L&#039;HUMAIN, PLUT\u00d4T QUE LE DIVIN ... -<\/title>\n<meta name=\"robots\" content=\"index, follow, max-snippet:-1, max-image-preview:large, max-video-preview:-1\" \/>\n<link rel=\"canonical\" href=\"https:\/\/www.frederic-poitou.com\/blog\/lhumain-plutot-que-le-divin-n\/\" \/>\n<meta property=\"og:locale\" content=\"fr_FR\" \/>\n<meta property=\"og:type\" content=\"article\" \/>\n<meta property=\"og:title\" content=\"L&#039;HUMAIN, PLUT\u00d4T QUE LE DIVIN ... -\" \/>\n<meta property=\"og:description\" content=\"Malgr\u00e9 les tentatives de d\u00e9stabilisation de la part de Patrick Cohen et de Caroline Fourest (par ailleurs tous deux excellents tous les jours dans la matinale d&rsquo;Inter), Luc \u00a0Ferry, impose, par une grande parabole d&rsquo;humanisme politique passant tour \u00e0 tour &hellip; Lire la suite\u00ad\u00ad\" \/>\n<meta property=\"og:url\" content=\"https:\/\/www.frederic-poitou.com\/blog\/lhumain-plutot-que-le-divin-n\/\" \/>\n<meta property=\"article:publisher\" content=\"https:\/\/www.facebook.com\/frederic.poitou\/\" \/>\n<meta property=\"article:published_time\" content=\"2023-07-13T19:08:32+00:00\" \/>\n<meta property=\"article:modified_time\" content=\"2026-04-11T08:36:09+00:00\" \/>\n<meta name=\"author\" content=\"Fr\u00e9d\u00e9ric Poitou\" \/>\n<meta name=\"twitter:card\" content=\"summary_large_image\" \/>\n<meta name=\"twitter:creator\" content=\"@fredericpoitou\" \/>\n<meta name=\"twitter:site\" content=\"@fredericpoitou\" \/>\n<meta name=\"twitter:label1\" content=\"\u00c9crit par\" \/>\n\t<meta name=\"twitter:data1\" content=\"Fr\u00e9d\u00e9ric Poitou\" \/>\n\t<meta name=\"twitter:label2\" content=\"Dur\u00e9e de lecture estim\u00e9e\" \/>\n\t<meta name=\"twitter:data2\" content=\"3 minutes\" \/>\n<script type=\"application\/ld+json\" class=\"yoast-schema-graph\">{\"@context\":\"https:\/\/schema.org\",\"@graph\":[{\"@type\":\"Article\",\"@id\":\"https:\/\/www.frederic-poitou.com\/blog\/lhumain-plutot-que-le-divin-n\/#article\",\"isPartOf\":{\"@id\":\"https:\/\/www.frederic-poitou.com\/blog\/lhumain-plutot-que-le-divin-n\/\"},\"author\":{\"name\":\"Fr\u00e9d\u00e9ric Poitou\",\"@id\":\"https:\/\/www.frederic-poitou.com\/blog\/#\/schema\/person\/e2c2d05e978747818533fdce859a7799\"},\"headline\":\"L&rsquo;HUMAIN, PLUT\u00d4T QUE LE DIVIN &#8230;\",\"datePublished\":\"2023-07-13T19:08:32+00:00\",\"dateModified\":\"2026-04-11T08:36:09+00:00\",\"mainEntityOfPage\":{\"@id\":\"https:\/\/www.frederic-poitou.com\/blog\/lhumain-plutot-que-le-divin-n\/\"},\"wordCount\":608,\"commentCount\":0,\"keywords\":[\"Actualit\u00e9\",\"PARTI RADICAL\",\"Politique\"],\"articleSection\":[\"Accueil\"],\"inLanguage\":\"fr-FR\",\"potentialAction\":[{\"@type\":\"CommentAction\",\"name\":\"Comment\",\"target\":[\"https:\/\/www.frederic-poitou.com\/blog\/lhumain-plutot-que-le-divin-n\/#respond\"]}]},{\"@type\":\"WebPage\",\"@id\":\"https:\/\/www.frederic-poitou.com\/blog\/lhumain-plutot-que-le-divin-n\/\",\"url\":\"https:\/\/www.frederic-poitou.com\/blog\/lhumain-plutot-que-le-divin-n\/\",\"name\":\"L'HUMAIN, PLUT\u00d4T QUE LE DIVIN ... -\",\"isPartOf\":{\"@id\":\"https:\/\/www.frederic-poitou.com\/blog\/#website\"},\"datePublished\":\"2023-07-13T19:08:32+00:00\",\"dateModified\":\"2026-04-11T08:36:09+00:00\",\"author\":{\"@id\":\"https:\/\/www.frederic-poitou.com\/blog\/#\/schema\/person\/e2c2d05e978747818533fdce859a7799\"},\"breadcrumb\":{\"@id\":\"https:\/\/www.frederic-poitou.com\/blog\/lhumain-plutot-que-le-divin-n\/#breadcrumb\"},\"inLanguage\":\"fr-FR\",\"potentialAction\":[{\"@type\":\"ReadAction\",\"target\":[\"https:\/\/www.frederic-poitou.com\/blog\/lhumain-plutot-que-le-divin-n\/\"]}]},{\"@type\":\"BreadcrumbList\",\"@id\":\"https:\/\/www.frederic-poitou.com\/blog\/lhumain-plutot-que-le-divin-n\/#breadcrumb\",\"itemListElement\":[{\"@type\":\"ListItem\",\"position\":1,\"name\":\"Accueil\",\"item\":\"https:\/\/www.frederic-poitou.com\/blog\/\"},{\"@type\":\"ListItem\",\"position\":2,\"name\":\"L&rsquo;HUMAIN, PLUT\u00d4T QUE LE DIVIN &#8230;\"}]},{\"@type\":\"WebSite\",\"@id\":\"https:\/\/www.frederic-poitou.com\/blog\/#website\",\"url\":\"https:\/\/www.frederic-poitou.com\/blog\/\",\"name\":\"\",\"description\":\"\",\"potentialAction\":[{\"@type\":\"SearchAction\",\"target\":{\"@type\":\"EntryPoint\",\"urlTemplate\":\"https:\/\/www.frederic-poitou.com\/blog\/?s={search_term_string}\"},\"query-input\":{\"@type\":\"PropertyValueSpecification\",\"valueRequired\":true,\"valueName\":\"search_term_string\"}}],\"inLanguage\":\"fr-FR\"},{\"@type\":\"Person\",\"@id\":\"https:\/\/www.frederic-poitou.com\/blog\/#\/schema\/person\/e2c2d05e978747818533fdce859a7799\",\"name\":\"Fr\u00e9d\u00e9ric Poitou\",\"image\":{\"@type\":\"ImageObject\",\"inLanguage\":\"fr-FR\",\"@id\":\"https:\/\/www.frederic-poitou.com\/blog\/#\/schema\/person\/image\/\",\"url\":\"https:\/\/secure.gravatar.com\/avatar\/1933bcca279a2feafd35d9e0a080c521e11beb51115fe4cfe02e2586ac13424a?s=96&d=mm&r=g\",\"contentUrl\":\"https:\/\/secure.gravatar.com\/avatar\/1933bcca279a2feafd35d9e0a080c521e11beb51115fe4cfe02e2586ac13424a?s=96&d=mm&r=g\",\"caption\":\"Fr\u00e9d\u00e9ric Poitou\"},\"description\":\"Fr\u00e9d\u00e9ric Poitou est n\u00e9 \u00e0 Rouen, et y a fait des \u00e9tudes au Conservatoire en musique-\u00e9tudes en section piano. Il s'est ensuite orient\u00e9 vers des \u00e9tudes scientifiques o\u00f9 il a obtenu un dipl\u00f4me d'ing\u00e9nieur, puis un doctorat en Chimie. Il est Expert Judiciaire en France, en Belgique et \u00e0 Luxembourg, et agr\u00e9e par les Institutions Europ\u00e9ennes.\",\"sameAs\":[\"http:\/\/www.frederic-poitou.com\",\"https:\/\/www.linkedin.com\/in\/frederic-poitou-b045a025\/\"]}]}<\/script>\n<!-- \/ Yoast SEO plugin. -->","yoast_head_json":{"title":"L'HUMAIN, PLUT\u00d4T QUE LE DIVIN ... -","robots":{"index":"index","follow":"follow","max-snippet":"max-snippet:-1","max-image-preview":"max-image-preview:large","max-video-preview":"max-video-preview:-1"},"canonical":"https:\/\/www.frederic-poitou.com\/blog\/lhumain-plutot-que-le-divin-n\/","og_locale":"fr_FR","og_type":"article","og_title":"L'HUMAIN, PLUT\u00d4T QUE LE DIVIN ... -","og_description":"Malgr\u00e9 les tentatives de d\u00e9stabilisation de la part de Patrick Cohen et de Caroline Fourest (par ailleurs tous deux excellents tous les jours dans la matinale d&rsquo;Inter), Luc \u00a0Ferry, impose, par une grande parabole d&rsquo;humanisme politique passant tour \u00e0 tour &hellip; Lire la suite\u00ad\u00ad","og_url":"https:\/\/www.frederic-poitou.com\/blog\/lhumain-plutot-que-le-divin-n\/","article_publisher":"https:\/\/www.facebook.com\/frederic.poitou\/","article_published_time":"2023-07-13T19:08:32+00:00","article_modified_time":"2026-04-11T08:36:09+00:00","author":"Fr\u00e9d\u00e9ric Poitou","twitter_card":"summary_large_image","twitter_creator":"@fredericpoitou","twitter_site":"@fredericpoitou","twitter_misc":{"\u00c9crit par":"Fr\u00e9d\u00e9ric Poitou","Dur\u00e9e de lecture estim\u00e9e":"3 minutes"},"schema":{"@context":"https:\/\/schema.org","@graph":[{"@type":"Article","@id":"https:\/\/www.frederic-poitou.com\/blog\/lhumain-plutot-que-le-divin-n\/#article","isPartOf":{"@id":"https:\/\/www.frederic-poitou.com\/blog\/lhumain-plutot-que-le-divin-n\/"},"author":{"name":"Fr\u00e9d\u00e9ric Poitou","@id":"https:\/\/www.frederic-poitou.com\/blog\/#\/schema\/person\/e2c2d05e978747818533fdce859a7799"},"headline":"L&rsquo;HUMAIN, PLUT\u00d4T QUE LE DIVIN &#8230;","datePublished":"2023-07-13T19:08:32+00:00","dateModified":"2026-04-11T08:36:09+00:00","mainEntityOfPage":{"@id":"https:\/\/www.frederic-poitou.com\/blog\/lhumain-plutot-que-le-divin-n\/"},"wordCount":608,"commentCount":0,"keywords":["Actualit\u00e9","PARTI RADICAL","Politique"],"articleSection":["Accueil"],"inLanguage":"fr-FR","potentialAction":[{"@type":"CommentAction","name":"Comment","target":["https:\/\/www.frederic-poitou.com\/blog\/lhumain-plutot-que-le-divin-n\/#respond"]}]},{"@type":"WebPage","@id":"https:\/\/www.frederic-poitou.com\/blog\/lhumain-plutot-que-le-divin-n\/","url":"https:\/\/www.frederic-poitou.com\/blog\/lhumain-plutot-que-le-divin-n\/","name":"L'HUMAIN, PLUT\u00d4T QUE LE DIVIN ... -","isPartOf":{"@id":"https:\/\/www.frederic-poitou.com\/blog\/#website"},"datePublished":"2023-07-13T19:08:32+00:00","dateModified":"2026-04-11T08:36:09+00:00","author":{"@id":"https:\/\/www.frederic-poitou.com\/blog\/#\/schema\/person\/e2c2d05e978747818533fdce859a7799"},"breadcrumb":{"@id":"https:\/\/www.frederic-poitou.com\/blog\/lhumain-plutot-que-le-divin-n\/#breadcrumb"},"inLanguage":"fr-FR","potentialAction":[{"@type":"ReadAction","target":["https:\/\/www.frederic-poitou.com\/blog\/lhumain-plutot-que-le-divin-n\/"]}]},{"@type":"BreadcrumbList","@id":"https:\/\/www.frederic-poitou.com\/blog\/lhumain-plutot-que-le-divin-n\/#breadcrumb","itemListElement":[{"@type":"ListItem","position":1,"name":"Accueil","item":"https:\/\/www.frederic-poitou.com\/blog\/"},{"@type":"ListItem","position":2,"name":"L&rsquo;HUMAIN, PLUT\u00d4T QUE LE DIVIN &#8230;"}]},{"@type":"WebSite","@id":"https:\/\/www.frederic-poitou.com\/blog\/#website","url":"https:\/\/www.frederic-poitou.com\/blog\/","name":"","description":"","potentialAction":[{"@type":"SearchAction","target":{"@type":"EntryPoint","urlTemplate":"https:\/\/www.frederic-poitou.com\/blog\/?s={search_term_string}"},"query-input":{"@type":"PropertyValueSpecification","valueRequired":true,"valueName":"search_term_string"}}],"inLanguage":"fr-FR"},{"@type":"Person","@id":"https:\/\/www.frederic-poitou.com\/blog\/#\/schema\/person\/e2c2d05e978747818533fdce859a7799","name":"Fr\u00e9d\u00e9ric Poitou","image":{"@type":"ImageObject","inLanguage":"fr-FR","@id":"https:\/\/www.frederic-poitou.com\/blog\/#\/schema\/person\/image\/","url":"https:\/\/secure.gravatar.com\/avatar\/1933bcca279a2feafd35d9e0a080c521e11beb51115fe4cfe02e2586ac13424a?s=96&d=mm&r=g","contentUrl":"https:\/\/secure.gravatar.com\/avatar\/1933bcca279a2feafd35d9e0a080c521e11beb51115fe4cfe02e2586ac13424a?s=96&d=mm&r=g","caption":"Fr\u00e9d\u00e9ric Poitou"},"description":"Fr\u00e9d\u00e9ric Poitou est n\u00e9 \u00e0 Rouen, et y a fait des \u00e9tudes au Conservatoire en musique-\u00e9tudes en section piano. Il s'est ensuite orient\u00e9 vers des \u00e9tudes scientifiques o\u00f9 il a obtenu un dipl\u00f4me d'ing\u00e9nieur, puis un doctorat en Chimie. Il est Expert Judiciaire en France, en Belgique et \u00e0 Luxembourg, et agr\u00e9e par les Institutions Europ\u00e9ennes.","sameAs":["http:\/\/www.frederic-poitou.com","https:\/\/www.linkedin.com\/in\/frederic-poitou-b045a025\/"]}]}},"_links":{"self":[{"href":"https:\/\/www.frederic-poitou.com\/blog\/wp-json\/wp\/v2\/posts\/6069","targetHints":{"allow":["GET"]}}],"collection":[{"href":"https:\/\/www.frederic-poitou.com\/blog\/wp-json\/wp\/v2\/posts"}],"about":[{"href":"https:\/\/www.frederic-poitou.com\/blog\/wp-json\/wp\/v2\/types\/post"}],"author":[{"embeddable":true,"href":"https:\/\/www.frederic-poitou.com\/blog\/wp-json\/wp\/v2\/users\/4"}],"replies":[{"embeddable":true,"href":"https:\/\/www.frederic-poitou.com\/blog\/wp-json\/wp\/v2\/comments?post=6069"}],"version-history":[{"count":1,"href":"https:\/\/www.frederic-poitou.com\/blog\/wp-json\/wp\/v2\/posts\/6069\/revisions"}],"predecessor-version":[{"id":10268,"href":"https:\/\/www.frederic-poitou.com\/blog\/wp-json\/wp\/v2\/posts\/6069\/revisions\/10268"}],"wp:attachment":[{"href":"https:\/\/www.frederic-poitou.com\/blog\/wp-json\/wp\/v2\/media?parent=6069"}],"wp:term":[{"taxonomy":"category","embeddable":true,"href":"https:\/\/www.frederic-poitou.com\/blog\/wp-json\/wp\/v2\/categories?post=6069"},{"taxonomy":"post_tag","embeddable":true,"href":"https:\/\/www.frederic-poitou.com\/blog\/wp-json\/wp\/v2\/tags?post=6069"}],"curies":[{"name":"wp","href":"https:\/\/api.w.org\/{rel}","templated":true}]}}