{"id":6061,"date":"2023-07-14T02:41:32","date_gmt":"2023-07-14T00:41:32","guid":{"rendered":"http:\/\/www.frederic-poitou.com\/blog\/?p=6061"},"modified":"2026-04-15T08:00:22","modified_gmt":"2026-04-15T06:00:22","slug":"voila-une-tres-belle-proposition","status":"publish","type":"post","link":"https:\/\/www.frederic-poitou.com\/blog\/voila-une-tres-belle-proposition\/","title":{"rendered":"VOICI UNE TRES BELLE PROPOSITION"},"content":{"rendered":"<p style=\"text-align: justify;\">Bien que difficile \u00e0 mettre en oeuvre, voire un peu utopiste, Teemour Manbety a lanc\u00e9 sur (l&rsquo;excellent) blog de BHL, une id\u00e9e qui me plait, et qui sent bon l&rsquo;inter-culturel, le lien de notre mod\u00e8le de d\u00e9veloppement soci\u00e9tal.<br \/>\nJe le cite \u00ab\u00a0in extenso\u00a0\u00bb, m\u00eame si je n&rsquo;adh\u00e8re pas exactement \u00e0 tout ce qu&rsquo;il \u00e9crit :<\/p>\n<p style=\"text-align: justify;\"><em> \u00ab\u00a0Prescription \u00e0 l\u2019usage de l\u2019\u00e9ducation nationale pr\u00e9ceptrice d\u2019une soci\u00e9t\u00e9 souvent diagnostiqu\u00e9e\u00a0pour haine de soi et\/ou de l\u2019autre.<\/em><\/p>\n<p style=\"text-align: justify;\"><em>A l\u2019image de la \u201cdose de proportionnelle inject\u00e9e\u201d dans le syst\u00e8me \u00e9lectoral fran\u00e7ais, qui a permis \u00e0 des sensibilit\u00e9s politiques estim\u00e9es minoritaires d\u2019\u00eatre entendues, une \u201cdose de proportionnelle inject\u00e9e\u201d dans le programme de l\u2019\u00e9ducation nationale &#8211; en cursus primaire et secondaire \u2013 permettrait \u00e0 toutes les civilisations dont la population fran\u00e7aise cosmopolite est l\u00e9gataire, d\u2019\u00eatre mieux connues, et \u00e0 leurs h\u00e9ritiers d\u2019\u00eatre plus valoris\u00e9s socialement.<br \/>\nL\u2019enseignement de l\u2019Histoire et celui de la g\u00e9ographie, tout particuli\u00e8rement, portent encore l\u2019empreinte de l\u2019imp\u00e9rialisme id\u00e9ologique du leadership des si\u00e8cles pass\u00e9s.<br \/>\nA d\u00e9faut de recherches auto-didactiques, on y apprend longtemps la grandeur et le g\u00e9nie des uns, et la soumission et le mim\u00e9tisme des autres. C\u2019est l\u00e0 un des facteurs qui font de l\u2019\u00e9cole un terreau fertile pour le m\u00e9pris, l\u2019\u00e9thnicisme et l\u2019adh\u00e9sion \u00e0 des th\u00e9ories supr\u00e9macistes.<\/em><\/p>\n<p style=\"text-align: justify;\"><em>Teemour Manbety <\/em><em>\u00ab\u00a0<\/em><\/p>\n<p style=\"text-align: justify;\"><em><br \/>\n<\/em><\/p>\n<p style=\"text-align: justify;\"><span style=\"color: #ffffff;\">&#8212;&#8212;&#8212;&#8212;&#8212;&#8212;&#8212;&#8212;&#8212;&#8212;&#8212;&#8212;&#8212;&#8212;&#8212;&#8212;&#8212;&#8212;&#8212;&#8212;&#8212;&#8212;&#8212;&#8212;&#8212;&#8212;&#8212;&#8212;&#8212;&#8212;&#8212;&#8212;&#8212;-<\/span><\/p>\n<p style=\"text-align: justify;\">Et si, en plus de l&rsquo;apprentissage du \u00ab\u00a0fait religieux\u00a0\u00bb, de la \u00ab\u00a0philosophie de la la\u00efcit\u00e9\u00a0\u00bb et de \u00ab\u00a0l&rsquo;histoire des religions\u00a0\u00bb, on enseignait \u00e0 nos t\u00eates blondes (et aussi aux bruns fris\u00e9s &#8230;), d&rsquo;o\u00f9 ils viennent, et la raison pour laquelle leurs anc\u00eatres ont tous, \u00e0 leur mani\u00e8re, enrichi la R\u00e9publique par leurs apports culturels, ethniques, soci\u00e9taux ? Selon l&rsquo;INED, 23% de la population fran\u00e7aise aurait un parent, ou un grand parent d&rsquo;origine immigr\u00e9e, on arrive \u00e0 35% si l&rsquo;on remonte aux arri\u00e8re-grands parents &#8230;<\/p>\n<p style=\"text-align: justify;\">Sans remonter au Grecs, les invasions des Normands au IXe, les vagues successives d&rsquo;immigrations ont amen\u00e9 en France, selon le recensement de 1931, les immigr\u00e9s suivants, dont nous sommes tous &#8211; ou presque &#8230; &#8211; les descendants !<\/p>\n<p style=\"text-align: justify;\">Italiens : 808000<br \/>\nPolonais : 508000<br \/>\nEspagnols 351900<br \/>\nBelges : 253000<br \/>\nMaghreb : 1000<br \/>\nSuisses : 98500<br \/>\nRusses : 71900<br \/>\nBritanniques : 47400<br \/>\nTch\u00e8ques : 47200<br \/>\nEurope centrale : 44300<br \/>\nTurcs : 36100<br \/>\nAllemands : 30700<br \/>\nAutres : 175000<\/p>\n<p style=\"text-align: justify;\">\n<p style=\"text-align: justify;\">Pourquoi ignorer cette r\u00e9alit\u00e9, en nier l&rsquo;importance, et refuser \u00e0 nos enfants de valoriser leurs origines, plut\u00f4t que les stigmatiser ?<\/p>\n<p style=\"text-align: justify;\">Quasi impossible \u00e0 mettre en place, mais \u00d4 que l&rsquo;id\u00e9e est s\u00e9duisante, non ?<\/p>\n<p style=\"text-align: justify;\">\n<p style=\"text-align: justify;\">\n<p style=\"text-align: justify; padding-left: 570px;\"><em>Fr\u00e9d\u00e9ric<\/em><\/p>\n<p style=\"text-align: justify;\">\n<p style=\"text-align: justify;\"><span style=\"color: #ffffff;\">&#8212;&#8212;&#8212;&#8212;&#8212;&#8212;&#8212;&#8212;&#8212;&#8212;&#8212;&#8212;&#8212;&#8212;&#8212;&#8212;&#8212;&#8212;&#8212;&#8212;&#8212;&#8212;&#8212;&#8212;&#8212;&#8212;&#8212;&#8212;&#8212;&#8212;&#8212;&#8212;-<\/span><\/p>\n<div style=\"text-align: justify;\"><span style=\"color: #333333;\">Petite contribution sur l&rsquo;interculturalisme en cliquant <a href=\"http:\/\/www.frederic-poitou.com\/blog\/wp-content\/contribution-light.pdf\" target=\"_blank\" rel=\"noopener\">ICI<\/a><\/span><\/div>\n","protected":false},"excerpt":{"rendered":"<p>Bien que difficile \u00e0 mettre en oeuvre, voire un peu utopiste, Teemour Manbety a lanc\u00e9 sur (l&rsquo;excellent) blog de BHL, une id\u00e9e qui me plait, et qui sent bon l&rsquo;inter-culturel, le lien de notre mod\u00e8le de d\u00e9veloppement soci\u00e9tal. Je le &hellip; <a href=\"https:\/\/www.frederic-poitou.com\/blog\/voila-une-tres-belle-proposition\/\">Lire la suite\u00ad\u00ad<\/a><\/p>\n","protected":false},"author":4,"featured_media":0,"comment_status":"open","ping_status":"open","sticky":false,"template":"","format":"standard","meta":{"kt_blocks_editor_width":"","_exactmetrics_skip_tracking":false,"_exactmetrics_sitenote_active":false,"_exactmetrics_sitenote_note":"","_exactmetrics_sitenote_category":0,"footnotes":""},"categories":[48],"tags":[27,26,25,24],"class_list":["post-6061","post","type-post","status-publish","format-standard","hentry","category-accueil","tag-actualite","tag-laicite","tag-parti-radical","tag-politique"],"yoast_head":"<!-- This site is optimized with the Yoast SEO plugin v27.1.1 - https:\/\/yoast.com\/product\/yoast-seo-wordpress\/ -->\n<title>VOICI UNE TRES BELLE PROPOSITION -<\/title>\n<meta name=\"robots\" content=\"index, follow, max-snippet:-1, max-image-preview:large, max-video-preview:-1\" \/>\n<link rel=\"canonical\" href=\"https:\/\/www.frederic-poitou.com\/blog\/voila-une-tres-belle-proposition\/\" \/>\n<meta property=\"og:locale\" content=\"fr_FR\" \/>\n<meta property=\"og:type\" content=\"article\" \/>\n<meta property=\"og:title\" content=\"VOICI UNE TRES BELLE PROPOSITION -\" \/>\n<meta property=\"og:description\" content=\"Bien que difficile \u00e0 mettre en oeuvre, voire un peu utopiste, Teemour Manbety a lanc\u00e9 sur (l&rsquo;excellent) blog de BHL, une id\u00e9e qui me plait, et qui sent bon l&rsquo;inter-culturel, le lien de notre mod\u00e8le de d\u00e9veloppement soci\u00e9tal. Je le &hellip; Lire la suite\u00ad\u00ad\" \/>\n<meta property=\"og:url\" content=\"https:\/\/www.frederic-poitou.com\/blog\/voila-une-tres-belle-proposition\/\" \/>\n<meta property=\"article:publisher\" content=\"https:\/\/www.facebook.com\/frederic.poitou\/\" \/>\n<meta property=\"article:published_time\" content=\"2023-07-14T00:41:32+00:00\" \/>\n<meta property=\"article:modified_time\" content=\"2026-04-15T06:00:22+00:00\" \/>\n<meta name=\"author\" content=\"Fr\u00e9d\u00e9ric Poitou\" \/>\n<meta name=\"twitter:card\" content=\"summary_large_image\" \/>\n<meta name=\"twitter:creator\" content=\"@fredericpoitou\" \/>\n<meta name=\"twitter:site\" content=\"@fredericpoitou\" \/>\n<meta name=\"twitter:label1\" content=\"\u00c9crit par\" \/>\n\t<meta name=\"twitter:data1\" content=\"Fr\u00e9d\u00e9ric Poitou\" \/>\n\t<meta name=\"twitter:label2\" content=\"Dur\u00e9e de lecture estim\u00e9e\" \/>\n\t<meta name=\"twitter:data2\" content=\"2 minutes\" \/>\n<script type=\"application\/ld+json\" class=\"yoast-schema-graph\">{\"@context\":\"https:\/\/schema.org\",\"@graph\":[{\"@type\":\"Article\",\"@id\":\"https:\/\/www.frederic-poitou.com\/blog\/voila-une-tres-belle-proposition\/#article\",\"isPartOf\":{\"@id\":\"https:\/\/www.frederic-poitou.com\/blog\/voila-une-tres-belle-proposition\/\"},\"author\":{\"name\":\"Fr\u00e9d\u00e9ric Poitou\",\"@id\":\"http:\/\/www.frederic-poitou.com\/blog\/#\/schema\/person\/e2c2d05e978747818533fdce859a7799\"},\"headline\":\"VOICI UNE TRES BELLE PROPOSITION\",\"datePublished\":\"2023-07-14T00:41:32+00:00\",\"dateModified\":\"2026-04-15T06:00:22+00:00\",\"mainEntityOfPage\":{\"@id\":\"https:\/\/www.frederic-poitou.com\/blog\/voila-une-tres-belle-proposition\/\"},\"wordCount\":450,\"commentCount\":0,\"keywords\":[\"Actualit\u00e9\",\"La\u00efcit\u00e9\",\"PARTI RADICAL\",\"Politique\"],\"articleSection\":[\"Accueil\"],\"inLanguage\":\"fr-FR\",\"potentialAction\":[{\"@type\":\"CommentAction\",\"name\":\"Comment\",\"target\":[\"https:\/\/www.frederic-poitou.com\/blog\/voila-une-tres-belle-proposition\/#respond\"]}]},{\"@type\":\"WebPage\",\"@id\":\"https:\/\/www.frederic-poitou.com\/blog\/voila-une-tres-belle-proposition\/\",\"url\":\"https:\/\/www.frederic-poitou.com\/blog\/voila-une-tres-belle-proposition\/\",\"name\":\"VOICI UNE TRES BELLE PROPOSITION -\",\"isPartOf\":{\"@id\":\"http:\/\/www.frederic-poitou.com\/blog\/#website\"},\"datePublished\":\"2023-07-14T00:41:32+00:00\",\"dateModified\":\"2026-04-15T06:00:22+00:00\",\"author\":{\"@id\":\"http:\/\/www.frederic-poitou.com\/blog\/#\/schema\/person\/e2c2d05e978747818533fdce859a7799\"},\"breadcrumb\":{\"@id\":\"https:\/\/www.frederic-poitou.com\/blog\/voila-une-tres-belle-proposition\/#breadcrumb\"},\"inLanguage\":\"fr-FR\",\"potentialAction\":[{\"@type\":\"ReadAction\",\"target\":[\"https:\/\/www.frederic-poitou.com\/blog\/voila-une-tres-belle-proposition\/\"]}]},{\"@type\":\"BreadcrumbList\",\"@id\":\"https:\/\/www.frederic-poitou.com\/blog\/voila-une-tres-belle-proposition\/#breadcrumb\",\"itemListElement\":[{\"@type\":\"ListItem\",\"position\":1,\"name\":\"Accueil\",\"item\":\"http:\/\/www.frederic-poitou.com\/blog\/\"},{\"@type\":\"ListItem\",\"position\":2,\"name\":\"VOICI UNE TRES BELLE PROPOSITION\"}]},{\"@type\":\"WebSite\",\"@id\":\"http:\/\/www.frederic-poitou.com\/blog\/#website\",\"url\":\"http:\/\/www.frederic-poitou.com\/blog\/\",\"name\":\"\",\"description\":\"\",\"potentialAction\":[{\"@type\":\"SearchAction\",\"target\":{\"@type\":\"EntryPoint\",\"urlTemplate\":\"http:\/\/www.frederic-poitou.com\/blog\/?s={search_term_string}\"},\"query-input\":{\"@type\":\"PropertyValueSpecification\",\"valueRequired\":true,\"valueName\":\"search_term_string\"}}],\"inLanguage\":\"fr-FR\"},{\"@type\":\"Person\",\"@id\":\"http:\/\/www.frederic-poitou.com\/blog\/#\/schema\/person\/e2c2d05e978747818533fdce859a7799\",\"name\":\"Fr\u00e9d\u00e9ric Poitou\",\"image\":{\"@type\":\"ImageObject\",\"inLanguage\":\"fr-FR\",\"@id\":\"http:\/\/www.frederic-poitou.com\/blog\/#\/schema\/person\/image\/\",\"url\":\"https:\/\/secure.gravatar.com\/avatar\/1933bcca279a2feafd35d9e0a080c521e11beb51115fe4cfe02e2586ac13424a?s=96&d=mm&r=g\",\"contentUrl\":\"https:\/\/secure.gravatar.com\/avatar\/1933bcca279a2feafd35d9e0a080c521e11beb51115fe4cfe02e2586ac13424a?s=96&d=mm&r=g\",\"caption\":\"Fr\u00e9d\u00e9ric Poitou\"},\"description\":\"Fr\u00e9d\u00e9ric Poitou est n\u00e9 \u00e0 Rouen, et y a fait des \u00e9tudes au Conservatoire en musique-\u00e9tudes en section piano. Il s'est ensuite orient\u00e9 vers des \u00e9tudes scientifiques o\u00f9 il a obtenu un dipl\u00f4me d'ing\u00e9nieur, puis un doctorat en Chimie. Il est Expert Judiciaire en France, en Belgique et \u00e0 Luxembourg, et agr\u00e9e par les Institutions Europ\u00e9ennes.\",\"sameAs\":[\"http:\/\/www.frederic-poitou.com\",\"https:\/\/www.linkedin.com\/in\/frederic-poitou-b045a025\/\"]}]}<\/script>\n<!-- \/ Yoast SEO plugin. -->","yoast_head_json":{"title":"VOICI UNE TRES BELLE PROPOSITION -","robots":{"index":"index","follow":"follow","max-snippet":"max-snippet:-1","max-image-preview":"max-image-preview:large","max-video-preview":"max-video-preview:-1"},"canonical":"https:\/\/www.frederic-poitou.com\/blog\/voila-une-tres-belle-proposition\/","og_locale":"fr_FR","og_type":"article","og_title":"VOICI UNE TRES BELLE PROPOSITION -","og_description":"Bien que difficile \u00e0 mettre en oeuvre, voire un peu utopiste, Teemour Manbety a lanc\u00e9 sur (l&rsquo;excellent) blog de BHL, une id\u00e9e qui me plait, et qui sent bon l&rsquo;inter-culturel, le lien de notre mod\u00e8le de d\u00e9veloppement soci\u00e9tal. Je le &hellip; Lire la suite\u00ad\u00ad","og_url":"https:\/\/www.frederic-poitou.com\/blog\/voila-une-tres-belle-proposition\/","article_publisher":"https:\/\/www.facebook.com\/frederic.poitou\/","article_published_time":"2023-07-14T00:41:32+00:00","article_modified_time":"2026-04-15T06:00:22+00:00","author":"Fr\u00e9d\u00e9ric Poitou","twitter_card":"summary_large_image","twitter_creator":"@fredericpoitou","twitter_site":"@fredericpoitou","twitter_misc":{"\u00c9crit par":"Fr\u00e9d\u00e9ric Poitou","Dur\u00e9e de lecture estim\u00e9e":"2 minutes"},"schema":{"@context":"https:\/\/schema.org","@graph":[{"@type":"Article","@id":"https:\/\/www.frederic-poitou.com\/blog\/voila-une-tres-belle-proposition\/#article","isPartOf":{"@id":"https:\/\/www.frederic-poitou.com\/blog\/voila-une-tres-belle-proposition\/"},"author":{"name":"Fr\u00e9d\u00e9ric Poitou","@id":"http:\/\/www.frederic-poitou.com\/blog\/#\/schema\/person\/e2c2d05e978747818533fdce859a7799"},"headline":"VOICI UNE TRES BELLE PROPOSITION","datePublished":"2023-07-14T00:41:32+00:00","dateModified":"2026-04-15T06:00:22+00:00","mainEntityOfPage":{"@id":"https:\/\/www.frederic-poitou.com\/blog\/voila-une-tres-belle-proposition\/"},"wordCount":450,"commentCount":0,"keywords":["Actualit\u00e9","La\u00efcit\u00e9","PARTI RADICAL","Politique"],"articleSection":["Accueil"],"inLanguage":"fr-FR","potentialAction":[{"@type":"CommentAction","name":"Comment","target":["https:\/\/www.frederic-poitou.com\/blog\/voila-une-tres-belle-proposition\/#respond"]}]},{"@type":"WebPage","@id":"https:\/\/www.frederic-poitou.com\/blog\/voila-une-tres-belle-proposition\/","url":"https:\/\/www.frederic-poitou.com\/blog\/voila-une-tres-belle-proposition\/","name":"VOICI UNE TRES BELLE PROPOSITION -","isPartOf":{"@id":"http:\/\/www.frederic-poitou.com\/blog\/#website"},"datePublished":"2023-07-14T00:41:32+00:00","dateModified":"2026-04-15T06:00:22+00:00","author":{"@id":"http:\/\/www.frederic-poitou.com\/blog\/#\/schema\/person\/e2c2d05e978747818533fdce859a7799"},"breadcrumb":{"@id":"https:\/\/www.frederic-poitou.com\/blog\/voila-une-tres-belle-proposition\/#breadcrumb"},"inLanguage":"fr-FR","potentialAction":[{"@type":"ReadAction","target":["https:\/\/www.frederic-poitou.com\/blog\/voila-une-tres-belle-proposition\/"]}]},{"@type":"BreadcrumbList","@id":"https:\/\/www.frederic-poitou.com\/blog\/voila-une-tres-belle-proposition\/#breadcrumb","itemListElement":[{"@type":"ListItem","position":1,"name":"Accueil","item":"http:\/\/www.frederic-poitou.com\/blog\/"},{"@type":"ListItem","position":2,"name":"VOICI UNE TRES BELLE PROPOSITION"}]},{"@type":"WebSite","@id":"http:\/\/www.frederic-poitou.com\/blog\/#website","url":"http:\/\/www.frederic-poitou.com\/blog\/","name":"","description":"","potentialAction":[{"@type":"SearchAction","target":{"@type":"EntryPoint","urlTemplate":"http:\/\/www.frederic-poitou.com\/blog\/?s={search_term_string}"},"query-input":{"@type":"PropertyValueSpecification","valueRequired":true,"valueName":"search_term_string"}}],"inLanguage":"fr-FR"},{"@type":"Person","@id":"http:\/\/www.frederic-poitou.com\/blog\/#\/schema\/person\/e2c2d05e978747818533fdce859a7799","name":"Fr\u00e9d\u00e9ric Poitou","image":{"@type":"ImageObject","inLanguage":"fr-FR","@id":"http:\/\/www.frederic-poitou.com\/blog\/#\/schema\/person\/image\/","url":"https:\/\/secure.gravatar.com\/avatar\/1933bcca279a2feafd35d9e0a080c521e11beb51115fe4cfe02e2586ac13424a?s=96&d=mm&r=g","contentUrl":"https:\/\/secure.gravatar.com\/avatar\/1933bcca279a2feafd35d9e0a080c521e11beb51115fe4cfe02e2586ac13424a?s=96&d=mm&r=g","caption":"Fr\u00e9d\u00e9ric Poitou"},"description":"Fr\u00e9d\u00e9ric Poitou est n\u00e9 \u00e0 Rouen, et y a fait des \u00e9tudes au Conservatoire en musique-\u00e9tudes en section piano. Il s'est ensuite orient\u00e9 vers des \u00e9tudes scientifiques o\u00f9 il a obtenu un dipl\u00f4me d'ing\u00e9nieur, puis un doctorat en Chimie. Il est Expert Judiciaire en France, en Belgique et \u00e0 Luxembourg, et agr\u00e9e par les Institutions Europ\u00e9ennes.","sameAs":["http:\/\/www.frederic-poitou.com","https:\/\/www.linkedin.com\/in\/frederic-poitou-b045a025\/"]}]}},"_links":{"self":[{"href":"https:\/\/www.frederic-poitou.com\/blog\/wp-json\/wp\/v2\/posts\/6061","targetHints":{"allow":["GET"]}}],"collection":[{"href":"https:\/\/www.frederic-poitou.com\/blog\/wp-json\/wp\/v2\/posts"}],"about":[{"href":"https:\/\/www.frederic-poitou.com\/blog\/wp-json\/wp\/v2\/types\/post"}],"author":[{"embeddable":true,"href":"https:\/\/www.frederic-poitou.com\/blog\/wp-json\/wp\/v2\/users\/4"}],"replies":[{"embeddable":true,"href":"https:\/\/www.frederic-poitou.com\/blog\/wp-json\/wp\/v2\/comments?post=6061"}],"version-history":[{"count":1,"href":"https:\/\/www.frederic-poitou.com\/blog\/wp-json\/wp\/v2\/posts\/6061\/revisions"}],"predecessor-version":[{"id":10270,"href":"https:\/\/www.frederic-poitou.com\/blog\/wp-json\/wp\/v2\/posts\/6061\/revisions\/10270"}],"wp:attachment":[{"href":"https:\/\/www.frederic-poitou.com\/blog\/wp-json\/wp\/v2\/media?parent=6061"}],"wp:term":[{"taxonomy":"category","embeddable":true,"href":"https:\/\/www.frederic-poitou.com\/blog\/wp-json\/wp\/v2\/categories?post=6061"},{"taxonomy":"post_tag","embeddable":true,"href":"https:\/\/www.frederic-poitou.com\/blog\/wp-json\/wp\/v2\/tags?post=6061"}],"curies":[{"name":"wp","href":"https:\/\/api.w.org\/{rel}","templated":true}]}}